{"id":1689,"date":"2026-04-24T21:03:46","date_gmt":"2026-04-24T19:03:46","guid":{"rendered":"https:\/\/www.tribunal-nature.org\/blog\/avocat-agadir-approuve-deux-nouveaux-plans-damenagement-medias24\/"},"modified":"2026-04-24T21:03:46","modified_gmt":"2026-04-24T19:03:46","slug":"avocat-agadir-approuve-deux-nouveaux-plans-damenagement-medias24","status":"publish","type":"post","link":"https:\/\/www.tribunal-nature.org\/blog\/avocat-agadir-approuve-deux-nouveaux-plans-damenagement-medias24\/","title":{"rendered":"Avocat; Agadir approuve deux nouveaux plans d\u2019am\u00e9nagement \u2013 M\u00e9dias24"},"content":{"rendered":"<div><img width=\"750\" height=\"500\" src=\"https:\/\/www.tribunal-nature.org\/blog\/wp-content\/uploads\/2026\/04\/Avocat-Agadir-approuve-deux-nouveaux-plans-damenagement-Medias24.jpg\" class=\"attachment-large size-large wp-post-image\" alt=\"\" style=\"width:100%;height:66.63%;max-width:800px;float:left; margin:0 15px 15px 0;\" decoding=\"async\" loading=\"lazy\" srcset=\"https:\/\/www.tribunal-nature.org\/blog\/wp-content\/uploads\/2026\/04\/Avocat-Agadir-approuve-deux-nouveaux-plans-damenagement-Medias24.jpg 800w, https:\/\/www.site.cdcl.xyz\/wp-content\/uploads\/2026\/04\/Avocat-Agadir-approuve-deux-nouveaux-plans-damenagement-Medias24-300x200.jpg 300w, https:\/\/www.site.cdcl.xyz\/wp-content\/uploads\/2026\/04\/Avocat-Agadir-approuve-deux-nouveaux-plans-damenagement-Medias24-768x512.jpg 768w\" sizes=\"auto, (max-width: 750px) 100vw, 750px\"><\/p>\n<p>\nUn article a \u00e9t\u00e9 r\u00e9cemment publi\u00e9 sous le nom de \u00ab\u00a0Agadir approuve deux nouveaux plans d\u2019am\u00e9nagement \u2013 M\u00e9dias24\u00a0\u00bb. <\/p>\n<p style=\"font-size: 18pt !important\" data-first=\"L\">\n\t\tLe minist\u00e8re de l\u2019Am\u00e9nagement du territoire national, de l\u2019urbanisme, de l\u2019habitat et de la politique de la ville a r\u00e9cemment approuv\u00e9 deux plans d\u2019am\u00e9nagement relatifs \u00e0 la zone d\u2019Agadir Nord et au nouveau p\u00f4le urbain de la Cit\u00e9 de la sant\u00e9, des sports et de l\u2019urbanit\u00e9.\n\t<\/p>\n<div>\n<div>\n\t\t\t<span class=\"h5 font-stagB d-block my-2\" id=\"auteurar\"> Par<br \/>\n                        Amine Bouwafoud<br \/>\n            <\/span><\/p>\n<p>\n    <span>Le 24 avril 2026 \u00e0 15h23<\/span><br \/>\n        <span class=\"px-2 fw-bold\">|<\/span><br \/>\n    <span>Modifi\u00e9 24 avril 2026 \u00e0<br \/>\n        15h33<br \/>\n    <\/span>\n    <\/p>\n<\/div>\n<\/div>\n<div id=\"postContent\">\n<p>La <strong>ville d\u2019Agadir<\/strong> s\u2019est dot\u00e9e de deux nouveaux <strong>plans d\u2019am\u00e9nagement<\/strong> couvrant des zones strat\u00e9giques.<\/p>\n<p>Paru dans le <strong>Bulletin officiel n\u1d52 7500 du 16 avril 2026<\/strong>, le premier d\u00e9cret concerne l\u2019am\u00e9nagement de la<strong> Cit\u00e9 de la sant\u00e9, des sports et de l\u2019urbanit\u00e9<\/strong>, tandis que le second porte sur celui de la zone d\u2019Agadir Nord.<\/p>\n<p>Ces nouveaux plans valent \u00e9galement d\u00e9claration d\u2019utilit\u00e9 publique pour les expropriations n\u00e9cessaires \u00e0 la r\u00e9alisation des \u00e9quipements pr\u00e9vus dans ces nouveaux documents, conform\u00e9ment \u00e0 <strong>l\u2019article 28 de la loi 12-90 relative \u00e0 l\u2019urbanisme.<\/strong><\/p>\n<p>En ce qui concerne l\u2019am\u00e9nagement urbain autour du <strong>Grand Stade d\u2019Agadir<\/strong>, le nouveau document modifie l\u2019ancien plan <strong>adopt\u00e9 le 23 f\u00e9vrier 2022 relatif \u00e0 la cr\u00e9ation d\u2019un nouveau p\u00f4le urbain au nord-est de la ville \u00e0 triple vocation : sant\u00e9, sports et urbanit\u00e9<\/strong>.<\/p>\n<p>L\u2019adoption de cette nouvelle version a \u00e9t\u00e9 pr\u00e9c\u00e9d\u00e9e par une <strong>enqu\u00eate publique men\u00e9e du 9 juin au 11 juillet 2025<\/strong>, par son adoption par le conseil de la commune d\u2019Agadir lors de sa session extraordinaire le 22 juillet 2025, ainsi que par l\u2019examen des oppositions du public et des propositions du conseil, le 25 novembre 2025.<\/p>\n<p>Le second document porte sur l\u2019am\u00e9nagement de la <strong>zone d\u2019Agadir Nord<\/strong>, venant ainsi compl\u00e9ter le dispositif urbanistique de <strong>la capitale du Souss<\/strong>. Pour rappel, le <strong>plan d\u2019am\u00e9nagement d\u2019Agadir Sud<\/strong> avait, quant \u00e0 lui, \u00e9t\u00e9 homologu\u00e9 en <strong>f\u00e9vrier 2026<\/strong>.<\/p>\n<p>Toutefois, le plan d\u2019am\u00e9nagement sectoriel des zones du patrimoine urbain et de la zone touristique et de loisirs d\u2019Agadir, approuv\u00e9 le 6 octobre 2022, demeure en vigueur, \u00e0 <strong>l\u2019exception de la partie relative \u00e0 l\u2019ancien quartier industriel<\/strong>, d\u00e9sormais int\u00e9gr\u00e9e dans le <strong>nouveau plan d\u2019am\u00e9nagement d\u2019Agadir Nord<\/strong> approuv\u00e9 en vertu de ce nouveau d\u00e9cret.<\/p>\n<p>De m\u00eame, le processus d\u2019approbation a suivi son circuit normal, avec l\u2019enqu\u00eate publique men\u00e9e dans la commune d\u2019Agadir du 26 ao\u00fbt au 26 septembre 2025, l\u2019avis du conseil de la commune d\u2019Agadir lors de sa session ordinaire tenue le<strong> 6 octobre 2025<\/strong>, ainsi que l\u2019examen des oppositions du public et des propositions du conseil, tenue le <strong>11 d\u00e9cembre 2025.<\/strong><\/p>\n<div class=\"my-3 px-0 py-0 border border-1 border-dark rounded text-center rounded-3\">\n<p>    <img width=\"1432\" height=\"814\" decoding=\"async\" src=\"data:image\/svg+xml,%3Csvg%20xmlns=\" http:=\"\" class=\"my-0 mx-0 rounded-3 img-fluid\" title=\"M\u00e9dias24 - Journal \u00e9conomique marocain en ligne\" alt=\"M\u00e9dias24 - Journal \u00e9conomique marocain en ligne\" style=\"max-width: 100%; height: auto;\" data-lazy-src=\"https:\/\/www.tribunal-nature.org\/blog\/wp-content\/uploads\/2026\/04\/Avocat-Agadir-approuve-deux-nouveaux-plans-damenagement-Medias24webp.webp\"><img width=\"1432\" height=\"814\" decoding=\"async\" src=\"https:\/\/www.tribunal-nature.org\/blog\/wp-content\/uploads\/2026\/04\/Avocat-Agadir-approuve-deux-nouveaux-plans-damenagement-Medias24webp.webp\" class=\"my-0 mx-0 rounded-3 img-fluid\" title=\"M\u00e9dias24 - Journal \u00e9conomique marocain en ligne\" alt=\"M\u00e9dias24 - Journal \u00e9conomique marocain en ligne\" style=\"max-width: 100%; height: auto;\"><\/p>\n<\/div>\n<div class=\"my-3 px-0 py-0 border border-1 border-dark rounded text-center rounded-3\">\n<p>            Vous avez un projet immobilier en vue ? Yakeey &amp; M\u00e9dias24 vous aident \u00e0 le concr\u00e9tiser!<\/p>\n<\/div>\n<div class=\"my-3 px-4 py-3 text-center rounded-3 position-relative overflow-hidden border border-1 border-dark\" style=\"box-shadow: 0 3px 6px 0 #d6d6d6; background-color: #f0f0f0; color: #666\">\n    <span class=\"h2 fw-bold d-block text-dark\">Si vous voulez que l\u2019information se rapproche de vous<\/span><\/p>\n<p>        Suivez la cha\u00eene M\u00e9dias24 sur WhatsApp<\/p>\n<\/div>\n<p>\n    \u00a9 M\u00e9dias24. Toute reproduction interdite, sous quelque forme que ce soit, sauf autorisation \u00e9crite de la Soci\u00e9t\u00e9 des Nouveaux M\u00e9dias. Ce contenu est prot\u00e9g\u00e9 par la loi et notamment loi 88-13 relative \u00e0 la presse et l\u2019\u00e9dition ainsi que les lois 66.19 et 2-00 relatives aux droits d\u2019auteur et droits voisins.\n<\/p>\n<\/div>\n<h2>Questions courantes pour ceux qui envisagent de faire appel \u00e0 un avocat en droit p\u00e9nal<\/h2>\n<h3>Comment d\u00e9terminer le bon avocat sp\u00e9cialis\u00e9 en droit p\u00e9nal ?<\/h3>\n<p>Pour rechercher un avocat ayant d\u00e9j\u00e0 g\u00e9r\u00e9 des cas similaires \u00e0 votre situation, <a target=\"_blank\" rel=\"nofollow\" href=\"https:\/\/www.tribunal-nature.org\/blog\/goto\/https:\/\/www.courtier-avocat-strategie-tribunal-judiciaire.fr\/avocat-penal\/\"  rel=\"noopener noreferrer\" target=\"blank\">vous pouvez b\u00e9n\u00e9ficier de ce service de courtier<\/a>.<\/p>\n<p>Pour s\u00e9lectionner un avocat sp\u00e9cialis\u00e9 en droit p\u00e9nal, il est essentiel de respecter certaines \u00e9tapes fondamentales. En premier lieu, v\u00e9rifiez les comp\u00e9tences de l\u2019avocat en vous assurant qu\u2019il a une exp\u00e9rience notable dans le domaine de le droit p\u00e9nal et qu\u2019il est affili\u00e9 \u00e0 un cabinet reconnu, ce qui prouve sa fiabilit\u00e9. Ensuite, renseignez-vous sur les avis en cherchant des t\u00e9moignages de clients ant\u00e9rieurs pour juger de la qualit\u00e9 du service et du niveau de satisfaction. Il est recommand\u00e9 de rencontrer divers avocats en organisant des consultations pour discuter de votre projet, ce qui vous aidera \u00e0 juger de la compr\u00e9hension et de l\u2019approche de chacun. Pour conclure, n\u2019oubliez pas de discuter des honoraires en vous renseignant sur les tarifs et les modalit\u00e9s de paiement, car certains avocats peuvent proposer des consultations gratuites pour \u00e9valuer votre situation, ce qui peut \u00eatre une bonne premi\u00e8re \u00e9tape.<\/p>\n<h3>Quels \u00e9l\u00e9ments consid\u00e9rer pour choisir un avocat en droit p\u00e9nal ?<\/h3>\n<p>Dans le processus de s\u00e9lection d\u2019un avocat en droit p\u00e9nal, il est crucial de tenir compte de plusieurs \u00e9l\u00e9ments importants. Tout d\u2019abord, il est crucial de v\u00e9rifier les comp\u00e9tences de l\u2019avocat, en vous assurant qu\u2019il poss\u00e8de des sp\u00e9cialisations et une exp\u00e9rience ad\u00e9quate en droit p\u00e9nal. Cela vous garantira qu\u2019il est \u00e0 jour sur les lois et r\u00e8glements en vigueur. Ensuite, il est important de vous renseigner sur les honoraires, en v\u00e9rifiant les tarifs et les modalit\u00e9s de paiement, car certains avocats peuvent proposer des consultations gratuites, ce qui peut \u00eatre un atout. Enfin, jetez un \u0153il aux avis des clients pour \u00e9valuer la qualit\u00e9 du service, en consid\u00e9rant les t\u00e9moignages et les \u00e9valuations d\u2019anciens clients pour vous faire une id\u00e9e pr\u00e9cise de la r\u00e9putation de l\u2019avocat.<\/p>\n<h3>Que faire si je ne suis pas capable de saisir les implications juridiques de ma situation ?<\/h3>\n<p>Se sentir perdu devant des enjeux juridiques difficiles est une r\u00e9action normale et compr\u00e9hensible. N\u2019h\u00e9sitez pas \u00e0 demander des clarifications lors de votre consultation. Un bon avocat veillera \u00e0 vous exposer les cons\u00e9quences de votre situation de mani\u00e8re limpide et facile \u00e0 comprendre.<\/p>\n<h3>Quelles sont les m\u00e9thodes pour poser des questions \u00e0 un avocat en ligne ?<\/h3>\n<p>Vous pouvez poser des questions \u00e0 travers des plateformes de consultation juridique en ligne, par e-mail, ou lors de votre entretien. Veillez \u00e0 poser vos questions de fa\u00e7on pr\u00e9cise afin d\u2019obtenir des r\u00e9ponses nettes.<\/p>\n<\/p>\n<h3>Quels \u00e9l\u00e9ments doivent \u00eatre pris en compte pour juger un avocat en droit p\u00e9nal ?<\/h3>\n<p>Un avocat en droit p\u00e9nal est pr\u00e9sent dans divers champs d\u2019action :<\/p>\n<ul>\n<li>Conseil sur les droits des victimes ;\n<\/li>\n<li>D\u00e9fense dans des affaires de violence domestique ;\n<\/li>\n<li>Assistance dans des affaires de blanchiment d\u2019argent ;\n<\/li>\n<li>Repr\u00e9sentation lors de proc\u00e9dures de mise en libert\u00e9 conditionnelle ;\n<\/li>\n<li>Assistance dans des affaires de non-respect des conditions de probation.<\/li>\n<\/ul>\n<p>La satisfaction d\u2019un avocat n\u2019est jamais garantie, mais voici les points \u00e0 v\u00e9rifier pour att\u00e9nuer les risques. Tout d\u2019abord, examinez les qualifications de l\u2019avocat en vous assurant qu\u2019il a une exp\u00e9rience solide dans le domaine de le droit p\u00e9nal et qu\u2019il fait partie d\u2019un cabinet r\u00e9put\u00e9, ce qui atteste de sa cr\u00e9dibilit\u00e9. Ensuite, v\u00e9rifiez les avis en cherchant des t\u00e9moignages de clients ant\u00e9rieurs pour \u00e9valuer la qualit\u00e9 du service et le niveau de satisfaction. Il est conseill\u00e9 de rencontrer diff\u00e9rents avocats en programmant des consultations pour discuter de votre projet, ce qui vous donnera l\u2019occasion d\u2019\u00e9valuer la compr\u00e9hension et l\u2019approche de chacun. Enfin, pensez \u00e0 aborder la question des honoraires en vous renseignant sur les tarifs et les modalit\u00e9s de paiement, car certains avocats offrent des consultations gratuites pour analyser votre situation, ce qui peut \u00eatre un bon point de d\u00e9part.<\/p>\n<\/p>\n<h3>Quels sont les avantages d\u2019une consultation en ligne par rapport \u00e0 une rencontre en personne ?<\/h3>\n<p>Les avantages de la consultation en ligne sont nombreux et dignes d\u2019int\u00e9r\u00eat. D\u2019abord, elle offre une accessibilit\u00e9 am\u00e9lior\u00e9e, car il n\u2019est pas n\u00e9cessaire de se d\u00e9placer, ce qui est particuli\u00e8rement b\u00e9n\u00e9fique pour les personnes ayant un emploi du temps charg\u00e9 ou vivant loin des avocats. De plus, la flexibilit\u00e9 est un avantage consid\u00e9rable, vous permettant de choisir des horaires qui correspondent mieux \u00e0 votre emploi du temps, rendant le processus plus conforme \u00e0 vos attentes. Le confort est primordial, car il vous permet d\u2019aborder vos pr\u00e9occupations juridiques dans un environnement qui vous rassure, ce qui peut all\u00e9ger le stress et favoriser une communication efficace avec votre avocat.<\/p>\n<h3>Quelles alternatives de consultation sans co\u00fbt sont disponibles ?<\/h3>\n<p>Plusieurs avocats mettent \u00e0 disposition des consultations gratuites pour \u00e9valuer votre situation initiale. Cela vous offre la possibilit\u00e9 d\u2019\u00e9valuer si l\u2019avocat est le bon choix pour vous sans co\u00fbt initial. Consultez les plateformes en ligne qui proposent ces consultations.<\/p>\n<\/p>\n<p><strong>Ce sujet vous a captiv\u00e9 vous appr\u00e9cierez aussi ces parutions:<\/strong><\/p>\n<p>Ces magistrats qui tuent la justice,<a target=\"_blank\" rel=\"nofollow\" href=\"https:\/\/www.tribunal-nature.org\/blog\/goto\/https:\/\/www.kobo.com\/fr\/fr\/ebook\/ces-magistrats-qui-tuent-la-justice-1\"  rel=\"noopener noreferrer nofollow\" target=\"_blank\">Le livre <\/a><span><\/span>. Ouvrage de r\u00e9f\u00e9rence.Justice,<a target=\"_blank\" rel=\"nofollow\" href=\"https:\/\/www.tribunal-nature.org\/blog\/goto\/https:\/\/www.kobo.com\/fr\/fr\/ebook\/justice-105\"  rel=\"noopener noreferrer nofollow\" target=\"_blank\">Le livre <\/a><span><\/span>. Disponible dans toutes les bonnes librairies.Manuel de proc\u00e9dure p\u00e9nale,<a target=\"_blank\" rel=\"nofollow\" href=\"https:\/\/www.tribunal-nature.org\/blog\/goto\/https:\/\/booknode.com\/manuel_de_procedure_penale_040141\"  rel=\"noopener noreferrer nofollow\" target=\"_blank\">Le livre <\/a><span><\/span>.<\/p>\n<\/p>\n<h3>Les b\u00e9n\u00e9fices de consulter un avocat en droit p\u00e9nal sur internet<\/h3>\n<p>La consultation d\u2019un avocat en droit p\u00e9nal en ligne permet d\u2019acc\u00e9der \u00e0 des conseils juridiques de mani\u00e8re rapide et sans d\u00e9placement. C\u2019est particuli\u00e8rement avantageux pour ceux qui ont des horaires charg\u00e9s ou qui vivent dans des zones isol\u00e9es. Les consultations en ligne permettent de poser des interrogations sp\u00e9cifiques et d\u2019obtenir des r\u00e9ponses sur mesure pour votre contexte.<\/p>\n<p><strong>Analyse des avocats en ligne :<\/strong><\/p>\n<table border=\"1\" cellpadding=\"7\" cellspacing=\"0\">\n<thead>\n<tr>\n<th>Nom du service\n<\/th>\n<th>M\u00e9canisme de fonctionnement\n<\/th>\n<th>Prix appliqu\u00e9s\n<\/th>\n<th>Gains\n<\/th>\n<th>Limites\n<\/th>\n<\/tr>\n<\/thead>\n<tbody>\n<tr>\n<td>CASTJ\n<\/td>\n<td>Service sans frais \u2014 synergie humaine et IA pour une premi\u00e8re consultation juridique\n<\/td>\n<td>Sans frais\n<\/td>\n<td>Aide instantan\u00e9e, mix IA et expert juridique\n<\/td>\n<td>Service en forte \u00e9volution qui offre un accompagnement complet dans le processus l\u00e9gal\n<\/td>\n<\/tr>\n<tr>\n<td>Juri-Legal\n<\/td>\n<td>Entretien avec un avocat (par t\u00e9l\u00e9phone, chat, vid\u00e9o) \u2014 facturation \u00e0 la minute\n<\/td>\n<td>Tarif fluctuant selon l\u2019avocat (co\u00fbt \u00e0 la minute)\n<\/td>\n<td>Libert\u00e9 : choix de l\u2019avocat, paiement selon le temps r\u00e9ellement engag\u00e9\n<\/td>\n<td>Site en recul : faible nombre d\u2019avocats en ligne, options principalement d\u00e9monstratives\n<\/td>\n<\/tr>\n<tr>\n<td>Juste un Renseignement\n<\/td>\n<td>Avocat ind\u00e9pendant \u2014 conseils instantan\u00e9s en ligne\n<\/td>\n<td>Offre d\u00e9couverte \u00e0 30 \u20ac ; puis 20 \u20ac pour 15 minutes ou 120 \u20ac par heure selon la prestation\n<\/td>\n<td>Adapt\u00e9 pour un accompagnement rapide et facilement accessible\n<\/td>\n<td>Conseils r\u00e9duits pour les affaires \u00e9labor\u00e9es\n<\/td>\n<\/tr>\n<tr>\n<td>VotreJuriste\n<\/td>\n<td>Site de d\u00e9veloppement commercial \u2014 r\u00e9servation de rendez-vous en ligne avec support op\u00e9rationnel\n<\/td>\n<td>75 \u20ac toutes taxes comprises (consultation t\u00e9l\u00e9phonique fix\u00e9e)\n<\/td>\n<td>Tarif indiqu\u00e9, r\u00e9servation sur internet\n<\/td>\n<td>Structure floue : back office unique, informations d\u2019adresse et d\u2019organisation peu pr\u00e9cises\n<\/td>\n<\/tr>\n<tr>\n<td>Avocats-en-ligne\n<\/td>\n<td>Demande de consultation avec un avocat (r\u00e9ponse en ligne non imm\u00e9diate)\n<\/td>\n<td>Prix d\u2019appel : 39 \u20ac toutes taxes comprises pour une consultation d\u2019environ 20 minutes\n<\/td>\n<td>Prix d\u2019appel transparent, couverture vari\u00e9e de domaines\n<\/td>\n<td>R\u00e9ponse non instantan\u00e9e en ligne \u2014 besoin de planifier un rendez-vous\n<\/td>\n<\/tr>\n<tr>\n<td>Juriclic.net\n<\/td>\n<td>Planification de rendez-vous avec juristes\/avocats, plusieurs alternatives disponibles\n<\/td>\n<td>Formules disponibles : 25 \u20ac, 30 \u20ac ou 45 \u20ac selon la nature de la prestation\n<\/td>\n<td>Tarification avantageuse et formules diversifi\u00e9es\n<\/td>\n<td>R\u00e9ponse en ligne non instantan\u00e9e \u2014 consultations sur rendez-vous uniquement<\/td>\n<\/tr>\n<\/tbody>\n<\/table>\n<h3>Quel est le d\u00e9roulement d\u2019une consultation en ligne avec un avocat ?<\/h3>\n<p>En r\u00e8gle g\u00e9n\u00e9rale, une consultation en ligne se d\u00e9roule selon un sch\u00e9ma organis\u00e9 pour optimiser son efficacit\u00e9. Pour commencer, vous entamez le processus par la prise de rendez-vous, o\u00f9 vous choisissez l\u2019horaire qui vous arrange le plus. Au moment de la consultation, vous utilisez une plateforme de visioconf\u00e9rence ou le t\u00e9l\u00e9phone pour aborder votre situation avec l\u2019avocat. Au moment de la consultation, vous utilisez une plateforme de visioconf\u00e9rence ou le t\u00e9l\u00e9phone pour aborder votre situation avec l\u2019avocat. En fin de compte, un suivi est effectu\u00e9, au cours duquel l\u2019avocat vous donnera des conseils et des recommandations sur les \u00e9tapes \u00e0 suivre, vous permettant de poursuivre votre d\u00e9marche en toute s\u00e9r\u00e9nit\u00e9.<\/p>\n<\/div>\n","protected":false},"excerpt":{"rendered":"<p>Un article a \u00e9t\u00e9 r\u00e9cemment publi\u00e9 sous le nom de \u00ab\u00a0Agadir approuve deux nouveaux plans d\u2019am\u00e9nagement \u2013 M\u00e9dias24\u00a0\u00bb. Le minist\u00e8re&#8230;<\/p>\n","protected":false},"author":3,"featured_media":1690,"comment_status":"closed","ping_status":"closed","sticky":false,"template":"","format":"standard","meta":{"footnotes":""},"categories":[2],"tags":[],"class_list":["post-1689","post","type-post","status-publish","format-standard","has-post-thumbnail","hentry","category-droit-de-lenvironnement","wpcat-2-id"],"yoast_head":"<!-- This site is optimized with the Yoast SEO plugin v27.5 - https:\/\/yoast.com\/product\/yoast-seo-wordpress\/ -->\n<title>Avocat; Agadir approuve deux nouveaux plans d\u2019am\u00e9nagement \u2013 M\u00e9dias24 - TRIBUNAL-NATURE<\/title>\n<meta name=\"description\" content=\"Avocat; Agadir approuve deux nouveaux plans d\u2019am\u00e9nagement \u2013 M\u00e9dias24 article de TRIBUNAL-NATURE\" \/>\n<meta name=\"robots\" content=\"index, follow, max-snippet:-1, max-image-preview:large, max-video-preview:-1\" \/>\n<link rel=\"canonical\" href=\"https:\/\/www.tribunal-nature.org\/blog\/avocat-agadir-approuve-deux-nouveaux-plans-damenagement-medias24\/\" \/>\n<meta property=\"og:locale\" content=\"fr_FR\" \/>\n<meta property=\"og:type\" content=\"article\" \/>\n<meta property=\"og:title\" content=\"Avocat; Agadir approuve deux nouveaux plans d\u2019am\u00e9nagement \u2013 M\u00e9dias24 - TRIBUNAL-NATURE\" \/>\n<meta property=\"og:description\" content=\"Avocat; Agadir approuve deux nouveaux plans d\u2019am\u00e9nagement \u2013 M\u00e9dias24 article de TRIBUNAL-NATURE\" \/>\n<meta property=\"og:url\" content=\"https:\/\/www.tribunal-nature.org\/blog\/avocat-agadir-approuve-deux-nouveaux-plans-damenagement-medias24\/\" \/>\n<meta property=\"og:site_name\" content=\"TRIBUNAL-NATURE\" \/>\n<meta property=\"article:published_time\" content=\"2026-04-24T19:03:46+00:00\" \/>\n<meta property=\"og:image\" content=\"https:\/\/www.tribunal-nature.org\/blog\/wp-content\/uploads\/2026\/04\/Avocat-Agadir-approuve-deux-nouveaux-plans-damenagement-Medias24.jpg\" \/>\n<meta name=\"author\" content=\"Isabelle LOUBEAU\" \/>\n<meta name=\"twitter:card\" content=\"summary_large_image\" \/>\n<meta name=\"twitter:label1\" content=\"\u00c9crit par\" \/>\n\t<meta name=\"twitter:data1\" content=\"Isabelle LOUBEAU\" \/>\n\t<meta name=\"twitter:label2\" content=\"Dur\u00e9e de lecture estim\u00e9e\" \/>\n\t<meta name=\"twitter:data2\" content=\"10 minutes\" \/>\n<script type=\"application\/ld+json\" class=\"yoast-schema-graph\">{\"@context\":\"https:\\\/\\\/schema.org\",\"@graph\":[{\"@type\":\"Article\",\"@id\":\"https:\\\/\\\/www.tribunal-nature.org\\\/blog\\\/avocat-agadir-approuve-deux-nouveaux-plans-damenagement-medias24\\\/#article\",\"isPartOf\":{\"@id\":\"https:\\\/\\\/www.tribunal-nature.org\\\/blog\\\/avocat-agadir-approuve-deux-nouveaux-plans-damenagement-medias24\\\/\"},\"author\":{\"name\":\"Isabelle LOUBEAU\",\"@id\":\"https:\\\/\\\/www.tribunal-nature.org\\\/blog\\\/#\\\/schema\\\/person\\\/55761caf7544da6b05b60523f2a0855f\"},\"headline\":\"Avocat; Agadir approuve deux nouveaux plans d\u2019am\u00e9nagement \u2013 M\u00e9dias24\",\"datePublished\":\"2026-04-24T19:03:46+00:00\",\"mainEntityOfPage\":{\"@id\":\"https:\\\/\\\/www.tribunal-nature.org\\\/blog\\\/avocat-agadir-approuve-deux-nouveaux-plans-damenagement-medias24\\\/\"},\"wordCount\":1996,\"publisher\":{\"@id\":\"https:\\\/\\\/www.tribunal-nature.org\\\/blog\\\/#organization\"},\"image\":{\"@id\":\"https:\\\/\\\/www.tribunal-nature.org\\\/blog\\\/avocat-agadir-approuve-deux-nouveaux-plans-damenagement-medias24\\\/#primaryimage\"},\"thumbnailUrl\":\"https:\\\/\\\/www.tribunal-nature.org\\\/blog\\\/wp-content\\\/uploads\\\/2026\\\/04\\\/Avocat-Agadir-approuve-deux-nouveaux-plans-damenagement-Medias24.jpg\",\"articleSection\":[\"Droit De L'Environnement:\"],\"inLanguage\":\"fr-FR\"},{\"@type\":\"WebPage\",\"@id\":\"https:\\\/\\\/www.tribunal-nature.org\\\/blog\\\/avocat-agadir-approuve-deux-nouveaux-plans-damenagement-medias24\\\/\",\"url\":\"https:\\\/\\\/www.tribunal-nature.org\\\/blog\\\/avocat-agadir-approuve-deux-nouveaux-plans-damenagement-medias24\\\/\",\"name\":\"Avocat; Agadir approuve deux nouveaux plans d\u2019am\u00e9nagement \u2013 M\u00e9dias24 - TRIBUNAL-NATURE\",\"isPartOf\":{\"@id\":\"https:\\\/\\\/www.tribunal-nature.org\\\/blog\\\/#website\"},\"primaryImageOfPage\":{\"@id\":\"https:\\\/\\\/www.tribunal-nature.org\\\/blog\\\/avocat-agadir-approuve-deux-nouveaux-plans-damenagement-medias24\\\/#primaryimage\"},\"image\":{\"@id\":\"https:\\\/\\\/www.tribunal-nature.org\\\/blog\\\/avocat-agadir-approuve-deux-nouveaux-plans-damenagement-medias24\\\/#primaryimage\"},\"thumbnailUrl\":\"https:\\\/\\\/www.tribunal-nature.org\\\/blog\\\/wp-content\\\/uploads\\\/2026\\\/04\\\/Avocat-Agadir-approuve-deux-nouveaux-plans-damenagement-Medias24.jpg\",\"datePublished\":\"2026-04-24T19:03:46+00:00\",\"description\":\"Avocat; Agadir approuve deux nouveaux plans d\u2019am\u00e9nagement \u2013 M\u00e9dias24 article de TRIBUNAL-NATURE\",\"breadcrumb\":{\"@id\":\"https:\\\/\\\/www.tribunal-nature.org\\\/blog\\\/avocat-agadir-approuve-deux-nouveaux-plans-damenagement-medias24\\\/#breadcrumb\"},\"inLanguage\":\"fr-FR\",\"potentialAction\":[{\"@type\":\"ReadAction\",\"target\":[\"https:\\\/\\\/www.tribunal-nature.org\\\/blog\\\/avocat-agadir-approuve-deux-nouveaux-plans-damenagement-medias24\\\/\"]}]},{\"@type\":\"ImageObject\",\"inLanguage\":\"fr-FR\",\"@id\":\"https:\\\/\\\/www.tribunal-nature.org\\\/blog\\\/avocat-agadir-approuve-deux-nouveaux-plans-damenagement-medias24\\\/#primaryimage\",\"url\":\"https:\\\/\\\/www.tribunal-nature.org\\\/blog\\\/wp-content\\\/uploads\\\/2026\\\/04\\\/Avocat-Agadir-approuve-deux-nouveaux-plans-damenagement-Medias24.jpg\",\"contentUrl\":\"https:\\\/\\\/www.tribunal-nature.org\\\/blog\\\/wp-content\\\/uploads\\\/2026\\\/04\\\/Avocat-Agadir-approuve-deux-nouveaux-plans-damenagement-Medias24.jpg\",\"width\":800,\"height\":533,\"caption\":\"Avocat Agadir approuve deux nouveaux plans damenagement Medias24\"},{\"@type\":\"BreadcrumbList\",\"@id\":\"https:\\\/\\\/www.tribunal-nature.org\\\/blog\\\/avocat-agadir-approuve-deux-nouveaux-plans-damenagement-medias24\\\/#breadcrumb\",\"itemListElement\":[{\"@type\":\"ListItem\",\"position\":1,\"name\":\"Accueil\",\"item\":\"https:\\\/\\\/www.tribunal-nature.org\\\/blog\\\/\"},{\"@type\":\"ListItem\",\"position\":2,\"name\":\"Avocat; Agadir approuve deux nouveaux plans d\u2019am\u00e9nagement \u2013 M\u00e9dias24\"}]},{\"@type\":\"WebSite\",\"@id\":\"https:\\\/\\\/www.tribunal-nature.org\\\/blog\\\/#website\",\"url\":\"https:\\\/\\\/www.tribunal-nature.org\\\/blog\\\/\",\"name\":\"TRIBUNAL-NATURE\",\"description\":\"Droit De L&#039;Environnement.\",\"publisher\":{\"@id\":\"https:\\\/\\\/www.tribunal-nature.org\\\/blog\\\/#organization\"},\"potentialAction\":[{\"@type\":\"SearchAction\",\"target\":{\"@type\":\"EntryPoint\",\"urlTemplate\":\"https:\\\/\\\/www.tribunal-nature.org\\\/blog\\\/?s={search_term_string}\"},\"query-input\":{\"@type\":\"PropertyValueSpecification\",\"valueRequired\":true,\"valueName\":\"search_term_string\"}}],\"inLanguage\":\"fr-FR\"},{\"@type\":\"Organization\",\"@id\":\"https:\\\/\\\/www.tribunal-nature.org\\\/blog\\\/#organization\",\"name\":\"tribunal-nature\",\"url\":\"https:\\\/\\\/www.tribunal-nature.org\\\/blog\\\/\",\"logo\":{\"@type\":\"ImageObject\",\"inLanguage\":\"fr-FR\",\"@id\":\"https:\\\/\\\/www.tribunal-nature.org\\\/blog\\\/#\\\/schema\\\/logo\\\/image\\\/\",\"url\":\"https:\\\/\\\/www.tribunal-nature.org\\\/blog\\\/wp-content\\\/uploads\\\/2022\\\/05\\\/logo-2.png\",\"contentUrl\":\"https:\\\/\\\/www.tribunal-nature.org\\\/blog\\\/wp-content\\\/uploads\\\/2022\\\/05\\\/logo-2.png\",\"width\":180,\"height\":180,\"caption\":\"tribunal-nature\"},\"image\":{\"@id\":\"https:\\\/\\\/www.tribunal-nature.org\\\/blog\\\/#\\\/schema\\\/logo\\\/image\\\/\"}},{\"@type\":\"Person\",\"@id\":\"https:\\\/\\\/www.tribunal-nature.org\\\/blog\\\/#\\\/schema\\\/person\\\/55761caf7544da6b05b60523f2a0855f\",\"name\":\"Isabelle LOUBEAU\",\"image\":{\"@type\":\"ImageObject\",\"inLanguage\":\"fr-FR\",\"@id\":\"https:\\\/\\\/secure.gravatar.com\\\/avatar\\\/b6912620aca78633bf5d50400888815d3b38a1118e82b94050843f411f3f5972?s=96&d=mm&r=g\",\"url\":\"https:\\\/\\\/secure.gravatar.com\\\/avatar\\\/b6912620aca78633bf5d50400888815d3b38a1118e82b94050843f411f3f5972?s=96&d=mm&r=g\",\"contentUrl\":\"https:\\\/\\\/secure.gravatar.com\\\/avatar\\\/b6912620aca78633bf5d50400888815d3b38a1118e82b94050843f411f3f5972?s=96&d=mm&r=g\",\"caption\":\"Isabelle LOUBEAU\"},\"url\":\"https:\\\/\\\/www.tribunal-nature.org\\\/blog\\\/author\\\/ureisabelle\\\/\"}]}<\/script>\n<!-- \/ Yoast SEO plugin. -->","yoast_head_json":{"title":"Avocat; Agadir approuve deux nouveaux plans d\u2019am\u00e9nagement \u2013 M\u00e9dias24 - TRIBUNAL-NATURE","description":"Avocat; Agadir approuve deux nouveaux plans d\u2019am\u00e9nagement \u2013 M\u00e9dias24 article de TRIBUNAL-NATURE","robots":{"index":"index","follow":"follow","max-snippet":"max-snippet:-1","max-image-preview":"max-image-preview:large","max-video-preview":"max-video-preview:-1"},"canonical":"https:\/\/www.tribunal-nature.org\/blog\/avocat-agadir-approuve-deux-nouveaux-plans-damenagement-medias24\/","og_locale":"fr_FR","og_type":"article","og_title":"Avocat; Agadir approuve deux nouveaux plans d\u2019am\u00e9nagement \u2013 M\u00e9dias24 - TRIBUNAL-NATURE","og_description":"Avocat; Agadir approuve deux nouveaux plans d\u2019am\u00e9nagement \u2013 M\u00e9dias24 article de TRIBUNAL-NATURE","og_url":"https:\/\/www.tribunal-nature.org\/blog\/avocat-agadir-approuve-deux-nouveaux-plans-damenagement-medias24\/","og_site_name":"TRIBUNAL-NATURE","article_published_time":"2026-04-24T19:03:46+00:00","og_image":[{"url":"https:\/\/www.tribunal-nature.org\/blog\/wp-content\/uploads\/2026\/04\/Avocat-Agadir-approuve-deux-nouveaux-plans-damenagement-Medias24.jpg","type":"","width":"","height":""}],"author":"Isabelle LOUBEAU","twitter_card":"summary_large_image","twitter_misc":{"\u00c9crit par":"Isabelle LOUBEAU","Dur\u00e9e de lecture estim\u00e9e":"10 minutes"},"schema":{"@context":"https:\/\/schema.org","@graph":[{"@type":"Article","@id":"https:\/\/www.tribunal-nature.org\/blog\/avocat-agadir-approuve-deux-nouveaux-plans-damenagement-medias24\/#article","isPartOf":{"@id":"https:\/\/www.tribunal-nature.org\/blog\/avocat-agadir-approuve-deux-nouveaux-plans-damenagement-medias24\/"},"author":{"name":"Isabelle LOUBEAU","@id":"https:\/\/www.tribunal-nature.org\/blog\/#\/schema\/person\/55761caf7544da6b05b60523f2a0855f"},"headline":"Avocat; Agadir approuve deux nouveaux plans d\u2019am\u00e9nagement \u2013 M\u00e9dias24","datePublished":"2026-04-24T19:03:46+00:00","mainEntityOfPage":{"@id":"https:\/\/www.tribunal-nature.org\/blog\/avocat-agadir-approuve-deux-nouveaux-plans-damenagement-medias24\/"},"wordCount":1996,"publisher":{"@id":"https:\/\/www.tribunal-nature.org\/blog\/#organization"},"image":{"@id":"https:\/\/www.tribunal-nature.org\/blog\/avocat-agadir-approuve-deux-nouveaux-plans-damenagement-medias24\/#primaryimage"},"thumbnailUrl":"https:\/\/www.tribunal-nature.org\/blog\/wp-content\/uploads\/2026\/04\/Avocat-Agadir-approuve-deux-nouveaux-plans-damenagement-Medias24.jpg","articleSection":["Droit De L'Environnement:"],"inLanguage":"fr-FR"},{"@type":"WebPage","@id":"https:\/\/www.tribunal-nature.org\/blog\/avocat-agadir-approuve-deux-nouveaux-plans-damenagement-medias24\/","url":"https:\/\/www.tribunal-nature.org\/blog\/avocat-agadir-approuve-deux-nouveaux-plans-damenagement-medias24\/","name":"Avocat; Agadir approuve deux nouveaux plans d\u2019am\u00e9nagement \u2013 M\u00e9dias24 - TRIBUNAL-NATURE","isPartOf":{"@id":"https:\/\/www.tribunal-nature.org\/blog\/#website"},"primaryImageOfPage":{"@id":"https:\/\/www.tribunal-nature.org\/blog\/avocat-agadir-approuve-deux-nouveaux-plans-damenagement-medias24\/#primaryimage"},"image":{"@id":"https:\/\/www.tribunal-nature.org\/blog\/avocat-agadir-approuve-deux-nouveaux-plans-damenagement-medias24\/#primaryimage"},"thumbnailUrl":"https:\/\/www.tribunal-nature.org\/blog\/wp-content\/uploads\/2026\/04\/Avocat-Agadir-approuve-deux-nouveaux-plans-damenagement-Medias24.jpg","datePublished":"2026-04-24T19:03:46+00:00","description":"Avocat; Agadir approuve deux nouveaux plans d\u2019am\u00e9nagement \u2013 M\u00e9dias24 article de TRIBUNAL-NATURE","breadcrumb":{"@id":"https:\/\/www.tribunal-nature.org\/blog\/avocat-agadir-approuve-deux-nouveaux-plans-damenagement-medias24\/#breadcrumb"},"inLanguage":"fr-FR","potentialAction":[{"@type":"ReadAction","target":["https:\/\/www.tribunal-nature.org\/blog\/avocat-agadir-approuve-deux-nouveaux-plans-damenagement-medias24\/"]}]},{"@type":"ImageObject","inLanguage":"fr-FR","@id":"https:\/\/www.tribunal-nature.org\/blog\/avocat-agadir-approuve-deux-nouveaux-plans-damenagement-medias24\/#primaryimage","url":"https:\/\/www.tribunal-nature.org\/blog\/wp-content\/uploads\/2026\/04\/Avocat-Agadir-approuve-deux-nouveaux-plans-damenagement-Medias24.jpg","contentUrl":"https:\/\/www.tribunal-nature.org\/blog\/wp-content\/uploads\/2026\/04\/Avocat-Agadir-approuve-deux-nouveaux-plans-damenagement-Medias24.jpg","width":800,"height":533,"caption":"Avocat Agadir approuve deux nouveaux plans damenagement Medias24"},{"@type":"BreadcrumbList","@id":"https:\/\/www.tribunal-nature.org\/blog\/avocat-agadir-approuve-deux-nouveaux-plans-damenagement-medias24\/#breadcrumb","itemListElement":[{"@type":"ListItem","position":1,"name":"Accueil","item":"https:\/\/www.tribunal-nature.org\/blog\/"},{"@type":"ListItem","position":2,"name":"Avocat; Agadir approuve deux nouveaux plans d\u2019am\u00e9nagement \u2013 M\u00e9dias24"}]},{"@type":"WebSite","@id":"https:\/\/www.tribunal-nature.org\/blog\/#website","url":"https:\/\/www.tribunal-nature.org\/blog\/","name":"TRIBUNAL-NATURE","description":"Droit De L&#039;Environnement.","publisher":{"@id":"https:\/\/www.tribunal-nature.org\/blog\/#organization"},"potentialAction":[{"@type":"SearchAction","target":{"@type":"EntryPoint","urlTemplate":"https:\/\/www.tribunal-nature.org\/blog\/?s={search_term_string}"},"query-input":{"@type":"PropertyValueSpecification","valueRequired":true,"valueName":"search_term_string"}}],"inLanguage":"fr-FR"},{"@type":"Organization","@id":"https:\/\/www.tribunal-nature.org\/blog\/#organization","name":"tribunal-nature","url":"https:\/\/www.tribunal-nature.org\/blog\/","logo":{"@type":"ImageObject","inLanguage":"fr-FR","@id":"https:\/\/www.tribunal-nature.org\/blog\/#\/schema\/logo\/image\/","url":"https:\/\/www.tribunal-nature.org\/blog\/wp-content\/uploads\/2022\/05\/logo-2.png","contentUrl":"https:\/\/www.tribunal-nature.org\/blog\/wp-content\/uploads\/2022\/05\/logo-2.png","width":180,"height":180,"caption":"tribunal-nature"},"image":{"@id":"https:\/\/www.tribunal-nature.org\/blog\/#\/schema\/logo\/image\/"}},{"@type":"Person","@id":"https:\/\/www.tribunal-nature.org\/blog\/#\/schema\/person\/55761caf7544da6b05b60523f2a0855f","name":"Isabelle LOUBEAU","image":{"@type":"ImageObject","inLanguage":"fr-FR","@id":"https:\/\/secure.gravatar.com\/avatar\/b6912620aca78633bf5d50400888815d3b38a1118e82b94050843f411f3f5972?s=96&d=mm&r=g","url":"https:\/\/secure.gravatar.com\/avatar\/b6912620aca78633bf5d50400888815d3b38a1118e82b94050843f411f3f5972?s=96&d=mm&r=g","contentUrl":"https:\/\/secure.gravatar.com\/avatar\/b6912620aca78633bf5d50400888815d3b38a1118e82b94050843f411f3f5972?s=96&d=mm&r=g","caption":"Isabelle LOUBEAU"},"url":"https:\/\/www.tribunal-nature.org\/blog\/author\/ureisabelle\/"}]}},"_links":{"self":[{"href":"https:\/\/www.tribunal-nature.org\/blog\/wp-json\/wp\/v2\/posts\/1689","targetHints":{"allow":["GET"]}}],"collection":[{"href":"https:\/\/www.tribunal-nature.org\/blog\/wp-json\/wp\/v2\/posts"}],"about":[{"href":"https:\/\/www.tribunal-nature.org\/blog\/wp-json\/wp\/v2\/types\/post"}],"author":[{"embeddable":true,"href":"https:\/\/www.tribunal-nature.org\/blog\/wp-json\/wp\/v2\/users\/3"}],"replies":[{"embeddable":true,"href":"https:\/\/www.tribunal-nature.org\/blog\/wp-json\/wp\/v2\/comments?post=1689"}],"version-history":[{"count":0,"href":"https:\/\/www.tribunal-nature.org\/blog\/wp-json\/wp\/v2\/posts\/1689\/revisions"}],"wp:featuredmedia":[{"embeddable":true,"href":"https:\/\/www.tribunal-nature.org\/blog\/wp-json\/wp\/v2\/media\/1690"}],"wp:attachment":[{"href":"https:\/\/www.tribunal-nature.org\/blog\/wp-json\/wp\/v2\/media?parent=1689"}],"wp:term":[{"taxonomy":"category","embeddable":true,"href":"https:\/\/www.tribunal-nature.org\/blog\/wp-json\/wp\/v2\/categories?post=1689"},{"taxonomy":"post_tag","embeddable":true,"href":"https:\/\/www.tribunal-nature.org\/blog\/wp-json\/wp\/v2\/tags?post=1689"}],"curies":[{"name":"wp","href":"https:\/\/api.w.org\/{rel}","templated":true}]}}