{"id":1687,"date":"2026-04-24T15:09:33","date_gmt":"2026-04-24T13:09:33","guid":{"rendered":"https:\/\/www.tribunal-nature.org\/blog\/avocat-urbanisme-budget-lordre-du-jour-sera-charge-au-conseil\/"},"modified":"2026-04-24T15:09:33","modified_gmt":"2026-04-24T13:09:33","slug":"avocat-urbanisme-budget-lordre-du-jour-sera-charge-au-conseil","status":"publish","type":"post","link":"https:\/\/www.tribunal-nature.org\/blog\/avocat-urbanisme-budget-lordre-du-jour-sera-charge-au-conseil\/","title":{"rendered":"Avocat; Urbanisme, budget\u2026 l\u2019ordre du jour sera charg\u00e9 au conseil"},"content":{"rendered":"<div><img width=\"750\" height=\"422\" src=\"https:\/\/www.tribunal-nature.org\/blog\/wp-content\/uploads\/2026\/04\/Avocat-Urbanisme-budget-lordre-du-jour-sera-charge-au-conseil-1024x576-1.jpg\" class=\"attachment-large size-large wp-post-image\" alt=\"\" style=\"width:100%;height:56.25%;max-width:1200px;float:left; margin:0 15px 15px 0;\" decoding=\"async\" srcset=\"https:\/\/www.tribunal-nature.org\/blog\/wp-content\/uploads\/2026\/04\/Avocat-Urbanisme-budget-lordre-du-jour-sera-charge-au-conseil-1024x576-1.jpg 1024w, https:\/\/www.site.cdcl.xyz\/wp-content\/uploads\/2026\/04\/Avocat-Urbanisme-budget-lordre-du-jour-sera-charge-au-conseil-300x169.jpg 300w, https:\/\/www.site.cdcl.xyz\/wp-content\/uploads\/2026\/04\/Avocat-Urbanisme-budget-lordre-du-jour-sera-charge-au-conseil-768x432.jpg 768w, https:\/\/www.site.cdcl.xyz\/wp-content\/uploads\/2026\/04\/Avocat-Urbanisme-budget-lordre-du-jour-sera-charge-au-conseil.jpg 1200w\" sizes=\"(max-width: 750px) 100vw, 750px\"><\/p>\n<p>\nL\u2019article r\u00e9cemment publi\u00e9 a pour titre \u00ab\u00a0Urbanisme, budget\u2026 l\u2019ordre du jour sera charg\u00e9 au conseil\u00a0\u00bb. <\/p>\n<p>\n                                                                    <span class=\"article-full__chapo-label hide-on-small-only\">l\u2019essentiel<\/span><br \/>\n                                                                D\u00e9signations d\u2019\u00e9lus, urbanisme, vote du budget primitif et des taux de fiscalit\u00e9\u2026Ordre du jour charg\u00e9 pour les \u00e9lus municipaux !\n                            <\/p>\n<div rel=\"js-article-content\">\n                                                                                                                            <!-- Pub DFP Position [outstream] --><\/p>\n<p>Conseil municipal ce lundi 27 avril \u00e0 19h30 \u00e0 l\u2019espace Jos\u00e9phine Baker, sous la pr\u00e9sidence de G\u00e9rard Andr\u00e9, maire d\u2019Aucamville.<\/p>\n<p><!-- Pub DFP Position [article] --><\/p>\n<p><span class=\"txt-int\"> Volet \u00ab\u00a0Affaires g\u00e9n\u00e9rales, ressources et moyens\u00a0\u00bb<\/span><\/p>\n<p>Apr\u00e8s l\u2019approbation des proc\u00e8s-verbaux des conseils municipaux des 9 mars et 20 mars derniers, la r\u00e9union d\u00e9butera par les d\u00e9cisions prises par le maire<b> <\/b>dans le cadre de l\u2019article L 2122-22 du code g\u00e9n\u00e9ral des collectivit\u00e9s territoriales et l\u2019adoption du r\u00e8glement int\u00e9rieur du conseil municipal. Suivront des d\u00e9lib\u00e9rations sur la d\u00e9signation des d\u00e9l\u00e9gu\u00e9s au syndicat du bassin Hers-Girou et \u00e0 la commission communale des imp\u00f4ts directs. Les \u00e9lus se prononceront sur la d\u00e9signation d\u2019un \u00e9lu au conseil d\u2019administration de la Mission Locale, pour \u00eatre \u00ab\u00a0correspondant s\u00e9curit\u00e9 routi\u00e8re\u00a0\u00bb, \u00ab\u00a0correspondant d\u00e9fense\u00a0\u00bb, \u00ab\u00a0correspondant incendie et secours\u00a0\u00bb, de repr\u00e9sentant \u00e0 la F\u00e9d\u00e9ration Nationale des Collectivit\u00e9s territoriales pour la Culture (FNCC), de repr\u00e9sentants au comit\u00e9 de jumelages et au sein de la SPL RIN ZEFIL. Une d\u00e9lib\u00e9ration portera sur les indemnit\u00e9s de fonction des \u00e9lus, sur le transfert provisoire d\u2019un agent au sein des effectifs de la collectivit\u00e9 concernant une d\u00e9l\u00e9gation de service public et sur le passage \u00e0 temps complet du poste de R\u00e9f\u00e9rent Sant\u00e9 Accueil Inclusif du p\u00f4le famille. <\/p>\n<p><span class=\"txt-int\">Le vote des 4 taxes<\/span><\/p>\n<p>Le dossier \u00ab\u00a0Finances et march\u00e9s publics\u00a0\u00bb comprendra le vote du budget primitif 2026 et des taux de fiscalit\u00e9. <\/p>\n<p>Il sera aussi question de l\u2019actualisation des Autorisations de Programme et des Cr\u00e9dits de Paiement et d\u2019avenants relatifs au march\u00e9 de travaux relatif \u00e0 l\u2019extension et la r\u00e9novation de l\u2019h\u00f4tel de ville. <\/p>\n<h2 class=\"txt-int\">\u00ab\u00a0Urbanisme, am\u00e9nagement et environnement\u00a0\u00bb<\/h2>\n<p> Les \u00e9lus d\u00e9lib\u00e8reront sur une convention de servitudes pour les ouvrages souterrains pour les parcelles AH 52-48. Volet \u00ab\u00a0Culture, sports et vie associative\u00a0\u00bb. D\u00e9lib\u00e9ration sur l\u2019attribution d\u2019une subvention et sur la convention relative aux actions de soutien aux populations sinistr\u00e9es, \u00e0 l\u2019encadrement des b\u00e9n\u00e9voles spontan\u00e9s pour 2026 ainsi que sur la convention en vue du versement de la subvention. Une information sera donn\u00e9e sur la commission communale pour l\u2019accessibilit\u00e9 aux personnes handicap\u00e9es en vue de l\u2019arr\u00eat\u00e9 du maire d\u00e9signant les \u00e9lus municipaux si\u00e9geant \u00e0 cette commission.<\/p>\n<\/div>\n<h2>FAQ pour les personnes cherchant un avocat en droit p\u00e9nal<\/h2>\n<h3>Quelles sont les \u00e9tapes pour choisir un avocat en droit p\u00e9nal ?<\/h3>\n<p>Dans le but de trouver un avocat ayant une exp\u00e9rience pertinente dans des situations analogues \u00e0 la v\u00f4tre, <a target=\"_blank\" rel=\"nofollow\" href=\"https:\/\/www.tribunal-nature.org\/blog\/goto\/https:\/\/www.courtier-avocat-strategie-tribunal-judiciaire.fr\/avocat-penal\/\"  rel=\"noopener noreferrer\" target=\"blank\">vous avez la possibilit\u00e9 de faire appel \u00e0 ce service de courtier<\/a>.<\/p>\n<p>Pour choisir un avocat comp\u00e9tent en droit p\u00e9nal, il est important de respecter plusieurs \u00e9tapes cl\u00e9s. Tout d\u2019abord, examinez les qualifications de l\u2019avocat en vous assurant qu\u2019il a une exp\u00e9rience solide dans le domaine de le droit p\u00e9nal et qu\u2019il fait partie d\u2019un cabinet r\u00e9put\u00e9, ce qui atteste de sa cr\u00e9dibilit\u00e9. Par la suite, renseignez-vous sur les retours d\u2019exp\u00e9rience en recherchant des t\u00e9moignages de clients pr\u00e9c\u00e9dents afin d\u2019appr\u00e9cier la qualit\u00e9 du service et le taux de satisfaction. Il est conseill\u00e9 de rencontrer diff\u00e9rents avocats en programmant des consultations pour discuter de votre projet, ce qui vous donnera l\u2019occasion d\u2019\u00e9valuer la compr\u00e9hension et l\u2019approche de chacun. Enfin, pensez \u00e0 aborder la question des honoraires en vous renseignant sur les tarifs et les modalit\u00e9s de paiement, car certains avocats offrent des consultations gratuites pour analyser votre situation, ce qui peut \u00eatre un bon point de d\u00e9part.<\/p>\n<h3>Comment se passe une s\u00e9ance de consultation en ligne avec un avocat ?<\/h3>\n<p>Typiquement, une consultation en ligne est organis\u00e9e de mani\u00e8re structur\u00e9e pour assurer son efficacit\u00e9. Dans un premier temps, vous commencez par fixer un rendez-vous, en optant pour l\u2019horaire qui vous convient le mieux. Lors de la consultation, vous vous connectez \u00e0 une plateforme de visioconf\u00e9rence ou par t\u00e9l\u00e9phone pour parler de votre situation avec l\u2019avocat. Pendant la s\u00e9ance de consultation, vous vous connectez via une plateforme de visioconf\u00e9rence ou par t\u00e9l\u00e9phone pour discuter de votre situation avec l\u2019avocat. Pour conclure, un suivi est effectu\u00e9, durant lequel l\u2019avocat vous fournira des conseils et des recommandations sur les \u00e9tapes \u00e0 venir, vous aidant ainsi \u00e0 avancer dans votre d\u00e9marche en toute confiance.<\/p>\n<h3>Pourquoi faire appel \u00e0 un avocat en droit p\u00e9nal en ligne ?<\/h3>\n<p>Recourir \u00e0 un avocat en droit p\u00e9nal en ligne facilite l\u2019acc\u00e8s \u00e0 des conseils juridiques imm\u00e9diats sans avoir \u00e0 quitter son domicile. Cela est d\u2019une grande aide pour ceux qui ont des horaires serr\u00e9s ou qui vivent dans des r\u00e9gions \u00e9loign\u00e9es. Les consultations en ligne offrent l\u2019opportunit\u00e9 de poser des questions sp\u00e9cifiques et d\u2019obtenir des r\u00e9ponses personnalis\u00e9es \u00e0 votre situation.<\/p>\n<p><strong>Livres sur un propos similaire:<\/strong><\/p>\n<p>Droit international public\/Les organisations internationales,<a target=\"_blank\" rel=\"nofollow\" href=\"https:\/\/www.tribunal-nature.org\/blog\/goto\/https:\/\/fr.wikibooks.org\/wiki\/Droit_international_public\/Les_organisations_internationales\"  rel=\"noopener noreferrer nofollow\" target=\"_blank\">Ouvrage <\/a><span><\/span>. A emprunter en biblioth\u00e8que.Justice populaire (Magon),<a target=\"_blank\" rel=\"nofollow\" href=\"https:\/\/www.tribunal-nature.org\/blog\/goto\/https:\/\/fr.wikisource.org\/wiki\/Justice_populaire_(Magon)\"  rel=\"noopener noreferrer nofollow\" target=\"_blank\">Le livre <\/a><span><\/span>.Voies d\u2019ex\u00e9cution,<a target=\"_blank\" rel=\"nofollow\" href=\"https:\/\/www.tribunal-nature.org\/blog\/goto\/https:\/\/booknode.com\/voies_dexecution_048056\"  rel=\"noopener noreferrer nofollow\" target=\"_blank\">Le livre <\/a><span><\/span>.<\/p>\n<\/p>\n<h3>Comment d\u00e9terminer le bon avocat sp\u00e9cialis\u00e9 en droit p\u00e9nal ?<\/h3>\n<p>Pour s\u00e9lectionner un avocat comp\u00e9tent en droit p\u00e9nal, il est important de suivre certaines \u00e9tapes essentielles. Premi\u00e8rement, il est essentiel d\u2019\u00e9valuer les comp\u00e9tences de l\u2019avocat, en vous assurant qu\u2019il a des sp\u00e9cialisations et une exp\u00e9rience significative en droit p\u00e9nal. Cela vous assurera qu\u2019il est \u00e0 jour sur les lois et r\u00e8glements en vigueur. Par la suite, renseignez-vous sur les honoraires en v\u00e9rifiant les tarifs et les modalit\u00e9s de paiement, car certains avocats proposent des consultations gratuites, ce qui peut \u00eatre un atout. Pour conclure, examinez les avis des clients pour juger de la qualit\u00e9 du service, en prenant en compte les t\u00e9moignages et les \u00e9valuations d\u2019anciens clients pour mieux cerner la r\u00e9putation de l\u2019avocat.<\/p>\n<h3>Quelles sont les possibilit\u00e9s de consultation gratuite ?<\/h3>\n<p>De nombreux avocats offrent des s\u00e9ances de consultation sans frais pour discuter de votre situation de d\u00e9part. Cela vous offre la possibilit\u00e9 d\u2019\u00e9valuer si l\u2019avocat est le bon choix pour vous sans co\u00fbt initial. Renseignez-vous sur les plateformes en ligne qui proposent ces consultations.<\/p>\n<\/p>\n<h3>Quels facteurs sont importants pour juger un avocat en droit de le droit p\u00e9nal ?<\/h3>\n<p>Un avocat en droit p\u00e9nal s\u2019engage dans divers domaines :<\/p>\n<ul>\n<li>Repr\u00e9sentation lors d\u2019un proc\u00e8s p\u00e9nal ;\n<\/li>\n<li>Repr\u00e9sentation dans des affaires de fraude ;\n<\/li>\n<li>Assistance dans des affaires de harc\u00e8lement ;\n<\/li>\n<li>D\u00e9fense dans des affaires de terrorisme ;\n<\/li>\n<li>Repr\u00e9sentation lors de proc\u00e9dures de r\u00e9habilitation.<\/li>\n<\/ul>\n<p>Il est impossible de garantir qu\u2019un avocat vous satisfera, mais voici les \u00e9l\u00e9ments \u00e0 consid\u00e9rer pour minimiser les risques. D\u2019abord, il est essentiel de v\u00e9rifier les comp\u00e9tences de l\u2019avocat en vous assurant qu\u2019il a une exp\u00e9rience pertinente dans le domaine de le droit p\u00e9nal et qu\u2019il appartient \u00e0 un cabinet de renom, ce qui renforce sa cr\u00e9dibilit\u00e9. Apr\u00e8s cela, v\u00e9rifiez les avis en recherchant des t\u00e9moignages de clients pass\u00e9s pour \u00e9valuer la qualit\u00e9 du service et le degr\u00e9 de satisfaction. Il est recommand\u00e9 de rencontrer divers avocats en organisant des consultations pour discuter de votre projet, ce qui vous aidera \u00e0 juger de la compr\u00e9hension et de l\u2019approche de chacun. En conclusion, il est essentiel de parler des honoraires en vous renseignant sur les tarifs et les modalit\u00e9s de paiement, car certains avocats proposent des consultations gratuites pour \u00e9valuer votre situation, ce qui peut \u00eatre un bon point de d\u00e9part.<\/p>\n<\/p>\n<h3>Quelles sont les \u00e9tapes pour poser des questions \u00e0 un avocat sur Internet ?<\/h3>\n<p>Vous pouvez interroger des avocats via des services de consultation juridique en ligne, par e-mail, ou lors de votre rendez-vous. Prenez soin de formuler vos questions avec pr\u00e9cision pour garantir des r\u00e9ponses claires.<\/p>\n<\/p>\n<p><strong>Classement des avocats virtuels :<\/strong><\/p>\n<table border=\"2\" cellpadding=\"7\" cellspacing=\"0\">\n<thead>\n<tr>\n<th>D\u00e9signation du service\n<\/th>\n<th>Mode d\u2019op\u00e9ration\n<\/th>\n<th>Co\u00fbts\n<\/th>\n<th>Avantages offerts\n<\/th>\n<th>Limites\n<\/th>\n<\/tr>\n<\/thead>\n<tbody>\n<tr>\n<td>CASTJ\n<\/td>\n<td>Service sans frais \u2014 synergie humaine et IA pour une premi\u00e8re consultation juridique\n<\/td>\n<td>Z\u00e9ro euro\n<\/td>\n<td>Assistance rapide, association d\u2019IA et de juriste\n<\/td>\n<td>Service en plein essor proposant un soutien \u00e9largi dans les d\u00e9marches judiciaires\n<\/td>\n<\/tr>\n<tr>\n<td>Juri-Legal\n<\/td>\n<td>Consultation avec un juriste (t\u00e9l\u00e9phone, chat, visio) \u2014 facturation \u00e0 la minute\n<\/td>\n<td>Tarif variable selon l\u2019avocat (facturation \u00e0 la minute)\n<\/td>\n<td>Souplesse : possibilit\u00e9 de choisir l\u2019avocat, paiement bas\u00e9 sur le temps r\u00e9el d\u2019intervention\n<\/td>\n<td>Plateforme en d\u00e9clin : nombre r\u00e9duit d\u2019avocats en ligne, caract\u00e9ristiques principalement d\u00e9monstratives\n<\/td>\n<\/tr>\n<tr>\n<td>Juste un Renseignement\n<\/td>\n<td>Avocat freelance \u2014 conseils imm\u00e9diats \u00e0 distance\n<\/td>\n<td>Tarification d\u00e9couverte \u00e0 30 \u20ac ; ensuite 20 \u20ac pour 15 minutes ou 120 \u20ac par heure selon la prestation choisie\n<\/td>\n<td>Parfait pour une assistance rapide et \u00e0 port\u00e9e de main\n<\/td>\n<td>Conseils restreints pour les affaires complexes\n<\/td>\n<\/tr>\n<tr>\n<td>VotreJuriste\n<\/td>\n<td>Portail de prospection client \u2014 prise de rendez-vous en ligne avec service de back office\n<\/td>\n<td>75 \u20ac TTC (consultation par t\u00e9l\u00e9phone programm\u00e9e)\n<\/td>\n<td>Co\u00fbt affich\u00e9, prise de rendez-vous en ligne\n<\/td>\n<td>Organisation obscure : back office unique, adresse et structure peu transparentes\n<\/td>\n<\/tr>\n<tr>\n<td>Avocats-en-ligne\n<\/td>\n<td>R\u00e9servation d\u2019un rendez-vous avec un avocat (pas de r\u00e9ponse imm\u00e9diate sur le site)\n<\/td>\n<td>Tarif d\u2019appel : 39 \u20ac TTC pour une consultation d\u2019environ 20 minutes\n<\/td>\n<td>Prix d\u2019appel accessible, large gamme de domaines\n<\/td>\n<td>Pas de r\u00e9ponse imm\u00e9diate en ligne \u2014 rendez-vous \u00e0 organiser\n<\/td>\n<\/tr>\n<tr>\n<td>Juriclic.net\n<\/td>\n<td>Consultation avec juristes\/avocats, diff\u00e9rentes formules \u00e0 disposition\n<\/td>\n<td>Formules propos\u00e9es : 25 \u20ac, 30 \u20ac ou 45 \u20ac en fonction de la prestation\n<\/td>\n<td>Tarifs accessibles et options multiples\n<\/td>\n<td>R\u00e9ponse non imm\u00e9diate \u2014 fonctionnement sur prise de rendez-vous<\/td>\n<\/tr>\n<\/tbody>\n<\/table>\n<h3>Que faire si je ne comprends pas les enjeux juridiques li\u00e9s \u00e0 ma situation ?<\/h3>\n<p>\u00c9prouver un sentiment de perte face \u00e0 des probl\u00e9matiques juridiques compliqu\u00e9es est tout \u00e0 fait normal. N\u2019h\u00e9sitez pas \u00e0 faire des demandes de clarification durant votre consultation. Un avocat comp\u00e9tent s\u2019assurera de vous faire comprendre les implications de votre situation de mani\u00e8re claire et pr\u00e9cise.<\/p>\n<h3>Quels sont les b\u00e9n\u00e9fices d\u2019une consultation en ligne par rapport \u00e0 une rencontre physique ?<\/h3>\n<p>Les avantages de la consultation en ligne sont multiples et notables. D\u2019abord, elle offre une accessibilit\u00e9 am\u00e9lior\u00e9e, car il n\u2019est pas n\u00e9cessaire de se d\u00e9placer, ce qui est particuli\u00e8rement b\u00e9n\u00e9fique pour les personnes ayant un emploi du temps charg\u00e9 ou vivant loin des avocats. De plus, la flexibilit\u00e9 repr\u00e9sente un atout significatif, vous permettant de choisir des horaires qui s\u2019ajustent mieux \u00e0 votre emploi du temps, rendant ainsi le processus plus adapt\u00e9 \u00e0 vos besoins. Il est essentiel de se sentir \u00e0 l\u2019aise, car cela vous permet de discuter de vos probl\u00e8mes juridiques dans un cadre qui vous est familier, r\u00e9duisant ainsi le stress et facilitant une communication ouverte avec votre avocat.<\/p>\n<\/div>\n","protected":false},"excerpt":{"rendered":"<p>L\u2019article r\u00e9cemment publi\u00e9 a pour titre \u00ab\u00a0Urbanisme, budget\u2026 l\u2019ordre du jour sera charg\u00e9 au conseil\u00a0\u00bb. l\u2019essentiel D\u00e9signations d\u2019\u00e9lus, urbanisme, vote&#8230;<\/p>\n","protected":false},"author":3,"featured_media":1688,"comment_status":"closed","ping_status":"closed","sticky":false,"template":"","format":"standard","meta":{"footnotes":""},"categories":[2],"tags":[],"class_list":["post-1687","post","type-post","status-publish","format-standard","has-post-thumbnail","hentry","category-droit-de-lenvironnement","wpcat-2-id"],"yoast_head":"<!-- This site is optimized with the Yoast SEO plugin v27.5 - https:\/\/yoast.com\/product\/yoast-seo-wordpress\/ -->\n<title>Avocat; Urbanisme, budget\u2026 l\u2019ordre du jour sera charg\u00e9 au conseil - TRIBUNAL-NATURE<\/title>\n<meta name=\"description\" content=\"Avocat; Urbanisme, budget\u2026 l\u2019ordre du jour sera charg\u00e9 au conseil article de TRIBUNAL-NATURE\" \/>\n<meta name=\"robots\" content=\"index, follow, max-snippet:-1, max-image-preview:large, max-video-preview:-1\" \/>\n<link rel=\"canonical\" href=\"https:\/\/www.tribunal-nature.org\/blog\/avocat-urbanisme-budget-lordre-du-jour-sera-charge-au-conseil\/\" \/>\n<meta property=\"og:locale\" content=\"fr_FR\" \/>\n<meta property=\"og:type\" content=\"article\" \/>\n<meta property=\"og:title\" content=\"Avocat; Urbanisme, budget\u2026 l\u2019ordre du jour sera charg\u00e9 au conseil - TRIBUNAL-NATURE\" \/>\n<meta property=\"og:description\" content=\"Avocat; Urbanisme, budget\u2026 l\u2019ordre du jour sera charg\u00e9 au conseil article de TRIBUNAL-NATURE\" \/>\n<meta property=\"og:url\" content=\"https:\/\/www.tribunal-nature.org\/blog\/avocat-urbanisme-budget-lordre-du-jour-sera-charge-au-conseil\/\" \/>\n<meta property=\"og:site_name\" content=\"TRIBUNAL-NATURE\" \/>\n<meta property=\"article:published_time\" content=\"2026-04-24T13:09:33+00:00\" \/>\n<meta property=\"og:image\" content=\"https:\/\/www.tribunal-nature.org\/blog\/wp-content\/uploads\/2026\/04\/Avocat-Urbanisme-budget-lordre-du-jour-sera-charge-au-conseil-1024x576-1.jpg\" \/>\n<meta name=\"author\" content=\"Isabelle LOUBEAU\" \/>\n<meta name=\"twitter:card\" content=\"summary_large_image\" \/>\n<meta name=\"twitter:label1\" content=\"\u00c9crit par\" \/>\n\t<meta name=\"twitter:data1\" content=\"Isabelle LOUBEAU\" \/>\n\t<meta name=\"twitter:label2\" content=\"Dur\u00e9e de lecture estim\u00e9e\" \/>\n\t<meta name=\"twitter:data2\" content=\"9 minutes\" \/>\n<script type=\"application\/ld+json\" class=\"yoast-schema-graph\">{\"@context\":\"https:\\\/\\\/schema.org\",\"@graph\":[{\"@type\":\"Article\",\"@id\":\"https:\\\/\\\/www.tribunal-nature.org\\\/blog\\\/avocat-urbanisme-budget-lordre-du-jour-sera-charge-au-conseil\\\/#article\",\"isPartOf\":{\"@id\":\"https:\\\/\\\/www.tribunal-nature.org\\\/blog\\\/avocat-urbanisme-budget-lordre-du-jour-sera-charge-au-conseil\\\/\"},\"author\":{\"name\":\"Isabelle LOUBEAU\",\"@id\":\"https:\\\/\\\/www.tribunal-nature.org\\\/blog\\\/#\\\/schema\\\/person\\\/55761caf7544da6b05b60523f2a0855f\"},\"headline\":\"Avocat; Urbanisme, budget\u2026 l\u2019ordre du jour sera charg\u00e9 au conseil\",\"datePublished\":\"2026-04-24T13:09:33+00:00\",\"mainEntityOfPage\":{\"@id\":\"https:\\\/\\\/www.tribunal-nature.org\\\/blog\\\/avocat-urbanisme-budget-lordre-du-jour-sera-charge-au-conseil\\\/\"},\"wordCount\":1864,\"publisher\":{\"@id\":\"https:\\\/\\\/www.tribunal-nature.org\\\/blog\\\/#organization\"},\"image\":{\"@id\":\"https:\\\/\\\/www.tribunal-nature.org\\\/blog\\\/avocat-urbanisme-budget-lordre-du-jour-sera-charge-au-conseil\\\/#primaryimage\"},\"thumbnailUrl\":\"https:\\\/\\\/www.tribunal-nature.org\\\/blog\\\/wp-content\\\/uploads\\\/2026\\\/04\\\/Avocat-Urbanisme-budget-lordre-du-jour-sera-charge-au-conseil-1024x576-1.jpg\",\"articleSection\":[\"Droit De L'Environnement:\"],\"inLanguage\":\"fr-FR\"},{\"@type\":\"WebPage\",\"@id\":\"https:\\\/\\\/www.tribunal-nature.org\\\/blog\\\/avocat-urbanisme-budget-lordre-du-jour-sera-charge-au-conseil\\\/\",\"url\":\"https:\\\/\\\/www.tribunal-nature.org\\\/blog\\\/avocat-urbanisme-budget-lordre-du-jour-sera-charge-au-conseil\\\/\",\"name\":\"Avocat; Urbanisme, budget\u2026 l\u2019ordre du jour sera charg\u00e9 au conseil - TRIBUNAL-NATURE\",\"isPartOf\":{\"@id\":\"https:\\\/\\\/www.tribunal-nature.org\\\/blog\\\/#website\"},\"primaryImageOfPage\":{\"@id\":\"https:\\\/\\\/www.tribunal-nature.org\\\/blog\\\/avocat-urbanisme-budget-lordre-du-jour-sera-charge-au-conseil\\\/#primaryimage\"},\"image\":{\"@id\":\"https:\\\/\\\/www.tribunal-nature.org\\\/blog\\\/avocat-urbanisme-budget-lordre-du-jour-sera-charge-au-conseil\\\/#primaryimage\"},\"thumbnailUrl\":\"https:\\\/\\\/www.tribunal-nature.org\\\/blog\\\/wp-content\\\/uploads\\\/2026\\\/04\\\/Avocat-Urbanisme-budget-lordre-du-jour-sera-charge-au-conseil-1024x576-1.jpg\",\"datePublished\":\"2026-04-24T13:09:33+00:00\",\"description\":\"Avocat; Urbanisme, budget\u2026 l\u2019ordre du jour sera charg\u00e9 au conseil article de TRIBUNAL-NATURE\",\"breadcrumb\":{\"@id\":\"https:\\\/\\\/www.tribunal-nature.org\\\/blog\\\/avocat-urbanisme-budget-lordre-du-jour-sera-charge-au-conseil\\\/#breadcrumb\"},\"inLanguage\":\"fr-FR\",\"potentialAction\":[{\"@type\":\"ReadAction\",\"target\":[\"https:\\\/\\\/www.tribunal-nature.org\\\/blog\\\/avocat-urbanisme-budget-lordre-du-jour-sera-charge-au-conseil\\\/\"]}]},{\"@type\":\"ImageObject\",\"inLanguage\":\"fr-FR\",\"@id\":\"https:\\\/\\\/www.tribunal-nature.org\\\/blog\\\/avocat-urbanisme-budget-lordre-du-jour-sera-charge-au-conseil\\\/#primaryimage\",\"url\":\"https:\\\/\\\/www.tribunal-nature.org\\\/blog\\\/wp-content\\\/uploads\\\/2026\\\/04\\\/Avocat-Urbanisme-budget-lordre-du-jour-sera-charge-au-conseil-1024x576-1.jpg\",\"contentUrl\":\"https:\\\/\\\/www.tribunal-nature.org\\\/blog\\\/wp-content\\\/uploads\\\/2026\\\/04\\\/Avocat-Urbanisme-budget-lordre-du-jour-sera-charge-au-conseil-1024x576-1.jpg\",\"width\":1024,\"height\":576,\"caption\":\"Avocat Urbanisme budget lordre du jour sera charge au conseil 1024x576 1\"},{\"@type\":\"BreadcrumbList\",\"@id\":\"https:\\\/\\\/www.tribunal-nature.org\\\/blog\\\/avocat-urbanisme-budget-lordre-du-jour-sera-charge-au-conseil\\\/#breadcrumb\",\"itemListElement\":[{\"@type\":\"ListItem\",\"position\":1,\"name\":\"Accueil\",\"item\":\"https:\\\/\\\/www.tribunal-nature.org\\\/blog\\\/\"},{\"@type\":\"ListItem\",\"position\":2,\"name\":\"Avocat; Urbanisme, budget\u2026 l\u2019ordre du jour sera charg\u00e9 au conseil\"}]},{\"@type\":\"WebSite\",\"@id\":\"https:\\\/\\\/www.tribunal-nature.org\\\/blog\\\/#website\",\"url\":\"https:\\\/\\\/www.tribunal-nature.org\\\/blog\\\/\",\"name\":\"TRIBUNAL-NATURE\",\"description\":\"Droit De L&#039;Environnement.\",\"publisher\":{\"@id\":\"https:\\\/\\\/www.tribunal-nature.org\\\/blog\\\/#organization\"},\"potentialAction\":[{\"@type\":\"SearchAction\",\"target\":{\"@type\":\"EntryPoint\",\"urlTemplate\":\"https:\\\/\\\/www.tribunal-nature.org\\\/blog\\\/?s={search_term_string}\"},\"query-input\":{\"@type\":\"PropertyValueSpecification\",\"valueRequired\":true,\"valueName\":\"search_term_string\"}}],\"inLanguage\":\"fr-FR\"},{\"@type\":\"Organization\",\"@id\":\"https:\\\/\\\/www.tribunal-nature.org\\\/blog\\\/#organization\",\"name\":\"tribunal-nature\",\"url\":\"https:\\\/\\\/www.tribunal-nature.org\\\/blog\\\/\",\"logo\":{\"@type\":\"ImageObject\",\"inLanguage\":\"fr-FR\",\"@id\":\"https:\\\/\\\/www.tribunal-nature.org\\\/blog\\\/#\\\/schema\\\/logo\\\/image\\\/\",\"url\":\"https:\\\/\\\/www.tribunal-nature.org\\\/blog\\\/wp-content\\\/uploads\\\/2022\\\/05\\\/logo-2.png\",\"contentUrl\":\"https:\\\/\\\/www.tribunal-nature.org\\\/blog\\\/wp-content\\\/uploads\\\/2022\\\/05\\\/logo-2.png\",\"width\":180,\"height\":180,\"caption\":\"tribunal-nature\"},\"image\":{\"@id\":\"https:\\\/\\\/www.tribunal-nature.org\\\/blog\\\/#\\\/schema\\\/logo\\\/image\\\/\"}},{\"@type\":\"Person\",\"@id\":\"https:\\\/\\\/www.tribunal-nature.org\\\/blog\\\/#\\\/schema\\\/person\\\/55761caf7544da6b05b60523f2a0855f\",\"name\":\"Isabelle LOUBEAU\",\"image\":{\"@type\":\"ImageObject\",\"inLanguage\":\"fr-FR\",\"@id\":\"https:\\\/\\\/secure.gravatar.com\\\/avatar\\\/b6912620aca78633bf5d50400888815d3b38a1118e82b94050843f411f3f5972?s=96&d=mm&r=g\",\"url\":\"https:\\\/\\\/secure.gravatar.com\\\/avatar\\\/b6912620aca78633bf5d50400888815d3b38a1118e82b94050843f411f3f5972?s=96&d=mm&r=g\",\"contentUrl\":\"https:\\\/\\\/secure.gravatar.com\\\/avatar\\\/b6912620aca78633bf5d50400888815d3b38a1118e82b94050843f411f3f5972?s=96&d=mm&r=g\",\"caption\":\"Isabelle LOUBEAU\"},\"url\":\"https:\\\/\\\/www.tribunal-nature.org\\\/blog\\\/author\\\/ureisabelle\\\/\"}]}<\/script>\n<!-- \/ Yoast SEO plugin. -->","yoast_head_json":{"title":"Avocat; Urbanisme, budget\u2026 l\u2019ordre du jour sera charg\u00e9 au conseil - TRIBUNAL-NATURE","description":"Avocat; Urbanisme, budget\u2026 l\u2019ordre du jour sera charg\u00e9 au conseil article de TRIBUNAL-NATURE","robots":{"index":"index","follow":"follow","max-snippet":"max-snippet:-1","max-image-preview":"max-image-preview:large","max-video-preview":"max-video-preview:-1"},"canonical":"https:\/\/www.tribunal-nature.org\/blog\/avocat-urbanisme-budget-lordre-du-jour-sera-charge-au-conseil\/","og_locale":"fr_FR","og_type":"article","og_title":"Avocat; Urbanisme, budget\u2026 l\u2019ordre du jour sera charg\u00e9 au conseil - TRIBUNAL-NATURE","og_description":"Avocat; Urbanisme, budget\u2026 l\u2019ordre du jour sera charg\u00e9 au conseil article de TRIBUNAL-NATURE","og_url":"https:\/\/www.tribunal-nature.org\/blog\/avocat-urbanisme-budget-lordre-du-jour-sera-charge-au-conseil\/","og_site_name":"TRIBUNAL-NATURE","article_published_time":"2026-04-24T13:09:33+00:00","og_image":[{"url":"https:\/\/www.tribunal-nature.org\/blog\/wp-content\/uploads\/2026\/04\/Avocat-Urbanisme-budget-lordre-du-jour-sera-charge-au-conseil-1024x576-1.jpg","type":"","width":"","height":""}],"author":"Isabelle LOUBEAU","twitter_card":"summary_large_image","twitter_misc":{"\u00c9crit par":"Isabelle LOUBEAU","Dur\u00e9e de lecture estim\u00e9e":"9 minutes"},"schema":{"@context":"https:\/\/schema.org","@graph":[{"@type":"Article","@id":"https:\/\/www.tribunal-nature.org\/blog\/avocat-urbanisme-budget-lordre-du-jour-sera-charge-au-conseil\/#article","isPartOf":{"@id":"https:\/\/www.tribunal-nature.org\/blog\/avocat-urbanisme-budget-lordre-du-jour-sera-charge-au-conseil\/"},"author":{"name":"Isabelle LOUBEAU","@id":"https:\/\/www.tribunal-nature.org\/blog\/#\/schema\/person\/55761caf7544da6b05b60523f2a0855f"},"headline":"Avocat; Urbanisme, budget\u2026 l\u2019ordre du jour sera charg\u00e9 au conseil","datePublished":"2026-04-24T13:09:33+00:00","mainEntityOfPage":{"@id":"https:\/\/www.tribunal-nature.org\/blog\/avocat-urbanisme-budget-lordre-du-jour-sera-charge-au-conseil\/"},"wordCount":1864,"publisher":{"@id":"https:\/\/www.tribunal-nature.org\/blog\/#organization"},"image":{"@id":"https:\/\/www.tribunal-nature.org\/blog\/avocat-urbanisme-budget-lordre-du-jour-sera-charge-au-conseil\/#primaryimage"},"thumbnailUrl":"https:\/\/www.tribunal-nature.org\/blog\/wp-content\/uploads\/2026\/04\/Avocat-Urbanisme-budget-lordre-du-jour-sera-charge-au-conseil-1024x576-1.jpg","articleSection":["Droit De L'Environnement:"],"inLanguage":"fr-FR"},{"@type":"WebPage","@id":"https:\/\/www.tribunal-nature.org\/blog\/avocat-urbanisme-budget-lordre-du-jour-sera-charge-au-conseil\/","url":"https:\/\/www.tribunal-nature.org\/blog\/avocat-urbanisme-budget-lordre-du-jour-sera-charge-au-conseil\/","name":"Avocat; Urbanisme, budget\u2026 l\u2019ordre du jour sera charg\u00e9 au conseil - TRIBUNAL-NATURE","isPartOf":{"@id":"https:\/\/www.tribunal-nature.org\/blog\/#website"},"primaryImageOfPage":{"@id":"https:\/\/www.tribunal-nature.org\/blog\/avocat-urbanisme-budget-lordre-du-jour-sera-charge-au-conseil\/#primaryimage"},"image":{"@id":"https:\/\/www.tribunal-nature.org\/blog\/avocat-urbanisme-budget-lordre-du-jour-sera-charge-au-conseil\/#primaryimage"},"thumbnailUrl":"https:\/\/www.tribunal-nature.org\/blog\/wp-content\/uploads\/2026\/04\/Avocat-Urbanisme-budget-lordre-du-jour-sera-charge-au-conseil-1024x576-1.jpg","datePublished":"2026-04-24T13:09:33+00:00","description":"Avocat; Urbanisme, budget\u2026 l\u2019ordre du jour sera charg\u00e9 au conseil article de TRIBUNAL-NATURE","breadcrumb":{"@id":"https:\/\/www.tribunal-nature.org\/blog\/avocat-urbanisme-budget-lordre-du-jour-sera-charge-au-conseil\/#breadcrumb"},"inLanguage":"fr-FR","potentialAction":[{"@type":"ReadAction","target":["https:\/\/www.tribunal-nature.org\/blog\/avocat-urbanisme-budget-lordre-du-jour-sera-charge-au-conseil\/"]}]},{"@type":"ImageObject","inLanguage":"fr-FR","@id":"https:\/\/www.tribunal-nature.org\/blog\/avocat-urbanisme-budget-lordre-du-jour-sera-charge-au-conseil\/#primaryimage","url":"https:\/\/www.tribunal-nature.org\/blog\/wp-content\/uploads\/2026\/04\/Avocat-Urbanisme-budget-lordre-du-jour-sera-charge-au-conseil-1024x576-1.jpg","contentUrl":"https:\/\/www.tribunal-nature.org\/blog\/wp-content\/uploads\/2026\/04\/Avocat-Urbanisme-budget-lordre-du-jour-sera-charge-au-conseil-1024x576-1.jpg","width":1024,"height":576,"caption":"Avocat Urbanisme budget lordre du jour sera charge au conseil 1024x576 1"},{"@type":"BreadcrumbList","@id":"https:\/\/www.tribunal-nature.org\/blog\/avocat-urbanisme-budget-lordre-du-jour-sera-charge-au-conseil\/#breadcrumb","itemListElement":[{"@type":"ListItem","position":1,"name":"Accueil","item":"https:\/\/www.tribunal-nature.org\/blog\/"},{"@type":"ListItem","position":2,"name":"Avocat; Urbanisme, budget\u2026 l\u2019ordre du jour sera charg\u00e9 au conseil"}]},{"@type":"WebSite","@id":"https:\/\/www.tribunal-nature.org\/blog\/#website","url":"https:\/\/www.tribunal-nature.org\/blog\/","name":"TRIBUNAL-NATURE","description":"Droit De L&#039;Environnement.","publisher":{"@id":"https:\/\/www.tribunal-nature.org\/blog\/#organization"},"potentialAction":[{"@type":"SearchAction","target":{"@type":"EntryPoint","urlTemplate":"https:\/\/www.tribunal-nature.org\/blog\/?s={search_term_string}"},"query-input":{"@type":"PropertyValueSpecification","valueRequired":true,"valueName":"search_term_string"}}],"inLanguage":"fr-FR"},{"@type":"Organization","@id":"https:\/\/www.tribunal-nature.org\/blog\/#organization","name":"tribunal-nature","url":"https:\/\/www.tribunal-nature.org\/blog\/","logo":{"@type":"ImageObject","inLanguage":"fr-FR","@id":"https:\/\/www.tribunal-nature.org\/blog\/#\/schema\/logo\/image\/","url":"https:\/\/www.tribunal-nature.org\/blog\/wp-content\/uploads\/2022\/05\/logo-2.png","contentUrl":"https:\/\/www.tribunal-nature.org\/blog\/wp-content\/uploads\/2022\/05\/logo-2.png","width":180,"height":180,"caption":"tribunal-nature"},"image":{"@id":"https:\/\/www.tribunal-nature.org\/blog\/#\/schema\/logo\/image\/"}},{"@type":"Person","@id":"https:\/\/www.tribunal-nature.org\/blog\/#\/schema\/person\/55761caf7544da6b05b60523f2a0855f","name":"Isabelle LOUBEAU","image":{"@type":"ImageObject","inLanguage":"fr-FR","@id":"https:\/\/secure.gravatar.com\/avatar\/b6912620aca78633bf5d50400888815d3b38a1118e82b94050843f411f3f5972?s=96&d=mm&r=g","url":"https:\/\/secure.gravatar.com\/avatar\/b6912620aca78633bf5d50400888815d3b38a1118e82b94050843f411f3f5972?s=96&d=mm&r=g","contentUrl":"https:\/\/secure.gravatar.com\/avatar\/b6912620aca78633bf5d50400888815d3b38a1118e82b94050843f411f3f5972?s=96&d=mm&r=g","caption":"Isabelle LOUBEAU"},"url":"https:\/\/www.tribunal-nature.org\/blog\/author\/ureisabelle\/"}]}},"_links":{"self":[{"href":"https:\/\/www.tribunal-nature.org\/blog\/wp-json\/wp\/v2\/posts\/1687","targetHints":{"allow":["GET"]}}],"collection":[{"href":"https:\/\/www.tribunal-nature.org\/blog\/wp-json\/wp\/v2\/posts"}],"about":[{"href":"https:\/\/www.tribunal-nature.org\/blog\/wp-json\/wp\/v2\/types\/post"}],"author":[{"embeddable":true,"href":"https:\/\/www.tribunal-nature.org\/blog\/wp-json\/wp\/v2\/users\/3"}],"replies":[{"embeddable":true,"href":"https:\/\/www.tribunal-nature.org\/blog\/wp-json\/wp\/v2\/comments?post=1687"}],"version-history":[{"count":0,"href":"https:\/\/www.tribunal-nature.org\/blog\/wp-json\/wp\/v2\/posts\/1687\/revisions"}],"wp:featuredmedia":[{"embeddable":true,"href":"https:\/\/www.tribunal-nature.org\/blog\/wp-json\/wp\/v2\/media\/1688"}],"wp:attachment":[{"href":"https:\/\/www.tribunal-nature.org\/blog\/wp-json\/wp\/v2\/media?parent=1687"}],"wp:term":[{"taxonomy":"category","embeddable":true,"href":"https:\/\/www.tribunal-nature.org\/blog\/wp-json\/wp\/v2\/categories?post=1687"},{"taxonomy":"post_tag","embeddable":true,"href":"https:\/\/www.tribunal-nature.org\/blog\/wp-json\/wp\/v2\/tags?post=1687"}],"curies":[{"name":"wp","href":"https:\/\/api.w.org\/{rel}","templated":true}]}}