{"id":1682,"date":"2026-04-20T18:00:14","date_gmt":"2026-04-20T16:00:14","guid":{"rendered":"https:\/\/www.tribunal-nature.org\/blog\/avocat-travail-le-1er-mai-la-cpme-denonce-un-sujet-incomprehensible-apres-le-recul-du-gouvernement\/"},"modified":"2026-04-20T18:00:14","modified_gmt":"2026-04-20T16:00:14","slug":"avocat-travail-le-1er-mai-la-cpme-denonce-un-sujet-incomprehensible-apres-le-recul-du-gouvernement","status":"publish","type":"post","link":"https:\/\/www.tribunal-nature.org\/blog\/avocat-travail-le-1er-mai-la-cpme-denonce-un-sujet-incomprehensible-apres-le-recul-du-gouvernement\/","title":{"rendered":"Avocat; Travail le 1er-Mai : la CPME d\u00e9nonce \u00abun sujet incompr\u00e9hensible\u00bb apr\u00e8s le recul du gouvernement"},"content":{"rendered":"<div><img width=\"750\" height=\"394\" src=\"https:\/\/www.tribunal-nature.org\/blog\/wp-content\/uploads\/2026\/04\/travail-le-1er-mai-la-cpme-denonce-un-sujet-incomprehensible-apres-le-recul-du-gouvernement-1024x538-1.jpg\" class=\"attachment-large size-large wp-post-image\" alt=\"\" style=\"width:100%;height:52.5%;max-width:1200px;float:left; margin:0 15px 15px 0;\" decoding=\"async\" srcset=\"https:\/\/www.tribunal-nature.org\/blog\/wp-content\/uploads\/2026\/04\/travail-le-1er-mai-la-cpme-denonce-un-sujet-incomprehensible-apres-le-recul-du-gouvernement-1024x538-1.jpg 1024w, https:\/\/www.site.cdcl.xyz\/wp-content\/uploads\/2026\/04\/travail-le-1er-mai-la-cpme-denonce-un-sujet-incomprehensible-apres-le-recul-du-gouvernement-300x158.jpg 300w, https:\/\/www.site.cdcl.xyz\/wp-content\/uploads\/2026\/04\/travail-le-1er-mai-la-cpme-denonce-un-sujet-incomprehensible-apres-le-recul-du-gouvernement-768x403.jpg 768w, https:\/\/www.site.cdcl.xyz\/wp-content\/uploads\/2026\/04\/travail-le-1er-mai-la-cpme-denonce-un-sujet-incomprehensible-apres-le-recul-du-gouvernement.jpg 1200w\" sizes=\"(max-width: 750px) 100vw, 750px\"><\/p>\n<p>\nLe titre \u00ab\u00a0Travail le 1er-Mai : la CPME d\u00e9nonce \u00abun sujet incompr\u00e9hensible\u00bb apr\u00e8s le recul du gouvernement\u00a0\u00bb correspond \u00e0 un article qui vient d\u2019\u00eatre publi\u00e9. <\/p>\n<div>\n<p>Le d\u00e9bat sur le travail le 1er-Mai rebondit apr\u00e8s le revirement du gouvernement. Le pr\u00e9sident de la Conf\u00e9d\u00e9ration des petites et moyennes entreprises (CPME), Amir Reza-Tofighi, a vivement critiqu\u00e9 ce lundi 20 avril l\u2019abandon d\u2019une proposition de loi visant \u00e0 assouplir les r\u00e8gles pour certains secteurs. Port\u00e9 par l\u2019ancien Premier ministre Gabriel Attal, le texte pr\u00e9voyait d\u2019autoriser le travail le 1er-Mai dans certains <strong>commerces de proximit\u00e9<\/strong>, comme les boulangeries, p\u00e2tisseries, fleuristes ou boucheries ainsi que dans des lieux culturels tels que <strong>les cin\u00e9mas et les th\u00e9\u00e2tres<\/strong>.<\/p>\n<p>Invit\u00e9 sur RTL, le pr\u00e9sident de la CPME n\u2019a pas cach\u00e9 son incompr\u00e9hension face \u00e0 ce recul : <em>\u00ab\u00c7a fait plus d\u2019un an que la CPME porte ce sujet, qui est de dire que dans certains m\u00e9tiers de proximit\u00e9, des m\u00e9tiers de bouche, ils puissent ouvrir le 1er-Mai <\/em><em><strong>sur la base du volontariat <\/strong><\/em><em>pour les salari\u00e9s,<\/em><em><strong> pay\u00e9s double<\/strong><\/em><em>\u00bb,<\/em> a-t-il d\u00e9clar\u00e9<em>. \u00abPlus de 3 quarts des Fran\u00e7ais sont pour, le Parlement allait voter un texte pour permettre ce travail le 1er-Mai pour certains m\u00e9tiers, et le gouvernement a recul\u00e9 <\/em><em><strong>sous la pression des syndicats de salari\u00e9s<\/strong><\/em><em>\u00bb,<\/em> a-t-il d\u00e9plor\u00e9.<\/p>\n<h2 class=\"no-inject-ads\" id=\"8n79h\">\u00abOn va continuer \u00e0 se battre\u00bb<\/h2>\n<p><em>\u00ab<\/em><em><strong>C\u2019est incompr\u00e9hensible<\/strong><\/em><em> aujourd\u2019hui. Nous, on s\u2019est battus la semaine derni\u00e8re pour que le gouvernement remette un texte sur le sujet, il l\u2019a fait, c\u2019est insuffisant, mais on va continuer \u00e0 se battre\u00bb, <\/em>a-t-il poursuivi. Pour Amir Reza-Tofighi, la question d\u00e9passe le simple cadre symbolique du jour f\u00e9ri\u00e9. Il estime que de nombreuses entreprises pourraient fonctionner ce jour-l\u00e0 sans remettre en cause les droits des salari\u00e9s, d\u00e8s lors que le travail repose sur le volontariat et une r\u00e9mun\u00e9ration major\u00e9e.<\/p>\n<p>Il a \u00e9galement soulign\u00e9 la diversit\u00e9 des situations : <em>\u00abtous les boulangers ne sont pas des artisans : dans certaines villes, le boulanger cuit du pain et l\u2019ach\u00e8te, sans \u00eatre un artisan\u00bb. <\/em>Selon lui, ces \u00e9tablissements devraient eux aussi \u00eatre concern\u00e9s. <em>\u00abOn fait du symbole au lieu de dire que tous les boulangers, tous les fleuristes et m\u00eame peut-\u00eatre que <\/em><em><strong>les bouchers et les poissonniers<\/strong><\/em><em> devraient pouvoir ouvrir\u00bb<\/em>, a-t-il insist\u00e9. La CPME entend poursuivre son plaidoyer pour \u00e9largir le travail le 1er-Mai \u00e0 certains secteurs.<\/p>\n<\/div>\n<h2>Interrogations fr\u00e9quentes pour ceux qui recherchent un avocat sp\u00e9cialis\u00e9 en droit du travail<\/h2>\n<h3>Pourquoi se tourner vers un avocat en droit du travail en ligne ?<\/h3>\n<p>Faire appel \u00e0 un avocat en droit du travail en ligne permet d\u2019acc\u00e9der \u00e0 des conseils juridiques rapidement, sans quitter son domicile. Cela s\u2019av\u00e8re tr\u00e8s utile pour les personnes ayant des emplois du temps charg\u00e9s ou vivant dans des r\u00e9gions \u00e9loign\u00e9es. Les consultations en ligne offrent la chance de poser des questions cibl\u00e9es et de recevoir des r\u00e9ponses adapt\u00e9es \u00e0 vos besoins.<\/p>\n<h3>Quelles recommandations pour choisir un avocat en droit du travail ?<\/h3>\n<p>Pour opter pour un avocat en droit du travail, il est n\u00e9cessaire de suivre quelques \u00e9tapes essentielles. Pour commencer, assurez-vous de v\u00e9rifier les comp\u00e9tences de l\u2019avocat, en vous assurant qu\u2019il poss\u00e8de des sp\u00e9cialisations et une exp\u00e9rience pertinente dans le domaine de le droit du travail. Cela vous permettra de vous assurer qu\u2019il est bien au fait des lois et r\u00e8glements en vigueur. Ensuite, il est conseill\u00e9 de vous renseigner sur les honoraires, en v\u00e9rifiant les tarifs et les modalit\u00e9s de paiement, car certains avocats proposent des consultations gratuites, ce qui peut constituer un atout. Pour finir, examinez les retours des clients afin d\u2019\u00e9valuer la qualit\u00e9 du service, en tenant compte des t\u00e9moignages et des \u00e9valuations d\u2019anciens clients pour mieux cerner la r\u00e9putation de l\u2019avocat.<\/p>\n<h3>Quels sont les b\u00e9n\u00e9fices d\u2019opter pour une consultation en ligne plut\u00f4t qu\u2019une consultation en personne ?<\/h3>\n<p>Les avantages associ\u00e9s \u00e0 la consultation en ligne sont vari\u00e9s et significatifs. Premi\u00e8rement, elle garantit une accessibilit\u00e9 optimale, car il n\u2019est pas n\u00e9cessaire de se d\u00e9placer, ce qui est id\u00e9al pour les personnes occup\u00e9es ou celles vivant \u00e0 distance des bureaux d\u2019avocats. Par la suite, la flexibilit\u00e9 repr\u00e9sente un atout consid\u00e9rable, car elle vous permet de choisir des horaires qui s\u2019adaptent mieux \u00e0 votre emploi du temps, rendant ainsi le processus plus en phase avec vos besoins. Le confort est un aspect fondamental, car il vous permet de discuter de vos interrogations juridiques dans un environnement familier, ce qui peut all\u00e9ger le stress et encourager une communication ouverte avec votre avocat.<\/p>\n<h3>Comment se tient une consultation en ligne avec un avocat ?<\/h3>\n<p>Une consultation en ligne se d\u00e9roule typiquement selon une structure pr\u00e9cise pour en maximiser l\u2019efficacit\u00e9. En premier lieu, vous initiez le processus par la prise de rendez-vous, en s\u00e9lectionnant un cr\u00e9neau horaire qui vous convient le mieux. Pendant la consultation, vous vous connectez via une plateforme de visioconf\u00e9rence ou par t\u00e9l\u00e9phone pour discuter de votre situation avec l\u2019avocat. Au cours de la consultation, vous utilisez une plateforme de visioconf\u00e9rence ou le t\u00e9l\u00e9phone pour discuter de votre situation avec l\u2019avocat. Enfin, un suivi est organis\u00e9, durant lequel l\u2019avocat vous fournira des conseils et des recommandations sur les prochaines \u00e9tapes \u00e0 envisager, vous permettant ainsi d\u2019avancer dans votre d\u00e9marche avec assurance.<\/p>\n<h3>Que faire si je ne comprends pas les enjeux juridiques li\u00e9s \u00e0 ma situation ?<\/h3>\n<p>\u00c9prouver de la confusion face \u00e0 des enjeux juridiques difficiles est une exp\u00e9rience normale. N\u2019h\u00e9sitez pas \u00e0 soulever des interrogations pendant votre entretien. Un avocat qualifi\u00e9 prendra le temps de vous expliquer les implications de votre situation de mani\u00e8re claire et concise.<\/p>\n<h3>Quels crit\u00e8res permettent de mesurer l\u2019efficacit\u00e9 d\u2019un avocat en droit du travail ?<\/h3>\n<p>Un avocat en droit du travail joue un r\u00f4le dans plusieurs domaines :<\/p>\n<ul>\n<li>Conseil sur les droits des travailleurs en mati\u00e8re de sant\u00e9 et s\u00e9curit\u00e9 au travail ;\n<\/li>\n<li>Repr\u00e9sentation dans les litiges concernant les clauses de non-concurrence ;\n<\/li>\n<li>Conseil sur les droits des travailleurs temporaires et int\u00e9rimaires ;\n<\/li>\n<li>Assistance dans les litiges concernant les primes et avantages en nature ;\n<\/li>\n<li>Conseil sur les droits des travailleurs en mati\u00e8re de mobilit\u00e9 professionnelle.<\/li>\n<\/ul>\n<p>Il n\u2019est pas toujours \u00e9vident qu\u2019un avocat r\u00e9pondra \u00e0 vos besoins, mais voici les points essentiels \u00e0 v\u00e9rifier pour diminuer les risques. En premier lieu, v\u00e9rifiez les comp\u00e9tences de l\u2019avocat en vous assurant qu\u2019il a une exp\u00e9rience notable dans le domaine de le droit du travail et qu\u2019il est affili\u00e9 \u00e0 un cabinet reconnu, ce qui prouve sa fiabilit\u00e9. Apr\u00e8s cela, examinez les avis en recherchant des t\u00e9moignages de clients pass\u00e9s pour appr\u00e9cier la qualit\u00e9 du service et le degr\u00e9 de satisfaction. Il est judicieux de rencontrer divers avocats en organisant des consultations pour discuter de votre projet, ce qui vous permettra d\u2019\u00e9valuer la compr\u00e9hension et la m\u00e9thode de chaque avocat. Pour finir, n\u2019oubliez pas de parler des honoraires en vous renseignant sur les tarifs et les options de paiement, car certains avocats peuvent offrir des consultations gratuites pour \u00e9valuer votre situation, ce qui peut \u00eatre une excellente premi\u00e8re \u00e9tape.<\/p>\n<\/p>\n<p><strong>Synth\u00e8se des avocats sur le web :<\/strong><\/p>\n<table border=\"1\" cellpadding=\"7\" cellspacing=\"0\">\n<thead>\n<tr>\n<th>Service en question\n<\/th>\n<th>Syst\u00e8me de fonctionnement\n<\/th>\n<th>Honoraires\n<\/th>\n<th>Profits\n<\/th>\n<th>Points faibles\n<\/th>\n<\/tr>\n<\/thead>\n<tbody>\n<tr>\n<td>CASTJ\n<\/td>\n<td>Offre gratuite \u2014 fusion humaine et IA pour une premi\u00e8re consultation l\u00e9gale\n<\/td>\n<td>Sans frais\n<\/td>\n<td>Assistance imm\u00e9diate, fusion IA et juriste\n<\/td>\n<td>Service en forte croissance offrant un accompagnement \u00e9largi dans le processus judiciaire\n<\/td>\n<\/tr>\n<tr>\n<td>Juri-Legal\n<\/td>\n<td>Consultation juridique (t\u00e9l\u00e9phone, chat, visio) \u2014 prix factur\u00e9 \u00e0 la minute\n<\/td>\n<td>Tarif variable selon l\u2019avocat (facturation \u00e0 la minute)\n<\/td>\n<td>Souplesse : choix de l\u2019avocat, facturation bas\u00e9e sur le temps r\u00e9el d\u2019utilisation\n<\/td>\n<td>Site en perte d\u2019attractivit\u00e9 : peu d\u2019avocats en ligne, fonctionnalit\u00e9s restantes surtout \u00e0 titre d\u2019exemple\n<\/td>\n<\/tr>\n<tr>\n<td>Juste un Renseignement\n<\/td>\n<td>Avocat freelance \u2014 conseils imm\u00e9diats \u00e0 distance\n<\/td>\n<td>Forfait initial \u00e0 30 \u20ac ; suivi de 20 \u20ac pour 15 minutes ou 120 \u20ac de l\u2019heure selon le type de service\n<\/td>\n<td>Adapt\u00e9 pour une aide instantan\u00e9e et accessible\n<\/td>\n<td>Conseils r\u00e9duits pour les affaires \u00e9labor\u00e9es\n<\/td>\n<\/tr>\n<tr>\n<td>VotreJuriste\n<\/td>\n<td>Portail de recherche de clients \u2014 prise de rendez-vous en ligne avec gestion de back office\n<\/td>\n<td>75 \u20ac toutes taxes incluses (consultation par t\u00e9l\u00e9phone annonc\u00e9e)\n<\/td>\n<td>Montant affich\u00e9, r\u00e9servation en ligne\n<\/td>\n<td>Organisation difficile \u00e0 comprendre : back office unique, adresse et structure peu claires\n<\/td>\n<\/tr>\n<tr>\n<td>Avocats-en-ligne\n<\/td>\n<td>Demande de consultation avec un avocat (r\u00e9ponse en ligne non imm\u00e9diate)\n<\/td>\n<td>Co\u00fbt d\u2019entr\u00e9e : 39 \u20ac toutes taxes incluses pour une consultation d\u2019environ 20 minutes\n<\/td>\n<td>Prix d\u2019appel transparent, couverture vari\u00e9e de domaines\n<\/td>\n<td>R\u00e9ponse en ligne pas imm\u00e9diate \u2014 rendez-vous \u00e0 organiser\n<\/td>\n<\/tr>\n<tr>\n<td>Juriclic.net\n<\/td>\n<td>Prise de rendez-vous avec juristes\/avocats, diverses options disponibles\n<\/td>\n<td>Tarifs : 25 \u20ac, 30 \u20ac ou 45 \u20ac selon le type de prestation\n<\/td>\n<td>Tarification avantageuse et formules diversifi\u00e9es\n<\/td>\n<td>Pas de r\u00e9ponse instantan\u00e9e \u2014 service sur rendez-vous<\/td>\n<\/tr>\n<\/tbody>\n<\/table>\n<h3>Comment trouver un avocat comp\u00e9tent en droit du travail ?<\/h3>\n<p>Pour s\u00e9lectionner un avocat sp\u00e9cialis\u00e9 en droit du travail, il est essentiel de respecter certaines \u00e9tapes fondamentales. Tout d\u2019abord, examinez les qualifications de l\u2019avocat en vous assurant qu\u2019il a une exp\u00e9rience solide dans le domaine de le droit du travail et qu\u2019il fait partie d\u2019un cabinet r\u00e9put\u00e9, ce qui atteste de sa cr\u00e9dibilit\u00e9. Ensuite, renseignez-vous sur les avis en cherchant des t\u00e9moignages de clients ant\u00e9rieurs pour juger de la qualit\u00e9 du service et du niveau de satisfaction. Il est \u00e9galement utile de rencontrer plusieurs avocats en planifiant des consultations pour aborder votre projet, ce qui vous permettra d\u2019\u00e9valuer la compr\u00e9hension et la strat\u00e9gie de chaque avocat. Enfin, pensez \u00e0 aborder la question des honoraires en vous renseignant sur les tarifs et les modalit\u00e9s de paiement, car certains avocats offrent des consultations gratuites pour analyser votre situation, ce qui peut \u00eatre un bon point de d\u00e9part.<\/p>\n<p><strong>Lecture:<\/strong><\/p>\n<p>De la justice dans la R\u00e9volution et dans l\u2019\u00c9glise\/Premi\u00e8re \u00c9tude,<a target=\"_blank\" rel=\"nofollow\" href=\"https:\/\/www.tribunal-nature.org\/blog\/goto\/https:\/\/fr.wikisource.org\/wiki\/De_la_justice_dans_la_R%C3%A9volution_et_dans_l%E2%80%99%C3%89glise\/Premi%C3%A8re_%C3%89tude\"  rel=\"noopener noreferrer nofollow\" target=\"_blank\">A voir et \u00e0 lire. <\/a><span><\/span>. Disponible sur internet.Les r\u00e9surrections: Justice p\u00e9nale et erreurs judiciaires en Chine,<a target=\"_blank\" rel=\"nofollow\" href=\"https:\/\/www.tribunal-nature.org\/blog\/goto\/https:\/\/booknode.com\/les_resurrections_justice_penale_et_erreurs_judiciaires_en_chine_02646665\"  rel=\"noopener noreferrer nofollow\" target=\"_blank\">Le livre <\/a><span><\/span>.Paroles de palais de justice,<a target=\"_blank\" rel=\"nofollow\" href=\"https:\/\/www.tribunal-nature.org\/blog\/goto\/https:\/\/www.kobo.com\/fr\/fr\/ebook\/paroles-de-palais-de-justice\"  rel=\"noopener noreferrer nofollow\" target=\"_blank\">Ouvrage <\/a><span><\/span>.<\/p>\n<\/p>\n<h3>Quelles sont les possibilit\u00e9s de b\u00e9n\u00e9ficier d\u2019une consultation gratuite ?<\/h3>\n<p>Plusieurs avocats mettent \u00e0 disposition des consultations gratuites pour \u00e9valuer votre situation initiale. Cela vous permet de v\u00e9rifier si l\u2019avocat convient \u00e0 vos attentes sans frais. Renseignez-vous sur les services en ligne qui facilitent ces consultations.<\/p>\n<\/p>\n<h3>Quelles sont les \u00e9tapes pour poser des interrogations \u00e0 un avocat sur Internet ?<\/h3>\n<p>Vous pouvez soumettre vos interrogations \u00e0 travers des plateformes de consultation juridique en ligne, par e-mail, ou lors de votre rendez-vous. Pour obtenir des r\u00e9ponses rapides et fiables aux questions qui vous pr\u00e9occupent, <a target=\"_blank\" rel=\"nofollow\" href=\"https:\/\/www.tribunal-nature.org\/blog\/goto\/https:\/\/www.courtier-avocat-strategie-tribunal-judiciaire.fr\/avocat-en-ligne\/\"  rel=\"noopener noreferrer\" target=\"blank\">Ce service mixte est accessible 24 heures sur 24 7 jours sur 7 afin de clarifier vos interrogations juridiques<\/a>. Assurez-vous de poser vos interrogations de mani\u00e8re d\u00e9taill\u00e9e pour obtenir des r\u00e9ponses explicites.<\/p>\n<\/div>\n","protected":false},"excerpt":{"rendered":"<p>Le titre \u00ab\u00a0Travail le 1er-Mai : la CPME d\u00e9nonce \u00abun sujet incompr\u00e9hensible\u00bb apr\u00e8s le recul du gouvernement\u00a0\u00bb correspond \u00e0 un&#8230;<\/p>\n","protected":false},"author":3,"featured_media":1683,"comment_status":"closed","ping_status":"closed","sticky":false,"template":"","format":"standard","meta":{"footnotes":""},"categories":[2],"tags":[],"class_list":["post-1682","post","type-post","status-publish","format-standard","has-post-thumbnail","hentry","category-droit-de-lenvironnement","wpcat-2-id"],"yoast_head":"<!-- This site is optimized with the Yoast SEO plugin v27.5 - https:\/\/yoast.com\/product\/yoast-seo-wordpress\/ -->\n<title>Avocat; Travail le 1er-Mai : la CPME d\u00e9nonce \u00abun sujet incompr\u00e9hensible\u00bb apr\u00e8s le recul du gouvernement - TRIBUNAL-NATURE<\/title>\n<meta name=\"description\" content=\"Avocat; Travail le 1er-Mai : la CPME d\u00e9nonce \u00abun sujet incompr\u00e9hensible\u00bb apr\u00e8s le recul du gouvernement article de TRIBUNAL-NATURE\" \/>\n<meta name=\"robots\" content=\"index, follow, max-snippet:-1, max-image-preview:large, max-video-preview:-1\" \/>\n<link rel=\"canonical\" href=\"https:\/\/www.tribunal-nature.org\/blog\/avocat-travail-le-1er-mai-la-cpme-denonce-un-sujet-incomprehensible-apres-le-recul-du-gouvernement\/\" \/>\n<meta property=\"og:locale\" content=\"fr_FR\" \/>\n<meta property=\"og:type\" content=\"article\" \/>\n<meta property=\"og:title\" content=\"Avocat; Travail le 1er-Mai : la CPME d\u00e9nonce \u00abun sujet incompr\u00e9hensible\u00bb apr\u00e8s le recul du gouvernement - TRIBUNAL-NATURE\" \/>\n<meta property=\"og:description\" content=\"Avocat; Travail le 1er-Mai : la CPME d\u00e9nonce \u00abun sujet incompr\u00e9hensible\u00bb apr\u00e8s le recul du gouvernement article de TRIBUNAL-NATURE\" \/>\n<meta property=\"og:url\" content=\"https:\/\/www.tribunal-nature.org\/blog\/avocat-travail-le-1er-mai-la-cpme-denonce-un-sujet-incomprehensible-apres-le-recul-du-gouvernement\/\" \/>\n<meta property=\"og:site_name\" content=\"TRIBUNAL-NATURE\" \/>\n<meta property=\"article:published_time\" content=\"2026-04-20T16:00:14+00:00\" \/>\n<meta property=\"og:image\" content=\"https:\/\/www.tribunal-nature.org\/blog\/wp-content\/uploads\/2026\/04\/travail-le-1er-mai-la-cpme-denonce-un-sujet-incomprehensible-apres-le-recul-du-gouvernement-1024x538-1.jpg\" \/>\n<meta name=\"author\" content=\"Isabelle LOUBEAU\" \/>\n<meta name=\"twitter:card\" content=\"summary_large_image\" \/>\n<meta name=\"twitter:label1\" content=\"\u00c9crit par\" \/>\n\t<meta name=\"twitter:data1\" content=\"Isabelle LOUBEAU\" \/>\n\t<meta name=\"twitter:label2\" content=\"Dur\u00e9e de lecture estim\u00e9e\" \/>\n\t<meta name=\"twitter:data2\" content=\"9 minutes\" \/>\n<script type=\"application\/ld+json\" class=\"yoast-schema-graph\">{\"@context\":\"https:\\\/\\\/schema.org\",\"@graph\":[{\"@type\":\"Article\",\"@id\":\"https:\\\/\\\/www.tribunal-nature.org\\\/blog\\\/avocat-travail-le-1er-mai-la-cpme-denonce-un-sujet-incomprehensible-apres-le-recul-du-gouvernement\\\/#article\",\"isPartOf\":{\"@id\":\"https:\\\/\\\/www.tribunal-nature.org\\\/blog\\\/avocat-travail-le-1er-mai-la-cpme-denonce-un-sujet-incomprehensible-apres-le-recul-du-gouvernement\\\/\"},\"author\":{\"name\":\"Isabelle LOUBEAU\",\"@id\":\"https:\\\/\\\/www.tribunal-nature.org\\\/blog\\\/#\\\/schema\\\/person\\\/55761caf7544da6b05b60523f2a0855f\"},\"headline\":\"Avocat; Travail le 1er-Mai : la CPME d\u00e9nonce \u00abun sujet incompr\u00e9hensible\u00bb apr\u00e8s le recul du gouvernement\",\"datePublished\":\"2026-04-20T16:00:14+00:00\",\"mainEntityOfPage\":{\"@id\":\"https:\\\/\\\/www.tribunal-nature.org\\\/blog\\\/avocat-travail-le-1er-mai-la-cpme-denonce-un-sujet-incomprehensible-apres-le-recul-du-gouvernement\\\/\"},\"wordCount\":1873,\"publisher\":{\"@id\":\"https:\\\/\\\/www.tribunal-nature.org\\\/blog\\\/#organization\"},\"image\":{\"@id\":\"https:\\\/\\\/www.tribunal-nature.org\\\/blog\\\/avocat-travail-le-1er-mai-la-cpme-denonce-un-sujet-incomprehensible-apres-le-recul-du-gouvernement\\\/#primaryimage\"},\"thumbnailUrl\":\"https:\\\/\\\/www.tribunal-nature.org\\\/blog\\\/wp-content\\\/uploads\\\/2026\\\/04\\\/travail-le-1er-mai-la-cpme-denonce-un-sujet-incomprehensible-apres-le-recul-du-gouvernement-1024x538-1.jpg\",\"articleSection\":[\"Droit De L'Environnement:\"],\"inLanguage\":\"fr-FR\"},{\"@type\":\"WebPage\",\"@id\":\"https:\\\/\\\/www.tribunal-nature.org\\\/blog\\\/avocat-travail-le-1er-mai-la-cpme-denonce-un-sujet-incomprehensible-apres-le-recul-du-gouvernement\\\/\",\"url\":\"https:\\\/\\\/www.tribunal-nature.org\\\/blog\\\/avocat-travail-le-1er-mai-la-cpme-denonce-un-sujet-incomprehensible-apres-le-recul-du-gouvernement\\\/\",\"name\":\"Avocat; Travail le 1er-Mai : la CPME d\u00e9nonce \u00abun sujet incompr\u00e9hensible\u00bb apr\u00e8s le recul du gouvernement - TRIBUNAL-NATURE\",\"isPartOf\":{\"@id\":\"https:\\\/\\\/www.tribunal-nature.org\\\/blog\\\/#website\"},\"primaryImageOfPage\":{\"@id\":\"https:\\\/\\\/www.tribunal-nature.org\\\/blog\\\/avocat-travail-le-1er-mai-la-cpme-denonce-un-sujet-incomprehensible-apres-le-recul-du-gouvernement\\\/#primaryimage\"},\"image\":{\"@id\":\"https:\\\/\\\/www.tribunal-nature.org\\\/blog\\\/avocat-travail-le-1er-mai-la-cpme-denonce-un-sujet-incomprehensible-apres-le-recul-du-gouvernement\\\/#primaryimage\"},\"thumbnailUrl\":\"https:\\\/\\\/www.tribunal-nature.org\\\/blog\\\/wp-content\\\/uploads\\\/2026\\\/04\\\/travail-le-1er-mai-la-cpme-denonce-un-sujet-incomprehensible-apres-le-recul-du-gouvernement-1024x538-1.jpg\",\"datePublished\":\"2026-04-20T16:00:14+00:00\",\"description\":\"Avocat; Travail le 1er-Mai : la CPME d\u00e9nonce \u00abun sujet incompr\u00e9hensible\u00bb apr\u00e8s le recul du gouvernement article de TRIBUNAL-NATURE\",\"breadcrumb\":{\"@id\":\"https:\\\/\\\/www.tribunal-nature.org\\\/blog\\\/avocat-travail-le-1er-mai-la-cpme-denonce-un-sujet-incomprehensible-apres-le-recul-du-gouvernement\\\/#breadcrumb\"},\"inLanguage\":\"fr-FR\",\"potentialAction\":[{\"@type\":\"ReadAction\",\"target\":[\"https:\\\/\\\/www.tribunal-nature.org\\\/blog\\\/avocat-travail-le-1er-mai-la-cpme-denonce-un-sujet-incomprehensible-apres-le-recul-du-gouvernement\\\/\"]}]},{\"@type\":\"ImageObject\",\"inLanguage\":\"fr-FR\",\"@id\":\"https:\\\/\\\/www.tribunal-nature.org\\\/blog\\\/avocat-travail-le-1er-mai-la-cpme-denonce-un-sujet-incomprehensible-apres-le-recul-du-gouvernement\\\/#primaryimage\",\"url\":\"https:\\\/\\\/www.tribunal-nature.org\\\/blog\\\/wp-content\\\/uploads\\\/2026\\\/04\\\/travail-le-1er-mai-la-cpme-denonce-un-sujet-incomprehensible-apres-le-recul-du-gouvernement-1024x538-1.jpg\",\"contentUrl\":\"https:\\\/\\\/www.tribunal-nature.org\\\/blog\\\/wp-content\\\/uploads\\\/2026\\\/04\\\/travail-le-1er-mai-la-cpme-denonce-un-sujet-incomprehensible-apres-le-recul-du-gouvernement-1024x538-1.jpg\",\"width\":1024,\"height\":538,\"caption\":\"travail le 1er mai la cpme denonce un sujet incomprehensible apres le recul du gouvernement 1024x538 1\"},{\"@type\":\"BreadcrumbList\",\"@id\":\"https:\\\/\\\/www.tribunal-nature.org\\\/blog\\\/avocat-travail-le-1er-mai-la-cpme-denonce-un-sujet-incomprehensible-apres-le-recul-du-gouvernement\\\/#breadcrumb\",\"itemListElement\":[{\"@type\":\"ListItem\",\"position\":1,\"name\":\"Accueil\",\"item\":\"https:\\\/\\\/www.tribunal-nature.org\\\/blog\\\/\"},{\"@type\":\"ListItem\",\"position\":2,\"name\":\"Avocat; Travail le 1er-Mai : la CPME d\u00e9nonce \u00abun sujet incompr\u00e9hensible\u00bb apr\u00e8s le recul du gouvernement\"}]},{\"@type\":\"WebSite\",\"@id\":\"https:\\\/\\\/www.tribunal-nature.org\\\/blog\\\/#website\",\"url\":\"https:\\\/\\\/www.tribunal-nature.org\\\/blog\\\/\",\"name\":\"TRIBUNAL-NATURE\",\"description\":\"Droit De L&#039;Environnement.\",\"publisher\":{\"@id\":\"https:\\\/\\\/www.tribunal-nature.org\\\/blog\\\/#organization\"},\"potentialAction\":[{\"@type\":\"SearchAction\",\"target\":{\"@type\":\"EntryPoint\",\"urlTemplate\":\"https:\\\/\\\/www.tribunal-nature.org\\\/blog\\\/?s={search_term_string}\"},\"query-input\":{\"@type\":\"PropertyValueSpecification\",\"valueRequired\":true,\"valueName\":\"search_term_string\"}}],\"inLanguage\":\"fr-FR\"},{\"@type\":\"Organization\",\"@id\":\"https:\\\/\\\/www.tribunal-nature.org\\\/blog\\\/#organization\",\"name\":\"tribunal-nature\",\"url\":\"https:\\\/\\\/www.tribunal-nature.org\\\/blog\\\/\",\"logo\":{\"@type\":\"ImageObject\",\"inLanguage\":\"fr-FR\",\"@id\":\"https:\\\/\\\/www.tribunal-nature.org\\\/blog\\\/#\\\/schema\\\/logo\\\/image\\\/\",\"url\":\"https:\\\/\\\/www.tribunal-nature.org\\\/blog\\\/wp-content\\\/uploads\\\/2022\\\/05\\\/logo-2.png\",\"contentUrl\":\"https:\\\/\\\/www.tribunal-nature.org\\\/blog\\\/wp-content\\\/uploads\\\/2022\\\/05\\\/logo-2.png\",\"width\":180,\"height\":180,\"caption\":\"tribunal-nature\"},\"image\":{\"@id\":\"https:\\\/\\\/www.tribunal-nature.org\\\/blog\\\/#\\\/schema\\\/logo\\\/image\\\/\"}},{\"@type\":\"Person\",\"@id\":\"https:\\\/\\\/www.tribunal-nature.org\\\/blog\\\/#\\\/schema\\\/person\\\/55761caf7544da6b05b60523f2a0855f\",\"name\":\"Isabelle LOUBEAU\",\"image\":{\"@type\":\"ImageObject\",\"inLanguage\":\"fr-FR\",\"@id\":\"https:\\\/\\\/secure.gravatar.com\\\/avatar\\\/b6912620aca78633bf5d50400888815d3b38a1118e82b94050843f411f3f5972?s=96&d=mm&r=g\",\"url\":\"https:\\\/\\\/secure.gravatar.com\\\/avatar\\\/b6912620aca78633bf5d50400888815d3b38a1118e82b94050843f411f3f5972?s=96&d=mm&r=g\",\"contentUrl\":\"https:\\\/\\\/secure.gravatar.com\\\/avatar\\\/b6912620aca78633bf5d50400888815d3b38a1118e82b94050843f411f3f5972?s=96&d=mm&r=g\",\"caption\":\"Isabelle LOUBEAU\"},\"url\":\"https:\\\/\\\/www.tribunal-nature.org\\\/blog\\\/author\\\/ureisabelle\\\/\"}]}<\/script>\n<!-- \/ Yoast SEO plugin. -->","yoast_head_json":{"title":"Avocat; Travail le 1er-Mai : la CPME d\u00e9nonce \u00abun sujet incompr\u00e9hensible\u00bb apr\u00e8s le recul du gouvernement - TRIBUNAL-NATURE","description":"Avocat; Travail le 1er-Mai : la CPME d\u00e9nonce \u00abun sujet incompr\u00e9hensible\u00bb apr\u00e8s le recul du gouvernement article de TRIBUNAL-NATURE","robots":{"index":"index","follow":"follow","max-snippet":"max-snippet:-1","max-image-preview":"max-image-preview:large","max-video-preview":"max-video-preview:-1"},"canonical":"https:\/\/www.tribunal-nature.org\/blog\/avocat-travail-le-1er-mai-la-cpme-denonce-un-sujet-incomprehensible-apres-le-recul-du-gouvernement\/","og_locale":"fr_FR","og_type":"article","og_title":"Avocat; Travail le 1er-Mai : la CPME d\u00e9nonce \u00abun sujet incompr\u00e9hensible\u00bb apr\u00e8s le recul du gouvernement - TRIBUNAL-NATURE","og_description":"Avocat; Travail le 1er-Mai : la CPME d\u00e9nonce \u00abun sujet incompr\u00e9hensible\u00bb apr\u00e8s le recul du gouvernement article de TRIBUNAL-NATURE","og_url":"https:\/\/www.tribunal-nature.org\/blog\/avocat-travail-le-1er-mai-la-cpme-denonce-un-sujet-incomprehensible-apres-le-recul-du-gouvernement\/","og_site_name":"TRIBUNAL-NATURE","article_published_time":"2026-04-20T16:00:14+00:00","og_image":[{"url":"https:\/\/www.tribunal-nature.org\/blog\/wp-content\/uploads\/2026\/04\/travail-le-1er-mai-la-cpme-denonce-un-sujet-incomprehensible-apres-le-recul-du-gouvernement-1024x538-1.jpg","type":"","width":"","height":""}],"author":"Isabelle LOUBEAU","twitter_card":"summary_large_image","twitter_misc":{"\u00c9crit par":"Isabelle LOUBEAU","Dur\u00e9e de lecture estim\u00e9e":"9 minutes"},"schema":{"@context":"https:\/\/schema.org","@graph":[{"@type":"Article","@id":"https:\/\/www.tribunal-nature.org\/blog\/avocat-travail-le-1er-mai-la-cpme-denonce-un-sujet-incomprehensible-apres-le-recul-du-gouvernement\/#article","isPartOf":{"@id":"https:\/\/www.tribunal-nature.org\/blog\/avocat-travail-le-1er-mai-la-cpme-denonce-un-sujet-incomprehensible-apres-le-recul-du-gouvernement\/"},"author":{"name":"Isabelle LOUBEAU","@id":"https:\/\/www.tribunal-nature.org\/blog\/#\/schema\/person\/55761caf7544da6b05b60523f2a0855f"},"headline":"Avocat; Travail le 1er-Mai : la CPME d\u00e9nonce \u00abun sujet incompr\u00e9hensible\u00bb apr\u00e8s le recul du gouvernement","datePublished":"2026-04-20T16:00:14+00:00","mainEntityOfPage":{"@id":"https:\/\/www.tribunal-nature.org\/blog\/avocat-travail-le-1er-mai-la-cpme-denonce-un-sujet-incomprehensible-apres-le-recul-du-gouvernement\/"},"wordCount":1873,"publisher":{"@id":"https:\/\/www.tribunal-nature.org\/blog\/#organization"},"image":{"@id":"https:\/\/www.tribunal-nature.org\/blog\/avocat-travail-le-1er-mai-la-cpme-denonce-un-sujet-incomprehensible-apres-le-recul-du-gouvernement\/#primaryimage"},"thumbnailUrl":"https:\/\/www.tribunal-nature.org\/blog\/wp-content\/uploads\/2026\/04\/travail-le-1er-mai-la-cpme-denonce-un-sujet-incomprehensible-apres-le-recul-du-gouvernement-1024x538-1.jpg","articleSection":["Droit De L'Environnement:"],"inLanguage":"fr-FR"},{"@type":"WebPage","@id":"https:\/\/www.tribunal-nature.org\/blog\/avocat-travail-le-1er-mai-la-cpme-denonce-un-sujet-incomprehensible-apres-le-recul-du-gouvernement\/","url":"https:\/\/www.tribunal-nature.org\/blog\/avocat-travail-le-1er-mai-la-cpme-denonce-un-sujet-incomprehensible-apres-le-recul-du-gouvernement\/","name":"Avocat; Travail le 1er-Mai : la CPME d\u00e9nonce \u00abun sujet incompr\u00e9hensible\u00bb apr\u00e8s le recul du gouvernement - TRIBUNAL-NATURE","isPartOf":{"@id":"https:\/\/www.tribunal-nature.org\/blog\/#website"},"primaryImageOfPage":{"@id":"https:\/\/www.tribunal-nature.org\/blog\/avocat-travail-le-1er-mai-la-cpme-denonce-un-sujet-incomprehensible-apres-le-recul-du-gouvernement\/#primaryimage"},"image":{"@id":"https:\/\/www.tribunal-nature.org\/blog\/avocat-travail-le-1er-mai-la-cpme-denonce-un-sujet-incomprehensible-apres-le-recul-du-gouvernement\/#primaryimage"},"thumbnailUrl":"https:\/\/www.tribunal-nature.org\/blog\/wp-content\/uploads\/2026\/04\/travail-le-1er-mai-la-cpme-denonce-un-sujet-incomprehensible-apres-le-recul-du-gouvernement-1024x538-1.jpg","datePublished":"2026-04-20T16:00:14+00:00","description":"Avocat; Travail le 1er-Mai : la CPME d\u00e9nonce \u00abun sujet incompr\u00e9hensible\u00bb apr\u00e8s le recul du gouvernement article de TRIBUNAL-NATURE","breadcrumb":{"@id":"https:\/\/www.tribunal-nature.org\/blog\/avocat-travail-le-1er-mai-la-cpme-denonce-un-sujet-incomprehensible-apres-le-recul-du-gouvernement\/#breadcrumb"},"inLanguage":"fr-FR","potentialAction":[{"@type":"ReadAction","target":["https:\/\/www.tribunal-nature.org\/blog\/avocat-travail-le-1er-mai-la-cpme-denonce-un-sujet-incomprehensible-apres-le-recul-du-gouvernement\/"]}]},{"@type":"ImageObject","inLanguage":"fr-FR","@id":"https:\/\/www.tribunal-nature.org\/blog\/avocat-travail-le-1er-mai-la-cpme-denonce-un-sujet-incomprehensible-apres-le-recul-du-gouvernement\/#primaryimage","url":"https:\/\/www.tribunal-nature.org\/blog\/wp-content\/uploads\/2026\/04\/travail-le-1er-mai-la-cpme-denonce-un-sujet-incomprehensible-apres-le-recul-du-gouvernement-1024x538-1.jpg","contentUrl":"https:\/\/www.tribunal-nature.org\/blog\/wp-content\/uploads\/2026\/04\/travail-le-1er-mai-la-cpme-denonce-un-sujet-incomprehensible-apres-le-recul-du-gouvernement-1024x538-1.jpg","width":1024,"height":538,"caption":"travail le 1er mai la cpme denonce un sujet incomprehensible apres le recul du gouvernement 1024x538 1"},{"@type":"BreadcrumbList","@id":"https:\/\/www.tribunal-nature.org\/blog\/avocat-travail-le-1er-mai-la-cpme-denonce-un-sujet-incomprehensible-apres-le-recul-du-gouvernement\/#breadcrumb","itemListElement":[{"@type":"ListItem","position":1,"name":"Accueil","item":"https:\/\/www.tribunal-nature.org\/blog\/"},{"@type":"ListItem","position":2,"name":"Avocat; Travail le 1er-Mai : la CPME d\u00e9nonce \u00abun sujet incompr\u00e9hensible\u00bb apr\u00e8s le recul du gouvernement"}]},{"@type":"WebSite","@id":"https:\/\/www.tribunal-nature.org\/blog\/#website","url":"https:\/\/www.tribunal-nature.org\/blog\/","name":"TRIBUNAL-NATURE","description":"Droit De L&#039;Environnement.","publisher":{"@id":"https:\/\/www.tribunal-nature.org\/blog\/#organization"},"potentialAction":[{"@type":"SearchAction","target":{"@type":"EntryPoint","urlTemplate":"https:\/\/www.tribunal-nature.org\/blog\/?s={search_term_string}"},"query-input":{"@type":"PropertyValueSpecification","valueRequired":true,"valueName":"search_term_string"}}],"inLanguage":"fr-FR"},{"@type":"Organization","@id":"https:\/\/www.tribunal-nature.org\/blog\/#organization","name":"tribunal-nature","url":"https:\/\/www.tribunal-nature.org\/blog\/","logo":{"@type":"ImageObject","inLanguage":"fr-FR","@id":"https:\/\/www.tribunal-nature.org\/blog\/#\/schema\/logo\/image\/","url":"https:\/\/www.tribunal-nature.org\/blog\/wp-content\/uploads\/2022\/05\/logo-2.png","contentUrl":"https:\/\/www.tribunal-nature.org\/blog\/wp-content\/uploads\/2022\/05\/logo-2.png","width":180,"height":180,"caption":"tribunal-nature"},"image":{"@id":"https:\/\/www.tribunal-nature.org\/blog\/#\/schema\/logo\/image\/"}},{"@type":"Person","@id":"https:\/\/www.tribunal-nature.org\/blog\/#\/schema\/person\/55761caf7544da6b05b60523f2a0855f","name":"Isabelle LOUBEAU","image":{"@type":"ImageObject","inLanguage":"fr-FR","@id":"https:\/\/secure.gravatar.com\/avatar\/b6912620aca78633bf5d50400888815d3b38a1118e82b94050843f411f3f5972?s=96&d=mm&r=g","url":"https:\/\/secure.gravatar.com\/avatar\/b6912620aca78633bf5d50400888815d3b38a1118e82b94050843f411f3f5972?s=96&d=mm&r=g","contentUrl":"https:\/\/secure.gravatar.com\/avatar\/b6912620aca78633bf5d50400888815d3b38a1118e82b94050843f411f3f5972?s=96&d=mm&r=g","caption":"Isabelle LOUBEAU"},"url":"https:\/\/www.tribunal-nature.org\/blog\/author\/ureisabelle\/"}]}},"_links":{"self":[{"href":"https:\/\/www.tribunal-nature.org\/blog\/wp-json\/wp\/v2\/posts\/1682","targetHints":{"allow":["GET"]}}],"collection":[{"href":"https:\/\/www.tribunal-nature.org\/blog\/wp-json\/wp\/v2\/posts"}],"about":[{"href":"https:\/\/www.tribunal-nature.org\/blog\/wp-json\/wp\/v2\/types\/post"}],"author":[{"embeddable":true,"href":"https:\/\/www.tribunal-nature.org\/blog\/wp-json\/wp\/v2\/users\/3"}],"replies":[{"embeddable":true,"href":"https:\/\/www.tribunal-nature.org\/blog\/wp-json\/wp\/v2\/comments?post=1682"}],"version-history":[{"count":0,"href":"https:\/\/www.tribunal-nature.org\/blog\/wp-json\/wp\/v2\/posts\/1682\/revisions"}],"wp:featuredmedia":[{"embeddable":true,"href":"https:\/\/www.tribunal-nature.org\/blog\/wp-json\/wp\/v2\/media\/1683"}],"wp:attachment":[{"href":"https:\/\/www.tribunal-nature.org\/blog\/wp-json\/wp\/v2\/media?parent=1682"}],"wp:term":[{"taxonomy":"category","embeddable":true,"href":"https:\/\/www.tribunal-nature.org\/blog\/wp-json\/wp\/v2\/categories?post=1682"},{"taxonomy":"post_tag","embeddable":true,"href":"https:\/\/www.tribunal-nature.org\/blog\/wp-json\/wp\/v2\/tags?post=1682"}],"curies":[{"name":"wp","href":"https:\/\/api.w.org\/{rel}","templated":true}]}}