{"id":1664,"date":"2026-04-08T15:02:04","date_gmt":"2026-04-08T13:02:04","guid":{"rendered":"https:\/\/www.tribunal-nature.org\/blog\/avocat-maitre-anne-quentier-la-sante-mentale-au-travail-reste-une-priorite\/"},"modified":"2026-04-08T15:02:04","modified_gmt":"2026-04-08T13:02:04","slug":"avocat-maitre-anne-quentier-la-sante-mentale-au-travail-reste-une-priorite","status":"publish","type":"post","link":"https:\/\/www.tribunal-nature.org\/blog\/avocat-maitre-anne-quentier-la-sante-mentale-au-travail-reste-une-priorite\/","title":{"rendered":"Avocat; Ma\u00eetre Anne Quentier : la sant\u00e9 mentale au travail reste une priorit\u00e9"},"content":{"rendered":"<div><img width=\"750\" height=\"394\" src=\"https:\/\/www.tribunal-nature.org\/blog\/wp-content\/uploads\/2026\/04\/maitre-anne-quentier-la-sante-mentale-au-travail-reste-une-priorite-1024x538-1.jpg\" class=\"attachment-large size-large wp-post-image\" alt=\"\" style=\"width:100%;height:52.5%;max-width:1200px;float:left; margin:0 15px 15px 0;\" decoding=\"async\" srcset=\"https:\/\/www.tribunal-nature.org\/blog\/wp-content\/uploads\/2026\/04\/maitre-anne-quentier-la-sante-mentale-au-travail-reste-une-priorite-1024x538-1.jpg 1024w, https:\/\/www.site.cdcl.xyz\/wp-content\/uploads\/2026\/04\/maitre-anne-quentier-la-sante-mentale-au-travail-reste-une-priorite-300x158.jpg 300w, https:\/\/www.site.cdcl.xyz\/wp-content\/uploads\/2026\/04\/maitre-anne-quentier-la-sante-mentale-au-travail-reste-une-priorite-768x403.jpg 768w, https:\/\/www.site.cdcl.xyz\/wp-content\/uploads\/2026\/04\/maitre-anne-quentier-la-sante-mentale-au-travail-reste-une-priorite.jpg 1200w\" sizes=\"(max-width: 750px) 100vw, 750px\"><\/p>\n<p>\nL\u2019article avec le titre \u00ab\u00a0Ma\u00eetre Anne Quentier : la sant\u00e9 mentale au travail reste une priorit\u00e9\u00a0\u00bb a \u00e9t\u00e9 mis en ligne r\u00e9cemment. <\/p>\n<div>\n<p>Comme le lui disait son professeur d\u2019universit\u00e9 en droit social, cette discipline est celle des r\u00e9alit\u00e9s humaines et \u00e9conomiques de l\u2019entreprise. \u00ab <em>La sant\u00e9 mentale au travail est ainsi de toute \u00e9vidence au c\u0153ur des pr\u00e9occupations des organisations <\/em>\u00bb, affirme Anne Quentier. Elle pr\u00e9cise que \u00ab<em> ce n\u2019est pas par hasard qu\u2019en 2026, la sant\u00e9 mentale est de nouveau d\u00e9clar\u00e9e grande cause nationale.<\/em> \u00bb<\/p>\n<h2 class=\"no-inject-ads\" id=\"d7vpu\"><strong>La sant\u00e9 mentale, au c\u0153ur des enjeux<\/strong><\/h2>\n<p>Le sujet des risques psychosociaux n\u2019est pas anodin. Selon le Barom\u00e8tre de la sant\u00e9 mentale, en 2023, les maladies psychiques d\u2019origine professionnelle ont augment\u00e9 de 25%, avec pr\u00e8s de 12000 accidents du travail li\u00e9s aux risques psychosociaux (RPS). Selon Qualisocial-Ipsos, 25% des salari\u00e9s fran\u00e7ais d\u00e9clarent \u00eatre en mauvaise sant\u00e9 mentale. Les troubles anxieux, d\u00e9pressifs, le <em>burn-out<\/em>, les violences physiques et psychologiques (harc\u00e8lement moral, violences sexistes et sexuelles, discriminations\u2026) figurent parmi les premi\u00e8res causes d\u2019arr\u00eats de travail de longue dur\u00e9e.<\/p>\n<p>Ces troubles ont un impact direct sur la vie des entreprises : absent\u00e9isme, <em>turnover<\/em>, d\u00e9gradation de l\u2019ambiance de travail et de l\u2019image de l\u2019entreprise\u2026 Un co\u00fbt r\u00e9el pour les entreprises et la soci\u00e9t\u00e9. La mauvaise organisation du travail et la d\u00e9gradation de la sant\u00e9 mentale peuvent co\u00fbter plus de 13000 euros par salari\u00e9 chaque ann\u00e9e en raison des pertes de productivit\u00e9, des d\u00e9parts de salari\u00e9s ou des difficult\u00e9s de recrutement. \u00c0 l\u2019\u00e9chelle europ\u00e9enne, l\u2019impact \u00e9conomique est tr\u00e8s significatif : la d\u00e9gradation de la sant\u00e9 psychologique li\u00e9e au travail repr\u00e9senterait entre 3% et 4% du PIB (selon la Commission europ\u00e9enne), illustrant l\u2019ampleur de ce ph\u00e9nom\u00e8ne pour l\u2019\u00e9conomie et la comp\u00e9titivit\u00e9.<\/p>\n<p>Le droit du travail est pourtant clair : \u00ab <em>L\u2019entreprise a l\u2019obligation de prot\u00e9ger la sant\u00e9 physique et mentale de ses salari\u00e9s. L\u2019employeur est tenu de mettre en \u0153uvre des actions de pr\u00e9vention des risques psychosociaux comme pour tout autre risque professionnel, de former ses salari\u00e9s et de mettre en place une organisation et des moyens adapt\u00e9s<\/em> \u00bb, alerte Anne Quentier.<\/p>\n<div class=\"pmdBoneImage\">\n<div class=\"image ratio-16x9 article-image no-inject-ads\"><\/div>\n<p><i class=\"article-imageCredit\">\u00a9 Droit social et S\u00e9curit\u00e9 priv\u00e9e, les deux fers de lance de Ma\u00eetre Anne Quentier. \u00a9LSIX Law Firm<\/i><\/p>\n<\/div>\n<h2 class=\"no-inject-ads\" id=\"123gs\"><strong>Le r\u00f4le du management est central<\/strong><\/h2>\n<p>\u00ab <em>Il est n\u00e9cessaire d\u2019int\u00e9grer la sant\u00e9 mentale dans la strat\u00e9gie globale de gestion des ressources humaines, en menant par exemple des diagnostics r\u00e9guliers des risques psychosociaux, des enqu\u00eates internes, des barom\u00e8tres de climat social ou des entretiens anonymes <\/em>\u00bb, annonce Anne Quentier.<\/p>\n<p>Ces outils permettent d\u2019identifier les facteurs de stress li\u00e9s \u00e0 l\u2019organisation du travail, \u00e0 la charge de travail ou aux modes de management. Les entreprises peuvent \u00e9galement agir sur l\u2019organisation du travail en favorisant un meilleur \u00e9quilibre entre vie professionnelle et vie personnelle : t\u00e9l\u00e9travail encadr\u00e9, droit \u00e0 la d\u00e9connexion, gestion r\u00e9aliste des objectifs ou encore flexibilit\u00e9 des horaires.<\/p>\n<p>Former les <em>managers<\/em> \u00e0 la d\u00e9tection des signaux faibles (fatigue, isolement, baisse de performance inhabituelle) contribue \u00e0 pr\u00e9venir plus efficacement les situations de mal-\u00eatre. Les organisations mettent aussi en place des dispositifs d\u2019accompagnement tels que des cellules d\u2019\u00e9coute psychologique, des programmes d\u2019aide aux employ\u00e9s (<em>Employee Assistance Programs<\/em>), l\u2019acc\u00e8s \u00e0 des psychologues du travail ou des r\u00e9f\u00e9rents bien-\u00eatre. Par ailleurs, diff\u00e9rentes applications num\u00e9riques se d\u00e9veloppent \u00e9galement.<\/p>\n<p>La promotion d\u2019une culture d\u2019entreprise ouverte sur les questions de sant\u00e9 mentale contribue \u00e0 r\u00e9duire les tabous et encourage les salari\u00e9s \u00e0 exprimer leurs difficult\u00e9s sans crainte de stigmatisation. Selon Anne Quentier : \u00ab <em>La valorisation d\u2019un environnement de travail sain, par la reconnaissance du travail accompli et le d\u00e9veloppement des comp\u00e9tences, constitue un levier puissant pour renforcer l\u2019engagement des \u00e9quipes et positionner l\u2019entreprise comme un employeur attractif sur un march\u00e9 de plus en plus attentif \u00e0 la qualit\u00e9 de vie au travail. <\/em>\u00bb<\/p>\n<div class=\"pmdBoneImage\">\n<div class=\"image ratio-16x9 article-image no-inject-ads\"><\/div>\n<p><i class=\"article-imageCredit\">\u00a9 Selon Ma\u00eetre Anne Quentier, la sant\u00e9 mentale doit faire partie int\u00e9grante de la strat\u00e9gie de gestion des RH. \u00a9LSIX Law Firm<\/i><\/p>\n<\/div>\n<h2 class=\"no-inject-ads\" id=\"3f55q\"><strong>Des dirigeants activement engag\u00e9s<\/strong><\/h2>\n<p>\u00ab <em>Le r\u00f4le d\u2019un cabinet d\u2019avocats comme le mien est de faire le lien entre la norme, la r\u00e9alit\u00e9 op\u00e9rationnelle et les responsabilit\u00e9s en mati\u00e8re de RPS<\/em> \u00bb, affirme l\u2019avocate. Elle ajoute : \u00ab <em>Il est essentiel de sentir que la direction soutient les projets. Mon exp\u00e9rience a toujours montr\u00e9 que c\u2019est le cas en mati\u00e8re de sant\u00e9 mentale, car tout le monde est finalement concern\u00e9.<\/em> \u00bb<\/p>\n<p>LSIX Law Firm montre ainsi que le droit du travail ne repose pas seulement sur un r\u00e9flexe contentieux. Il peut aussi accompagner la mise en \u0153uvre et l\u2019anticipation de projets structurants pour les entreprises, puisqu\u2019il organise la vie en collectivit\u00e9 au sein de celles-ci.<\/p>\n<p><strong>Infos\u00a0:<\/strong><\/p>\n<p>lsix.fr<\/p>\n<p>5, rue du G\u00e9n\u00e9ral Lambert, 75007 PARIS<\/p>\n<p>Mail\u00a0: partnerships@lsix.fr<\/p>\n<p>T\u00e9l.\u00a0: 01-55-34-37-37<\/p>\n<p>LinkedIn\u00a0: lsix-law-firm<\/p>\n<p><em>Article sponsoris\u00e9 par LSIX Law Firm. La r\u00e9daction n\u2019a pas particip\u00e9 \u00e0 la r\u00e9alisation de cet article.<\/em><\/p>\n<\/div>\n<h2>\u00c9claircissements pour ceux qui envisagent de consulter un avocat en droit du travail<\/h2>\n<h3>Quels b\u00e9n\u00e9fices offre une consultation en ligne par rapport \u00e0 une consultation en face \u00e0 face ?<\/h3>\n<p>Les consultations en ligne offrent de nombreux avantages appr\u00e9ciables. Tout d\u2019abord, elle propose une accessibilit\u00e9 am\u00e9lior\u00e9e, car il n\u2019est pas n\u00e9cessaire de se d\u00e9placer, ce qui est tr\u00e8s pratique pour les personnes occup\u00e9es ou celles r\u00e9sidant loin des bureaux d\u2019avocats. Par la suite, la flexibilit\u00e9 repr\u00e9sente un atout consid\u00e9rable, car elle vous permet de choisir des horaires qui s\u2019adaptent mieux \u00e0 votre emploi du temps, rendant ainsi le processus plus en phase avec vos besoins. Le confort est un aspect crucial, car il vous permet d\u2019aborder vos probl\u00e8mes juridiques dans un environnement qui vous est familier, ce qui peut diminuer le stress et encourager une communication efficace avec votre avocat.<\/p>\n<p><strong>Ce propos apporte des r\u00e9ponses \u00e0 vos investigations vous appr\u00e9cierez pareillement ces livres:<\/strong><\/p>\n<p>Appel \u00e0 la justice de l\u2019\u00c9tat\/Introduction,<a target=\"_blank\" rel=\"nofollow\" href=\"https:\/\/www.tribunal-nature.org\/blog\/goto\/https:\/\/fr.wikisource.org\/wiki\/Appel_%C3%A0_la_justice_de_l%E2%80%99%C3%89tat\/Introduction\"  rel=\"noopener noreferrer nofollow\" target=\"_blank\">Le livre <\/a><span><\/span>.Histoire du droit priv\u00e9 allemand\/L\u2019\u00e9cole historique et la marche vers l\u2019unit\u00e9,<a target=\"_blank\" rel=\"nofollow\" href=\"https:\/\/www.tribunal-nature.org\/blog\/goto\/https:\/\/fr.wikibooks.org\/wiki\/Histoire_du_droit_priv%C3%A9_allemand\/L%27%C3%A9cole_historique_et_la_marche_vers_l%27unit%C3%A9\"  rel=\"noopener noreferrer nofollow\" target=\"_blank\">Ouvrage <\/a><span><\/span>.Paroles d\u2019enfants paroles de juges,<a target=\"_blank\" rel=\"nofollow\" href=\"https:\/\/www.tribunal-nature.org\/blog\/goto\/https:\/\/www.kobo.com\/fr\/fr\/ebook\/paroles-d-enfants-paroles-de-juges-essai-d-une-methode-d-approche-des-revelations-d-abus-sexuels\"  rel=\"noopener noreferrer nofollow\" target=\"_blank\">(la couverture) <\/a><span><\/span>.<\/p>\n<\/p>\n<h3>Sur quelle base peut-on juger de la comp\u00e9tence d\u2019un avocat en droit du travail ?<\/h3>\n<p>Un avocat en droit du travail est appel\u00e9 \u00e0 agir dans plusieurs domaines :<\/p>\n<ul>\n<li>Assistance dans les litiges li\u00e9s aux heures suppl\u00e9mentaires et \u00e0 la r\u00e9mun\u00e9ration ;\n<\/li>\n<li>Assistance dans les affaires de discrimination au travail ;\n<\/li>\n<li>Repr\u00e9sentation dans les affaires de requalification de contrat (CDD en CDI) ;\n<\/li>\n<li>Assistance dans les litiges concernant les primes et avantages en nature ;\n<\/li>\n<li>Conseil sur les droits des salari\u00e9s en mati\u00e8re de retraite.<\/li>\n<\/ul>\n<p>Il n\u2019est jamais garanti qu\u2019un avocat r\u00e9pondra \u00e0 vos attentes, mais voici les \u00e9l\u00e9ments cl\u00e9s \u00e0 v\u00e9rifier pour r\u00e9duire les risques. En premier lieu, v\u00e9rifiez les qualifications de l\u2019avocat en vous assurant qu\u2019il a une exp\u00e9rience substantielle dans le domaine de le droit du travail et qu\u2019il est membre d\u2019un cabinet r\u00e9put\u00e9, ce qui atteste de sa comp\u00e9tence. Apr\u00e8s cela, consultez les avis en recherchant des t\u00e9moignages de clients pass\u00e9s pour \u00e9valuer la qualit\u00e9 du service et le degr\u00e9 de satisfaction. Il est \u00e9galement recommand\u00e9 de rencontrer plusieurs avocats en planifiant des consultations pour discuter de votre projet, ce qui vous aidera \u00e0 \u00e9valuer la compr\u00e9hension et l\u2019approche de chacun. Enfin, n\u2019oubliez pas d\u2019aborder la question des honoraires en vous renseignant sur les tarifs et les modalit\u00e9s de paiement, car certains avocats peuvent proposer des consultations gratuites pour \u00e9valuer votre situation, ce qui peut \u00eatre un bon d\u00e9but.<\/p>\n<\/p>\n<h3>Comment faire le bon choix d\u2019un avocat sp\u00e9cialis\u00e9 en droit du travail ?<\/h3>\n<p>Pour opter pour un avocat en droit du travail, il est n\u00e9cessaire de suivre quelques \u00e9tapes essentielles. Pour commencer, il est important de v\u00e9rifier les comp\u00e9tences de l\u2019avocat, en vous assurant qu\u2019il a des sp\u00e9cialisations et une exp\u00e9rience significative en droit du travail. Cela vous assurera qu\u2019il est \u00e0 jour sur les lois et r\u00e8glements en vigueur. Ensuite, il est important de vous renseigner sur les honoraires, en v\u00e9rifiant les tarifs et les modalit\u00e9s de paiement, car certains avocats peuvent proposer des consultations gratuites, ce qui peut \u00eatre un avantage. Pour finir, examinez les retours des clients afin d\u2019\u00e9valuer la qualit\u00e9 du service, en tenant compte des t\u00e9moignages et des \u00e9valuations d\u2019anciens clients pour mieux cerner la r\u00e9putation de l\u2019avocat.<\/p>\n<p><strong>Bilan des services d\u2019avocat sur Internet :<\/strong><\/p>\n<table border=\"1\" cellpadding=\"9\" cellspacing=\"0\">\n<thead>\n<tr>\n<th>D\u00e9signation du service\n<\/th>\n<th>Approche op\u00e9rationnelle\n<\/th>\n<th>Grille tarifaire\n<\/th>\n<th>Atouts\n<\/th>\n<th>D\u00e9savantages\n<\/th>\n<\/tr>\n<\/thead>\n<tbody>\n<tr>\n<td>CASTJ\n<\/td>\n<td>Offre gratuite \u2014 intervention humaine et IA pour une premi\u00e8re guidance juridique\n<\/td>\n<td>Pas de charge\n<\/td>\n<td>Assistance rapide, association d\u2019IA et de juriste\n<\/td>\n<td>Service en plein essor proposant un soutien \u00e9largi dans les d\u00e9marches judiciaires\n<\/td>\n<\/tr>\n<tr>\n<td>Juri-Legal\n<\/td>\n<td>Consultation d\u2019avocat (t\u00e9l\u00e9phone, chat, visio) \u2014 co\u00fbt \u00e0 la minute\n<\/td>\n<td>Co\u00fbt diff\u00e9rent selon l\u2019avocat (tarif calcul\u00e9 \u00e0 la minute)\n<\/td>\n<td>Flexibilit\u00e9 : s\u00e9lection de l\u2019avocat, paiement en fonction du temps r\u00e9ellement \u00e9coul\u00e9\n<\/td>\n<td>Site en d\u00e9clin : nombre limit\u00e9 d\u2019avocats en ligne, caract\u00e9ristiques principalement illustratives\n<\/td>\n<\/tr>\n<tr>\n<td>Juste un Renseignement\n<\/td>\n<td>Avocat freelance \u2014 conseils imm\u00e9diats \u00e0 distance\n<\/td>\n<td>Forfait d\u2019introduction \u00e0 30 \u20ac ; suivi de 20 \u20ac pour 15 minutes ou 120 \u20ac par heure selon le service\n<\/td>\n<td>Optimis\u00e9 pour des conseils rapides et faciles d\u2019acc\u00e8s\n<\/td>\n<td>Soutien limit\u00e9 pour les dossiers \u00e9labor\u00e9s\n<\/td>\n<\/tr>\n<tr>\n<td>VotreJuriste\n<\/td>\n<td>Site de d\u00e9veloppement commercial \u2014 r\u00e9servation de rendez-vous en ligne avec support op\u00e9rationnel\n<\/td>\n<td>75 \u20ac toutes taxes comprises (appel de conseil pr\u00e9vu)\n<\/td>\n<td>Co\u00fbt affich\u00e9, prise de rendez-vous en ligne\n<\/td>\n<td>Organisation obscure : gestion centralis\u00e9e, adresse et structure peu transparentes\n<\/td>\n<\/tr>\n<tr>\n<td>Avocats-en-ligne\n<\/td>\n<td>Planification d\u2019un rendez-vous avec un avocat (pas de r\u00e9ponse instantan\u00e9e sur le site)\n<\/td>\n<td>Offre d\u2019appel : 39 \u20ac TTC pour une consultation d\u2019environ 20 minutes\n<\/td>\n<td>Tarif d\u2019appel sans ambigu\u00eft\u00e9, large \u00e9ventail de domaines couverts\n<\/td>\n<td>Pas de r\u00e9ponse rapide sur internet \u2014 rendez-vous \u00e0 \u00e9tablir\n<\/td>\n<\/tr>\n<tr>\n<td>Juriclic.net\n<\/td>\n<td>Consultation avec avocats\/juristes, diff\u00e9rentes formules \u00e0 votre disposition\n<\/td>\n<td>Tarification : 25 \u20ac, 30 \u20ac ou 45 \u20ac selon le type de service\n<\/td>\n<td>Prix mod\u00e9r\u00e9s et formules vari\u00e9es\n<\/td>\n<td>R\u00e9ponse en ligne non instantan\u00e9e \u2014 service sur rendez-vous<\/td>\n<\/tr>\n<\/tbody>\n<\/table>\n<h3>Que faire si je ne comprends pas les enjeux juridiques li\u00e9s \u00e0 ma situation ?<\/h3>\n<p>Il est naturel de se sentir d\u00e9sempar\u00e9 lorsqu\u2019on est confront\u00e9 \u00e0 des interrogations juridiques complexes. N\u2019h\u00e9sitez pas \u00e0 interroger votre avocat durant votre consultation. Un avocat s\u00e9rieux prendra le temps de vous expliquer les ramifications de votre situation de fa\u00e7on claire et intelligible.<\/p>\n<h3>Comment puis-je demander des conseils juridiques \u00e0 un avocat en ligne ?<\/h3>\n<p>Vous avez la possibilit\u00e9 de poser des interrogations en utilisant des plateformes de consultation juridique en ligne, par e-mail, ou lors de votre rencontre. il est possible de contacter cette hotline. <a target=\"_blank\" rel=\"nofollow\" href=\"https:\/\/www.tribunal-nature.org\/blog\/goto\/https:\/\/www.courtier-avocat-strategie-tribunal-judiciaire.fr\/avocat-en-ligne\/\"  rel=\"noopener noreferrer\" target=\"blank\">Ce service mixte est accessible 24 heures sur 24 7 jours sur 7 afin de clarifier vos interrogations juridiques<\/a>. Prenez le temps de formuler vos questions avec soin pour garantir des r\u00e9ponses compr\u00e9hensibles.<\/p>\n<\/p>\n<h3>Quelles solutions de consultation sans frais sont propos\u00e9es ?<\/h3>\n<p>De nombreux avocats proposent des s\u00e9ances de consultation gratuites pour aborder votre situation initiale. Cela vous permet de juger si l\u2019avocat correspond \u00e0 vos attentes sans avoir \u00e0 payer. Explorez les services en ligne qui facilitent ces consultations.<\/p>\n<\/p>\n<h3>Quels \u00e9l\u00e9ments prendre en compte pour choisir un avocat en droit du travail ?<\/h3>\n<p>Pour opter pour un avocat sp\u00e9cialis\u00e9 en droit du travail, il est crucial de suivre quelques \u00e9tapes importantes. Tout d\u2019abord, examinez les qualifications de l\u2019avocat en vous assurant qu\u2019il a une exp\u00e9rience solide dans le domaine de le droit du travail et qu\u2019il fait partie d\u2019un cabinet r\u00e9put\u00e9, ce qui atteste de sa cr\u00e9dibilit\u00e9. Ensuite, examinez les retours d\u2019exp\u00e9rience en cherchant des t\u00e9moignages de clients ant\u00e9rieurs pour juger de la qualit\u00e9 du service et du niveau de satisfaction. Il est sage de rencontrer plusieurs avocats en planifiant des consultations pour parler de votre projet, ce qui vous permettra d\u2019\u00e9valuer la compr\u00e9hension et la m\u00e9thode de chaque avocat. Pour finir, n\u2019oubliez pas de discuter des honoraires en vous renseignant sur les tarifs et les options de paiement, car certains avocats peuvent offrir des consultations gratuites pour examiner votre situation, ce qui peut constituer une excellente premi\u00e8re \u00e9tape.<\/p>\n<h3>Comment se d\u00e9roule une s\u00e9ance de consultation en ligne avec un avocat ?<\/h3>\n<p>Une consultation en ligne se d\u00e9roule typiquement selon une structure pr\u00e9cise pour en maximiser l\u2019efficacit\u00e9. En premier lieu, vous initiez le processus par la prise de rendez-vous, en s\u00e9lectionnant un cr\u00e9neau horaire qui vous convient le mieux. Au cours de la consultation, vous utilisez une plateforme de visioconf\u00e9rence ou le t\u00e9l\u00e9phone pour discuter de votre situation avec l\u2019avocat. Lors de la s\u00e9ance de consultation, vous vous connectez \u00e0 une plateforme de visioconf\u00e9rence ou par t\u00e9l\u00e9phone pour aborder votre situation avec l\u2019avocat. En fin de compte, un suivi est mis en place, pendant lequel l\u2019avocat vous donnera des conseils et des recommandations sur les \u00e9tapes suivantes \u00e0 entreprendre, vous permettant de poursuivre votre d\u00e9marche en toute tranquillit\u00e9.<\/p>\n<h3>Raisons de solliciter un avocat en droit du travail via internet<\/h3>\n<p>La consultation d\u2019un avocat en droit du travail en ligne offre un acc\u00e8s rapide \u00e0 des conseils juridiques sans n\u00e9cessiter de d\u00e9placement. Cela est particuli\u00e8rement b\u00e9n\u00e9fique pour ceux qui ont des horaires charg\u00e9s ou qui habitent dans des zones \u00e9loign\u00e9es. Les consultations en ligne permettent de poser des questions d\u00e9taill\u00e9es et d\u2019obtenir des r\u00e9ponses adapt\u00e9es \u00e0 vos besoins. <\/p>\n<\/div>\n","protected":false},"excerpt":{"rendered":"<p>L\u2019article avec le titre \u00ab\u00a0Ma\u00eetre Anne Quentier : la sant\u00e9 mentale au travail reste une priorit\u00e9\u00a0\u00bb a \u00e9t\u00e9 mis en&#8230;<\/p>\n","protected":false},"author":3,"featured_media":1665,"comment_status":"closed","ping_status":"closed","sticky":false,"template":"","format":"standard","meta":{"footnotes":""},"categories":[2],"tags":[],"class_list":["post-1664","post","type-post","status-publish","format-standard","has-post-thumbnail","hentry","category-droit-de-lenvironnement","wpcat-2-id"],"yoast_head":"<!-- This site is optimized with the Yoast SEO plugin v27.5 - https:\/\/yoast.com\/product\/yoast-seo-wordpress\/ -->\n<title>Avocat; Ma\u00eetre Anne Quentier : la sant\u00e9 mentale au travail reste une priorit\u00e9 - TRIBUNAL-NATURE<\/title>\n<meta name=\"description\" content=\"Avocat; Ma\u00eetre Anne Quentier : la sant\u00e9 mentale au travail reste une priorit\u00e9 article de TRIBUNAL-NATURE\" \/>\n<meta name=\"robots\" content=\"index, follow, max-snippet:-1, max-image-preview:large, max-video-preview:-1\" \/>\n<link rel=\"canonical\" href=\"https:\/\/www.tribunal-nature.org\/blog\/avocat-maitre-anne-quentier-la-sante-mentale-au-travail-reste-une-priorite\/\" \/>\n<meta property=\"og:locale\" content=\"fr_FR\" \/>\n<meta property=\"og:type\" content=\"article\" \/>\n<meta property=\"og:title\" content=\"Avocat; Ma\u00eetre Anne Quentier : la sant\u00e9 mentale au travail reste une priorit\u00e9 - TRIBUNAL-NATURE\" \/>\n<meta property=\"og:description\" content=\"Avocat; Ma\u00eetre Anne Quentier : la sant\u00e9 mentale au travail reste une priorit\u00e9 article de TRIBUNAL-NATURE\" \/>\n<meta property=\"og:url\" content=\"https:\/\/www.tribunal-nature.org\/blog\/avocat-maitre-anne-quentier-la-sante-mentale-au-travail-reste-une-priorite\/\" \/>\n<meta property=\"og:site_name\" content=\"TRIBUNAL-NATURE\" \/>\n<meta property=\"article:published_time\" content=\"2026-04-08T13:02:04+00:00\" \/>\n<meta property=\"og:image\" content=\"https:\/\/www.tribunal-nature.org\/blog\/wp-content\/uploads\/2026\/04\/maitre-anne-quentier-la-sante-mentale-au-travail-reste-une-priorite-1024x538-1.jpg\" \/>\n<meta name=\"author\" content=\"Isabelle LOUBEAU\" \/>\n<meta name=\"twitter:card\" content=\"summary_large_image\" \/>\n<meta name=\"twitter:label1\" content=\"\u00c9crit par\" \/>\n\t<meta name=\"twitter:data1\" content=\"Isabelle LOUBEAU\" \/>\n\t<meta name=\"twitter:label2\" content=\"Dur\u00e9e de lecture estim\u00e9e\" \/>\n\t<meta name=\"twitter:data2\" content=\"12 minutes\" \/>\n<script type=\"application\/ld+json\" class=\"yoast-schema-graph\">{\"@context\":\"https:\\\/\\\/schema.org\",\"@graph\":[{\"@type\":\"Article\",\"@id\":\"https:\\\/\\\/www.tribunal-nature.org\\\/blog\\\/avocat-maitre-anne-quentier-la-sante-mentale-au-travail-reste-une-priorite\\\/#article\",\"isPartOf\":{\"@id\":\"https:\\\/\\\/www.tribunal-nature.org\\\/blog\\\/avocat-maitre-anne-quentier-la-sante-mentale-au-travail-reste-une-priorite\\\/\"},\"author\":{\"name\":\"Isabelle LOUBEAU\",\"@id\":\"https:\\\/\\\/www.tribunal-nature.org\\\/blog\\\/#\\\/schema\\\/person\\\/55761caf7544da6b05b60523f2a0855f\"},\"headline\":\"Avocat; Ma\u00eetre Anne Quentier : la sant\u00e9 mentale au travail reste une priorit\u00e9\",\"datePublished\":\"2026-04-08T13:02:04+00:00\",\"mainEntityOfPage\":{\"@id\":\"https:\\\/\\\/www.tribunal-nature.org\\\/blog\\\/avocat-maitre-anne-quentier-la-sante-mentale-au-travail-reste-une-priorite\\\/\"},\"wordCount\":2352,\"publisher\":{\"@id\":\"https:\\\/\\\/www.tribunal-nature.org\\\/blog\\\/#organization\"},\"image\":{\"@id\":\"https:\\\/\\\/www.tribunal-nature.org\\\/blog\\\/avocat-maitre-anne-quentier-la-sante-mentale-au-travail-reste-une-priorite\\\/#primaryimage\"},\"thumbnailUrl\":\"https:\\\/\\\/www.tribunal-nature.org\\\/blog\\\/wp-content\\\/uploads\\\/2026\\\/04\\\/maitre-anne-quentier-la-sante-mentale-au-travail-reste-une-priorite-1024x538-1.jpg\",\"articleSection\":[\"Droit De L'Environnement:\"],\"inLanguage\":\"fr-FR\"},{\"@type\":\"WebPage\",\"@id\":\"https:\\\/\\\/www.tribunal-nature.org\\\/blog\\\/avocat-maitre-anne-quentier-la-sante-mentale-au-travail-reste-une-priorite\\\/\",\"url\":\"https:\\\/\\\/www.tribunal-nature.org\\\/blog\\\/avocat-maitre-anne-quentier-la-sante-mentale-au-travail-reste-une-priorite\\\/\",\"name\":\"Avocat; Ma\u00eetre Anne Quentier : la sant\u00e9 mentale au travail reste une priorit\u00e9 - TRIBUNAL-NATURE\",\"isPartOf\":{\"@id\":\"https:\\\/\\\/www.tribunal-nature.org\\\/blog\\\/#website\"},\"primaryImageOfPage\":{\"@id\":\"https:\\\/\\\/www.tribunal-nature.org\\\/blog\\\/avocat-maitre-anne-quentier-la-sante-mentale-au-travail-reste-une-priorite\\\/#primaryimage\"},\"image\":{\"@id\":\"https:\\\/\\\/www.tribunal-nature.org\\\/blog\\\/avocat-maitre-anne-quentier-la-sante-mentale-au-travail-reste-une-priorite\\\/#primaryimage\"},\"thumbnailUrl\":\"https:\\\/\\\/www.tribunal-nature.org\\\/blog\\\/wp-content\\\/uploads\\\/2026\\\/04\\\/maitre-anne-quentier-la-sante-mentale-au-travail-reste-une-priorite-1024x538-1.jpg\",\"datePublished\":\"2026-04-08T13:02:04+00:00\",\"description\":\"Avocat; Ma\u00eetre Anne Quentier : la sant\u00e9 mentale au travail reste une priorit\u00e9 article de TRIBUNAL-NATURE\",\"breadcrumb\":{\"@id\":\"https:\\\/\\\/www.tribunal-nature.org\\\/blog\\\/avocat-maitre-anne-quentier-la-sante-mentale-au-travail-reste-une-priorite\\\/#breadcrumb\"},\"inLanguage\":\"fr-FR\",\"potentialAction\":[{\"@type\":\"ReadAction\",\"target\":[\"https:\\\/\\\/www.tribunal-nature.org\\\/blog\\\/avocat-maitre-anne-quentier-la-sante-mentale-au-travail-reste-une-priorite\\\/\"]}]},{\"@type\":\"ImageObject\",\"inLanguage\":\"fr-FR\",\"@id\":\"https:\\\/\\\/www.tribunal-nature.org\\\/blog\\\/avocat-maitre-anne-quentier-la-sante-mentale-au-travail-reste-une-priorite\\\/#primaryimage\",\"url\":\"https:\\\/\\\/www.tribunal-nature.org\\\/blog\\\/wp-content\\\/uploads\\\/2026\\\/04\\\/maitre-anne-quentier-la-sante-mentale-au-travail-reste-une-priorite-1024x538-1.jpg\",\"contentUrl\":\"https:\\\/\\\/www.tribunal-nature.org\\\/blog\\\/wp-content\\\/uploads\\\/2026\\\/04\\\/maitre-anne-quentier-la-sante-mentale-au-travail-reste-une-priorite-1024x538-1.jpg\",\"width\":1024,\"height\":538,\"caption\":\"maitre anne quentier la sante mentale au travail reste une priorite 1024x538 1\"},{\"@type\":\"BreadcrumbList\",\"@id\":\"https:\\\/\\\/www.tribunal-nature.org\\\/blog\\\/avocat-maitre-anne-quentier-la-sante-mentale-au-travail-reste-une-priorite\\\/#breadcrumb\",\"itemListElement\":[{\"@type\":\"ListItem\",\"position\":1,\"name\":\"Accueil\",\"item\":\"https:\\\/\\\/www.tribunal-nature.org\\\/blog\\\/\"},{\"@type\":\"ListItem\",\"position\":2,\"name\":\"Avocat; Ma\u00eetre Anne Quentier : la sant\u00e9 mentale au travail reste une priorit\u00e9\"}]},{\"@type\":\"WebSite\",\"@id\":\"https:\\\/\\\/www.tribunal-nature.org\\\/blog\\\/#website\",\"url\":\"https:\\\/\\\/www.tribunal-nature.org\\\/blog\\\/\",\"name\":\"TRIBUNAL-NATURE\",\"description\":\"Droit De L&#039;Environnement.\",\"publisher\":{\"@id\":\"https:\\\/\\\/www.tribunal-nature.org\\\/blog\\\/#organization\"},\"potentialAction\":[{\"@type\":\"SearchAction\",\"target\":{\"@type\":\"EntryPoint\",\"urlTemplate\":\"https:\\\/\\\/www.tribunal-nature.org\\\/blog\\\/?s={search_term_string}\"},\"query-input\":{\"@type\":\"PropertyValueSpecification\",\"valueRequired\":true,\"valueName\":\"search_term_string\"}}],\"inLanguage\":\"fr-FR\"},{\"@type\":\"Organization\",\"@id\":\"https:\\\/\\\/www.tribunal-nature.org\\\/blog\\\/#organization\",\"name\":\"tribunal-nature\",\"url\":\"https:\\\/\\\/www.tribunal-nature.org\\\/blog\\\/\",\"logo\":{\"@type\":\"ImageObject\",\"inLanguage\":\"fr-FR\",\"@id\":\"https:\\\/\\\/www.tribunal-nature.org\\\/blog\\\/#\\\/schema\\\/logo\\\/image\\\/\",\"url\":\"https:\\\/\\\/www.tribunal-nature.org\\\/blog\\\/wp-content\\\/uploads\\\/2022\\\/05\\\/logo-2.png\",\"contentUrl\":\"https:\\\/\\\/www.tribunal-nature.org\\\/blog\\\/wp-content\\\/uploads\\\/2022\\\/05\\\/logo-2.png\",\"width\":180,\"height\":180,\"caption\":\"tribunal-nature\"},\"image\":{\"@id\":\"https:\\\/\\\/www.tribunal-nature.org\\\/blog\\\/#\\\/schema\\\/logo\\\/image\\\/\"}},{\"@type\":\"Person\",\"@id\":\"https:\\\/\\\/www.tribunal-nature.org\\\/blog\\\/#\\\/schema\\\/person\\\/55761caf7544da6b05b60523f2a0855f\",\"name\":\"Isabelle LOUBEAU\",\"image\":{\"@type\":\"ImageObject\",\"inLanguage\":\"fr-FR\",\"@id\":\"https:\\\/\\\/secure.gravatar.com\\\/avatar\\\/b6912620aca78633bf5d50400888815d3b38a1118e82b94050843f411f3f5972?s=96&d=mm&r=g\",\"url\":\"https:\\\/\\\/secure.gravatar.com\\\/avatar\\\/b6912620aca78633bf5d50400888815d3b38a1118e82b94050843f411f3f5972?s=96&d=mm&r=g\",\"contentUrl\":\"https:\\\/\\\/secure.gravatar.com\\\/avatar\\\/b6912620aca78633bf5d50400888815d3b38a1118e82b94050843f411f3f5972?s=96&d=mm&r=g\",\"caption\":\"Isabelle LOUBEAU\"},\"url\":\"https:\\\/\\\/www.tribunal-nature.org\\\/blog\\\/author\\\/ureisabelle\\\/\"}]}<\/script>\n<!-- \/ Yoast SEO plugin. -->","yoast_head_json":{"title":"Avocat; Ma\u00eetre Anne Quentier : la sant\u00e9 mentale au travail reste une priorit\u00e9 - TRIBUNAL-NATURE","description":"Avocat; Ma\u00eetre Anne Quentier : la sant\u00e9 mentale au travail reste une priorit\u00e9 article de TRIBUNAL-NATURE","robots":{"index":"index","follow":"follow","max-snippet":"max-snippet:-1","max-image-preview":"max-image-preview:large","max-video-preview":"max-video-preview:-1"},"canonical":"https:\/\/www.tribunal-nature.org\/blog\/avocat-maitre-anne-quentier-la-sante-mentale-au-travail-reste-une-priorite\/","og_locale":"fr_FR","og_type":"article","og_title":"Avocat; Ma\u00eetre Anne Quentier : la sant\u00e9 mentale au travail reste une priorit\u00e9 - TRIBUNAL-NATURE","og_description":"Avocat; Ma\u00eetre Anne Quentier : la sant\u00e9 mentale au travail reste une priorit\u00e9 article de TRIBUNAL-NATURE","og_url":"https:\/\/www.tribunal-nature.org\/blog\/avocat-maitre-anne-quentier-la-sante-mentale-au-travail-reste-une-priorite\/","og_site_name":"TRIBUNAL-NATURE","article_published_time":"2026-04-08T13:02:04+00:00","og_image":[{"url":"https:\/\/www.tribunal-nature.org\/blog\/wp-content\/uploads\/2026\/04\/maitre-anne-quentier-la-sante-mentale-au-travail-reste-une-priorite-1024x538-1.jpg","type":"","width":"","height":""}],"author":"Isabelle LOUBEAU","twitter_card":"summary_large_image","twitter_misc":{"\u00c9crit par":"Isabelle LOUBEAU","Dur\u00e9e de lecture estim\u00e9e":"12 minutes"},"schema":{"@context":"https:\/\/schema.org","@graph":[{"@type":"Article","@id":"https:\/\/www.tribunal-nature.org\/blog\/avocat-maitre-anne-quentier-la-sante-mentale-au-travail-reste-une-priorite\/#article","isPartOf":{"@id":"https:\/\/www.tribunal-nature.org\/blog\/avocat-maitre-anne-quentier-la-sante-mentale-au-travail-reste-une-priorite\/"},"author":{"name":"Isabelle LOUBEAU","@id":"https:\/\/www.tribunal-nature.org\/blog\/#\/schema\/person\/55761caf7544da6b05b60523f2a0855f"},"headline":"Avocat; Ma\u00eetre Anne Quentier : la sant\u00e9 mentale au travail reste une priorit\u00e9","datePublished":"2026-04-08T13:02:04+00:00","mainEntityOfPage":{"@id":"https:\/\/www.tribunal-nature.org\/blog\/avocat-maitre-anne-quentier-la-sante-mentale-au-travail-reste-une-priorite\/"},"wordCount":2352,"publisher":{"@id":"https:\/\/www.tribunal-nature.org\/blog\/#organization"},"image":{"@id":"https:\/\/www.tribunal-nature.org\/blog\/avocat-maitre-anne-quentier-la-sante-mentale-au-travail-reste-une-priorite\/#primaryimage"},"thumbnailUrl":"https:\/\/www.tribunal-nature.org\/blog\/wp-content\/uploads\/2026\/04\/maitre-anne-quentier-la-sante-mentale-au-travail-reste-une-priorite-1024x538-1.jpg","articleSection":["Droit De L'Environnement:"],"inLanguage":"fr-FR"},{"@type":"WebPage","@id":"https:\/\/www.tribunal-nature.org\/blog\/avocat-maitre-anne-quentier-la-sante-mentale-au-travail-reste-une-priorite\/","url":"https:\/\/www.tribunal-nature.org\/blog\/avocat-maitre-anne-quentier-la-sante-mentale-au-travail-reste-une-priorite\/","name":"Avocat; Ma\u00eetre Anne Quentier : la sant\u00e9 mentale au travail reste une priorit\u00e9 - TRIBUNAL-NATURE","isPartOf":{"@id":"https:\/\/www.tribunal-nature.org\/blog\/#website"},"primaryImageOfPage":{"@id":"https:\/\/www.tribunal-nature.org\/blog\/avocat-maitre-anne-quentier-la-sante-mentale-au-travail-reste-une-priorite\/#primaryimage"},"image":{"@id":"https:\/\/www.tribunal-nature.org\/blog\/avocat-maitre-anne-quentier-la-sante-mentale-au-travail-reste-une-priorite\/#primaryimage"},"thumbnailUrl":"https:\/\/www.tribunal-nature.org\/blog\/wp-content\/uploads\/2026\/04\/maitre-anne-quentier-la-sante-mentale-au-travail-reste-une-priorite-1024x538-1.jpg","datePublished":"2026-04-08T13:02:04+00:00","description":"Avocat; Ma\u00eetre Anne Quentier : la sant\u00e9 mentale au travail reste une priorit\u00e9 article de TRIBUNAL-NATURE","breadcrumb":{"@id":"https:\/\/www.tribunal-nature.org\/blog\/avocat-maitre-anne-quentier-la-sante-mentale-au-travail-reste-une-priorite\/#breadcrumb"},"inLanguage":"fr-FR","potentialAction":[{"@type":"ReadAction","target":["https:\/\/www.tribunal-nature.org\/blog\/avocat-maitre-anne-quentier-la-sante-mentale-au-travail-reste-une-priorite\/"]}]},{"@type":"ImageObject","inLanguage":"fr-FR","@id":"https:\/\/www.tribunal-nature.org\/blog\/avocat-maitre-anne-quentier-la-sante-mentale-au-travail-reste-une-priorite\/#primaryimage","url":"https:\/\/www.tribunal-nature.org\/blog\/wp-content\/uploads\/2026\/04\/maitre-anne-quentier-la-sante-mentale-au-travail-reste-une-priorite-1024x538-1.jpg","contentUrl":"https:\/\/www.tribunal-nature.org\/blog\/wp-content\/uploads\/2026\/04\/maitre-anne-quentier-la-sante-mentale-au-travail-reste-une-priorite-1024x538-1.jpg","width":1024,"height":538,"caption":"maitre anne quentier la sante mentale au travail reste une priorite 1024x538 1"},{"@type":"BreadcrumbList","@id":"https:\/\/www.tribunal-nature.org\/blog\/avocat-maitre-anne-quentier-la-sante-mentale-au-travail-reste-une-priorite\/#breadcrumb","itemListElement":[{"@type":"ListItem","position":1,"name":"Accueil","item":"https:\/\/www.tribunal-nature.org\/blog\/"},{"@type":"ListItem","position":2,"name":"Avocat; Ma\u00eetre Anne Quentier : la sant\u00e9 mentale au travail reste une priorit\u00e9"}]},{"@type":"WebSite","@id":"https:\/\/www.tribunal-nature.org\/blog\/#website","url":"https:\/\/www.tribunal-nature.org\/blog\/","name":"TRIBUNAL-NATURE","description":"Droit De L&#039;Environnement.","publisher":{"@id":"https:\/\/www.tribunal-nature.org\/blog\/#organization"},"potentialAction":[{"@type":"SearchAction","target":{"@type":"EntryPoint","urlTemplate":"https:\/\/www.tribunal-nature.org\/blog\/?s={search_term_string}"},"query-input":{"@type":"PropertyValueSpecification","valueRequired":true,"valueName":"search_term_string"}}],"inLanguage":"fr-FR"},{"@type":"Organization","@id":"https:\/\/www.tribunal-nature.org\/blog\/#organization","name":"tribunal-nature","url":"https:\/\/www.tribunal-nature.org\/blog\/","logo":{"@type":"ImageObject","inLanguage":"fr-FR","@id":"https:\/\/www.tribunal-nature.org\/blog\/#\/schema\/logo\/image\/","url":"https:\/\/www.tribunal-nature.org\/blog\/wp-content\/uploads\/2022\/05\/logo-2.png","contentUrl":"https:\/\/www.tribunal-nature.org\/blog\/wp-content\/uploads\/2022\/05\/logo-2.png","width":180,"height":180,"caption":"tribunal-nature"},"image":{"@id":"https:\/\/www.tribunal-nature.org\/blog\/#\/schema\/logo\/image\/"}},{"@type":"Person","@id":"https:\/\/www.tribunal-nature.org\/blog\/#\/schema\/person\/55761caf7544da6b05b60523f2a0855f","name":"Isabelle LOUBEAU","image":{"@type":"ImageObject","inLanguage":"fr-FR","@id":"https:\/\/secure.gravatar.com\/avatar\/b6912620aca78633bf5d50400888815d3b38a1118e82b94050843f411f3f5972?s=96&d=mm&r=g","url":"https:\/\/secure.gravatar.com\/avatar\/b6912620aca78633bf5d50400888815d3b38a1118e82b94050843f411f3f5972?s=96&d=mm&r=g","contentUrl":"https:\/\/secure.gravatar.com\/avatar\/b6912620aca78633bf5d50400888815d3b38a1118e82b94050843f411f3f5972?s=96&d=mm&r=g","caption":"Isabelle LOUBEAU"},"url":"https:\/\/www.tribunal-nature.org\/blog\/author\/ureisabelle\/"}]}},"_links":{"self":[{"href":"https:\/\/www.tribunal-nature.org\/blog\/wp-json\/wp\/v2\/posts\/1664","targetHints":{"allow":["GET"]}}],"collection":[{"href":"https:\/\/www.tribunal-nature.org\/blog\/wp-json\/wp\/v2\/posts"}],"about":[{"href":"https:\/\/www.tribunal-nature.org\/blog\/wp-json\/wp\/v2\/types\/post"}],"author":[{"embeddable":true,"href":"https:\/\/www.tribunal-nature.org\/blog\/wp-json\/wp\/v2\/users\/3"}],"replies":[{"embeddable":true,"href":"https:\/\/www.tribunal-nature.org\/blog\/wp-json\/wp\/v2\/comments?post=1664"}],"version-history":[{"count":0,"href":"https:\/\/www.tribunal-nature.org\/blog\/wp-json\/wp\/v2\/posts\/1664\/revisions"}],"wp:featuredmedia":[{"embeddable":true,"href":"https:\/\/www.tribunal-nature.org\/blog\/wp-json\/wp\/v2\/media\/1665"}],"wp:attachment":[{"href":"https:\/\/www.tribunal-nature.org\/blog\/wp-json\/wp\/v2\/media?parent=1664"}],"wp:term":[{"taxonomy":"category","embeddable":true,"href":"https:\/\/www.tribunal-nature.org\/blog\/wp-json\/wp\/v2\/categories?post=1664"},{"taxonomy":"post_tag","embeddable":true,"href":"https:\/\/www.tribunal-nature.org\/blog\/wp-json\/wp\/v2\/tags?post=1664"}],"curies":[{"name":"wp","href":"https:\/\/api.w.org\/{rel}","templated":true}]}}