{"id":1661,"date":"2026-04-07T18:04:06","date_gmt":"2026-04-07T16:04:06","guid":{"rendered":"https:\/\/www.tribunal-nature.org\/blog\/garde-a-vue-un-mort-le-chauffeur-routier-en-garde-a-vue-ce-que-lon-sait-sur-laccident-entre-un-tgv-et-un-poids-lourd-a-lens\/"},"modified":"2026-04-07T18:04:06","modified_gmt":"2026-04-07T16:04:06","slug":"garde-a-vue-un-mort-le-chauffeur-routier-en-garde-a-vue-ce-que-lon-sait-sur-laccident-entre-un-tgv-et-un-poids-lourd-a-lens","status":"publish","type":"post","link":"https:\/\/www.tribunal-nature.org\/blog\/garde-a-vue-un-mort-le-chauffeur-routier-en-garde-a-vue-ce-que-lon-sait-sur-laccident-entre-un-tgv-et-un-poids-lourd-a-lens\/","title":{"rendered":"Garde \u00e0 vue; Un mort, le chauffeur routier en garde \u00e0 vue: ce que l\u2019on sait sur l\u2019accident entre un TGV et un poids lourd \u00e0 Lens"},"content":{"rendered":"<div>\n<p>\nUn nouvel article portant le titre \u00ab\u00a0Un mort, le chauffeur routier en garde \u00e0 vue: ce que l\u2019on sait sur l\u2019accident entre un TGV et un poids lourd \u00e0 Lens\u00a0\u00bb vient d\u2019\u00eatre publi\u00e9. <\/p>\n<p>Un chauffeur routier a \u00e9t\u00e9 plac\u00e9 en garde \u00e0 vue apr\u00e8s une collision entre son poids lourd et un TGV mardi sur un passage \u00e0 niveau en France, dans le Pas-de-Calais, qui a co\u00fbt\u00e9 la vie au conducteur du \u2026<\/p>\n<h2>Droits des Suspects durant la Garde \u00e0 Vue<\/h2>\n<h3>Droit \u00e0 la Consultation d\u2019un Avocat<\/h3>\n<p>Il est vital de souligner que la pr\u00e9sence d\u2019un avocat est essentielle pour assurer une d\u00e9fense efficace, surtout dans le cadre d\u2019une enqu\u00eate p\u00e9nale. L\u2019avocat peut \u00e9galement informer la personne de ses droits, notamment le droit de garder le silence et les r\u00e9percussions de ses propos. L\u2019intervention de l\u2019avocat d\u00e8s le d\u00e9but de la garde \u00e0 vue est primordiale pour garantir que les droits de l\u2019individu soient prot\u00e9g\u00e9s. Le droit \u00e0 la consultation d\u2019un avocat est un des droits essentiels des personnes en garde \u00e0 vue. Ce droit garantit \u00e0 l\u2019individu des conseils juridiques ainsi qu\u2019une repr\u00e9sentation l\u00e9gale pendant toute la dur\u00e9e de la proc\u00e9dure. Le non-respect de ce droit pourrait entra\u00eener une contestation de la l\u00e9galit\u00e9 de la garde \u00e0 vue, ce qui pourrait impacter le cours de la proc\u00e9dure judiciaire.<\/p>\n<\/p>\n<h3>Droit \u00e0 l\u2019information pertinente<\/h3>\n<p>Le droit \u00e0 l\u2019information est un \u00e9l\u00e9ment indispensable des droits des personnes en d\u00e9tention. Les policiers ont l\u2019obligation d\u2019expliquer les raisons de la garde \u00e0 vue et les droits qui en d\u00e9coulent, y compris le droit \u00e0 un avocat et le droit de ne pas s\u2019auto-incriminer. Quand une personne est en garde \u00e0 vue, elle doit \u00eatre inform\u00e9e des motifs de cette mesure ainsi que de ses droits. L\u2019information doit \u00eatre fournie de mani\u00e8re explicite et intelligible, permettant \u00e0 l\u2019individu de prendre des d\u00e9cisions inform\u00e9es sur sa d\u00e9fense. L\u2019acc\u00e8s \u00e0 l\u2019information est vital pour garantir la clart\u00e9 de la proc\u00e9dure et pour prot\u00e9ger les libert\u00e9s personnelles. En cas de non-respect de cette obligation, cela pourrait avoir des r\u00e9percussions sur la l\u00e9gitimit\u00e9 de la garde \u00e0 vue et sur les d\u00e9cisions judiciaires futures.<\/p>\n<h2>Impacts et Suites L\u00e9gales<\/h2>\n<h3>R\u00f4le Crucial des Preuves<\/h3>\n<p>En r\u00e9sum\u00e9, la garde \u00e0 vue est une phase critique qui peut engendrer des r\u00e9percussions consid\u00e9rables sur la vie de la personne concern\u00e9e, et il est vital d\u2019en comprendre les enjeux et les cons\u00e9quences. Les \u00e9l\u00e9ments rassembl\u00e9s lors de la garde \u00e0 vue, qu\u2019ils soient tangibles ou sous forme de d\u00e9clarations, sont d\u00e9terminants pour l\u2019issue de l\u2019affaire. Ces \u00e9l\u00e9ments doivent \u00eatre recueillis dans le respect des droits des individus et des proc\u00e9dures l\u00e9gales pour garantir un traitement \u00e9quitable. Tout le processus est dirig\u00e9 par le procureur de la R\u00e9publique ou un juge d\u2019instruction, en respect des lois et de la Constitution. Il est imp\u00e9ratif de ne pas sous-estimer le r\u00f4le des preuves dans le cadre du processus p\u00e9nal.<\/p>\n<h3>Lib\u00e9ration et Voie de Recours<\/h3>\n<p>En revanche, si les \u00e9l\u00e9ments de preuve sont consid\u00e9r\u00e9s comme insuffisants, la personne peut \u00eatre rel\u00e2ch\u00e9e sans qu\u2019aucune poursuite ne soit engag\u00e9e. Cette d\u00e9cision est d\u00e9terminante, car elle prot\u00e8ge les droits de l\u2019individu et emp\u00eache les d\u00e9tentions arbitraires. Il est important de noter que l\u2019individu peut contester la d\u00e9cision du juge s\u2019il juge que ses droits n\u2019ont pas \u00e9t\u00e9 respect\u00e9s ou que la proc\u00e9dure a \u00e9t\u00e9 entach\u00e9e d\u2019irr\u00e9gularit\u00e9s. Que les faits concernent des infractions, des crimes ou des d\u00e9lits, le droit constitutionnel de notre R\u00e9publique contient des dispositions qui assurent la protection des citoyens.<\/p>\n<h3>Audience devant le Magistrat<\/h3>\n<p>Le procureur de la R\u00e9publique est un repr\u00e9sentant de l\u2019\u00c9tat, tout comme un juge d\u2019instruction. Ils d\u00e9tiennent le pouvoir constitutionnel de superviser la police pour proc\u00e9der \u00e0 l\u2019arrestation de suspects. \u00c0 l\u2019issue de la garde \u00e0 vue, plusieurs cons\u00e9quences peuvent en d\u00e9couler. La premi\u00e8re \u00e9tape requiert de pr\u00e9senter la personne \u00e0 un magistrat, qui examinera les faits de l\u2019enqu\u00eate et d\u00e9cidera des actions \u00e0 entreprendre. Lorsque le juge consid\u00e8re que les \u00e9l\u00e9ments de preuve sont suffisants, il peut ordonner le lancement de poursuites judiciaires. Dans cette situation, la personne sera inform\u00e9e des accusations port\u00e9es contre elle et des droits qui lui sont garantis durant l\u2019ensemble de la proc\u00e9dure judiciaire.<\/p>\n<h2>La Pratique de Garde \u00e0 Vue<\/h2>\n<h3>\u00c9tapes de l\u2019Enqu\u00eate et des Auditions<\/h3>\n<p>La garde \u00e0 vue est un processus judiciaire qui s\u2019op\u00e8re en plusieurs \u00e9tapes. Tout commence par l\u2019action des forces de police, qui peuvent d\u00e9cider de mettre une personne en garde \u00e0 vue si elles jugent qu\u2019il existe des raisons suffisantes de soup\u00e7onner qu\u2019elle a commis un d\u00e9lit. Cette d\u00e9cision doit \u00eatre fond\u00e9e sur des preuves tangibles et ne peut pas \u00eatre prise \u00e0 la l\u00e9g\u00e8re. Apr\u00e8s le placement en garde \u00e0 vue, la personne est souvent interrog\u00e9e par un OPJ. Il est essentiel que ce dernier respecte les droits individuels, en autorisant la consultation d\u2019un avocat avant toute r\u00e9ponse aux questions. L\u2019audition est une phase essentielle o\u00f9 les affirmations de l\u2019individu sont consign\u00e9es, et celles-ci peuvent avoir des r\u00e9percussions significatives sur le cours de la proc\u00e9dure. Il est essentiel que les d\u00e9clarations soient faites dans un environnement respectueux et apais\u00e9 des droits de la personne.<\/p>\n<p>Une fois la garde \u00e0 vue prononc\u00e9e, la personne est inform\u00e9e de ses droits, y compris le droit \u00e0 un avocat et le droit de rester silencieuse. <strong>\u00c9tude comparative des caract\u00e9ristiques de la garde \u00e0 vue et de l\u2019audition libre :<\/strong><\/p>\n<\/p>\n<h3>Opposition et R\u00e9cit<\/h3>\n<p>On peut aussi organiser une confrontation avec d\u2019autres t\u00e9moins ou suspects. L\u2019objectif de cette \u00e9tape est de collecter des \u00e9l\u00e9ments additionnels qui pourraient apporter des pr\u00e9cisions \u00e0 l\u2019enqu\u00eate. Les affirmations recueillies lors de cette confrontation sont consign\u00e9es dans un proc\u00e8s-verbal, qui sera une r\u00e9f\u00e9rence pour les \u00e9tapes suivantes de la proc\u00e9dure. Il est imp\u00e9ratif que la documentation et les rapports soient \u00e9tablis pour garantir la transparence et la l\u00e9galit\u00e9 de l\u2019ensemble du processus.<\/p>\n<h2>Examiner la Garde \u00e0 Vue<\/h2>\n<h3>D\u00e9finition et Contexte R\u00e9glementaire<\/h3>\n<p>Avant le placement en garde \u00e0 vue, la personne est inform\u00e9e de ses droits, notamment le droit de rester silencieuse et le droit d\u2019avoir un avocat. Il est important de comprendre que la garde \u00e0 vue ne doit pas \u00eatre vue comme une indication de culpabilit\u00e9 ; c\u2019est simplement une phase dans le processus d\u2019enqu\u00eate. Ces droits sont essentiels, car ils assurent que l\u2019individu ne soit pas soumis \u00e0 des pressions inappropri\u00e9es et qu\u2019il puisse se d\u00e9fendre de mani\u00e8re ad\u00e9quate. La pr\u00e9sence d\u2019un avocat est cruciale, car il peut conseiller la personne sur la meilleure mani\u00e8re de r\u00e9pondre aux interrogations des enqu\u00eateurs et sur les r\u00e9percussions de ses propos. Un service est disponible pour aider ceux qui pourraient faire face \u00e0 une garde \u00e0 vue. L\u2019enjeu est de se pr\u00e9parer sur le plan psychologique, de structurer ses arguments et de contourner les pi\u00e8ges. <a target=\"_blank\" rel=\"nofollow\" href=\"https:\/\/www.tribunal-nature.org\/blog\/goto\/https:\/\/www.courtier-avocat-strategie-tribunal-judiciaire.fr\/garde-a-vue\/\"  rel=\"noopener noreferrer\" target=\"blank\">En utilisant ce service, vous pouvez anticiper et faire face \u00e0 votre garde \u00e0 vue de fa\u00e7on positive.<\/a><\/p>\n<h3>Responsabilit\u00e9s des Intervenants<\/h3>\n<p>Les figures principales dans le cadre de la garde \u00e0 vue sont les officiers de police judiciaire (OPJ) et les avocats. Les OPJ sont responsables de la conduite de l\u2019enqu\u00eate et des interrogatoires, tandis que les avocats veillent \u00e0 la pr\u00e9servation des droits de leurs clients. La synergie entre ces deux parties est indispensable pour garantir un processus impartial.<\/p>\n<\/p>\n<h3>Missions de la Garde \u00e0 Vue<\/h3>\n<p>Les buts principaux de la garde \u00e0 vue englobent la collecte d\u2019\u00e9l\u00e9ments de preuve, la protection des t\u00e9moins, et la pr\u00e9vention de l\u2019\u00e9vasion de l\u2019individu suspect\u00e9. En retenant un individu, les enqu\u00eateurs peuvent poser des questions et recueillir des informations qui pourraient \u00eatre vitales pour l\u2019enqu\u00eate. Cela contribue \u00e9galement \u00e0 \u00e9viter que l\u2019individu ne d\u00e9forme des preuves ou n\u2019influence d\u2019autres t\u00e9moins.<\/p>\n<h2>Apr\u00e8s la Garde \u00e0 Vue, les d\u00e9marches \u00e0 suivre<\/h2>\n<h3>Plan d\u2019Action Judiciaire<\/h3>\n<p>La m\u00e9thode judiciaire appliqu\u00e9e durant la garde \u00e0 vue est d\u00e9terminante. Les avocats occupent une position essentielle en guidant leurs clients sur la fa\u00e7on de traverser cette p\u00e9riode sensible. Ils peuvent aider \u00e0 pr\u00e9parer des r\u00e9ponses adapt\u00e9es aux interrogations des enqu\u00eateurs et \u00e0 veiller au respect des droits de leur client. Par ailleurs, une bonne strat\u00e9gie peut inclure la pr\u00e9paration proactive de la d\u00e9fense, en rassemblant des preuves et des t\u00e9moignages qui pourraient \u00eatre pertinents lors d\u2019une audience \u00e0 venir. En d\u00e9finitive, la garde \u00e0 vue est un processus complexe qui exige une compr\u00e9hension claire des droits et des devoirs des personnes impliqu\u00e9es. Il est important de comprendre les droits en garde \u00e0 vue, la dur\u00e9e maximale de cette proc\u00e9dure, et les \u00e9tapes qui suivent pour naviguer dans le syst\u00e8me judiciaire avec s\u00e9r\u00e9nit\u00e9. Il est primordial de se rappeler que chaque cas est particulier et que l\u2019assistance d\u2019un avocat peut faire une diff\u00e9rence notable dans le r\u00e9sultat de la proc\u00e9dure.<\/p>\n<\/p>\n<h3>Sc\u00e9narios ult\u00e9rieurs \u00e0 la Garde \u00e0 Vue<\/h3>\n<p>\u00c0 l\u2019issue de la garde \u00e0 vue, plusieurs possibilit\u00e9s peuvent se dessiner. La personne peut \u00eatre rel\u00e2ch\u00e9e sans qu\u2019aucune poursuite ne soit engag\u00e9e, mise en examen, ou soumise \u00e0 un contr\u00f4le judiciaire. Dans le cadre d\u2019une mise en examen, cela signifie que des charges officielles sont formul\u00e9es contre elle, et elle devra se pr\u00e9parer \u00e0 une \u00e9ventuelle poursuite judiciaire. Il est essentiel de souligner que la d\u00e9cision de prolonger la garde \u00e0 vue ou de passer \u00e0 une autre phase du processus judiciaire doit \u00eatre fond\u00e9e sur des \u00e9l\u00e9ments tangibles et approuv\u00e9e par un procureur.<\/p>\n<\/p>\n<h2>La Garde \u00e0 Vue, c\u2019est quoi ?<\/h2>\n<p>La garde \u00e0 vue est un dispositif l\u00e9gal qui autorise les forces de police \u00e0 maintenir en d\u00e9tention une personne soup\u00e7onn\u00e9e d\u2019avoir enfreint la loi. Cette proc\u00e9dure, encadr\u00e9e par le Code de proc\u00e9dure p\u00e9nale, a pour but de faciliter l\u2019enqu\u00eate en permettant la collecte de preuves. La garde \u00e0 vue dure g\u00e9n\u00e9ralement 24 heures, mais peut \u00eatre prolong\u00e9e jusqu\u2019\u00e0 48 heures dans certains cas, en particulier pour des infractions majeures. Cette mesure suscite fr\u00e9quemment des pr\u00e9occupations chez les personnes concern\u00e9es, qui peuvent \u00e9prouver un sentiment de d\u00e9sorientation face \u00e0 la complexit\u00e9 des d\u00e9marches judiciaires.<\/p>\n<h2>Les exigences de la garde \u00e0 vue<\/h2>\n<h3>Param\u00e8tres de la garde \u00e0 vue<\/h3>\n<p>Pour qu\u2019une personne soit en garde \u00e0 vue, plusieurs conditions doivent \u00eatre r\u00e9unies. Les forces de l\u2019ordre doivent avoir des raisons suffisantes pour penser que la personne a commis une infraction. Ces raisons doivent \u00eatre \u00e9tay\u00e9es par des \u00e9l\u00e9ments v\u00e9rifiables, comme des t\u00e9moignages ou des preuves physiques. La d\u00e9cision de garder une personne \u00e0 vue ne peut \u00eatre prise que si cela est essentiel pour l\u2019enqu\u00eate, comme pour \u00e9viter qu\u2019elle ne s\u2019enfuie ou ne d\u00e9truise des \u00e9l\u00e9ments de preuve. En outre, la loi impose une dur\u00e9e maximale pour la garde \u00e0 vue, et toute prolongation doit \u00eatre justifi\u00e9e et valid\u00e9e par un procureur. Ces crit\u00e8res sont destin\u00e9s \u00e0 prot\u00e9ger les droits des individus et \u00e0 pr\u00e9venir les abus de pouvoir dans le processus p\u00e9nal. Que ce soit pour une infraction, un crime ou un d\u00e9lit, les d\u00e9lits et en particulier les crimes entra\u00eenent des gardes \u00e0 vue pour assurer l\u2019\u00e9quit\u00e9 des citoyens devant la loi au sein de la R\u00e9publique.<\/p>\n<h3>Dur\u00e9e suppl\u00e9mentaire de la garde \u00e0 vue<\/h3>\n<p>L\u2019extension de la garde \u00e0 vue peut \u00eatre appliqu\u00e9e selon des crit\u00e8res sp\u00e9cifiques. Lorsque les \u00e9l\u00e9ments de l\u2019enqu\u00eate n\u00e9cessitent un temps additionnel pour \u00eatre analys\u00e9s, la police peut solliciter une prolongation, soumise \u00e0 l\u2019approbation d\u2019un procureur. Cette prolongation ne peut aller au-del\u00e0 de 48 heures au total, sauf dans des situations exceptionnelles mentionn\u00e9es dans le code de proc\u00e9dure p\u00e9nale. Durant cette p\u00e9riode, l\u2019individu en garde \u00e0 vue conserve ses droits, y compris le droit \u00e0 l\u2019assistance d\u2019un avocat et le droit d\u2019\u00eatre inform\u00e9 des motifs de sa d\u00e9tention. Il est important que cette prolongation soit \u00e9tay\u00e9e par des preuves tangibles, pour garantir le respect des principes de la libert\u00e9 individuelle et un traitement \u00e9quitable dans le cadre de la proc\u00e9dure judiciaire.<\/p>\n<\/p>\n<\/div>\n","protected":false},"excerpt":{"rendered":"<p>Un nouvel article portant le titre \u00ab\u00a0Un mort, le chauffeur routier en garde \u00e0 vue: ce que l\u2019on sait sur&#8230;<\/p>\n","protected":false},"author":3,"featured_media":0,"comment_status":"closed","ping_status":"closed","sticky":false,"template":"","format":"standard","meta":{"footnotes":""},"categories":[2],"tags":[],"class_list":["post-1661","post","type-post","status-publish","format-standard","hentry","category-droit-de-lenvironnement","wpcat-2-id"],"yoast_head":"<!-- This site is optimized with the Yoast SEO plugin v27.5 - https:\/\/yoast.com\/product\/yoast-seo-wordpress\/ -->\n<title>Garde \u00e0 vue; Un mort, le chauffeur routier en garde \u00e0 vue: ce que l\u2019on sait sur l\u2019accident entre un TGV et un poids lourd \u00e0 Lens - TRIBUNAL-NATURE<\/title>\n<meta name=\"description\" content=\"Garde \u00e0 vue; Un mort, le chauffeur routier en garde \u00e0 vue: ce que l\u2019on sait sur l\u2019accident entre un TGV et un poids lourd \u00e0 Lens article de TRIBUNAL-NATURE\" \/>\n<meta name=\"robots\" content=\"index, follow, max-snippet:-1, max-image-preview:large, max-video-preview:-1\" \/>\n<link rel=\"canonical\" href=\"https:\/\/www.tribunal-nature.org\/blog\/garde-a-vue-un-mort-le-chauffeur-routier-en-garde-a-vue-ce-que-lon-sait-sur-laccident-entre-un-tgv-et-un-poids-lourd-a-lens\/\" \/>\n<meta property=\"og:locale\" content=\"fr_FR\" \/>\n<meta property=\"og:type\" content=\"article\" \/>\n<meta property=\"og:title\" content=\"Garde \u00e0 vue; Un mort, le chauffeur routier en garde \u00e0 vue: ce que l\u2019on sait sur l\u2019accident entre un TGV et un poids lourd \u00e0 Lens - TRIBUNAL-NATURE\" \/>\n<meta property=\"og:description\" content=\"Garde \u00e0 vue; Un mort, le chauffeur routier en garde \u00e0 vue: ce que l\u2019on sait sur l\u2019accident entre un TGV et un poids lourd \u00e0 Lens article de TRIBUNAL-NATURE\" \/>\n<meta property=\"og:url\" content=\"https:\/\/www.tribunal-nature.org\/blog\/garde-a-vue-un-mort-le-chauffeur-routier-en-garde-a-vue-ce-que-lon-sait-sur-laccident-entre-un-tgv-et-un-poids-lourd-a-lens\/\" \/>\n<meta property=\"og:site_name\" content=\"TRIBUNAL-NATURE\" \/>\n<meta property=\"article:published_time\" content=\"2026-04-07T16:04:06+00:00\" \/>\n<meta name=\"author\" content=\"Isabelle LOUBEAU\" \/>\n<meta name=\"twitter:card\" content=\"summary_large_image\" \/>\n<meta name=\"twitter:label1\" content=\"\u00c9crit par\" \/>\n\t<meta name=\"twitter:data1\" content=\"Isabelle LOUBEAU\" \/>\n\t<meta name=\"twitter:label2\" content=\"Dur\u00e9e de lecture estim\u00e9e\" \/>\n\t<meta name=\"twitter:data2\" content=\"11 minutes\" \/>\n<script type=\"application\/ld+json\" class=\"yoast-schema-graph\">{\"@context\":\"https:\\\/\\\/schema.org\",\"@graph\":[{\"@type\":\"Article\",\"@id\":\"https:\\\/\\\/www.tribunal-nature.org\\\/blog\\\/garde-a-vue-un-mort-le-chauffeur-routier-en-garde-a-vue-ce-que-lon-sait-sur-laccident-entre-un-tgv-et-un-poids-lourd-a-lens\\\/#article\",\"isPartOf\":{\"@id\":\"https:\\\/\\\/www.tribunal-nature.org\\\/blog\\\/garde-a-vue-un-mort-le-chauffeur-routier-en-garde-a-vue-ce-que-lon-sait-sur-laccident-entre-un-tgv-et-un-poids-lourd-a-lens\\\/\"},\"author\":{\"name\":\"Isabelle LOUBEAU\",\"@id\":\"https:\\\/\\\/www.tribunal-nature.org\\\/blog\\\/#\\\/schema\\\/person\\\/55761caf7544da6b05b60523f2a0855f\"},\"headline\":\"Garde \u00e0 vue; Un mort, le chauffeur routier en garde \u00e0 vue: ce que l\u2019on sait sur l\u2019accident entre un TGV et un poids lourd \u00e0 Lens\",\"datePublished\":\"2026-04-07T16:04:06+00:00\",\"mainEntityOfPage\":{\"@id\":\"https:\\\/\\\/www.tribunal-nature.org\\\/blog\\\/garde-a-vue-un-mort-le-chauffeur-routier-en-garde-a-vue-ce-que-lon-sait-sur-laccident-entre-un-tgv-et-un-poids-lourd-a-lens\\\/\"},\"wordCount\":2207,\"publisher\":{\"@id\":\"https:\\\/\\\/www.tribunal-nature.org\\\/blog\\\/#organization\"},\"articleSection\":[\"Droit De L'Environnement:\"],\"inLanguage\":\"fr-FR\"},{\"@type\":\"WebPage\",\"@id\":\"https:\\\/\\\/www.tribunal-nature.org\\\/blog\\\/garde-a-vue-un-mort-le-chauffeur-routier-en-garde-a-vue-ce-que-lon-sait-sur-laccident-entre-un-tgv-et-un-poids-lourd-a-lens\\\/\",\"url\":\"https:\\\/\\\/www.tribunal-nature.org\\\/blog\\\/garde-a-vue-un-mort-le-chauffeur-routier-en-garde-a-vue-ce-que-lon-sait-sur-laccident-entre-un-tgv-et-un-poids-lourd-a-lens\\\/\",\"name\":\"Garde \u00e0 vue; Un mort, le chauffeur routier en garde \u00e0 vue: ce que l\u2019on sait sur l\u2019accident entre un TGV et un poids lourd \u00e0 Lens - TRIBUNAL-NATURE\",\"isPartOf\":{\"@id\":\"https:\\\/\\\/www.tribunal-nature.org\\\/blog\\\/#website\"},\"datePublished\":\"2026-04-07T16:04:06+00:00\",\"description\":\"Garde \u00e0 vue; Un mort, le chauffeur routier en garde \u00e0 vue: ce que l\u2019on sait sur l\u2019accident entre un TGV et un poids lourd \u00e0 Lens article de TRIBUNAL-NATURE\",\"breadcrumb\":{\"@id\":\"https:\\\/\\\/www.tribunal-nature.org\\\/blog\\\/garde-a-vue-un-mort-le-chauffeur-routier-en-garde-a-vue-ce-que-lon-sait-sur-laccident-entre-un-tgv-et-un-poids-lourd-a-lens\\\/#breadcrumb\"},\"inLanguage\":\"fr-FR\",\"potentialAction\":[{\"@type\":\"ReadAction\",\"target\":[\"https:\\\/\\\/www.tribunal-nature.org\\\/blog\\\/garde-a-vue-un-mort-le-chauffeur-routier-en-garde-a-vue-ce-que-lon-sait-sur-laccident-entre-un-tgv-et-un-poids-lourd-a-lens\\\/\"]}]},{\"@type\":\"BreadcrumbList\",\"@id\":\"https:\\\/\\\/www.tribunal-nature.org\\\/blog\\\/garde-a-vue-un-mort-le-chauffeur-routier-en-garde-a-vue-ce-que-lon-sait-sur-laccident-entre-un-tgv-et-un-poids-lourd-a-lens\\\/#breadcrumb\",\"itemListElement\":[{\"@type\":\"ListItem\",\"position\":1,\"name\":\"Accueil\",\"item\":\"https:\\\/\\\/www.tribunal-nature.org\\\/blog\\\/\"},{\"@type\":\"ListItem\",\"position\":2,\"name\":\"Garde \u00e0 vue; Un mort, le chauffeur routier en garde \u00e0 vue: ce que l\u2019on sait sur l\u2019accident entre un TGV et un poids lourd \u00e0 Lens\"}]},{\"@type\":\"WebSite\",\"@id\":\"https:\\\/\\\/www.tribunal-nature.org\\\/blog\\\/#website\",\"url\":\"https:\\\/\\\/www.tribunal-nature.org\\\/blog\\\/\",\"name\":\"TRIBUNAL-NATURE\",\"description\":\"Droit De L&#039;Environnement.\",\"publisher\":{\"@id\":\"https:\\\/\\\/www.tribunal-nature.org\\\/blog\\\/#organization\"},\"potentialAction\":[{\"@type\":\"SearchAction\",\"target\":{\"@type\":\"EntryPoint\",\"urlTemplate\":\"https:\\\/\\\/www.tribunal-nature.org\\\/blog\\\/?s={search_term_string}\"},\"query-input\":{\"@type\":\"PropertyValueSpecification\",\"valueRequired\":true,\"valueName\":\"search_term_string\"}}],\"inLanguage\":\"fr-FR\"},{\"@type\":\"Organization\",\"@id\":\"https:\\\/\\\/www.tribunal-nature.org\\\/blog\\\/#organization\",\"name\":\"tribunal-nature\",\"url\":\"https:\\\/\\\/www.tribunal-nature.org\\\/blog\\\/\",\"logo\":{\"@type\":\"ImageObject\",\"inLanguage\":\"fr-FR\",\"@id\":\"https:\\\/\\\/www.tribunal-nature.org\\\/blog\\\/#\\\/schema\\\/logo\\\/image\\\/\",\"url\":\"https:\\\/\\\/www.tribunal-nature.org\\\/blog\\\/wp-content\\\/uploads\\\/2022\\\/05\\\/logo-2.png\",\"contentUrl\":\"https:\\\/\\\/www.tribunal-nature.org\\\/blog\\\/wp-content\\\/uploads\\\/2022\\\/05\\\/logo-2.png\",\"width\":180,\"height\":180,\"caption\":\"tribunal-nature\"},\"image\":{\"@id\":\"https:\\\/\\\/www.tribunal-nature.org\\\/blog\\\/#\\\/schema\\\/logo\\\/image\\\/\"}},{\"@type\":\"Person\",\"@id\":\"https:\\\/\\\/www.tribunal-nature.org\\\/blog\\\/#\\\/schema\\\/person\\\/55761caf7544da6b05b60523f2a0855f\",\"name\":\"Isabelle LOUBEAU\",\"image\":{\"@type\":\"ImageObject\",\"inLanguage\":\"fr-FR\",\"@id\":\"https:\\\/\\\/secure.gravatar.com\\\/avatar\\\/b6912620aca78633bf5d50400888815d3b38a1118e82b94050843f411f3f5972?s=96&d=mm&r=g\",\"url\":\"https:\\\/\\\/secure.gravatar.com\\\/avatar\\\/b6912620aca78633bf5d50400888815d3b38a1118e82b94050843f411f3f5972?s=96&d=mm&r=g\",\"contentUrl\":\"https:\\\/\\\/secure.gravatar.com\\\/avatar\\\/b6912620aca78633bf5d50400888815d3b38a1118e82b94050843f411f3f5972?s=96&d=mm&r=g\",\"caption\":\"Isabelle LOUBEAU\"},\"url\":\"https:\\\/\\\/www.tribunal-nature.org\\\/blog\\\/author\\\/ureisabelle\\\/\"}]}<\/script>\n<!-- \/ Yoast SEO plugin. -->","yoast_head_json":{"title":"Garde \u00e0 vue; Un mort, le chauffeur routier en garde \u00e0 vue: ce que l\u2019on sait sur l\u2019accident entre un TGV et un poids lourd \u00e0 Lens - TRIBUNAL-NATURE","description":"Garde \u00e0 vue; Un mort, le chauffeur routier en garde \u00e0 vue: ce que l\u2019on sait sur l\u2019accident entre un TGV et un poids lourd \u00e0 Lens article de TRIBUNAL-NATURE","robots":{"index":"index","follow":"follow","max-snippet":"max-snippet:-1","max-image-preview":"max-image-preview:large","max-video-preview":"max-video-preview:-1"},"canonical":"https:\/\/www.tribunal-nature.org\/blog\/garde-a-vue-un-mort-le-chauffeur-routier-en-garde-a-vue-ce-que-lon-sait-sur-laccident-entre-un-tgv-et-un-poids-lourd-a-lens\/","og_locale":"fr_FR","og_type":"article","og_title":"Garde \u00e0 vue; Un mort, le chauffeur routier en garde \u00e0 vue: ce que l\u2019on sait sur l\u2019accident entre un TGV et un poids lourd \u00e0 Lens - TRIBUNAL-NATURE","og_description":"Garde \u00e0 vue; Un mort, le chauffeur routier en garde \u00e0 vue: ce que l\u2019on sait sur l\u2019accident entre un TGV et un poids lourd \u00e0 Lens article de TRIBUNAL-NATURE","og_url":"https:\/\/www.tribunal-nature.org\/blog\/garde-a-vue-un-mort-le-chauffeur-routier-en-garde-a-vue-ce-que-lon-sait-sur-laccident-entre-un-tgv-et-un-poids-lourd-a-lens\/","og_site_name":"TRIBUNAL-NATURE","article_published_time":"2026-04-07T16:04:06+00:00","author":"Isabelle LOUBEAU","twitter_card":"summary_large_image","twitter_misc":{"\u00c9crit par":"Isabelle LOUBEAU","Dur\u00e9e de lecture estim\u00e9e":"11 minutes"},"schema":{"@context":"https:\/\/schema.org","@graph":[{"@type":"Article","@id":"https:\/\/www.tribunal-nature.org\/blog\/garde-a-vue-un-mort-le-chauffeur-routier-en-garde-a-vue-ce-que-lon-sait-sur-laccident-entre-un-tgv-et-un-poids-lourd-a-lens\/#article","isPartOf":{"@id":"https:\/\/www.tribunal-nature.org\/blog\/garde-a-vue-un-mort-le-chauffeur-routier-en-garde-a-vue-ce-que-lon-sait-sur-laccident-entre-un-tgv-et-un-poids-lourd-a-lens\/"},"author":{"name":"Isabelle LOUBEAU","@id":"https:\/\/www.tribunal-nature.org\/blog\/#\/schema\/person\/55761caf7544da6b05b60523f2a0855f"},"headline":"Garde \u00e0 vue; Un mort, le chauffeur routier en garde \u00e0 vue: ce que l\u2019on sait sur l\u2019accident entre un TGV et un poids lourd \u00e0 Lens","datePublished":"2026-04-07T16:04:06+00:00","mainEntityOfPage":{"@id":"https:\/\/www.tribunal-nature.org\/blog\/garde-a-vue-un-mort-le-chauffeur-routier-en-garde-a-vue-ce-que-lon-sait-sur-laccident-entre-un-tgv-et-un-poids-lourd-a-lens\/"},"wordCount":2207,"publisher":{"@id":"https:\/\/www.tribunal-nature.org\/blog\/#organization"},"articleSection":["Droit De L'Environnement:"],"inLanguage":"fr-FR"},{"@type":"WebPage","@id":"https:\/\/www.tribunal-nature.org\/blog\/garde-a-vue-un-mort-le-chauffeur-routier-en-garde-a-vue-ce-que-lon-sait-sur-laccident-entre-un-tgv-et-un-poids-lourd-a-lens\/","url":"https:\/\/www.tribunal-nature.org\/blog\/garde-a-vue-un-mort-le-chauffeur-routier-en-garde-a-vue-ce-que-lon-sait-sur-laccident-entre-un-tgv-et-un-poids-lourd-a-lens\/","name":"Garde \u00e0 vue; Un mort, le chauffeur routier en garde \u00e0 vue: ce que l\u2019on sait sur l\u2019accident entre un TGV et un poids lourd \u00e0 Lens - TRIBUNAL-NATURE","isPartOf":{"@id":"https:\/\/www.tribunal-nature.org\/blog\/#website"},"datePublished":"2026-04-07T16:04:06+00:00","description":"Garde \u00e0 vue; Un mort, le chauffeur routier en garde \u00e0 vue: ce que l\u2019on sait sur l\u2019accident entre un TGV et un poids lourd \u00e0 Lens article de TRIBUNAL-NATURE","breadcrumb":{"@id":"https:\/\/www.tribunal-nature.org\/blog\/garde-a-vue-un-mort-le-chauffeur-routier-en-garde-a-vue-ce-que-lon-sait-sur-laccident-entre-un-tgv-et-un-poids-lourd-a-lens\/#breadcrumb"},"inLanguage":"fr-FR","potentialAction":[{"@type":"ReadAction","target":["https:\/\/www.tribunal-nature.org\/blog\/garde-a-vue-un-mort-le-chauffeur-routier-en-garde-a-vue-ce-que-lon-sait-sur-laccident-entre-un-tgv-et-un-poids-lourd-a-lens\/"]}]},{"@type":"BreadcrumbList","@id":"https:\/\/www.tribunal-nature.org\/blog\/garde-a-vue-un-mort-le-chauffeur-routier-en-garde-a-vue-ce-que-lon-sait-sur-laccident-entre-un-tgv-et-un-poids-lourd-a-lens\/#breadcrumb","itemListElement":[{"@type":"ListItem","position":1,"name":"Accueil","item":"https:\/\/www.tribunal-nature.org\/blog\/"},{"@type":"ListItem","position":2,"name":"Garde \u00e0 vue; Un mort, le chauffeur routier en garde \u00e0 vue: ce que l\u2019on sait sur l\u2019accident entre un TGV et un poids lourd \u00e0 Lens"}]},{"@type":"WebSite","@id":"https:\/\/www.tribunal-nature.org\/blog\/#website","url":"https:\/\/www.tribunal-nature.org\/blog\/","name":"TRIBUNAL-NATURE","description":"Droit De L&#039;Environnement.","publisher":{"@id":"https:\/\/www.tribunal-nature.org\/blog\/#organization"},"potentialAction":[{"@type":"SearchAction","target":{"@type":"EntryPoint","urlTemplate":"https:\/\/www.tribunal-nature.org\/blog\/?s={search_term_string}"},"query-input":{"@type":"PropertyValueSpecification","valueRequired":true,"valueName":"search_term_string"}}],"inLanguage":"fr-FR"},{"@type":"Organization","@id":"https:\/\/www.tribunal-nature.org\/blog\/#organization","name":"tribunal-nature","url":"https:\/\/www.tribunal-nature.org\/blog\/","logo":{"@type":"ImageObject","inLanguage":"fr-FR","@id":"https:\/\/www.tribunal-nature.org\/blog\/#\/schema\/logo\/image\/","url":"https:\/\/www.tribunal-nature.org\/blog\/wp-content\/uploads\/2022\/05\/logo-2.png","contentUrl":"https:\/\/www.tribunal-nature.org\/blog\/wp-content\/uploads\/2022\/05\/logo-2.png","width":180,"height":180,"caption":"tribunal-nature"},"image":{"@id":"https:\/\/www.tribunal-nature.org\/blog\/#\/schema\/logo\/image\/"}},{"@type":"Person","@id":"https:\/\/www.tribunal-nature.org\/blog\/#\/schema\/person\/55761caf7544da6b05b60523f2a0855f","name":"Isabelle LOUBEAU","image":{"@type":"ImageObject","inLanguage":"fr-FR","@id":"https:\/\/secure.gravatar.com\/avatar\/b6912620aca78633bf5d50400888815d3b38a1118e82b94050843f411f3f5972?s=96&d=mm&r=g","url":"https:\/\/secure.gravatar.com\/avatar\/b6912620aca78633bf5d50400888815d3b38a1118e82b94050843f411f3f5972?s=96&d=mm&r=g","contentUrl":"https:\/\/secure.gravatar.com\/avatar\/b6912620aca78633bf5d50400888815d3b38a1118e82b94050843f411f3f5972?s=96&d=mm&r=g","caption":"Isabelle LOUBEAU"},"url":"https:\/\/www.tribunal-nature.org\/blog\/author\/ureisabelle\/"}]}},"_links":{"self":[{"href":"https:\/\/www.tribunal-nature.org\/blog\/wp-json\/wp\/v2\/posts\/1661","targetHints":{"allow":["GET"]}}],"collection":[{"href":"https:\/\/www.tribunal-nature.org\/blog\/wp-json\/wp\/v2\/posts"}],"about":[{"href":"https:\/\/www.tribunal-nature.org\/blog\/wp-json\/wp\/v2\/types\/post"}],"author":[{"embeddable":true,"href":"https:\/\/www.tribunal-nature.org\/blog\/wp-json\/wp\/v2\/users\/3"}],"replies":[{"embeddable":true,"href":"https:\/\/www.tribunal-nature.org\/blog\/wp-json\/wp\/v2\/comments?post=1661"}],"version-history":[{"count":0,"href":"https:\/\/www.tribunal-nature.org\/blog\/wp-json\/wp\/v2\/posts\/1661\/revisions"}],"wp:attachment":[{"href":"https:\/\/www.tribunal-nature.org\/blog\/wp-json\/wp\/v2\/media?parent=1661"}],"wp:term":[{"taxonomy":"category","embeddable":true,"href":"https:\/\/www.tribunal-nature.org\/blog\/wp-json\/wp\/v2\/categories?post=1661"},{"taxonomy":"post_tag","embeddable":true,"href":"https:\/\/www.tribunal-nature.org\/blog\/wp-json\/wp\/v2\/tags?post=1661"}],"curies":[{"name":"wp","href":"https:\/\/api.w.org\/{rel}","templated":true}]}}