{"id":1655,"date":"2026-04-05T00:12:30","date_gmt":"2026-04-04T22:12:30","guid":{"rendered":"https:\/\/www.tribunal-nature.org\/blog\/garde-a-vue-paris-le-realisateur-place-en-garde-a-vue-apres-la-mort-de-sa-compagne-defenestree-a-ete-remis-en-liberte\/"},"modified":"2026-04-05T00:12:30","modified_gmt":"2026-04-04T22:12:30","slug":"garde-a-vue-paris-le-realisateur-place-en-garde-a-vue-apres-la-mort-de-sa-compagne-defenestree-a-ete-remis-en-liberte","status":"publish","type":"post","link":"https:\/\/www.tribunal-nature.org\/blog\/garde-a-vue-paris-le-realisateur-place-en-garde-a-vue-apres-la-mort-de-sa-compagne-defenestree-a-ete-remis-en-liberte\/","title":{"rendered":"Garde \u00e0 vue; Paris : le r\u00e9alisateur plac\u00e9 en garde \u00e0 vue apr\u00e8s la mort de sa compagne, d\u00e9fenestr\u00e9e, a \u00e9t\u00e9 remis en libert\u00e9"},"content":{"rendered":"<div>\n<p>\nUn article r\u00e9cemment publi\u00e9 porte le titre \u00ab\u00a0Paris : le r\u00e9alisateur plac\u00e9 en garde \u00e0 vue apr\u00e8s la mort de sa compagne, d\u00e9fenestr\u00e9e, a \u00e9t\u00e9 remis en libert\u00e9\u00a0\u00bb. <\/p>\n<p>Une femme a \u00e9t\u00e9 retrouv\u00e9e d\u00e9fenestr\u00e9e et nue sur la voie publique en arr\u00eat cardio-respiratoire dans la nuit de jeudi \u00e0 vendredi, \u00e0 Paris. Son compagnon, qui serait \u2026<\/p>\n<h2>Cons\u00e9quences et D\u00e9veloppements Juridiques<\/h2>\n<h3>Comparution devant le Juge de Paix<\/h3>\n<p>Une fois la garde \u00e0 vue termin\u00e9e, plusieurs r\u00e9percussions peuvent se manifester. La premi\u00e8re \u00e9tape consiste \u00e0 amener la personne devant un magistrat, qui analysera les \u00e9l\u00e9ments de l\u2019enqu\u00eate et d\u00e9cidera des mesures \u00e0 prendre. Si le juge \u00e9value qu\u2019il existe des preuves suffisantes, il peut d\u00e9cider d\u2019engager des poursuites judiciaires. Dans ce contexte, la personne recevra des informations sur les accusations formul\u00e9es \u00e0 son encontre et sur les droits qui lui sont accord\u00e9s pendant la proc\u00e9dure judiciaire. Le procureur de la R\u00e9publique est un agent public de l\u2019\u00c9tat, tout comme un juge d\u2019instruction. Ils ont la capacit\u00e9 constitutionnelle de commander la police pour proc\u00e9der \u00e0 l\u2019arrestation de suspects.<\/p>\n<h3>D\u00e9livrance et R\u00e9clamation<\/h3>\n<p>D\u2019autre part, si les preuves sont jug\u00e9es insuffisantes, l\u2019individu peut \u00eatre lib\u00e9r\u00e9 sans qu\u2019aucune action judiciaire ne soit entreprise. Cette d\u00e9cision est d\u00e9terminante, car elle sauvegarde les droits de l\u2019individu et \u00e9vite les d\u00e9tentions non justifi\u00e9es. Il est essentiel de noter que la personne a la possibilit\u00e9 de contester la d\u00e9cision du juge si elle estime que ses droits n\u2019ont pas \u00e9t\u00e9 respect\u00e9s ou si la proc\u00e9dure a \u00e9t\u00e9 entach\u00e9e d\u2019irr\u00e9gularit\u00e9s. Que les faits rel\u00e8vent d\u2019infractions, de crimes ou de d\u00e9lits, le droit constitutionnel de notre R\u00e9publique inclut des dispositions visant \u00e0 prot\u00e9ger les citoyens.<\/p>\n<h3>Importance des Preuves<\/h3>\n<p>Tout le processus est dirig\u00e9 par le procureur de la R\u00e9publique ou un juge d\u2019instruction, en respect des lois et de la Constitution. Les preuves obtenues pendant la garde \u00e0 vue, qu\u2019elles soient mat\u00e9rielles ou t\u00e9moignages, ont un impact majeur sur le r\u00e9sultat de l\u2019affaire. Ils doivent \u00eatre obtenus dans le respect des droits de la personne et des normes l\u00e9gales pour assurer un traitement juste et \u00e9quitable. Les \u00e9l\u00e9ments de preuve sont fondamentaux dans le processus p\u00e9nal et leur importance ne doit pas \u00eatre sous-estim\u00e9e. En somme, la garde \u00e0 vue est une \u00e9tape cruciale qui peut avoir des r\u00e9percussions significatives sur la vie de l\u2019individu concern\u00e9, et il est essentiel d\u2019en comprendre les enjeux et les implications.<\/p>\n<h2>La Strat\u00e9gie de Garde \u00e0 Vue<\/h2>\n<h3>S\u00e9quences de l\u2019Enqu\u00eate et de l\u2019Audition<\/h3>\n<p>La proc\u00e9dure de garde \u00e0 vue repr\u00e9sente un processus juridique qui se d\u00e9roule en plusieurs \u00e9tapes. Tout d\u00e9bute par l\u2019intervention des forces de police, qui peuvent choisir de placer un individu en garde \u00e0 vue lorsqu\u2019elles jugent qu\u2019il y a des motifs raisonnables de soup\u00e7onner qu\u2019il a commis une infraction. Cette d\u00e9cision doit \u00eatre justifi\u00e9e par des preuves tangibles et ne doit pas \u00eatre prise \u00e0 la l\u00e9g\u00e8re. L\u2019audition repr\u00e9sente un moment d\u00e9terminant o\u00f9 les d\u00e9clarations de l\u2019individu sont not\u00e9es, pouvant ainsi avoir un impact important sur la suite de la proc\u00e9dure. Il est crucial que les affirmations soient formul\u00e9es dans un cadre serein, tout en respectant les droits de l\u2019individu.<\/p>\n<p>Apr\u00e8s le placement en garde \u00e0 vue, la personne est souvent questionn\u00e9e par un officier de police judiciaire (OPJ). Il est crucial que ce dernier respecte les droits de l\u2019individu, en lui permettant de discuter avec son avocat avant de r\u00e9pondre aux questions. Apr\u00e8s la prononciation de la garde \u00e0 vue, la personne re\u00e7oit des informations sur ses droits, notamment le droit \u00e0 l\u2019assistance d\u2019un avocat et le droit de garder le silence. <strong>Confrontation des traits de la garde \u00e0 vue et de l\u2019audition libre :<\/strong><\/p>\n<table border=\"2\" cellpadding=\"6\" cellspacing=\"2\">\n<thead>\n<tr>\n<th>Singularit\u00e9\n<\/th>\n<th>Garde \u00e0 Vue\n<\/th>\n<th>Audition Libre\n<\/th>\n<\/tr>\n<\/thead>\n<tbody>\n<tr>\n<td>Droit \u00e0 l\u2019assistance d\u2019un conseil juridique\n<\/td>\n<td>Oui\n<\/td>\n<td>Oui\n<\/td>\n<\/tr>\n<tr>\n<td>Dur\u00e9e maximale stipul\u00e9e\n<\/td>\n<td>24 heures\n<\/td>\n<td>N\/A\n<\/td>\n<\/tr>\n<tr>\n<td>Obligation de se montrer\n<\/td>\n<td>Oui\n<\/td>\n<td>Non\n<\/td>\n<\/tr>\n<tr>\n<td>Droit de ne pas r\u00e9pondre\n<\/td>\n<td>Oui\n<\/td>\n<td>Oui\n<\/td>\n<\/tr>\n<tr>\n<td>Interrogatoire sous menace\n<\/td>\n<td>Oui\n<\/td>\n<td>Non\n<\/td>\n<\/tr>\n<tr>\n<td>Libre de partir quand vous le souhaitez\n<\/td>\n<td>Non\n<\/td>\n<td>Oui\n<\/td>\n<\/tr>\n<tr>\n<td>Acc\u00e8s aux pr\u00e9cisions concernant les charges\n<\/td>\n<td>Limit\u00e9\n<\/td>\n<td>Complet\n<\/td>\n<\/tr>\n<tr>\n<td>Capacit\u00e9 \u00e0 requ\u00e9rir des clarifications sur les droits\n<\/td>\n<td>Oui\n<\/td>\n<td>Oui\n<\/td>\n<\/tr>\n<tr>\n<td>Interrogation sur des faits d\u00e9j\u00e0 \u00e9tablis\n<\/td>\n<td>Oui\n<\/td>\n<td>Non\n<\/td>\n<\/tr>\n<tr>\n<td>Ordre de compara\u00eetre en tant que t\u00e9moin\n<\/td>\n<td>Non\n<\/td>\n<td>Oui\n<\/td>\n<\/tr>\n<tr>\n<td>Peut \u00eatre reconduite\n<\/td>\n<td>Oui\n<\/td>\n<td>N\/A\n<\/td>\n<\/tr>\n<tr>\n<td>Pas de limitation\n<\/td>\n<td>Non\n<\/td>\n<td>Oui<\/td>\n<\/tr>\n<\/tbody>\n<\/table>\n<h3>Confrontation et Fichier<\/h3>\n<p>Les documents et les rapports requis sont indispensables pour garantir la clart\u00e9 et la conformit\u00e9 l\u00e9gale de l\u2019ensemble du processus. Il est possible d\u2019organiser une confrontation avec d\u2019autres t\u00e9moins ou suspects. Cette phase a pour objectif de rassembler des informations suppl\u00e9mentaires susceptibles d\u2019\u00e9clairer l\u2019enqu\u00eate. Les d\u00e9clarations faites durant cette confrontation sont consign\u00e9es dans un proc\u00e8s-verbal, qui constituera une r\u00e9f\u00e9rence pour les \u00e9tapes \u00e0 venir de la proc\u00e9dure.<\/p>\n<h2>Les dispositions de la garde \u00e0 vue<\/h2>\n<h3>Allongement de la p\u00e9riode de garde \u00e0 vue<\/h3>\n<p>Si les preuves de l\u2019enqu\u00eate exigent un temps additionnel pour \u00eatre \u00e9valu\u00e9es, la police peut requ\u00e9rir une prolongation, qui doit \u00eatre autoris\u00e9e par un procureur. Cette prolongation ne doit pas d\u00e9passer 48 heures au total, sauf dans des cas exceptionnels d\u00e9finis par le code de proc\u00e9dure p\u00e9nale. Au cours de cette p\u00e9riode, la personne en garde \u00e0 vue maintient ses droits, notamment le droit \u00e0 l\u2019assistance d\u2019un avocat et le droit d\u2019\u00eatre inform\u00e9e des raisons de sa d\u00e9tention. Il est important que cette prolongation soit soutenue par des \u00e9l\u00e9ments v\u00e9rifiables, afin de respecter les droits individuels et d\u2019assurer un traitement \u00e9quitable dans le cadre de la proc\u00e9dure judiciaire. La prolongation de la garde \u00e0 vue est une mesure qui peut \u00eatre envisag\u00e9e dans des contextes particuliers.<\/p>\n<\/p>\n<h3>Conditions requises pour la garde \u00e0 vue<\/h3>\n<p>Pour qu\u2019une personne puisse \u00eatre retenue en garde \u00e0 vue, plusieurs conditions doivent \u00eatre remplies. Les forces de l\u2019ordre doivent avoir des raisons suffisantes pour penser que la personne a commis une infraction. Ces raisons doivent \u00eatre fond\u00e9es sur des \u00e9l\u00e9ments v\u00e9rifiables, comme des t\u00e9moignages ou des preuves physiques. La garde \u00e0 vue ne peut \u00eatre ordonn\u00e9e que si elle est essentielle pour l\u2019enqu\u00eate, par exemple pour \u00e9viter que la personne ne s\u2019\u00e9chappe ou ne d\u00e9truise des \u00e9l\u00e9ments de preuve. De surcro\u00eet, la dur\u00e9e de la garde \u00e0 vue est contrainte par la loi, et toute prolongation doit \u00eatre justifi\u00e9e et valid\u00e9e par un procureur. Ces crit\u00e8res ont pour but de d\u00e9fendre les droits des individus et d\u2019\u00e9viter les abus de pouvoir dans le contexte de la proc\u00e9dure p\u00e9nale. Que ce soit pour un d\u00e9lit, un crime ou une infraction, ces actes entra\u00eenent des gardes \u00e0 vue afin de garantir l\u2019\u00e9galit\u00e9 des citoyens face \u00e0 la loi dans le cadre de la R\u00e9publique.<\/p>\n<h2>Droits des Accus\u00e9s en Garde \u00e0 Vue<\/h2>\n<h3>Droit \u00e0 l\u2019Assistance d\u2019un Avocat D\u00e9fenseur<\/h3>\n<p>Il est important de souligner que l\u2019acc\u00e8s \u00e0 un avocat est essentiel pour garantir une d\u00e9fense appropri\u00e9e, en particulier dans le cadre d\u2019une enqu\u00eate p\u00e9nale. L\u2019avocat a la capacit\u00e9 de conseiller la personne sur ses droits, y compris le droit de garder le silence et les implications de ses propos. L\u2019intervention de l\u2019avocat peut se faire d\u00e8s le d\u00e9but de la garde \u00e0 vue, ce qui est fondamental pour garantir que les droits de la personne soient pr\u00e9serv\u00e9s. L\u2019acc\u00e8s \u00e0 un avocat est un des droits fondamentaux des personnes en garde \u00e0 vue. Ce droit permet \u00e0 la personne d\u2019acc\u00e9der \u00e0 des conseils juridiques et \u00e0 une assistance l\u00e9gale durant l\u2019ensemble de la proc\u00e9dure. Le non-respect de ce droit pourrait entra\u00eener une contestation de la l\u00e9galit\u00e9 de la garde \u00e0 vue, ce qui pourrait impacter le cours de la proc\u00e9dure judiciaire.<\/p>\n<\/p>\n<h3>Droit \u00e0 l\u2019Information<\/h3>\n<p>Il incombe aux officiers de police de d\u00e9tailler les motifs de la garde \u00e0 vue et les droits associ\u00e9s, tels que le droit \u00e0 un avocat et le droit de ne pas s\u2019auto-incriminer. Lorsqu\u2019une personne est plac\u00e9e en garde \u00e0 vue, il est important qu\u2019elle soit inform\u00e9e des raisons de cette mesure et de ses droits. Cette information doit \u00eatre d\u00e9livr\u00e9e de fa\u00e7on claire et accessible, permettant \u00e0 l\u2019individu de prendre des d\u00e9cisions \u00e9clair\u00e9es concernant sa d\u00e9fense. Le droit \u00e0 l\u2019information constitue un \u00e9l\u00e9ment fondamental des droits des individus en garde \u00e0 vue. Le droit \u00e0 l\u2019information est vital pour assurer la transparence de la proc\u00e9dure et pour pr\u00e9server les libert\u00e9s individuelles. En cas de non-respect de cette obligation, cela pourrait compromettre la validit\u00e9 de la garde \u00e0 vue et influencer les d\u00e9cisions judiciaires futures.<\/p>\n<h2>Saisir le concept de la Garde \u00e0 Vue<\/h2>\n<h3>Terminologie et Contexte L\u00e9gal<\/h3>\n<p>Avant d\u2019\u00eatre soumise \u00e0 la garde \u00e0 vue, l\u2019individu re\u00e7oit des informations sur ses droits, y compris le droit de garder le silence et le droit \u00e0 l\u2019assistance d\u2019un avocat. Ces droits rev\u00eatent une importance capitale, car ils prot\u00e8gent la personne contre toute forme de pression ind\u00e9sirable et lui permettent de se d\u00e9fendre efficacement. La pr\u00e9sence d\u2019un avocat est vitale, car il peut aider la personne \u00e0 naviguer dans les questions des enqu\u00eateurs et \u00e0 comprendre les implications de ses r\u00e9ponses. Pour vous offrir les moyens de surmonter votre garde \u00e0 vue avec efficacit\u00e9, <a target=\"_blank\" rel=\"nofollow\" href=\"https:\/\/www.tribunal-nature.org\/blog\/goto\/https:\/\/www.courtier-avocat-strategie-tribunal-judiciaire.fr\/garde-a-vue\/\"  rel=\"noopener noreferrer\" target=\"blank\">ce service vous offre l\u2019opportunit\u00e9 de vous pr\u00e9parer ad\u00e9quatement \u00e0 votre garde \u00e0 vue<\/a>. Il est important de comprendre que la garde \u00e0 vue ne doit pas \u00eatre vue comme une indication de culpabilit\u00e9 ; c\u2019est simplement une phase dans le processus d\u2019enqu\u00eate.<\/p>\n<h3>Responsabilit\u00e9s des Intervenants<\/h3>\n<p>Les principaux acteurs dans le processus de garde \u00e0 vue sont les officiers de police judiciaire (OPJ) et les avocats. Les officiers de police judiciaire (OPJ) sont en charge de l\u2019enqu\u00eate et des interrogatoires, tandis que les avocats s\u2019assurent que les droits de leurs clients sont prot\u00e9g\u00e9s. La coop\u00e9ration entre ces deux entit\u00e9s est cruciale pour assurer un processus juste.<\/p>\n<\/p>\n<h3>Aspirations de la Garde \u00e0 Vue<\/h3>\n<p>Les buts essentiels de la garde \u00e0 vue englobent la r\u00e9colte de preuves, la protection des t\u00e9moins, et l\u2019\u00e9vitement de la fuite de la personne suspecte. En maintenant une personne en garde, les enqu\u00eateurs peuvent poser des questions et recueillir des informations qui pourraient \u00eatre cruciales pour l\u2019enqu\u00eate. Cela aide \u00e9galement \u00e0 garantir que l\u2019individu ne puisse pas alt\u00e9rer des preuves ou influencer d\u2019autres t\u00e9moins.<\/p>\n<h2>Qu\u2019est-ce que la Garde \u00e0 Vue ?<\/h2>\n<p>La garde \u00e0 vue est une forme de d\u00e9tention qui permet aux forces de l\u2019ordre de retenir une personne suspect\u00e9e d\u2019infraction. Sous l\u2019\u00e9gide du Code de proc\u00e9dure p\u00e9nale, cette mesure a pour but d\u2019assister les enqu\u00eateurs dans la collecte d\u2019\u00e9l\u00e9ments de preuve. La garde \u00e0 vue dure g\u00e9n\u00e9ralement 24 heures, mais peut \u00eatre prolong\u00e9e jusqu\u2019\u00e0 48 heures dans certains cas, en particulier pour des infractions majeures. Souvent, cette mesure engendre des pr\u00e9occupations chez les individus concern\u00e9s, qui peuvent se sentir perdus dans le labyrinthe des proc\u00e9dures judiciaires.<\/p>\n<h2>Suite \u00e0 la Garde \u00e0 Vue<\/h2>\n<h3>Plan Judiciaire<\/h3>\n<p>Il est primordial de garder \u00e0 l\u2019esprit que chaque situation est sp\u00e9cifique et que le soutien d\u2019un avocat peut faire une grande diff\u00e9rence dans l\u2019issue de la proc\u00e9dure. La tactique adopt\u00e9e pendant la garde \u00e0 vue est d\u2019une grande importance. Les avocats jouent un r\u00f4le essentiel en conseillant leurs clients sur la mani\u00e8re de g\u00e9rer cette p\u00e9riode d\u00e9licate. Ils peuvent soutenir la formulation de r\u00e9ponses appropri\u00e9es aux questions des enqu\u00eateurs et s\u2019assurer que les droits de leur client sont respect\u00e9s. Par ailleurs, une bonne strat\u00e9gie peut inclure la pr\u00e9paration proactive de la d\u00e9fense, en rassemblant des preuves et des t\u00e9moignages qui pourraient \u00eatre pertinents lors d\u2019une audience \u00e0 venir. En d\u00e9finitive, la garde \u00e0 vue est un processus complexe qui exige une compr\u00e9hension claire des droits et des devoirs des personnes impliqu\u00e9es. Les droits en garde \u00e0 vue, la dur\u00e9e maximale de cette proc\u00e9dure, et les \u00e9tapes qui suivent sont des \u00e9l\u00e9ments fondamentaux \u00e0 ma\u00eetriser pour aborder le syst\u00e8me judiciaire avec s\u00e9r\u00e9nit\u00e9.<\/p>\n<\/p>\n<h3>Suites possibles apr\u00e8s la Garde \u00e0 Vue<\/h3>\n<p>\u00c0 la suite de la garde \u00e0 vue, plusieurs situations peuvent survenir. L\u2019individu peut \u00eatre lib\u00e9r\u00e9 sans poursuites, faire l\u2019objet d\u2019une mise en examen, ou \u00eatre plac\u00e9 sous contr\u00f4le judiciaire. Dans le cadre d\u2019une mise en examen, cela implique que des charges officielles sont retenues contre elle, et elle devra se pr\u00e9parer \u00e0 une \u00e9ventuelle poursuite judiciaire. Il est n\u00e9cessaire de souligner que toute d\u00e9cision de prolonger la garde \u00e0 vue ou de progresser vers une autre phase du processus judiciaire doit \u00eatre justifi\u00e9e par des \u00e9l\u00e9ments tangibles et approuv\u00e9e par un procureur.<\/p>\n<\/p>\n<\/div>\n","protected":false},"excerpt":{"rendered":"<p>Un article r\u00e9cemment publi\u00e9 porte le titre \u00ab\u00a0Paris : le r\u00e9alisateur plac\u00e9 en garde \u00e0 vue apr\u00e8s la mort de&#8230;<\/p>\n","protected":false},"author":3,"featured_media":0,"comment_status":"closed","ping_status":"closed","sticky":false,"template":"","format":"standard","meta":{"footnotes":""},"categories":[2],"tags":[],"class_list":["post-1655","post","type-post","status-publish","format-standard","hentry","category-droit-de-lenvironnement","wpcat-2-id"],"yoast_head":"<!-- This site is optimized with the Yoast SEO plugin v27.5 - https:\/\/yoast.com\/product\/yoast-seo-wordpress\/ -->\n<title>Garde \u00e0 vue; Paris : le r\u00e9alisateur plac\u00e9 en garde \u00e0 vue apr\u00e8s la mort de sa compagne, d\u00e9fenestr\u00e9e, a \u00e9t\u00e9 remis en libert\u00e9 - TRIBUNAL-NATURE<\/title>\n<meta name=\"description\" content=\"Garde \u00e0 vue; Paris : le r\u00e9alisateur plac\u00e9 en garde \u00e0 vue apr\u00e8s la mort de sa compagne, d\u00e9fenestr\u00e9e, a \u00e9t\u00e9 remis en libert\u00e9 article de TRIBUNAL-NATURE\" \/>\n<meta name=\"robots\" content=\"index, follow, max-snippet:-1, max-image-preview:large, max-video-preview:-1\" \/>\n<link rel=\"canonical\" href=\"https:\/\/www.tribunal-nature.org\/blog\/garde-a-vue-paris-le-realisateur-place-en-garde-a-vue-apres-la-mort-de-sa-compagne-defenestree-a-ete-remis-en-liberte\/\" \/>\n<meta property=\"og:locale\" content=\"fr_FR\" \/>\n<meta property=\"og:type\" content=\"article\" \/>\n<meta property=\"og:title\" content=\"Garde \u00e0 vue; Paris : le r\u00e9alisateur plac\u00e9 en garde \u00e0 vue apr\u00e8s la mort de sa compagne, d\u00e9fenestr\u00e9e, a \u00e9t\u00e9 remis en libert\u00e9 - TRIBUNAL-NATURE\" \/>\n<meta property=\"og:description\" content=\"Garde \u00e0 vue; Paris : le r\u00e9alisateur plac\u00e9 en garde \u00e0 vue apr\u00e8s la mort de sa compagne, d\u00e9fenestr\u00e9e, a \u00e9t\u00e9 remis en libert\u00e9 article de TRIBUNAL-NATURE\" \/>\n<meta property=\"og:url\" content=\"https:\/\/www.tribunal-nature.org\/blog\/garde-a-vue-paris-le-realisateur-place-en-garde-a-vue-apres-la-mort-de-sa-compagne-defenestree-a-ete-remis-en-liberte\/\" \/>\n<meta property=\"og:site_name\" content=\"TRIBUNAL-NATURE\" \/>\n<meta property=\"article:published_time\" content=\"2026-04-04T22:12:30+00:00\" \/>\n<meta name=\"author\" content=\"Isabelle LOUBEAU\" \/>\n<meta name=\"twitter:card\" content=\"summary_large_image\" \/>\n<meta name=\"twitter:label1\" content=\"\u00c9crit par\" \/>\n\t<meta name=\"twitter:data1\" content=\"Isabelle LOUBEAU\" \/>\n\t<meta name=\"twitter:label2\" content=\"Dur\u00e9e de lecture estim\u00e9e\" \/>\n\t<meta name=\"twitter:data2\" content=\"11 minutes\" \/>\n<script type=\"application\/ld+json\" class=\"yoast-schema-graph\">{\"@context\":\"https:\\\/\\\/schema.org\",\"@graph\":[{\"@type\":\"Article\",\"@id\":\"https:\\\/\\\/www.tribunal-nature.org\\\/blog\\\/garde-a-vue-paris-le-realisateur-place-en-garde-a-vue-apres-la-mort-de-sa-compagne-defenestree-a-ete-remis-en-liberte\\\/#article\",\"isPartOf\":{\"@id\":\"https:\\\/\\\/www.tribunal-nature.org\\\/blog\\\/garde-a-vue-paris-le-realisateur-place-en-garde-a-vue-apres-la-mort-de-sa-compagne-defenestree-a-ete-remis-en-liberte\\\/\"},\"author\":{\"name\":\"Isabelle LOUBEAU\",\"@id\":\"https:\\\/\\\/www.tribunal-nature.org\\\/blog\\\/#\\\/schema\\\/person\\\/55761caf7544da6b05b60523f2a0855f\"},\"headline\":\"Garde \u00e0 vue; Paris : le r\u00e9alisateur plac\u00e9 en garde \u00e0 vue apr\u00e8s la mort de sa compagne, d\u00e9fenestr\u00e9e, a \u00e9t\u00e9 remis en libert\u00e9\",\"datePublished\":\"2026-04-04T22:12:30+00:00\",\"mainEntityOfPage\":{\"@id\":\"https:\\\/\\\/www.tribunal-nature.org\\\/blog\\\/garde-a-vue-paris-le-realisateur-place-en-garde-a-vue-apres-la-mort-de-sa-compagne-defenestree-a-ete-remis-en-liberte\\\/\"},\"wordCount\":2280,\"publisher\":{\"@id\":\"https:\\\/\\\/www.tribunal-nature.org\\\/blog\\\/#organization\"},\"articleSection\":[\"Droit De L'Environnement:\"],\"inLanguage\":\"fr-FR\"},{\"@type\":\"WebPage\",\"@id\":\"https:\\\/\\\/www.tribunal-nature.org\\\/blog\\\/garde-a-vue-paris-le-realisateur-place-en-garde-a-vue-apres-la-mort-de-sa-compagne-defenestree-a-ete-remis-en-liberte\\\/\",\"url\":\"https:\\\/\\\/www.tribunal-nature.org\\\/blog\\\/garde-a-vue-paris-le-realisateur-place-en-garde-a-vue-apres-la-mort-de-sa-compagne-defenestree-a-ete-remis-en-liberte\\\/\",\"name\":\"Garde \u00e0 vue; Paris : le r\u00e9alisateur plac\u00e9 en garde \u00e0 vue apr\u00e8s la mort de sa compagne, d\u00e9fenestr\u00e9e, a \u00e9t\u00e9 remis en libert\u00e9 - TRIBUNAL-NATURE\",\"isPartOf\":{\"@id\":\"https:\\\/\\\/www.tribunal-nature.org\\\/blog\\\/#website\"},\"datePublished\":\"2026-04-04T22:12:30+00:00\",\"description\":\"Garde \u00e0 vue; Paris : le r\u00e9alisateur plac\u00e9 en garde \u00e0 vue apr\u00e8s la mort de sa compagne, d\u00e9fenestr\u00e9e, a \u00e9t\u00e9 remis en libert\u00e9 article de TRIBUNAL-NATURE\",\"breadcrumb\":{\"@id\":\"https:\\\/\\\/www.tribunal-nature.org\\\/blog\\\/garde-a-vue-paris-le-realisateur-place-en-garde-a-vue-apres-la-mort-de-sa-compagne-defenestree-a-ete-remis-en-liberte\\\/#breadcrumb\"},\"inLanguage\":\"fr-FR\",\"potentialAction\":[{\"@type\":\"ReadAction\",\"target\":[\"https:\\\/\\\/www.tribunal-nature.org\\\/blog\\\/garde-a-vue-paris-le-realisateur-place-en-garde-a-vue-apres-la-mort-de-sa-compagne-defenestree-a-ete-remis-en-liberte\\\/\"]}]},{\"@type\":\"BreadcrumbList\",\"@id\":\"https:\\\/\\\/www.tribunal-nature.org\\\/blog\\\/garde-a-vue-paris-le-realisateur-place-en-garde-a-vue-apres-la-mort-de-sa-compagne-defenestree-a-ete-remis-en-liberte\\\/#breadcrumb\",\"itemListElement\":[{\"@type\":\"ListItem\",\"position\":1,\"name\":\"Accueil\",\"item\":\"https:\\\/\\\/www.tribunal-nature.org\\\/blog\\\/\"},{\"@type\":\"ListItem\",\"position\":2,\"name\":\"Garde \u00e0 vue; Paris : le r\u00e9alisateur plac\u00e9 en garde \u00e0 vue apr\u00e8s la mort de sa compagne, d\u00e9fenestr\u00e9e, a \u00e9t\u00e9 remis en libert\u00e9\"}]},{\"@type\":\"WebSite\",\"@id\":\"https:\\\/\\\/www.tribunal-nature.org\\\/blog\\\/#website\",\"url\":\"https:\\\/\\\/www.tribunal-nature.org\\\/blog\\\/\",\"name\":\"TRIBUNAL-NATURE\",\"description\":\"Droit De L&#039;Environnement.\",\"publisher\":{\"@id\":\"https:\\\/\\\/www.tribunal-nature.org\\\/blog\\\/#organization\"},\"potentialAction\":[{\"@type\":\"SearchAction\",\"target\":{\"@type\":\"EntryPoint\",\"urlTemplate\":\"https:\\\/\\\/www.tribunal-nature.org\\\/blog\\\/?s={search_term_string}\"},\"query-input\":{\"@type\":\"PropertyValueSpecification\",\"valueRequired\":true,\"valueName\":\"search_term_string\"}}],\"inLanguage\":\"fr-FR\"},{\"@type\":\"Organization\",\"@id\":\"https:\\\/\\\/www.tribunal-nature.org\\\/blog\\\/#organization\",\"name\":\"tribunal-nature\",\"url\":\"https:\\\/\\\/www.tribunal-nature.org\\\/blog\\\/\",\"logo\":{\"@type\":\"ImageObject\",\"inLanguage\":\"fr-FR\",\"@id\":\"https:\\\/\\\/www.tribunal-nature.org\\\/blog\\\/#\\\/schema\\\/logo\\\/image\\\/\",\"url\":\"https:\\\/\\\/www.tribunal-nature.org\\\/blog\\\/wp-content\\\/uploads\\\/2022\\\/05\\\/logo-2.png\",\"contentUrl\":\"https:\\\/\\\/www.tribunal-nature.org\\\/blog\\\/wp-content\\\/uploads\\\/2022\\\/05\\\/logo-2.png\",\"width\":180,\"height\":180,\"caption\":\"tribunal-nature\"},\"image\":{\"@id\":\"https:\\\/\\\/www.tribunal-nature.org\\\/blog\\\/#\\\/schema\\\/logo\\\/image\\\/\"}},{\"@type\":\"Person\",\"@id\":\"https:\\\/\\\/www.tribunal-nature.org\\\/blog\\\/#\\\/schema\\\/person\\\/55761caf7544da6b05b60523f2a0855f\",\"name\":\"Isabelle LOUBEAU\",\"image\":{\"@type\":\"ImageObject\",\"inLanguage\":\"fr-FR\",\"@id\":\"https:\\\/\\\/secure.gravatar.com\\\/avatar\\\/b6912620aca78633bf5d50400888815d3b38a1118e82b94050843f411f3f5972?s=96&d=mm&r=g\",\"url\":\"https:\\\/\\\/secure.gravatar.com\\\/avatar\\\/b6912620aca78633bf5d50400888815d3b38a1118e82b94050843f411f3f5972?s=96&d=mm&r=g\",\"contentUrl\":\"https:\\\/\\\/secure.gravatar.com\\\/avatar\\\/b6912620aca78633bf5d50400888815d3b38a1118e82b94050843f411f3f5972?s=96&d=mm&r=g\",\"caption\":\"Isabelle LOUBEAU\"},\"url\":\"https:\\\/\\\/www.tribunal-nature.org\\\/blog\\\/author\\\/ureisabelle\\\/\"}]}<\/script>\n<!-- \/ Yoast SEO plugin. -->","yoast_head_json":{"title":"Garde \u00e0 vue; Paris : le r\u00e9alisateur plac\u00e9 en garde \u00e0 vue apr\u00e8s la mort de sa compagne, d\u00e9fenestr\u00e9e, a \u00e9t\u00e9 remis en libert\u00e9 - TRIBUNAL-NATURE","description":"Garde \u00e0 vue; Paris : le r\u00e9alisateur plac\u00e9 en garde \u00e0 vue apr\u00e8s la mort de sa compagne, d\u00e9fenestr\u00e9e, a \u00e9t\u00e9 remis en libert\u00e9 article de TRIBUNAL-NATURE","robots":{"index":"index","follow":"follow","max-snippet":"max-snippet:-1","max-image-preview":"max-image-preview:large","max-video-preview":"max-video-preview:-1"},"canonical":"https:\/\/www.tribunal-nature.org\/blog\/garde-a-vue-paris-le-realisateur-place-en-garde-a-vue-apres-la-mort-de-sa-compagne-defenestree-a-ete-remis-en-liberte\/","og_locale":"fr_FR","og_type":"article","og_title":"Garde \u00e0 vue; Paris : le r\u00e9alisateur plac\u00e9 en garde \u00e0 vue apr\u00e8s la mort de sa compagne, d\u00e9fenestr\u00e9e, a \u00e9t\u00e9 remis en libert\u00e9 - TRIBUNAL-NATURE","og_description":"Garde \u00e0 vue; Paris : le r\u00e9alisateur plac\u00e9 en garde \u00e0 vue apr\u00e8s la mort de sa compagne, d\u00e9fenestr\u00e9e, a \u00e9t\u00e9 remis en libert\u00e9 article de TRIBUNAL-NATURE","og_url":"https:\/\/www.tribunal-nature.org\/blog\/garde-a-vue-paris-le-realisateur-place-en-garde-a-vue-apres-la-mort-de-sa-compagne-defenestree-a-ete-remis-en-liberte\/","og_site_name":"TRIBUNAL-NATURE","article_published_time":"2026-04-04T22:12:30+00:00","author":"Isabelle LOUBEAU","twitter_card":"summary_large_image","twitter_misc":{"\u00c9crit par":"Isabelle LOUBEAU","Dur\u00e9e de lecture estim\u00e9e":"11 minutes"},"schema":{"@context":"https:\/\/schema.org","@graph":[{"@type":"Article","@id":"https:\/\/www.tribunal-nature.org\/blog\/garde-a-vue-paris-le-realisateur-place-en-garde-a-vue-apres-la-mort-de-sa-compagne-defenestree-a-ete-remis-en-liberte\/#article","isPartOf":{"@id":"https:\/\/www.tribunal-nature.org\/blog\/garde-a-vue-paris-le-realisateur-place-en-garde-a-vue-apres-la-mort-de-sa-compagne-defenestree-a-ete-remis-en-liberte\/"},"author":{"name":"Isabelle LOUBEAU","@id":"https:\/\/www.tribunal-nature.org\/blog\/#\/schema\/person\/55761caf7544da6b05b60523f2a0855f"},"headline":"Garde \u00e0 vue; Paris : le r\u00e9alisateur plac\u00e9 en garde \u00e0 vue apr\u00e8s la mort de sa compagne, d\u00e9fenestr\u00e9e, a \u00e9t\u00e9 remis en libert\u00e9","datePublished":"2026-04-04T22:12:30+00:00","mainEntityOfPage":{"@id":"https:\/\/www.tribunal-nature.org\/blog\/garde-a-vue-paris-le-realisateur-place-en-garde-a-vue-apres-la-mort-de-sa-compagne-defenestree-a-ete-remis-en-liberte\/"},"wordCount":2280,"publisher":{"@id":"https:\/\/www.tribunal-nature.org\/blog\/#organization"},"articleSection":["Droit De L'Environnement:"],"inLanguage":"fr-FR"},{"@type":"WebPage","@id":"https:\/\/www.tribunal-nature.org\/blog\/garde-a-vue-paris-le-realisateur-place-en-garde-a-vue-apres-la-mort-de-sa-compagne-defenestree-a-ete-remis-en-liberte\/","url":"https:\/\/www.tribunal-nature.org\/blog\/garde-a-vue-paris-le-realisateur-place-en-garde-a-vue-apres-la-mort-de-sa-compagne-defenestree-a-ete-remis-en-liberte\/","name":"Garde \u00e0 vue; Paris : le r\u00e9alisateur plac\u00e9 en garde \u00e0 vue apr\u00e8s la mort de sa compagne, d\u00e9fenestr\u00e9e, a \u00e9t\u00e9 remis en libert\u00e9 - TRIBUNAL-NATURE","isPartOf":{"@id":"https:\/\/www.tribunal-nature.org\/blog\/#website"},"datePublished":"2026-04-04T22:12:30+00:00","description":"Garde \u00e0 vue; Paris : le r\u00e9alisateur plac\u00e9 en garde \u00e0 vue apr\u00e8s la mort de sa compagne, d\u00e9fenestr\u00e9e, a \u00e9t\u00e9 remis en libert\u00e9 article de TRIBUNAL-NATURE","breadcrumb":{"@id":"https:\/\/www.tribunal-nature.org\/blog\/garde-a-vue-paris-le-realisateur-place-en-garde-a-vue-apres-la-mort-de-sa-compagne-defenestree-a-ete-remis-en-liberte\/#breadcrumb"},"inLanguage":"fr-FR","potentialAction":[{"@type":"ReadAction","target":["https:\/\/www.tribunal-nature.org\/blog\/garde-a-vue-paris-le-realisateur-place-en-garde-a-vue-apres-la-mort-de-sa-compagne-defenestree-a-ete-remis-en-liberte\/"]}]},{"@type":"BreadcrumbList","@id":"https:\/\/www.tribunal-nature.org\/blog\/garde-a-vue-paris-le-realisateur-place-en-garde-a-vue-apres-la-mort-de-sa-compagne-defenestree-a-ete-remis-en-liberte\/#breadcrumb","itemListElement":[{"@type":"ListItem","position":1,"name":"Accueil","item":"https:\/\/www.tribunal-nature.org\/blog\/"},{"@type":"ListItem","position":2,"name":"Garde \u00e0 vue; Paris : le r\u00e9alisateur plac\u00e9 en garde \u00e0 vue apr\u00e8s la mort de sa compagne, d\u00e9fenestr\u00e9e, a \u00e9t\u00e9 remis en libert\u00e9"}]},{"@type":"WebSite","@id":"https:\/\/www.tribunal-nature.org\/blog\/#website","url":"https:\/\/www.tribunal-nature.org\/blog\/","name":"TRIBUNAL-NATURE","description":"Droit De L&#039;Environnement.","publisher":{"@id":"https:\/\/www.tribunal-nature.org\/blog\/#organization"},"potentialAction":[{"@type":"SearchAction","target":{"@type":"EntryPoint","urlTemplate":"https:\/\/www.tribunal-nature.org\/blog\/?s={search_term_string}"},"query-input":{"@type":"PropertyValueSpecification","valueRequired":true,"valueName":"search_term_string"}}],"inLanguage":"fr-FR"},{"@type":"Organization","@id":"https:\/\/www.tribunal-nature.org\/blog\/#organization","name":"tribunal-nature","url":"https:\/\/www.tribunal-nature.org\/blog\/","logo":{"@type":"ImageObject","inLanguage":"fr-FR","@id":"https:\/\/www.tribunal-nature.org\/blog\/#\/schema\/logo\/image\/","url":"https:\/\/www.tribunal-nature.org\/blog\/wp-content\/uploads\/2022\/05\/logo-2.png","contentUrl":"https:\/\/www.tribunal-nature.org\/blog\/wp-content\/uploads\/2022\/05\/logo-2.png","width":180,"height":180,"caption":"tribunal-nature"},"image":{"@id":"https:\/\/www.tribunal-nature.org\/blog\/#\/schema\/logo\/image\/"}},{"@type":"Person","@id":"https:\/\/www.tribunal-nature.org\/blog\/#\/schema\/person\/55761caf7544da6b05b60523f2a0855f","name":"Isabelle LOUBEAU","image":{"@type":"ImageObject","inLanguage":"fr-FR","@id":"https:\/\/secure.gravatar.com\/avatar\/b6912620aca78633bf5d50400888815d3b38a1118e82b94050843f411f3f5972?s=96&d=mm&r=g","url":"https:\/\/secure.gravatar.com\/avatar\/b6912620aca78633bf5d50400888815d3b38a1118e82b94050843f411f3f5972?s=96&d=mm&r=g","contentUrl":"https:\/\/secure.gravatar.com\/avatar\/b6912620aca78633bf5d50400888815d3b38a1118e82b94050843f411f3f5972?s=96&d=mm&r=g","caption":"Isabelle LOUBEAU"},"url":"https:\/\/www.tribunal-nature.org\/blog\/author\/ureisabelle\/"}]}},"_links":{"self":[{"href":"https:\/\/www.tribunal-nature.org\/blog\/wp-json\/wp\/v2\/posts\/1655","targetHints":{"allow":["GET"]}}],"collection":[{"href":"https:\/\/www.tribunal-nature.org\/blog\/wp-json\/wp\/v2\/posts"}],"about":[{"href":"https:\/\/www.tribunal-nature.org\/blog\/wp-json\/wp\/v2\/types\/post"}],"author":[{"embeddable":true,"href":"https:\/\/www.tribunal-nature.org\/blog\/wp-json\/wp\/v2\/users\/3"}],"replies":[{"embeddable":true,"href":"https:\/\/www.tribunal-nature.org\/blog\/wp-json\/wp\/v2\/comments?post=1655"}],"version-history":[{"count":0,"href":"https:\/\/www.tribunal-nature.org\/blog\/wp-json\/wp\/v2\/posts\/1655\/revisions"}],"wp:attachment":[{"href":"https:\/\/www.tribunal-nature.org\/blog\/wp-json\/wp\/v2\/media?parent=1655"}],"wp:term":[{"taxonomy":"category","embeddable":true,"href":"https:\/\/www.tribunal-nature.org\/blog\/wp-json\/wp\/v2\/categories?post=1655"},{"taxonomy":"post_tag","embeddable":true,"href":"https:\/\/www.tribunal-nature.org\/blog\/wp-json\/wp\/v2\/tags?post=1655"}],"curies":[{"name":"wp","href":"https:\/\/api.w.org\/{rel}","templated":true}]}}