{"id":1647,"date":"2026-04-02T15:06:39","date_gmt":"2026-04-02T13:06:39","guid":{"rendered":"https:\/\/www.tribunal-nature.org\/blog\/avocat-alsace-avocats-mobilises-contre-la-creation-dun-plaider-coupable-criminel-la-chancellerie-repond\/"},"modified":"2026-04-02T15:06:39","modified_gmt":"2026-04-02T13:06:39","slug":"avocat-alsace-avocats-mobilises-contre-la-creation-dun-plaider-coupable-criminel-la-chancellerie-repond","status":"publish","type":"post","link":"https:\/\/www.tribunal-nature.org\/blog\/avocat-alsace-avocats-mobilises-contre-la-creation-dun-plaider-coupable-criminel-la-chancellerie-repond\/","title":{"rendered":"Avocat; Alsace. Avocats mobilis\u00e9s contre la cr\u00e9ation d\u2019un \u00ab plaider-coupable criminel \u00bb : la Chancellerie r\u00e9pond"},"content":{"rendered":"<div><img width=\"750\" height=\"394\" src=\"https:\/\/www.tribunal-nature.org\/blog\/wp-content\/uploads\/2026\/04\/Avocat-Alsace-Avocats-mobilises-contre-la-creation-dun-plaider-coupable-1024x538-1.jpg\" class=\"attachment-large size-large wp-post-image\" alt=\"\" style=\"width:100%;height:52.5%;max-width:1200px;float:left; margin:0 15px 15px 0;\" decoding=\"async\" srcset=\"https:\/\/www.tribunal-nature.org\/blog\/wp-content\/uploads\/2026\/04\/Avocat-Alsace-Avocats-mobilises-contre-la-creation-dun-plaider-coupable-1024x538-1.jpg 1024w, https:\/\/www.site.cdcl.xyz\/wp-content\/uploads\/2026\/04\/Avocat-Alsace-Avocats-mobilises-contre-la-creation-dun-plaider-coupable-300x158.jpg 300w, https:\/\/www.site.cdcl.xyz\/wp-content\/uploads\/2026\/04\/Avocat-Alsace-Avocats-mobilises-contre-la-creation-dun-plaider-coupable-768x403.jpg 768w, https:\/\/www.site.cdcl.xyz\/wp-content\/uploads\/2026\/04\/Avocat-Alsace-Avocats-mobilises-contre-la-creation-dun-plaider-coupable.jpg 1200w\" sizes=\"(max-width: 750px) 100vw, 750px\"><\/p>\n<p>\nLe titre de l\u2019article r\u00e9cemment publi\u00e9 est \u00ab\u00a0Alsace. Avocats mobilis\u00e9s contre la cr\u00e9ation d\u2019un \u00ab plaider-coupable criminel \u00bb : la Chancellerie r\u00e9pond\u00a0\u00bb. <\/p>\n<div>\n<p>Suite aux mouvements de gr\u00e8ve des avocats en r\u00e9action contre le projet de cr\u00e9ation d\u2019un plaider-coupable criminel, suivi au niveau r\u00e9gional, le minist\u00e8re de la Justice a fait parvenir \u00e0 la r\u00e9daction cette r\u00e9ponse. \u00ab\u00a0Ce projet de loi est avant tout pens\u00e9 pour les victimes, il ne retire de droit \u00e0 personne, ni aux pr\u00e9venus, ni aux victimes. Il offre une nouvelle voie pour juger les infractions criminelles et permettra une issue plus rapide sans pour autant juger moins bien. Cette nouvelle proc\u00e9dure n\u2019est pas obligatoire, elle sera soumise \u00e0 l\u2019accord de la victime, \u00e0 l\u2019accord du pr\u00e9venu et \u00e0 l\u2019accord du parquet et ne supprimera absolument pas, ni la cour d\u2019assises ni la cour criminelle d\u00e9partementale.\u00a0\u00bb<\/p>\n<\/div>\n<div>\n<h2>Proc\u00e8s renvoy\u00e9s<\/h2>\n<p>Jeudi 2\u00a0avril, avant le d\u00e9but des audiences, la motion adopt\u00e9e par le barreau de Strasbourg a \u00e9t\u00e9 lue. L\u2019assembl\u00e9e g\u00e9n\u00e9rale des avocats du barreau de Strasbourg \u00ab\u00a0exprime son opposition au projet de loi relatif \u00e0 la justice criminelle et au respect des victimes [\u2026]. Sous couvert de c\u00e9l\u00e9rit\u00e9 et d\u2019efficacit\u00e9, ce texte remet en cause les fondements m\u00eames du proc\u00e8s p\u00e9nal criminel. Il fait peser sur la proc\u00e9dure la charge de compenser le manque de moyens humains et mat\u00e9riels. Cette logique est inacceptable. La cr\u00e9ation d\u2019une proc\u00e9dure de jugement des crimes reconnus, assimilable \u00e0 un plaider-coupable criminel, constitue une rupture majeure. En supprimant le proc\u00e8s d\u2019assises, elle \u00e9carte le jury populaire ainsi que le d\u00e9bat public sur la preuve, la personnalit\u00e9 et la peine. Elle transforme le jugement des crimes les plus graves en une justice pr\u00e9tendue n\u00e9goci\u00e9e mais surtout exp\u00e9ditive. [\u2026] Le proc\u00e8s criminel ne peut \u00eatre r\u00e9duit \u00e0 un outil de gestion des flux. [\u2026] C\u2019est demain toutes les cours d\u2019assises qui sont en danger.\u00a0\u00bb<\/p>\n<\/div>\n<div>\n<p>La gr\u00e8ve totale des avocats du barreau de Strasbourg est effective \u00e0 compter du 2\u00a0avril. Les proc\u00e8s pr\u00e9vus devant le tribunal judiciaire de Strasbourg ce jeudi matin ont \u00e9t\u00e9 renvoy\u00e9s.<\/p>\n<\/div>\n<h2>Questions et r\u00e9ponses pour les personnes \u00e0 la recherche d\u2019un avocat en droit p\u00e9nal<\/h2>\n<h3>Comment identifier un avocat qualifi\u00e9 en droit p\u00e9nal ?<\/h3>\n<p>Pour s\u00e9lectionner un avocat sp\u00e9cialis\u00e9 en droit p\u00e9nal, il est essentiel de respecter certaines \u00e9tapes fondamentales. Dans un premier temps, v\u00e9rifiez les qualifications de l\u2019avocat pour vous assurer qu\u2019il a des sp\u00e9cialisations et une exp\u00e9rience consid\u00e9rable dans le domaine de le droit p\u00e9nal. Cela vous garantira qu\u2019il est bien inform\u00e9 des lois et r\u00e8glements en vigueur. Ensuite, renseignez-vous sur les honoraires, en examinant les tarifs et les modalit\u00e9s de paiement, car certains avocats offrent des consultations gratuites, ce qui peut \u00eatre un atout. Pour conclure, examinez les avis des clients pour juger de la qualit\u00e9 du service, en prenant en compte les t\u00e9moignages et les \u00e9valuations d\u2019anciens clients pour mieux cerner la r\u00e9putation de l\u2019avocat.<\/p>\n<h3>Quels \u00e9l\u00e9ments doivent \u00eatre pris en compte pour juger un avocat en droit p\u00e9nal ?<\/h3>\n<p>Un avocat en droit p\u00e9nal est appel\u00e9 \u00e0 agir dans plusieurs domaines :<\/p>\n<ul>\n<li>Repr\u00e9sentation dans des litiges li\u00e9s \u00e0 le droit p\u00e9nal ;\n<\/li>\n<li>N\u00e9gociation de servitudes ;\n<\/li>\n<li>Repr\u00e9sentation lors de r\u00e9unions publiques ;\n<\/li>\n<li>R\u00e9daction de conventions d\u2019am\u00e9nagement ;\n<\/li>\n<li>Assistance dans des projets de transport public.<\/li>\n<\/ul>\n<p>Il n\u2019est jamais garanti qu\u2019un avocat r\u00e9pondra \u00e0 vos attentes, mais voici les \u00e9l\u00e9ments cl\u00e9s \u00e0 v\u00e9rifier pour r\u00e9duire les risques. Pour commencer, assurez-vous des qualifications de l\u2019avocat en v\u00e9rifiant qu\u2019il poss\u00e8de une exp\u00e9rience solide en droit p\u00e9nal et qu\u2019il est affili\u00e9 \u00e0 un cabinet respect\u00e9, ce qui t\u00e9moigne de sa fiabilit\u00e9. Par la suite, consultez les retours d\u2019exp\u00e9rience en recherchant des t\u00e9moignages de clients pr\u00e9c\u00e9dents afin d\u2019appr\u00e9cier la qualit\u00e9 du service et le taux de satisfaction. Il est sage de rencontrer plusieurs avocats en planifiant des consultations pour parler de votre projet, ce qui vous permettra d\u2019\u00e9valuer la compr\u00e9hension et la m\u00e9thode de chaque avocat. En conclusion, il est essentiel de parler des honoraires en vous renseignant sur les tarifs et les modalit\u00e9s de paiement, car certains avocats proposent des consultations gratuites pour \u00e9valuer votre situation, ce qui peut \u00eatre un bon point de d\u00e9part.<\/p>\n<\/p>\n<h3>Quels sont les b\u00e9n\u00e9fices d\u2019opter pour une consultation en ligne plut\u00f4t qu\u2019une consultation en personne ?<\/h3>\n<p>Les consultations en ligne offrent divers atouts int\u00e9ressants. En premier lieu, elle assure une meilleure accessibilit\u00e9, car il n\u2019est pas n\u00e9cessaire de se d\u00e9placer, ce qui est particuli\u00e8rement avantageux pour les personnes ayant un emploi du temps charg\u00e9 ou vivant loin des cabinets d\u2019avocats. Ensuite, la flexibilit\u00e9 constitue un atout majeur, vous permettant de s\u00e9lectionner des horaires qui s\u2019adaptent mieux \u00e0 votre emploi du temps, rendant ainsi le processus plus en ad\u00e9quation avec vos besoins. En somme, le confort est un aspect cl\u00e9, car il vous permet de parler de vos interrogations juridiques dans un cadre familier, ce qui peut r\u00e9duire le stress et encourager une communication fluide avec votre avocat.<\/p>\n<h3>Quelles sont les possibilit\u00e9s de consultation gratuite ?<\/h3>\n<p>Plusieurs avocats mettent \u00e0 disposition des consultations gratuites pour \u00e9valuer votre situation initiale. Cela vous permet de juger si l\u2019avocat correspond \u00e0 vos attentes sans avoir \u00e0 payer. Explorez les services en ligne qui facilitent ces consultations.<\/p>\n<\/p>\n<h3>Comment se tient une consultation en ligne avec un avocat ?<\/h3>\n<p>En g\u00e9n\u00e9ral, une consultation en ligne est men\u00e9e de mani\u00e8re ordonn\u00e9e pour maximiser son efficacit\u00e9. Pour commencer, vous proc\u00e9dez \u00e0 la prise de rendez-vous, en choisissant un cr\u00e9neau horaire qui vous arrange le plus. Lors de la consultation, vous vous connectez \u00e0 une plateforme de visioconf\u00e9rence ou par t\u00e9l\u00e9phone pour \u00e9changer sur votre situation avec l\u2019avocat. Lors de la consultation, vous vous connectez \u00e0 une plateforme de visioconf\u00e9rence ou par t\u00e9l\u00e9phone pour \u00e9changer sur votre situation avec l\u2019avocat. Pour terminer, un suivi est effectu\u00e9, au cours duquel l\u2019avocat vous donnera des conseils et des recommandations sur les \u00e9tapes \u00e0 suivre, vous aidant \u00e0 progresser dans votre d\u00e9marche en toute confiance.<\/p>\n<h3>Comment puis-je poser mes interrogations \u00e0 un avocat sur Internet ?<\/h3>\n<p>Vous pouvez poser des questions \u00e0 travers des plateformes de consultation juridique en ligne, par e-mail, ou lors de votre entretien. Prenez soin de formuler vos questions clairement pour garantir des r\u00e9ponses claires.<\/p>\n<\/p>\n<h3>Quels crit\u00e8res consid\u00e9rer pour choisir un avocat en droit p\u00e9nal ?<\/h3>\n<p>On peut utiliser un service pour trouver et rechercher un avocat. L\u2019intention est de trouver un avocat dont le profil et l\u2019expertise r\u00e9pondent exactement \u00e0 votre situation. <a target=\"_blank\" rel=\"nofollow\" href=\"https:\/\/www.tribunal-nature.org\/blog\/goto\/https:\/\/www.courtier-avocat-strategie-tribunal-judiciaire.fr\/avocat-penal\/\"  rel=\"noopener noreferrer\" target=\"blank\">Ce service de recherche d\u2019avocat vous permet de d\u00e9nicher l\u2019avocat parfait pour vos besoins, ayant une expertise dans des dossiers similaires \u00e0 ceux que vous rencontrez.<\/a><\/p>\n<p>Pour choisir un avocat en droit p\u00e9nal, il est n\u00e9cessaire de respecter plusieurs \u00e9tapes cl\u00e9s. Tout d\u2019abord, examinez les qualifications de l\u2019avocat en vous assurant qu\u2019il poss\u00e8de une exp\u00e9rience significative dans le domaine de le droit p\u00e9nal et qu\u2019il fait partie d\u2019un cabinet respect\u00e9, ce qui prouve sa comp\u00e9tence. Puis, consultez les retours d\u2019exp\u00e9rience en recherchant des t\u00e9moignages de clients pr\u00e9c\u00e9dents afin d\u2019\u00e9valuer la qualit\u00e9 du service et le taux de satisfaction. Il est conseill\u00e9 de rencontrer plusieurs avocats en organisant des consultations pour aborder votre projet, ce qui vous donnera l\u2019occasion d\u2019\u00e9valuer la compr\u00e9hension et l\u2019approche de chacun. Pour finir, n\u2019oubliez pas de parler des honoraires en vous renseignant sur les tarifs et les options de paiement, car certains avocats peuvent offrir des consultations gratuites pour \u00e9valuer votre situation, ce qui peut \u00eatre une excellente premi\u00e8re \u00e9tape.<\/p>\n<h3>Pourquoi faire appel \u00e0 un avocat en droit p\u00e9nal en ligne ?<\/h3>\n<p>Se tourner vers un avocat en droit p\u00e9nal en ligne permet d\u2019acc\u00e9der \u00e0 des conseils juridiques rapidement, sans n\u00e9cessiter de d\u00e9placement. Cela est particuli\u00e8rement pratique pour ceux qui ont des emplois du temps charg\u00e9s ou qui r\u00e9sident dans des zones isol\u00e9es. Les consultations en ligne offrent la possibilit\u00e9 de poser des interrogations d\u00e9taill\u00e9es et de recevoir des r\u00e9ponses ajust\u00e9es \u00e0 votre situation.<\/p>\n<h3>Que faire si je ne comprends pas les aspects juridiques de ma situation ?<\/h3>\n<p>Il est courant de se sentir perdu lorsqu\u2019on fait face \u00e0 des questions juridiques complexes. N\u2019ayez pas peur de poser des questions pendant votre rendez-vous. Un avocat comp\u00e9tent prendra le temps de vous d\u00e9tailler les cons\u00e9quences de votre situation de fa\u00e7on claire et accessible.<\/p>\n<p><strong>Comparatif des services juridiques en ligne :<\/strong><\/p>\n<table border=\"2\" cellpadding=\"6\" cellspacing=\"0\">\n<thead>\n<tr>\n<th>Nom de l\u2019offre\n<\/th>\n<th>M\u00e9canisme de fonctionnement\n<\/th>\n<th>Frais\n<\/th>\n<th>Avantages offerts\n<\/th>\n<th>Inconv\u00e9nients\n<\/th>\n<\/tr>\n<\/thead>\n<tbody>\n<tr>\n<td>CASTJ\n<\/td>\n<td>Service offert \u2014 collaboration humaine et IA pour une premi\u00e8re direction juridique\n<\/td>\n<td>Pas de charge\n<\/td>\n<td>Assistance rapide, association d\u2019IA et de juriste\n<\/td>\n<td>Service en forte avanc\u00e9e qui propose un soutien \u00e9tendu dans le cadre judiciaire\n<\/td>\n<\/tr>\n<tr>\n<td>Juri-Legal\n<\/td>\n<td>Rencontre avec un avocat (t\u00e9l\u00e9phone, chat, visio) \u2014 tarif horaire \u00e0 la minute\n<\/td>\n<td>Prix modulable selon l\u2019avocat (tarification \u00e0 la minute)\n<\/td>\n<td>Libert\u00e9 : choix de l\u2019avocat, paiement selon le temps r\u00e9ellement engag\u00e9\n<\/td>\n<td>Site en perte d\u2019attractivit\u00e9 : peu d\u2019avocats en ligne, fonctionnalit\u00e9s restantes surtout \u00e0 titre d\u2019exemple\n<\/td>\n<\/tr>\n<tr>\n<td>Juste un Renseignement\n<\/td>\n<td>Consultant juridique freelance \u2014 aide rapide en ligne\n<\/td>\n<td>Offre d\u00e9couverte \u00e0 30 \u20ac ; puis 20 \u20ac pour 15 minutes ou 120 \u20ac par heure selon le service requis\n<\/td>\n<td>Adapt\u00e9 pour un accompagnement rapide et facilement accessible\n<\/td>\n<td>Aide limit\u00e9e pour les dossiers difficiles\n<\/td>\n<\/tr>\n<tr>\n<td>VotreJuriste\n<\/td>\n<td>Plateforme de d\u00e9veloppement client \u2014 r\u00e9servation de rendez-vous en ligne avec assistance back office\n<\/td>\n<td>75 \u20ac toutes taxes comprises (appel de consultation annonc\u00e9)\n<\/td>\n<td>Montant visible, r\u00e9servation via le site\n<\/td>\n<td>Structure peu d\u00e9finie : gestion unique, adresse et organisation floues\n<\/td>\n<\/tr>\n<tr>\n<td>Avocats-en-ligne\n<\/td>\n<td>Prise de rendez-vous avec un avocat (r\u00e9ponse non instantan\u00e9e en ligne)\n<\/td>\n<td>Prix d\u2019introduction : 39 \u20ac toutes taxes comprises pour une consultation d\u2019environ 20 minutes\n<\/td>\n<td>Tarif d\u2019appel sans ambigu\u00eft\u00e9, large \u00e9ventail de domaines couverts\n<\/td>\n<td>Pas de r\u00e9ponse instantan\u00e9e sur le site \u2014 rendez-vous \u00e0 pr\u00e9voir\n<\/td>\n<\/tr>\n<tr>\n<td>Juriclic.net\n<\/td>\n<td>Consultation avec juristes\/avocats, diff\u00e9rentes formules \u00e0 disposition\n<\/td>\n<td>Tarification des formules : 25 \u20ac, 30 \u20ac ou 45 \u20ac selon la nature de la prestation\n<\/td>\n<td>Tarifs \u00e9conomiques et formules diff\u00e9rentes\n<\/td>\n<td>R\u00e9ponse non imm\u00e9diate \u2014 fonctionnement sur prise de rendez-vous<\/td>\n<\/tr>\n<\/tbody>\n<\/table>\n<p><strong>Parutions:<\/strong><\/p>\n<p>Des conspirations et de la justice politique\/IX,<a target=\"_blank\" rel=\"nofollow\" href=\"https:\/\/www.tribunal-nature.org\/blog\/goto\/https:\/\/fr.wikisource.org\/wiki\/Des_conspirations_et_de_la_justice_politique\/IX\"  rel=\"noopener noreferrer nofollow\" target=\"_blank\">Clicker Ici <\/a><span><\/span>.Les erreurs judiciaires,<a target=\"_blank\" rel=\"nofollow\" href=\"https:\/\/www.tribunal-nature.org\/blog\/goto\/https:\/\/booknode.com\/les_erreurs_judiciaires_030519\"  rel=\"noopener noreferrer nofollow\" target=\"_blank\">Le livre <\/a><span><\/span>. Disponible dans toutes les bonnes librairies.Philosophie\/Absolu\/relatif,<a target=\"_blank\" rel=\"nofollow\" href=\"https:\/\/www.tribunal-nature.org\/blog\/goto\/https:\/\/fr.wikibooks.org\/wiki\/Philosophie\/Absolu\/relatif\"  rel=\"noopener noreferrer nofollow\" target=\"_blank\">Le livre <\/a><span><\/span>. Disponible dans toutes les bonnes librairies.<\/p>\n<\/div>\n","protected":false},"excerpt":{"rendered":"<p>Le titre de l\u2019article r\u00e9cemment publi\u00e9 est \u00ab\u00a0Alsace. Avocats mobilis\u00e9s contre la cr\u00e9ation d\u2019un \u00ab plaider-coupable criminel \u00bb : la&#8230;<\/p>\n","protected":false},"author":3,"featured_media":1648,"comment_status":"closed","ping_status":"closed","sticky":false,"template":"","format":"standard","meta":{"footnotes":""},"categories":[2],"tags":[],"class_list":["post-1647","post","type-post","status-publish","format-standard","has-post-thumbnail","hentry","category-droit-de-lenvironnement","wpcat-2-id"],"yoast_head":"<!-- This site is optimized with the Yoast SEO plugin v27.5 - https:\/\/yoast.com\/product\/yoast-seo-wordpress\/ -->\n<title>Avocat; Alsace. Avocats mobilis\u00e9s contre la cr\u00e9ation d\u2019un \u00ab plaider-coupable criminel \u00bb : la Chancellerie r\u00e9pond - TRIBUNAL-NATURE<\/title>\n<meta name=\"description\" content=\"Avocat; Alsace. Avocats mobilis\u00e9s contre la cr\u00e9ation d\u2019un \u00ab plaider-coupable criminel \u00bb : la Chancellerie r\u00e9pond article de TRIBUNAL-NATURE\" \/>\n<meta name=\"robots\" content=\"index, follow, max-snippet:-1, max-image-preview:large, max-video-preview:-1\" \/>\n<link rel=\"canonical\" href=\"https:\/\/www.tribunal-nature.org\/blog\/avocat-alsace-avocats-mobilises-contre-la-creation-dun-plaider-coupable-criminel-la-chancellerie-repond\/\" \/>\n<meta property=\"og:locale\" content=\"fr_FR\" \/>\n<meta property=\"og:type\" content=\"article\" \/>\n<meta property=\"og:title\" content=\"Avocat; Alsace. Avocats mobilis\u00e9s contre la cr\u00e9ation d\u2019un \u00ab plaider-coupable criminel \u00bb : la Chancellerie r\u00e9pond - TRIBUNAL-NATURE\" \/>\n<meta property=\"og:description\" content=\"Avocat; Alsace. Avocats mobilis\u00e9s contre la cr\u00e9ation d\u2019un \u00ab plaider-coupable criminel \u00bb : la Chancellerie r\u00e9pond article de TRIBUNAL-NATURE\" \/>\n<meta property=\"og:url\" content=\"https:\/\/www.tribunal-nature.org\/blog\/avocat-alsace-avocats-mobilises-contre-la-creation-dun-plaider-coupable-criminel-la-chancellerie-repond\/\" \/>\n<meta property=\"og:site_name\" content=\"TRIBUNAL-NATURE\" \/>\n<meta property=\"article:published_time\" content=\"2026-04-02T13:06:39+00:00\" \/>\n<meta property=\"og:image\" content=\"https:\/\/www.tribunal-nature.org\/blog\/wp-content\/uploads\/2026\/04\/Avocat-Alsace-Avocats-mobilises-contre-la-creation-dun-plaider-coupable-1024x538-1.jpg\" \/>\n<meta name=\"author\" content=\"Isabelle LOUBEAU\" \/>\n<meta name=\"twitter:card\" content=\"summary_large_image\" \/>\n<meta name=\"twitter:label1\" content=\"\u00c9crit par\" \/>\n\t<meta name=\"twitter:data1\" content=\"Isabelle LOUBEAU\" \/>\n\t<meta name=\"twitter:label2\" content=\"Dur\u00e9e de lecture estim\u00e9e\" \/>\n\t<meta name=\"twitter:data2\" content=\"9 minutes\" \/>\n<script type=\"application\/ld+json\" class=\"yoast-schema-graph\">{\"@context\":\"https:\\\/\\\/schema.org\",\"@graph\":[{\"@type\":\"Article\",\"@id\":\"https:\\\/\\\/www.tribunal-nature.org\\\/blog\\\/avocat-alsace-avocats-mobilises-contre-la-creation-dun-plaider-coupable-criminel-la-chancellerie-repond\\\/#article\",\"isPartOf\":{\"@id\":\"https:\\\/\\\/www.tribunal-nature.org\\\/blog\\\/avocat-alsace-avocats-mobilises-contre-la-creation-dun-plaider-coupable-criminel-la-chancellerie-repond\\\/\"},\"author\":{\"name\":\"Isabelle LOUBEAU\",\"@id\":\"https:\\\/\\\/www.tribunal-nature.org\\\/blog\\\/#\\\/schema\\\/person\\\/55761caf7544da6b05b60523f2a0855f\"},\"headline\":\"Avocat; Alsace. Avocats mobilis\u00e9s contre la cr\u00e9ation d\u2019un \u00ab plaider-coupable criminel \u00bb : la Chancellerie r\u00e9pond\",\"datePublished\":\"2026-04-02T13:06:39+00:00\",\"mainEntityOfPage\":{\"@id\":\"https:\\\/\\\/www.tribunal-nature.org\\\/blog\\\/avocat-alsace-avocats-mobilises-contre-la-creation-dun-plaider-coupable-criminel-la-chancellerie-repond\\\/\"},\"wordCount\":1827,\"publisher\":{\"@id\":\"https:\\\/\\\/www.tribunal-nature.org\\\/blog\\\/#organization\"},\"image\":{\"@id\":\"https:\\\/\\\/www.tribunal-nature.org\\\/blog\\\/avocat-alsace-avocats-mobilises-contre-la-creation-dun-plaider-coupable-criminel-la-chancellerie-repond\\\/#primaryimage\"},\"thumbnailUrl\":\"https:\\\/\\\/www.tribunal-nature.org\\\/blog\\\/wp-content\\\/uploads\\\/2026\\\/04\\\/Avocat-Alsace-Avocats-mobilises-contre-la-creation-dun-plaider-coupable-1024x538-1.jpg\",\"articleSection\":[\"Droit De L'Environnement:\"],\"inLanguage\":\"fr-FR\"},{\"@type\":\"WebPage\",\"@id\":\"https:\\\/\\\/www.tribunal-nature.org\\\/blog\\\/avocat-alsace-avocats-mobilises-contre-la-creation-dun-plaider-coupable-criminel-la-chancellerie-repond\\\/\",\"url\":\"https:\\\/\\\/www.tribunal-nature.org\\\/blog\\\/avocat-alsace-avocats-mobilises-contre-la-creation-dun-plaider-coupable-criminel-la-chancellerie-repond\\\/\",\"name\":\"Avocat; Alsace. Avocats mobilis\u00e9s contre la cr\u00e9ation d\u2019un \u00ab plaider-coupable criminel \u00bb : la Chancellerie r\u00e9pond - TRIBUNAL-NATURE\",\"isPartOf\":{\"@id\":\"https:\\\/\\\/www.tribunal-nature.org\\\/blog\\\/#website\"},\"primaryImageOfPage\":{\"@id\":\"https:\\\/\\\/www.tribunal-nature.org\\\/blog\\\/avocat-alsace-avocats-mobilises-contre-la-creation-dun-plaider-coupable-criminel-la-chancellerie-repond\\\/#primaryimage\"},\"image\":{\"@id\":\"https:\\\/\\\/www.tribunal-nature.org\\\/blog\\\/avocat-alsace-avocats-mobilises-contre-la-creation-dun-plaider-coupable-criminel-la-chancellerie-repond\\\/#primaryimage\"},\"thumbnailUrl\":\"https:\\\/\\\/www.tribunal-nature.org\\\/blog\\\/wp-content\\\/uploads\\\/2026\\\/04\\\/Avocat-Alsace-Avocats-mobilises-contre-la-creation-dun-plaider-coupable-1024x538-1.jpg\",\"datePublished\":\"2026-04-02T13:06:39+00:00\",\"description\":\"Avocat; Alsace. Avocats mobilis\u00e9s contre la cr\u00e9ation d\u2019un \u00ab plaider-coupable criminel \u00bb : la Chancellerie r\u00e9pond article de TRIBUNAL-NATURE\",\"breadcrumb\":{\"@id\":\"https:\\\/\\\/www.tribunal-nature.org\\\/blog\\\/avocat-alsace-avocats-mobilises-contre-la-creation-dun-plaider-coupable-criminel-la-chancellerie-repond\\\/#breadcrumb\"},\"inLanguage\":\"fr-FR\",\"potentialAction\":[{\"@type\":\"ReadAction\",\"target\":[\"https:\\\/\\\/www.tribunal-nature.org\\\/blog\\\/avocat-alsace-avocats-mobilises-contre-la-creation-dun-plaider-coupable-criminel-la-chancellerie-repond\\\/\"]}]},{\"@type\":\"ImageObject\",\"inLanguage\":\"fr-FR\",\"@id\":\"https:\\\/\\\/www.tribunal-nature.org\\\/blog\\\/avocat-alsace-avocats-mobilises-contre-la-creation-dun-plaider-coupable-criminel-la-chancellerie-repond\\\/#primaryimage\",\"url\":\"https:\\\/\\\/www.tribunal-nature.org\\\/blog\\\/wp-content\\\/uploads\\\/2026\\\/04\\\/Avocat-Alsace-Avocats-mobilises-contre-la-creation-dun-plaider-coupable-1024x538-1.jpg\",\"contentUrl\":\"https:\\\/\\\/www.tribunal-nature.org\\\/blog\\\/wp-content\\\/uploads\\\/2026\\\/04\\\/Avocat-Alsace-Avocats-mobilises-contre-la-creation-dun-plaider-coupable-1024x538-1.jpg\",\"width\":1024,\"height\":538,\"caption\":\"Avocat Alsace Avocats mobilises contre la creation dun plaider coupable 1024x538 1\"},{\"@type\":\"BreadcrumbList\",\"@id\":\"https:\\\/\\\/www.tribunal-nature.org\\\/blog\\\/avocat-alsace-avocats-mobilises-contre-la-creation-dun-plaider-coupable-criminel-la-chancellerie-repond\\\/#breadcrumb\",\"itemListElement\":[{\"@type\":\"ListItem\",\"position\":1,\"name\":\"Accueil\",\"item\":\"https:\\\/\\\/www.tribunal-nature.org\\\/blog\\\/\"},{\"@type\":\"ListItem\",\"position\":2,\"name\":\"Avocat; Alsace. Avocats mobilis\u00e9s contre la cr\u00e9ation d\u2019un \u00ab plaider-coupable criminel \u00bb : la Chancellerie r\u00e9pond\"}]},{\"@type\":\"WebSite\",\"@id\":\"https:\\\/\\\/www.tribunal-nature.org\\\/blog\\\/#website\",\"url\":\"https:\\\/\\\/www.tribunal-nature.org\\\/blog\\\/\",\"name\":\"TRIBUNAL-NATURE\",\"description\":\"Droit De L&#039;Environnement.\",\"publisher\":{\"@id\":\"https:\\\/\\\/www.tribunal-nature.org\\\/blog\\\/#organization\"},\"potentialAction\":[{\"@type\":\"SearchAction\",\"target\":{\"@type\":\"EntryPoint\",\"urlTemplate\":\"https:\\\/\\\/www.tribunal-nature.org\\\/blog\\\/?s={search_term_string}\"},\"query-input\":{\"@type\":\"PropertyValueSpecification\",\"valueRequired\":true,\"valueName\":\"search_term_string\"}}],\"inLanguage\":\"fr-FR\"},{\"@type\":\"Organization\",\"@id\":\"https:\\\/\\\/www.tribunal-nature.org\\\/blog\\\/#organization\",\"name\":\"tribunal-nature\",\"url\":\"https:\\\/\\\/www.tribunal-nature.org\\\/blog\\\/\",\"logo\":{\"@type\":\"ImageObject\",\"inLanguage\":\"fr-FR\",\"@id\":\"https:\\\/\\\/www.tribunal-nature.org\\\/blog\\\/#\\\/schema\\\/logo\\\/image\\\/\",\"url\":\"https:\\\/\\\/www.tribunal-nature.org\\\/blog\\\/wp-content\\\/uploads\\\/2022\\\/05\\\/logo-2.png\",\"contentUrl\":\"https:\\\/\\\/www.tribunal-nature.org\\\/blog\\\/wp-content\\\/uploads\\\/2022\\\/05\\\/logo-2.png\",\"width\":180,\"height\":180,\"caption\":\"tribunal-nature\"},\"image\":{\"@id\":\"https:\\\/\\\/www.tribunal-nature.org\\\/blog\\\/#\\\/schema\\\/logo\\\/image\\\/\"}},{\"@type\":\"Person\",\"@id\":\"https:\\\/\\\/www.tribunal-nature.org\\\/blog\\\/#\\\/schema\\\/person\\\/55761caf7544da6b05b60523f2a0855f\",\"name\":\"Isabelle LOUBEAU\",\"image\":{\"@type\":\"ImageObject\",\"inLanguage\":\"fr-FR\",\"@id\":\"https:\\\/\\\/secure.gravatar.com\\\/avatar\\\/b6912620aca78633bf5d50400888815d3b38a1118e82b94050843f411f3f5972?s=96&d=mm&r=g\",\"url\":\"https:\\\/\\\/secure.gravatar.com\\\/avatar\\\/b6912620aca78633bf5d50400888815d3b38a1118e82b94050843f411f3f5972?s=96&d=mm&r=g\",\"contentUrl\":\"https:\\\/\\\/secure.gravatar.com\\\/avatar\\\/b6912620aca78633bf5d50400888815d3b38a1118e82b94050843f411f3f5972?s=96&d=mm&r=g\",\"caption\":\"Isabelle LOUBEAU\"},\"url\":\"https:\\\/\\\/www.tribunal-nature.org\\\/blog\\\/author\\\/ureisabelle\\\/\"}]}<\/script>\n<!-- \/ Yoast SEO plugin. -->","yoast_head_json":{"title":"Avocat; Alsace. Avocats mobilis\u00e9s contre la cr\u00e9ation d\u2019un \u00ab plaider-coupable criminel \u00bb : la Chancellerie r\u00e9pond - TRIBUNAL-NATURE","description":"Avocat; Alsace. Avocats mobilis\u00e9s contre la cr\u00e9ation d\u2019un \u00ab plaider-coupable criminel \u00bb : la Chancellerie r\u00e9pond article de TRIBUNAL-NATURE","robots":{"index":"index","follow":"follow","max-snippet":"max-snippet:-1","max-image-preview":"max-image-preview:large","max-video-preview":"max-video-preview:-1"},"canonical":"https:\/\/www.tribunal-nature.org\/blog\/avocat-alsace-avocats-mobilises-contre-la-creation-dun-plaider-coupable-criminel-la-chancellerie-repond\/","og_locale":"fr_FR","og_type":"article","og_title":"Avocat; Alsace. Avocats mobilis\u00e9s contre la cr\u00e9ation d\u2019un \u00ab plaider-coupable criminel \u00bb : la Chancellerie r\u00e9pond - TRIBUNAL-NATURE","og_description":"Avocat; Alsace. Avocats mobilis\u00e9s contre la cr\u00e9ation d\u2019un \u00ab plaider-coupable criminel \u00bb : la Chancellerie r\u00e9pond article de TRIBUNAL-NATURE","og_url":"https:\/\/www.tribunal-nature.org\/blog\/avocat-alsace-avocats-mobilises-contre-la-creation-dun-plaider-coupable-criminel-la-chancellerie-repond\/","og_site_name":"TRIBUNAL-NATURE","article_published_time":"2026-04-02T13:06:39+00:00","og_image":[{"url":"https:\/\/www.tribunal-nature.org\/blog\/wp-content\/uploads\/2026\/04\/Avocat-Alsace-Avocats-mobilises-contre-la-creation-dun-plaider-coupable-1024x538-1.jpg","type":"","width":"","height":""}],"author":"Isabelle LOUBEAU","twitter_card":"summary_large_image","twitter_misc":{"\u00c9crit par":"Isabelle LOUBEAU","Dur\u00e9e de lecture estim\u00e9e":"9 minutes"},"schema":{"@context":"https:\/\/schema.org","@graph":[{"@type":"Article","@id":"https:\/\/www.tribunal-nature.org\/blog\/avocat-alsace-avocats-mobilises-contre-la-creation-dun-plaider-coupable-criminel-la-chancellerie-repond\/#article","isPartOf":{"@id":"https:\/\/www.tribunal-nature.org\/blog\/avocat-alsace-avocats-mobilises-contre-la-creation-dun-plaider-coupable-criminel-la-chancellerie-repond\/"},"author":{"name":"Isabelle LOUBEAU","@id":"https:\/\/www.tribunal-nature.org\/blog\/#\/schema\/person\/55761caf7544da6b05b60523f2a0855f"},"headline":"Avocat; Alsace. Avocats mobilis\u00e9s contre la cr\u00e9ation d\u2019un \u00ab plaider-coupable criminel \u00bb : la Chancellerie r\u00e9pond","datePublished":"2026-04-02T13:06:39+00:00","mainEntityOfPage":{"@id":"https:\/\/www.tribunal-nature.org\/blog\/avocat-alsace-avocats-mobilises-contre-la-creation-dun-plaider-coupable-criminel-la-chancellerie-repond\/"},"wordCount":1827,"publisher":{"@id":"https:\/\/www.tribunal-nature.org\/blog\/#organization"},"image":{"@id":"https:\/\/www.tribunal-nature.org\/blog\/avocat-alsace-avocats-mobilises-contre-la-creation-dun-plaider-coupable-criminel-la-chancellerie-repond\/#primaryimage"},"thumbnailUrl":"https:\/\/www.tribunal-nature.org\/blog\/wp-content\/uploads\/2026\/04\/Avocat-Alsace-Avocats-mobilises-contre-la-creation-dun-plaider-coupable-1024x538-1.jpg","articleSection":["Droit De L'Environnement:"],"inLanguage":"fr-FR"},{"@type":"WebPage","@id":"https:\/\/www.tribunal-nature.org\/blog\/avocat-alsace-avocats-mobilises-contre-la-creation-dun-plaider-coupable-criminel-la-chancellerie-repond\/","url":"https:\/\/www.tribunal-nature.org\/blog\/avocat-alsace-avocats-mobilises-contre-la-creation-dun-plaider-coupable-criminel-la-chancellerie-repond\/","name":"Avocat; Alsace. Avocats mobilis\u00e9s contre la cr\u00e9ation d\u2019un \u00ab plaider-coupable criminel \u00bb : la Chancellerie r\u00e9pond - TRIBUNAL-NATURE","isPartOf":{"@id":"https:\/\/www.tribunal-nature.org\/blog\/#website"},"primaryImageOfPage":{"@id":"https:\/\/www.tribunal-nature.org\/blog\/avocat-alsace-avocats-mobilises-contre-la-creation-dun-plaider-coupable-criminel-la-chancellerie-repond\/#primaryimage"},"image":{"@id":"https:\/\/www.tribunal-nature.org\/blog\/avocat-alsace-avocats-mobilises-contre-la-creation-dun-plaider-coupable-criminel-la-chancellerie-repond\/#primaryimage"},"thumbnailUrl":"https:\/\/www.tribunal-nature.org\/blog\/wp-content\/uploads\/2026\/04\/Avocat-Alsace-Avocats-mobilises-contre-la-creation-dun-plaider-coupable-1024x538-1.jpg","datePublished":"2026-04-02T13:06:39+00:00","description":"Avocat; Alsace. Avocats mobilis\u00e9s contre la cr\u00e9ation d\u2019un \u00ab plaider-coupable criminel \u00bb : la Chancellerie r\u00e9pond article de TRIBUNAL-NATURE","breadcrumb":{"@id":"https:\/\/www.tribunal-nature.org\/blog\/avocat-alsace-avocats-mobilises-contre-la-creation-dun-plaider-coupable-criminel-la-chancellerie-repond\/#breadcrumb"},"inLanguage":"fr-FR","potentialAction":[{"@type":"ReadAction","target":["https:\/\/www.tribunal-nature.org\/blog\/avocat-alsace-avocats-mobilises-contre-la-creation-dun-plaider-coupable-criminel-la-chancellerie-repond\/"]}]},{"@type":"ImageObject","inLanguage":"fr-FR","@id":"https:\/\/www.tribunal-nature.org\/blog\/avocat-alsace-avocats-mobilises-contre-la-creation-dun-plaider-coupable-criminel-la-chancellerie-repond\/#primaryimage","url":"https:\/\/www.tribunal-nature.org\/blog\/wp-content\/uploads\/2026\/04\/Avocat-Alsace-Avocats-mobilises-contre-la-creation-dun-plaider-coupable-1024x538-1.jpg","contentUrl":"https:\/\/www.tribunal-nature.org\/blog\/wp-content\/uploads\/2026\/04\/Avocat-Alsace-Avocats-mobilises-contre-la-creation-dun-plaider-coupable-1024x538-1.jpg","width":1024,"height":538,"caption":"Avocat Alsace Avocats mobilises contre la creation dun plaider coupable 1024x538 1"},{"@type":"BreadcrumbList","@id":"https:\/\/www.tribunal-nature.org\/blog\/avocat-alsace-avocats-mobilises-contre-la-creation-dun-plaider-coupable-criminel-la-chancellerie-repond\/#breadcrumb","itemListElement":[{"@type":"ListItem","position":1,"name":"Accueil","item":"https:\/\/www.tribunal-nature.org\/blog\/"},{"@type":"ListItem","position":2,"name":"Avocat; Alsace. Avocats mobilis\u00e9s contre la cr\u00e9ation d\u2019un \u00ab plaider-coupable criminel \u00bb : la Chancellerie r\u00e9pond"}]},{"@type":"WebSite","@id":"https:\/\/www.tribunal-nature.org\/blog\/#website","url":"https:\/\/www.tribunal-nature.org\/blog\/","name":"TRIBUNAL-NATURE","description":"Droit De L&#039;Environnement.","publisher":{"@id":"https:\/\/www.tribunal-nature.org\/blog\/#organization"},"potentialAction":[{"@type":"SearchAction","target":{"@type":"EntryPoint","urlTemplate":"https:\/\/www.tribunal-nature.org\/blog\/?s={search_term_string}"},"query-input":{"@type":"PropertyValueSpecification","valueRequired":true,"valueName":"search_term_string"}}],"inLanguage":"fr-FR"},{"@type":"Organization","@id":"https:\/\/www.tribunal-nature.org\/blog\/#organization","name":"tribunal-nature","url":"https:\/\/www.tribunal-nature.org\/blog\/","logo":{"@type":"ImageObject","inLanguage":"fr-FR","@id":"https:\/\/www.tribunal-nature.org\/blog\/#\/schema\/logo\/image\/","url":"https:\/\/www.tribunal-nature.org\/blog\/wp-content\/uploads\/2022\/05\/logo-2.png","contentUrl":"https:\/\/www.tribunal-nature.org\/blog\/wp-content\/uploads\/2022\/05\/logo-2.png","width":180,"height":180,"caption":"tribunal-nature"},"image":{"@id":"https:\/\/www.tribunal-nature.org\/blog\/#\/schema\/logo\/image\/"}},{"@type":"Person","@id":"https:\/\/www.tribunal-nature.org\/blog\/#\/schema\/person\/55761caf7544da6b05b60523f2a0855f","name":"Isabelle LOUBEAU","image":{"@type":"ImageObject","inLanguage":"fr-FR","@id":"https:\/\/secure.gravatar.com\/avatar\/b6912620aca78633bf5d50400888815d3b38a1118e82b94050843f411f3f5972?s=96&d=mm&r=g","url":"https:\/\/secure.gravatar.com\/avatar\/b6912620aca78633bf5d50400888815d3b38a1118e82b94050843f411f3f5972?s=96&d=mm&r=g","contentUrl":"https:\/\/secure.gravatar.com\/avatar\/b6912620aca78633bf5d50400888815d3b38a1118e82b94050843f411f3f5972?s=96&d=mm&r=g","caption":"Isabelle LOUBEAU"},"url":"https:\/\/www.tribunal-nature.org\/blog\/author\/ureisabelle\/"}]}},"_links":{"self":[{"href":"https:\/\/www.tribunal-nature.org\/blog\/wp-json\/wp\/v2\/posts\/1647","targetHints":{"allow":["GET"]}}],"collection":[{"href":"https:\/\/www.tribunal-nature.org\/blog\/wp-json\/wp\/v2\/posts"}],"about":[{"href":"https:\/\/www.tribunal-nature.org\/blog\/wp-json\/wp\/v2\/types\/post"}],"author":[{"embeddable":true,"href":"https:\/\/www.tribunal-nature.org\/blog\/wp-json\/wp\/v2\/users\/3"}],"replies":[{"embeddable":true,"href":"https:\/\/www.tribunal-nature.org\/blog\/wp-json\/wp\/v2\/comments?post=1647"}],"version-history":[{"count":0,"href":"https:\/\/www.tribunal-nature.org\/blog\/wp-json\/wp\/v2\/posts\/1647\/revisions"}],"wp:featuredmedia":[{"embeddable":true,"href":"https:\/\/www.tribunal-nature.org\/blog\/wp-json\/wp\/v2\/media\/1648"}],"wp:attachment":[{"href":"https:\/\/www.tribunal-nature.org\/blog\/wp-json\/wp\/v2\/media?parent=1647"}],"wp:term":[{"taxonomy":"category","embeddable":true,"href":"https:\/\/www.tribunal-nature.org\/blog\/wp-json\/wp\/v2\/categories?post=1647"},{"taxonomy":"post_tag","embeddable":true,"href":"https:\/\/www.tribunal-nature.org\/blog\/wp-json\/wp\/v2\/tags?post=1647"}],"curies":[{"name":"wp","href":"https:\/\/api.w.org\/{rel}","templated":true}]}}