{"id":1645,"date":"2026-04-02T12:13:17","date_gmt":"2026-04-02T10:13:17","guid":{"rendered":"https:\/\/www.tribunal-nature.org\/blog\/gennevilliersbidonville-de-gennevilliers-mars-1960-algerie-emigres\/"},"modified":"2026-04-02T12:13:17","modified_gmt":"2026-04-02T10:13:17","slug":"gennevilliersbidonville-de-gennevilliers-mars-1960-algerie-emigres","status":"publish","type":"post","link":"https:\/\/www.tribunal-nature.org\/blog\/gennevilliersbidonville-de-gennevilliers-mars-1960-algerie-emigres\/","title":{"rendered":"Gennevilliers,Bidonville de Gennevilliers Mars 1960 Algerie Emigres"},"content":{"rendered":"<div><img width=\"480\" height=\"360\" src=\"https:\/\/www.tribunal-nature.org\/blog\/wp-content\/uploads\/2026\/04\/GennevilliersBidonville-de-Gennevilliers-Mars-1960-Algerie-Emigres.jpg\" class=\"attachment-large size-large wp-post-image\" alt=\"Bidonville de Gennevilliers Mars 1960 Algerie Emigres\" style=\"width:100%;height:75%;max-width:480px;float:left; margin:0 15px 15px 0;\" decoding=\"async\" srcset=\"https:\/\/www.tribunal-nature.org\/blog\/wp-content\/uploads\/2026\/04\/GennevilliersBidonville-de-Gennevilliers-Mars-1960-Algerie-Emigres.jpg 480w, https:\/\/www.site.cdcl.xyz\/wp-content\/uploads\/2026\/04\/GennevilliersBidonville-de-Gennevilliers-Mars-1960-Algerie-Emigres-300x225.jpg 300w\" sizes=\"(max-width: 480px) 100vw, 480px\"><\/p>\n<h1>\nLe long-m\u00e9trage sur \u00abGennevilliers\u00bb est disponible en streaming sur Youtube.<br \/>\n<\/h1>\n<h2>\nUne analyse sign\u00e9e Mohamed Blas autour de \u00ab\u00a0Gennevilliers\u00a0\u00bb.<br \/>\n<\/h2>\n<p>Retrouvez cette vid\u00e9o mise en ligne par Mohamed Blas sur Youtube.<br \/>\nconcernant \u00ab\u00a0Gennevilliers\u00a0\u00bb:<br \/>\n<iframe title=\"Bidonville de Gennevilliers Mars 1960 Algerie Emigres\" width=\"580\" height=\"385\" src=\"https:\/\/www.youtube.com\/embed\/XgDPZWwVaW4?hl=fr&amp;modestbranding=1\" frameborder=\"0\" allowfullscreen><\/iframe><\/p>\n<p>Le titre de cette vid\u00e9o est Bidonville de Gennevilliers Mars 1960 Algerie Emigres, sa dur\u00e9e est de 00:18:11 secondes, et elle a \u00e9t\u00e9 fournie par l\u2019auteur. La description suit ci-dessous :\u00ab<i>   <\/i> \u00bb.\n<\/p>\n<\/p>\n<h2>GENNEVILLIERS : La commune en difficult\u00e9 Financi\u00e8re mais aussi moral<\/h2>\n<p>Une r\u00e9cente analyse des finances de Gennevilliers met en lumi\u00e8re une situation alarmante qui s\u2019est d\u00e9t\u00e9rior\u00e9e entre 2020 et 2025.<\/p>\n<p>Afin de d\u00e9couvrir l\u2019audit, <a target=\"_blank\" rel=\"nofollow\" href=\"https:\/\/www.tribunal-nature.org\/blog\/goto\/https:\/\/www.bilan-de-mandat.fr\/ile-de-france\/mairie\/hauts-de-seine_gennevilliers\/\"  rel=\"noopener noreferrer\" target=\"blank\">toutes les informations financi\u00e8res peuvent \u00eatre trouv\u00e9es sur la page du bilan de mandat<\/a>.<\/p>\n<p>B\u00e9n\u00e9ficiant en 2020 d\u2019une solide sant\u00e9 financi\u00e8re, Gennevilliers a progressivement vu sa situation se d\u00e9t\u00e9riorer, entra\u00eenant une d\u00e9gradation de la qualit\u00e9 de sa gestion publique<\/p>\n<p>Bien que cette situation soit influenc\u00e9e par la conjoncture, il est important de noter que les deux tiers des difficult\u00e9s proviennent des choix politiques de la municipalit\u00e9 sous PATRICE LECLERC.<\/p>\n<p>L\u2019enqu\u00eate a \u00e9t\u00e9 effectu\u00e9e par le site ind\u00e9pendant Bilan de Mandat, qui a compil\u00e9 les chiffres budg\u00e9taires en ligne fournis par le minist\u00e8re des Finances sur les 7 derni\u00e8res ann\u00e9es<\/p>\n<h3>\u00c9rosion de la qualit\u00e9 des services publics GENNEVILLOIS<\/h3>\n<p>Une gestion financi\u00e8re peu rigoureuse entra\u00eenera in\u00e9vitablement des coupes dans les budgets des services publics d\u2019ici 2026-2027, ce qui se traduit par :<\/p>\n<ul>\n<li>R\u00e9duction du personnel : Moins de ressources humaines pour garantir des services vitaux tels que la propret\u00e9, la s\u00e9curit\u00e9 ou l\u2019\u00e9ducation.\n<\/li>\n<li>Diminution de la fr\u00e9quence des prestations : Diminution des collectes de d\u00e9chets et horaires limit\u00e9s pour les biblioth\u00e8ques et centres communautaires.\n<\/li>\n<li>R\u00e9duction du niveau de satisfaction des usagers : Les usagers, d\u00e9j\u00e0 critiques vis-\u00e0-vis des services municipaux, ressentiront en premier la baisse de la qualit\u00e9 des services, malgr\u00e9 une contribution qui d\u00e9passe la moyenne.<\/li>\n<\/ul>\n<h3>Risque \u00e9lev\u00e9 de d\u00e9faillance financi\u00e8re<\/h3>\n<p>Les subventions gouvernementales qui, il y a encore quelques ann\u00e9es, aidaient \u00e0 surmonter les difficult\u00e9s financi\u00e8res, ne sont plus disponibles. En raison de sa situation pr\u00e9caire, la commune n\u2019a plus de latitude, ce qui va engendrer :<\/p>\n<ul>\n<li>Pr\u00e9carit\u00e9 \u00e9conomique : Une d\u00e9pendance excessive aux aides va rendre la collectivit\u00e9 vuln\u00e9rable aux variations de politique ou de financement au niveau national.\n<\/li>\n<li>Diminution de la marge de man\u0153uvre : Les collectivit\u00e9s verront leur ind\u00e9pendance compromise par les conditions impos\u00e9es par les subventions.\n<\/li>\n<li>Limitations dans la strat\u00e9gie \u00e0 long terme : S\u2019appuyer sur des financements externes va rendre la planification budg\u00e9taire et l\u2019ex\u00e9cution de projets \u00e0 long terme plus difficiles.<\/li>\n<\/ul>\n<h3>Compensation des travailleurs<\/h3>\n<p>La r\u00e9mun\u00e9ration des employ\u00e9s municipaux constitue une part importante des d\u00e9penses, atteignant en 2025 un niveau pr\u00e9occupant alors que les salaires des agents n\u2019augmentent pas dans la m\u00eame mesure. Cette situation entra\u00eene plusieurs cons\u00e9quences :<\/p>\n<ul>\n<li>Perte d\u2019entrain des agents v\u00e9t\u00e9rans : Le non-accroissement des salaires pour les agents historiques va mener \u00e0 une d\u00e9moralisation, impactant la qualit\u00e9 des services fournis.: Rotation du personnel \u00e9lev\u00e9e\n<\/li>\n<li>Rotation accrue du personnel : Des r\u00e9mun\u00e9rations stagnantes vont amener les employ\u00e9s \u00e0 rechercher des postes ailleurs, ce qui augmente le turnover et les d\u00e9penses de formation pour la ville.\n<\/li>\n<li>Disparit\u00e9s de revenus : La disparit\u00e9 salariale entre les agents r\u00e9cents et les agents v\u00e9t\u00e9rans va engendrer des tensions au sein de l\u2019\u00e9quipe municipale.\n<\/li>\n<li>D\u00e9gradation des prestations publiques : Un effectif peu motiv\u00e9 et instable va alt\u00e9rer la qualit\u00e9 des services publics, ayant un impact direct sur les citoyens.\n<\/li>\n<li>Pression sur les finances: La n\u00e9cessit\u00e9 d\u2019offrir des r\u00e9mun\u00e9rations comp\u00e9titives pour attirer de nouveaux employ\u00e9s va cr\u00e9er une pression suppl\u00e9mentaire sur le budget communal.<\/li>\n<\/ul>\n<h3>Augmentation des charges fiscales pour les contribuables GENNEVILLOIS<\/h3>\n<p>La ville est contrainte d\u2019augmenter les imp\u00f4ts des contribuables, mais cette mesure a \u00e9t\u00e9 report\u00e9e en 2025 \u00e0 cause des \u00e9lections municipales de 2026. Les r\u00e9percussions de cette situation sont alarmantes :<\/p>\n<ul>\n<li>D\u00e9sapprobation des contribuables : Une \u00e9l\u00e9vation des imp\u00f4ts va engendrer un m\u00e9contentement g\u00e9n\u00e9ralis\u00e9 parmi les citoyens, affectant leur confiance envers la municipalit\u00e9.\n<\/li>\n<li>R\u00e9duction de la base fiscale : Des hausses de taxes vont inciter certains contribuables \u00e0 chercher d\u2019autres r\u00e9sidences, diminuant ainsi la base fiscale \u00e0 long terme.\n<\/li>\n<li>Complications pour les foyers : L\u2019augmentation des charges fiscales va affecter le budget des foyers, renfor\u00e7ant les in\u00e9galit\u00e9s sociales.\n<\/li>\n<li>D\u00e9lai dans la r\u00e9alisation des investissements : L\u2019absence d\u2019augmentation des contributions fiscales en 2025 va compromettre des projets d\u2019investissement n\u00e9cessaires au d\u00e9veloppement de la commune.\n<\/li>\n<li>Stress sur les services publics : L\u2019exigence de compenser les pertes de revenus va entra\u00eener des diminutions dans les services publics, affectant le bien-\u00eatre des citoyens.<\/li>\n<\/ul>\n<h3>Faible ma\u00eetrise de la gestion des finances<\/h3>\n<p>L\u2019augmentation des co\u00fbts chaque ann\u00e9e r\u00e9v\u00e8le une gestion financi\u00e8re peu efficace. Les impacts de cette situation sont marquants :<\/p>\n<ul>\n<li>Accroissement des d\u00e9ficits financiers : Un d\u00e9ficit de contr\u00f4le sur les d\u00e9penses va g\u00e9n\u00e9rer des d\u00e9ficits budg\u00e9taires accrus, rendant la situation financi\u00e8re plus instable.\n<\/li>\n<li>Diminution des engagements d\u2019investissement futurs : Les d\u00e9ficits r\u00e9guliers vont limiter les possibilit\u00e9s d\u2019investissement de la ville dans des projets \u00e0 venir.\n<\/li>\n<li>Diminution de la r\u00e9putation : Une administration financi\u00e8re mal g\u00e9r\u00e9e portera atteinte \u00e0 la cr\u00e9dibilit\u00e9 de la municipalit\u00e9, rendant l\u2019obtention de fonds externes plus difficile.\n<\/li>\n<li>Gaspillage des ressources : Sans une r\u00e9gulation ad\u00e9quate des d\u00e9penses, les ressources publiques seront gaspill\u00e9es, ce qui nuira \u00e0 l\u2019int\u00e9r\u00eat g\u00e9n\u00e9ral.\n<\/li>\n<li>Influence n\u00e9gative sur les services publics: Des d\u00e9penses non ma\u00eetris\u00e9es m\u00e8neront \u00e0 des coupes dans les secteurs sociaux<\/li>\n<\/ul>\n<h3>Questions fr\u00e9quentes sur la municipalit\u00e9 de Gennevilliers<\/h3>\n<h4>Quel est le nom du maire de Gennevilliers ?<\/h4>\n<p>PATRICE LECLERC<\/p>\n<h4>Quelles sont les manifestations culturelles et historiques ?<\/h4>\n<p>La culture d\u2019une ville est r\u00e9v\u00e9l\u00e9e par son histoire. L\u2019\u00e9difice de la mairie ou de l\u2019h\u00f4tel de ville, les photos d\u2019\u00e9poque de l\u2019\u00e9cole, et les comp\u00e9tences des anciens m\u00e9tiers facilitent la d\u00e9couverte gratuite, la transmission et la sauvegarde de ce patrimoine municipal. \u00c0 l\u2019\u00e9chelle nationale, la politique de sensibilisation permet de maintenir le patrimoine de la ville vivant et accessible pour les g\u00e9n\u00e9rations futures.<\/p>\n<h4>Comment peut-on s\u2019impliquer dans les activit\u00e9s des associations ?<\/h4>\n<p>Dans chaque commune, on peut remarquer que le nombre d\u2019associations et l\u2019agenda de leurs activit\u00e9s (th\u00e9\u00e2tre, festival\u2026) sont marquants et ind\u00e9pendants des d\u00e9cisions de la mairie. Les associations, comme c\u2019est le cas dans toute la France, mettent en place diff\u00e9rents \u00e9v\u00e9nements tout au long de l\u2019ann\u00e9e. Pour ceux qui d\u00e9sirent participer, il est simple de s\u2019inscrire \u00e0 ces activit\u00e9s en ligne, o\u00f9 un simple clic permet d\u2019acc\u00e9der \u00e0 l\u2019agenda des \u00e9v\u00e9nements ou aux coordonn\u00e9es des responsables. Rejoignez-nous en un clic.<\/p>\n<\/p>\n<h4>Quelle est la conclusion cl\u00e9 de l\u2019audit des finances de Gennevilliers ?<\/h4>\n<p>L\u2019enqu\u00eate indique une d\u00e9t\u00e9rioration alarmante des finances publiques et de la gestion de Gennevilliers, r\u00e9v\u00e9lant une imprudence tant sur le plan financier que dans la gestion publique.<\/p>\n<h4>Quels facteurs ont \u00e9t\u00e9 d\u00e9terminants dans cette crise financi\u00e8re ?<\/h4>\n<p>Bien que le contexte \u00e9conomique soit un facteur \u00e0 prendre en compte, deux tiers des d\u00e9fis rencontr\u00e9s sont dus aux choix politiques de la municipalit\u00e9 dirig\u00e9e par PATRICE LECLERC.<\/p>\n<h4>Quels moyens d\u2019information peut-on trouver dans Gennevilliers ?<\/h4>\n<p>Surtout, les informations en ligne. Les habitants ont la possibilit\u00e9 de consulter les actualit\u00e9s et le journal municipal de la ville et des villes voisines. Sur le site de la mairie, on trouve la page d\u2019accueil pour les nouveaux r\u00e9sidents, les num\u00e9ros utiles pour diverses d\u00e9marches, l\u2019annuaire des PME, les journ\u00e9es et activit\u00e9s gratuites, les informations pour la rentr\u00e9e scolaire, les menus des cantines, l\u2019espace de confidentialit\u00e9 pour les comptes familiaux et les d\u00e9marches administratives, en particulier celles du secteur scolaire. Sur des sites internet externes \u00e0 la mairie, les habitants peuvent d\u00e9couvrir des informations sur les \u00e9v\u00e9nements culturels (spectacles, th\u00e9\u00e2tre, festivals) qui enrichissent la vie communautaire et offrent une ouverture sur la culture.<\/p>\n<h4>Quelle est la situation des associations locales au sein de Gennevilliers ?<\/h4>\n<p>Les associations locales participent activement \u00e0 la vie culturelle. Si vous avez besoin des coordonn\u00e9es d\u2019une association, l\u2019annuaire en ligne sur le site de la mairie de Gennevilliers est \u00e0 votre disposition.\n<\/p>\n<p> Vous pouvez visionner cette vid\u00e9o directement sur youtube en suivant ce lien :<br \/>\n<u> la source:<\/u> <a target=\"_blank\" rel=\"nofollow\" href=\"https:\/\/www.tribunal-nature.org\/blog\/goto\/https:\/\/www.youtube.com\/watch?v=XgDPZWwVaW4\" >Cliquer ici<\/a>\n<\/p>\n<p>\n#Bidonville #Gennevilliers #Mars #Algerie #Emigres\n<\/p>\n<p>\n<u>Retranscription des paroles de la vid\u00e9o:<\/u> Non disponible.<br \/>\n.\n<\/p>\n<p>\n<img decoding=\"async\" src=\"https:\/\/www.tribunal-nature.org\/blog\/wp-content\/uploads\/2026\/04\/hqdefault-1.jpg\" alt=\"Image Youtube\">\n<\/p>\n<p>\n<u>D\u00e9roulement de la vid\u00e9o:<\/u>\n<\/p>\n<p>\nIndisponible.<br \/>\n.<\/p>\n<\/div>\n","protected":false},"excerpt":{"rendered":"<p>Le long-m\u00e9trage sur \u00abGennevilliers\u00bb est disponible en streaming sur Youtube. Une analyse sign\u00e9e Mohamed Blas autour de \u00ab\u00a0Gennevilliers\u00a0\u00bb. Retrouvez cette&#8230;<\/p>\n","protected":false},"author":3,"featured_media":1646,"comment_status":"closed","ping_status":"closed","sticky":false,"template":"","format":"standard","meta":{"footnotes":""},"categories":[2],"tags":[],"class_list":["post-1645","post","type-post","status-publish","format-standard","has-post-thumbnail","hentry","category-droit-de-lenvironnement","wpcat-2-id"],"yoast_head":"<!-- This site is optimized with the Yoast SEO plugin v27.5 - https:\/\/yoast.com\/product\/yoast-seo-wordpress\/ -->\n<title>Gennevilliers,Bidonville de Gennevilliers Mars 1960 Algerie Emigres - TRIBUNAL-NATURE<\/title>\n<meta name=\"description\" content=\"Gennevilliers,Bidonville de Gennevilliers Mars 1960 Algerie Emigres article de TRIBUNAL-NATURE\" \/>\n<meta name=\"robots\" content=\"index, follow, max-snippet:-1, max-image-preview:large, max-video-preview:-1\" \/>\n<link rel=\"canonical\" href=\"https:\/\/www.tribunal-nature.org\/blog\/gennevilliersbidonville-de-gennevilliers-mars-1960-algerie-emigres\/\" \/>\n<meta property=\"og:locale\" content=\"fr_FR\" \/>\n<meta property=\"og:type\" content=\"article\" \/>\n<meta property=\"og:title\" content=\"Gennevilliers,Bidonville de Gennevilliers Mars 1960 Algerie Emigres - TRIBUNAL-NATURE\" \/>\n<meta property=\"og:description\" content=\"Gennevilliers,Bidonville de Gennevilliers Mars 1960 Algerie Emigres article de TRIBUNAL-NATURE\" \/>\n<meta property=\"og:url\" content=\"https:\/\/www.tribunal-nature.org\/blog\/gennevilliersbidonville-de-gennevilliers-mars-1960-algerie-emigres\/\" \/>\n<meta property=\"og:site_name\" content=\"TRIBUNAL-NATURE\" \/>\n<meta property=\"article:published_time\" content=\"2026-04-02T10:13:17+00:00\" \/>\n<meta property=\"og:image\" content=\"https:\/\/www.tribunal-nature.org\/blog\/wp-content\/uploads\/2026\/04\/GennevilliersBidonville-de-Gennevilliers-Mars-1960-Algerie-Emigres.jpg\" \/>\n<meta name=\"author\" content=\"Isabelle LOUBEAU\" \/>\n<meta name=\"twitter:card\" content=\"summary_large_image\" \/>\n<meta name=\"twitter:label1\" content=\"\u00c9crit par\" \/>\n\t<meta name=\"twitter:data1\" content=\"Isabelle LOUBEAU\" \/>\n\t<meta name=\"twitter:label2\" content=\"Dur\u00e9e de lecture estim\u00e9e\" \/>\n\t<meta name=\"twitter:data2\" content=\"8 minutes\" \/>\n<script type=\"application\/ld+json\" class=\"yoast-schema-graph\">{\"@context\":\"https:\\\/\\\/schema.org\",\"@graph\":[{\"@type\":\"Article\",\"@id\":\"https:\\\/\\\/www.tribunal-nature.org\\\/blog\\\/gennevilliersbidonville-de-gennevilliers-mars-1960-algerie-emigres\\\/#article\",\"isPartOf\":{\"@id\":\"https:\\\/\\\/www.tribunal-nature.org\\\/blog\\\/gennevilliersbidonville-de-gennevilliers-mars-1960-algerie-emigres\\\/\"},\"author\":{\"name\":\"Isabelle LOUBEAU\",\"@id\":\"https:\\\/\\\/www.tribunal-nature.org\\\/blog\\\/#\\\/schema\\\/person\\\/55761caf7544da6b05b60523f2a0855f\"},\"headline\":\"Gennevilliers,Bidonville de Gennevilliers Mars 1960 Algerie Emigres\",\"datePublished\":\"2026-04-02T10:13:17+00:00\",\"mainEntityOfPage\":{\"@id\":\"https:\\\/\\\/www.tribunal-nature.org\\\/blog\\\/gennevilliersbidonville-de-gennevilliers-mars-1960-algerie-emigres\\\/\"},\"wordCount\":1520,\"publisher\":{\"@id\":\"https:\\\/\\\/www.tribunal-nature.org\\\/blog\\\/#organization\"},\"image\":{\"@id\":\"https:\\\/\\\/www.tribunal-nature.org\\\/blog\\\/gennevilliersbidonville-de-gennevilliers-mars-1960-algerie-emigres\\\/#primaryimage\"},\"thumbnailUrl\":\"https:\\\/\\\/www.tribunal-nature.org\\\/blog\\\/wp-content\\\/uploads\\\/2026\\\/04\\\/GennevilliersBidonville-de-Gennevilliers-Mars-1960-Algerie-Emigres.jpg\",\"articleSection\":[\"Droit De L'Environnement:\"],\"inLanguage\":\"fr-FR\"},{\"@type\":\"WebPage\",\"@id\":\"https:\\\/\\\/www.tribunal-nature.org\\\/blog\\\/gennevilliersbidonville-de-gennevilliers-mars-1960-algerie-emigres\\\/\",\"url\":\"https:\\\/\\\/www.tribunal-nature.org\\\/blog\\\/gennevilliersbidonville-de-gennevilliers-mars-1960-algerie-emigres\\\/\",\"name\":\"Gennevilliers,Bidonville de Gennevilliers Mars 1960 Algerie Emigres - TRIBUNAL-NATURE\",\"isPartOf\":{\"@id\":\"https:\\\/\\\/www.tribunal-nature.org\\\/blog\\\/#website\"},\"primaryImageOfPage\":{\"@id\":\"https:\\\/\\\/www.tribunal-nature.org\\\/blog\\\/gennevilliersbidonville-de-gennevilliers-mars-1960-algerie-emigres\\\/#primaryimage\"},\"image\":{\"@id\":\"https:\\\/\\\/www.tribunal-nature.org\\\/blog\\\/gennevilliersbidonville-de-gennevilliers-mars-1960-algerie-emigres\\\/#primaryimage\"},\"thumbnailUrl\":\"https:\\\/\\\/www.tribunal-nature.org\\\/blog\\\/wp-content\\\/uploads\\\/2026\\\/04\\\/GennevilliersBidonville-de-Gennevilliers-Mars-1960-Algerie-Emigres.jpg\",\"datePublished\":\"2026-04-02T10:13:17+00:00\",\"description\":\"Gennevilliers,Bidonville de Gennevilliers Mars 1960 Algerie Emigres article de TRIBUNAL-NATURE\",\"breadcrumb\":{\"@id\":\"https:\\\/\\\/www.tribunal-nature.org\\\/blog\\\/gennevilliersbidonville-de-gennevilliers-mars-1960-algerie-emigres\\\/#breadcrumb\"},\"inLanguage\":\"fr-FR\",\"potentialAction\":[{\"@type\":\"ReadAction\",\"target\":[\"https:\\\/\\\/www.tribunal-nature.org\\\/blog\\\/gennevilliersbidonville-de-gennevilliers-mars-1960-algerie-emigres\\\/\"]}]},{\"@type\":\"ImageObject\",\"inLanguage\":\"fr-FR\",\"@id\":\"https:\\\/\\\/www.tribunal-nature.org\\\/blog\\\/gennevilliersbidonville-de-gennevilliers-mars-1960-algerie-emigres\\\/#primaryimage\",\"url\":\"https:\\\/\\\/www.tribunal-nature.org\\\/blog\\\/wp-content\\\/uploads\\\/2026\\\/04\\\/GennevilliersBidonville-de-Gennevilliers-Mars-1960-Algerie-Emigres.jpg\",\"contentUrl\":\"https:\\\/\\\/www.tribunal-nature.org\\\/blog\\\/wp-content\\\/uploads\\\/2026\\\/04\\\/GennevilliersBidonville-de-Gennevilliers-Mars-1960-Algerie-Emigres.jpg\",\"width\":480,\"height\":360,\"caption\":\"GennevilliersBidonville de Gennevilliers Mars 1960 Algerie Emigres\"},{\"@type\":\"BreadcrumbList\",\"@id\":\"https:\\\/\\\/www.tribunal-nature.org\\\/blog\\\/gennevilliersbidonville-de-gennevilliers-mars-1960-algerie-emigres\\\/#breadcrumb\",\"itemListElement\":[{\"@type\":\"ListItem\",\"position\":1,\"name\":\"Accueil\",\"item\":\"https:\\\/\\\/www.tribunal-nature.org\\\/blog\\\/\"},{\"@type\":\"ListItem\",\"position\":2,\"name\":\"Gennevilliers,Bidonville de Gennevilliers Mars 1960 Algerie Emigres\"}]},{\"@type\":\"WebSite\",\"@id\":\"https:\\\/\\\/www.tribunal-nature.org\\\/blog\\\/#website\",\"url\":\"https:\\\/\\\/www.tribunal-nature.org\\\/blog\\\/\",\"name\":\"TRIBUNAL-NATURE\",\"description\":\"Droit De L&#039;Environnement.\",\"publisher\":{\"@id\":\"https:\\\/\\\/www.tribunal-nature.org\\\/blog\\\/#organization\"},\"potentialAction\":[{\"@type\":\"SearchAction\",\"target\":{\"@type\":\"EntryPoint\",\"urlTemplate\":\"https:\\\/\\\/www.tribunal-nature.org\\\/blog\\\/?s={search_term_string}\"},\"query-input\":{\"@type\":\"PropertyValueSpecification\",\"valueRequired\":true,\"valueName\":\"search_term_string\"}}],\"inLanguage\":\"fr-FR\"},{\"@type\":\"Organization\",\"@id\":\"https:\\\/\\\/www.tribunal-nature.org\\\/blog\\\/#organization\",\"name\":\"tribunal-nature\",\"url\":\"https:\\\/\\\/www.tribunal-nature.org\\\/blog\\\/\",\"logo\":{\"@type\":\"ImageObject\",\"inLanguage\":\"fr-FR\",\"@id\":\"https:\\\/\\\/www.tribunal-nature.org\\\/blog\\\/#\\\/schema\\\/logo\\\/image\\\/\",\"url\":\"https:\\\/\\\/www.tribunal-nature.org\\\/blog\\\/wp-content\\\/uploads\\\/2022\\\/05\\\/logo-2.png\",\"contentUrl\":\"https:\\\/\\\/www.tribunal-nature.org\\\/blog\\\/wp-content\\\/uploads\\\/2022\\\/05\\\/logo-2.png\",\"width\":180,\"height\":180,\"caption\":\"tribunal-nature\"},\"image\":{\"@id\":\"https:\\\/\\\/www.tribunal-nature.org\\\/blog\\\/#\\\/schema\\\/logo\\\/image\\\/\"}},{\"@type\":\"Person\",\"@id\":\"https:\\\/\\\/www.tribunal-nature.org\\\/blog\\\/#\\\/schema\\\/person\\\/55761caf7544da6b05b60523f2a0855f\",\"name\":\"Isabelle LOUBEAU\",\"image\":{\"@type\":\"ImageObject\",\"inLanguage\":\"fr-FR\",\"@id\":\"https:\\\/\\\/secure.gravatar.com\\\/avatar\\\/b6912620aca78633bf5d50400888815d3b38a1118e82b94050843f411f3f5972?s=96&d=mm&r=g\",\"url\":\"https:\\\/\\\/secure.gravatar.com\\\/avatar\\\/b6912620aca78633bf5d50400888815d3b38a1118e82b94050843f411f3f5972?s=96&d=mm&r=g\",\"contentUrl\":\"https:\\\/\\\/secure.gravatar.com\\\/avatar\\\/b6912620aca78633bf5d50400888815d3b38a1118e82b94050843f411f3f5972?s=96&d=mm&r=g\",\"caption\":\"Isabelle LOUBEAU\"},\"url\":\"https:\\\/\\\/www.tribunal-nature.org\\\/blog\\\/author\\\/ureisabelle\\\/\"}]}<\/script>\n<!-- \/ Yoast SEO plugin. -->","yoast_head_json":{"title":"Gennevilliers,Bidonville de Gennevilliers Mars 1960 Algerie Emigres - TRIBUNAL-NATURE","description":"Gennevilliers,Bidonville de Gennevilliers Mars 1960 Algerie Emigres article de TRIBUNAL-NATURE","robots":{"index":"index","follow":"follow","max-snippet":"max-snippet:-1","max-image-preview":"max-image-preview:large","max-video-preview":"max-video-preview:-1"},"canonical":"https:\/\/www.tribunal-nature.org\/blog\/gennevilliersbidonville-de-gennevilliers-mars-1960-algerie-emigres\/","og_locale":"fr_FR","og_type":"article","og_title":"Gennevilliers,Bidonville de Gennevilliers Mars 1960 Algerie Emigres - TRIBUNAL-NATURE","og_description":"Gennevilliers,Bidonville de Gennevilliers Mars 1960 Algerie Emigres article de TRIBUNAL-NATURE","og_url":"https:\/\/www.tribunal-nature.org\/blog\/gennevilliersbidonville-de-gennevilliers-mars-1960-algerie-emigres\/","og_site_name":"TRIBUNAL-NATURE","article_published_time":"2026-04-02T10:13:17+00:00","og_image":[{"url":"https:\/\/www.tribunal-nature.org\/blog\/wp-content\/uploads\/2026\/04\/GennevilliersBidonville-de-Gennevilliers-Mars-1960-Algerie-Emigres.jpg","type":"","width":"","height":""}],"author":"Isabelle LOUBEAU","twitter_card":"summary_large_image","twitter_misc":{"\u00c9crit par":"Isabelle LOUBEAU","Dur\u00e9e de lecture estim\u00e9e":"8 minutes"},"schema":{"@context":"https:\/\/schema.org","@graph":[{"@type":"Article","@id":"https:\/\/www.tribunal-nature.org\/blog\/gennevilliersbidonville-de-gennevilliers-mars-1960-algerie-emigres\/#article","isPartOf":{"@id":"https:\/\/www.tribunal-nature.org\/blog\/gennevilliersbidonville-de-gennevilliers-mars-1960-algerie-emigres\/"},"author":{"name":"Isabelle LOUBEAU","@id":"https:\/\/www.tribunal-nature.org\/blog\/#\/schema\/person\/55761caf7544da6b05b60523f2a0855f"},"headline":"Gennevilliers,Bidonville de Gennevilliers Mars 1960 Algerie Emigres","datePublished":"2026-04-02T10:13:17+00:00","mainEntityOfPage":{"@id":"https:\/\/www.tribunal-nature.org\/blog\/gennevilliersbidonville-de-gennevilliers-mars-1960-algerie-emigres\/"},"wordCount":1520,"publisher":{"@id":"https:\/\/www.tribunal-nature.org\/blog\/#organization"},"image":{"@id":"https:\/\/www.tribunal-nature.org\/blog\/gennevilliersbidonville-de-gennevilliers-mars-1960-algerie-emigres\/#primaryimage"},"thumbnailUrl":"https:\/\/www.tribunal-nature.org\/blog\/wp-content\/uploads\/2026\/04\/GennevilliersBidonville-de-Gennevilliers-Mars-1960-Algerie-Emigres.jpg","articleSection":["Droit De L'Environnement:"],"inLanguage":"fr-FR"},{"@type":"WebPage","@id":"https:\/\/www.tribunal-nature.org\/blog\/gennevilliersbidonville-de-gennevilliers-mars-1960-algerie-emigres\/","url":"https:\/\/www.tribunal-nature.org\/blog\/gennevilliersbidonville-de-gennevilliers-mars-1960-algerie-emigres\/","name":"Gennevilliers,Bidonville de Gennevilliers Mars 1960 Algerie Emigres - TRIBUNAL-NATURE","isPartOf":{"@id":"https:\/\/www.tribunal-nature.org\/blog\/#website"},"primaryImageOfPage":{"@id":"https:\/\/www.tribunal-nature.org\/blog\/gennevilliersbidonville-de-gennevilliers-mars-1960-algerie-emigres\/#primaryimage"},"image":{"@id":"https:\/\/www.tribunal-nature.org\/blog\/gennevilliersbidonville-de-gennevilliers-mars-1960-algerie-emigres\/#primaryimage"},"thumbnailUrl":"https:\/\/www.tribunal-nature.org\/blog\/wp-content\/uploads\/2026\/04\/GennevilliersBidonville-de-Gennevilliers-Mars-1960-Algerie-Emigres.jpg","datePublished":"2026-04-02T10:13:17+00:00","description":"Gennevilliers,Bidonville de Gennevilliers Mars 1960 Algerie Emigres article de TRIBUNAL-NATURE","breadcrumb":{"@id":"https:\/\/www.tribunal-nature.org\/blog\/gennevilliersbidonville-de-gennevilliers-mars-1960-algerie-emigres\/#breadcrumb"},"inLanguage":"fr-FR","potentialAction":[{"@type":"ReadAction","target":["https:\/\/www.tribunal-nature.org\/blog\/gennevilliersbidonville-de-gennevilliers-mars-1960-algerie-emigres\/"]}]},{"@type":"ImageObject","inLanguage":"fr-FR","@id":"https:\/\/www.tribunal-nature.org\/blog\/gennevilliersbidonville-de-gennevilliers-mars-1960-algerie-emigres\/#primaryimage","url":"https:\/\/www.tribunal-nature.org\/blog\/wp-content\/uploads\/2026\/04\/GennevilliersBidonville-de-Gennevilliers-Mars-1960-Algerie-Emigres.jpg","contentUrl":"https:\/\/www.tribunal-nature.org\/blog\/wp-content\/uploads\/2026\/04\/GennevilliersBidonville-de-Gennevilliers-Mars-1960-Algerie-Emigres.jpg","width":480,"height":360,"caption":"GennevilliersBidonville de Gennevilliers Mars 1960 Algerie Emigres"},{"@type":"BreadcrumbList","@id":"https:\/\/www.tribunal-nature.org\/blog\/gennevilliersbidonville-de-gennevilliers-mars-1960-algerie-emigres\/#breadcrumb","itemListElement":[{"@type":"ListItem","position":1,"name":"Accueil","item":"https:\/\/www.tribunal-nature.org\/blog\/"},{"@type":"ListItem","position":2,"name":"Gennevilliers,Bidonville de Gennevilliers Mars 1960 Algerie Emigres"}]},{"@type":"WebSite","@id":"https:\/\/www.tribunal-nature.org\/blog\/#website","url":"https:\/\/www.tribunal-nature.org\/blog\/","name":"TRIBUNAL-NATURE","description":"Droit De L&#039;Environnement.","publisher":{"@id":"https:\/\/www.tribunal-nature.org\/blog\/#organization"},"potentialAction":[{"@type":"SearchAction","target":{"@type":"EntryPoint","urlTemplate":"https:\/\/www.tribunal-nature.org\/blog\/?s={search_term_string}"},"query-input":{"@type":"PropertyValueSpecification","valueRequired":true,"valueName":"search_term_string"}}],"inLanguage":"fr-FR"},{"@type":"Organization","@id":"https:\/\/www.tribunal-nature.org\/blog\/#organization","name":"tribunal-nature","url":"https:\/\/www.tribunal-nature.org\/blog\/","logo":{"@type":"ImageObject","inLanguage":"fr-FR","@id":"https:\/\/www.tribunal-nature.org\/blog\/#\/schema\/logo\/image\/","url":"https:\/\/www.tribunal-nature.org\/blog\/wp-content\/uploads\/2022\/05\/logo-2.png","contentUrl":"https:\/\/www.tribunal-nature.org\/blog\/wp-content\/uploads\/2022\/05\/logo-2.png","width":180,"height":180,"caption":"tribunal-nature"},"image":{"@id":"https:\/\/www.tribunal-nature.org\/blog\/#\/schema\/logo\/image\/"}},{"@type":"Person","@id":"https:\/\/www.tribunal-nature.org\/blog\/#\/schema\/person\/55761caf7544da6b05b60523f2a0855f","name":"Isabelle LOUBEAU","image":{"@type":"ImageObject","inLanguage":"fr-FR","@id":"https:\/\/secure.gravatar.com\/avatar\/b6912620aca78633bf5d50400888815d3b38a1118e82b94050843f411f3f5972?s=96&d=mm&r=g","url":"https:\/\/secure.gravatar.com\/avatar\/b6912620aca78633bf5d50400888815d3b38a1118e82b94050843f411f3f5972?s=96&d=mm&r=g","contentUrl":"https:\/\/secure.gravatar.com\/avatar\/b6912620aca78633bf5d50400888815d3b38a1118e82b94050843f411f3f5972?s=96&d=mm&r=g","caption":"Isabelle LOUBEAU"},"url":"https:\/\/www.tribunal-nature.org\/blog\/author\/ureisabelle\/"}]}},"_links":{"self":[{"href":"https:\/\/www.tribunal-nature.org\/blog\/wp-json\/wp\/v2\/posts\/1645","targetHints":{"allow":["GET"]}}],"collection":[{"href":"https:\/\/www.tribunal-nature.org\/blog\/wp-json\/wp\/v2\/posts"}],"about":[{"href":"https:\/\/www.tribunal-nature.org\/blog\/wp-json\/wp\/v2\/types\/post"}],"author":[{"embeddable":true,"href":"https:\/\/www.tribunal-nature.org\/blog\/wp-json\/wp\/v2\/users\/3"}],"replies":[{"embeddable":true,"href":"https:\/\/www.tribunal-nature.org\/blog\/wp-json\/wp\/v2\/comments?post=1645"}],"version-history":[{"count":0,"href":"https:\/\/www.tribunal-nature.org\/blog\/wp-json\/wp\/v2\/posts\/1645\/revisions"}],"wp:featuredmedia":[{"embeddable":true,"href":"https:\/\/www.tribunal-nature.org\/blog\/wp-json\/wp\/v2\/media\/1646"}],"wp:attachment":[{"href":"https:\/\/www.tribunal-nature.org\/blog\/wp-json\/wp\/v2\/media?parent=1645"}],"wp:term":[{"taxonomy":"category","embeddable":true,"href":"https:\/\/www.tribunal-nature.org\/blog\/wp-json\/wp\/v2\/categories?post=1645"},{"taxonomy":"post_tag","embeddable":true,"href":"https:\/\/www.tribunal-nature.org\/blog\/wp-json\/wp\/v2\/tags?post=1645"}],"curies":[{"name":"wp","href":"https:\/\/api.w.org\/{rel}","templated":true}]}}