{"id":1639,"date":"2026-03-27T21:02:01","date_gmt":"2026-03-27T20:02:01","guid":{"rendered":"https:\/\/www.tribunal-nature.org\/blog\/avocat-allemans-du-dropt-didier-carregues-succede-a-emilien-roso-a-la-mairie\/"},"modified":"2026-03-27T21:02:01","modified_gmt":"2026-03-27T20:02:01","slug":"avocat-allemans-du-dropt-didier-carregues-succede-a-emilien-roso-a-la-mairie","status":"publish","type":"post","link":"https:\/\/www.tribunal-nature.org\/blog\/avocat-allemans-du-dropt-didier-carregues-succede-a-emilien-roso-a-la-mairie\/","title":{"rendered":"Avocat; Allemans-du-Dropt : Didier Carr\u00e8gues succ\u00e8de \u00e0 \u00c9milien Roso \u00e0 la mairie"},"content":{"rendered":"<div>\n<p>\nLe titre \u00ab\u00a0Allemans-du-Dropt : Didier Carr\u00e8gues succ\u00e8de \u00e0 \u00c9milien Roso \u00e0 la mairie\u00a0\u00bb correspond \u00e0 un article qui vient d\u2019\u00eatre mis en ligne. <\/p>\n<p>L\u2019ancien premier adjoint a \u00e9t\u00e9 officiellement \u00e9lu maire. Le nouveau Conseil municipal a d\u00e9j\u00e0 fix\u00e9 ses priorit\u00e9s, entre urbanisme et am\u00e9nagement du cabinet m\u00e9dical \u2026<\/p>\n<h2>Informations essentielles pour les personnes cherchant un avocat en droit p\u00e9nal<\/h2>\n<h3>Quelles sont les modalit\u00e9s d\u2019une consultation en ligne avec un avocat ?<\/h3>\n<p>En g\u00e9n\u00e9ral, une consultation en ligne se d\u00e9roule selon un format organis\u00e9 pour garantir son efficacit\u00e9. Pour commencer, vous proc\u00e9dez \u00e0 la prise de rendez-vous, en choisissant un cr\u00e9neau horaire qui vous arrange le plus. Au cours de la consultation, vous utilisez une plateforme de visioconf\u00e9rence ou le t\u00e9l\u00e9phone pour discuter de votre situation avec l\u2019avocat. Lors de la consultation, vous vous connectez \u00e0 une plateforme de visioconf\u00e9rence ou par t\u00e9l\u00e9phone pour \u00e9changer sur votre situation avec l\u2019avocat. Pour terminer, un suivi est mis en place, au cours duquel l\u2019avocat vous donnera des conseils et des recommandations sur les \u00e9tapes \u00e0 venir, vous aidant \u00e0 progresser dans votre d\u00e9marche en toute confiance.<\/p>\n<h3>Pourquoi envisager une consultation en ligne avec un avocat en droit p\u00e9nal ?<\/h3>\n<p>Faire appel \u00e0 un avocat en droit p\u00e9nal en ligne permet d\u2019obtenir des conseils juridiques rapidement et sans se d\u00e9placer. Ceci est d\u2019une grande aide pour les personnes ayant des horaires charg\u00e9s ou habitant dans des zones \u00e9loign\u00e9es. Les consultations en ligne offrent la chance de poser des questions cibl\u00e9es et de recevoir des r\u00e9ponses adapt\u00e9es \u00e0 vos besoins.<\/p>\n<p><strong>A lire sur un objet identique:<\/strong><\/p>\n<p>Droit fiscal\/Le r\u00e9gime communautaire des soci\u00e9t\u00e9s m\u00e8res,<a target=\"_blank\" rel=\"nofollow\" href=\"https:\/\/www.tribunal-nature.org\/blog\/goto\/https:\/\/fr.wikibooks.org\/wiki\/Droit_fiscal\/Le_r%C3%A9gime_communautaire_des_soci%C3%A9t%C3%A9s_m%C3%A8res\"  rel=\"noopener noreferrer nofollow\" target=\"_blank\">Le livre <\/a><span><\/span>.La Justice pour les Nuls, 3e,<a target=\"_blank\" rel=\"nofollow\" href=\"https:\/\/www.tribunal-nature.org\/blog\/goto\/https:\/\/www.kobo.com\/fr\/fr\/ebook\/la-justice-pour-les-nuls-3e\"  rel=\"noopener noreferrer nofollow\" target=\"_blank\">(la couverture) <\/a><span><\/span>.Paris en l\u2019an 2000\/Justice,<a target=\"_blank\" rel=\"nofollow\" href=\"https:\/\/www.tribunal-nature.org\/blog\/goto\/https:\/\/fr.wikisource.org\/wiki\/Paris_en_l%E2%80%99an_2000\/Justice\"  rel=\"noopener noreferrer nofollow\" target=\"_blank\">Le livre <\/a><span><\/span>. Disponible dans toutes les bonnes librairies.<\/p>\n<\/p>\n<p><strong>R\u00e9pertoire des avocats en ligne :<\/strong><\/p>\n<table border=\"2\" cellpadding=\"6\" cellspacing=\"0\">\n<thead>\n<tr>\n<th>Identification du service\n<\/th>\n<th>Processus op\u00e9rationnel\n<\/th>\n<th>Co\u00fbt des services\n<\/th>\n<th>Caract\u00e9ristiques positives\n<\/th>\n<th>Inconv\u00e9nients\n<\/th>\n<\/tr>\n<\/thead>\n<tbody>\n<tr>\n<td>CASTJ\n<\/td>\n<td>Service \u00e0 co\u00fbt nul \u2014 soutien humain et IA pour une premi\u00e8re orientation l\u00e9gale\n<\/td>\n<td>Sans frais\n<\/td>\n<td>Orientation imm\u00e9diate, interaction IA et avocat\n<\/td>\n<td>Service en pleine progression offrant un soutien approfondi dans le parcours l\u00e9gal\n<\/td>\n<\/tr>\n<tr>\n<td>Juri-Legal\n<\/td>\n<td>Rencontre avec un avocat (t\u00e9l\u00e9phone, chat, visioconf\u00e9rence) \u2014 tarif \u00e0 la minute\n<\/td>\n<td>Montant ajust\u00e9 selon l\u2019avocat (tarif \u00e0 la minute)\n<\/td>\n<td>Flexibilit\u00e9 : option de s\u00e9lection de l\u2019avocat, co\u00fbt calcul\u00e9 sur le temps effectivement pass\u00e9\n<\/td>\n<td>Plateforme en baisse : peu d\u2019avocats disponibles en ligne, options restantes surtout illustratives\n<\/td>\n<\/tr>\n<tr>\n<td>Juste un Renseignement\n<\/td>\n<td>Juriste ind\u00e9pendant \u2014 aide rapide en ligne\n<\/td>\n<td>Forfait d\u00e9couverte \u00e0 30 \u20ac ; ensuite 20 \u20ac pour 15 minutes ou 120 \u20ac de l\u2019heure selon la prestation choisie\n<\/td>\n<td>Parfait pour un conseil rapide et facilement accessible\n<\/td>\n<td>Orientation restreinte pour les affaires complexes\n<\/td>\n<\/tr>\n<tr>\n<td>VotreJuriste\n<\/td>\n<td>Plateforme de prospection commerciale \u2014 prise de rendez-vous en ligne avec assistance back office\n<\/td>\n<td>75 \u20ac TTC (consultation par t\u00e9l\u00e9phone programm\u00e9e)\n<\/td>\n<td>Prix annonc\u00e9, r\u00e9servation en ligne\n<\/td>\n<td>Structure floue : back office unique, informations d\u2019adresse et d\u2019organisation peu pr\u00e9cises\n<\/td>\n<\/tr>\n<tr>\n<td>Avocats-en-ligne\n<\/td>\n<td>Demande de rendez-vous avec un avocat (r\u00e9ponse en ligne non instantan\u00e9e)\n<\/td>\n<td>Tarif d\u2019appel : 39 \u20ac TTC pour une consultation d\u2019environ 20 minutes\n<\/td>\n<td>Tarif d\u2019appel sans ambigu\u00eft\u00e9, large \u00e9ventail de domaines couverts\n<\/td>\n<td>Pas de r\u00e9ponse imm\u00e9diate sur le site \u2014 n\u00e9cessit\u00e9 de fixer un rendez-vous\n<\/td>\n<\/tr>\n<tr>\n<td>Juriclic.net\n<\/td>\n<td>R\u00e9servation de consultations avec juristes\/avocats, plusieurs formules propos\u00e9es\n<\/td>\n<td>Options tarifaires : 25 \u20ac, 30 \u20ac ou 45 \u20ac selon la prestation choisie\n<\/td>\n<td>Prix accessibles et formules multiples\n<\/td>\n<td>R\u00e9ponse en ligne non instantan\u00e9e \u2014 consultations sur rendez-vous uniquement<\/td>\n<\/tr>\n<\/tbody>\n<\/table>\n<h3>Quels avantages une consultation en ligne a-t-elle par rapport \u00e0 une consultation en personne ?<\/h3>\n<p>Les avantages de la consultation en ligne sont nombreux et dignes d\u2019int\u00e9r\u00eat. En premier lieu, elle offre une meilleure accessibilit\u00e9, car il n\u2019est pas n\u00e9cessaire de se d\u00e9placer, ce qui est particuli\u00e8rement avantageux pour les personnes ayant des horaires charg\u00e9s ou vivant loin des cabinets d\u2019avocats. De plus, la flexibilit\u00e9 est un autre point fort, vous offrant la possibilit\u00e9 de choisir des horaires qui correspondent mieux \u00e0 votre emploi du temps, rendant le processus plus adapt\u00e9 \u00e0 vos exigences. Le confort est un \u00e9l\u00e9ment fondamental, car il vous permet d\u2019aborder vos questions juridiques dans un cadre familier et apaisant, ce qui peut diminuer le stress et encourager une communication claire et productive avec votre avocat.<\/p>\n<h3>Quelles sont les fa\u00e7ons de poser des questions \u00e0 un avocat sur le web ?<\/h3>\n<p>Vous pouvez poser des questions \u00e0 travers des plateformes de consultation juridique en ligne, par e-mail, ou lors de votre entretien. Prenez le temps de formuler vos questions avec soin pour garantir des r\u00e9ponses compr\u00e9hensibles.<\/p>\n<\/p>\n<h3>Que faire si je ne suis pas en mesure de saisir les implications juridiques de ma situation ?<\/h3>\n<p>\u00c9prouver un sentiment de perte face \u00e0 des probl\u00e9matiques juridiques compliqu\u00e9es est tout \u00e0 fait normal. N\u2019ayez pas peur de poser des interrogations pendant votre rendez-vous. Un bon avocat veillera \u00e0 vous exposer les cons\u00e9quences de votre situation de mani\u00e8re limpide et facile \u00e0 comprendre.<\/p>\n<h3>Quels \u00e9l\u00e9ments prendre en compte pour choisir un avocat en droit p\u00e9nal ?<\/h3>\n<p>Un service est mis en place pour rechercher et d\u00e9nicher un avocat. Il s\u2019agit de rep\u00e9rer un avocat dont l\u2019exp\u00e9rience et le profil sont en ad\u00e9quation avec votre cas. <a target=\"_blank\" rel=\"nofollow\" href=\"https:\/\/www.tribunal-nature.org\/blog\/goto\/https:\/\/www.courtier-avocat-strategie-tribunal-judiciaire.fr\/avocat-penal\/\"  rel=\"noopener noreferrer\" target=\"blank\">Ce service de recherche d\u2019avocat vous permet de d\u00e9nicher l\u2019avocat parfait pour vos besoins, ayant d\u00e9j\u00e0 g\u00e9r\u00e9 des cas similaires \u00e0 votre situation.<\/a><\/p>\n<p>Pour opter pour un avocat en droit p\u00e9nal, il est n\u00e9cessaire de suivre quelques \u00e9tapes essentielles. D\u2019abord, il est important de v\u00e9rifier les comp\u00e9tences de l\u2019avocat en vous assurant qu\u2019il a une exp\u00e9rience solide dans le domaine de le droit p\u00e9nal et qu\u2019il est affili\u00e9 \u00e0 un cabinet reconnu, ce qui renforce sa fiabilit\u00e9. Ensuite, examinez les avis en cherchant des t\u00e9moignages de clients ant\u00e9rieurs pour \u00e9valuer la qualit\u00e9 du service et le niveau de satisfaction. Il est \u00e9galement recommand\u00e9 de rencontrer plusieurs avocats en planifiant des consultations pour discuter de votre projet, ce qui vous aidera \u00e0 \u00e9valuer la compr\u00e9hension et l\u2019approche de chacun. Enfin, n\u2019oubliez pas d\u2019aborder la question des honoraires en vous renseignant sur les tarifs et les modalit\u00e9s de paiement, car certains avocats peuvent proposer des consultations gratuites pour \u00e9valuer votre situation, ce qui peut \u00eatre un bon d\u00e9but.<\/p>\n<h3>Quelles alternatives de consultation gratuite existe-t-il ?<\/h3>\n<p>Un grand nombre d\u2019avocats mettent \u00e0 disposition des consultations gratuites pour examiner votre situation de d\u00e9part. Cela vous permet de v\u00e9rifier si l\u2019avocat convient \u00e0 votre situation sans frais. Consultez les sites en ligne qui facilitent ces consultations.<\/p>\n<\/p>\n<h3>Comment opter pour un avocat en droit p\u00e9nal qui vous convient ?<\/h3>\n<p>Pour s\u00e9lectionner un avocat comp\u00e9tent en droit p\u00e9nal, il est important de suivre certaines \u00e9tapes essentielles. Dans un premier temps, v\u00e9rifiez les qualifications de l\u2019avocat pour vous assurer qu\u2019il a des sp\u00e9cialisations et une exp\u00e9rience consid\u00e9rable dans le domaine de le droit p\u00e9nal. Cela vous permettra de vous assurer qu\u2019il est bien au fait des lois et r\u00e8glements actuels. Ensuite, informez-vous sur les honoraires en examinant les tarifs et les modalit\u00e9s de paiement, car certains avocats offrent des consultations gratuites, ce qui peut constituer un avantage. En dernier lieu, v\u00e9rifiez les avis des clients pour juger de la qualit\u00e9 du service, en prenant en compte les t\u00e9moignages et les \u00e9valuations d\u2019anciens clients pour avoir une id\u00e9e claire de la r\u00e9putation de l\u2019avocat.<\/p>\n<h3>Sur quels aspects peut-on se fonder pour \u00e9valuer un avocat en droit p\u00e9nal ?<\/h3>\n<p>Un avocat en droit p\u00e9nal couvre une vari\u00e9t\u00e9 de domaines :<\/p>\n<ul>\n<li>Assistance dans des affaires de meurtre ou d\u2019homicide ;\n<\/li>\n<li>D\u00e9fense dans des affaires de violence domestique ;\n<\/li>\n<li>Assistance dans des affaires de harc\u00e8lement ;\n<\/li>\n<li>Conseil sur les droits des pr\u00e9venus ;\n<\/li>\n<li>D\u00e9fense dans des affaires de menaces.<\/li>\n<\/ul>\n<p>On ne peut jamais garantir la satisfaction avec un avocat, mais voici les \u00e9l\u00e9ments cruciaux \u00e0 \u00e9valuer pour r\u00e9duire les risques. Tout d\u2019abord, examinez les comp\u00e9tences de l\u2019avocat en vous assurant qu\u2019il a une exp\u00e9rience significative dans le domaine de le droit p\u00e9nal et qu\u2019il fait partie d\u2019un cabinet reconnu, ce qui prouve sa cr\u00e9dibilit\u00e9. Puis, v\u00e9rifiez les avis en recherchant des t\u00e9moignages de clients pr\u00e9c\u00e9dents afin d\u2019\u00e9valuer la qualit\u00e9 du service et le taux de satisfaction. Il est judicieux de rencontrer divers avocats en organisant des consultations pour discuter de votre projet, ce qui vous permettra d\u2019\u00e9valuer la compr\u00e9hension et la m\u00e9thode de chaque avocat. En conclusion, il est essentiel de parler des honoraires en vous renseignant sur les tarifs et les modalit\u00e9s de paiement, car certains avocats proposent des consultations gratuites pour \u00e9valuer votre situation, ce qui peut \u00eatre un bon point de d\u00e9part.<\/p>\n<\/div>\n","protected":false},"excerpt":{"rendered":"<p>Le titre \u00ab\u00a0Allemans-du-Dropt : Didier Carr\u00e8gues succ\u00e8de \u00e0 \u00c9milien Roso \u00e0 la mairie\u00a0\u00bb correspond \u00e0 un article qui vient d\u2019\u00eatre&#8230;<\/p>\n","protected":false},"author":3,"featured_media":0,"comment_status":"closed","ping_status":"closed","sticky":false,"template":"","format":"standard","meta":{"footnotes":""},"categories":[2],"tags":[],"class_list":["post-1639","post","type-post","status-publish","format-standard","hentry","category-droit-de-lenvironnement","wpcat-2-id"],"yoast_head":"<!-- This site is optimized with the Yoast SEO plugin v27.5 - https:\/\/yoast.com\/product\/yoast-seo-wordpress\/ -->\n<title>Avocat; Allemans-du-Dropt : Didier Carr\u00e8gues succ\u00e8de \u00e0 \u00c9milien Roso \u00e0 la mairie - TRIBUNAL-NATURE<\/title>\n<meta name=\"description\" content=\"Avocat; Allemans-du-Dropt : Didier Carr\u00e8gues succ\u00e8de \u00e0 \u00c9milien Roso \u00e0 la mairie article de TRIBUNAL-NATURE\" \/>\n<meta name=\"robots\" content=\"index, follow, max-snippet:-1, max-image-preview:large, max-video-preview:-1\" \/>\n<link rel=\"canonical\" href=\"https:\/\/www.tribunal-nature.org\/blog\/avocat-allemans-du-dropt-didier-carregues-succede-a-emilien-roso-a-la-mairie\/\" \/>\n<meta property=\"og:locale\" content=\"fr_FR\" \/>\n<meta property=\"og:type\" content=\"article\" \/>\n<meta property=\"og:title\" content=\"Avocat; Allemans-du-Dropt : Didier Carr\u00e8gues succ\u00e8de \u00e0 \u00c9milien Roso \u00e0 la mairie - TRIBUNAL-NATURE\" \/>\n<meta property=\"og:description\" content=\"Avocat; Allemans-du-Dropt : Didier Carr\u00e8gues succ\u00e8de \u00e0 \u00c9milien Roso \u00e0 la mairie article de TRIBUNAL-NATURE\" \/>\n<meta property=\"og:url\" content=\"https:\/\/www.tribunal-nature.org\/blog\/avocat-allemans-du-dropt-didier-carregues-succede-a-emilien-roso-a-la-mairie\/\" \/>\n<meta property=\"og:site_name\" content=\"TRIBUNAL-NATURE\" \/>\n<meta property=\"article:published_time\" content=\"2026-03-27T20:02:01+00:00\" \/>\n<meta name=\"author\" content=\"Isabelle LOUBEAU\" \/>\n<meta name=\"twitter:card\" content=\"summary_large_image\" \/>\n<meta name=\"twitter:label1\" content=\"\u00c9crit par\" \/>\n\t<meta name=\"twitter:data1\" content=\"Isabelle LOUBEAU\" \/>\n\t<meta name=\"twitter:label2\" content=\"Dur\u00e9e de lecture estim\u00e9e\" \/>\n\t<meta name=\"twitter:data2\" content=\"8 minutes\" \/>\n<script type=\"application\/ld+json\" class=\"yoast-schema-graph\">{\"@context\":\"https:\\\/\\\/schema.org\",\"@graph\":[{\"@type\":\"Article\",\"@id\":\"https:\\\/\\\/www.tribunal-nature.org\\\/blog\\\/avocat-allemans-du-dropt-didier-carregues-succede-a-emilien-roso-a-la-mairie\\\/#article\",\"isPartOf\":{\"@id\":\"https:\\\/\\\/www.tribunal-nature.org\\\/blog\\\/avocat-allemans-du-dropt-didier-carregues-succede-a-emilien-roso-a-la-mairie\\\/\"},\"author\":{\"name\":\"Isabelle LOUBEAU\",\"@id\":\"https:\\\/\\\/www.tribunal-nature.org\\\/blog\\\/#\\\/schema\\\/person\\\/55761caf7544da6b05b60523f2a0855f\"},\"headline\":\"Avocat; Allemans-du-Dropt : Didier Carr\u00e8gues succ\u00e8de \u00e0 \u00c9milien Roso \u00e0 la mairie\",\"datePublished\":\"2026-03-27T20:02:01+00:00\",\"mainEntityOfPage\":{\"@id\":\"https:\\\/\\\/www.tribunal-nature.org\\\/blog\\\/avocat-allemans-du-dropt-didier-carregues-succede-a-emilien-roso-a-la-mairie\\\/\"},\"wordCount\":1520,\"publisher\":{\"@id\":\"https:\\\/\\\/www.tribunal-nature.org\\\/blog\\\/#organization\"},\"articleSection\":[\"Droit De L'Environnement:\"],\"inLanguage\":\"fr-FR\"},{\"@type\":\"WebPage\",\"@id\":\"https:\\\/\\\/www.tribunal-nature.org\\\/blog\\\/avocat-allemans-du-dropt-didier-carregues-succede-a-emilien-roso-a-la-mairie\\\/\",\"url\":\"https:\\\/\\\/www.tribunal-nature.org\\\/blog\\\/avocat-allemans-du-dropt-didier-carregues-succede-a-emilien-roso-a-la-mairie\\\/\",\"name\":\"Avocat; Allemans-du-Dropt : Didier Carr\u00e8gues succ\u00e8de \u00e0 \u00c9milien Roso \u00e0 la mairie - TRIBUNAL-NATURE\",\"isPartOf\":{\"@id\":\"https:\\\/\\\/www.tribunal-nature.org\\\/blog\\\/#website\"},\"datePublished\":\"2026-03-27T20:02:01+00:00\",\"description\":\"Avocat; Allemans-du-Dropt : Didier Carr\u00e8gues succ\u00e8de \u00e0 \u00c9milien Roso \u00e0 la mairie article de TRIBUNAL-NATURE\",\"breadcrumb\":{\"@id\":\"https:\\\/\\\/www.tribunal-nature.org\\\/blog\\\/avocat-allemans-du-dropt-didier-carregues-succede-a-emilien-roso-a-la-mairie\\\/#breadcrumb\"},\"inLanguage\":\"fr-FR\",\"potentialAction\":[{\"@type\":\"ReadAction\",\"target\":[\"https:\\\/\\\/www.tribunal-nature.org\\\/blog\\\/avocat-allemans-du-dropt-didier-carregues-succede-a-emilien-roso-a-la-mairie\\\/\"]}]},{\"@type\":\"BreadcrumbList\",\"@id\":\"https:\\\/\\\/www.tribunal-nature.org\\\/blog\\\/avocat-allemans-du-dropt-didier-carregues-succede-a-emilien-roso-a-la-mairie\\\/#breadcrumb\",\"itemListElement\":[{\"@type\":\"ListItem\",\"position\":1,\"name\":\"Accueil\",\"item\":\"https:\\\/\\\/www.tribunal-nature.org\\\/blog\\\/\"},{\"@type\":\"ListItem\",\"position\":2,\"name\":\"Avocat; Allemans-du-Dropt : Didier Carr\u00e8gues succ\u00e8de \u00e0 \u00c9milien Roso \u00e0 la mairie\"}]},{\"@type\":\"WebSite\",\"@id\":\"https:\\\/\\\/www.tribunal-nature.org\\\/blog\\\/#website\",\"url\":\"https:\\\/\\\/www.tribunal-nature.org\\\/blog\\\/\",\"name\":\"TRIBUNAL-NATURE\",\"description\":\"Droit De L&#039;Environnement.\",\"publisher\":{\"@id\":\"https:\\\/\\\/www.tribunal-nature.org\\\/blog\\\/#organization\"},\"potentialAction\":[{\"@type\":\"SearchAction\",\"target\":{\"@type\":\"EntryPoint\",\"urlTemplate\":\"https:\\\/\\\/www.tribunal-nature.org\\\/blog\\\/?s={search_term_string}\"},\"query-input\":{\"@type\":\"PropertyValueSpecification\",\"valueRequired\":true,\"valueName\":\"search_term_string\"}}],\"inLanguage\":\"fr-FR\"},{\"@type\":\"Organization\",\"@id\":\"https:\\\/\\\/www.tribunal-nature.org\\\/blog\\\/#organization\",\"name\":\"tribunal-nature\",\"url\":\"https:\\\/\\\/www.tribunal-nature.org\\\/blog\\\/\",\"logo\":{\"@type\":\"ImageObject\",\"inLanguage\":\"fr-FR\",\"@id\":\"https:\\\/\\\/www.tribunal-nature.org\\\/blog\\\/#\\\/schema\\\/logo\\\/image\\\/\",\"url\":\"https:\\\/\\\/www.tribunal-nature.org\\\/blog\\\/wp-content\\\/uploads\\\/2022\\\/05\\\/logo-2.png\",\"contentUrl\":\"https:\\\/\\\/www.tribunal-nature.org\\\/blog\\\/wp-content\\\/uploads\\\/2022\\\/05\\\/logo-2.png\",\"width\":180,\"height\":180,\"caption\":\"tribunal-nature\"},\"image\":{\"@id\":\"https:\\\/\\\/www.tribunal-nature.org\\\/blog\\\/#\\\/schema\\\/logo\\\/image\\\/\"}},{\"@type\":\"Person\",\"@id\":\"https:\\\/\\\/www.tribunal-nature.org\\\/blog\\\/#\\\/schema\\\/person\\\/55761caf7544da6b05b60523f2a0855f\",\"name\":\"Isabelle LOUBEAU\",\"image\":{\"@type\":\"ImageObject\",\"inLanguage\":\"fr-FR\",\"@id\":\"https:\\\/\\\/secure.gravatar.com\\\/avatar\\\/b6912620aca78633bf5d50400888815d3b38a1118e82b94050843f411f3f5972?s=96&d=mm&r=g\",\"url\":\"https:\\\/\\\/secure.gravatar.com\\\/avatar\\\/b6912620aca78633bf5d50400888815d3b38a1118e82b94050843f411f3f5972?s=96&d=mm&r=g\",\"contentUrl\":\"https:\\\/\\\/secure.gravatar.com\\\/avatar\\\/b6912620aca78633bf5d50400888815d3b38a1118e82b94050843f411f3f5972?s=96&d=mm&r=g\",\"caption\":\"Isabelle LOUBEAU\"},\"url\":\"https:\\\/\\\/www.tribunal-nature.org\\\/blog\\\/author\\\/ureisabelle\\\/\"}]}<\/script>\n<!-- \/ Yoast SEO plugin. -->","yoast_head_json":{"title":"Avocat; Allemans-du-Dropt : Didier Carr\u00e8gues succ\u00e8de \u00e0 \u00c9milien Roso \u00e0 la mairie - TRIBUNAL-NATURE","description":"Avocat; Allemans-du-Dropt : Didier Carr\u00e8gues succ\u00e8de \u00e0 \u00c9milien Roso \u00e0 la mairie article de TRIBUNAL-NATURE","robots":{"index":"index","follow":"follow","max-snippet":"max-snippet:-1","max-image-preview":"max-image-preview:large","max-video-preview":"max-video-preview:-1"},"canonical":"https:\/\/www.tribunal-nature.org\/blog\/avocat-allemans-du-dropt-didier-carregues-succede-a-emilien-roso-a-la-mairie\/","og_locale":"fr_FR","og_type":"article","og_title":"Avocat; Allemans-du-Dropt : Didier Carr\u00e8gues succ\u00e8de \u00e0 \u00c9milien Roso \u00e0 la mairie - TRIBUNAL-NATURE","og_description":"Avocat; Allemans-du-Dropt : Didier Carr\u00e8gues succ\u00e8de \u00e0 \u00c9milien Roso \u00e0 la mairie article de TRIBUNAL-NATURE","og_url":"https:\/\/www.tribunal-nature.org\/blog\/avocat-allemans-du-dropt-didier-carregues-succede-a-emilien-roso-a-la-mairie\/","og_site_name":"TRIBUNAL-NATURE","article_published_time":"2026-03-27T20:02:01+00:00","author":"Isabelle LOUBEAU","twitter_card":"summary_large_image","twitter_misc":{"\u00c9crit par":"Isabelle LOUBEAU","Dur\u00e9e de lecture estim\u00e9e":"8 minutes"},"schema":{"@context":"https:\/\/schema.org","@graph":[{"@type":"Article","@id":"https:\/\/www.tribunal-nature.org\/blog\/avocat-allemans-du-dropt-didier-carregues-succede-a-emilien-roso-a-la-mairie\/#article","isPartOf":{"@id":"https:\/\/www.tribunal-nature.org\/blog\/avocat-allemans-du-dropt-didier-carregues-succede-a-emilien-roso-a-la-mairie\/"},"author":{"name":"Isabelle LOUBEAU","@id":"https:\/\/www.tribunal-nature.org\/blog\/#\/schema\/person\/55761caf7544da6b05b60523f2a0855f"},"headline":"Avocat; Allemans-du-Dropt : Didier Carr\u00e8gues succ\u00e8de \u00e0 \u00c9milien Roso \u00e0 la mairie","datePublished":"2026-03-27T20:02:01+00:00","mainEntityOfPage":{"@id":"https:\/\/www.tribunal-nature.org\/blog\/avocat-allemans-du-dropt-didier-carregues-succede-a-emilien-roso-a-la-mairie\/"},"wordCount":1520,"publisher":{"@id":"https:\/\/www.tribunal-nature.org\/blog\/#organization"},"articleSection":["Droit De L'Environnement:"],"inLanguage":"fr-FR"},{"@type":"WebPage","@id":"https:\/\/www.tribunal-nature.org\/blog\/avocat-allemans-du-dropt-didier-carregues-succede-a-emilien-roso-a-la-mairie\/","url":"https:\/\/www.tribunal-nature.org\/blog\/avocat-allemans-du-dropt-didier-carregues-succede-a-emilien-roso-a-la-mairie\/","name":"Avocat; Allemans-du-Dropt : Didier Carr\u00e8gues succ\u00e8de \u00e0 \u00c9milien Roso \u00e0 la mairie - TRIBUNAL-NATURE","isPartOf":{"@id":"https:\/\/www.tribunal-nature.org\/blog\/#website"},"datePublished":"2026-03-27T20:02:01+00:00","description":"Avocat; Allemans-du-Dropt : Didier Carr\u00e8gues succ\u00e8de \u00e0 \u00c9milien Roso \u00e0 la mairie article de TRIBUNAL-NATURE","breadcrumb":{"@id":"https:\/\/www.tribunal-nature.org\/blog\/avocat-allemans-du-dropt-didier-carregues-succede-a-emilien-roso-a-la-mairie\/#breadcrumb"},"inLanguage":"fr-FR","potentialAction":[{"@type":"ReadAction","target":["https:\/\/www.tribunal-nature.org\/blog\/avocat-allemans-du-dropt-didier-carregues-succede-a-emilien-roso-a-la-mairie\/"]}]},{"@type":"BreadcrumbList","@id":"https:\/\/www.tribunal-nature.org\/blog\/avocat-allemans-du-dropt-didier-carregues-succede-a-emilien-roso-a-la-mairie\/#breadcrumb","itemListElement":[{"@type":"ListItem","position":1,"name":"Accueil","item":"https:\/\/www.tribunal-nature.org\/blog\/"},{"@type":"ListItem","position":2,"name":"Avocat; Allemans-du-Dropt : Didier Carr\u00e8gues succ\u00e8de \u00e0 \u00c9milien Roso \u00e0 la mairie"}]},{"@type":"WebSite","@id":"https:\/\/www.tribunal-nature.org\/blog\/#website","url":"https:\/\/www.tribunal-nature.org\/blog\/","name":"TRIBUNAL-NATURE","description":"Droit De L&#039;Environnement.","publisher":{"@id":"https:\/\/www.tribunal-nature.org\/blog\/#organization"},"potentialAction":[{"@type":"SearchAction","target":{"@type":"EntryPoint","urlTemplate":"https:\/\/www.tribunal-nature.org\/blog\/?s={search_term_string}"},"query-input":{"@type":"PropertyValueSpecification","valueRequired":true,"valueName":"search_term_string"}}],"inLanguage":"fr-FR"},{"@type":"Organization","@id":"https:\/\/www.tribunal-nature.org\/blog\/#organization","name":"tribunal-nature","url":"https:\/\/www.tribunal-nature.org\/blog\/","logo":{"@type":"ImageObject","inLanguage":"fr-FR","@id":"https:\/\/www.tribunal-nature.org\/blog\/#\/schema\/logo\/image\/","url":"https:\/\/www.tribunal-nature.org\/blog\/wp-content\/uploads\/2022\/05\/logo-2.png","contentUrl":"https:\/\/www.tribunal-nature.org\/blog\/wp-content\/uploads\/2022\/05\/logo-2.png","width":180,"height":180,"caption":"tribunal-nature"},"image":{"@id":"https:\/\/www.tribunal-nature.org\/blog\/#\/schema\/logo\/image\/"}},{"@type":"Person","@id":"https:\/\/www.tribunal-nature.org\/blog\/#\/schema\/person\/55761caf7544da6b05b60523f2a0855f","name":"Isabelle LOUBEAU","image":{"@type":"ImageObject","inLanguage":"fr-FR","@id":"https:\/\/secure.gravatar.com\/avatar\/b6912620aca78633bf5d50400888815d3b38a1118e82b94050843f411f3f5972?s=96&d=mm&r=g","url":"https:\/\/secure.gravatar.com\/avatar\/b6912620aca78633bf5d50400888815d3b38a1118e82b94050843f411f3f5972?s=96&d=mm&r=g","contentUrl":"https:\/\/secure.gravatar.com\/avatar\/b6912620aca78633bf5d50400888815d3b38a1118e82b94050843f411f3f5972?s=96&d=mm&r=g","caption":"Isabelle LOUBEAU"},"url":"https:\/\/www.tribunal-nature.org\/blog\/author\/ureisabelle\/"}]}},"_links":{"self":[{"href":"https:\/\/www.tribunal-nature.org\/blog\/wp-json\/wp\/v2\/posts\/1639","targetHints":{"allow":["GET"]}}],"collection":[{"href":"https:\/\/www.tribunal-nature.org\/blog\/wp-json\/wp\/v2\/posts"}],"about":[{"href":"https:\/\/www.tribunal-nature.org\/blog\/wp-json\/wp\/v2\/types\/post"}],"author":[{"embeddable":true,"href":"https:\/\/www.tribunal-nature.org\/blog\/wp-json\/wp\/v2\/users\/3"}],"replies":[{"embeddable":true,"href":"https:\/\/www.tribunal-nature.org\/blog\/wp-json\/wp\/v2\/comments?post=1639"}],"version-history":[{"count":0,"href":"https:\/\/www.tribunal-nature.org\/blog\/wp-json\/wp\/v2\/posts\/1639\/revisions"}],"wp:attachment":[{"href":"https:\/\/www.tribunal-nature.org\/blog\/wp-json\/wp\/v2\/media?parent=1639"}],"wp:term":[{"taxonomy":"category","embeddable":true,"href":"https:\/\/www.tribunal-nature.org\/blog\/wp-json\/wp\/v2\/categories?post=1639"},{"taxonomy":"post_tag","embeddable":true,"href":"https:\/\/www.tribunal-nature.org\/blog\/wp-json\/wp\/v2\/tags?post=1639"}],"curies":[{"name":"wp","href":"https:\/\/api.w.org\/{rel}","templated":true}]}}