{"id":1638,"date":"2026-03-24T00:03:43","date_gmt":"2026-03-23T23:03:43","guid":{"rendered":"https:\/\/www.tribunal-nature.org\/blog\/avocat-plus-de-la-moitie-des-belges-se-sentent-obliges-de-repondre-a-leur-employeur-en-dehors-des-heures-de-travail-voici-les-profils-les-plus-concernes\/"},"modified":"2026-03-24T00:03:43","modified_gmt":"2026-03-23T23:03:43","slug":"avocat-plus-de-la-moitie-des-belges-se-sentent-obliges-de-repondre-a-leur-employeur-en-dehors-des-heures-de-travail-voici-les-profils-les-plus-concernes","status":"publish","type":"post","link":"https:\/\/www.tribunal-nature.org\/blog\/avocat-plus-de-la-moitie-des-belges-se-sentent-obliges-de-repondre-a-leur-employeur-en-dehors-des-heures-de-travail-voici-les-profils-les-plus-concernes\/","title":{"rendered":"Avocat; Plus de la moiti\u00e9 des Belges se sentent oblig\u00e9s de r\u00e9pondre \u00e0 leur employeur en dehors des heures de travail : voici les profils les plus concern\u00e9s"},"content":{"rendered":"<div>\n<p>\nL\u2019article r\u00e9cemment publi\u00e9 a pour titre \u00ab\u00a0Plus de la moiti\u00e9 des Belges se sentent oblig\u00e9s de r\u00e9pondre \u00e0 leur employeur en dehors des heures de travail : voici les profils les plus concern\u00e9s\u00a0\u00bb. <\/p>\n<p>Trois ans apr\u00e8s l\u2019entr\u00e9e en vigueur du droit \u00e0 la d\u00e9connexion, pr\u00e8s de six employ\u00e9s francophones sur dix (58,3 %) sont encore contact\u00e9s par \u2026<\/p>\n<h2>Informations cl\u00e9s pour les personnes cherchant un avocat en droit du travail<\/h2>\n<h3>Pourquoi opter pour une consultation en ligne avec un avocat en droit du travail ?<\/h3>\n<p>Recourir \u00e0 un avocat en droit du travail en ligne facilite l\u2019acc\u00e8s \u00e0 des conseils juridiques imm\u00e9diats sans avoir \u00e0 quitter son domicile. Ceci est d\u2019une grande utilit\u00e9 pour les individus ayant des horaires charg\u00e9s ou habitant dans des zones \u00e9loign\u00e9es. Les consultations en ligne offrent la possibilit\u00e9 de poser des interrogations cibl\u00e9es et d\u2019obtenir des r\u00e9ponses qui s\u2019adaptent \u00e0 votre situation.<\/p>\n<h3>Que faire si je ne discerne pas les cons\u00e9quences l\u00e9gales de ma situation ?<\/h3>\n<p>Il est tout \u00e0 fait normal de se sentir perdu face \u00e0 des interrogations juridiques qui peuvent sembler compliqu\u00e9es. N\u2019h\u00e9sitez pas \u00e0 interroger votre avocat durant votre consultation. Un avocat comp\u00e9tent s\u2019assurera de vous faire comprendre les implications de votre situation de mani\u00e8re claire et pr\u00e9cise.<\/p>\n<h3>Quelles options de consultation gratuite pouvez-vous explorer ?<\/h3>\n<p>Plusieurs avocats offrent des consultations sans frais pour discuter de votre situation initiale. Cela vous permet de v\u00e9rifier si l\u2019avocat convient \u00e0 vos attentes sans frais. Renseignez-vous sur les services en ligne qui facilitent ces consultations.<\/p>\n<\/p>\n<h3>Quelles sont les \u00e9tapes d\u2019une consultation en ligne avec un avocat ?<\/h3>\n<p>Une consultation en ligne suit souvent un cadre structur\u00e9 pour garantir son efficacit\u00e9. Dans un premier temps, vous initiez le processus par la prise de rendez-vous, en s\u00e9lectionnant l\u2019horaire qui vous convient le mieux. Lors de la consultation, vous vous connectez \u00e0 une plateforme de visioconf\u00e9rence ou par t\u00e9l\u00e9phone pour parler de votre situation avec l\u2019avocat. Lors de la s\u00e9ance de consultation, vous vous connectez \u00e0 une plateforme de visioconf\u00e9rence ou par t\u00e9l\u00e9phone pour aborder votre situation avec l\u2019avocat. Pour conclure, un suivi est organis\u00e9, durant lequel l\u2019avocat vous fournira des conseils et des recommandations sur les \u00e9tapes suivantes \u00e0 envisager, vous aidant \u00e0 progresser dans votre d\u00e9marche avec confiance.<\/p>\n<h3>Comment s\u00e9lectionner un avocat sp\u00e9cialis\u00e9 en droit du travail ?<\/h3>\n<p>Pour d\u00e9nicher un avocat ayant une connaissance sp\u00e9cialis\u00e9e dans des affaires similaires \u00e0 votre cas, <a target=\"_blank\" rel=\"nofollow\" href=\"https:\/\/www.tribunal-nature.org\/blog\/goto\/https:\/\/www.courtier-avocat-strategie-tribunal-judiciaire.fr\/avocat-droit-du-travail\/\"  rel=\"noopener noreferrer\" target=\"blank\">vous avez la chance de solliciter ce service de courtier<\/a>.<\/p>\n<p>Pour opter pour un avocat sp\u00e9cialis\u00e9 en droit du travail, il est crucial de suivre quelques \u00e9tapes importantes. En premier lieu, v\u00e9rifiez les comp\u00e9tences de l\u2019avocat en vous assurant qu\u2019il a une exp\u00e9rience notable dans le domaine de le droit du travail et qu\u2019il est membre d\u2019un cabinet reconnu, ce qui atteste de sa fiabilit\u00e9. Ensuite, examinez les avis en cherchant des t\u00e9moignages de clients ant\u00e9rieurs pour \u00e9valuer la qualit\u00e9 du service et le niveau de satisfaction. Il est judicieux de rencontrer plusieurs avocats en organisant des consultations pour parler de votre projet, ce qui vous permettra d\u2019appr\u00e9cier la compr\u00e9hension et la m\u00e9thode de chaque avocat. Pour finir, n\u2019oubliez pas de parler des honoraires en vous renseignant sur les tarifs et les options de paiement, car certains avocats peuvent offrir des consultations gratuites pour \u00e9valuer votre situation, ce qui peut \u00eatre une excellente premi\u00e8re \u00e9tape.<\/p>\n<h3>Comment s\u00e9lectionner un avocat sp\u00e9cialis\u00e9 en droit du travail ?<\/h3>\n<p>Pour s\u00e9lectionner un avocat en droit du travail, il est important de pr\u00eater attention \u00e0 plusieurs \u00e9l\u00e9ments significatifs. Premi\u00e8rement, assurez-vous d\u2019\u00e9valuer les comp\u00e9tences de l\u2019avocat, en vous assurant qu\u2019il poss\u00e8de des sp\u00e9cialisations et une exp\u00e9rience solide dans le domaine de le droit du travail. Cela vous garantira qu\u2019il est bien inform\u00e9 des lois et r\u00e8glements en vigueur. Ensuite, renseignez-vous sur les honoraires, en examinant les tarifs et les modalit\u00e9s de paiement, car certains avocats offrent des consultations gratuites, ce qui peut \u00eatre un atout. Pour terminer, jetez un \u0153il aux avis des clients pour \u00e9valuer la qualit\u00e9 du service, en prenant en compte les t\u00e9moignages et les \u00e9valuations d\u2019anciens clients afin de mieux comprendre la r\u00e9putation de l\u2019avocat.<\/p>\n<h3>Comment d\u00e9terminer la qualit\u00e9 d\u2019un avocat sp\u00e9cialis\u00e9 en droit du travail ?<\/h3>\n<p>Un avocat en droit du travail est pr\u00e9sent dans divers champs d\u2019action :<\/p>\n<ul>\n<li>Conseil sur les droits des travailleurs en mati\u00e8re de sant\u00e9 et s\u00e9curit\u00e9 au travail ;\n<\/li>\n<li>Conseil sur les obligations de l\u2019employeur en mati\u00e8re de formation professionnelle ;\n<\/li>\n<li>Repr\u00e9sentation lors de proc\u00e9dures de m\u00e9diation entre employeurs et employ\u00e9s ;\n<\/li>\n<li>Repr\u00e9sentation lors de contentieux li\u00e9s aux accidents du travail ;\n<\/li>\n<li>Assistance dans les affaires de conflits collectifs au sein de l\u2019entreprise.<\/li>\n<\/ul>\n<p>On ne peut jamais garantir la satisfaction avec un avocat, mais voici les \u00e9l\u00e9ments cruciaux \u00e0 \u00e9valuer pour r\u00e9duire les risques. D\u2019abord, il est important de v\u00e9rifier les comp\u00e9tences de l\u2019avocat en vous assurant qu\u2019il a une exp\u00e9rience pertinente dans le domaine de le droit du travail et qu\u2019il appartient \u00e0 un cabinet de renom, ce qui renforce sa cr\u00e9dibilit\u00e9. Puis, v\u00e9rifiez les avis en recherchant des t\u00e9moignages de clients pr\u00e9c\u00e9dents afin d\u2019\u00e9valuer la qualit\u00e9 du service et le taux de satisfaction. Il est judicieux de rencontrer divers avocats en organisant des consultations pour discuter de votre projet, ce qui vous permettra d\u2019\u00e9valuer la compr\u00e9hension et la m\u00e9thode de chaque avocat. Pour finir, n\u2019oubliez pas de parler des honoraires en vous renseignant sur les tarifs et les options de paiement, car certains avocats peuvent offrir des consultations gratuites pour \u00e9valuer votre situation, ce qui peut \u00eatre une excellente premi\u00e8re \u00e9tape.<\/p>\n<\/p>\n<p><strong>Bibliographie :<\/strong><\/p>\n<p>Action socialiste\/L\u2019Id\u00e9al de Justice,<a target=\"_blank\" rel=\"nofollow\" href=\"https:\/\/www.tribunal-nature.org\/blog\/goto\/https:\/\/fr.wikisource.org\/wiki\/Action_socialiste\/L%E2%80%99Id%C3%A9al_de_Justice\"  rel=\"noopener noreferrer nofollow\" target=\"_blank\">(la couverture) <\/a><span><\/span>. Disponible \u00e0 l\u2019achat sur les plateformes Amazon, Fnac, Cultura \u2026.La Grande Chasse aux sorci\u00e8res, du Moyen \u00c2ge aux Temps modernes\/La fin des b\u00fbchers,<a target=\"_blank\" rel=\"nofollow\" href=\"https:\/\/www.tribunal-nature.org\/blog\/goto\/https:\/\/fr.wikibooks.org\/wiki\/La_Grande_Chasse_aux_sorci%C3%A8res,_du_Moyen_%C3%82ge_aux_Temps_modernes\/La_fin_des_b%C3%BBchers\"  rel=\"noopener noreferrer nofollow\" target=\"_blank\">Le livre <\/a><span><\/span>.Vous perdez la t\u00eate Elisabeth !,<a target=\"_blank\" rel=\"nofollow\" href=\"https:\/\/www.tribunal-nature.org\/blog\/goto\/https:\/\/booknode.com\/vous_perdez_la_tete_elisabeth_03357711\"  rel=\"noopener noreferrer nofollow\" target=\"_blank\">Ouvrage <\/a><span><\/span>.<\/p>\n<\/p>\n<h3>Quels sont les points forts d\u2019une consultation en ligne par rapport \u00e0 une rencontre physique ?<\/h3>\n<p>La consultation en ligne pr\u00e9sente divers b\u00e9n\u00e9fices int\u00e9ressants. Premi\u00e8rement, elle garantit une accessibilit\u00e9 am\u00e9lior\u00e9e, car il n\u2019est pas n\u00e9cessaire de se d\u00e9placer, ce qui est id\u00e9al pour les personnes occup\u00e9es ou celles r\u00e9sidant loin des bureaux d\u2019avocats. Ensuite, la flexibilit\u00e9 repr\u00e9sente un atout essentiel, vous permettant de s\u00e9lectionner des horaires qui conviennent mieux \u00e0 votre emploi du temps, rendant le processus plus adapt\u00e9 \u00e0 vos exigences. En conclusion, le confort est un aspect vital, car il vous permet de discuter de vos pr\u00e9occupations juridiques dans un cadre qui vous est familier, r\u00e9duisant ainsi le stress et favorisant une communication ouverte avec votre avocat.<\/p>\n<p><strong>R\u00e9vision des avocats en ligne :<\/strong><\/p>\n<table border=\"2\" cellpadding=\"7\" cellspacing=\"2\">\n<thead>\n<tr>\n<th>D\u00e9signation du service\n<\/th>\n<th>M\u00e9canisme de fonctionnement\n<\/th>\n<th>Prix appliqu\u00e9s\n<\/th>\n<th>Caract\u00e9ristiques positives\n<\/th>\n<th>Contraintes\n<\/th>\n<\/tr>\n<\/thead>\n<tbody>\n<tr>\n<td>CASTJ\n<\/td>\n<td>Offre gratuite \u2014 fusion humaine et IA pour une premi\u00e8re consultation l\u00e9gale\n<\/td>\n<td>Gratuit\n<\/td>\n<td>Orientation imm\u00e9diate, interaction IA et avocat\n<\/td>\n<td>Service en forte dynamique offrant un accompagnement plus large dans le parcours judiciaire\n<\/td>\n<\/tr>\n<tr>\n<td>Juri-Legal\n<\/td>\n<td>Entretien avec un juriste (par t\u00e9l\u00e9phone, chat, visio) \u2014 tarif \u00e0 la minute\n<\/td>\n<td>Montant variable selon l\u2019avocat (tarif minut\u00e9)\n<\/td>\n<td>Flexibilit\u00e9 : option de s\u00e9lection de l\u2019avocat, co\u00fbt calcul\u00e9 sur le temps effectivement pass\u00e9\n<\/td>\n<td>Site en d\u00e9clin : nombre limit\u00e9 d\u2019avocats en ligne, fonctionnalit\u00e9s principalement d\u00e9monstratives\n<\/td>\n<\/tr>\n<tr>\n<td>Juste un Renseignement\n<\/td>\n<td>Juriste libre \u2014 consultation \u00e0 distance rapide\n<\/td>\n<td>Tarification d\u00e9couverte \u00e0 30 \u20ac ; ensuite 20 \u20ac pour 15 minutes ou 120 \u20ac de l\u2019heure selon le service demand\u00e9\n<\/td>\n<td>Fait pour un accompagnement rapide et accessible\n<\/td>\n<td>Conseils minimaux pour les cas compliqu\u00e9s\n<\/td>\n<\/tr>\n<tr>\n<td>VotreJuriste\n<\/td>\n<td>Plateforme de d\u00e9veloppement client \u2014 r\u00e9servation de rendez-vous en ligne avec assistance back office\n<\/td>\n<td>75 \u20ac toutes taxes incluses (consultation par t\u00e9l\u00e9phone annonc\u00e9e)\n<\/td>\n<td>Montant visible, r\u00e9servation en ligne\n<\/td>\n<td>Structure peu d\u00e9finie : gestion unique, adresse et organisation floues\n<\/td>\n<\/tr>\n<tr>\n<td>Avocats-en-ligne\n<\/td>\n<td>R\u00e9servation d\u2019un rendez-vous avec un avocat (pas de r\u00e9ponse imm\u00e9diate sur le site)\n<\/td>\n<td>Co\u00fbt d\u2019introduction : 39 \u20ac toutes taxes incluses pour une consultation d\u2019environ 20 minutes\n<\/td>\n<td>Prix d\u2019appel transparent, couverture vari\u00e9e de domaines\n<\/td>\n<td>Pas de r\u00e9ponse instantan\u00e9e sur le site \u2014 rendez-vous \u00e0 pr\u00e9voir\n<\/td>\n<\/tr>\n<tr>\n<td>Juriclic.net\n<\/td>\n<td>Prise de rendez-vous avec avocats\/juristes, plusieurs alternatives disponibles\n<\/td>\n<td>Formules propos\u00e9es : 25 \u20ac, 30 \u20ac ou 45 \u20ac en fonction de la prestation\n<\/td>\n<td>Prix accessibles et formules multiples\n<\/td>\n<td>R\u00e9ponse en ligne non instantan\u00e9e \u2014 service sur rendez-vous<\/td>\n<\/tr>\n<\/tbody>\n<\/table>\n<h3>Comment puis-je soumettre mes questions \u00e0 un avocat en ligne ?<\/h3>\n<p>Vous pouvez interroger des avocats par le biais de plateformes de consultation juridique en ligne, par e-mail, ou lors de votre rendez-vous. Pour obtenir rapidement des r\u00e9ponses de confiance aux questions que vous vous posez, <a target=\"_blank\" rel=\"nofollow\" href=\"https:\/\/www.tribunal-nature.org\/blog\/goto\/https:\/\/www.courtier-avocat-strategie-tribunal-judiciaire.fr\/avocat-en-ligne\/\"  rel=\"noopener noreferrer\" target=\"blank\">Ce service hybride humain-IA est disponible 24 heures sur 24 7 jours sur 7 afin de fournir des r\u00e9ponses \u00e0 vos questions en droit<\/a>. Veillez \u00e0 formuler vos interrogations de fa\u00e7on claire pour recevoir des r\u00e9ponses nettes.<\/p>\n<\/div>\n","protected":false},"excerpt":{"rendered":"<p>L\u2019article r\u00e9cemment publi\u00e9 a pour titre \u00ab\u00a0Plus de la moiti\u00e9 des Belges se sentent oblig\u00e9s de r\u00e9pondre \u00e0 leur employeur&#8230;<\/p>\n","protected":false},"author":3,"featured_media":0,"comment_status":"closed","ping_status":"closed","sticky":false,"template":"","format":"standard","meta":{"footnotes":""},"categories":[2],"tags":[],"class_list":["post-1638","post","type-post","status-publish","format-standard","hentry","category-droit-de-lenvironnement","wpcat-2-id"],"yoast_head":"<!-- This site is optimized with the Yoast SEO plugin v27.5 - https:\/\/yoast.com\/product\/yoast-seo-wordpress\/ -->\n<title>Avocat; Plus de la moiti\u00e9 des Belges se sentent oblig\u00e9s de r\u00e9pondre \u00e0 leur employeur en dehors des heures de travail : voici les profils les plus concern\u00e9s - TRIBUNAL-NATURE<\/title>\n<meta name=\"description\" content=\"Avocat; Plus de la moiti\u00e9 des Belges se sentent oblig\u00e9s de r\u00e9pondre \u00e0 leur employeur en dehors des heures de travail : voici les profils les plus concern\u00e9s article de TRIBUNAL-NATURE\" \/>\n<meta name=\"robots\" content=\"index, follow, max-snippet:-1, max-image-preview:large, max-video-preview:-1\" \/>\n<link rel=\"canonical\" href=\"https:\/\/www.tribunal-nature.org\/blog\/avocat-plus-de-la-moitie-des-belges-se-sentent-obliges-de-repondre-a-leur-employeur-en-dehors-des-heures-de-travail-voici-les-profils-les-plus-concernes\/\" \/>\n<meta property=\"og:locale\" content=\"fr_FR\" \/>\n<meta property=\"og:type\" content=\"article\" \/>\n<meta property=\"og:title\" content=\"Avocat; Plus de la moiti\u00e9 des Belges se sentent oblig\u00e9s de r\u00e9pondre \u00e0 leur employeur en dehors des heures de travail : voici les profils les plus concern\u00e9s - TRIBUNAL-NATURE\" \/>\n<meta property=\"og:description\" content=\"Avocat; Plus de la moiti\u00e9 des Belges se sentent oblig\u00e9s de r\u00e9pondre \u00e0 leur employeur en dehors des heures de travail : voici les profils les plus concern\u00e9s article de TRIBUNAL-NATURE\" \/>\n<meta property=\"og:url\" content=\"https:\/\/www.tribunal-nature.org\/blog\/avocat-plus-de-la-moitie-des-belges-se-sentent-obliges-de-repondre-a-leur-employeur-en-dehors-des-heures-de-travail-voici-les-profils-les-plus-concernes\/\" \/>\n<meta property=\"og:site_name\" content=\"TRIBUNAL-NATURE\" \/>\n<meta property=\"article:published_time\" content=\"2026-03-23T23:03:43+00:00\" \/>\n<meta name=\"author\" content=\"Isabelle LOUBEAU\" \/>\n<meta name=\"twitter:card\" content=\"summary_large_image\" \/>\n<meta name=\"twitter:label1\" content=\"\u00c9crit par\" \/>\n\t<meta name=\"twitter:data1\" content=\"Isabelle LOUBEAU\" \/>\n\t<meta name=\"twitter:label2\" content=\"Dur\u00e9e de lecture estim\u00e9e\" \/>\n\t<meta name=\"twitter:data2\" content=\"8 minutes\" \/>\n<script type=\"application\/ld+json\" class=\"yoast-schema-graph\">{\"@context\":\"https:\\\/\\\/schema.org\",\"@graph\":[{\"@type\":\"Article\",\"@id\":\"https:\\\/\\\/www.tribunal-nature.org\\\/blog\\\/avocat-plus-de-la-moitie-des-belges-se-sentent-obliges-de-repondre-a-leur-employeur-en-dehors-des-heures-de-travail-voici-les-profils-les-plus-concernes\\\/#article\",\"isPartOf\":{\"@id\":\"https:\\\/\\\/www.tribunal-nature.org\\\/blog\\\/avocat-plus-de-la-moitie-des-belges-se-sentent-obliges-de-repondre-a-leur-employeur-en-dehors-des-heures-de-travail-voici-les-profils-les-plus-concernes\\\/\"},\"author\":{\"name\":\"Isabelle LOUBEAU\",\"@id\":\"https:\\\/\\\/www.tribunal-nature.org\\\/blog\\\/#\\\/schema\\\/person\\\/55761caf7544da6b05b60523f2a0855f\"},\"headline\":\"Avocat; Plus de la moiti\u00e9 des Belges se sentent oblig\u00e9s de r\u00e9pondre \u00e0 leur employeur en dehors des heures de travail : voici les profils les plus concern\u00e9s\",\"datePublished\":\"2026-03-23T23:03:43+00:00\",\"mainEntityOfPage\":{\"@id\":\"https:\\\/\\\/www.tribunal-nature.org\\\/blog\\\/avocat-plus-de-la-moitie-des-belges-se-sentent-obliges-de-repondre-a-leur-employeur-en-dehors-des-heures-de-travail-voici-les-profils-les-plus-concernes\\\/\"},\"wordCount\":1566,\"publisher\":{\"@id\":\"https:\\\/\\\/www.tribunal-nature.org\\\/blog\\\/#organization\"},\"articleSection\":[\"Droit De L'Environnement:\"],\"inLanguage\":\"fr-FR\"},{\"@type\":\"WebPage\",\"@id\":\"https:\\\/\\\/www.tribunal-nature.org\\\/blog\\\/avocat-plus-de-la-moitie-des-belges-se-sentent-obliges-de-repondre-a-leur-employeur-en-dehors-des-heures-de-travail-voici-les-profils-les-plus-concernes\\\/\",\"url\":\"https:\\\/\\\/www.tribunal-nature.org\\\/blog\\\/avocat-plus-de-la-moitie-des-belges-se-sentent-obliges-de-repondre-a-leur-employeur-en-dehors-des-heures-de-travail-voici-les-profils-les-plus-concernes\\\/\",\"name\":\"Avocat; Plus de la moiti\u00e9 des Belges se sentent oblig\u00e9s de r\u00e9pondre \u00e0 leur employeur en dehors des heures de travail : voici les profils les plus concern\u00e9s - TRIBUNAL-NATURE\",\"isPartOf\":{\"@id\":\"https:\\\/\\\/www.tribunal-nature.org\\\/blog\\\/#website\"},\"datePublished\":\"2026-03-23T23:03:43+00:00\",\"description\":\"Avocat; Plus de la moiti\u00e9 des Belges se sentent oblig\u00e9s de r\u00e9pondre \u00e0 leur employeur en dehors des heures de travail : voici les profils les plus concern\u00e9s article de TRIBUNAL-NATURE\",\"breadcrumb\":{\"@id\":\"https:\\\/\\\/www.tribunal-nature.org\\\/blog\\\/avocat-plus-de-la-moitie-des-belges-se-sentent-obliges-de-repondre-a-leur-employeur-en-dehors-des-heures-de-travail-voici-les-profils-les-plus-concernes\\\/#breadcrumb\"},\"inLanguage\":\"fr-FR\",\"potentialAction\":[{\"@type\":\"ReadAction\",\"target\":[\"https:\\\/\\\/www.tribunal-nature.org\\\/blog\\\/avocat-plus-de-la-moitie-des-belges-se-sentent-obliges-de-repondre-a-leur-employeur-en-dehors-des-heures-de-travail-voici-les-profils-les-plus-concernes\\\/\"]}]},{\"@type\":\"BreadcrumbList\",\"@id\":\"https:\\\/\\\/www.tribunal-nature.org\\\/blog\\\/avocat-plus-de-la-moitie-des-belges-se-sentent-obliges-de-repondre-a-leur-employeur-en-dehors-des-heures-de-travail-voici-les-profils-les-plus-concernes\\\/#breadcrumb\",\"itemListElement\":[{\"@type\":\"ListItem\",\"position\":1,\"name\":\"Accueil\",\"item\":\"https:\\\/\\\/www.tribunal-nature.org\\\/blog\\\/\"},{\"@type\":\"ListItem\",\"position\":2,\"name\":\"Avocat; Plus de la moiti\u00e9 des Belges se sentent oblig\u00e9s de r\u00e9pondre \u00e0 leur employeur en dehors des heures de travail : voici les profils les plus concern\u00e9s\"}]},{\"@type\":\"WebSite\",\"@id\":\"https:\\\/\\\/www.tribunal-nature.org\\\/blog\\\/#website\",\"url\":\"https:\\\/\\\/www.tribunal-nature.org\\\/blog\\\/\",\"name\":\"TRIBUNAL-NATURE\",\"description\":\"Droit De L&#039;Environnement.\",\"publisher\":{\"@id\":\"https:\\\/\\\/www.tribunal-nature.org\\\/blog\\\/#organization\"},\"potentialAction\":[{\"@type\":\"SearchAction\",\"target\":{\"@type\":\"EntryPoint\",\"urlTemplate\":\"https:\\\/\\\/www.tribunal-nature.org\\\/blog\\\/?s={search_term_string}\"},\"query-input\":{\"@type\":\"PropertyValueSpecification\",\"valueRequired\":true,\"valueName\":\"search_term_string\"}}],\"inLanguage\":\"fr-FR\"},{\"@type\":\"Organization\",\"@id\":\"https:\\\/\\\/www.tribunal-nature.org\\\/blog\\\/#organization\",\"name\":\"tribunal-nature\",\"url\":\"https:\\\/\\\/www.tribunal-nature.org\\\/blog\\\/\",\"logo\":{\"@type\":\"ImageObject\",\"inLanguage\":\"fr-FR\",\"@id\":\"https:\\\/\\\/www.tribunal-nature.org\\\/blog\\\/#\\\/schema\\\/logo\\\/image\\\/\",\"url\":\"https:\\\/\\\/www.tribunal-nature.org\\\/blog\\\/wp-content\\\/uploads\\\/2022\\\/05\\\/logo-2.png\",\"contentUrl\":\"https:\\\/\\\/www.tribunal-nature.org\\\/blog\\\/wp-content\\\/uploads\\\/2022\\\/05\\\/logo-2.png\",\"width\":180,\"height\":180,\"caption\":\"tribunal-nature\"},\"image\":{\"@id\":\"https:\\\/\\\/www.tribunal-nature.org\\\/blog\\\/#\\\/schema\\\/logo\\\/image\\\/\"}},{\"@type\":\"Person\",\"@id\":\"https:\\\/\\\/www.tribunal-nature.org\\\/blog\\\/#\\\/schema\\\/person\\\/55761caf7544da6b05b60523f2a0855f\",\"name\":\"Isabelle LOUBEAU\",\"image\":{\"@type\":\"ImageObject\",\"inLanguage\":\"fr-FR\",\"@id\":\"https:\\\/\\\/secure.gravatar.com\\\/avatar\\\/b6912620aca78633bf5d50400888815d3b38a1118e82b94050843f411f3f5972?s=96&d=mm&r=g\",\"url\":\"https:\\\/\\\/secure.gravatar.com\\\/avatar\\\/b6912620aca78633bf5d50400888815d3b38a1118e82b94050843f411f3f5972?s=96&d=mm&r=g\",\"contentUrl\":\"https:\\\/\\\/secure.gravatar.com\\\/avatar\\\/b6912620aca78633bf5d50400888815d3b38a1118e82b94050843f411f3f5972?s=96&d=mm&r=g\",\"caption\":\"Isabelle LOUBEAU\"},\"url\":\"https:\\\/\\\/www.tribunal-nature.org\\\/blog\\\/author\\\/ureisabelle\\\/\"}]}<\/script>\n<!-- \/ Yoast SEO plugin. -->","yoast_head_json":{"title":"Avocat; Plus de la moiti\u00e9 des Belges se sentent oblig\u00e9s de r\u00e9pondre \u00e0 leur employeur en dehors des heures de travail : voici les profils les plus concern\u00e9s - TRIBUNAL-NATURE","description":"Avocat; Plus de la moiti\u00e9 des Belges se sentent oblig\u00e9s de r\u00e9pondre \u00e0 leur employeur en dehors des heures de travail : voici les profils les plus concern\u00e9s article de TRIBUNAL-NATURE","robots":{"index":"index","follow":"follow","max-snippet":"max-snippet:-1","max-image-preview":"max-image-preview:large","max-video-preview":"max-video-preview:-1"},"canonical":"https:\/\/www.tribunal-nature.org\/blog\/avocat-plus-de-la-moitie-des-belges-se-sentent-obliges-de-repondre-a-leur-employeur-en-dehors-des-heures-de-travail-voici-les-profils-les-plus-concernes\/","og_locale":"fr_FR","og_type":"article","og_title":"Avocat; Plus de la moiti\u00e9 des Belges se sentent oblig\u00e9s de r\u00e9pondre \u00e0 leur employeur en dehors des heures de travail : voici les profils les plus concern\u00e9s - TRIBUNAL-NATURE","og_description":"Avocat; Plus de la moiti\u00e9 des Belges se sentent oblig\u00e9s de r\u00e9pondre \u00e0 leur employeur en dehors des heures de travail : voici les profils les plus concern\u00e9s article de TRIBUNAL-NATURE","og_url":"https:\/\/www.tribunal-nature.org\/blog\/avocat-plus-de-la-moitie-des-belges-se-sentent-obliges-de-repondre-a-leur-employeur-en-dehors-des-heures-de-travail-voici-les-profils-les-plus-concernes\/","og_site_name":"TRIBUNAL-NATURE","article_published_time":"2026-03-23T23:03:43+00:00","author":"Isabelle LOUBEAU","twitter_card":"summary_large_image","twitter_misc":{"\u00c9crit par":"Isabelle LOUBEAU","Dur\u00e9e de lecture estim\u00e9e":"8 minutes"},"schema":{"@context":"https:\/\/schema.org","@graph":[{"@type":"Article","@id":"https:\/\/www.tribunal-nature.org\/blog\/avocat-plus-de-la-moitie-des-belges-se-sentent-obliges-de-repondre-a-leur-employeur-en-dehors-des-heures-de-travail-voici-les-profils-les-plus-concernes\/#article","isPartOf":{"@id":"https:\/\/www.tribunal-nature.org\/blog\/avocat-plus-de-la-moitie-des-belges-se-sentent-obliges-de-repondre-a-leur-employeur-en-dehors-des-heures-de-travail-voici-les-profils-les-plus-concernes\/"},"author":{"name":"Isabelle LOUBEAU","@id":"https:\/\/www.tribunal-nature.org\/blog\/#\/schema\/person\/55761caf7544da6b05b60523f2a0855f"},"headline":"Avocat; Plus de la moiti\u00e9 des Belges se sentent oblig\u00e9s de r\u00e9pondre \u00e0 leur employeur en dehors des heures de travail : voici les profils les plus concern\u00e9s","datePublished":"2026-03-23T23:03:43+00:00","mainEntityOfPage":{"@id":"https:\/\/www.tribunal-nature.org\/blog\/avocat-plus-de-la-moitie-des-belges-se-sentent-obliges-de-repondre-a-leur-employeur-en-dehors-des-heures-de-travail-voici-les-profils-les-plus-concernes\/"},"wordCount":1566,"publisher":{"@id":"https:\/\/www.tribunal-nature.org\/blog\/#organization"},"articleSection":["Droit De L'Environnement:"],"inLanguage":"fr-FR"},{"@type":"WebPage","@id":"https:\/\/www.tribunal-nature.org\/blog\/avocat-plus-de-la-moitie-des-belges-se-sentent-obliges-de-repondre-a-leur-employeur-en-dehors-des-heures-de-travail-voici-les-profils-les-plus-concernes\/","url":"https:\/\/www.tribunal-nature.org\/blog\/avocat-plus-de-la-moitie-des-belges-se-sentent-obliges-de-repondre-a-leur-employeur-en-dehors-des-heures-de-travail-voici-les-profils-les-plus-concernes\/","name":"Avocat; Plus de la moiti\u00e9 des Belges se sentent oblig\u00e9s de r\u00e9pondre \u00e0 leur employeur en dehors des heures de travail : voici les profils les plus concern\u00e9s - TRIBUNAL-NATURE","isPartOf":{"@id":"https:\/\/www.tribunal-nature.org\/blog\/#website"},"datePublished":"2026-03-23T23:03:43+00:00","description":"Avocat; Plus de la moiti\u00e9 des Belges se sentent oblig\u00e9s de r\u00e9pondre \u00e0 leur employeur en dehors des heures de travail : voici les profils les plus concern\u00e9s article de TRIBUNAL-NATURE","breadcrumb":{"@id":"https:\/\/www.tribunal-nature.org\/blog\/avocat-plus-de-la-moitie-des-belges-se-sentent-obliges-de-repondre-a-leur-employeur-en-dehors-des-heures-de-travail-voici-les-profils-les-plus-concernes\/#breadcrumb"},"inLanguage":"fr-FR","potentialAction":[{"@type":"ReadAction","target":["https:\/\/www.tribunal-nature.org\/blog\/avocat-plus-de-la-moitie-des-belges-se-sentent-obliges-de-repondre-a-leur-employeur-en-dehors-des-heures-de-travail-voici-les-profils-les-plus-concernes\/"]}]},{"@type":"BreadcrumbList","@id":"https:\/\/www.tribunal-nature.org\/blog\/avocat-plus-de-la-moitie-des-belges-se-sentent-obliges-de-repondre-a-leur-employeur-en-dehors-des-heures-de-travail-voici-les-profils-les-plus-concernes\/#breadcrumb","itemListElement":[{"@type":"ListItem","position":1,"name":"Accueil","item":"https:\/\/www.tribunal-nature.org\/blog\/"},{"@type":"ListItem","position":2,"name":"Avocat; Plus de la moiti\u00e9 des Belges se sentent oblig\u00e9s de r\u00e9pondre \u00e0 leur employeur en dehors des heures de travail : voici les profils les plus concern\u00e9s"}]},{"@type":"WebSite","@id":"https:\/\/www.tribunal-nature.org\/blog\/#website","url":"https:\/\/www.tribunal-nature.org\/blog\/","name":"TRIBUNAL-NATURE","description":"Droit De L&#039;Environnement.","publisher":{"@id":"https:\/\/www.tribunal-nature.org\/blog\/#organization"},"potentialAction":[{"@type":"SearchAction","target":{"@type":"EntryPoint","urlTemplate":"https:\/\/www.tribunal-nature.org\/blog\/?s={search_term_string}"},"query-input":{"@type":"PropertyValueSpecification","valueRequired":true,"valueName":"search_term_string"}}],"inLanguage":"fr-FR"},{"@type":"Organization","@id":"https:\/\/www.tribunal-nature.org\/blog\/#organization","name":"tribunal-nature","url":"https:\/\/www.tribunal-nature.org\/blog\/","logo":{"@type":"ImageObject","inLanguage":"fr-FR","@id":"https:\/\/www.tribunal-nature.org\/blog\/#\/schema\/logo\/image\/","url":"https:\/\/www.tribunal-nature.org\/blog\/wp-content\/uploads\/2022\/05\/logo-2.png","contentUrl":"https:\/\/www.tribunal-nature.org\/blog\/wp-content\/uploads\/2022\/05\/logo-2.png","width":180,"height":180,"caption":"tribunal-nature"},"image":{"@id":"https:\/\/www.tribunal-nature.org\/blog\/#\/schema\/logo\/image\/"}},{"@type":"Person","@id":"https:\/\/www.tribunal-nature.org\/blog\/#\/schema\/person\/55761caf7544da6b05b60523f2a0855f","name":"Isabelle LOUBEAU","image":{"@type":"ImageObject","inLanguage":"fr-FR","@id":"https:\/\/secure.gravatar.com\/avatar\/b6912620aca78633bf5d50400888815d3b38a1118e82b94050843f411f3f5972?s=96&d=mm&r=g","url":"https:\/\/secure.gravatar.com\/avatar\/b6912620aca78633bf5d50400888815d3b38a1118e82b94050843f411f3f5972?s=96&d=mm&r=g","contentUrl":"https:\/\/secure.gravatar.com\/avatar\/b6912620aca78633bf5d50400888815d3b38a1118e82b94050843f411f3f5972?s=96&d=mm&r=g","caption":"Isabelle LOUBEAU"},"url":"https:\/\/www.tribunal-nature.org\/blog\/author\/ureisabelle\/"}]}},"_links":{"self":[{"href":"https:\/\/www.tribunal-nature.org\/blog\/wp-json\/wp\/v2\/posts\/1638","targetHints":{"allow":["GET"]}}],"collection":[{"href":"https:\/\/www.tribunal-nature.org\/blog\/wp-json\/wp\/v2\/posts"}],"about":[{"href":"https:\/\/www.tribunal-nature.org\/blog\/wp-json\/wp\/v2\/types\/post"}],"author":[{"embeddable":true,"href":"https:\/\/www.tribunal-nature.org\/blog\/wp-json\/wp\/v2\/users\/3"}],"replies":[{"embeddable":true,"href":"https:\/\/www.tribunal-nature.org\/blog\/wp-json\/wp\/v2\/comments?post=1638"}],"version-history":[{"count":0,"href":"https:\/\/www.tribunal-nature.org\/blog\/wp-json\/wp\/v2\/posts\/1638\/revisions"}],"wp:attachment":[{"href":"https:\/\/www.tribunal-nature.org\/blog\/wp-json\/wp\/v2\/media?parent=1638"}],"wp:term":[{"taxonomy":"category","embeddable":true,"href":"https:\/\/www.tribunal-nature.org\/blog\/wp-json\/wp\/v2\/categories?post=1638"},{"taxonomy":"post_tag","embeddable":true,"href":"https:\/\/www.tribunal-nature.org\/blog\/wp-json\/wp\/v2\/tags?post=1638"}],"curies":[{"name":"wp","href":"https:\/\/api.w.org\/{rel}","templated":true}]}}