{"id":1633,"date":"2026-03-17T09:08:24","date_gmt":"2026-03-17T08:08:24","guid":{"rendered":"https:\/\/www.tribunal-nature.org\/blog\/garde-a-vue-enquete-sur-un-marche-public-a-montauban-le-gendre-de-lancienne-maire-ineligible-brigitte-bareges-entendu-en-garde-a-vue-par-la-police-judiciaire\/"},"modified":"2026-03-17T09:08:24","modified_gmt":"2026-03-17T08:08:24","slug":"garde-a-vue-enquete-sur-un-marche-public-a-montauban-le-gendre-de-lancienne-maire-ineligible-brigitte-bareges-entendu-en-garde-a-vue-par-la-police-judiciaire","status":"publish","type":"post","link":"https:\/\/www.tribunal-nature.org\/blog\/garde-a-vue-enquete-sur-un-marche-public-a-montauban-le-gendre-de-lancienne-maire-ineligible-brigitte-bareges-entendu-en-garde-a-vue-par-la-police-judiciaire\/","title":{"rendered":"Garde \u00e0 vue; Enqu\u00eate sur un march\u00e9 public \u00e0 Montauban\u00a0: le gendre de l\u2019ancienne maire in\u00e9ligible Brigitte Bar\u00e8ges entendu en garde \u00e0 vue par la police judiciaire"},"content":{"rendered":"<div>\n<p>\nL\u2019article r\u00e9cemment publi\u00e9 a pour titre \u00ab\u00a0Enqu\u00eate sur un march\u00e9 public \u00e0 Montauban\u00a0: le gendre de l\u2019ancienne maire in\u00e9ligible Brigitte Bar\u00e8ges entendu en garde \u00e0 vue par la police judiciaire\u00a0\u00bb. <\/p>\n<p>\n                                                                    <span class=\"article-full__chapo-label hide-on-small-only\">l\u2019essentiel<\/span><br \/>\n                                                                EXCLUSIF. Le gendre de l\u2019ex-maire in\u00e9ligible de Montauban, Brigitte Bar\u00e8ges, a \u00e9t\u00e9 entendu en garde \u00e0 vue par la police judiciaire \u00e0 Toulouse dans le cadre d\u2019une enqu\u00eate pr\u00e9liminaire pour recel de favoritisme li\u00e9e \u00e0 un march\u00e9 public de la ville. Une proc\u00e9dure ouverte apr\u00e8s un signalement anonyme.\n                            <\/p>\n<div rel=\"js-article-content\" data-state=\"fixed-height\" data-selection=\"disabled\">\n                                                                                                                                                            <!-- Pub DFP Position [outstream] --><\/p>\n<p>Un entrepreneur montalbanais, gendre de l\u2019ex-maire\u00a0in\u00e9ligible de Montauban et d\u00e9put\u00e9e de la premi\u00e8re circonscription, Brigitte Bar\u00e8ges, est vis\u00e9 par une enqu\u00eate judiciaire pour recel de favoritisme dans le cadre d\u2019un march\u00e9 public attribu\u00e9 par la ville.<\/p>\n<p><!-- Pub DFP Position [article] --><\/p>\n<p><iframe width=\"600\" height=\"450\" style=\"border:0;\" allowfullscreen=\"\" loading=\"lazy\" referrerpolicy=\"no-referrer-when-downgrade\" data-src=\"https:\/\/www.google.com\/maps\/embed?pb=!1m18!1m12!1m3!1d183615.4786481775!2d1.1993959485871022!3d44.02156285267119!2m3!1f0!2f0!3f0!3m2!1i1024!2i768!4f13.1!3m3!1m2!1s0x12ac0de6de9463e9%3A0xc7fb153793253908!2s82000%20Montauban!5e0!3m2!1sfr!2sfr!4v1772730263530!5m2!1sfr!2sfr\"><\/iframe><\/p>\n<p>Selon nos informations, Rachid Ejarfallah a \u00e9t\u00e9 entendu en garde \u00e0 vue mardi 24\u00a0f\u00e9vrier 2026 dans les locaux de la division de la criminalit\u00e9 organis\u00e9e et sp\u00e9cialis\u00e9e (DCOS), l\u2019ex-police judiciaire, \u00e0 Toulouse.<\/p>\n<p>Cette mesure intervient quelques semaines apr\u00e8s une perquisition men\u00e9e \u00e0 son domicile montalbanais, d\u00e9but f\u00e9vrier\u00a02026, alors qu\u2019il se trouvait en d\u00e9placement au Maroc.<\/p>\n<h2 class=\"txt-int\">Un entrepreneur li\u00e9 \u00e0 la patinoire du march\u00e9 de No\u00ebl<\/h2>\n<p>Le chef d\u2019entreprise dirige plusieurs soci\u00e9t\u00e9s, dont l\u2019une intervient notamment dans l\u2019installation et la gestion de la patinoire install\u00e9e chaque ann\u00e9e pendant le march\u00e9 de No\u00ebl de la municipalit\u00e9. Cet \u00e9quipement saisonnier est traditionnellement implant\u00e9 sur l\u2019esplanade des Fontaines, en plein centre de Montauban.<\/p>\n<p>C\u2019est dans ce cadre que l\u2019enqu\u00eate judiciaire s\u2019int\u00e9resse \u00e0 un march\u00e9 public attribu\u00e9 par la ville.<\/p>\n<p>Contact\u00e9 par <em>La D\u00e9p\u00eache<\/em>, le procureur de la R\u00e9publique de Montauban, Bruno Sauvage, n\u2019a ni confirm\u00e9 ni infirm\u00e9 l\u2019existence de cette proc\u00e9dure. L\u2019affaire a \u00e9t\u00e9 d\u00e9pays\u00e9e au parquet de Toulouse d\u00e8s l\u2019ouverture de l\u2019enqu\u00eate, une d\u00e9cision classique lorsque des \u00e9lus locaux sont susceptibles d\u2019\u00eatre concern\u00e9s par une proc\u00e9dure.<\/p>\n<h2 class=\"txt-int\">Une enqu\u00eate d\u00e9clench\u00e9e par une lettre anonyme<\/h2>\n<p>\u00c0 l\u2019origine de cette affaire<strong>,<\/strong> une lettre anonyme adress\u00e9e \u00e0 la justice il y a plusieurs mois. Dans ce courrier, son ou ses auteurs s\u2019\u00e9tonneraient de voir Rachid Ejarfallah appara\u00eetre r\u00e9guli\u00e8rement dans les m\u00e9dias\u00a0pour promouvoir la patinoire municipale, alors m\u00eame qu\u2019il est li\u00e9, par alliance, \u00e0 l\u2019\u00e9lue qui signait le march\u00e9 public.<\/p>\n<p>Le signalement serait rest\u00e9 plusieurs mois sans \u00eatre exploit\u00e9 par la justice avant que les autorit\u00e9s ne d\u00e9cident finalement d\u2019ouvrir une enqu\u00eate pr\u00e9liminaire confi\u00e9e aux enqu\u00eateurs de la DCOS de Toulouse.<\/p>\n<p>Les premi\u00e8res investigations n\u2019auraient, \u00e0 ce stade, mis au jour ni fausses factures ni enrichissement personnel av\u00e9r\u00e9.<\/p>\n<h2 class=\"txt-int\">Un march\u00e9 public de faible montant<\/h2>\n<p>Le march\u00e9 public en question porterait par ailleurs sur une somme relativement modeste, estim\u00e9e \u00e0 environ 1\u00a0000\u00a0euros. Mais pour les enqu\u00eateurs, la question centrale ne porte pas uniquement sur le montant.<\/p>\n<p>L\u2019enqu\u00eate doit d\u00e9terminer si un proche d\u2019un \u00e9lu peut l\u00e9galement participer \u00e0 un march\u00e9 public attribu\u00e9 par la collectivit\u00e9 dirig\u00e9e par ce m\u00eame \u00e9lu\u00a0et, surtout, si les r\u00e8gles de mise en concurrence et d\u2019ex\u00e9cution du march\u00e9 ont \u00e9t\u00e9 correctement respect\u00e9es.<\/p>\n<h2 class=\"txt-int\">L\u2019ex-maire n\u2019a pas \u00e9t\u00e9 entendue \u00e0 ce stade<\/h2>\n<p>L\u2019enqu\u00eate se poursuit d\u00e9sormais sous la direction du parquet de Toulouse. Selon nos informations, Brigitte Bar\u00e8ges n\u2019a, \u00e0 ce stade, pas \u00e9t\u00e9 entendue dans le cadre de cette proc\u00e9dure. Une \u00e9ventuelle audition rel\u00e8ve d\u00e9sormais de l\u2019appr\u00e9ciation du parquet de Toulouse.<\/p>\n<p>Dans un contexte politique local marqu\u00e9 par les \u00e9lections municipales, dont le second tour est pr\u00e9vu le dimanche 22\u00a0mars 2026, aucune d\u00e9cision judiciaire n\u2019est attendue \u00e0 court terme dans ce dossier, selon les \u00e9l\u00e9ments dont nous disposons.<\/p>\n<h2 class=\"txt-int\">Une enqu\u00eate pr\u00e9liminaire pour l\u2019instant<\/h2>\n<p>Bien que d\u00e9chue de ses mandats et frapp\u00e9e d\u2019in\u00e9ligibilit\u00e9, l\u2019ancienne maire de Montauban dirige actuellement la campagne de Didier Lallemand, qui porte les couleurs de la majorit\u00e9 municipale sortante.<\/p>\n<p>\u00c0 ce stade, Rachid Ejarfallah comme Brigitte Bar\u00e8ges b\u00e9n\u00e9ficient de la pr\u00e9somption d\u2019innocence. L\u2019enqu\u00eate est men\u00e9e dans le cadre d\u2019une enqu\u00eate pr\u00e9liminaire, phase d\u2019investigation au cours de laquelle les enqu\u00eateurs agissent sous l\u2019autorit\u00e9 du parquet.<\/p>\n<h2 class=\"txt-int\">Jusqu\u2019\u00e0 cinq ans de prison<\/h2>\n<p>\u00c0 son\u00a0terme, celui-ci pourra d\u00e9cider soit de poursuivre les investigations, soit d\u2019engager des poursuites judiciaires, soit encore de classer la proc\u00e9dure sans suite faute d\u2019\u00e9l\u00e9ments suffisants.<\/p>\n<p>Le d\u00e9lit de recel de favoritisme est passible\u00a0de cinq ans d\u2019emprisonnement et 375\u00a0000\u00a0euros d\u2019amende. La loi pr\u00e9voit \u00e9galement plusieurs peines compl\u00e9mentaires, comme l\u2019exclusion des march\u00e9s publics ou l\u2019interdiction d\u2019exercer certaines activit\u00e9s professionnelles.<\/p>\n<\/div>\n<h2>Droits des Personnes en Garde \u00e0 Vue<\/h2>\n<h3>Droit \u00e0 la Pr\u00e9sence d\u2019un Avocat<\/h3>\n<p>Il est vital de souligner que la pr\u00e9sence d\u2019un avocat est essentielle pour assurer une d\u00e9fense efficace, surtout dans le cadre d\u2019une enqu\u00eate p\u00e9nale. L\u2019avocat peut aussi guider l\u2019individu sur ses droits, notamment le droit de ne pas parler et les cons\u00e9quences de ses d\u00e9clarations. Le droit \u00e0 l\u2019assistance d\u2019un avocat est crucial pour les individus plac\u00e9s en garde \u00e0 vue. Ce droit garantit \u00e0 la personne des conseils juridiques et une repr\u00e9sentation l\u00e9gale tout au long du processus. L\u2019avocat a la possibilit\u00e9 d\u2019intervenir d\u00e8s le commencement de la garde \u00e0 vue, ce qui est essentiel pour assurer le respect des droits de l\u2019individu. En cas de non-respect de ce droit, la validit\u00e9 de la garde \u00e0 vue pourrait \u00eatre remise en cause, entra\u00eenant des cons\u00e9quences sur la suite de la proc\u00e9dure judiciaire.<\/p>\n<\/p>\n<h3>Droit \u00e0 \u00eatre inform\u00e9<\/h3>\n<p>L\u2019information est un droit vital pour les individus en garde \u00e0 vue. Les officiers de police doivent fournir des explications sur les motifs de la garde \u00e0 vue et les droits associ\u00e9s, tels que le droit \u00e0 un avocat et le droit de ne pas s\u2019auto-incriminer. Quand une personne est sous garde \u00e0 vue, elle doit \u00eatre inform\u00e9e des motifs de cette d\u00e9cision et de ses droits. L\u2019information doit \u00eatre fournie de mani\u00e8re explicite et intelligible, permettant \u00e0 l\u2019individu de prendre des d\u00e9cisions inform\u00e9es sur sa d\u00e9fense. Ce droit \u00e0 l\u2019information est indispensable pour assurer la transparence de la proc\u00e9dure et pour pr\u00e9server les libert\u00e9s individuelles. Le manquement \u00e0 cette obligation pourrait entra\u00eener des cons\u00e9quences sur la validit\u00e9 de la garde \u00e0 vue et sur les d\u00e9cisions judiciaires \u00e0 venir.<\/p>\n<h2>Les modalit\u00e9s de la garde \u00e0 vue<\/h2>\n<h3>Extension de la garde \u00e0 vue<\/h3>\n<p>Si les preuves de l\u2019enqu\u00eate exigent un temps suppl\u00e9mentaire pour \u00eatre examin\u00e9es, la police peut requ\u00e9rir une prolongation, qui doit \u00eatre valid\u00e9e par un procureur. Cette prolongation ne peut pas exc\u00e9der 48 heures au total, sauf dans des situations exceptionnelles d\u00e9finies par le code de proc\u00e9dure p\u00e9nale. Durant cette p\u00e9riode, l\u2019individu en garde \u00e0 vue a toujours ses droits, y compris le droit \u00e0 l\u2019assistance d\u2019un avocat et le droit d\u2019\u00eatre inform\u00e9 des raisons de sa d\u00e9tention. Il est indispensable que cette prolongation soit fond\u00e9e sur des \u00e9l\u00e9ments v\u00e9rifiables, afin de pr\u00e9server les droits individuels et d\u2019assurer un traitement \u00e9quitable dans le cadre de la proc\u00e9dure judiciaire. L\u2019extension de la garde \u00e0 vue est une mesure qui peut \u00eatre mise en \u0153uvre dans des situations sp\u00e9cifiques.<\/p>\n<\/p>\n<h3>Principes de placement en garde \u00e0 vue<\/h3>\n<p>Pour qu\u2019une personne puisse \u00eatre retenue en garde \u00e0 vue, plusieurs conditions doivent \u00eatre remplies. Les agents de police doivent avoir des raisons valables de croire que la personne a commis une infraction. Ces justifications doivent reposer sur des faits concrets, tels que des d\u00e9clarations de t\u00e9moins ou des \u00e9l\u00e9ments de preuve. La d\u00e9cision de garder une personne \u00e0 vue ne peut \u00eatre prise que si cela est justifi\u00e9 par les n\u00e9cessit\u00e9s de l\u2019enqu\u00eate, comme pour \u00e9viter qu\u2019elle ne s\u2019enfuie ou ne d\u00e9truise des preuves. De plus, la loi encadre la dur\u00e9e de la garde \u00e0 vue, et toute prolongation doit \u00eatre d\u00fbment justifi\u00e9e et approuv\u00e9e par un procureur. Ces exigences sont mises en place pour garantir les droits des personnes et pour \u00e9viter les abus de pouvoir dans le cadre de la proc\u00e9dure p\u00e9nale. Que ce soit pour un crime, un d\u00e9lit ou une infraction, ces actes justifient des gardes \u00e0 vue pour garantir l\u2019\u00e9galit\u00e9 des citoyens face \u00e0 la loi dans le cadre de la R\u00e9publique.<\/p>\n<h2>R\u00e9percussions et Proc\u00e9dures Judiciaires<\/h2>\n<h3>Poids des Preuves<\/h3>\n<p>On ne peut pas sous-estimer l\u2019importance des \u00e9l\u00e9ments de preuve dans le syst\u00e8me p\u00e9nal. En r\u00e9sum\u00e9, la garde \u00e0 vue repr\u00e9sente une phase d\u00e9terminante qui peut avoir des cons\u00e9quences importantes sur la vie de la personne concern\u00e9e, et il est crucial d\u2019en saisir les enjeux et les implications. La totalit\u00e9 de la proc\u00e9dure est encadr\u00e9e par le procureur de la R\u00e9publique ou un juge d\u2019instruction, en respect des lois et de la Constitution. Les preuves obtenues pendant la garde \u00e0 vue, qu\u2019elles soient mat\u00e9rielles ou t\u00e9moignages, ont un impact majeur sur le r\u00e9sultat de l\u2019affaire. Ils doivent \u00eatre collect\u00e9s en conformit\u00e9 avec les droits de la personne et les r\u00e8gles l\u00e9gales pour assurer un traitement juste.<\/p>\n<h3>Comparution devant le Juge d\u2019Instruction<\/h3>\n<p>\u00c0 la fin de la garde \u00e0 vue, diverses cons\u00e9quences peuvent en r\u00e9sulter. La premi\u00e8re \u00e9tape consiste \u00e0 pr\u00e9senter la personne devant un juge, qui \u00e9valuera les \u00e9l\u00e9ments de l\u2019enqu\u00eate et d\u00e9cidera des suites \u00e0 donner. Si le juge d\u00e9termine qu\u2019il y a suffisamment de preuves, il peut ordonner le d\u00e9but de poursuites judiciaires. Dans ce cas, l\u2019individu sera mis au courant des charges retenues contre lui et des droits qui lui sont offerts tout au long de la proc\u00e9dure judiciaire. Le procureur de la R\u00e9publique, tout comme un juge d\u2019instruction, est un fonctionnaire de l\u2019\u00c9tat. Ils poss\u00e8dent le pouvoir constitutionnel de diriger la police pour appr\u00e9hender des suspects.<\/p>\n<h3>Lib\u00e9ration et Proc\u00e9dure de Recours<\/h3>\n<p>\u00c0 l\u2019inverse, si les \u00e9l\u00e9ments de preuve sont jug\u00e9s insuffisants, la personne peut \u00eatre remise en libert\u00e9 sans poursuites. Cette d\u00e9cision est essentielle, car elle permet de pr\u00e9server les droits de la personne et d\u2019\u00e9viter des d\u00e9tentions inappropri\u00e9es. Peu importe que les faits soient des infractions, des crimes ou des d\u00e9lits, le droit constitutionnel de notre R\u00e9publique inclut des protections pour les citoyens. Il est essentiel de noter que la personne a la possibilit\u00e9 de contester la d\u00e9cision du juge si elle estime que ses droits n\u2019ont pas \u00e9t\u00e9 respect\u00e9s ou si la proc\u00e9dure a \u00e9t\u00e9 entach\u00e9e d\u2019irr\u00e9gularit\u00e9s.<\/p>\n<h2>La Garde \u00e0 Vue : un aper\u00e7u<\/h2>\n<p>La garde \u00e0 vue est une forme de d\u00e9tention qui permet aux forces de l\u2019ordre de retenir une personne suspect\u00e9e d\u2019infraction. Elle est d\u00e9finie par le Code de proc\u00e9dure p\u00e9nale et a pour objectif de faciliter l\u2019enqu\u00eate en permettant aux enqu\u00eateurs de recueillir des preuves. En g\u00e9n\u00e9ral, la garde \u00e0 vue est limit\u00e9e \u00e0 24 heures, mais peut \u00eatre prolong\u00e9e \u00e0 48 heures dans des cas de d\u00e9lits graves. Souvent, cette mesure engendre des pr\u00e9occupations chez les individus concern\u00e9s, qui peuvent se sentir perdus dans le labyrinthe des proc\u00e9dures judiciaires.<\/p>\n<h2>La D\u00e9marche de Garde \u00e0 Vue<\/h2>\n<h3>D\u00e9marches de l\u2019Enqu\u00eate et de l\u2019Audition<\/h3>\n<p>La proc\u00e9dure de garde \u00e0 vue est un processus l\u00e9gal qui se d\u00e9roule en diff\u00e9rentes \u00e9tapes. <strong>\u00c9tude des sp\u00e9cificit\u00e9s de la garde \u00e0 vue par rapport \u00e0 l\u2019audition libre :<\/strong><\/p>\n<table border=\"1\" cellpadding=\"9\" cellspacing=\"2\">\n<thead>\n<tr>\n<th>Note distinctive\n<\/th>\n<th>Garde \u00e0 Vue\n<\/th>\n<th>Audition Libre\n<\/th>\n<\/tr>\n<\/thead>\n<tbody>\n<tr>\n<td>Droit \u00e0 l\u2019assistance d\u2019un avocat\n<\/td>\n<td>Oui\n<\/td>\n<td>Oui\n<\/td>\n<\/tr>\n<tr>\n<td>Dur\u00e9e maximale permise\n<\/td>\n<td>24 heures\n<\/td>\n<td>N\/A\n<\/td>\n<\/tr>\n<tr>\n<td>Exigence de se pr\u00e9senter\n<\/td>\n<td>Oui\n<\/td>\n<td>Non\n<\/td>\n<\/tr>\n<tr>\n<td>Droit de ne pas s\u2019exprimer\n<\/td>\n<td>Oui\n<\/td>\n<td>Oui\n<\/td>\n<\/tr>\n<tr>\n<td>Interrogatoire impos\u00e9\n<\/td>\n<td>Oui\n<\/td>\n<td>Non\n<\/td>\n<\/tr>\n<tr>\n<td>Autoris\u00e9 \u00e0 quitter \u00e0 tout moment\n<\/td>\n<td>Non\n<\/td>\n<td>Oui\n<\/td>\n<\/tr>\n<tr>\n<td>Droit \u00e0 l\u2019information sur les chefs d\u2019accusation\n<\/td>\n<td>Limit\u00e9\n<\/td>\n<td>Complet\n<\/td>\n<\/tr>\n<tr>\n<td>Option de demander des informations suppl\u00e9mentaires sur les droits\n<\/td>\n<td>Oui\n<\/td>\n<td>Oui\n<\/td>\n<\/tr>\n<tr>\n<td>Interrogation envisageable sur des \u00e9l\u00e9ments connus\n<\/td>\n<td>Oui\n<\/td>\n<td>Non\n<\/td>\n<\/tr>\n<tr>\n<td>Convocation \u00e0 se pr\u00e9senter comme t\u00e9moin\n<\/td>\n<td>Non\n<\/td>\n<td>Oui\n<\/td>\n<\/tr>\n<tr>\n<td>Peut \u00eatre r\u00e9it\u00e9r\u00e9e\n<\/td>\n<td>Oui\n<\/td>\n<td>N\/A\n<\/td>\n<\/tr>\n<tr>\n<td>Pas de pression\n<\/td>\n<td>Non\n<\/td>\n<td>Oui<\/td>\n<\/tr>\n<\/tbody>\n<\/table>\n<p>Apr\u00e8s la prononciation de la garde \u00e0 vue, la personne re\u00e7oit des informations sur ses droits, notamment le droit \u00e0 l\u2019assistance d\u2019un avocat et le droit de garder le silence. L\u2019intervention des forces de police marque le d\u00e9but, car elles peuvent d\u00e9cider de garder une personne \u00e0 vue si elles pensent avoir des motifs raisonnables de soup\u00e7onner une infraction. Cette d\u00e9cision doit \u00eatre justifi\u00e9e par des preuves tangibles et ne doit pas \u00eatre prise \u00e0 la l\u00e9g\u00e8re. C\u2019est lors de l\u2019audition que les d\u00e9clarations de la personne sont capt\u00e9es, un moment cl\u00e9 qui peut influencer de mani\u00e8re importante le d\u00e9roulement ult\u00e9rieur de la proc\u00e9dure. Il est important que les propos soient tenus dans un cadre serein, en veillant au respect des droits de l\u2019individu.<\/p>\n<\/p>\n<p>Une fois en garde \u00e0 vue, l\u2019individu est g\u00e9n\u00e9ralement questionn\u00e9 par un officier de police judiciaire (OPJ). Il est fondamental que ce dernier respecte les droits individuels, en permettant \u00e0 la personne de consulter son avocat avant de r\u00e9pondre aux questions.<\/p>\n<h3>Affrontement et Dossier<\/h3>\n<p>Il est envisageable d\u2019organiser une confrontation avec d\u2019autres t\u00e9moins ou suspects. Cette phase a pour objectif de rassembler des informations suppl\u00e9mentaires susceptibles d\u2019\u00e9clairer l\u2019enqu\u00eate. Les d\u00e9clarations faites durant cette confrontation sont consign\u00e9es dans un proc\u00e8s-verbal, qui constituera une r\u00e9f\u00e9rence pour les \u00e9tapes \u00e0 venir de la proc\u00e9dure. Les rapports et la documentation appropri\u00e9s sont essentiels pour assurer la transparence et la l\u00e9galit\u00e9 de l\u2019ensemble du processus.<\/p>\n<h2>Au terme de la Garde \u00e0 Vue<\/h2>\n<h3>Approche L\u00e9gale<\/h3>\n<p>L\u2019orientation l\u00e9gale pendant la garde \u00e0 vue est cruciale. Les avocats sont fondamentaux en aidant leurs clients \u00e0 naviguer \u00e0 travers cette p\u00e9riode compliqu\u00e9e. Ils peuvent aider \u00e0 concevoir des r\u00e9ponses ad\u00e9quates aux questions des enqu\u00eateurs et \u00e0 garantir que les droits de leur client sont respect\u00e9s. De plus, une strat\u00e9gie efficace peut impliquer la pr\u00e9paration anticip\u00e9e de la d\u00e9fense, en collectant des preuves et des t\u00e9moignages susceptibles d\u2019\u00eatre utiles lors d\u2019une audience future. Pour r\u00e9sumer, la garde \u00e0 vue est une proc\u00e9dure d\u00e9licate qui n\u00e9cessite une connaissance approfondie des droits et des obligations des personnes impliqu\u00e9es. Il est important de comprendre les droits en garde \u00e0 vue, la dur\u00e9e maximale de cette proc\u00e9dure, et les \u00e9tapes qui suivent pour naviguer dans le syst\u00e8me judiciaire avec s\u00e9r\u00e9nit\u00e9. Il est primordial de se rappeler que chaque cas est particulier et que l\u2019assistance d\u2019un avocat peut faire une diff\u00e9rence notable dans le r\u00e9sultat de la proc\u00e9dure.<\/p>\n<\/p>\n<h3>Suites \u00e0 donner apr\u00e8s la Garde \u00e0 Vue<\/h3>\n<p>\u00c0 l\u2019issue de la garde \u00e0 vue, plusieurs possibilit\u00e9s peuvent se dessiner. L\u2019individu peut \u00eatre rel\u00e2ch\u00e9 sans poursuites, \u00eatre mis en examen, ou \u00eatre soumis \u00e0 un contr\u00f4le judiciaire. En cas de mise en examen, cela indique que des accusations formelles sont port\u00e9es contre elle, et elle devra se pr\u00e9parer \u00e0 une \u00e9ventuelle proc\u00e9dure l\u00e9gale. Il est crucial de rappeler que la d\u00e9cision de prolonger la garde \u00e0 vue ou de passer \u00e0 une nouvelle \u00e9tape du processus judiciaire doit \u00eatre \u00e9tay\u00e9e par des \u00e9l\u00e9ments concrets et approuv\u00e9e par un procureur.<\/p>\n<\/p>\n<h2>Appr\u00e9hender la notion de Garde \u00e0 Vue<\/h2>\n<h3>\u00c9claircissement et Cadre L\u00e9gal<\/h3>\n<p>Avant d\u2019entrer en garde \u00e0 vue, l\u2019individu est inform\u00e9 de ses droits, y compris le droit de ne pas parler et le droit d\u2019\u00eatre assist\u00e9 par un avocat. Ces droits sont d\u2019une importance cruciale, car ils garantissent que la personne ne subisse pas de pressions non d\u00e9sir\u00e9es et qu\u2019elle puisse se d\u00e9fendre ad\u00e9quatement. L\u2019aide d\u2019un avocat est particuli\u00e8rement significative, car il peut orienter la personne sur la meilleure fa\u00e7on de r\u00e9pondre aux questions des enqu\u00eateurs et sur les cons\u00e9quences de ses d\u00e9clarations. <a target=\"_blank\" rel=\"nofollow\" href=\"https:\/\/www.tribunal-nature.org\/blog\/goto\/https:\/\/www.courtier-avocat-strategie-tribunal-judiciaire.fr\/garde-a-vue\/\"  rel=\"noopener noreferrer\" target=\"blank\">Renseignez vous sur le site https:\/\/www.courtier-avocat-strategie-tribunal-judiciaire.fr<\/a> : service qui vous guide pour g\u00e9rer au mieux votre garde \u00e0 vue. Il est fondamental de comprendre que la garde \u00e0 vue ne sous-entend pas la culpabilit\u00e9 de la personne ; c\u2019est simplement une \u00e9tape dans le d\u00e9roulement de l\u2019enqu\u00eate.<\/p>\n<h3>R\u00f4les des Intervenants<\/h3>\n<p>Les principaux acteurs impliqu\u00e9s dans la garde \u00e0 vue sont les officiers de police judiciaire (OPJ) et les avocats. Les OPJ ont pour mission de diriger l\u2019enqu\u00eate et de proc\u00e9der aux interrogatoires, alors que les avocats veillent \u00e0 la protection des droits de leurs clients. L\u2019association de ces deux parties est essentielle pour garantir l\u2019\u00e9quit\u00e9 du processus.<\/p>\n<\/p>\n<h3>Missions de la Garde \u00e0 Vue<\/h3>\n<p>Les buts principaux de la garde \u00e0 vue englobent la collecte d\u2019\u00e9l\u00e9ments de preuve, la protection des t\u00e9moins, et la pr\u00e9vention de l\u2019\u00e9vasion de l\u2019individu suspect\u00e9. En gardant une personne sous enqu\u00eate, les enqu\u00eateurs peuvent poser des questions et obtenir des informations qui pourraient s\u2019av\u00e9rer cruciales pour l\u2019enqu\u00eate. Cela permet aussi d\u2019\u00e9viter que la personne ne d\u00e9forme des preuves ou n\u2019influence d\u2019autres t\u00e9moins.<\/p>\n<\/div>\n","protected":false},"excerpt":{"rendered":"<p>L\u2019article r\u00e9cemment publi\u00e9 a pour titre \u00ab\u00a0Enqu\u00eate sur un march\u00e9 public \u00e0 Montauban\u00a0: le gendre de l\u2019ancienne maire in\u00e9ligible Brigitte&#8230;<\/p>\n","protected":false},"author":3,"featured_media":0,"comment_status":"closed","ping_status":"closed","sticky":false,"template":"","format":"standard","meta":{"footnotes":""},"categories":[2],"tags":[],"class_list":["post-1633","post","type-post","status-publish","format-standard","hentry","category-droit-de-lenvironnement","wpcat-2-id"],"yoast_head":"<!-- This site is optimized with the Yoast SEO plugin v27.5 - https:\/\/yoast.com\/product\/yoast-seo-wordpress\/ -->\n<title>Garde \u00e0 vue; Enqu\u00eate sur un march\u00e9 public \u00e0 Montauban\u00a0: le gendre de l\u2019ancienne maire in\u00e9ligible Brigitte Bar\u00e8ges entendu en garde \u00e0 vue par la police judiciaire - TRIBUNAL-NATURE<\/title>\n<meta name=\"description\" content=\"Garde \u00e0 vue; Enqu\u00eate sur un march\u00e9 public \u00e0 Montauban\u00a0: le gendre de l\u2019ancienne maire in\u00e9ligible Brigitte Bar\u00e8ges entendu en garde \u00e0 vue par la police judiciaire article de TRIBUNAL-NATURE\" \/>\n<meta name=\"robots\" content=\"index, follow, max-snippet:-1, max-image-preview:large, max-video-preview:-1\" \/>\n<link rel=\"canonical\" href=\"https:\/\/www.tribunal-nature.org\/blog\/garde-a-vue-enquete-sur-un-marche-public-a-montauban-le-gendre-de-lancienne-maire-ineligible-brigitte-bareges-entendu-en-garde-a-vue-par-la-police-judiciaire\/\" \/>\n<meta property=\"og:locale\" content=\"fr_FR\" \/>\n<meta property=\"og:type\" content=\"article\" \/>\n<meta property=\"og:title\" content=\"Garde \u00e0 vue; Enqu\u00eate sur un march\u00e9 public \u00e0 Montauban\u00a0: le gendre de l\u2019ancienne maire in\u00e9ligible Brigitte Bar\u00e8ges entendu en garde \u00e0 vue par la police judiciaire - TRIBUNAL-NATURE\" \/>\n<meta property=\"og:description\" content=\"Garde \u00e0 vue; Enqu\u00eate sur un march\u00e9 public \u00e0 Montauban\u00a0: le gendre de l\u2019ancienne maire in\u00e9ligible Brigitte Bar\u00e8ges entendu en garde \u00e0 vue par la police judiciaire article de TRIBUNAL-NATURE\" \/>\n<meta property=\"og:url\" content=\"https:\/\/www.tribunal-nature.org\/blog\/garde-a-vue-enquete-sur-un-marche-public-a-montauban-le-gendre-de-lancienne-maire-ineligible-brigitte-bareges-entendu-en-garde-a-vue-par-la-police-judiciaire\/\" \/>\n<meta property=\"og:site_name\" content=\"TRIBUNAL-NATURE\" \/>\n<meta property=\"article:published_time\" content=\"2026-03-17T08:08:24+00:00\" \/>\n<meta name=\"author\" content=\"Isabelle LOUBEAU\" \/>\n<meta name=\"twitter:card\" content=\"summary_large_image\" \/>\n<meta name=\"twitter:label1\" content=\"\u00c9crit par\" \/>\n\t<meta name=\"twitter:data1\" content=\"Isabelle LOUBEAU\" \/>\n\t<meta name=\"twitter:label2\" content=\"Dur\u00e9e de lecture estim\u00e9e\" \/>\n\t<meta name=\"twitter:data2\" content=\"15 minutes\" \/>\n<script type=\"application\/ld+json\" class=\"yoast-schema-graph\">{\"@context\":\"https:\\\/\\\/schema.org\",\"@graph\":[{\"@type\":\"Article\",\"@id\":\"https:\\\/\\\/www.tribunal-nature.org\\\/blog\\\/garde-a-vue-enquete-sur-un-marche-public-a-montauban-le-gendre-de-lancienne-maire-ineligible-brigitte-bareges-entendu-en-garde-a-vue-par-la-police-judiciaire\\\/#article\",\"isPartOf\":{\"@id\":\"https:\\\/\\\/www.tribunal-nature.org\\\/blog\\\/garde-a-vue-enquete-sur-un-marche-public-a-montauban-le-gendre-de-lancienne-maire-ineligible-brigitte-bareges-entendu-en-garde-a-vue-par-la-police-judiciaire\\\/\"},\"author\":{\"name\":\"Isabelle LOUBEAU\",\"@id\":\"https:\\\/\\\/www.tribunal-nature.org\\\/blog\\\/#\\\/schema\\\/person\\\/55761caf7544da6b05b60523f2a0855f\"},\"headline\":\"Garde \u00e0 vue; Enqu\u00eate sur un march\u00e9 public \u00e0 Montauban\u00a0: le gendre de l\u2019ancienne maire in\u00e9ligible Brigitte Bar\u00e8ges entendu en garde \u00e0 vue par la police judiciaire\",\"datePublished\":\"2026-03-17T08:08:24+00:00\",\"mainEntityOfPage\":{\"@id\":\"https:\\\/\\\/www.tribunal-nature.org\\\/blog\\\/garde-a-vue-enquete-sur-un-marche-public-a-montauban-le-gendre-de-lancienne-maire-ineligible-brigitte-bareges-entendu-en-garde-a-vue-par-la-police-judiciaire\\\/\"},\"wordCount\":3030,\"publisher\":{\"@id\":\"https:\\\/\\\/www.tribunal-nature.org\\\/blog\\\/#organization\"},\"articleSection\":[\"Droit De L'Environnement:\"],\"inLanguage\":\"fr-FR\"},{\"@type\":\"WebPage\",\"@id\":\"https:\\\/\\\/www.tribunal-nature.org\\\/blog\\\/garde-a-vue-enquete-sur-un-marche-public-a-montauban-le-gendre-de-lancienne-maire-ineligible-brigitte-bareges-entendu-en-garde-a-vue-par-la-police-judiciaire\\\/\",\"url\":\"https:\\\/\\\/www.tribunal-nature.org\\\/blog\\\/garde-a-vue-enquete-sur-un-marche-public-a-montauban-le-gendre-de-lancienne-maire-ineligible-brigitte-bareges-entendu-en-garde-a-vue-par-la-police-judiciaire\\\/\",\"name\":\"Garde \u00e0 vue; Enqu\u00eate sur un march\u00e9 public \u00e0 Montauban\u00a0: le gendre de l\u2019ancienne maire in\u00e9ligible Brigitte Bar\u00e8ges entendu en garde \u00e0 vue par la police judiciaire - TRIBUNAL-NATURE\",\"isPartOf\":{\"@id\":\"https:\\\/\\\/www.tribunal-nature.org\\\/blog\\\/#website\"},\"datePublished\":\"2026-03-17T08:08:24+00:00\",\"description\":\"Garde \u00e0 vue; Enqu\u00eate sur un march\u00e9 public \u00e0 Montauban\u00a0: le gendre de l\u2019ancienne maire in\u00e9ligible Brigitte Bar\u00e8ges entendu en garde \u00e0 vue par la police judiciaire article de TRIBUNAL-NATURE\",\"breadcrumb\":{\"@id\":\"https:\\\/\\\/www.tribunal-nature.org\\\/blog\\\/garde-a-vue-enquete-sur-un-marche-public-a-montauban-le-gendre-de-lancienne-maire-ineligible-brigitte-bareges-entendu-en-garde-a-vue-par-la-police-judiciaire\\\/#breadcrumb\"},\"inLanguage\":\"fr-FR\",\"potentialAction\":[{\"@type\":\"ReadAction\",\"target\":[\"https:\\\/\\\/www.tribunal-nature.org\\\/blog\\\/garde-a-vue-enquete-sur-un-marche-public-a-montauban-le-gendre-de-lancienne-maire-ineligible-brigitte-bareges-entendu-en-garde-a-vue-par-la-police-judiciaire\\\/\"]}]},{\"@type\":\"BreadcrumbList\",\"@id\":\"https:\\\/\\\/www.tribunal-nature.org\\\/blog\\\/garde-a-vue-enquete-sur-un-marche-public-a-montauban-le-gendre-de-lancienne-maire-ineligible-brigitte-bareges-entendu-en-garde-a-vue-par-la-police-judiciaire\\\/#breadcrumb\",\"itemListElement\":[{\"@type\":\"ListItem\",\"position\":1,\"name\":\"Accueil\",\"item\":\"https:\\\/\\\/www.tribunal-nature.org\\\/blog\\\/\"},{\"@type\":\"ListItem\",\"position\":2,\"name\":\"Garde \u00e0 vue; Enqu\u00eate sur un march\u00e9 public \u00e0 Montauban\u00a0: le gendre de l\u2019ancienne maire in\u00e9ligible Brigitte Bar\u00e8ges entendu en garde \u00e0 vue par la police judiciaire\"}]},{\"@type\":\"WebSite\",\"@id\":\"https:\\\/\\\/www.tribunal-nature.org\\\/blog\\\/#website\",\"url\":\"https:\\\/\\\/www.tribunal-nature.org\\\/blog\\\/\",\"name\":\"TRIBUNAL-NATURE\",\"description\":\"Droit De L&#039;Environnement.\",\"publisher\":{\"@id\":\"https:\\\/\\\/www.tribunal-nature.org\\\/blog\\\/#organization\"},\"potentialAction\":[{\"@type\":\"SearchAction\",\"target\":{\"@type\":\"EntryPoint\",\"urlTemplate\":\"https:\\\/\\\/www.tribunal-nature.org\\\/blog\\\/?s={search_term_string}\"},\"query-input\":{\"@type\":\"PropertyValueSpecification\",\"valueRequired\":true,\"valueName\":\"search_term_string\"}}],\"inLanguage\":\"fr-FR\"},{\"@type\":\"Organization\",\"@id\":\"https:\\\/\\\/www.tribunal-nature.org\\\/blog\\\/#organization\",\"name\":\"tribunal-nature\",\"url\":\"https:\\\/\\\/www.tribunal-nature.org\\\/blog\\\/\",\"logo\":{\"@type\":\"ImageObject\",\"inLanguage\":\"fr-FR\",\"@id\":\"https:\\\/\\\/www.tribunal-nature.org\\\/blog\\\/#\\\/schema\\\/logo\\\/image\\\/\",\"url\":\"https:\\\/\\\/www.tribunal-nature.org\\\/blog\\\/wp-content\\\/uploads\\\/2022\\\/05\\\/logo-2.png\",\"contentUrl\":\"https:\\\/\\\/www.tribunal-nature.org\\\/blog\\\/wp-content\\\/uploads\\\/2022\\\/05\\\/logo-2.png\",\"width\":180,\"height\":180,\"caption\":\"tribunal-nature\"},\"image\":{\"@id\":\"https:\\\/\\\/www.tribunal-nature.org\\\/blog\\\/#\\\/schema\\\/logo\\\/image\\\/\"}},{\"@type\":\"Person\",\"@id\":\"https:\\\/\\\/www.tribunal-nature.org\\\/blog\\\/#\\\/schema\\\/person\\\/55761caf7544da6b05b60523f2a0855f\",\"name\":\"Isabelle LOUBEAU\",\"image\":{\"@type\":\"ImageObject\",\"inLanguage\":\"fr-FR\",\"@id\":\"https:\\\/\\\/secure.gravatar.com\\\/avatar\\\/b6912620aca78633bf5d50400888815d3b38a1118e82b94050843f411f3f5972?s=96&d=mm&r=g\",\"url\":\"https:\\\/\\\/secure.gravatar.com\\\/avatar\\\/b6912620aca78633bf5d50400888815d3b38a1118e82b94050843f411f3f5972?s=96&d=mm&r=g\",\"contentUrl\":\"https:\\\/\\\/secure.gravatar.com\\\/avatar\\\/b6912620aca78633bf5d50400888815d3b38a1118e82b94050843f411f3f5972?s=96&d=mm&r=g\",\"caption\":\"Isabelle LOUBEAU\"},\"url\":\"https:\\\/\\\/www.tribunal-nature.org\\\/blog\\\/author\\\/ureisabelle\\\/\"}]}<\/script>\n<!-- \/ Yoast SEO plugin. -->","yoast_head_json":{"title":"Garde \u00e0 vue; Enqu\u00eate sur un march\u00e9 public \u00e0 Montauban\u00a0: le gendre de l\u2019ancienne maire in\u00e9ligible Brigitte Bar\u00e8ges entendu en garde \u00e0 vue par la police judiciaire - TRIBUNAL-NATURE","description":"Garde \u00e0 vue; Enqu\u00eate sur un march\u00e9 public \u00e0 Montauban\u00a0: le gendre de l\u2019ancienne maire in\u00e9ligible Brigitte Bar\u00e8ges entendu en garde \u00e0 vue par la police judiciaire article de TRIBUNAL-NATURE","robots":{"index":"index","follow":"follow","max-snippet":"max-snippet:-1","max-image-preview":"max-image-preview:large","max-video-preview":"max-video-preview:-1"},"canonical":"https:\/\/www.tribunal-nature.org\/blog\/garde-a-vue-enquete-sur-un-marche-public-a-montauban-le-gendre-de-lancienne-maire-ineligible-brigitte-bareges-entendu-en-garde-a-vue-par-la-police-judiciaire\/","og_locale":"fr_FR","og_type":"article","og_title":"Garde \u00e0 vue; Enqu\u00eate sur un march\u00e9 public \u00e0 Montauban\u00a0: le gendre de l\u2019ancienne maire in\u00e9ligible Brigitte Bar\u00e8ges entendu en garde \u00e0 vue par la police judiciaire - TRIBUNAL-NATURE","og_description":"Garde \u00e0 vue; Enqu\u00eate sur un march\u00e9 public \u00e0 Montauban\u00a0: le gendre de l\u2019ancienne maire in\u00e9ligible Brigitte Bar\u00e8ges entendu en garde \u00e0 vue par la police judiciaire article de TRIBUNAL-NATURE","og_url":"https:\/\/www.tribunal-nature.org\/blog\/garde-a-vue-enquete-sur-un-marche-public-a-montauban-le-gendre-de-lancienne-maire-ineligible-brigitte-bareges-entendu-en-garde-a-vue-par-la-police-judiciaire\/","og_site_name":"TRIBUNAL-NATURE","article_published_time":"2026-03-17T08:08:24+00:00","author":"Isabelle LOUBEAU","twitter_card":"summary_large_image","twitter_misc":{"\u00c9crit par":"Isabelle LOUBEAU","Dur\u00e9e de lecture estim\u00e9e":"15 minutes"},"schema":{"@context":"https:\/\/schema.org","@graph":[{"@type":"Article","@id":"https:\/\/www.tribunal-nature.org\/blog\/garde-a-vue-enquete-sur-un-marche-public-a-montauban-le-gendre-de-lancienne-maire-ineligible-brigitte-bareges-entendu-en-garde-a-vue-par-la-police-judiciaire\/#article","isPartOf":{"@id":"https:\/\/www.tribunal-nature.org\/blog\/garde-a-vue-enquete-sur-un-marche-public-a-montauban-le-gendre-de-lancienne-maire-ineligible-brigitte-bareges-entendu-en-garde-a-vue-par-la-police-judiciaire\/"},"author":{"name":"Isabelle LOUBEAU","@id":"https:\/\/www.tribunal-nature.org\/blog\/#\/schema\/person\/55761caf7544da6b05b60523f2a0855f"},"headline":"Garde \u00e0 vue; Enqu\u00eate sur un march\u00e9 public \u00e0 Montauban\u00a0: le gendre de l\u2019ancienne maire in\u00e9ligible Brigitte Bar\u00e8ges entendu en garde \u00e0 vue par la police judiciaire","datePublished":"2026-03-17T08:08:24+00:00","mainEntityOfPage":{"@id":"https:\/\/www.tribunal-nature.org\/blog\/garde-a-vue-enquete-sur-un-marche-public-a-montauban-le-gendre-de-lancienne-maire-ineligible-brigitte-bareges-entendu-en-garde-a-vue-par-la-police-judiciaire\/"},"wordCount":3030,"publisher":{"@id":"https:\/\/www.tribunal-nature.org\/blog\/#organization"},"articleSection":["Droit De L'Environnement:"],"inLanguage":"fr-FR"},{"@type":"WebPage","@id":"https:\/\/www.tribunal-nature.org\/blog\/garde-a-vue-enquete-sur-un-marche-public-a-montauban-le-gendre-de-lancienne-maire-ineligible-brigitte-bareges-entendu-en-garde-a-vue-par-la-police-judiciaire\/","url":"https:\/\/www.tribunal-nature.org\/blog\/garde-a-vue-enquete-sur-un-marche-public-a-montauban-le-gendre-de-lancienne-maire-ineligible-brigitte-bareges-entendu-en-garde-a-vue-par-la-police-judiciaire\/","name":"Garde \u00e0 vue; Enqu\u00eate sur un march\u00e9 public \u00e0 Montauban\u00a0: le gendre de l\u2019ancienne maire in\u00e9ligible Brigitte Bar\u00e8ges entendu en garde \u00e0 vue par la police judiciaire - TRIBUNAL-NATURE","isPartOf":{"@id":"https:\/\/www.tribunal-nature.org\/blog\/#website"},"datePublished":"2026-03-17T08:08:24+00:00","description":"Garde \u00e0 vue; Enqu\u00eate sur un march\u00e9 public \u00e0 Montauban\u00a0: le gendre de l\u2019ancienne maire in\u00e9ligible Brigitte Bar\u00e8ges entendu en garde \u00e0 vue par la police judiciaire article de TRIBUNAL-NATURE","breadcrumb":{"@id":"https:\/\/www.tribunal-nature.org\/blog\/garde-a-vue-enquete-sur-un-marche-public-a-montauban-le-gendre-de-lancienne-maire-ineligible-brigitte-bareges-entendu-en-garde-a-vue-par-la-police-judiciaire\/#breadcrumb"},"inLanguage":"fr-FR","potentialAction":[{"@type":"ReadAction","target":["https:\/\/www.tribunal-nature.org\/blog\/garde-a-vue-enquete-sur-un-marche-public-a-montauban-le-gendre-de-lancienne-maire-ineligible-brigitte-bareges-entendu-en-garde-a-vue-par-la-police-judiciaire\/"]}]},{"@type":"BreadcrumbList","@id":"https:\/\/www.tribunal-nature.org\/blog\/garde-a-vue-enquete-sur-un-marche-public-a-montauban-le-gendre-de-lancienne-maire-ineligible-brigitte-bareges-entendu-en-garde-a-vue-par-la-police-judiciaire\/#breadcrumb","itemListElement":[{"@type":"ListItem","position":1,"name":"Accueil","item":"https:\/\/www.tribunal-nature.org\/blog\/"},{"@type":"ListItem","position":2,"name":"Garde \u00e0 vue; Enqu\u00eate sur un march\u00e9 public \u00e0 Montauban\u00a0: le gendre de l\u2019ancienne maire in\u00e9ligible Brigitte Bar\u00e8ges entendu en garde \u00e0 vue par la police judiciaire"}]},{"@type":"WebSite","@id":"https:\/\/www.tribunal-nature.org\/blog\/#website","url":"https:\/\/www.tribunal-nature.org\/blog\/","name":"TRIBUNAL-NATURE","description":"Droit De L&#039;Environnement.","publisher":{"@id":"https:\/\/www.tribunal-nature.org\/blog\/#organization"},"potentialAction":[{"@type":"SearchAction","target":{"@type":"EntryPoint","urlTemplate":"https:\/\/www.tribunal-nature.org\/blog\/?s={search_term_string}"},"query-input":{"@type":"PropertyValueSpecification","valueRequired":true,"valueName":"search_term_string"}}],"inLanguage":"fr-FR"},{"@type":"Organization","@id":"https:\/\/www.tribunal-nature.org\/blog\/#organization","name":"tribunal-nature","url":"https:\/\/www.tribunal-nature.org\/blog\/","logo":{"@type":"ImageObject","inLanguage":"fr-FR","@id":"https:\/\/www.tribunal-nature.org\/blog\/#\/schema\/logo\/image\/","url":"https:\/\/www.tribunal-nature.org\/blog\/wp-content\/uploads\/2022\/05\/logo-2.png","contentUrl":"https:\/\/www.tribunal-nature.org\/blog\/wp-content\/uploads\/2022\/05\/logo-2.png","width":180,"height":180,"caption":"tribunal-nature"},"image":{"@id":"https:\/\/www.tribunal-nature.org\/blog\/#\/schema\/logo\/image\/"}},{"@type":"Person","@id":"https:\/\/www.tribunal-nature.org\/blog\/#\/schema\/person\/55761caf7544da6b05b60523f2a0855f","name":"Isabelle LOUBEAU","image":{"@type":"ImageObject","inLanguage":"fr-FR","@id":"https:\/\/secure.gravatar.com\/avatar\/b6912620aca78633bf5d50400888815d3b38a1118e82b94050843f411f3f5972?s=96&d=mm&r=g","url":"https:\/\/secure.gravatar.com\/avatar\/b6912620aca78633bf5d50400888815d3b38a1118e82b94050843f411f3f5972?s=96&d=mm&r=g","contentUrl":"https:\/\/secure.gravatar.com\/avatar\/b6912620aca78633bf5d50400888815d3b38a1118e82b94050843f411f3f5972?s=96&d=mm&r=g","caption":"Isabelle LOUBEAU"},"url":"https:\/\/www.tribunal-nature.org\/blog\/author\/ureisabelle\/"}]}},"_links":{"self":[{"href":"https:\/\/www.tribunal-nature.org\/blog\/wp-json\/wp\/v2\/posts\/1633","targetHints":{"allow":["GET"]}}],"collection":[{"href":"https:\/\/www.tribunal-nature.org\/blog\/wp-json\/wp\/v2\/posts"}],"about":[{"href":"https:\/\/www.tribunal-nature.org\/blog\/wp-json\/wp\/v2\/types\/post"}],"author":[{"embeddable":true,"href":"https:\/\/www.tribunal-nature.org\/blog\/wp-json\/wp\/v2\/users\/3"}],"replies":[{"embeddable":true,"href":"https:\/\/www.tribunal-nature.org\/blog\/wp-json\/wp\/v2\/comments?post=1633"}],"version-history":[{"count":0,"href":"https:\/\/www.tribunal-nature.org\/blog\/wp-json\/wp\/v2\/posts\/1633\/revisions"}],"wp:attachment":[{"href":"https:\/\/www.tribunal-nature.org\/blog\/wp-json\/wp\/v2\/media?parent=1633"}],"wp:term":[{"taxonomy":"category","embeddable":true,"href":"https:\/\/www.tribunal-nature.org\/blog\/wp-json\/wp\/v2\/categories?post=1633"},{"taxonomy":"post_tag","embeddable":true,"href":"https:\/\/www.tribunal-nature.org\/blog\/wp-json\/wp\/v2\/tags?post=1633"}],"curies":[{"name":"wp","href":"https:\/\/api.w.org\/{rel}","templated":true}]}}