{"id":159,"date":"2022-07-26T15:02:14","date_gmt":"2022-07-26T13:02:14","guid":{"rendered":"https:\/\/www.tribunal-nature.org\/blog\/revue-de-presse-internet-myanmar-defends-executions-as-justice-for-the-people-as-condemnation-grows\/"},"modified":"2022-07-26T15:02:14","modified_gmt":"2022-07-26T13:02:14","slug":"revue-de-presse-internet-myanmar-defends-executions-as-justice-for-the-people-as-condemnation-grows","status":"publish","type":"post","link":"https:\/\/www.tribunal-nature.org\/blog\/revue-de-presse-internet-myanmar-defends-executions-as-justice-for-the-people-as-condemnation-grows\/","title":{"rendered":"Revue de presse internet  : Myanmar defends executions as \u2018justice for the people\u2019 as condemnation grows"},"content":{"rendered":"<div>\n<p>Nous allons faire la lumi\u00e8re sur ce post qui vient d\u2019\u00eatre publi\u00e9, dont le sujet est \u00abla justice\u00bb.<\/p>\n<p>Son titre troublant (Myanmar defends executions as \u2018justice for the people\u2019 as condemnation grows) est parlant.<\/p>\n<p> Pr\u00e9sent\u00e9 sous le nom \u00abd\u2019anonymat<br \/>\n\u00bb, l\u2019auteur est positivement connu.<\/p>\n<p>Il n\u2019y a pas de raison de douter du s\u00e9rieux de ces r\u00e9v\u00e9lations.<\/p>\n<p>Voici lle \u00ab\u00a0papier\u00a0\u00bb  : <\/p>\n<div>\n<p data-testid=\"primary-image-caption\" id=\"primary-image-caption\" class=\"text__text__1FZLe text__medium-grey__3A_RT text__regular__2N1Xr text__small__1kGq2 body__base__22dCE body__caption__3L8vY article-body__primary-image-caption__WHVnb\">A combination image shows Kyaw Min Yu, also known as Ko Jimmy and Phyo Zeyar Thaw, two of the four democracy activists executed by Myanmar\u2019s military authorities, accused of helping carry out \u00ab\u00a0terror acts,\u00a0\u00bb state media, in the undated screen grabs taken from a handout video. MRTV\/Handout via REUTERS<\/p>\n<div class=\"registration-prompt__container__2jf5K column article-body__aside-registration-prompt__2ivER\">\n<div class=\"registration-prompt__text-content__o0YET\">\n<h6 data-testid=\"Heading\" class=\"text__text__1FZLe text__white__3r45t text__medium__1kbOh text__heading_6__1qUJ5 heading__base__2T28j heading__heading_6__RtD9P registration-prompt__heading__3fq-h\">Register now for FREE unlimited access to Reuters.com<\/h6>\n<p><button data-testid=\"Button\" class=\"button__button__2Ecqi button__secondary__18moI button__round__1nYLA text-button__container__3q3zX registration-prompt__button-text__3kTtQ\" type=\"button\"><\/button><\/p>\n<p><span data-testid=\"Text\" class=\"text__text__1FZLe text__inherit-color__3208F text__bold__2-8Kc text__default__UPMUu text-button__medium__113uZ\">Register<\/span><\/p>\n<\/p>\n<\/div>\n<\/div>\n<\/div>\n<div>\n<div class=\"article-body__context_widget__1xxEe article-body__element__2p5pI\">\n<div class=\"context-widget__content__1X4Oq\">\n<ul class=\"summary__summary__31feP\">\n<li data-testid=\"Body\" class=\"text__text__1FZLe text__dark-grey__3Ml43 text__medium__1kbOh text__body__yKS5U body__base__22dCE body__body_alt__2kEQu summary__point__NO-2F\">Junta says executions justified, lawful<\/li>\n<li data-testid=\"Body\" class=\"text__text__1FZLe text__dark-grey__3Ml43 text__medium__1kbOh text__body__yKS5U body__base__22dCE body__body_alt__2kEQu summary__point__NO-2F\">Malaysia: junta making mockery of ASEAN peace plan<\/li>\n<li data-testid=\"Body\" class=\"text__text__1FZLe text__dark-grey__3Ml43 text__medium__1kbOh text__body__yKS5U body__base__22dCE body__body_alt__2kEQu summary__point__NO-2F\">ASEAN rebukes junta\u2019s \u2018gross lack of will\u2019 towards peace<\/li>\n<li data-testid=\"Body\" class=\"text__text__1FZLe text__dark-grey__3Ml43 text__medium__1kbOh text__body__yKS5U body__base__22dCE body__body_alt__2kEQu summary__point__NO-2F\">Protest in jail where executed men were held \u2013 sources<\/li>\n<\/ul>\n<\/div>\n<\/div>\n<p data-testid=\"paragraph-0\" class=\"text__text__1FZLe text__dark-grey__3Ml43 text__regular__2N1Xr text__large__nEccO body__base__22dCE body__large_body__FV5_X article-body__element__2p5pI\">July 26 (Reuters) \u2013 Myanmar\u2019s ruling military on Tuesday defended its execution of four democracy activists as \u00ab\u00a0justice for the people\u00a0\u00bb, brushing off a deluge of international condemnation including from its closest neighbours.<\/p>\n<p data-testid=\"paragraph-1\" class=\"text__text__1FZLe text__dark-grey__3Ml43 text__regular__2N1Xr text__large__nEccO body__base__22dCE body__large_body__FV5_X article-body__element__2p5pI\">The military, which seized power in a coup last year, announced on Monday it had executed the activists for aiding \u00ab\u00a0terror acts\u00a0\u00bb by a civilian resistance movement, Myanmar\u2019s first executions in decades.  read more <\/p>\n<p data-testid=\"paragraph-2\" class=\"text__text__1FZLe text__dark-grey__3Ml43 text__regular__2N1Xr text__large__nEccO body__base__22dCE body__large_body__FV5_X article-body__element__2p5pI\">Junta spokesperson Zaw Min Tun said the men were given due process and insisted those executed were not democracy activists, but killers deserving of their punishment.<\/p>\n<div class=\"registration-prompt__container__2jf5K registration-prompt__inline__2WDU- article-body__element__2p5pI article-body__inline-registration-prompt__1-N9W\">\n<div class=\"registration-prompt__text-content__o0YET\">\n<h5 data-testid=\"Heading\" class=\"text__text__1FZLe text__white__3r45t text__medium__1kbOh text__heading_5__2krbj heading__base__2T28j heading__heading_5__2A2g- registration-prompt__heading__3fq-h\">Register now for FREE unlimited access to Reuters.com<\/h5>\n<p><button data-testid=\"Button\" class=\"button__button__2Ecqi button__secondary__18moI button__round__1nYLA text-button__container__3q3zX registration-prompt__button-text__3kTtQ\" type=\"button\"><\/button><\/p>\n<p><span data-testid=\"Text\" class=\"text__text__1FZLe text__inherit-color__3208F text__bold__2-8Kc text__default__UPMUu text-button__medium__113uZ\">Register<\/span><\/p>\n<\/p>\n<\/div>\n<\/div>\n<p data-testid=\"paragraph-3\" class=\"text__text__1FZLe text__dark-grey__3Ml43 text__regular__2N1Xr text__large__nEccO body__base__22dCE body__large_body__FV5_X article-body__element__2p5pI\">\u00ab\u00a0This was justice for the people. These criminals were given the chance to defend themselves,\u00a0\u00bb he told a regular televised news briefing.<\/p>\n<p data-testid=\"paragraph-4\" class=\"text__text__1FZLe text__dark-grey__3Ml43 text__regular__2N1Xr text__large__nEccO body__base__22dCE body__large_body__FV5_X article-body__element__2p5pI\">\u00ab\u00a0I knew it would raise criticism but it was done for justice. It was not personal.\u00a0\u00bb<\/p>\n<p data-testid=\"paragraph-5\" class=\"text__text__1FZLe text__dark-grey__3Ml43 text__regular__2N1Xr text__large__nEccO body__base__22dCE body__large_body__FV5_X article-body__element__2p5pI\">News of the executions triggered international outrage, with the United States, Britain, Australia, the European Union and United Nations leading a chorus of condemnation accusing the junta of cruelty.  read more <\/p>\n<p data-testid=\"paragraph-6\" class=\"text__text__1FZLe text__dark-grey__3Ml43 text__regular__2N1Xr text__large__nEccO body__base__22dCE body__large_body__FV5_X article-body__element__2p5pI\">Myanmar\u2019s Southeast Asian neighbours issued a rare, stinging rebuke of the military on Tuesday, calling the executions \u00ab\u00a0highly reprehensible\u00a0\u00bb and destructive to regional efforts to de-escalate the crisis.<\/p>\n<p data-testid=\"paragraph-7\" class=\"text__text__1FZLe text__dark-grey__3Ml43 text__regular__2N1Xr text__large__nEccO body__base__22dCE body__large_body__FV5_X article-body__element__2p5pI\">The 10-member Association of Southeast Asian Nations (ASEAN) in a statement from chair Cambodia said it was \u00ab\u00a0extremely troubled and deeply saddened by the executions\u00a0\u00bb, as well as by their timing.<\/p>\n<p data-testid=\"paragraph-8\" class=\"text__text__1FZLe text__dark-grey__3Ml43 text__regular__2N1Xr text__large__nEccO body__base__22dCE body__large_body__FV5_X article-body__element__2p5pI\">\u00ab\u00a0The implementation of the death sentences just a week before the 55th ASEAN ministerial meeting is highly reprehensible,\u00a0\u00bb it said, adding it showed the junta\u2019s \u00ab\u00a0gross lack of will\u00a0\u00bb to support ASEAN\u2019s U.N.-backed peace plan.<\/p>\n<p data-testid=\"paragraph-9\" class=\"text__text__1FZLe text__dark-grey__3Ml43 text__regular__2N1Xr text__large__nEccO body__base__22dCE body__large_body__FV5_X article-body__element__2p5pI\">It was unclear how the executions were carried our and when they took place. Family members of the condemned prisoners said on Monday that they had not been informed of the executions beforehand, and had not been allowed to retrieve the bodies.<\/p>\n<p data-testid=\"paragraph-10\" class=\"text__text__1FZLe text__dark-grey__3Ml43 text__regular__2N1Xr text__large__nEccO body__base__22dCE body__large_body__FV5_X article-body__element__2p5pI\">Junta spokesperson Zaw Min Tun said the return of the bodies was up to the prison chief.<\/p>\n<h2 data-testid=\"Heading\" class=\"text__text__1FZLe text__dark-grey__3Ml43 text__medium__1kbOh text__heading_5__2krbj heading__base__2T28j heading__heading_5__2A2g-\">\u2018CRIME AGAINST HUMANITY\u2019<\/h2>\n<p data-testid=\"paragraph-11\" class=\"text__text__1FZLe text__dark-grey__3Ml43 text__regular__2N1Xr text__large__nEccO body__base__22dCE body__large_body__FV5_X article-body__element__2p5pI\">The executed men were among more than 100 people whom activists say have been sentenced to death in secretive trials by military-run courts since the coup.<\/p>\n<p data-testid=\"paragraph-12\" class=\"text__text__1FZLe text__dark-grey__3Ml43 text__regular__2N1Xr text__large__nEccO body__base__22dCE body__large_body__FV5_X article-body__element__2p5pI\">Malaysia\u2019s Foreign Minister Saifuddin Abdullah said on Tuesday that his country viewed the executions as a crime against humanity.  read more <\/p>\n<p data-testid=\"paragraph-13\" class=\"text__text__1FZLe text__dark-grey__3Ml43 text__regular__2N1Xr text__large__nEccO body__base__22dCE body__large_body__FV5_X article-body__element__2p5pI\">He also accused the junta of making a mockery of the ASEAN peace plan and said it should be barred from sending political representatives to any international ministerial level meetings.<\/p>\n<p data-testid=\"paragraph-14\" class=\"text__text__1FZLe text__dark-grey__3Ml43 text__regular__2N1Xr text__large__nEccO body__base__22dCE body__large_body__FV5_X article-body__element__2p5pI\">\u00ab\u00a0We hope we have seen the last of the executions,\u00a0\u00bb he said. \u00ab\u00a0We will try to use whatever channels that we can to ensure this will not happen again.\u00a0\u00bb<\/p>\n<p data-testid=\"paragraph-15\" class=\"text__text__1FZLe text__dark-grey__3Ml43 text__regular__2N1Xr text__large__nEccO body__base__22dCE body__large_body__FV5_X article-body__element__2p5pI\">U.N. Special Rapporteur on human rights in Myanmar, Tom Andrews, said he was concerned the executions of junta opponents would not be a one-off.<\/p>\n<p data-testid=\"paragraph-16\" class=\"text__text__1FZLe text__dark-grey__3Ml43 text__regular__2N1Xr text__large__nEccO body__base__22dCE body__large_body__FV5_X article-body__element__2p5pI\">\u00ab\u00a0There is every indication that the military junta intends to continue to carry out executions of those on death row, as it continues to bomb villages and detain innocent people throughout the country,\u00a0\u00bb he said in an interview on Monday.  read more <\/p>\n<p data-testid=\"paragraph-17\" class=\"text__text__1FZLe text__dark-grey__3Ml43 text__regular__2N1Xr text__large__nEccO body__base__22dCE body__large_body__FV5_X article-body__element__2p5pI\">In Myanmar\u2019s biggest city Yangon, security was tightened at the jail where the four executed men had been held, a human rights group said on Tuesday, following the global outcry and a demonstration by inmates over the execution.<\/p>\n<p data-testid=\"paragraph-18\" class=\"text__text__1FZLe text__dark-grey__3Ml43 text__regular__2N1Xr text__large__nEccO body__base__22dCE body__large_body__FV5_X article-body__element__2p5pI\">Two sources told Reuters a protest had taken place in the jail. News portal Myanmar Now said some inmates had been assaulted by prison authorities and were separated from the general population.<\/p>\n<p data-testid=\"paragraph-19\" class=\"text__text__1FZLe text__dark-grey__3Ml43 text__regular__2N1Xr text__large__nEccO body__base__22dCE body__large_body__FV5_X article-body__element__2p5pI\">Spokespersons for Yangon\u2019s Insein prison and the corrections department did not answer calls from Reuters.<\/p>\n<p data-testid=\"paragraph-20\" class=\"text__text__1FZLe text__dark-grey__3Ml43 text__regular__2N1Xr text__large__nEccO body__base__22dCE body__large_body__FV5_X article-body__element__2p5pI\">Myanmar\u2019s shadow national Unity Government (NUG), which the junta calls \u00ab\u00a0terrorists\u00a0\u00bb, urged coordinated international action against the junta on Tuesday and said those executed \u00ab\u00a0were martyred for their commitment to a free and democratic Myanmar\u00a0\u00bb<\/p>\n<div class=\"registration-prompt__container__2jf5K registration-prompt__inline__2WDU- article-body__element__2p5pI\">\n<div class=\"registration-prompt__text-content__o0YET\">\n<h5 data-testid=\"Heading\" class=\"text__text__1FZLe text__white__3r45t text__medium__1kbOh text__heading_5__2krbj heading__base__2T28j heading__heading_5__2A2g- registration-prompt__heading__3fq-h\">Register now for FREE unlimited access to Reuters.com<\/h5>\n<p><button data-testid=\"Button\" class=\"button__button__2Ecqi button__secondary__18moI button__round__1nYLA text-button__container__3q3zX registration-prompt__button-text__3kTtQ\" type=\"button\"><\/button><\/p>\n<p><span data-testid=\"Text\" class=\"text__text__1FZLe text__inherit-color__3208F text__bold__2-8Kc text__default__UPMUu text-button__medium__113uZ\">Register<\/span><\/p>\n<\/p>\n<\/div>\n<\/div>\n<p><span data-testid=\"Text\" class=\"text__text__1FZLe text__dark-grey__3Ml43 text__regular__2N1Xr text__default__UPMUu sign-off__text__PU3Aj\">Reporting by Reuters Staff; Writing by Martin Petty; Editing by Ed Davies<\/span><\/p>\n<p data-testid=\"Body\" class=\"text__text__1FZLe text__dark-grey__3Ml43 text__regular__2N1Xr text__large__nEccO body__base__22dCE body__large_body__FV5_X article-body__element__2p5pI\">Our Standards: The Thomson Reuters Trust Principles.<\/p>\n<\/div>\n<p>Ce sujet apporte des r\u00e9ponses \u00e0 vos investigations vous appr\u00e9cierez \u00e9galement ces ouvrages:<\/p>\n<p>Appel \u00e0 la justice de l\u2019\u00c9tat\/Pr\u00e9face,<a target=\"_blank\" rel=\"nofollow\" href=\"https:\/\/www.tribunal-nature.org\/blog\/goto\/https:\/\/fr.wikisource.org\/wiki\/Appel_%C3%A0_la_justice_de_l%E2%80%99%C3%89tat\/Pr%C3%A9face\"  target=\"_blank\" rel=\"noopener noreferrer nofollow\">(la couverture) <\/a><span><\/span>. Disponible \u00e0 l\u2019achat sur les plateformes Amazon, Fnac, Cultura \u2026.<\/p>\n<p>Justice aux Canadiens-Fran\u00e7ais !\/Chapitre XVI,<a target=\"_blank\" rel=\"nofollow\" href=\"https:\/\/www.tribunal-nature.org\/blog\/goto\/https:\/\/fr.wikisource.org\/wiki\/Justice_aux_Canadiens-Fran%C3%A7ais_!\/Chapitre_XVI\"  target=\"_blank\" rel=\"noopener noreferrer nofollow\">Ouvrage <\/a><span><\/span>.<\/p>\n<p>Reste la justice\u2026,<a target=\"_blank\" rel=\"nofollow\" href=\"https:\/\/www.tribunal-nature.org\/blog\/goto\/https:\/\/www.kobo.com\/fr\/fr\/ebook\/reste-la-justice\"  target=\"_blank\" rel=\"noopener noreferrer nofollow\">Ouvrage <\/a><span><\/span>.<\/p>\n<\/div>\n","protected":false},"excerpt":{"rendered":"<p>Nous allons faire la lumi\u00e8re sur ce post qui vient d\u2019\u00eatre publi\u00e9, dont le sujet est \u00abla justice\u00bb. Son titre&#8230;<\/p>\n","protected":false},"author":3,"featured_media":160,"comment_status":"closed","ping_status":"closed","sticky":false,"template":"","format":"standard","meta":{"footnotes":""},"categories":[2],"tags":[],"class_list":["post-159","post","type-post","status-publish","format-standard","has-post-thumbnail","hentry","category-droit-de-lenvironnement","wpcat-2-id"],"yoast_head":"<!-- This site is optimized with the Yoast SEO plugin v27.5 - https:\/\/yoast.com\/product\/yoast-seo-wordpress\/ -->\n<title>Revue de presse internet : Myanmar defends executions as \u2018justice for the people\u2019 as condemnation grows - TRIBUNAL-NATURE<\/title>\n<meta name=\"description\" content=\"Revue de presse internet : Myanmar defends executions as \u2018justice for the people\u2019 as condemnation grows article de TRIBUNAL-NATURE\" \/>\n<meta name=\"robots\" content=\"index, follow, max-snippet:-1, max-image-preview:large, max-video-preview:-1\" \/>\n<link rel=\"canonical\" href=\"https:\/\/www.tribunal-nature.org\/blog\/revue-de-presse-internet-myanmar-defends-executions-as-justice-for-the-people-as-condemnation-grows\/\" \/>\n<meta property=\"og:locale\" content=\"fr_FR\" \/>\n<meta property=\"og:type\" content=\"article\" \/>\n<meta property=\"og:title\" content=\"Revue de presse internet : Myanmar defends executions as \u2018justice for the people\u2019 as condemnation grows - TRIBUNAL-NATURE\" \/>\n<meta property=\"og:description\" content=\"Revue de presse internet : Myanmar defends executions as \u2018justice for the people\u2019 as condemnation grows article de TRIBUNAL-NATURE\" \/>\n<meta property=\"og:url\" content=\"https:\/\/www.tribunal-nature.org\/blog\/revue-de-presse-internet-myanmar-defends-executions-as-justice-for-the-people-as-condemnation-grows\/\" \/>\n<meta property=\"og:site_name\" content=\"TRIBUNAL-NATURE\" \/>\n<meta property=\"article:published_time\" content=\"2022-07-26T13:02:14+00:00\" \/>\n<meta property=\"og:image\" content=\"https:\/\/www.tribunal-nature.org\/blog\/wp-content\/uploads\/2022\/07\/myanmar-s.jpg\" \/>\n\t<meta property=\"og:image:width\" content=\"800\" \/>\n\t<meta property=\"og:image:height\" content=\"533\" \/>\n\t<meta property=\"og:image:type\" content=\"image\/jpeg\" \/>\n<meta name=\"author\" content=\"Isabelle LOUBEAU\" \/>\n<meta name=\"twitter:card\" content=\"summary_large_image\" \/>\n<meta name=\"twitter:label1\" content=\"\u00c9crit par\" \/>\n\t<meta name=\"twitter:data1\" content=\"Isabelle LOUBEAU\" \/>\n\t<meta name=\"twitter:label2\" content=\"Dur\u00e9e de lecture estim\u00e9e\" \/>\n\t<meta name=\"twitter:data2\" content=\"4 minutes\" \/>\n<script type=\"application\/ld+json\" class=\"yoast-schema-graph\">{\"@context\":\"https:\\\/\\\/schema.org\",\"@graph\":[{\"@type\":\"Article\",\"@id\":\"https:\\\/\\\/www.tribunal-nature.org\\\/blog\\\/revue-de-presse-internet-myanmar-defends-executions-as-justice-for-the-people-as-condemnation-grows\\\/#article\",\"isPartOf\":{\"@id\":\"https:\\\/\\\/www.tribunal-nature.org\\\/blog\\\/revue-de-presse-internet-myanmar-defends-executions-as-justice-for-the-people-as-condemnation-grows\\\/\"},\"author\":{\"name\":\"Isabelle LOUBEAU\",\"@id\":\"https:\\\/\\\/www.tribunal-nature.org\\\/blog\\\/#\\\/schema\\\/person\\\/55761caf7544da6b05b60523f2a0855f\"},\"headline\":\"Revue de presse internet : Myanmar defends executions as \u2018justice for the people\u2019 as condemnation grows\",\"datePublished\":\"2022-07-26T13:02:14+00:00\",\"mainEntityOfPage\":{\"@id\":\"https:\\\/\\\/www.tribunal-nature.org\\\/blog\\\/revue-de-presse-internet-myanmar-defends-executions-as-justice-for-the-people-as-condemnation-grows\\\/\"},\"wordCount\":878,\"publisher\":{\"@id\":\"https:\\\/\\\/www.tribunal-nature.org\\\/blog\\\/#organization\"},\"image\":{\"@id\":\"https:\\\/\\\/www.tribunal-nature.org\\\/blog\\\/revue-de-presse-internet-myanmar-defends-executions-as-justice-for-the-people-as-condemnation-grows\\\/#primaryimage\"},\"thumbnailUrl\":\"https:\\\/\\\/www.tribunal-nature.org\\\/blog\\\/wp-content\\\/uploads\\\/2022\\\/07\\\/myanmar-s.jpg\",\"articleSection\":[\"Droit De L'Environnement:\"],\"inLanguage\":\"fr-FR\"},{\"@type\":\"WebPage\",\"@id\":\"https:\\\/\\\/www.tribunal-nature.org\\\/blog\\\/revue-de-presse-internet-myanmar-defends-executions-as-justice-for-the-people-as-condemnation-grows\\\/\",\"url\":\"https:\\\/\\\/www.tribunal-nature.org\\\/blog\\\/revue-de-presse-internet-myanmar-defends-executions-as-justice-for-the-people-as-condemnation-grows\\\/\",\"name\":\"Revue de presse internet : Myanmar defends executions as \u2018justice for the people\u2019 as condemnation grows - TRIBUNAL-NATURE\",\"isPartOf\":{\"@id\":\"https:\\\/\\\/www.tribunal-nature.org\\\/blog\\\/#website\"},\"primaryImageOfPage\":{\"@id\":\"https:\\\/\\\/www.tribunal-nature.org\\\/blog\\\/revue-de-presse-internet-myanmar-defends-executions-as-justice-for-the-people-as-condemnation-grows\\\/#primaryimage\"},\"image\":{\"@id\":\"https:\\\/\\\/www.tribunal-nature.org\\\/blog\\\/revue-de-presse-internet-myanmar-defends-executions-as-justice-for-the-people-as-condemnation-grows\\\/#primaryimage\"},\"thumbnailUrl\":\"https:\\\/\\\/www.tribunal-nature.org\\\/blog\\\/wp-content\\\/uploads\\\/2022\\\/07\\\/myanmar-s.jpg\",\"datePublished\":\"2022-07-26T13:02:14+00:00\",\"description\":\"Revue de presse internet : Myanmar defends executions as \u2018justice for the people\u2019 as condemnation grows article de TRIBUNAL-NATURE\",\"breadcrumb\":{\"@id\":\"https:\\\/\\\/www.tribunal-nature.org\\\/blog\\\/revue-de-presse-internet-myanmar-defends-executions-as-justice-for-the-people-as-condemnation-grows\\\/#breadcrumb\"},\"inLanguage\":\"fr-FR\",\"potentialAction\":[{\"@type\":\"ReadAction\",\"target\":[\"https:\\\/\\\/www.tribunal-nature.org\\\/blog\\\/revue-de-presse-internet-myanmar-defends-executions-as-justice-for-the-people-as-condemnation-grows\\\/\"]}]},{\"@type\":\"ImageObject\",\"inLanguage\":\"fr-FR\",\"@id\":\"https:\\\/\\\/www.tribunal-nature.org\\\/blog\\\/revue-de-presse-internet-myanmar-defends-executions-as-justice-for-the-people-as-condemnation-grows\\\/#primaryimage\",\"url\":\"https:\\\/\\\/www.tribunal-nature.org\\\/blog\\\/wp-content\\\/uploads\\\/2022\\\/07\\\/myanmar-s.jpg\",\"contentUrl\":\"https:\\\/\\\/www.tribunal-nature.org\\\/blog\\\/wp-content\\\/uploads\\\/2022\\\/07\\\/myanmar-s.jpg\",\"width\":800,\"height\":533,\"caption\":\"myanmar s\"},{\"@type\":\"BreadcrumbList\",\"@id\":\"https:\\\/\\\/www.tribunal-nature.org\\\/blog\\\/revue-de-presse-internet-myanmar-defends-executions-as-justice-for-the-people-as-condemnation-grows\\\/#breadcrumb\",\"itemListElement\":[{\"@type\":\"ListItem\",\"position\":1,\"name\":\"Accueil\",\"item\":\"https:\\\/\\\/www.tribunal-nature.org\\\/blog\\\/\"},{\"@type\":\"ListItem\",\"position\":2,\"name\":\"Revue de presse internet : Myanmar defends executions as \u2018justice for the people\u2019 as condemnation grows\"}]},{\"@type\":\"WebSite\",\"@id\":\"https:\\\/\\\/www.tribunal-nature.org\\\/blog\\\/#website\",\"url\":\"https:\\\/\\\/www.tribunal-nature.org\\\/blog\\\/\",\"name\":\"TRIBUNAL-NATURE\",\"description\":\"Droit De L&#039;Environnement.\",\"publisher\":{\"@id\":\"https:\\\/\\\/www.tribunal-nature.org\\\/blog\\\/#organization\"},\"potentialAction\":[{\"@type\":\"SearchAction\",\"target\":{\"@type\":\"EntryPoint\",\"urlTemplate\":\"https:\\\/\\\/www.tribunal-nature.org\\\/blog\\\/?s={search_term_string}\"},\"query-input\":{\"@type\":\"PropertyValueSpecification\",\"valueRequired\":true,\"valueName\":\"search_term_string\"}}],\"inLanguage\":\"fr-FR\"},{\"@type\":\"Organization\",\"@id\":\"https:\\\/\\\/www.tribunal-nature.org\\\/blog\\\/#organization\",\"name\":\"tribunal-nature\",\"url\":\"https:\\\/\\\/www.tribunal-nature.org\\\/blog\\\/\",\"logo\":{\"@type\":\"ImageObject\",\"inLanguage\":\"fr-FR\",\"@id\":\"https:\\\/\\\/www.tribunal-nature.org\\\/blog\\\/#\\\/schema\\\/logo\\\/image\\\/\",\"url\":\"https:\\\/\\\/www.tribunal-nature.org\\\/blog\\\/wp-content\\\/uploads\\\/2022\\\/05\\\/logo-2.png\",\"contentUrl\":\"https:\\\/\\\/www.tribunal-nature.org\\\/blog\\\/wp-content\\\/uploads\\\/2022\\\/05\\\/logo-2.png\",\"width\":180,\"height\":180,\"caption\":\"tribunal-nature\"},\"image\":{\"@id\":\"https:\\\/\\\/www.tribunal-nature.org\\\/blog\\\/#\\\/schema\\\/logo\\\/image\\\/\"}},{\"@type\":\"Person\",\"@id\":\"https:\\\/\\\/www.tribunal-nature.org\\\/blog\\\/#\\\/schema\\\/person\\\/55761caf7544da6b05b60523f2a0855f\",\"name\":\"Isabelle LOUBEAU\",\"image\":{\"@type\":\"ImageObject\",\"inLanguage\":\"fr-FR\",\"@id\":\"https:\\\/\\\/secure.gravatar.com\\\/avatar\\\/b6912620aca78633bf5d50400888815d3b38a1118e82b94050843f411f3f5972?s=96&d=mm&r=g\",\"url\":\"https:\\\/\\\/secure.gravatar.com\\\/avatar\\\/b6912620aca78633bf5d50400888815d3b38a1118e82b94050843f411f3f5972?s=96&d=mm&r=g\",\"contentUrl\":\"https:\\\/\\\/secure.gravatar.com\\\/avatar\\\/b6912620aca78633bf5d50400888815d3b38a1118e82b94050843f411f3f5972?s=96&d=mm&r=g\",\"caption\":\"Isabelle LOUBEAU\"},\"url\":\"https:\\\/\\\/www.tribunal-nature.org\\\/blog\\\/author\\\/ureisabelle\\\/\"}]}<\/script>\n<!-- \/ Yoast SEO plugin. -->","yoast_head_json":{"title":"Revue de presse internet : Myanmar defends executions as \u2018justice for the people\u2019 as condemnation grows - TRIBUNAL-NATURE","description":"Revue de presse internet : Myanmar defends executions as \u2018justice for the people\u2019 as condemnation grows article de TRIBUNAL-NATURE","robots":{"index":"index","follow":"follow","max-snippet":"max-snippet:-1","max-image-preview":"max-image-preview:large","max-video-preview":"max-video-preview:-1"},"canonical":"https:\/\/www.tribunal-nature.org\/blog\/revue-de-presse-internet-myanmar-defends-executions-as-justice-for-the-people-as-condemnation-grows\/","og_locale":"fr_FR","og_type":"article","og_title":"Revue de presse internet : Myanmar defends executions as \u2018justice for the people\u2019 as condemnation grows - TRIBUNAL-NATURE","og_description":"Revue de presse internet : Myanmar defends executions as \u2018justice for the people\u2019 as condemnation grows article de TRIBUNAL-NATURE","og_url":"https:\/\/www.tribunal-nature.org\/blog\/revue-de-presse-internet-myanmar-defends-executions-as-justice-for-the-people-as-condemnation-grows\/","og_site_name":"TRIBUNAL-NATURE","article_published_time":"2022-07-26T13:02:14+00:00","og_image":[{"width":800,"height":533,"url":"https:\/\/www.tribunal-nature.org\/blog\/wp-content\/uploads\/2022\/07\/myanmar-s.jpg","type":"image\/jpeg"}],"author":"Isabelle LOUBEAU","twitter_card":"summary_large_image","twitter_misc":{"\u00c9crit par":"Isabelle LOUBEAU","Dur\u00e9e de lecture estim\u00e9e":"4 minutes"},"schema":{"@context":"https:\/\/schema.org","@graph":[{"@type":"Article","@id":"https:\/\/www.tribunal-nature.org\/blog\/revue-de-presse-internet-myanmar-defends-executions-as-justice-for-the-people-as-condemnation-grows\/#article","isPartOf":{"@id":"https:\/\/www.tribunal-nature.org\/blog\/revue-de-presse-internet-myanmar-defends-executions-as-justice-for-the-people-as-condemnation-grows\/"},"author":{"name":"Isabelle LOUBEAU","@id":"https:\/\/www.tribunal-nature.org\/blog\/#\/schema\/person\/55761caf7544da6b05b60523f2a0855f"},"headline":"Revue de presse internet : Myanmar defends executions as \u2018justice for the people\u2019 as condemnation grows","datePublished":"2022-07-26T13:02:14+00:00","mainEntityOfPage":{"@id":"https:\/\/www.tribunal-nature.org\/blog\/revue-de-presse-internet-myanmar-defends-executions-as-justice-for-the-people-as-condemnation-grows\/"},"wordCount":878,"publisher":{"@id":"https:\/\/www.tribunal-nature.org\/blog\/#organization"},"image":{"@id":"https:\/\/www.tribunal-nature.org\/blog\/revue-de-presse-internet-myanmar-defends-executions-as-justice-for-the-people-as-condemnation-grows\/#primaryimage"},"thumbnailUrl":"https:\/\/www.tribunal-nature.org\/blog\/wp-content\/uploads\/2022\/07\/myanmar-s.jpg","articleSection":["Droit De L'Environnement:"],"inLanguage":"fr-FR"},{"@type":"WebPage","@id":"https:\/\/www.tribunal-nature.org\/blog\/revue-de-presse-internet-myanmar-defends-executions-as-justice-for-the-people-as-condemnation-grows\/","url":"https:\/\/www.tribunal-nature.org\/blog\/revue-de-presse-internet-myanmar-defends-executions-as-justice-for-the-people-as-condemnation-grows\/","name":"Revue de presse internet : Myanmar defends executions as \u2018justice for the people\u2019 as condemnation grows - TRIBUNAL-NATURE","isPartOf":{"@id":"https:\/\/www.tribunal-nature.org\/blog\/#website"},"primaryImageOfPage":{"@id":"https:\/\/www.tribunal-nature.org\/blog\/revue-de-presse-internet-myanmar-defends-executions-as-justice-for-the-people-as-condemnation-grows\/#primaryimage"},"image":{"@id":"https:\/\/www.tribunal-nature.org\/blog\/revue-de-presse-internet-myanmar-defends-executions-as-justice-for-the-people-as-condemnation-grows\/#primaryimage"},"thumbnailUrl":"https:\/\/www.tribunal-nature.org\/blog\/wp-content\/uploads\/2022\/07\/myanmar-s.jpg","datePublished":"2022-07-26T13:02:14+00:00","description":"Revue de presse internet : Myanmar defends executions as \u2018justice for the people\u2019 as condemnation grows article de TRIBUNAL-NATURE","breadcrumb":{"@id":"https:\/\/www.tribunal-nature.org\/blog\/revue-de-presse-internet-myanmar-defends-executions-as-justice-for-the-people-as-condemnation-grows\/#breadcrumb"},"inLanguage":"fr-FR","potentialAction":[{"@type":"ReadAction","target":["https:\/\/www.tribunal-nature.org\/blog\/revue-de-presse-internet-myanmar-defends-executions-as-justice-for-the-people-as-condemnation-grows\/"]}]},{"@type":"ImageObject","inLanguage":"fr-FR","@id":"https:\/\/www.tribunal-nature.org\/blog\/revue-de-presse-internet-myanmar-defends-executions-as-justice-for-the-people-as-condemnation-grows\/#primaryimage","url":"https:\/\/www.tribunal-nature.org\/blog\/wp-content\/uploads\/2022\/07\/myanmar-s.jpg","contentUrl":"https:\/\/www.tribunal-nature.org\/blog\/wp-content\/uploads\/2022\/07\/myanmar-s.jpg","width":800,"height":533,"caption":"myanmar s"},{"@type":"BreadcrumbList","@id":"https:\/\/www.tribunal-nature.org\/blog\/revue-de-presse-internet-myanmar-defends-executions-as-justice-for-the-people-as-condemnation-grows\/#breadcrumb","itemListElement":[{"@type":"ListItem","position":1,"name":"Accueil","item":"https:\/\/www.tribunal-nature.org\/blog\/"},{"@type":"ListItem","position":2,"name":"Revue de presse internet : Myanmar defends executions as \u2018justice for the people\u2019 as condemnation grows"}]},{"@type":"WebSite","@id":"https:\/\/www.tribunal-nature.org\/blog\/#website","url":"https:\/\/www.tribunal-nature.org\/blog\/","name":"TRIBUNAL-NATURE","description":"Droit De L&#039;Environnement.","publisher":{"@id":"https:\/\/www.tribunal-nature.org\/blog\/#organization"},"potentialAction":[{"@type":"SearchAction","target":{"@type":"EntryPoint","urlTemplate":"https:\/\/www.tribunal-nature.org\/blog\/?s={search_term_string}"},"query-input":{"@type":"PropertyValueSpecification","valueRequired":true,"valueName":"search_term_string"}}],"inLanguage":"fr-FR"},{"@type":"Organization","@id":"https:\/\/www.tribunal-nature.org\/blog\/#organization","name":"tribunal-nature","url":"https:\/\/www.tribunal-nature.org\/blog\/","logo":{"@type":"ImageObject","inLanguage":"fr-FR","@id":"https:\/\/www.tribunal-nature.org\/blog\/#\/schema\/logo\/image\/","url":"https:\/\/www.tribunal-nature.org\/blog\/wp-content\/uploads\/2022\/05\/logo-2.png","contentUrl":"https:\/\/www.tribunal-nature.org\/blog\/wp-content\/uploads\/2022\/05\/logo-2.png","width":180,"height":180,"caption":"tribunal-nature"},"image":{"@id":"https:\/\/www.tribunal-nature.org\/blog\/#\/schema\/logo\/image\/"}},{"@type":"Person","@id":"https:\/\/www.tribunal-nature.org\/blog\/#\/schema\/person\/55761caf7544da6b05b60523f2a0855f","name":"Isabelle LOUBEAU","image":{"@type":"ImageObject","inLanguage":"fr-FR","@id":"https:\/\/secure.gravatar.com\/avatar\/b6912620aca78633bf5d50400888815d3b38a1118e82b94050843f411f3f5972?s=96&d=mm&r=g","url":"https:\/\/secure.gravatar.com\/avatar\/b6912620aca78633bf5d50400888815d3b38a1118e82b94050843f411f3f5972?s=96&d=mm&r=g","contentUrl":"https:\/\/secure.gravatar.com\/avatar\/b6912620aca78633bf5d50400888815d3b38a1118e82b94050843f411f3f5972?s=96&d=mm&r=g","caption":"Isabelle LOUBEAU"},"url":"https:\/\/www.tribunal-nature.org\/blog\/author\/ureisabelle\/"}]}},"_links":{"self":[{"href":"https:\/\/www.tribunal-nature.org\/blog\/wp-json\/wp\/v2\/posts\/159","targetHints":{"allow":["GET"]}}],"collection":[{"href":"https:\/\/www.tribunal-nature.org\/blog\/wp-json\/wp\/v2\/posts"}],"about":[{"href":"https:\/\/www.tribunal-nature.org\/blog\/wp-json\/wp\/v2\/types\/post"}],"author":[{"embeddable":true,"href":"https:\/\/www.tribunal-nature.org\/blog\/wp-json\/wp\/v2\/users\/3"}],"replies":[{"embeddable":true,"href":"https:\/\/www.tribunal-nature.org\/blog\/wp-json\/wp\/v2\/comments?post=159"}],"version-history":[{"count":0,"href":"https:\/\/www.tribunal-nature.org\/blog\/wp-json\/wp\/v2\/posts\/159\/revisions"}],"wp:featuredmedia":[{"embeddable":true,"href":"https:\/\/www.tribunal-nature.org\/blog\/wp-json\/wp\/v2\/media\/160"}],"wp:attachment":[{"href":"https:\/\/www.tribunal-nature.org\/blog\/wp-json\/wp\/v2\/media?parent=159"}],"wp:term":[{"taxonomy":"category","embeddable":true,"href":"https:\/\/www.tribunal-nature.org\/blog\/wp-json\/wp\/v2\/categories?post=159"},{"taxonomy":"post_tag","embeddable":true,"href":"https:\/\/www.tribunal-nature.org\/blog\/wp-json\/wp\/v2\/tags?post=159"}],"curies":[{"name":"wp","href":"https:\/\/api.w.org\/{rel}","templated":true}]}}