{"id":1533,"date":"2026-01-12T00:20:25","date_gmt":"2026-01-11T23:20:25","guid":{"rendered":"https:\/\/www.tribunal-nature.org\/blog\/garde-a-vue-incendie-avenue-de-chabeuil-a-valence-un-suspect-en-garde-a-vue\/"},"modified":"2026-01-12T00:20:25","modified_gmt":"2026-01-11T23:20:25","slug":"garde-a-vue-incendie-avenue-de-chabeuil-a-valence-un-suspect-en-garde-a-vue","status":"publish","type":"post","link":"https:\/\/www.tribunal-nature.org\/blog\/garde-a-vue-incendie-avenue-de-chabeuil-a-valence-un-suspect-en-garde-a-vue\/","title":{"rendered":"Garde \u00e0 vue; Incendie avenue de Chabeuil \u00e0 Valence\u00a0: un suspect en garde \u00e0 vue"},"content":{"rendered":"<div>\n<p>\nLe titre \u00ab\u00a0Incendie avenue de Chabeuil \u00e0 Valence\u00a0: un suspect en garde \u00e0 vue\u00a0\u00bb correspond \u00e0 un article qui a \u00e9t\u00e9 publi\u00e9 r\u00e9cemment. <\/p>\n<p>Un septuag\u00e9naire souffrant de troubles psychiatriques est en garde \u00e0 vue \u00e0 Valence. Il est soup\u00e7onn\u00e9 d\u2019avoir mis le feu \u00e0 l\u2019entr\u00e9e d\u2019un immeuble avenue de Chabeuil dans la nuit de samedi \u00e0 dimanche. L\u2019incendie a entra\u00een\u00e9 l\u2019\u00e9vacuation du b\u00e2timent mais n\u2019a pas fait de bless\u00e9.<\/p>\n<div><!--[!--><!--[--><!--[--><!--[!--><!--[!--><!--[--><!--[--><!--[!--><!--[--><!----><\/p>\n<p><!--[!--><!--[--><!--[--><!--[!--><!--[!--><!--[--><!--[!--><!--[--><!--[!--><!--[--><!----><!---->C\u2019est bien la piste de l\u2019incendie volontaire qui est privil\u00e9gi\u00e9e par les enqu\u00eateurs pour d\u00e9terminer la cause de\u00a0<!----><!----><!----><!--]--><!--]--><!--]--><!--]--><!--]--><!--]--><!--]--><!--[!--><!--[!--><!--[--><!--[!--><!--[--><!--[!--><!--[!--><!--[--><!----><!--[--><!---->l\u2019incendie d\u2019un tas de d\u00e9tritus sous le porche d\u2019un immeuble de trois \u00e9tage, avenue de Chabeuil \u00e0 Valence<!----><!----><!----><!--]--><!----><!--]--><!--]--><!--]--><!--]--><!--]--><!--]--><!--]--><!--]--><!--[!--><!--[!--><!--[--><!--[!--><!--[--><!--[!--><!--[--><!----><!---->, dans la nuit de samedi \u00e0 dimanche. Un septuag\u00e9naire qui se trouvait \u00e0 proximit\u00e9 a \u00e9t\u00e9 interpell\u00e9 dans la foul\u00e9e des faits. Il s\u2019agit d\u2019<strong>un homme en rupture de son traitement \u00e0 l\u2019h\u00f4pital psychiatrique<\/strong>.<!----><!----><!----><!--]--><!--]--><!--]--><!--]--><!--]--><!--]--><!--]--><!--]--><!--]--><!--]--><!----><\/p>\n<p><!----><!--]--><!--]--><!--]--><!--]--><!--]--><!--]--><!--[!--><!--[!--><!--[--><!--[!--><!--[!--><!--[!--><!--[--><!----><!--[--><!--]--><!----><!--]--><!--]--><!--]--><!--]--><!--]--><!--]--><!--]--><!--[!--><!--[!--><!--[--><!--[--><!--[!--><!--[--><!----><\/p>\n<p><!--[!--><!--[--><!--[--><!--[!--><!--[!--><!--[--><!--[!--><!--[--><!--[!--><!--[--><!----><!---->Ce sont <strong>les cam\u00e9ras de vid\u00e9oprotection<\/strong> qui ont rapidement permis de rep\u00e9rer l\u2019individu. De plus, il portait sur lui des gants pr\u00e9sentant des traces de br\u00fbl\u00e9 au moment de son interpellation par les forces de l\u2019ordre. Plac\u00e9 en garde \u00e0 vue, il conteste les faits. L\u2019homme a des ant\u00e9c\u00e9dents psychiatriques et est sous curatelle. Une expertise doit \u00eatre r\u00e9alis\u00e9e ce lundi 12 janvier pour d\u00e9terminer s\u2019il est responsable ou non de ses actes. L\u2019incendie n\u2019a pas fait de bless\u00e9, mais les huit occupants du b\u00e2timent ont d\u00fb \u00eatre relog\u00e9s.<!----><!----><!----><!--]--><!--]--><!--]--><!--]--><!--]--><!--]--><!--]--><!--]--><!--]--><!--]--><!----><\/p>\n<p><!----><!--]--><!--]--><!--]--><!--]--><!--]--><!--]--><!--]--><!--]--><!--]--><!----><\/p>\n<\/div>\n<h2>La Garde \u00e0 Vue d\u00e9crypt\u00e9e<\/h2>\n<p>La garde \u00e0 vue est un m\u00e9canisme l\u00e9gal qui permet aux forces de l\u2019ordre de retenir une personne soup\u00e7onn\u00e9e d\u2019avoir commis un d\u00e9lit. Cette mesure, r\u00e9gie par le Code de proc\u00e9dure p\u00e9nale, vise \u00e0 aider les enqu\u00eateurs \u00e0 obtenir des \u00e9l\u00e9ments de preuve. En g\u00e9n\u00e9ral, la garde \u00e0 vue est limit\u00e9e \u00e0 24 heures, mais peut \u00eatre prolong\u00e9e \u00e0 48 heures dans des cas de d\u00e9lits graves. Les personnes concern\u00e9es peuvent \u00e9prouver une inqui\u00e9tude face \u00e0 cette mesure, se sentant parfois perdues dans la complexit\u00e9 des proc\u00e9dures judiciaires.<\/p>\n<h2>Les dispositions de la garde \u00e0 vue<\/h2>\n<h3>Normes de placement en garde \u00e0 vue<\/h3>\n<p>Pour qu\u2019un individu puisse \u00eatre plac\u00e9 en d\u00e9tention, plusieurs crit\u00e8res doivent \u00eatre satisfaits. Il est essentiel que la police ait des raisons l\u00e9gitimes de croire que l\u2019individu a commis une infraction. Ces raisons doivent s\u2019appuyer sur des \u00e9l\u00e9ments concrets, tels que des t\u00e9moignages ou des preuves tangibles. La garde \u00e0 vue ne peut \u00eatre appliqu\u00e9e que si elle est requise pour l\u2019enqu\u00eate, par exemple pour emp\u00eacher la fuite de l\u2019individu ou la destruction de preuves. En outre, la loi impose une limite \u00e0 la dur\u00e9e de la garde \u00e0 vue, et toute extension doit \u00eatre justifi\u00e9e et approuv\u00e9e par un procureur. Ces crit\u00e8res sont destin\u00e9s \u00e0 prot\u00e9ger les droits des individus et \u00e0 pr\u00e9venir les abus de pouvoir dans le processus p\u00e9nal. Qu\u2019il s\u2019agisse d\u2019un crime, d\u2019un d\u00e9lit ou d\u2019une infraction, les d\u00e9lits et surtout les crimes justifient des gardes \u00e0 vue pour assurer l\u2019\u00e9quit\u00e9 des citoyens devant la loi au sein de la R\u00e9publique.<\/p>\n<h3>Allongement de la garde \u00e0 vue<\/h3>\n<p>La prolongation de la garde \u00e0 vue est une option qui peut \u00eatre consid\u00e9r\u00e9e dans certaines circonstances. Lorsque les \u00e9l\u00e9ments de l\u2019enqu\u00eate n\u00e9cessitent plus de temps pour \u00eatre examin\u00e9s, la police peut demander une extension, soumise \u00e0 l\u2019approbation d\u2019un procureur. Cette extension ne peut d\u00e9passer 48 heures au total, sauf dans des cas exceptionnels pr\u00e9cis\u00e9s par le code de proc\u00e9dure p\u00e9nale. Tout au long de cette p\u00e9riode, la personne en garde \u00e0 vue conserve ses droits, notamment le droit \u00e0 l\u2019assistance d\u2019un avocat et le droit d\u2019\u00eatre inform\u00e9e des motifs de sa d\u00e9tention. Il est imp\u00e9ratif que cette extension soit justifi\u00e9e par des preuves tangibles, pour respecter les principes de la libert\u00e9 individuelle et garantir un traitement juste dans le cadre de la proc\u00e9dure judiciaire.<\/p>\n<\/p>\n<h2>\u00c9claircir le sujet de la Garde \u00e0 Vue<\/h2>\n<h3>D\u00e9finition et Cadre R\u00e9glementaire<\/h3>\n<p>Avant d\u2019\u00eatre mise en garde \u00e0 vue, l\u2019individu est averti de ses droits, y compris le droit de ne pas s\u2019exprimer et le droit d\u2019avoir un avocat \u00e0 ses c\u00f4t\u00e9s. Ces droits sont d\u2019une importance cruciale, car ils garantissent que la personne ne subisse pas de pressions non d\u00e9sir\u00e9es et qu\u2019elle puisse se d\u00e9fendre ad\u00e9quatement. L\u2019aide d\u2019un avocat est essentielle, car il peut guider l\u2019individu sur la mani\u00e8re optimale de r\u00e9pondre aux questions des enqu\u00eateurs et sur les cons\u00e9quences de ses d\u00e9clarations. Un service est disponible pour aider ceux qui pourraient faire face \u00e0 une garde \u00e0 vue. L\u2019id\u00e9e est de se pr\u00e9parer sur le plan psychologique, de structurer ses arguments et de se pr\u00e9munir contre les pi\u00e8ges. <a target=\"_blank\" rel=\"nofollow\" href=\"https:\/\/www.tribunal-nature.org\/blog\/goto\/https:\/\/www.courtier-avocat-strategie-tribunal-judiciaire.fr\/garde-a-vue\/\"  rel=\"noopener noreferrer\" target=\"blank\">Ce service vous offre l\u2019opportunit\u00e9 d\u2019anticiper et de g\u00e9rer votre garde \u00e0 vue de mani\u00e8re positive. <\/a>Il est crucial de noter que la garde \u00e0 vue ne doit pas \u00eatre interpr\u00e9t\u00e9e comme une preuve de culpabilit\u00e9 ; c\u2019est juste une \u00e9tape dans le cadre de l\u2019enqu\u00eate.<\/p>\n<h3>R\u00f4les des Intervenants<\/h3>\n<p>Les principaux intervenants lors de la garde \u00e0 vue sont les officiers de police judiciaire (OPJ) et les avocats. Les OPJ ont pour r\u00f4le de mener l\u2019enqu\u00eate et de proc\u00e9der aux interrogatoires, tandis que les avocats garantissent le respect des droits de leurs clients. L\u2019association de ces deux parties est essentielle pour garantir l\u2019\u00e9quit\u00e9 du processus.<\/p>\n<\/p>\n<h3>Finalit\u00e9s vis\u00e9es par la Garde \u00e0 Vue<\/h3>\n<p>En retenant un suspect, les enqu\u00eateurs peuvent poser des questions et obtenir des renseignements qui pourraient \u00eatre essentiels pour l\u2019enqu\u00eate. Les finalit\u00e9s essentielles de la garde \u00e0 vue visent \u00e0 rassembler des preuves, \u00e0 prot\u00e9ger les t\u00e9moins, et \u00e0 \u00e9viter que l\u2019individu suspect\u00e9 ne s\u2019enfuie. Cela contribue \u00e9galement \u00e0 \u00e9viter que l\u2019individu ne d\u00e9forme des preuves ou n\u2019influence d\u2019autres t\u00e9moins.<\/p>\n<h2>Droits des Suspects en Garde \u00e0 Vue<\/h2>\n<h3>Droit \u00e0 l\u2019information sans restriction<\/h3>\n<p>Les agents de la police doivent fournir des explications sur les motifs de la garde \u00e0 vue et les droits qui y sont associ\u00e9s, notamment le droit \u00e0 un avocat et le droit de ne pas s\u2019auto-incriminer. Le droit \u00e0 l\u2019information est un aspect primordial des droits des individus en d\u00e9tention. Lorsqu\u2019un individu est en garde \u00e0 vue, il doit \u00eatre inform\u00e9 des raisons de cette d\u00e9tention ainsi que de ses droits. L\u2019information doit \u00eatre fournie de mani\u00e8re explicite et intelligible, permettant \u00e0 l\u2019individu de prendre des d\u00e9cisions inform\u00e9es sur sa d\u00e9fense. Le droit \u00e0 l\u2019information est vital pour assurer la transparence de la proc\u00e9dure et pour pr\u00e9server les libert\u00e9s individuelles. Le non-respect de cette obligation pourrait remettre en question la validit\u00e9 de la garde \u00e0 vue et impacter les d\u00e9cisions judiciaires suivantes.<\/p>\n<h3>Droit \u00e0 l\u2019Appui d\u2019un Avocat<\/h3>\n<p>Avoir acc\u00e8s \u00e0 un avocat est un droit fondamental pour les individus en garde \u00e0 vue. Ce droit garantit \u00e0 la personne des conseils juridiques et une repr\u00e9sentation l\u00e9gale tout au long du processus. Il est vital de souligner que la pr\u00e9sence d\u2019un avocat est essentielle pour assurer une d\u00e9fense efficace, surtout dans le cadre d\u2019une enqu\u00eate p\u00e9nale. L\u2019avocat peut \u00e9galement aider l\u2019individu \u00e0 comprendre ses droits, notamment le droit de ne pas s\u2019exprimer et les cons\u00e9quences de ses d\u00e9clarations. L\u2019avocat peut agir d\u00e8s le commencement de la garde \u00e0 vue, ce qui est fondamental pour veiller au respect des droits de la personne. Si ce droit n\u2019est pas respect\u00e9, la l\u00e9galit\u00e9 de la garde \u00e0 vue peut \u00eatre remise en question, ce qui pourrait avoir des cons\u00e9quences sur le processus judiciaire ult\u00e9rieur.<\/p>\n<\/p>\n<h2>La M\u00e9thode de Garde \u00e0 Vue<\/h2>\n<h3>\u00c9tapes de l\u2019Enqu\u00eate et des Interrogatoires<\/h3>\n<p>La garde \u00e0 vue est un processus l\u00e9gal qui se d\u00e9roule en plusieurs phases distinctes. L\u2019audition constitue un instant essentiel o\u00f9 les propos de l\u2019individu sont not\u00e9s et peuvent avoir des r\u00e9percussions significatives sur le processus qui suit. Il est n\u00e9cessaire que les propos soient exprim\u00e9s dans un cadre serein, en garantissant le respect des droits de l\u2019individu.<\/p>\n<p>D\u00e8s que la garde \u00e0 vue est prononc\u00e9e, l\u2019individu est inform\u00e9 de ses droits, y compris le droit \u00e0 un avocat et le droit de rester silencieux. <strong>Comparaison des enjeux entre la garde \u00e0 vue et l\u2019audition libre :<\/strong><\/p>\n<table border=\"2\" cellpadding=\"9\" cellspacing=\"1\">\n<thead>\n<tr>\n<th>Nuance\n<\/th>\n<th>Garde \u00e0 Vue\n<\/th>\n<th>Audition Libre\n<\/th>\n<\/tr>\n<\/thead>\n<tbody>\n<tr>\n<td>Droit \u00e0 la d\u00e9fense par un avocat\n<\/td>\n<td>Oui\n<\/td>\n<td>Oui\n<\/td>\n<\/tr>\n<tr>\n<td>Dur\u00e9e maximale en vigueur\n<\/td>\n<td>24 heures\n<\/td>\n<td>N\/A\n<\/td>\n<\/tr>\n<tr>\n<td>Obligation de se montrer\n<\/td>\n<td>Oui\n<\/td>\n<td>Non\n<\/td>\n<\/tr>\n<tr>\n<td>Droit au silence\n<\/td>\n<td>Oui\n<\/td>\n<td>Oui\n<\/td>\n<\/tr>\n<tr>\n<td>Interrogatoire forc\u00e9 par la contrainte\n<\/td>\n<td>Oui\n<\/td>\n<td>Non\n<\/td>\n<\/tr>\n<tr>\n<td>Autoris\u00e9 \u00e0 s\u2019en aller \u00e0 tout moment\n<\/td>\n<td>Non\n<\/td>\n<td>Oui\n<\/td>\n<\/tr>\n<tr>\n<td>Droit \u00e0 l\u2019information sur les chefs d\u2019accusation\n<\/td>\n<td>Limit\u00e9\n<\/td>\n<td>Complet\n<\/td>\n<\/tr>\n<tr>\n<td>Droit de poser des questions sur les droits\n<\/td>\n<td>Oui\n<\/td>\n<td>Oui\n<\/td>\n<\/tr>\n<tr>\n<td>Questions autoris\u00e9es concernant des faits connus\n<\/td>\n<td>Oui\n<\/td>\n<td>Non\n<\/td>\n<\/tr>\n<tr>\n<td>Ordre de compara\u00eetre en tant que t\u00e9moin\n<\/td>\n<td>Non\n<\/td>\n<td>Oui\n<\/td>\n<\/tr>\n<tr>\n<td>Peut \u00eatre redemand\u00e9e\n<\/td>\n<td>Oui\n<\/td>\n<td>N\/A\n<\/td>\n<\/tr>\n<tr>\n<td>Aucun imp\u00e9ratif\n<\/td>\n<td>Non\n<\/td>\n<td>Oui<\/td>\n<\/tr>\n<\/tbody>\n<\/table>\n<p>Apr\u00e8s le placement en garde \u00e0 vue, la personne est souvent interrog\u00e9e par un OPJ. Il est essentiel que ce dernier respecte les droits individuels, en autorisant la consultation d\u2019un avocat avant toute r\u00e9ponse aux questions. Tout commence par l\u2019action des forces de police, qui peuvent d\u00e9cider de mettre une personne en garde \u00e0 vue si elles jugent qu\u2019il existe des raisons suffisantes de soup\u00e7onner qu\u2019elle a commis un d\u00e9lit. Il est crucial que cette d\u00e9cision soit justifi\u00e9e par des \u00e9l\u00e9ments tangibles et qu\u2019elle ne soit pas prise \u00e0 la l\u00e9g\u00e8re.<\/p>\n<\/p>\n<h3>Affrontement et Note<\/h3>\n<p>On peut \u00e9galement pr\u00e9voir une confrontation avec d\u2019autres t\u00e9moins ou suspects. Cette phase a pour objectif de rassembler des informations suppl\u00e9mentaires susceptibles d\u2019\u00e9clairer l\u2019enqu\u00eate. Les d\u00e9clarations enregistr\u00e9es lors de cette confrontation sont consign\u00e9es dans un proc\u00e8s-verbal, qui servira de guide pour les \u00e9tapes futures de la proc\u00e9dure. Il est imp\u00e9ratif que la documentation et les rapports soient \u00e9tablis pour garantir la transparence et la l\u00e9galit\u00e9 de l\u2019ensemble du processus.<\/p>\n<h2>Impacts et Suites Judiciaires<\/h2>\n<h3>Comparution devant le Tribunal<\/h3>\n<p>\u00c0 l\u2019issue de la garde \u00e0 vue, plusieurs cons\u00e9quences peuvent en d\u00e9couler. La premi\u00e8re \u00e9tape consiste \u00e0 pr\u00e9senter la personne devant un juge, qui \u00e9valuera les \u00e9l\u00e9ments de l\u2019enqu\u00eate et d\u00e9cidera des suites \u00e0 donner. Si le juge conclut \u00e0 l\u2019existence de preuves suffisantes, il a la possibilit\u00e9 d\u2019ordonner l\u2019ouverture de poursuites judiciaires. Dans ce cas, l\u2019individu sera mis au courant des charges retenues contre lui et des droits qui lui sont offerts tout au long de la proc\u00e9dure judiciaire. Le procureur de la R\u00e9publique, en tant qu\u2019agent public de l\u2019\u00c9tat, partage des fonctions similaires avec un juge d\u2019instruction. Ils ont la capacit\u00e9 constitutionnelle de diriger la police pour appr\u00e9hender des suspects.<\/p>\n<h3>Essence des Preuves<\/h3>\n<p>En somme, la garde \u00e0 vue est une \u00e9tape cruciale qui peut avoir des r\u00e9percussions significatives sur la vie de l\u2019individu concern\u00e9, et il est essentiel d\u2019en comprendre les enjeux et les implications. Les \u00e9l\u00e9ments collect\u00e9s pendant la garde \u00e0 vue, qu\u2019il s\u2019agisse de preuves mat\u00e9rielles ou de d\u00e9clarations, sont essentiels pour l\u2019issue de l\u2019affaire. Il est imp\u00e9ratif qu\u2019ils soient obtenus dans le respect des droits individuels et des proc\u00e9dures l\u00e9gales pour garantir un traitement \u00e9quitable. La valeur des preuves dans le processus p\u00e9nal est primordiale et ne peut \u00eatre ignor\u00e9e. L\u2019ensemble de la proc\u00e9dure est dirig\u00e9 par le procureur de la R\u00e9publique ou un juge d\u2019instruction, conform\u00e9ment aux prescriptions l\u00e9gales et constitutionnelles.<\/p>\n<h3>\u00c9vasion et Appel<\/h3>\n<p>D\u2019autre part, si les \u00e9l\u00e9ments de preuve sont jug\u00e9s insuffisants, l\u2019individu peut \u00eatre lib\u00e9r\u00e9 sans qu\u2019aucune action judiciaire ne soit entreprise. Cette d\u00e9cision est essentielle, car elle garantit la protection des droits de l\u2019individu et pr\u00e9vient les d\u00e9tentions abusives. Qu\u2019il s\u2019agisse d\u2019infractions, de crimes ou de d\u00e9lits, le droit constitutionnel de notre R\u00e9publique contient des mesures qui garantissent la protection des citoyens. Il est important de signaler que la personne peut contester la d\u00e9cision du juge si elle consid\u00e8re que ses droits n\u2019ont pas \u00e9t\u00e9 respect\u00e9s ou si des irr\u00e9gularit\u00e9s ont eu lieu durant la proc\u00e9dure.<\/p>\n<h2>Apr\u00e8s la Garde \u00e0 Vue, que se passe-t-il ?<\/h2>\n<h3>Sc\u00e9narios envisageables apr\u00e8s la Garde \u00e0 Vue<\/h3>\n<p>Suite \u00e0 la garde \u00e0 vue, divers sc\u00e9narios peuvent \u00e9merger. L\u2019individu peut \u00eatre lib\u00e9r\u00e9 sans poursuites, mis en examen, ou plac\u00e9 sous contr\u00f4le judiciaire. Dans le cas d\u2019une mise en examen, cela signifie que des charges officielles sont \u00e9tablies contre elle, et elle devra se pr\u00e9parer \u00e0 une possible action en justice. Il est essentiel de noter que la prolongation de la garde \u00e0 vue ou le passage \u00e0 une nouvelle \u00e9tape du processus judiciaire doit \u00eatre fond\u00e9e sur des \u00e9l\u00e9ments concrets et valid\u00e9e par un procureur.<\/p>\n<\/p>\n<h3>Strat\u00e9gie de Proc\u00e9dure<\/h3>\n<p>Il est essentiel de conna\u00eetre les droits en garde \u00e0 vue, la dur\u00e9e maximale de cette mesure, et les \u00e9tapes ult\u00e9rieures pour naviguer dans le syst\u00e8me judiciaire avec assurance. Il est important de se souvenir que chaque situation est diff\u00e9rente et que le soutien d\u2019un avocat peut influencer de mani\u00e8re significative l\u2019issue de la proc\u00e9dure. La strat\u00e9gie adopt\u00e9e au cours de la garde \u00e0 vue est essentielle. Les avocats ont un r\u00f4le pr\u00e9pond\u00e9rant en aidant leurs clients \u00e0 naviguer dans cette p\u00e9riode critique. Ils peuvent aider \u00e0 \u00e9laborer des r\u00e9ponses pertinentes aux questions pos\u00e9es par les enqu\u00eateurs et \u00e0 s\u2019assurer que les droits de leur client sont prot\u00e9g\u00e9s. Par ailleurs, une bonne strat\u00e9gie peut consister \u00e0 pr\u00e9parer la d\u00e9fense \u00e0 l\u2019avance, en collectant des preuves et des t\u00e9moignages qui pourraient s\u2019av\u00e9rer utiles lors d\u2019une audience \u00e0 venir. En conclusion, la garde \u00e0 vue est une d\u00e9marche complexe qui requiert une compr\u00e9hension fine des droits et des responsabilit\u00e9s des individus concern\u00e9s.<\/p>\n<\/p>\n<\/div>\n","protected":false},"excerpt":{"rendered":"<p>Le titre \u00ab\u00a0Incendie avenue de Chabeuil \u00e0 Valence\u00a0: un suspect en garde \u00e0 vue\u00a0\u00bb correspond \u00e0 un article qui a&#8230;<\/p>\n","protected":false},"author":3,"featured_media":0,"comment_status":"closed","ping_status":"closed","sticky":false,"template":"","format":"standard","meta":{"footnotes":""},"categories":[2],"tags":[],"class_list":["post-1533","post","type-post","status-publish","format-standard","hentry","category-droit-de-lenvironnement","wpcat-2-id"],"yoast_head":"<!-- This site is optimized with the Yoast SEO plugin v27.5 - https:\/\/yoast.com\/product\/yoast-seo-wordpress\/ -->\n<title>Garde \u00e0 vue; Incendie avenue de Chabeuil \u00e0 Valence\u00a0: un suspect en garde \u00e0 vue - TRIBUNAL-NATURE<\/title>\n<meta name=\"description\" content=\"Garde \u00e0 vue; Incendie avenue de Chabeuil \u00e0 Valence\u00a0: un suspect en garde \u00e0 vue article de TRIBUNAL-NATURE\" \/>\n<meta name=\"robots\" content=\"index, follow, max-snippet:-1, max-image-preview:large, max-video-preview:-1\" \/>\n<link rel=\"canonical\" href=\"https:\/\/www.tribunal-nature.org\/blog\/garde-a-vue-incendie-avenue-de-chabeuil-a-valence-un-suspect-en-garde-a-vue\/\" \/>\n<meta property=\"og:locale\" content=\"fr_FR\" \/>\n<meta property=\"og:type\" content=\"article\" \/>\n<meta property=\"og:title\" content=\"Garde \u00e0 vue; Incendie avenue de Chabeuil \u00e0 Valence\u00a0: un suspect en garde \u00e0 vue - TRIBUNAL-NATURE\" \/>\n<meta property=\"og:description\" content=\"Garde \u00e0 vue; Incendie avenue de Chabeuil \u00e0 Valence\u00a0: un suspect en garde \u00e0 vue article de TRIBUNAL-NATURE\" \/>\n<meta property=\"og:url\" content=\"https:\/\/www.tribunal-nature.org\/blog\/garde-a-vue-incendie-avenue-de-chabeuil-a-valence-un-suspect-en-garde-a-vue\/\" \/>\n<meta property=\"og:site_name\" content=\"TRIBUNAL-NATURE\" \/>\n<meta property=\"article:published_time\" content=\"2026-01-11T23:20:25+00:00\" \/>\n<meta name=\"author\" content=\"Isabelle LOUBEAU\" \/>\n<meta name=\"twitter:card\" content=\"summary_large_image\" \/>\n<meta name=\"twitter:label1\" content=\"\u00c9crit par\" \/>\n\t<meta name=\"twitter:data1\" content=\"Isabelle LOUBEAU\" \/>\n\t<meta name=\"twitter:label2\" content=\"Dur\u00e9e de lecture estim\u00e9e\" \/>\n\t<meta name=\"twitter:data2\" content=\"12 minutes\" \/>\n<script type=\"application\/ld+json\" class=\"yoast-schema-graph\">{\"@context\":\"https:\\\/\\\/schema.org\",\"@graph\":[{\"@type\":\"Article\",\"@id\":\"https:\\\/\\\/www.tribunal-nature.org\\\/blog\\\/garde-a-vue-incendie-avenue-de-chabeuil-a-valence-un-suspect-en-garde-a-vue\\\/#article\",\"isPartOf\":{\"@id\":\"https:\\\/\\\/www.tribunal-nature.org\\\/blog\\\/garde-a-vue-incendie-avenue-de-chabeuil-a-valence-un-suspect-en-garde-a-vue\\\/\"},\"author\":{\"name\":\"Isabelle LOUBEAU\",\"@id\":\"https:\\\/\\\/www.tribunal-nature.org\\\/blog\\\/#\\\/schema\\\/person\\\/55761caf7544da6b05b60523f2a0855f\"},\"headline\":\"Garde \u00e0 vue; Incendie avenue de Chabeuil \u00e0 Valence\u00a0: un suspect en garde \u00e0 vue\",\"datePublished\":\"2026-01-11T23:20:25+00:00\",\"mainEntityOfPage\":{\"@id\":\"https:\\\/\\\/www.tribunal-nature.org\\\/blog\\\/garde-a-vue-incendie-avenue-de-chabeuil-a-valence-un-suspect-en-garde-a-vue\\\/\"},\"wordCount\":2467,\"publisher\":{\"@id\":\"https:\\\/\\\/www.tribunal-nature.org\\\/blog\\\/#organization\"},\"articleSection\":[\"Droit De L'Environnement:\"],\"inLanguage\":\"fr-FR\"},{\"@type\":\"WebPage\",\"@id\":\"https:\\\/\\\/www.tribunal-nature.org\\\/blog\\\/garde-a-vue-incendie-avenue-de-chabeuil-a-valence-un-suspect-en-garde-a-vue\\\/\",\"url\":\"https:\\\/\\\/www.tribunal-nature.org\\\/blog\\\/garde-a-vue-incendie-avenue-de-chabeuil-a-valence-un-suspect-en-garde-a-vue\\\/\",\"name\":\"Garde \u00e0 vue; Incendie avenue de Chabeuil \u00e0 Valence\u00a0: un suspect en garde \u00e0 vue - TRIBUNAL-NATURE\",\"isPartOf\":{\"@id\":\"https:\\\/\\\/www.tribunal-nature.org\\\/blog\\\/#website\"},\"datePublished\":\"2026-01-11T23:20:25+00:00\",\"description\":\"Garde \u00e0 vue; Incendie avenue de Chabeuil \u00e0 Valence\u00a0: un suspect en garde \u00e0 vue article de TRIBUNAL-NATURE\",\"breadcrumb\":{\"@id\":\"https:\\\/\\\/www.tribunal-nature.org\\\/blog\\\/garde-a-vue-incendie-avenue-de-chabeuil-a-valence-un-suspect-en-garde-a-vue\\\/#breadcrumb\"},\"inLanguage\":\"fr-FR\",\"potentialAction\":[{\"@type\":\"ReadAction\",\"target\":[\"https:\\\/\\\/www.tribunal-nature.org\\\/blog\\\/garde-a-vue-incendie-avenue-de-chabeuil-a-valence-un-suspect-en-garde-a-vue\\\/\"]}]},{\"@type\":\"BreadcrumbList\",\"@id\":\"https:\\\/\\\/www.tribunal-nature.org\\\/blog\\\/garde-a-vue-incendie-avenue-de-chabeuil-a-valence-un-suspect-en-garde-a-vue\\\/#breadcrumb\",\"itemListElement\":[{\"@type\":\"ListItem\",\"position\":1,\"name\":\"Accueil\",\"item\":\"https:\\\/\\\/www.tribunal-nature.org\\\/blog\\\/\"},{\"@type\":\"ListItem\",\"position\":2,\"name\":\"Garde \u00e0 vue; Incendie avenue de Chabeuil \u00e0 Valence\u00a0: un suspect en garde \u00e0 vue\"}]},{\"@type\":\"WebSite\",\"@id\":\"https:\\\/\\\/www.tribunal-nature.org\\\/blog\\\/#website\",\"url\":\"https:\\\/\\\/www.tribunal-nature.org\\\/blog\\\/\",\"name\":\"TRIBUNAL-NATURE\",\"description\":\"Droit De L&#039;Environnement.\",\"publisher\":{\"@id\":\"https:\\\/\\\/www.tribunal-nature.org\\\/blog\\\/#organization\"},\"potentialAction\":[{\"@type\":\"SearchAction\",\"target\":{\"@type\":\"EntryPoint\",\"urlTemplate\":\"https:\\\/\\\/www.tribunal-nature.org\\\/blog\\\/?s={search_term_string}\"},\"query-input\":{\"@type\":\"PropertyValueSpecification\",\"valueRequired\":true,\"valueName\":\"search_term_string\"}}],\"inLanguage\":\"fr-FR\"},{\"@type\":\"Organization\",\"@id\":\"https:\\\/\\\/www.tribunal-nature.org\\\/blog\\\/#organization\",\"name\":\"tribunal-nature\",\"url\":\"https:\\\/\\\/www.tribunal-nature.org\\\/blog\\\/\",\"logo\":{\"@type\":\"ImageObject\",\"inLanguage\":\"fr-FR\",\"@id\":\"https:\\\/\\\/www.tribunal-nature.org\\\/blog\\\/#\\\/schema\\\/logo\\\/image\\\/\",\"url\":\"https:\\\/\\\/www.tribunal-nature.org\\\/blog\\\/wp-content\\\/uploads\\\/2022\\\/05\\\/logo-2.png\",\"contentUrl\":\"https:\\\/\\\/www.tribunal-nature.org\\\/blog\\\/wp-content\\\/uploads\\\/2022\\\/05\\\/logo-2.png\",\"width\":180,\"height\":180,\"caption\":\"tribunal-nature\"},\"image\":{\"@id\":\"https:\\\/\\\/www.tribunal-nature.org\\\/blog\\\/#\\\/schema\\\/logo\\\/image\\\/\"}},{\"@type\":\"Person\",\"@id\":\"https:\\\/\\\/www.tribunal-nature.org\\\/blog\\\/#\\\/schema\\\/person\\\/55761caf7544da6b05b60523f2a0855f\",\"name\":\"Isabelle LOUBEAU\",\"image\":{\"@type\":\"ImageObject\",\"inLanguage\":\"fr-FR\",\"@id\":\"https:\\\/\\\/secure.gravatar.com\\\/avatar\\\/b6912620aca78633bf5d50400888815d3b38a1118e82b94050843f411f3f5972?s=96&d=mm&r=g\",\"url\":\"https:\\\/\\\/secure.gravatar.com\\\/avatar\\\/b6912620aca78633bf5d50400888815d3b38a1118e82b94050843f411f3f5972?s=96&d=mm&r=g\",\"contentUrl\":\"https:\\\/\\\/secure.gravatar.com\\\/avatar\\\/b6912620aca78633bf5d50400888815d3b38a1118e82b94050843f411f3f5972?s=96&d=mm&r=g\",\"caption\":\"Isabelle LOUBEAU\"},\"url\":\"https:\\\/\\\/www.tribunal-nature.org\\\/blog\\\/author\\\/ureisabelle\\\/\"}]}<\/script>\n<!-- \/ Yoast SEO plugin. -->","yoast_head_json":{"title":"Garde \u00e0 vue; Incendie avenue de Chabeuil \u00e0 Valence\u00a0: un suspect en garde \u00e0 vue - TRIBUNAL-NATURE","description":"Garde \u00e0 vue; Incendie avenue de Chabeuil \u00e0 Valence\u00a0: un suspect en garde \u00e0 vue article de TRIBUNAL-NATURE","robots":{"index":"index","follow":"follow","max-snippet":"max-snippet:-1","max-image-preview":"max-image-preview:large","max-video-preview":"max-video-preview:-1"},"canonical":"https:\/\/www.tribunal-nature.org\/blog\/garde-a-vue-incendie-avenue-de-chabeuil-a-valence-un-suspect-en-garde-a-vue\/","og_locale":"fr_FR","og_type":"article","og_title":"Garde \u00e0 vue; Incendie avenue de Chabeuil \u00e0 Valence\u00a0: un suspect en garde \u00e0 vue - TRIBUNAL-NATURE","og_description":"Garde \u00e0 vue; Incendie avenue de Chabeuil \u00e0 Valence\u00a0: un suspect en garde \u00e0 vue article de TRIBUNAL-NATURE","og_url":"https:\/\/www.tribunal-nature.org\/blog\/garde-a-vue-incendie-avenue-de-chabeuil-a-valence-un-suspect-en-garde-a-vue\/","og_site_name":"TRIBUNAL-NATURE","article_published_time":"2026-01-11T23:20:25+00:00","author":"Isabelle LOUBEAU","twitter_card":"summary_large_image","twitter_misc":{"\u00c9crit par":"Isabelle LOUBEAU","Dur\u00e9e de lecture estim\u00e9e":"12 minutes"},"schema":{"@context":"https:\/\/schema.org","@graph":[{"@type":"Article","@id":"https:\/\/www.tribunal-nature.org\/blog\/garde-a-vue-incendie-avenue-de-chabeuil-a-valence-un-suspect-en-garde-a-vue\/#article","isPartOf":{"@id":"https:\/\/www.tribunal-nature.org\/blog\/garde-a-vue-incendie-avenue-de-chabeuil-a-valence-un-suspect-en-garde-a-vue\/"},"author":{"name":"Isabelle LOUBEAU","@id":"https:\/\/www.tribunal-nature.org\/blog\/#\/schema\/person\/55761caf7544da6b05b60523f2a0855f"},"headline":"Garde \u00e0 vue; Incendie avenue de Chabeuil \u00e0 Valence\u00a0: un suspect en garde \u00e0 vue","datePublished":"2026-01-11T23:20:25+00:00","mainEntityOfPage":{"@id":"https:\/\/www.tribunal-nature.org\/blog\/garde-a-vue-incendie-avenue-de-chabeuil-a-valence-un-suspect-en-garde-a-vue\/"},"wordCount":2467,"publisher":{"@id":"https:\/\/www.tribunal-nature.org\/blog\/#organization"},"articleSection":["Droit De L'Environnement:"],"inLanguage":"fr-FR"},{"@type":"WebPage","@id":"https:\/\/www.tribunal-nature.org\/blog\/garde-a-vue-incendie-avenue-de-chabeuil-a-valence-un-suspect-en-garde-a-vue\/","url":"https:\/\/www.tribunal-nature.org\/blog\/garde-a-vue-incendie-avenue-de-chabeuil-a-valence-un-suspect-en-garde-a-vue\/","name":"Garde \u00e0 vue; Incendie avenue de Chabeuil \u00e0 Valence\u00a0: un suspect en garde \u00e0 vue - TRIBUNAL-NATURE","isPartOf":{"@id":"https:\/\/www.tribunal-nature.org\/blog\/#website"},"datePublished":"2026-01-11T23:20:25+00:00","description":"Garde \u00e0 vue; Incendie avenue de Chabeuil \u00e0 Valence\u00a0: un suspect en garde \u00e0 vue article de TRIBUNAL-NATURE","breadcrumb":{"@id":"https:\/\/www.tribunal-nature.org\/blog\/garde-a-vue-incendie-avenue-de-chabeuil-a-valence-un-suspect-en-garde-a-vue\/#breadcrumb"},"inLanguage":"fr-FR","potentialAction":[{"@type":"ReadAction","target":["https:\/\/www.tribunal-nature.org\/blog\/garde-a-vue-incendie-avenue-de-chabeuil-a-valence-un-suspect-en-garde-a-vue\/"]}]},{"@type":"BreadcrumbList","@id":"https:\/\/www.tribunal-nature.org\/blog\/garde-a-vue-incendie-avenue-de-chabeuil-a-valence-un-suspect-en-garde-a-vue\/#breadcrumb","itemListElement":[{"@type":"ListItem","position":1,"name":"Accueil","item":"https:\/\/www.tribunal-nature.org\/blog\/"},{"@type":"ListItem","position":2,"name":"Garde \u00e0 vue; Incendie avenue de Chabeuil \u00e0 Valence\u00a0: un suspect en garde \u00e0 vue"}]},{"@type":"WebSite","@id":"https:\/\/www.tribunal-nature.org\/blog\/#website","url":"https:\/\/www.tribunal-nature.org\/blog\/","name":"TRIBUNAL-NATURE","description":"Droit De L&#039;Environnement.","publisher":{"@id":"https:\/\/www.tribunal-nature.org\/blog\/#organization"},"potentialAction":[{"@type":"SearchAction","target":{"@type":"EntryPoint","urlTemplate":"https:\/\/www.tribunal-nature.org\/blog\/?s={search_term_string}"},"query-input":{"@type":"PropertyValueSpecification","valueRequired":true,"valueName":"search_term_string"}}],"inLanguage":"fr-FR"},{"@type":"Organization","@id":"https:\/\/www.tribunal-nature.org\/blog\/#organization","name":"tribunal-nature","url":"https:\/\/www.tribunal-nature.org\/blog\/","logo":{"@type":"ImageObject","inLanguage":"fr-FR","@id":"https:\/\/www.tribunal-nature.org\/blog\/#\/schema\/logo\/image\/","url":"https:\/\/www.tribunal-nature.org\/blog\/wp-content\/uploads\/2022\/05\/logo-2.png","contentUrl":"https:\/\/www.tribunal-nature.org\/blog\/wp-content\/uploads\/2022\/05\/logo-2.png","width":180,"height":180,"caption":"tribunal-nature"},"image":{"@id":"https:\/\/www.tribunal-nature.org\/blog\/#\/schema\/logo\/image\/"}},{"@type":"Person","@id":"https:\/\/www.tribunal-nature.org\/blog\/#\/schema\/person\/55761caf7544da6b05b60523f2a0855f","name":"Isabelle LOUBEAU","image":{"@type":"ImageObject","inLanguage":"fr-FR","@id":"https:\/\/secure.gravatar.com\/avatar\/b6912620aca78633bf5d50400888815d3b38a1118e82b94050843f411f3f5972?s=96&d=mm&r=g","url":"https:\/\/secure.gravatar.com\/avatar\/b6912620aca78633bf5d50400888815d3b38a1118e82b94050843f411f3f5972?s=96&d=mm&r=g","contentUrl":"https:\/\/secure.gravatar.com\/avatar\/b6912620aca78633bf5d50400888815d3b38a1118e82b94050843f411f3f5972?s=96&d=mm&r=g","caption":"Isabelle LOUBEAU"},"url":"https:\/\/www.tribunal-nature.org\/blog\/author\/ureisabelle\/"}]}},"_links":{"self":[{"href":"https:\/\/www.tribunal-nature.org\/blog\/wp-json\/wp\/v2\/posts\/1533","targetHints":{"allow":["GET"]}}],"collection":[{"href":"https:\/\/www.tribunal-nature.org\/blog\/wp-json\/wp\/v2\/posts"}],"about":[{"href":"https:\/\/www.tribunal-nature.org\/blog\/wp-json\/wp\/v2\/types\/post"}],"author":[{"embeddable":true,"href":"https:\/\/www.tribunal-nature.org\/blog\/wp-json\/wp\/v2\/users\/3"}],"replies":[{"embeddable":true,"href":"https:\/\/www.tribunal-nature.org\/blog\/wp-json\/wp\/v2\/comments?post=1533"}],"version-history":[{"count":0,"href":"https:\/\/www.tribunal-nature.org\/blog\/wp-json\/wp\/v2\/posts\/1533\/revisions"}],"wp:attachment":[{"href":"https:\/\/www.tribunal-nature.org\/blog\/wp-json\/wp\/v2\/media?parent=1533"}],"wp:term":[{"taxonomy":"category","embeddable":true,"href":"https:\/\/www.tribunal-nature.org\/blog\/wp-json\/wp\/v2\/categories?post=1533"},{"taxonomy":"post_tag","embeddable":true,"href":"https:\/\/www.tribunal-nature.org\/blog\/wp-json\/wp\/v2\/tags?post=1533"}],"curies":[{"name":"wp","href":"https:\/\/api.w.org\/{rel}","templated":true}]}}