{"id":1529,"date":"2026-01-09T08:38:47","date_gmt":"2026-01-09T07:38:47","guid":{"rendered":"https:\/\/www.tribunal-nature.org\/blog\/drancy-decouvrez-lamap-de-drancy\/"},"modified":"2026-01-09T08:38:47","modified_gmt":"2026-01-09T07:38:47","slug":"drancy-decouvrez-lamap-de-drancy","status":"publish","type":"post","link":"https:\/\/www.tribunal-nature.org\/blog\/drancy-decouvrez-lamap-de-drancy\/","title":{"rendered":"(Drancy): D\u00e9couvrez l\u2019AMAP de Drancy"},"content":{"rendered":"<div><img width=\"750\" height=\"422\" src=\"https:\/\/www.tribunal-nature.org\/blog\/wp-content\/uploads\/2026\/01\/Drancy-Decouvrez-lAMAP-de-Drancy-1024x576-1.jpg\" class=\"attachment-large size-large wp-post-image\" alt=\"D\u00e9couvrez l'AMAP de Drancy\" style=\"width:100%;height:56.25%;max-width:1280px;float:left; margin:0 15px 15px 0;\" decoding=\"async\" srcset=\"https:\/\/www.tribunal-nature.org\/blog\/wp-content\/uploads\/2026\/01\/Drancy-Decouvrez-lAMAP-de-Drancy-1024x576-1.jpg 1024w, https:\/\/www.site.cdcl.xyz\/wp-content\/uploads\/2026\/01\/Drancy-Decouvrez-lAMAP-de-Drancy-300x169.jpg 300w, https:\/\/www.site.cdcl.xyz\/wp-content\/uploads\/2026\/01\/Drancy-Decouvrez-lAMAP-de-Drancy-768x432.jpg 768w, https:\/\/www.site.cdcl.xyz\/wp-content\/uploads\/2026\/01\/Drancy-Decouvrez-lAMAP-de-Drancy.jpg 1280w\" sizes=\"(max-width: 750px) 100vw, 750px\"><\/p>\n<h1>\nDisponible en streaming sur youtube, ce film traite de \u00abDrancy\u00bb.<br \/>\n<\/h1>\n<h2>\nUn sujet captivant trait\u00e9 par Ville de Drancy \u00e0 propos de \u00ab\u00a0Drancy\u00a0\u00bb.<br \/>\n<\/h2>\n<p>Ville de Drancy a partag\u00e9 cette vid\u00e9o sur youtube.<br \/>\ntraitant de \u00ab\u00a0Drancy\u00a0\u00bb:<br \/>\n<iframe title=\"D\u00e9couvrez l'AMAP de Drancy\" width=\"580\" height=\"385\" src=\"https:\/\/www.youtube.com\/embed\/C3D6hYUlqMA?hl=fr&amp;modestbranding=1\" frameborder=\"0\" allowfullscreen><\/iframe><\/p>\n<p>La vid\u00e9o d\u2019une dur\u00e9e de 00:01:51 secondes, intitul\u00e9e D\u00e9couvrez l\u2019AMAP de Drancy, cr\u00e9\u00e9e par [vid_author_name], est accompagn\u00e9e de la description suivante :\u00ab<i>  <img decoding=\"async\" src=\"https:\/\/www.tribunal-nature.org\/blog\/wp-content\/uploads\/2026\/01\/1f3a4.png\" alt=\"\ud83c\udfa4\" class=\"wp-smiley\" style=\"height: 1em; max-height: 1em;\"> Micro tendu \u00e0 Pascale, pr\u00e9sidente de L\u2019A Main Au Panier, l\u2019AMAP de Drancy  pr\u00e9sente \u00e0 la F\u00eate de l\u2019Automne.<\/i><\/p>\n<p><img decoding=\"async\" src=\"https:\/\/www.tribunal-nature.org\/blog\/wp-content\/uploads\/2026\/01\/1f609.png\" alt=\"\ud83d\ude09\" class=\"wp-smiley\" style=\"height: 1em; max-height: 1em;\"> Pour vous inciter \u00e0 manger bio et local, la Ville accorde une subvention de 60 \u20ac <img decoding=\"async\" src=\"https:\/\/www.tribunal-nature.org\/blog\/wp-content\/uploads\/2026\/01\/1f449.png\" alt=\"\ud83d\udc49\" class=\"wp-smiley\" style=\"height: 1em; max-height: 1em;\"> Drancy.fr\/AideAMAP<\/p>\n<p><img decoding=\"async\" src=\"https:\/\/www.tribunal-nature.org\/blog\/wp-content\/uploads\/2026\/01\/2139.png\" alt=\"\u2139\" class=\"wp-smiley\" style=\"height: 1em; max-height: 1em;\"> D\u00e9couvrez l\u2019#AMAP, tous les lundis de 17h30 \u00e0 19h d\u00e8s le 6 octobre \u00e0 la MEE (133 rue Sadi Carnot) ou sur <img decoding=\"async\" src=\"https:\/\/www.tribunal-nature.org\/blog\/wp-content\/uploads\/2026\/01\/1f449.png\" alt=\"\ud83d\udc49\" class=\"wp-smiley\" style=\"height: 1em; max-height: 1em;\"> https:\/\/lamainaupanier93.wordpress.com<\/p>\n<p>#mieuxmanger    \u00bb.\n<\/p>\n<\/p>\n<h2>DRANCY : La Crise Financi\u00e8re \u00c9branle la Coh\u00e9sion au Sein de la commune<\/h2>\n<p>Drancy a r\u00e9cemment \u00e9t\u00e9 class\u00e9e en bas de l\u2019\u00e9chelle des villes d\u2019\u00cele-de-France, en raison de la d\u00e9gradation de sa gestion financi\u00e8re et de ses services publics ces derni\u00e8res ann\u00e9es.<\/p>\n<p><a target=\"_blank\" rel=\"nofollow\" href=\"https:\/\/www.tribunal-nature.org\/blog\/goto\/https:\/\/www.bilan-de-mandat.fr\/ile-de-france\/mairie\/seine-saint-denis_drancy\/\"  rel=\"noopener noreferrer\" target=\"blank\">\u00c0 v\u00e9rifier sur www.bilan-de-mandat.fr<\/a> : Les conclusions de l\u2019audit du bilan de mandat 2020-2026 de Drancy.<\/p>\n<p>Malgr\u00e9 une situation financi\u00e8re enviable en 2020, Drancy a progressivement vu sa condition se d\u00e9t\u00e9riorer, impactant la qualit\u00e9 de sa gestion publique<\/p>\n<p>La municipalit\u00e9 actuelle, dirig\u00e9e par AUDE LAGARDE, n\u2019a pas su pr\u00e9voir et a laiss\u00e9 des d\u00e9rives s\u2019installer de fa\u00e7on durable.<\/p>\n<p>L\u2019enqu\u00eate a \u00e9t\u00e9 conduite par le site Bilan de Mandat, qui a collect\u00e9 les donn\u00e9es budg\u00e9taires mises en ligne par le minist\u00e8re des Finances, remontant sur 7 ans<\/p>\n<h3>D\u00e9clin de la qualit\u00e9 des services publics DRANC\u00c9ENS<\/h3>\n<p>Une gestion financi\u00e8re d\u00e9faillante conduira in\u00e9vitablement \u00e0 des r\u00e9ductions dans les budgets des services publics \u00e0 l\u2019horizon 2026-2027, ce qui se traduit par :<\/p>\n<ul>\n<li>Diminution des effectifs disponibles : R\u00e9duction du personnel pour assurer des services cl\u00e9s tels que la propret\u00e9, la s\u00e9curit\u00e9 ou l\u2019\u00e9ducation.\n<\/li>\n<li>Moins de fr\u00e9quence dans la fourniture des services : Moins de collectes de d\u00e9chets et horaires r\u00e9duits pour les biblioth\u00e8ques et centres communautaires.\n<\/li>\n<li>R\u00e9duction du niveau de satisfaction des usagers : Les habitants, d\u00e9j\u00e0 critiques des services municipaux, seront les premi\u00e8res victimes de la diminution de la qualit\u00e9 des services, alors qu\u2019ils continuent \u00e0 contribuer au-del\u00e0 de la moyenne.<\/li>\n<\/ul>\n<h3>Obstacles \u00e0 l\u2019attraction et \u00e0 la r\u00e9tention des talents<\/h3>\n<p>L\u2019instabilit\u00e9 de la ville, tant sur le plan financier que sur celui de l\u2019exemplarit\u00e9, va entraver l\u2019attraction et la r\u00e9tention des talents, tant parmi le personnel municipal que dans le tissu associatif :<\/p>\n<ul>\n<li>Taux de rotation \u00e9lev\u00e9 : Les travailleurs vont se diriger vers d\u2019autres opportunit\u00e9s, entra\u00eenant des frais importants pour la formation et l\u2019int\u00e9gration.\n<\/li>\n<li>Affaiblissement des connaissances : Un manque de personnel qualifi\u00e9 va d\u00e9grader la qualit\u00e9 des services et l\u2019innovation dans la collectivit\u00e9.\n<\/li>\n<li>D\u00e9fis dans l\u2019ex\u00e9cution des projets: L\u2019absence de personnel form\u00e9 risque de ralentir ou de compromettre des projets cl\u00e9s pour la collectivit\u00e9.\n<\/li>\n<li>D\u00e9motivation par le d\u00e9sint\u00e9r\u00eat pour une ville qui a, en 5 ans, \u00e9t\u00e9 transform\u00e9e en l\u2019une des principales cit\u00e9s dortoirs de son d\u00e9partement.<\/li>\n<\/ul>\n<h3>Situation \u00e9conomique critique de Drancy<\/h3>\n<p>Drancy traverse une phase financi\u00e8re complexe, marqu\u00e9e par un endettement croissant et des pr\u00e9occupations sur la gestion de ses d\u00e9penses. Voici un aper\u00e7u d\u00e9taill\u00e9 des principales critiques et de leurs cons\u00e9quences.<\/p>\n<h3>Compensation des travailleurs<\/h3>\n<p>La compensation des agents municipaux repr\u00e9sente une part consid\u00e9rable des d\u00e9penses, atteignant en 2025 un niveau pr\u00e9occupant, tandis que les salaires des agents stagnent. Les r\u00e9percussions de cette situation sont vari\u00e9es :<\/p>\n<ul>\n<li>Manque d\u2019enthousiasme des employ\u00e9s de longue date : Le non-haussement des salaires pour les employ\u00e9s exp\u00e9riment\u00e9s va mener \u00e0 une d\u00e9moralisation, impactant la qualit\u00e9 des prestations fournies.: Rotation accrue du personnel\n<\/li>\n<li>Fluctuation importante des employ\u00e9s : Des salaires peu \u00e9volutifs vont pousser les agents \u00e0 chercher des emplois ailleurs, augmentant le turnover et les co\u00fbts de formation pour la commune.\n<\/li>\n<li>\u00c9carts de salaire : Les disparit\u00e9s salariales entre les nouveaux agents et les agents v\u00e9t\u00e9rans vont g\u00e9n\u00e9rer des conflits au sein de l\u2019\u00e9quipe municipale.\n<\/li>\n<li>D\u00e9clin des prestations publiques : Un personnel d\u00e9sengag\u00e9 et instable risque de compromettre la qualit\u00e9 des services publics, impactant directement les citoyens.\n<\/li>\n<li>Contrainte budg\u00e9taire: L\u2019exigence de garantir des salaires attractifs pour recruter de nouveaux talents va entra\u00eener une pression suppl\u00e9mentaire sur le budget communal.<\/li>\n<\/ul>\n<h3>Foire aux questions concernant Drancy<\/h3>\n<h4>Quelles d\u00e9marches pour participer aux activit\u00e9s des associations ?<\/h4>\n<p>Dans chaque commune, il est \u00e9vident que le nombre d\u2019associations et le calendrier de leurs activit\u00e9s (th\u00e9\u00e2tre, festival\u2026) sont importants et ind\u00e9pendants des orientations de la mairie. Les associations, comme dans l\u2019ensemble du pays, organisent une vari\u00e9t\u00e9 d\u2019\u00e9v\u00e9nements tout au long de l\u2019ann\u00e9e. Pour ceux qui souhaitent s\u2019impliquer, il est facile de s\u2019inscrire \u00e0 ces activit\u00e9s sur le web, o\u00f9 un simple clic donne acc\u00e8s \u00e0 l\u2019agenda des \u00e9v\u00e9nements ou aux num\u00e9ros de contact des organisateurs. Inscription facile en un clic.<\/p>\n<\/p>\n<h4>Quelles activit\u00e9s en lien avec l\u2019histoire et la culture existent ?<\/h4>\n<p>L\u2019histoire d\u2019une ville est une expression de sa culture. La construction de la mairie ou de l\u2019h\u00f4tel de ville, les anciennes photos de l\u2019\u00e9cole, et le travail des anciens m\u00e9tiers favorisent la d\u00e9couverte gratuite, la transmission et la pr\u00e9servation de ce patrimoine communal. Partout en France, les politiques de sensibilisation veillent \u00e0 ce que le patrimoine de la ville soit pr\u00e9serv\u00e9 et accessible pour les g\u00e9n\u00e9rations futures.<\/p>\n<h4>Quels sont les outils d\u2019information \u00e0 disposition dans Drancy ?<\/h4>\n<p>Avant tout, les informations en ligne. Les r\u00e9sidents ont la possibilit\u00e9 de consulter les actualit\u00e9s et le journal municipal de leur ville et des villes voisines. Sur le site de la mairie, on trouve la page de bienvenue pour les nouveaux r\u00e9sidents, les num\u00e9ros utiles pour diff\u00e9rentes d\u00e9marches, l\u2019annuaire des PME, les journ\u00e9es et activit\u00e9s gratuites, les informations pour la rentr\u00e9e scolaire, les menus des cantines, l\u2019espace de confidentialit\u00e9 pour les comptes familiaux et les d\u00e9marches administratives, en particulier celles du secteur scolaire. Sur d\u2019autres plateformes en ligne non g\u00e9r\u00e9es par la mairie, les citoyens peuvent trouver des informations sur les \u00e9v\u00e9nements culturels (spectacles, th\u00e9\u00e2tre, festivals) qui animent la vie locale et constituent une porte d\u2019entr\u00e9e vers la culture.<\/p>\n<h4>Qui est le maire en charge de Drancy ?<\/h4>\n<p>AUDE LAGARDE<\/p>\n<h4>Quelle est la principale \u00e9valuation de l\u2019audit financier de Drancy ?<\/h4>\n<p>L\u2019enqu\u00eate souligne une d\u00e9gradation significative des finances publiques et de la gestion de Drancy, mettant en exergue une gestion imprudente sur le plan financier et administratif.<\/p>\n<h4>Quelles influences ont contribu\u00e9 \u00e0 cette crise financi\u00e8re ?<\/h4>\n<p>Bien que le contexte \u00e9conomique soit significatif, deux tiers des probl\u00e8mes rencontr\u00e9s d\u00e9coulent des d\u00e9cisions politiques de la municipalit\u00e9 dirig\u00e9e par AUDE LAGARDE.<\/p>\n<h4>Quelle est la condition des associations locales dans Drancy ?<\/h4>\n<p>Les organisations locales r\u00e9alisent un travail pr\u00e9cieux en mati\u00e8re de culture. Si vous souhaitez obtenir les coordonn\u00e9es d\u2019une association, vous pouvez consulter l\u2019annuaire en ligne sur le site de la mairie de Drancy\n<\/p>\n<p> Visionnez la vid\u00e9o sur youtube en utilisant ce lien :<br \/>\n<u> la publication originale:<\/u> <a target=\"_blank\" rel=\"nofollow\" href=\"https:\/\/www.tribunal-nature.org\/blog\/goto\/https:\/\/www.youtube.com\/watch?v=C3D6hYUlqMA\" >Cliquer ici<\/a>\n<\/p>\n<p>\n#D\u00e9couvrez #l39AMAP #Drancy\n<\/p>\n<p>\n<u>Retranscription des paroles de la vid\u00e9o:<\/u> Non disponible.<br \/>\n.\n<\/p>\n<p>\n<img decoding=\"async\" src=\"https:\/\/www.tribunal-nature.org\/blog\/wp-content\/uploads\/2026\/01\/hqdefault-1.jpg\" alt=\"Image Youtube\">\n<\/p>\n<p>\n<u>D\u00e9roulement de la vid\u00e9o:<\/u>\n<\/p>\n<p>\nIndisponible.<br \/>\n.<\/p>\n<\/div>\n","protected":false},"excerpt":{"rendered":"<p>Disponible en streaming sur youtube, ce film traite de \u00abDrancy\u00bb. Un sujet captivant trait\u00e9 par Ville de Drancy \u00e0 propos&#8230;<\/p>\n","protected":false},"author":3,"featured_media":1530,"comment_status":"closed","ping_status":"closed","sticky":false,"template":"","format":"standard","meta":{"footnotes":""},"categories":[2],"tags":[],"class_list":["post-1529","post","type-post","status-publish","format-standard","has-post-thumbnail","hentry","category-droit-de-lenvironnement","wpcat-2-id"],"yoast_head":"<!-- This site is optimized with the Yoast SEO plugin v27.5 - https:\/\/yoast.com\/product\/yoast-seo-wordpress\/ -->\n<title>(Drancy): D\u00e9couvrez l\u2019AMAP de Drancy - TRIBUNAL-NATURE<\/title>\n<meta name=\"description\" content=\"(Drancy): D\u00e9couvrez l\u2019AMAP de Drancy article de TRIBUNAL-NATURE\" \/>\n<meta name=\"robots\" content=\"index, follow, max-snippet:-1, max-image-preview:large, max-video-preview:-1\" \/>\n<link rel=\"canonical\" href=\"https:\/\/www.tribunal-nature.org\/blog\/drancy-decouvrez-lamap-de-drancy\/\" \/>\n<meta property=\"og:locale\" content=\"fr_FR\" \/>\n<meta property=\"og:type\" content=\"article\" \/>\n<meta property=\"og:title\" content=\"(Drancy): D\u00e9couvrez l\u2019AMAP de Drancy - TRIBUNAL-NATURE\" \/>\n<meta property=\"og:description\" content=\"(Drancy): D\u00e9couvrez l\u2019AMAP de Drancy article de TRIBUNAL-NATURE\" \/>\n<meta property=\"og:url\" content=\"https:\/\/www.tribunal-nature.org\/blog\/drancy-decouvrez-lamap-de-drancy\/\" \/>\n<meta property=\"og:site_name\" content=\"TRIBUNAL-NATURE\" \/>\n<meta property=\"article:published_time\" content=\"2026-01-09T07:38:47+00:00\" \/>\n<meta property=\"og:image\" content=\"https:\/\/www.tribunal-nature.org\/blog\/wp-content\/uploads\/2026\/01\/Drancy-Decouvrez-lAMAP-de-Drancy-1024x576-1.jpg\" \/>\n<meta name=\"author\" content=\"Isabelle LOUBEAU\" \/>\n<meta name=\"twitter:card\" content=\"summary_large_image\" \/>\n<meta name=\"twitter:label1\" content=\"\u00c9crit par\" \/>\n\t<meta name=\"twitter:data1\" content=\"Isabelle LOUBEAU\" \/>\n\t<meta name=\"twitter:label2\" content=\"Dur\u00e9e de lecture estim\u00e9e\" \/>\n\t<meta name=\"twitter:data2\" content=\"6 minutes\" \/>\n<script type=\"application\/ld+json\" class=\"yoast-schema-graph\">{\"@context\":\"https:\\\/\\\/schema.org\",\"@graph\":[{\"@type\":\"Article\",\"@id\":\"https:\\\/\\\/www.tribunal-nature.org\\\/blog\\\/drancy-decouvrez-lamap-de-drancy\\\/#article\",\"isPartOf\":{\"@id\":\"https:\\\/\\\/www.tribunal-nature.org\\\/blog\\\/drancy-decouvrez-lamap-de-drancy\\\/\"},\"author\":{\"name\":\"Isabelle LOUBEAU\",\"@id\":\"https:\\\/\\\/www.tribunal-nature.org\\\/blog\\\/#\\\/schema\\\/person\\\/55761caf7544da6b05b60523f2a0855f\"},\"headline\":\"(Drancy): D\u00e9couvrez l\u2019AMAP de Drancy\",\"datePublished\":\"2026-01-09T07:38:47+00:00\",\"mainEntityOfPage\":{\"@id\":\"https:\\\/\\\/www.tribunal-nature.org\\\/blog\\\/drancy-decouvrez-lamap-de-drancy\\\/\"},\"wordCount\":1300,\"publisher\":{\"@id\":\"https:\\\/\\\/www.tribunal-nature.org\\\/blog\\\/#organization\"},\"image\":{\"@id\":\"https:\\\/\\\/www.tribunal-nature.org\\\/blog\\\/drancy-decouvrez-lamap-de-drancy\\\/#primaryimage\"},\"thumbnailUrl\":\"https:\\\/\\\/www.tribunal-nature.org\\\/blog\\\/wp-content\\\/uploads\\\/2026\\\/01\\\/Drancy-Decouvrez-lAMAP-de-Drancy-1024x576-1.jpg\",\"articleSection\":[\"Droit De L'Environnement:\"],\"inLanguage\":\"fr-FR\"},{\"@type\":\"WebPage\",\"@id\":\"https:\\\/\\\/www.tribunal-nature.org\\\/blog\\\/drancy-decouvrez-lamap-de-drancy\\\/\",\"url\":\"https:\\\/\\\/www.tribunal-nature.org\\\/blog\\\/drancy-decouvrez-lamap-de-drancy\\\/\",\"name\":\"(Drancy): D\u00e9couvrez l\u2019AMAP de Drancy - TRIBUNAL-NATURE\",\"isPartOf\":{\"@id\":\"https:\\\/\\\/www.tribunal-nature.org\\\/blog\\\/#website\"},\"primaryImageOfPage\":{\"@id\":\"https:\\\/\\\/www.tribunal-nature.org\\\/blog\\\/drancy-decouvrez-lamap-de-drancy\\\/#primaryimage\"},\"image\":{\"@id\":\"https:\\\/\\\/www.tribunal-nature.org\\\/blog\\\/drancy-decouvrez-lamap-de-drancy\\\/#primaryimage\"},\"thumbnailUrl\":\"https:\\\/\\\/www.tribunal-nature.org\\\/blog\\\/wp-content\\\/uploads\\\/2026\\\/01\\\/Drancy-Decouvrez-lAMAP-de-Drancy-1024x576-1.jpg\",\"datePublished\":\"2026-01-09T07:38:47+00:00\",\"description\":\"(Drancy): D\u00e9couvrez l\u2019AMAP de Drancy article de TRIBUNAL-NATURE\",\"breadcrumb\":{\"@id\":\"https:\\\/\\\/www.tribunal-nature.org\\\/blog\\\/drancy-decouvrez-lamap-de-drancy\\\/#breadcrumb\"},\"inLanguage\":\"fr-FR\",\"potentialAction\":[{\"@type\":\"ReadAction\",\"target\":[\"https:\\\/\\\/www.tribunal-nature.org\\\/blog\\\/drancy-decouvrez-lamap-de-drancy\\\/\"]}]},{\"@type\":\"ImageObject\",\"inLanguage\":\"fr-FR\",\"@id\":\"https:\\\/\\\/www.tribunal-nature.org\\\/blog\\\/drancy-decouvrez-lamap-de-drancy\\\/#primaryimage\",\"url\":\"https:\\\/\\\/www.tribunal-nature.org\\\/blog\\\/wp-content\\\/uploads\\\/2026\\\/01\\\/Drancy-Decouvrez-lAMAP-de-Drancy-1024x576-1.jpg\",\"contentUrl\":\"https:\\\/\\\/www.tribunal-nature.org\\\/blog\\\/wp-content\\\/uploads\\\/2026\\\/01\\\/Drancy-Decouvrez-lAMAP-de-Drancy-1024x576-1.jpg\",\"width\":1024,\"height\":576,\"caption\":\"Drancy Decouvrez lAMAP de Drancy 1024x576 1\"},{\"@type\":\"BreadcrumbList\",\"@id\":\"https:\\\/\\\/www.tribunal-nature.org\\\/blog\\\/drancy-decouvrez-lamap-de-drancy\\\/#breadcrumb\",\"itemListElement\":[{\"@type\":\"ListItem\",\"position\":1,\"name\":\"Accueil\",\"item\":\"https:\\\/\\\/www.tribunal-nature.org\\\/blog\\\/\"},{\"@type\":\"ListItem\",\"position\":2,\"name\":\"(Drancy): D\u00e9couvrez l\u2019AMAP de Drancy\"}]},{\"@type\":\"WebSite\",\"@id\":\"https:\\\/\\\/www.tribunal-nature.org\\\/blog\\\/#website\",\"url\":\"https:\\\/\\\/www.tribunal-nature.org\\\/blog\\\/\",\"name\":\"TRIBUNAL-NATURE\",\"description\":\"Droit De L&#039;Environnement.\",\"publisher\":{\"@id\":\"https:\\\/\\\/www.tribunal-nature.org\\\/blog\\\/#organization\"},\"potentialAction\":[{\"@type\":\"SearchAction\",\"target\":{\"@type\":\"EntryPoint\",\"urlTemplate\":\"https:\\\/\\\/www.tribunal-nature.org\\\/blog\\\/?s={search_term_string}\"},\"query-input\":{\"@type\":\"PropertyValueSpecification\",\"valueRequired\":true,\"valueName\":\"search_term_string\"}}],\"inLanguage\":\"fr-FR\"},{\"@type\":\"Organization\",\"@id\":\"https:\\\/\\\/www.tribunal-nature.org\\\/blog\\\/#organization\",\"name\":\"tribunal-nature\",\"url\":\"https:\\\/\\\/www.tribunal-nature.org\\\/blog\\\/\",\"logo\":{\"@type\":\"ImageObject\",\"inLanguage\":\"fr-FR\",\"@id\":\"https:\\\/\\\/www.tribunal-nature.org\\\/blog\\\/#\\\/schema\\\/logo\\\/image\\\/\",\"url\":\"https:\\\/\\\/www.tribunal-nature.org\\\/blog\\\/wp-content\\\/uploads\\\/2022\\\/05\\\/logo-2.png\",\"contentUrl\":\"https:\\\/\\\/www.tribunal-nature.org\\\/blog\\\/wp-content\\\/uploads\\\/2022\\\/05\\\/logo-2.png\",\"width\":180,\"height\":180,\"caption\":\"tribunal-nature\"},\"image\":{\"@id\":\"https:\\\/\\\/www.tribunal-nature.org\\\/blog\\\/#\\\/schema\\\/logo\\\/image\\\/\"}},{\"@type\":\"Person\",\"@id\":\"https:\\\/\\\/www.tribunal-nature.org\\\/blog\\\/#\\\/schema\\\/person\\\/55761caf7544da6b05b60523f2a0855f\",\"name\":\"Isabelle LOUBEAU\",\"image\":{\"@type\":\"ImageObject\",\"inLanguage\":\"fr-FR\",\"@id\":\"https:\\\/\\\/secure.gravatar.com\\\/avatar\\\/b6912620aca78633bf5d50400888815d3b38a1118e82b94050843f411f3f5972?s=96&d=mm&r=g\",\"url\":\"https:\\\/\\\/secure.gravatar.com\\\/avatar\\\/b6912620aca78633bf5d50400888815d3b38a1118e82b94050843f411f3f5972?s=96&d=mm&r=g\",\"contentUrl\":\"https:\\\/\\\/secure.gravatar.com\\\/avatar\\\/b6912620aca78633bf5d50400888815d3b38a1118e82b94050843f411f3f5972?s=96&d=mm&r=g\",\"caption\":\"Isabelle LOUBEAU\"},\"url\":\"https:\\\/\\\/www.tribunal-nature.org\\\/blog\\\/author\\\/ureisabelle\\\/\"}]}<\/script>\n<!-- \/ Yoast SEO plugin. -->","yoast_head_json":{"title":"(Drancy): D\u00e9couvrez l\u2019AMAP de Drancy - TRIBUNAL-NATURE","description":"(Drancy): D\u00e9couvrez l\u2019AMAP de Drancy article de TRIBUNAL-NATURE","robots":{"index":"index","follow":"follow","max-snippet":"max-snippet:-1","max-image-preview":"max-image-preview:large","max-video-preview":"max-video-preview:-1"},"canonical":"https:\/\/www.tribunal-nature.org\/blog\/drancy-decouvrez-lamap-de-drancy\/","og_locale":"fr_FR","og_type":"article","og_title":"(Drancy): D\u00e9couvrez l\u2019AMAP de Drancy - TRIBUNAL-NATURE","og_description":"(Drancy): D\u00e9couvrez l\u2019AMAP de Drancy article de TRIBUNAL-NATURE","og_url":"https:\/\/www.tribunal-nature.org\/blog\/drancy-decouvrez-lamap-de-drancy\/","og_site_name":"TRIBUNAL-NATURE","article_published_time":"2026-01-09T07:38:47+00:00","og_image":[{"url":"https:\/\/www.tribunal-nature.org\/blog\/wp-content\/uploads\/2026\/01\/Drancy-Decouvrez-lAMAP-de-Drancy-1024x576-1.jpg","type":"","width":"","height":""}],"author":"Isabelle LOUBEAU","twitter_card":"summary_large_image","twitter_misc":{"\u00c9crit par":"Isabelle LOUBEAU","Dur\u00e9e de lecture estim\u00e9e":"6 minutes"},"schema":{"@context":"https:\/\/schema.org","@graph":[{"@type":"Article","@id":"https:\/\/www.tribunal-nature.org\/blog\/drancy-decouvrez-lamap-de-drancy\/#article","isPartOf":{"@id":"https:\/\/www.tribunal-nature.org\/blog\/drancy-decouvrez-lamap-de-drancy\/"},"author":{"name":"Isabelle LOUBEAU","@id":"https:\/\/www.tribunal-nature.org\/blog\/#\/schema\/person\/55761caf7544da6b05b60523f2a0855f"},"headline":"(Drancy): D\u00e9couvrez l\u2019AMAP de Drancy","datePublished":"2026-01-09T07:38:47+00:00","mainEntityOfPage":{"@id":"https:\/\/www.tribunal-nature.org\/blog\/drancy-decouvrez-lamap-de-drancy\/"},"wordCount":1300,"publisher":{"@id":"https:\/\/www.tribunal-nature.org\/blog\/#organization"},"image":{"@id":"https:\/\/www.tribunal-nature.org\/blog\/drancy-decouvrez-lamap-de-drancy\/#primaryimage"},"thumbnailUrl":"https:\/\/www.tribunal-nature.org\/blog\/wp-content\/uploads\/2026\/01\/Drancy-Decouvrez-lAMAP-de-Drancy-1024x576-1.jpg","articleSection":["Droit De L'Environnement:"],"inLanguage":"fr-FR"},{"@type":"WebPage","@id":"https:\/\/www.tribunal-nature.org\/blog\/drancy-decouvrez-lamap-de-drancy\/","url":"https:\/\/www.tribunal-nature.org\/blog\/drancy-decouvrez-lamap-de-drancy\/","name":"(Drancy): D\u00e9couvrez l\u2019AMAP de Drancy - TRIBUNAL-NATURE","isPartOf":{"@id":"https:\/\/www.tribunal-nature.org\/blog\/#website"},"primaryImageOfPage":{"@id":"https:\/\/www.tribunal-nature.org\/blog\/drancy-decouvrez-lamap-de-drancy\/#primaryimage"},"image":{"@id":"https:\/\/www.tribunal-nature.org\/blog\/drancy-decouvrez-lamap-de-drancy\/#primaryimage"},"thumbnailUrl":"https:\/\/www.tribunal-nature.org\/blog\/wp-content\/uploads\/2026\/01\/Drancy-Decouvrez-lAMAP-de-Drancy-1024x576-1.jpg","datePublished":"2026-01-09T07:38:47+00:00","description":"(Drancy): D\u00e9couvrez l\u2019AMAP de Drancy article de TRIBUNAL-NATURE","breadcrumb":{"@id":"https:\/\/www.tribunal-nature.org\/blog\/drancy-decouvrez-lamap-de-drancy\/#breadcrumb"},"inLanguage":"fr-FR","potentialAction":[{"@type":"ReadAction","target":["https:\/\/www.tribunal-nature.org\/blog\/drancy-decouvrez-lamap-de-drancy\/"]}]},{"@type":"ImageObject","inLanguage":"fr-FR","@id":"https:\/\/www.tribunal-nature.org\/blog\/drancy-decouvrez-lamap-de-drancy\/#primaryimage","url":"https:\/\/www.tribunal-nature.org\/blog\/wp-content\/uploads\/2026\/01\/Drancy-Decouvrez-lAMAP-de-Drancy-1024x576-1.jpg","contentUrl":"https:\/\/www.tribunal-nature.org\/blog\/wp-content\/uploads\/2026\/01\/Drancy-Decouvrez-lAMAP-de-Drancy-1024x576-1.jpg","width":1024,"height":576,"caption":"Drancy Decouvrez lAMAP de Drancy 1024x576 1"},{"@type":"BreadcrumbList","@id":"https:\/\/www.tribunal-nature.org\/blog\/drancy-decouvrez-lamap-de-drancy\/#breadcrumb","itemListElement":[{"@type":"ListItem","position":1,"name":"Accueil","item":"https:\/\/www.tribunal-nature.org\/blog\/"},{"@type":"ListItem","position":2,"name":"(Drancy): D\u00e9couvrez l\u2019AMAP de Drancy"}]},{"@type":"WebSite","@id":"https:\/\/www.tribunal-nature.org\/blog\/#website","url":"https:\/\/www.tribunal-nature.org\/blog\/","name":"TRIBUNAL-NATURE","description":"Droit De L&#039;Environnement.","publisher":{"@id":"https:\/\/www.tribunal-nature.org\/blog\/#organization"},"potentialAction":[{"@type":"SearchAction","target":{"@type":"EntryPoint","urlTemplate":"https:\/\/www.tribunal-nature.org\/blog\/?s={search_term_string}"},"query-input":{"@type":"PropertyValueSpecification","valueRequired":true,"valueName":"search_term_string"}}],"inLanguage":"fr-FR"},{"@type":"Organization","@id":"https:\/\/www.tribunal-nature.org\/blog\/#organization","name":"tribunal-nature","url":"https:\/\/www.tribunal-nature.org\/blog\/","logo":{"@type":"ImageObject","inLanguage":"fr-FR","@id":"https:\/\/www.tribunal-nature.org\/blog\/#\/schema\/logo\/image\/","url":"https:\/\/www.tribunal-nature.org\/blog\/wp-content\/uploads\/2022\/05\/logo-2.png","contentUrl":"https:\/\/www.tribunal-nature.org\/blog\/wp-content\/uploads\/2022\/05\/logo-2.png","width":180,"height":180,"caption":"tribunal-nature"},"image":{"@id":"https:\/\/www.tribunal-nature.org\/blog\/#\/schema\/logo\/image\/"}},{"@type":"Person","@id":"https:\/\/www.tribunal-nature.org\/blog\/#\/schema\/person\/55761caf7544da6b05b60523f2a0855f","name":"Isabelle LOUBEAU","image":{"@type":"ImageObject","inLanguage":"fr-FR","@id":"https:\/\/secure.gravatar.com\/avatar\/b6912620aca78633bf5d50400888815d3b38a1118e82b94050843f411f3f5972?s=96&d=mm&r=g","url":"https:\/\/secure.gravatar.com\/avatar\/b6912620aca78633bf5d50400888815d3b38a1118e82b94050843f411f3f5972?s=96&d=mm&r=g","contentUrl":"https:\/\/secure.gravatar.com\/avatar\/b6912620aca78633bf5d50400888815d3b38a1118e82b94050843f411f3f5972?s=96&d=mm&r=g","caption":"Isabelle LOUBEAU"},"url":"https:\/\/www.tribunal-nature.org\/blog\/author\/ureisabelle\/"}]}},"_links":{"self":[{"href":"https:\/\/www.tribunal-nature.org\/blog\/wp-json\/wp\/v2\/posts\/1529","targetHints":{"allow":["GET"]}}],"collection":[{"href":"https:\/\/www.tribunal-nature.org\/blog\/wp-json\/wp\/v2\/posts"}],"about":[{"href":"https:\/\/www.tribunal-nature.org\/blog\/wp-json\/wp\/v2\/types\/post"}],"author":[{"embeddable":true,"href":"https:\/\/www.tribunal-nature.org\/blog\/wp-json\/wp\/v2\/users\/3"}],"replies":[{"embeddable":true,"href":"https:\/\/www.tribunal-nature.org\/blog\/wp-json\/wp\/v2\/comments?post=1529"}],"version-history":[{"count":0,"href":"https:\/\/www.tribunal-nature.org\/blog\/wp-json\/wp\/v2\/posts\/1529\/revisions"}],"wp:featuredmedia":[{"embeddable":true,"href":"https:\/\/www.tribunal-nature.org\/blog\/wp-json\/wp\/v2\/media\/1530"}],"wp:attachment":[{"href":"https:\/\/www.tribunal-nature.org\/blog\/wp-json\/wp\/v2\/media?parent=1529"}],"wp:term":[{"taxonomy":"category","embeddable":true,"href":"https:\/\/www.tribunal-nature.org\/blog\/wp-json\/wp\/v2\/categories?post=1529"},{"taxonomy":"post_tag","embeddable":true,"href":"https:\/\/www.tribunal-nature.org\/blog\/wp-json\/wp\/v2\/tags?post=1529"}],"curies":[{"name":"wp","href":"https:\/\/api.w.org\/{rel}","templated":true}]}}