{"id":1526,"date":"2026-01-07T15:00:19","date_gmt":"2026-01-07T14:00:19","guid":{"rendered":"https:\/\/www.tribunal-nature.org\/blog\/garde-a-vue-garde-a-vue-arte-quelle-star-dici-tout-commence-a-fait-ses-debuts-enfant-dans-ce-film\/"},"modified":"2026-01-07T15:00:19","modified_gmt":"2026-01-07T14:00:19","slug":"garde-a-vue-garde-a-vue-arte-quelle-star-dici-tout-commence-a-fait-ses-debuts-enfant-dans-ce-film","status":"publish","type":"post","link":"https:\/\/www.tribunal-nature.org\/blog\/garde-a-vue-garde-a-vue-arte-quelle-star-dici-tout-commence-a-fait-ses-debuts-enfant-dans-ce-film\/","title":{"rendered":"Garde \u00e0 vue; Garde \u00e0 vue (Arte) : quelle star d\u2019Ici tout commence a fait ses d\u00e9buts enfant dans ce film ?"},"content":{"rendered":"<div>\n<p>\nLe titre \u00ab\u00a0Garde \u00e0 vue (Arte) : quelle star d\u2019Ici tout commence a fait ses d\u00e9buts enfant dans ce film ?\u00a0\u00bb fait r\u00e9f\u00e9rence \u00e0 un article qui vient d\u2019\u00eatre mis en ligne. <\/p>\n<div>\n<p><em>\u00ab\u00a0Ma\u00eetre Martinaud, riche notaire de province, passe la nuit de la Saint-Sylvestre en garde \u00e0 vue pour r\u00e9pondre \u00e0 l\u2019inspecteur Gallien et \u00e0 son adjoint Belmont de l\u2019accusation de viol et de meurtre de deux fillettes. Sa personnalit\u00e9 troublante, le secret intime qu\u2019il cache, le t\u00e9moignage \u00e0 charge de sa propre \u00e9pouse en font-ils pour autant le coupable id\u00e9al ?\u00a0\u00bb<\/em> Cette histoire est celle de Garde \u00e0 vue, un film qui tient une place particuli\u00e8re dans la carri\u00e8re d\u2019une actrice que les inconditionnels d\u2019<em>ITC<\/em> connaissent bien.<\/p>\n<h2>Les premiers pas au cin\u00e9ma d\u2019Elsa Lunghini<\/h2>\n<p>Incontournable Clotilde Armand dans la s\u00e9rie quotidienne de TF1, Elsa Lunghini a en effet \u00e9t\u00e9 choisie par Claude Miller pour l\u2019un des r\u00f4les secondaires du film. Elle incarne ainsi Camille, la ni\u00e8ce de la femme de Maitre Martinaud (Michel Serrault), un personnage qui joue un r\u00f4le-cl\u00e9 dans la dynamique intime du couple form\u00e9 par Michel Serrault et Romy Schneider\u00a0et qui explique une partie de l\u2019intrigue polici\u00e8re. Si Elsa Lunghini n\u2019avait que 7 ans lors de ce tournage de   <em>Garde \u00e0 vue<\/em>, elle n\u2019a jamais oubli\u00e9 le regard port\u00e9 sur elle par ses partenaires, et en particulier par Romy Schneider comme   elle le confiait en 2023 dans <em>T\u00e9l\u00e9 7 Jours<\/em>. \u00ab\u00a0<em>Pour Romy, Lino et Serrault, je ne me rendais pas compte. J\u2019\u00e9tais petite fille et je ne connaissais pas ces gens, qui m\u2019ont prise sous leur aile (\u2026) Je me souviens que Romy me fixait beaucoup. J\u2019\u00e9tais \u00e0 la fois mal \u00e0 l\u2019aise et touch\u00e9e par ce regard. Je pense qu\u2019elle me regardait avec tendresse et \u00e9motion, car je lui rappelais son fils de 14 ans<\/em>\u00ab\u00a0, expliquait-elle ainsi \u00e0 propos de la com\u00e9dienne qui a perdu David, son fils de 14 ans, quelques mois \u00e0 peine apr\u00e8s le tournage de <em>Garde \u00e0 vue<\/em>. Ce dernier est mort brutalement apr\u00e8s s\u2019\u00eatre empal\u00e9 sur la grille du portail de la maison de ses grands-parents.\u00a0<\/p>\n<h2>Elsa Lunghini sur le d\u00e9but de sa carri\u00e8re<\/h2>\n<p>Com\u00e9dienne de cin\u00e9ma \u00e0 l\u2019\u00e2ge de 7 ans seulement, Elsa Lunghini a aussi commenc\u00e9 sa carri\u00e8re de chanteuse alors qu\u2019elle n\u2019\u00e9tait encore qu\u2019une enfant. Elle n\u2019avait par exemple que 13 ans lorsqu\u2019est sorti son plus grand tube <em>T\u2019en vas pas<\/em> qui faisait partie de la BO du film <em>La Femme de ma vie<\/em> de R\u00e9gis Wargnier dans lequel elle jouait d\u2019ailleurs. <em>\u00ab\u00a0Ce qui me rappelle cette \u00e9poque, c\u2019est l\u2019exp\u00e9rience en fait. Je refuse d\u00e9sormais de me faire imposer quoi que ce soit dans mon m\u00e9tier. Cette force-l\u00e0 m\u2019a \u00e9t\u00e9 donn\u00e9e par mon v\u00e9cu. Mais c\u2019est amusant de voir qu\u2019\u00e0 travers la s\u00e9rie (Ici tout commence, ndlr), des jeunes gens me d\u00e9couvrent aussi en chanteuse. Je vois passer des choses de moi \u2013 petite fille et jeune fille \u2013 sur les r\u00e9seaux sociaux\u00a0\u00bb<\/em>, confiait-elle dans T\u00e9l\u00e9 7 Jours \u00e0 propos de son d\u00e9but de carri\u00e8re.\u00a0<\/p>\n<\/div>\n<h2>Suite \u00e0 la Garde \u00e0 Vue<\/h2>\n<h3>Strat\u00e9gie de D\u00e9fense<\/h3>\n<p>L\u2019orientation l\u00e9gale pendant la garde \u00e0 vue est cruciale. Les avocats ont un r\u00f4le crucial en conseillant leurs clients sur la meilleure fa\u00e7on de g\u00e9rer cette phase d\u00e9licate. Ils peuvent aider \u00e0 \u00e9laborer des r\u00e9ponses pertinentes aux questions pos\u00e9es par les enqu\u00eateurs et \u00e0 s\u2019assurer que les droits de leur client sont prot\u00e9g\u00e9s. De plus, une strat\u00e9gie efficace peut inclure la pr\u00e9paration de la d\u00e9fense en amont, en rassemblant des preuves et des t\u00e9moignages qui pourraient \u00eatre essentiels lors d\u2019une audience future. Pour r\u00e9sumer, la garde \u00e0 vue est une proc\u00e9dure d\u00e9licate qui n\u00e9cessite une connaissance approfondie des droits et des obligations des personnes impliqu\u00e9es. Il est crucial de garder \u00e0 l\u2019esprit que chaque cas est particulier et que l\u2019assistance d\u2019un avocat peut avoir un impact consid\u00e9rable sur le r\u00e9sultat de la proc\u00e9dure. Il est essentiel de conna\u00eetre les droits en garde \u00e0 vue, la dur\u00e9e maximale de cette mesure, et les \u00e9tapes ult\u00e9rieures pour naviguer dans le syst\u00e8me judiciaire avec assurance.<\/p>\n<\/p>\n<h3>\u00c9v\u00e9nements post-Garde \u00e0 Vue<\/h3>\n<p>\u00c0 la suite de la garde \u00e0 vue, plusieurs situations peuvent survenir. L\u2019individu peut \u00eatre rel\u00e2ch\u00e9 sans poursuites, faire l\u2019objet d\u2019une mise en examen, ou \u00eatre plac\u00e9 sous contr\u00f4le judiciaire. Si elle est mise en examen, cela indique que des charges officielles sont retenues contre elle, et elle devra se pr\u00e9parer \u00e0 une possible action judiciaire. Il est n\u00e9cessaire de rappeler que la d\u00e9cision de prolonger la garde \u00e0 vue ou de passer \u00e0 une nouvelle phase du processus judiciaire doit \u00eatre justifi\u00e9e par des \u00e9l\u00e9ments tangibles et approuv\u00e9e par un procureur.<\/p>\n<\/p>\n<h2>Comprendre la Garde \u00e0 Vue<\/h2>\n<p>Cette mesure de garde \u00e0 vue permet aux forces de police de d\u00e9tenir un individu qu\u2019elles soup\u00e7onnent d\u2019avoir commis un acte ill\u00e9gal. Elle est r\u00e9gul\u00e9e par le Code de proc\u00e9dure p\u00e9nale et cherche \u00e0 optimiser l\u2019enqu\u00eate en offrant aux enqu\u00eateurs la possibilit\u00e9 de recueillir des preuves. En principe, la garde \u00e0 vue dure 24 heures, mais peut \u00eatre prolong\u00e9e \u00e0 48 heures dans des situations particuli\u00e8res, notamment pour des crimes graves. Cette mesure peut \u00eatre une source d\u2019inqui\u00e9tude pour ceux qui y sont confront\u00e9s, qui peuvent se sentir d\u00e9sorient\u00e9s par la complexit\u00e9 des proc\u00e9dures l\u00e9gales.<\/p>\n<h2>\u00c9claircir le sujet de la Garde \u00e0 Vue<\/h2>\n<h3>D\u00e9finition et Cadre Normatif<\/h3>\n<p>Avant d\u2019\u00eatre plac\u00e9e en garde \u00e0 vue, la personne re\u00e7oit des informations sur ses droits, y compris le droit de se taire et le droit d\u2019avoir un avocat \u00e0 ses c\u00f4t\u00e9s. Il est vital de comprendre que la garde \u00e0 vue ne doit pas \u00eatre consid\u00e9r\u00e9e comme une indication de culpabilit\u00e9 ; c\u2019est simplement une \u00e9tape dans le cadre de l\u2019enqu\u00eate. Ces droits rev\u00eatent une importance capitale, car ils prot\u00e8gent la personne contre toute forme de pression ind\u00e9sirable et lui permettent de se d\u00e9fendre efficacement. L\u2019assistance d\u2019un avocat rev\u00eat une grande importance, car il peut orienter l\u2019individu sur la fa\u00e7on la plus appropri\u00e9e de r\u00e9pondre aux questions des enqu\u00eateurs et sur les implications de ses r\u00e9ponses.<\/p>\n<h3>R\u00f4les des Participants<\/h3>\n<p>Les principaux acteurs dans le processus de garde \u00e0 vue sont les officiers de police judiciaire (OPJ) et les avocats. Les officiers de police judiciaire (OPJ) dirigent l\u2019enqu\u00eate et m\u00e8nent les interrogatoires, tandis que les avocats veillent \u00e0 la protection des droits de leurs clients. L\u2019interaction entre ces deux parties est primordiale pour garantir l\u2019\u00e9quit\u00e9 du processus.<\/p>\n<\/p>\n<h3>Cibles de la Garde \u00e0 Vue<\/h3>\n<p>Les buts principaux de la garde \u00e0 vue englobent la collecte d\u2019\u00e9l\u00e9ments de preuve, la protection des t\u00e9moins, et la pr\u00e9vention de l\u2019\u00e9vasion de l\u2019individu suspect\u00e9. En maintenant une personne en garde, les enqu\u00eateurs peuvent poser des questions et recueillir des informations qui pourraient \u00eatre cruciales pour l\u2019enqu\u00eate. Cela contribue \u00e9galement \u00e0 emp\u00eacher que l\u2019individu ne change des preuves ou n\u2019influence d\u2019autres t\u00e9moins.<\/p>\n<h2>Les \u00c9tapes de la Garde \u00e0 Vue<\/h2>\n<h3>Parcours de l\u2019Enqu\u00eate et de l\u2019Audition<\/h3>\n<p>La garde \u00e0 vue est un processus l\u00e9gal qui se d\u00e9roule en plusieurs phases distinctes. Ce moment d\u2019audition est crucial, car les d\u00e9clarations de la personne sont consign\u00e9es et peuvent avoir des cons\u00e9quences notables sur le d\u00e9roulement de la proc\u00e9dure. Il est essentiel que les d\u00e9clarations soient formul\u00e9es dans un environnement calme et respectueux des droits de la personne.<\/p>\n<p><strong>Analyse comparative des modalit\u00e9s de la garde \u00e0 vue et de l\u2019audition libre :<\/strong><\/p>\n<table border=\"1\" cellpadding=\"8\" cellspacing=\"2\">\n<thead>\n<tr>\n<th>Trait distinctif\n<\/th>\n<th>Garde \u00e0 Vue\n<\/th>\n<th>Audition Libre\n<\/th>\n<\/tr>\n<\/thead>\n<tbody>\n<tr>\n<td>Droit \u00e0 l\u2019assistance d\u2019un conseil juridique\n<\/td>\n<td>Oui\n<\/td>\n<td>Oui\n<\/td>\n<\/tr>\n<tr>\n<td>Dur\u00e9e maximale stipul\u00e9e\n<\/td>\n<td>24 heures\n<\/td>\n<td>N\/A\n<\/td>\n<\/tr>\n<tr>\n<td>Exigence de se pr\u00e9senter\n<\/td>\n<td>Oui\n<\/td>\n<td>Non\n<\/td>\n<\/tr>\n<tr>\n<td>Droit de ne pas s\u2019exprimer publiquement\n<\/td>\n<td>Oui\n<\/td>\n<td>Oui\n<\/td>\n<\/tr>\n<tr>\n<td>Interrogatoire sous menace\n<\/td>\n<td>Oui\n<\/td>\n<td>Non\n<\/td>\n<\/tr>\n<tr>\n<td>Autoris\u00e9 \u00e0 partir sans restriction de temps\n<\/td>\n<td>Non\n<\/td>\n<td>Oui\n<\/td>\n<\/tr>\n<tr>\n<td>Droit \u00e0 l\u2019information sur les all\u00e9gations\n<\/td>\n<td>Limit\u00e9\n<\/td>\n<td>Complet\n<\/td>\n<\/tr>\n<tr>\n<td>Capacit\u00e9 \u00e0 demander des clarifications sur les droits\n<\/td>\n<td>Oui\n<\/td>\n<td>Oui\n<\/td>\n<\/tr>\n<tr>\n<td>Possibilit\u00e9 de poser des questions sur des faits connus\n<\/td>\n<td>Oui\n<\/td>\n<td>Non\n<\/td>\n<\/tr>\n<tr>\n<td>Invitation \u00e0 se pr\u00e9senter pour faire un t\u00e9moignage\n<\/td>\n<td>Non\n<\/td>\n<td>Oui\n<\/td>\n<\/tr>\n<tr>\n<td>Peut \u00eatre reconduite\n<\/td>\n<td>Oui\n<\/td>\n<td>N\/A\n<\/td>\n<\/tr>\n<tr>\n<td>Pas de coercition\n<\/td>\n<td>Non\n<\/td>\n<td>Oui<\/td>\n<\/tr>\n<\/tbody>\n<\/table>\n<p>Apr\u00e8s le placement en garde \u00e0 vue, la personne est souvent soumise \u00e0 un interrogatoire par un officier de police judiciaire. Ce dernier doit respecter les droits de la personne, en lui permettant de consulter son avocat avant de r\u00e9pondre aux questions. Le processus d\u00e9bute avec l\u2019intervention des forces de l\u2019ordre, qui peuvent choisir de placer un individu en garde \u00e0 vue lorsqu\u2019elles estiment avoir des raisons valables de croire \u00e0 une infraction. Cette d\u00e9cision doit \u00eatre fond\u00e9e sur des preuves tangibles et ne peut pas \u00eatre prise \u00e0 la l\u00e9g\u00e8re. Apr\u00e8s la prononciation de la garde \u00e0 vue, la personne re\u00e7oit des informations sur ses droits, notamment le droit \u00e0 l\u2019assistance d\u2019un avocat et le droit de ne pas s\u2019exprimer.<\/p>\n<\/p>\n<h3>Affrontement et Note<\/h3>\n<p>Les rapports et la documentation appropri\u00e9s sont essentiels pour assurer la transparence et la l\u00e9galit\u00e9 de l\u2019ensemble du processus. Il est possible de pr\u00e9voir une confrontation avec d\u2019autres t\u00e9moins ou suspects. Le but de cette phase est de rassembler des donn\u00e9es suppl\u00e9mentaires qui pourraient apporter des \u00e9claircissements \u00e0 l\u2019enqu\u00eate. Les d\u00e9clarations enregistr\u00e9es lors de cette confrontation sont consign\u00e9es dans un proc\u00e8s-verbal, qui servira de guide pour les \u00e9tapes futures de la proc\u00e9dure.<\/p>\n<h2>Droits des Personnes en D\u00e9tention<\/h2>\n<h3>Droit \u00e0 l\u2019Intervention d\u2019un Avocat<\/h3>\n<p>Avoir acc\u00e8s \u00e0 un avocat est un droit fondamental pour les individus en garde \u00e0 vue. Ce droit permet \u00e0 l\u2019individu de b\u00e9n\u00e9ficier d\u2019une aide juridique et d\u2019une d\u00e9fense l\u00e9gale durant l\u2019int\u00e9gralit\u00e9 de la proc\u00e9dure. Il est imp\u00e9ratif de rappeler que l\u2019acc\u00e8s \u00e0 un avocat est un \u00e9l\u00e9ment cl\u00e9 pour garantir une d\u00e9fense efficace, notamment lors d\u2019une enqu\u00eate p\u00e9nale. L\u2019avocat est en mesure de conseiller la personne sur ses droits, y compris le droit de garder le silence et les effets de ses d\u00e9clarations. L\u2019avocat peut agir d\u00e8s le commencement de la garde \u00e0 vue, ce qui est fondamental pour veiller au respect des droits de la personne. Le non-respect de ce droit pourrait entra\u00eener une contestation de la l\u00e9galit\u00e9 de la garde \u00e0 vue, ce qui pourrait impacter le cours de la proc\u00e9dure judiciaire.<\/p>\n<\/p>\n<h3>Droit \u00e0 l\u2019information claire<\/h3>\n<p>Le droit \u00e0 l\u2019information est un aspect cl\u00e9 des droits des personnes en d\u00e9tention. Quand une personne est mise en garde \u00e0 vue, elle doit \u00eatre inform\u00e9e des justifications de cette mesure et de ses droits. Cette information doit \u00eatre fournie de mani\u00e8re explicite et compr\u00e9hensible, permettant \u00e0 l\u2019individu de prendre des d\u00e9cisions inform\u00e9es concernant sa d\u00e9fense. Il est essentiel que les policiers expliquent les motifs de la garde \u00e0 vue ainsi que les droits associ\u00e9s, comme le droit \u00e0 un avocat et le droit de ne pas s\u2019auto-incriminer. Ce droit \u00e0 l\u2019information est crucial pour garantir la transparence des proc\u00e9dures et pour prot\u00e9ger les libert\u00e9s personnelles. Le manquement \u00e0 cette obligation pourrait entra\u00eener des cons\u00e9quences sur la validit\u00e9 de la garde \u00e0 vue et sur les d\u00e9cisions judiciaires \u00e0 venir.<\/p>\n<h2>Les principes de la garde \u00e0 vue<\/h2>\n<h3>Extension de la garde \u00e0 vue<\/h3>\n<p>L\u2019extension de la garde \u00e0 vue est une mesure qui peut \u00eatre mise en \u0153uvre dans des situations sp\u00e9cifiques. Si les \u00e9l\u00e9ments de l\u2019enqu\u00eate n\u00e9cessitent davantage de temps pour leur examen, la police peut demander une prolongation, qui doit \u00eatre approuv\u00e9e par un procureur. Cette prolongation ne doit pas d\u00e9passer 48 heures au total, sauf dans des cas particuliers pr\u00e9vus par le code de proc\u00e9dure p\u00e9nale. Tout au long de cette p\u00e9riode, la personne en garde \u00e0 vue conserve ses droits, notamment le droit \u00e0 l\u2019assistance d\u2019un avocat et le droit d\u2019\u00eatre inform\u00e9e des motifs de sa d\u00e9tention. Il est essentiel que cette prolongation soit soutenue par des \u00e9l\u00e9ments tangibles, pour respecter les principes de la libert\u00e9 individuelle et garantir un traitement juste dans le cadre de la proc\u00e9dure judiciaire.<\/p>\n<\/p>\n<h3>Exigences pour la garde \u00e0 vue<\/h3>\n<p>Pour qu\u2019un individu puisse \u00eatre d\u00e9tenu en garde \u00e0 vue, plusieurs conditions doivent \u00eatre remplies. Il est n\u00e9cessaire que la police ait des raisons fond\u00e9es de penser que l\u2019individu a commis une infraction. Ces raisons doivent \u00eatre fond\u00e9es sur des \u00e9l\u00e9ments v\u00e9rifiables, comme des t\u00e9moignages ou des preuves physiques. La garde \u00e0 vue ne peut \u00eatre ordonn\u00e9e que si elle est indispensable \u00e0 l\u2019enqu\u00eate, par exemple pour pr\u00e9venir une fuite de la personne ou la destruction de preuves. De surcro\u00eet, la loi impose des limites \u00e0 la dur\u00e9e de la garde \u00e0 vue, et toute prolongation doit \u00eatre justifi\u00e9e et valid\u00e9e par un procureur. Ces crit\u00e8res ont pour objectif de d\u00e9fendre les droits des individus et d\u2019\u00e9viter les abus de pouvoir dans le cadre de la proc\u00e9dure p\u00e9nale. Que ce soit pour une infraction, un crime ou un d\u00e9lit, les d\u00e9lits et en particulier les crimes entra\u00eenent des gardes \u00e0 vue pour assurer l\u2019\u00e9quit\u00e9 des citoyens devant la loi au sein de la R\u00e9publique.<\/p>\n<h2>Cons\u00e9quences et R\u00e9actions Judiciaires<\/h2>\n<h3>Pr\u00e9sentation devant le Juge<\/h3>\n<p>\u00c0 l\u2019issue de la garde \u00e0 vue, plusieurs cons\u00e9quences peuvent en d\u00e9couler. La premi\u00e8re \u00e9tape requiert de pr\u00e9senter la personne \u00e0 un magistrat, qui examinera les faits de l\u2019enqu\u00eate et d\u00e9cidera des actions \u00e0 entreprendre. Si le juge conclut \u00e0 l\u2019existence de preuves suffisantes, il a la possibilit\u00e9 d\u2019ordonner l\u2019ouverture de poursuites judiciaires. Dans cette situation, l\u2019individu recevra des informations sur les accusations formul\u00e9es \u00e0 son encontre et sur les droits qui lui sont garantis tout au long de la proc\u00e9dure judiciaire. Le procureur de la R\u00e9publique est un repr\u00e9sentant de l\u2019\u00c9tat, tout comme un juge d\u2019instruction. Ils d\u00e9tiennent le pouvoir constitutionnel de diriger la police pour proc\u00e9der \u00e0 l\u2019arrestation de suspects.<\/p>\n<h3>Lib\u00e9ration et Action en Justice<\/h3>\n<p>D\u2019autre part, si les preuves sont jug\u00e9es insuffisantes, l\u2019individu peut \u00eatre remis en libert\u00e9 sans qu\u2019aucune action judiciaire ne soit entreprise. Cette d\u00e9cision est vitale, car elle garantit la protection des droits de la personne et \u00e9vite les d\u00e9tentions abusives. Peu importe que les faits soient des infractions, des crimes ou des d\u00e9lits, le droit constitutionnel de notre R\u00e9publique pr\u00e9voit des dispositions pour prot\u00e9ger les citoyens. Il est \u00e9galement essentiel de souligner que l\u2019individu a la possibilit\u00e9 de contester la d\u00e9cision du juge s\u2019il consid\u00e8re que ses droits n\u2019ont pas \u00e9t\u00e9 respect\u00e9s ou si la proc\u00e9dure pr\u00e9sente des irr\u00e9gularit\u00e9s.<\/p>\n<h3>Valeur des Preuves<\/h3>\n<p>Les \u00e9l\u00e9ments collect\u00e9s pendant la garde \u00e0 vue, qu\u2019il s\u2019agisse de preuves mat\u00e9rielles ou de t\u00e9moignages, sont cruciaux pour l\u2019issue de l\u2019affaire. Ces \u00e9l\u00e9ments doivent \u00eatre recueillis dans le respect des droits des individus et des proc\u00e9dures l\u00e9gales pour garantir un traitement \u00e9quitable. Pour r\u00e9sumer, la garde \u00e0 vue est une phase cruciale qui peut avoir des effets importants sur la vie de l\u2019individu impliqu\u00e9, et il est primordial d\u2019en comprendre les enjeux et les cons\u00e9quences. Les preuves jouent un r\u00f4le crucial dans le processus p\u00e9nal et ne doivent pas \u00eatre n\u00e9glig\u00e9es. L\u2019int\u00e9gralit\u00e9 de la proc\u00e9dure est encadr\u00e9e par le procureur de la R\u00e9publique ou un juge d\u2019instruction, en accord avec la loi et la Constitution.<\/p>\n<\/div>\n","protected":false},"excerpt":{"rendered":"<p>Le titre \u00ab\u00a0Garde \u00e0 vue (Arte) : quelle star d\u2019Ici tout commence a fait ses d\u00e9buts enfant dans ce film&#8230;<\/p>\n","protected":false},"author":3,"featured_media":0,"comment_status":"closed","ping_status":"closed","sticky":false,"template":"","format":"standard","meta":{"footnotes":""},"categories":[2],"tags":[],"class_list":["post-1526","post","type-post","status-publish","format-standard","hentry","category-droit-de-lenvironnement","wpcat-2-id"],"yoast_head":"<!-- This site is optimized with the Yoast SEO plugin v27.5 - https:\/\/yoast.com\/product\/yoast-seo-wordpress\/ -->\n<title>Garde \u00e0 vue; Garde \u00e0 vue (Arte) : quelle star d\u2019Ici tout commence a fait ses d\u00e9buts enfant dans ce film ? - TRIBUNAL-NATURE<\/title>\n<meta name=\"description\" content=\"Garde \u00e0 vue; Garde \u00e0 vue (Arte) : quelle star d\u2019Ici tout commence a fait ses d\u00e9buts enfant dans ce film ? article de TRIBUNAL-NATURE\" \/>\n<meta name=\"robots\" content=\"index, follow, max-snippet:-1, max-image-preview:large, max-video-preview:-1\" \/>\n<link rel=\"canonical\" href=\"https:\/\/www.tribunal-nature.org\/blog\/garde-a-vue-garde-a-vue-arte-quelle-star-dici-tout-commence-a-fait-ses-debuts-enfant-dans-ce-film\/\" \/>\n<meta property=\"og:locale\" content=\"fr_FR\" \/>\n<meta property=\"og:type\" content=\"article\" \/>\n<meta property=\"og:title\" content=\"Garde \u00e0 vue; Garde \u00e0 vue (Arte) : quelle star d\u2019Ici tout commence a fait ses d\u00e9buts enfant dans ce film ? - TRIBUNAL-NATURE\" \/>\n<meta property=\"og:description\" content=\"Garde \u00e0 vue; Garde \u00e0 vue (Arte) : quelle star d\u2019Ici tout commence a fait ses d\u00e9buts enfant dans ce film ? article de TRIBUNAL-NATURE\" \/>\n<meta property=\"og:url\" content=\"https:\/\/www.tribunal-nature.org\/blog\/garde-a-vue-garde-a-vue-arte-quelle-star-dici-tout-commence-a-fait-ses-debuts-enfant-dans-ce-film\/\" \/>\n<meta property=\"og:site_name\" content=\"TRIBUNAL-NATURE\" \/>\n<meta property=\"article:published_time\" content=\"2026-01-07T14:00:19+00:00\" \/>\n<meta name=\"author\" content=\"Isabelle LOUBEAU\" \/>\n<meta name=\"twitter:card\" content=\"summary_large_image\" \/>\n<meta name=\"twitter:label1\" content=\"\u00c9crit par\" \/>\n\t<meta name=\"twitter:data1\" content=\"Isabelle LOUBEAU\" \/>\n\t<meta name=\"twitter:label2\" content=\"Dur\u00e9e de lecture estim\u00e9e\" \/>\n\t<meta name=\"twitter:data2\" content=\"14 minutes\" \/>\n<script type=\"application\/ld+json\" class=\"yoast-schema-graph\">{\"@context\":\"https:\\\/\\\/schema.org\",\"@graph\":[{\"@type\":\"Article\",\"@id\":\"https:\\\/\\\/www.tribunal-nature.org\\\/blog\\\/garde-a-vue-garde-a-vue-arte-quelle-star-dici-tout-commence-a-fait-ses-debuts-enfant-dans-ce-film\\\/#article\",\"isPartOf\":{\"@id\":\"https:\\\/\\\/www.tribunal-nature.org\\\/blog\\\/garde-a-vue-garde-a-vue-arte-quelle-star-dici-tout-commence-a-fait-ses-debuts-enfant-dans-ce-film\\\/\"},\"author\":{\"name\":\"Isabelle LOUBEAU\",\"@id\":\"https:\\\/\\\/www.tribunal-nature.org\\\/blog\\\/#\\\/schema\\\/person\\\/55761caf7544da6b05b60523f2a0855f\"},\"headline\":\"Garde \u00e0 vue; Garde \u00e0 vue (Arte) : quelle star d\u2019Ici tout commence a fait ses d\u00e9buts enfant dans ce film ?\",\"datePublished\":\"2026-01-07T14:00:19+00:00\",\"mainEntityOfPage\":{\"@id\":\"https:\\\/\\\/www.tribunal-nature.org\\\/blog\\\/garde-a-vue-garde-a-vue-arte-quelle-star-dici-tout-commence-a-fait-ses-debuts-enfant-dans-ce-film\\\/\"},\"wordCount\":2741,\"publisher\":{\"@id\":\"https:\\\/\\\/www.tribunal-nature.org\\\/blog\\\/#organization\"},\"articleSection\":[\"Droit De L'Environnement:\"],\"inLanguage\":\"fr-FR\"},{\"@type\":\"WebPage\",\"@id\":\"https:\\\/\\\/www.tribunal-nature.org\\\/blog\\\/garde-a-vue-garde-a-vue-arte-quelle-star-dici-tout-commence-a-fait-ses-debuts-enfant-dans-ce-film\\\/\",\"url\":\"https:\\\/\\\/www.tribunal-nature.org\\\/blog\\\/garde-a-vue-garde-a-vue-arte-quelle-star-dici-tout-commence-a-fait-ses-debuts-enfant-dans-ce-film\\\/\",\"name\":\"Garde \u00e0 vue; Garde \u00e0 vue (Arte) : quelle star d\u2019Ici tout commence a fait ses d\u00e9buts enfant dans ce film ? - TRIBUNAL-NATURE\",\"isPartOf\":{\"@id\":\"https:\\\/\\\/www.tribunal-nature.org\\\/blog\\\/#website\"},\"datePublished\":\"2026-01-07T14:00:19+00:00\",\"description\":\"Garde \u00e0 vue; Garde \u00e0 vue (Arte) : quelle star d\u2019Ici tout commence a fait ses d\u00e9buts enfant dans ce film ? article de TRIBUNAL-NATURE\",\"breadcrumb\":{\"@id\":\"https:\\\/\\\/www.tribunal-nature.org\\\/blog\\\/garde-a-vue-garde-a-vue-arte-quelle-star-dici-tout-commence-a-fait-ses-debuts-enfant-dans-ce-film\\\/#breadcrumb\"},\"inLanguage\":\"fr-FR\",\"potentialAction\":[{\"@type\":\"ReadAction\",\"target\":[\"https:\\\/\\\/www.tribunal-nature.org\\\/blog\\\/garde-a-vue-garde-a-vue-arte-quelle-star-dici-tout-commence-a-fait-ses-debuts-enfant-dans-ce-film\\\/\"]}]},{\"@type\":\"BreadcrumbList\",\"@id\":\"https:\\\/\\\/www.tribunal-nature.org\\\/blog\\\/garde-a-vue-garde-a-vue-arte-quelle-star-dici-tout-commence-a-fait-ses-debuts-enfant-dans-ce-film\\\/#breadcrumb\",\"itemListElement\":[{\"@type\":\"ListItem\",\"position\":1,\"name\":\"Accueil\",\"item\":\"https:\\\/\\\/www.tribunal-nature.org\\\/blog\\\/\"},{\"@type\":\"ListItem\",\"position\":2,\"name\":\"Garde \u00e0 vue; Garde \u00e0 vue (Arte) : quelle star d\u2019Ici tout commence a fait ses d\u00e9buts enfant dans ce film ?\"}]},{\"@type\":\"WebSite\",\"@id\":\"https:\\\/\\\/www.tribunal-nature.org\\\/blog\\\/#website\",\"url\":\"https:\\\/\\\/www.tribunal-nature.org\\\/blog\\\/\",\"name\":\"TRIBUNAL-NATURE\",\"description\":\"Droit De L&#039;Environnement.\",\"publisher\":{\"@id\":\"https:\\\/\\\/www.tribunal-nature.org\\\/blog\\\/#organization\"},\"potentialAction\":[{\"@type\":\"SearchAction\",\"target\":{\"@type\":\"EntryPoint\",\"urlTemplate\":\"https:\\\/\\\/www.tribunal-nature.org\\\/blog\\\/?s={search_term_string}\"},\"query-input\":{\"@type\":\"PropertyValueSpecification\",\"valueRequired\":true,\"valueName\":\"search_term_string\"}}],\"inLanguage\":\"fr-FR\"},{\"@type\":\"Organization\",\"@id\":\"https:\\\/\\\/www.tribunal-nature.org\\\/blog\\\/#organization\",\"name\":\"tribunal-nature\",\"url\":\"https:\\\/\\\/www.tribunal-nature.org\\\/blog\\\/\",\"logo\":{\"@type\":\"ImageObject\",\"inLanguage\":\"fr-FR\",\"@id\":\"https:\\\/\\\/www.tribunal-nature.org\\\/blog\\\/#\\\/schema\\\/logo\\\/image\\\/\",\"url\":\"https:\\\/\\\/www.tribunal-nature.org\\\/blog\\\/wp-content\\\/uploads\\\/2022\\\/05\\\/logo-2.png\",\"contentUrl\":\"https:\\\/\\\/www.tribunal-nature.org\\\/blog\\\/wp-content\\\/uploads\\\/2022\\\/05\\\/logo-2.png\",\"width\":180,\"height\":180,\"caption\":\"tribunal-nature\"},\"image\":{\"@id\":\"https:\\\/\\\/www.tribunal-nature.org\\\/blog\\\/#\\\/schema\\\/logo\\\/image\\\/\"}},{\"@type\":\"Person\",\"@id\":\"https:\\\/\\\/www.tribunal-nature.org\\\/blog\\\/#\\\/schema\\\/person\\\/55761caf7544da6b05b60523f2a0855f\",\"name\":\"Isabelle LOUBEAU\",\"image\":{\"@type\":\"ImageObject\",\"inLanguage\":\"fr-FR\",\"@id\":\"https:\\\/\\\/secure.gravatar.com\\\/avatar\\\/b6912620aca78633bf5d50400888815d3b38a1118e82b94050843f411f3f5972?s=96&d=mm&r=g\",\"url\":\"https:\\\/\\\/secure.gravatar.com\\\/avatar\\\/b6912620aca78633bf5d50400888815d3b38a1118e82b94050843f411f3f5972?s=96&d=mm&r=g\",\"contentUrl\":\"https:\\\/\\\/secure.gravatar.com\\\/avatar\\\/b6912620aca78633bf5d50400888815d3b38a1118e82b94050843f411f3f5972?s=96&d=mm&r=g\",\"caption\":\"Isabelle LOUBEAU\"},\"url\":\"https:\\\/\\\/www.tribunal-nature.org\\\/blog\\\/author\\\/ureisabelle\\\/\"}]}<\/script>\n<!-- \/ Yoast SEO plugin. -->","yoast_head_json":{"title":"Garde \u00e0 vue; Garde \u00e0 vue (Arte) : quelle star d\u2019Ici tout commence a fait ses d\u00e9buts enfant dans ce film ? - TRIBUNAL-NATURE","description":"Garde \u00e0 vue; Garde \u00e0 vue (Arte) : quelle star d\u2019Ici tout commence a fait ses d\u00e9buts enfant dans ce film ? article de TRIBUNAL-NATURE","robots":{"index":"index","follow":"follow","max-snippet":"max-snippet:-1","max-image-preview":"max-image-preview:large","max-video-preview":"max-video-preview:-1"},"canonical":"https:\/\/www.tribunal-nature.org\/blog\/garde-a-vue-garde-a-vue-arte-quelle-star-dici-tout-commence-a-fait-ses-debuts-enfant-dans-ce-film\/","og_locale":"fr_FR","og_type":"article","og_title":"Garde \u00e0 vue; Garde \u00e0 vue (Arte) : quelle star d\u2019Ici tout commence a fait ses d\u00e9buts enfant dans ce film ? - TRIBUNAL-NATURE","og_description":"Garde \u00e0 vue; Garde \u00e0 vue (Arte) : quelle star d\u2019Ici tout commence a fait ses d\u00e9buts enfant dans ce film ? article de TRIBUNAL-NATURE","og_url":"https:\/\/www.tribunal-nature.org\/blog\/garde-a-vue-garde-a-vue-arte-quelle-star-dici-tout-commence-a-fait-ses-debuts-enfant-dans-ce-film\/","og_site_name":"TRIBUNAL-NATURE","article_published_time":"2026-01-07T14:00:19+00:00","author":"Isabelle LOUBEAU","twitter_card":"summary_large_image","twitter_misc":{"\u00c9crit par":"Isabelle LOUBEAU","Dur\u00e9e de lecture estim\u00e9e":"14 minutes"},"schema":{"@context":"https:\/\/schema.org","@graph":[{"@type":"Article","@id":"https:\/\/www.tribunal-nature.org\/blog\/garde-a-vue-garde-a-vue-arte-quelle-star-dici-tout-commence-a-fait-ses-debuts-enfant-dans-ce-film\/#article","isPartOf":{"@id":"https:\/\/www.tribunal-nature.org\/blog\/garde-a-vue-garde-a-vue-arte-quelle-star-dici-tout-commence-a-fait-ses-debuts-enfant-dans-ce-film\/"},"author":{"name":"Isabelle LOUBEAU","@id":"https:\/\/www.tribunal-nature.org\/blog\/#\/schema\/person\/55761caf7544da6b05b60523f2a0855f"},"headline":"Garde \u00e0 vue; Garde \u00e0 vue (Arte) : quelle star d\u2019Ici tout commence a fait ses d\u00e9buts enfant dans ce film ?","datePublished":"2026-01-07T14:00:19+00:00","mainEntityOfPage":{"@id":"https:\/\/www.tribunal-nature.org\/blog\/garde-a-vue-garde-a-vue-arte-quelle-star-dici-tout-commence-a-fait-ses-debuts-enfant-dans-ce-film\/"},"wordCount":2741,"publisher":{"@id":"https:\/\/www.tribunal-nature.org\/blog\/#organization"},"articleSection":["Droit De L'Environnement:"],"inLanguage":"fr-FR"},{"@type":"WebPage","@id":"https:\/\/www.tribunal-nature.org\/blog\/garde-a-vue-garde-a-vue-arte-quelle-star-dici-tout-commence-a-fait-ses-debuts-enfant-dans-ce-film\/","url":"https:\/\/www.tribunal-nature.org\/blog\/garde-a-vue-garde-a-vue-arte-quelle-star-dici-tout-commence-a-fait-ses-debuts-enfant-dans-ce-film\/","name":"Garde \u00e0 vue; Garde \u00e0 vue (Arte) : quelle star d\u2019Ici tout commence a fait ses d\u00e9buts enfant dans ce film ? - TRIBUNAL-NATURE","isPartOf":{"@id":"https:\/\/www.tribunal-nature.org\/blog\/#website"},"datePublished":"2026-01-07T14:00:19+00:00","description":"Garde \u00e0 vue; Garde \u00e0 vue (Arte) : quelle star d\u2019Ici tout commence a fait ses d\u00e9buts enfant dans ce film ? article de TRIBUNAL-NATURE","breadcrumb":{"@id":"https:\/\/www.tribunal-nature.org\/blog\/garde-a-vue-garde-a-vue-arte-quelle-star-dici-tout-commence-a-fait-ses-debuts-enfant-dans-ce-film\/#breadcrumb"},"inLanguage":"fr-FR","potentialAction":[{"@type":"ReadAction","target":["https:\/\/www.tribunal-nature.org\/blog\/garde-a-vue-garde-a-vue-arte-quelle-star-dici-tout-commence-a-fait-ses-debuts-enfant-dans-ce-film\/"]}]},{"@type":"BreadcrumbList","@id":"https:\/\/www.tribunal-nature.org\/blog\/garde-a-vue-garde-a-vue-arte-quelle-star-dici-tout-commence-a-fait-ses-debuts-enfant-dans-ce-film\/#breadcrumb","itemListElement":[{"@type":"ListItem","position":1,"name":"Accueil","item":"https:\/\/www.tribunal-nature.org\/blog\/"},{"@type":"ListItem","position":2,"name":"Garde \u00e0 vue; Garde \u00e0 vue (Arte) : quelle star d\u2019Ici tout commence a fait ses d\u00e9buts enfant dans ce film ?"}]},{"@type":"WebSite","@id":"https:\/\/www.tribunal-nature.org\/blog\/#website","url":"https:\/\/www.tribunal-nature.org\/blog\/","name":"TRIBUNAL-NATURE","description":"Droit De L&#039;Environnement.","publisher":{"@id":"https:\/\/www.tribunal-nature.org\/blog\/#organization"},"potentialAction":[{"@type":"SearchAction","target":{"@type":"EntryPoint","urlTemplate":"https:\/\/www.tribunal-nature.org\/blog\/?s={search_term_string}"},"query-input":{"@type":"PropertyValueSpecification","valueRequired":true,"valueName":"search_term_string"}}],"inLanguage":"fr-FR"},{"@type":"Organization","@id":"https:\/\/www.tribunal-nature.org\/blog\/#organization","name":"tribunal-nature","url":"https:\/\/www.tribunal-nature.org\/blog\/","logo":{"@type":"ImageObject","inLanguage":"fr-FR","@id":"https:\/\/www.tribunal-nature.org\/blog\/#\/schema\/logo\/image\/","url":"https:\/\/www.tribunal-nature.org\/blog\/wp-content\/uploads\/2022\/05\/logo-2.png","contentUrl":"https:\/\/www.tribunal-nature.org\/blog\/wp-content\/uploads\/2022\/05\/logo-2.png","width":180,"height":180,"caption":"tribunal-nature"},"image":{"@id":"https:\/\/www.tribunal-nature.org\/blog\/#\/schema\/logo\/image\/"}},{"@type":"Person","@id":"https:\/\/www.tribunal-nature.org\/blog\/#\/schema\/person\/55761caf7544da6b05b60523f2a0855f","name":"Isabelle LOUBEAU","image":{"@type":"ImageObject","inLanguage":"fr-FR","@id":"https:\/\/secure.gravatar.com\/avatar\/b6912620aca78633bf5d50400888815d3b38a1118e82b94050843f411f3f5972?s=96&d=mm&r=g","url":"https:\/\/secure.gravatar.com\/avatar\/b6912620aca78633bf5d50400888815d3b38a1118e82b94050843f411f3f5972?s=96&d=mm&r=g","contentUrl":"https:\/\/secure.gravatar.com\/avatar\/b6912620aca78633bf5d50400888815d3b38a1118e82b94050843f411f3f5972?s=96&d=mm&r=g","caption":"Isabelle LOUBEAU"},"url":"https:\/\/www.tribunal-nature.org\/blog\/author\/ureisabelle\/"}]}},"_links":{"self":[{"href":"https:\/\/www.tribunal-nature.org\/blog\/wp-json\/wp\/v2\/posts\/1526","targetHints":{"allow":["GET"]}}],"collection":[{"href":"https:\/\/www.tribunal-nature.org\/blog\/wp-json\/wp\/v2\/posts"}],"about":[{"href":"https:\/\/www.tribunal-nature.org\/blog\/wp-json\/wp\/v2\/types\/post"}],"author":[{"embeddable":true,"href":"https:\/\/www.tribunal-nature.org\/blog\/wp-json\/wp\/v2\/users\/3"}],"replies":[{"embeddable":true,"href":"https:\/\/www.tribunal-nature.org\/blog\/wp-json\/wp\/v2\/comments?post=1526"}],"version-history":[{"count":0,"href":"https:\/\/www.tribunal-nature.org\/blog\/wp-json\/wp\/v2\/posts\/1526\/revisions"}],"wp:attachment":[{"href":"https:\/\/www.tribunal-nature.org\/blog\/wp-json\/wp\/v2\/media?parent=1526"}],"wp:term":[{"taxonomy":"category","embeddable":true,"href":"https:\/\/www.tribunal-nature.org\/blog\/wp-json\/wp\/v2\/categories?post=1526"},{"taxonomy":"post_tag","embeddable":true,"href":"https:\/\/www.tribunal-nature.org\/blog\/wp-json\/wp\/v2\/tags?post=1526"}],"curies":[{"name":"wp","href":"https:\/\/api.w.org\/{rel}","templated":true}]}}