{"id":149,"date":"2022-07-09T21:00:14","date_gmt":"2022-07-09T19:00:14","guid":{"rendered":"https:\/\/www.tribunal-nature.org\/blog\/sur-internet-au-tribunal-de-brest-le-pere-violent-envers-sa-femme-et-sa-fille-ecope-de-8-mois-de-prison-avec-sursis-brest\/"},"modified":"2022-07-09T21:00:14","modified_gmt":"2022-07-09T19:00:14","slug":"sur-internet-au-tribunal-de-brest-le-pere-violent-envers-sa-femme-et-sa-fille-ecope-de-8-mois-de-prison-avec-sursis-brest","status":"publish","type":"post","link":"https:\/\/www.tribunal-nature.org\/blog\/sur-internet-au-tribunal-de-brest-le-pere-violent-envers-sa-femme-et-sa-fille-ecope-de-8-mois-de-prison-avec-sursis-brest\/","title":{"rendered":"Sur internet  : Au tribunal de Brest, le p\u00e8re violent envers sa femme et sa fille \u00e9cope de 8 mois de prison avec sursis \u2013 Brest"},"content":{"rendered":"<div>\n<p>Voil\u00e0 qui va vous satisfaire : Un  nouvel \u00e9ditorial que nous venons de voir sur le web et que nous vous proposons ci-dessous. Le th\u00e8me est \u00ab\u00a0la justice\u00a0\u00bb.<\/p>\n<p>Son titre saisissant (Au tribunal de Brest, le p\u00e8re violent envers sa femme et sa fille \u00e9cope de 8 mois de prison avec sursis \u2013 Brest) est \u00e9vocateur.<\/p>\n<p> Identifi\u00e9 sous le nom \u00abd\u2019anonymat<br \/>\n\u00bb, l\u2019\u00e9ditorialiste est reconnu comme quelqu\u2019un de s\u00e9rieux pour d\u2019autres posts qu\u2019il a publi\u00e9s sur le web.<\/p>\n<p>Vous pouvez prendre connaissance de ces infos en toute tranquillit\u00e9.<\/p>\n<p>La date de publication est 2022-07-09 11:42:00.<\/p>\n<div>\n    <!-- Poool (noscript) --><br \/>\n    <noscript><br \/>\n        <iframe class=\"noscript-poool\" src=\"https:\/\/poool.host\/ns.html?id=ARY86-MOL8E-Y0GA8-GQB3T\"><\/iframe><br \/>\n    <\/noscript><br \/>\n    <!-- End Poool (noscript) --><\/p>\n<p>Des violences intrafamiliales commises le 23 f\u00e9vrier 2022 dans une commune de la r\u00e9gion brestoise, ont retenu vendredi 8 juillet 2022, \u00e0 la barre du tribunal judiciaire de Brest, un homme de 48 ans. En pr\u00e9sence de son \u00e9pouse et de sa fille qui se constituent parties civiles, le quadrag\u00e9naire peine \u00e0 reconna\u00eetre tous les faits.<\/p>\n<h2>\u00ab\u00a0La prochaine fois, je te tue\u00a0!\u00a0\u00bb<\/h2>\n<p>C\u2019est l\u2019histoire de la chute du r\u00e8gne d\u2019un \u00ab\u00a0p\u00e8re tyrannique\u00a0\u00bb, pr\u00e9cipit\u00e9 par l\u2019enfant qui trouve la force d\u2019un jeune adulte pour s\u2019opposer et prot\u00e9ger le parent soumis. Depuis des ann\u00e9es, \u00ab\u00a0l\u2019ambiance est ex\u00e9crable\u00a0\u00bb au domicile conjugal, selon les deux enfants du couple. Si le fils, d\u00e9crivant son p\u00e8re comme \u00ab\u00a0un patriarche autoritaire\u00a0\u00bb, a pris le large, sa s\u0153ur, qui vit de nouveau au sein du foyer familial, ne supporte pas ces violences.<\/p>\n<p>D\u2019abord verbales, il lui rappelle \u00e0 l\u2019envi\u00a0: \u00ab\u00a0Tu es chez moi, je fais ce que je veux\u00a0!\u00a0\u00bb. Ensuite physiques, il n\u2019h\u00e9site pas en venir aux mains pour des v\u00e9tilles. Alors qu\u2019elle vient de faire l\u2019acquisition d\u2019un chien, le propri\u00e9taire des lieux frappe volontiers l\u2019animal.<\/p>\n<p>Les agressions s\u2019encha\u00eenent, jusqu\u2019\u00e0 viser une m\u00e8re, \u00e0 bout de nerfs\u00a0: coups et tentatives de strangulation. \u00ab\u00a0La prochaine fois, je te tue\u00a0!\u00a0\u00bb, lance l\u2019homme furieux. C\u2019est la goutte qui fait d\u00e9border le vase. La fille appelle enfin les forces de l\u2019ordre. \u00c0 leur vue, son p\u00e8re s\u2019indigne\u00a0: \u00ab\u00a0Elle a appel\u00e9 les flics cette connasse\u00a0!\u00a0\u00bb.<\/p>\n<h2>Huit mois de prison avec un sursis simple<\/h2>\n<p>\u00c0 la barre, le pr\u00e9venu reconna\u00eet des actes pr\u00e9cisant que \u00ab\u00a0je ne me souviens pas de tout, avec l\u2019\u00e9nervement, c\u2019est comme \u00e7a\u00a0!\u00a0\u00bb. Il ajoute\u00a0: \u00ab\u00a0Ma fille n\u2019aurait pas d\u00fb revenir\u00a0\u00bb.<\/p>\n<p>Rappelant les causes de ses d\u00e9cha\u00eenements de col\u00e8re, la pr\u00e9sidente, S\u00e9verine Martin, demande au mis en cause\u00a0: \u00ab\u00a0\u00c7a m\u00e9rite des coups\u00a0?\u00a0\u00bb. D\u2019un ton bourru, il r\u00e9torque\u00a0: \u00ab\u00a0Non, peut-\u00eatre pas\u00a0!\u00a0\u00bb. La voix de la juge se fait plus forte\u00a0: \u00ab\u00a0Peut-\u00eatre pas\u00a0?\u00a0\u00bb. Celle de Me Karine Guenezan, l\u2019avocate des parties civiles \u00e9galement\u00a0: \u00ab\u00a0C\u2019est sa nature profonde\u00a0\u00bb.<\/p>\n<p>Apr\u00e8s avoir salu\u00e9 le courage de la fille du couple, la plaideuse \u00e9voque le calvaire de la m\u00e8re, \u00ab\u00a0une femme effac\u00e9e\u00a0\u00bb. Quoi qu\u2019il en soit, sur le plan civil, un divorce est en cours, chacun souhaitant mettre un terme au lien familial. Le quadrag\u00e9naire assure avoir d\u00e9j\u00e0 lou\u00e9 un logement o\u00f9 il vit. \u00c0 son endroit, la juridiction inflige un emprisonnement de huit mois assorti d\u2019un sursis simple. Son conseil, Maxime Colliou, a su trouver les mots qui humanisent un portrait difficile.<\/p>\n<\/div>\n<p><script> window.fbAsyncInit = function()  FB.init( appId : '380464435710462', xfbml : true, version : 'v3.2', cookie : true ); ; (function(d, s, id) var js, fjs = d.getElementsByTagName(s)[0]; if (d.getElementById(id)) return; js = d.createElement(s); js.id = id; js.src = \" fjs.parentNode.insertBefore(js, fjs); (document, 'script', 'facebook-jssdk')); <\/script><\/p>\n<p>Ouvrages sur un propos analogue:<\/p>\n<p>Fragment sur la justice\/\u00c9dition Garnier,<a target=\"_blank\" rel=\"nofollow\" href=\"https:\/\/www.tribunal-nature.org\/blog\/goto\/https:\/\/fr.wikisource.org\/wiki\/Fragment_sur_la_justice\/%C3%89dition_Garnier\"  target=\"_blank\" rel=\"noopener noreferrer nofollow\">A voir et \u00e0 lire. <\/a><span><\/span>.<\/p>\n<p>La pratique judiciaire interne de la Cour europ\u00e9enne des droits de l\u2019homme,<a target=\"_blank\" rel=\"nofollow\" href=\"https:\/\/www.tribunal-nature.org\/blog\/goto\/https:\/\/booknode.com\/la_pratique_judiciaire_interne_de_la_cour_europeenne_des_droits_de_lhomme_021810\"  target=\"_blank\" rel=\"noopener noreferrer nofollow\">Ouvrage <\/a><span><\/span>. A emprunter en biblioth\u00e8que.<\/p>\n<p>Paysages et paysans\/En justice de paix,<a target=\"_blank\" rel=\"nofollow\" href=\"https:\/\/www.tribunal-nature.org\/blog\/goto\/https:\/\/fr.wikisource.org\/wiki\/Paysages_et_paysans\/En_justice_de_paix\"  target=\"_blank\" rel=\"noopener noreferrer nofollow\">Clicker Ici <\/a><span><\/span>.<\/p>\n<\/div>\n","protected":false},"excerpt":{"rendered":"<p>Voil\u00e0 qui va vous satisfaire : Un nouvel \u00e9ditorial que nous venons de voir sur le web et que nous&#8230;<\/p>\n","protected":false},"author":3,"featured_media":150,"comment_status":"closed","ping_status":"closed","sticky":false,"template":"","format":"standard","meta":{"footnotes":""},"categories":[2],"tags":[],"class_list":["post-149","post","type-post","status-publish","format-standard","has-post-thumbnail","hentry","category-droit-de-lenvironnement","wpcat-2-id"],"yoast_head":"<!-- This site is optimized with the Yoast SEO plugin v27.5 - https:\/\/yoast.com\/product\/yoast-seo-wordpress\/ -->\n<title>Sur internet : Au tribunal de Brest, le p\u00e8re violent envers sa femme et sa fille \u00e9cope de 8 mois de prison avec sursis \u2013 Brest - TRIBUNAL-NATURE<\/title>\n<meta name=\"description\" content=\"Sur internet : Au tribunal de Brest, le p\u00e8re violent envers sa femme et sa fille \u00e9cope de 8 mois de prison avec sursis \u2013 Brest article de TRIBUNAL-NATURE\" \/>\n<meta name=\"robots\" content=\"index, follow, max-snippet:-1, max-image-preview:large, max-video-preview:-1\" \/>\n<link rel=\"canonical\" href=\"https:\/\/www.tribunal-nature.org\/blog\/sur-internet-au-tribunal-de-brest-le-pere-violent-envers-sa-femme-et-sa-fille-ecope-de-8-mois-de-prison-avec-sursis-brest\/\" \/>\n<meta property=\"og:locale\" content=\"fr_FR\" \/>\n<meta property=\"og:type\" content=\"article\" \/>\n<meta property=\"og:title\" content=\"Sur internet : Au tribunal de Brest, le p\u00e8re violent envers sa femme et sa fille \u00e9cope de 8 mois de prison avec sursis \u2013 Brest - TRIBUNAL-NATURE\" \/>\n<meta property=\"og:description\" content=\"Sur internet : Au tribunal de Brest, le p\u00e8re violent envers sa femme et sa fille \u00e9cope de 8 mois de prison avec sursis \u2013 Brest article de TRIBUNAL-NATURE\" \/>\n<meta property=\"og:url\" content=\"https:\/\/www.tribunal-nature.org\/blog\/sur-internet-au-tribunal-de-brest-le-pere-violent-envers-sa-femme-et-sa-fille-ecope-de-8-mois-de-prison-avec-sursis-brest\/\" \/>\n<meta property=\"og:site_name\" content=\"TRIBUNAL-NATURE\" \/>\n<meta property=\"article:published_time\" content=\"2022-07-09T19:00:14+00:00\" \/>\n<meta property=\"og:image\" content=\"https:\/\/www.tribunal-nature.org\/blog\/wp-content\/uploads\/2022\/07\/de-la.jpg\" \/>\n\t<meta property=\"og:image:width\" content=\"2048\" \/>\n\t<meta property=\"og:image:height\" content=\"381\" \/>\n\t<meta property=\"og:image:type\" content=\"image\/jpeg\" \/>\n<meta name=\"author\" content=\"Isabelle LOUBEAU\" \/>\n<meta name=\"twitter:card\" content=\"summary_large_image\" \/>\n<meta name=\"twitter:label1\" content=\"\u00c9crit par\" \/>\n\t<meta name=\"twitter:data1\" content=\"Isabelle LOUBEAU\" \/>\n\t<meta name=\"twitter:label2\" content=\"Dur\u00e9e de lecture estim\u00e9e\" \/>\n\t<meta name=\"twitter:data2\" content=\"3 minutes\" \/>\n<script type=\"application\/ld+json\" class=\"yoast-schema-graph\">{\"@context\":\"https:\\\/\\\/schema.org\",\"@graph\":[{\"@type\":\"Article\",\"@id\":\"https:\\\/\\\/www.tribunal-nature.org\\\/blog\\\/sur-internet-au-tribunal-de-brest-le-pere-violent-envers-sa-femme-et-sa-fille-ecope-de-8-mois-de-prison-avec-sursis-brest\\\/#article\",\"isPartOf\":{\"@id\":\"https:\\\/\\\/www.tribunal-nature.org\\\/blog\\\/sur-internet-au-tribunal-de-brest-le-pere-violent-envers-sa-femme-et-sa-fille-ecope-de-8-mois-de-prison-avec-sursis-brest\\\/\"},\"author\":{\"name\":\"Isabelle LOUBEAU\",\"@id\":\"https:\\\/\\\/www.tribunal-nature.org\\\/blog\\\/#\\\/schema\\\/person\\\/55761caf7544da6b05b60523f2a0855f\"},\"headline\":\"Sur internet : Au tribunal de Brest, le p\u00e8re violent envers sa femme et sa fille \u00e9cope de 8 mois de prison avec sursis \u2013 Brest\",\"datePublished\":\"2022-07-09T19:00:14+00:00\",\"mainEntityOfPage\":{\"@id\":\"https:\\\/\\\/www.tribunal-nature.org\\\/blog\\\/sur-internet-au-tribunal-de-brest-le-pere-violent-envers-sa-femme-et-sa-fille-ecope-de-8-mois-de-prison-avec-sursis-brest\\\/\"},\"wordCount\":627,\"publisher\":{\"@id\":\"https:\\\/\\\/www.tribunal-nature.org\\\/blog\\\/#organization\"},\"image\":{\"@id\":\"https:\\\/\\\/www.tribunal-nature.org\\\/blog\\\/sur-internet-au-tribunal-de-brest-le-pere-violent-envers-sa-femme-et-sa-fille-ecope-de-8-mois-de-prison-avec-sursis-brest\\\/#primaryimage\"},\"thumbnailUrl\":\"https:\\\/\\\/www.tribunal-nature.org\\\/blog\\\/wp-content\\\/uploads\\\/2022\\\/07\\\/de-la.jpg\",\"articleSection\":[\"Droit De L'Environnement:\"],\"inLanguage\":\"fr-FR\"},{\"@type\":\"WebPage\",\"@id\":\"https:\\\/\\\/www.tribunal-nature.org\\\/blog\\\/sur-internet-au-tribunal-de-brest-le-pere-violent-envers-sa-femme-et-sa-fille-ecope-de-8-mois-de-prison-avec-sursis-brest\\\/\",\"url\":\"https:\\\/\\\/www.tribunal-nature.org\\\/blog\\\/sur-internet-au-tribunal-de-brest-le-pere-violent-envers-sa-femme-et-sa-fille-ecope-de-8-mois-de-prison-avec-sursis-brest\\\/\",\"name\":\"Sur internet : Au tribunal de Brest, le p\u00e8re violent envers sa femme et sa fille \u00e9cope de 8 mois de prison avec sursis \u2013 Brest - TRIBUNAL-NATURE\",\"isPartOf\":{\"@id\":\"https:\\\/\\\/www.tribunal-nature.org\\\/blog\\\/#website\"},\"primaryImageOfPage\":{\"@id\":\"https:\\\/\\\/www.tribunal-nature.org\\\/blog\\\/sur-internet-au-tribunal-de-brest-le-pere-violent-envers-sa-femme-et-sa-fille-ecope-de-8-mois-de-prison-avec-sursis-brest\\\/#primaryimage\"},\"image\":{\"@id\":\"https:\\\/\\\/www.tribunal-nature.org\\\/blog\\\/sur-internet-au-tribunal-de-brest-le-pere-violent-envers-sa-femme-et-sa-fille-ecope-de-8-mois-de-prison-avec-sursis-brest\\\/#primaryimage\"},\"thumbnailUrl\":\"https:\\\/\\\/www.tribunal-nature.org\\\/blog\\\/wp-content\\\/uploads\\\/2022\\\/07\\\/de-la.jpg\",\"datePublished\":\"2022-07-09T19:00:14+00:00\",\"description\":\"Sur internet : Au tribunal de Brest, le p\u00e8re violent envers sa femme et sa fille \u00e9cope de 8 mois de prison avec sursis \u2013 Brest article de TRIBUNAL-NATURE\",\"breadcrumb\":{\"@id\":\"https:\\\/\\\/www.tribunal-nature.org\\\/blog\\\/sur-internet-au-tribunal-de-brest-le-pere-violent-envers-sa-femme-et-sa-fille-ecope-de-8-mois-de-prison-avec-sursis-brest\\\/#breadcrumb\"},\"inLanguage\":\"fr-FR\",\"potentialAction\":[{\"@type\":\"ReadAction\",\"target\":[\"https:\\\/\\\/www.tribunal-nature.org\\\/blog\\\/sur-internet-au-tribunal-de-brest-le-pere-violent-envers-sa-femme-et-sa-fille-ecope-de-8-mois-de-prison-avec-sursis-brest\\\/\"]}]},{\"@type\":\"ImageObject\",\"inLanguage\":\"fr-FR\",\"@id\":\"https:\\\/\\\/www.tribunal-nature.org\\\/blog\\\/sur-internet-au-tribunal-de-brest-le-pere-violent-envers-sa-femme-et-sa-fille-ecope-de-8-mois-de-prison-avec-sursis-brest\\\/#primaryimage\",\"url\":\"https:\\\/\\\/www.tribunal-nature.org\\\/blog\\\/wp-content\\\/uploads\\\/2022\\\/07\\\/de-la.jpg\",\"contentUrl\":\"https:\\\/\\\/www.tribunal-nature.org\\\/blog\\\/wp-content\\\/uploads\\\/2022\\\/07\\\/de-la.jpg\",\"width\":2048,\"height\":381,\"caption\":\"de la\"},{\"@type\":\"BreadcrumbList\",\"@id\":\"https:\\\/\\\/www.tribunal-nature.org\\\/blog\\\/sur-internet-au-tribunal-de-brest-le-pere-violent-envers-sa-femme-et-sa-fille-ecope-de-8-mois-de-prison-avec-sursis-brest\\\/#breadcrumb\",\"itemListElement\":[{\"@type\":\"ListItem\",\"position\":1,\"name\":\"Accueil\",\"item\":\"https:\\\/\\\/www.tribunal-nature.org\\\/blog\\\/\"},{\"@type\":\"ListItem\",\"position\":2,\"name\":\"Sur internet : Au tribunal de Brest, le p\u00e8re violent envers sa femme et sa fille \u00e9cope de 8 mois de prison avec sursis \u2013 Brest\"}]},{\"@type\":\"WebSite\",\"@id\":\"https:\\\/\\\/www.tribunal-nature.org\\\/blog\\\/#website\",\"url\":\"https:\\\/\\\/www.tribunal-nature.org\\\/blog\\\/\",\"name\":\"TRIBUNAL-NATURE\",\"description\":\"Droit De L&#039;Environnement.\",\"publisher\":{\"@id\":\"https:\\\/\\\/www.tribunal-nature.org\\\/blog\\\/#organization\"},\"potentialAction\":[{\"@type\":\"SearchAction\",\"target\":{\"@type\":\"EntryPoint\",\"urlTemplate\":\"https:\\\/\\\/www.tribunal-nature.org\\\/blog\\\/?s={search_term_string}\"},\"query-input\":{\"@type\":\"PropertyValueSpecification\",\"valueRequired\":true,\"valueName\":\"search_term_string\"}}],\"inLanguage\":\"fr-FR\"},{\"@type\":\"Organization\",\"@id\":\"https:\\\/\\\/www.tribunal-nature.org\\\/blog\\\/#organization\",\"name\":\"tribunal-nature\",\"url\":\"https:\\\/\\\/www.tribunal-nature.org\\\/blog\\\/\",\"logo\":{\"@type\":\"ImageObject\",\"inLanguage\":\"fr-FR\",\"@id\":\"https:\\\/\\\/www.tribunal-nature.org\\\/blog\\\/#\\\/schema\\\/logo\\\/image\\\/\",\"url\":\"https:\\\/\\\/www.tribunal-nature.org\\\/blog\\\/wp-content\\\/uploads\\\/2022\\\/05\\\/logo-2.png\",\"contentUrl\":\"https:\\\/\\\/www.tribunal-nature.org\\\/blog\\\/wp-content\\\/uploads\\\/2022\\\/05\\\/logo-2.png\",\"width\":180,\"height\":180,\"caption\":\"tribunal-nature\"},\"image\":{\"@id\":\"https:\\\/\\\/www.tribunal-nature.org\\\/blog\\\/#\\\/schema\\\/logo\\\/image\\\/\"}},{\"@type\":\"Person\",\"@id\":\"https:\\\/\\\/www.tribunal-nature.org\\\/blog\\\/#\\\/schema\\\/person\\\/55761caf7544da6b05b60523f2a0855f\",\"name\":\"Isabelle LOUBEAU\",\"image\":{\"@type\":\"ImageObject\",\"inLanguage\":\"fr-FR\",\"@id\":\"https:\\\/\\\/secure.gravatar.com\\\/avatar\\\/b6912620aca78633bf5d50400888815d3b38a1118e82b94050843f411f3f5972?s=96&d=mm&r=g\",\"url\":\"https:\\\/\\\/secure.gravatar.com\\\/avatar\\\/b6912620aca78633bf5d50400888815d3b38a1118e82b94050843f411f3f5972?s=96&d=mm&r=g\",\"contentUrl\":\"https:\\\/\\\/secure.gravatar.com\\\/avatar\\\/b6912620aca78633bf5d50400888815d3b38a1118e82b94050843f411f3f5972?s=96&d=mm&r=g\",\"caption\":\"Isabelle LOUBEAU\"},\"url\":\"https:\\\/\\\/www.tribunal-nature.org\\\/blog\\\/author\\\/ureisabelle\\\/\"}]}<\/script>\n<!-- \/ Yoast SEO plugin. -->","yoast_head_json":{"title":"Sur internet : Au tribunal de Brest, le p\u00e8re violent envers sa femme et sa fille \u00e9cope de 8 mois de prison avec sursis \u2013 Brest - TRIBUNAL-NATURE","description":"Sur internet : Au tribunal de Brest, le p\u00e8re violent envers sa femme et sa fille \u00e9cope de 8 mois de prison avec sursis \u2013 Brest article de TRIBUNAL-NATURE","robots":{"index":"index","follow":"follow","max-snippet":"max-snippet:-1","max-image-preview":"max-image-preview:large","max-video-preview":"max-video-preview:-1"},"canonical":"https:\/\/www.tribunal-nature.org\/blog\/sur-internet-au-tribunal-de-brest-le-pere-violent-envers-sa-femme-et-sa-fille-ecope-de-8-mois-de-prison-avec-sursis-brest\/","og_locale":"fr_FR","og_type":"article","og_title":"Sur internet : Au tribunal de Brest, le p\u00e8re violent envers sa femme et sa fille \u00e9cope de 8 mois de prison avec sursis \u2013 Brest - TRIBUNAL-NATURE","og_description":"Sur internet : Au tribunal de Brest, le p\u00e8re violent envers sa femme et sa fille \u00e9cope de 8 mois de prison avec sursis \u2013 Brest article de TRIBUNAL-NATURE","og_url":"https:\/\/www.tribunal-nature.org\/blog\/sur-internet-au-tribunal-de-brest-le-pere-violent-envers-sa-femme-et-sa-fille-ecope-de-8-mois-de-prison-avec-sursis-brest\/","og_site_name":"TRIBUNAL-NATURE","article_published_time":"2022-07-09T19:00:14+00:00","og_image":[{"width":2048,"height":381,"url":"https:\/\/www.tribunal-nature.org\/blog\/wp-content\/uploads\/2022\/07\/de-la.jpg","type":"image\/jpeg"}],"author":"Isabelle LOUBEAU","twitter_card":"summary_large_image","twitter_misc":{"\u00c9crit par":"Isabelle LOUBEAU","Dur\u00e9e de lecture estim\u00e9e":"3 minutes"},"schema":{"@context":"https:\/\/schema.org","@graph":[{"@type":"Article","@id":"https:\/\/www.tribunal-nature.org\/blog\/sur-internet-au-tribunal-de-brest-le-pere-violent-envers-sa-femme-et-sa-fille-ecope-de-8-mois-de-prison-avec-sursis-brest\/#article","isPartOf":{"@id":"https:\/\/www.tribunal-nature.org\/blog\/sur-internet-au-tribunal-de-brest-le-pere-violent-envers-sa-femme-et-sa-fille-ecope-de-8-mois-de-prison-avec-sursis-brest\/"},"author":{"name":"Isabelle LOUBEAU","@id":"https:\/\/www.tribunal-nature.org\/blog\/#\/schema\/person\/55761caf7544da6b05b60523f2a0855f"},"headline":"Sur internet : Au tribunal de Brest, le p\u00e8re violent envers sa femme et sa fille \u00e9cope de 8 mois de prison avec sursis \u2013 Brest","datePublished":"2022-07-09T19:00:14+00:00","mainEntityOfPage":{"@id":"https:\/\/www.tribunal-nature.org\/blog\/sur-internet-au-tribunal-de-brest-le-pere-violent-envers-sa-femme-et-sa-fille-ecope-de-8-mois-de-prison-avec-sursis-brest\/"},"wordCount":627,"publisher":{"@id":"https:\/\/www.tribunal-nature.org\/blog\/#organization"},"image":{"@id":"https:\/\/www.tribunal-nature.org\/blog\/sur-internet-au-tribunal-de-brest-le-pere-violent-envers-sa-femme-et-sa-fille-ecope-de-8-mois-de-prison-avec-sursis-brest\/#primaryimage"},"thumbnailUrl":"https:\/\/www.tribunal-nature.org\/blog\/wp-content\/uploads\/2022\/07\/de-la.jpg","articleSection":["Droit De L'Environnement:"],"inLanguage":"fr-FR"},{"@type":"WebPage","@id":"https:\/\/www.tribunal-nature.org\/blog\/sur-internet-au-tribunal-de-brest-le-pere-violent-envers-sa-femme-et-sa-fille-ecope-de-8-mois-de-prison-avec-sursis-brest\/","url":"https:\/\/www.tribunal-nature.org\/blog\/sur-internet-au-tribunal-de-brest-le-pere-violent-envers-sa-femme-et-sa-fille-ecope-de-8-mois-de-prison-avec-sursis-brest\/","name":"Sur internet : Au tribunal de Brest, le p\u00e8re violent envers sa femme et sa fille \u00e9cope de 8 mois de prison avec sursis \u2013 Brest - TRIBUNAL-NATURE","isPartOf":{"@id":"https:\/\/www.tribunal-nature.org\/blog\/#website"},"primaryImageOfPage":{"@id":"https:\/\/www.tribunal-nature.org\/blog\/sur-internet-au-tribunal-de-brest-le-pere-violent-envers-sa-femme-et-sa-fille-ecope-de-8-mois-de-prison-avec-sursis-brest\/#primaryimage"},"image":{"@id":"https:\/\/www.tribunal-nature.org\/blog\/sur-internet-au-tribunal-de-brest-le-pere-violent-envers-sa-femme-et-sa-fille-ecope-de-8-mois-de-prison-avec-sursis-brest\/#primaryimage"},"thumbnailUrl":"https:\/\/www.tribunal-nature.org\/blog\/wp-content\/uploads\/2022\/07\/de-la.jpg","datePublished":"2022-07-09T19:00:14+00:00","description":"Sur internet : Au tribunal de Brest, le p\u00e8re violent envers sa femme et sa fille \u00e9cope de 8 mois de prison avec sursis \u2013 Brest article de TRIBUNAL-NATURE","breadcrumb":{"@id":"https:\/\/www.tribunal-nature.org\/blog\/sur-internet-au-tribunal-de-brest-le-pere-violent-envers-sa-femme-et-sa-fille-ecope-de-8-mois-de-prison-avec-sursis-brest\/#breadcrumb"},"inLanguage":"fr-FR","potentialAction":[{"@type":"ReadAction","target":["https:\/\/www.tribunal-nature.org\/blog\/sur-internet-au-tribunal-de-brest-le-pere-violent-envers-sa-femme-et-sa-fille-ecope-de-8-mois-de-prison-avec-sursis-brest\/"]}]},{"@type":"ImageObject","inLanguage":"fr-FR","@id":"https:\/\/www.tribunal-nature.org\/blog\/sur-internet-au-tribunal-de-brest-le-pere-violent-envers-sa-femme-et-sa-fille-ecope-de-8-mois-de-prison-avec-sursis-brest\/#primaryimage","url":"https:\/\/www.tribunal-nature.org\/blog\/wp-content\/uploads\/2022\/07\/de-la.jpg","contentUrl":"https:\/\/www.tribunal-nature.org\/blog\/wp-content\/uploads\/2022\/07\/de-la.jpg","width":2048,"height":381,"caption":"de la"},{"@type":"BreadcrumbList","@id":"https:\/\/www.tribunal-nature.org\/blog\/sur-internet-au-tribunal-de-brest-le-pere-violent-envers-sa-femme-et-sa-fille-ecope-de-8-mois-de-prison-avec-sursis-brest\/#breadcrumb","itemListElement":[{"@type":"ListItem","position":1,"name":"Accueil","item":"https:\/\/www.tribunal-nature.org\/blog\/"},{"@type":"ListItem","position":2,"name":"Sur internet : Au tribunal de Brest, le p\u00e8re violent envers sa femme et sa fille \u00e9cope de 8 mois de prison avec sursis \u2013 Brest"}]},{"@type":"WebSite","@id":"https:\/\/www.tribunal-nature.org\/blog\/#website","url":"https:\/\/www.tribunal-nature.org\/blog\/","name":"TRIBUNAL-NATURE","description":"Droit De L&#039;Environnement.","publisher":{"@id":"https:\/\/www.tribunal-nature.org\/blog\/#organization"},"potentialAction":[{"@type":"SearchAction","target":{"@type":"EntryPoint","urlTemplate":"https:\/\/www.tribunal-nature.org\/blog\/?s={search_term_string}"},"query-input":{"@type":"PropertyValueSpecification","valueRequired":true,"valueName":"search_term_string"}}],"inLanguage":"fr-FR"},{"@type":"Organization","@id":"https:\/\/www.tribunal-nature.org\/blog\/#organization","name":"tribunal-nature","url":"https:\/\/www.tribunal-nature.org\/blog\/","logo":{"@type":"ImageObject","inLanguage":"fr-FR","@id":"https:\/\/www.tribunal-nature.org\/blog\/#\/schema\/logo\/image\/","url":"https:\/\/www.tribunal-nature.org\/blog\/wp-content\/uploads\/2022\/05\/logo-2.png","contentUrl":"https:\/\/www.tribunal-nature.org\/blog\/wp-content\/uploads\/2022\/05\/logo-2.png","width":180,"height":180,"caption":"tribunal-nature"},"image":{"@id":"https:\/\/www.tribunal-nature.org\/blog\/#\/schema\/logo\/image\/"}},{"@type":"Person","@id":"https:\/\/www.tribunal-nature.org\/blog\/#\/schema\/person\/55761caf7544da6b05b60523f2a0855f","name":"Isabelle LOUBEAU","image":{"@type":"ImageObject","inLanguage":"fr-FR","@id":"https:\/\/secure.gravatar.com\/avatar\/b6912620aca78633bf5d50400888815d3b38a1118e82b94050843f411f3f5972?s=96&d=mm&r=g","url":"https:\/\/secure.gravatar.com\/avatar\/b6912620aca78633bf5d50400888815d3b38a1118e82b94050843f411f3f5972?s=96&d=mm&r=g","contentUrl":"https:\/\/secure.gravatar.com\/avatar\/b6912620aca78633bf5d50400888815d3b38a1118e82b94050843f411f3f5972?s=96&d=mm&r=g","caption":"Isabelle LOUBEAU"},"url":"https:\/\/www.tribunal-nature.org\/blog\/author\/ureisabelle\/"}]}},"_links":{"self":[{"href":"https:\/\/www.tribunal-nature.org\/blog\/wp-json\/wp\/v2\/posts\/149","targetHints":{"allow":["GET"]}}],"collection":[{"href":"https:\/\/www.tribunal-nature.org\/blog\/wp-json\/wp\/v2\/posts"}],"about":[{"href":"https:\/\/www.tribunal-nature.org\/blog\/wp-json\/wp\/v2\/types\/post"}],"author":[{"embeddable":true,"href":"https:\/\/www.tribunal-nature.org\/blog\/wp-json\/wp\/v2\/users\/3"}],"replies":[{"embeddable":true,"href":"https:\/\/www.tribunal-nature.org\/blog\/wp-json\/wp\/v2\/comments?post=149"}],"version-history":[{"count":0,"href":"https:\/\/www.tribunal-nature.org\/blog\/wp-json\/wp\/v2\/posts\/149\/revisions"}],"wp:featuredmedia":[{"embeddable":true,"href":"https:\/\/www.tribunal-nature.org\/blog\/wp-json\/wp\/v2\/media\/150"}],"wp:attachment":[{"href":"https:\/\/www.tribunal-nature.org\/blog\/wp-json\/wp\/v2\/media?parent=149"}],"wp:term":[{"taxonomy":"category","embeddable":true,"href":"https:\/\/www.tribunal-nature.org\/blog\/wp-json\/wp\/v2\/categories?post=149"},{"taxonomy":"post_tag","embeddable":true,"href":"https:\/\/www.tribunal-nature.org\/blog\/wp-json\/wp\/v2\/tags?post=149"}],"curies":[{"name":"wp","href":"https:\/\/api.w.org\/{rel}","templated":true}]}}