{"id":1488,"date":"2025-12-03T18:06:39","date_gmt":"2025-12-03T17:06:39","guid":{"rendered":"https:\/\/www.tribunal-nature.org\/blog\/garde-a-vue-dans-la-somme-une-femme-et-sa-fille-en-garde-a-vue-apres-la-decouverte-du-corps-du-pere-au-domicile\/"},"modified":"2025-12-03T18:06:39","modified_gmt":"2025-12-03T17:06:39","slug":"garde-a-vue-dans-la-somme-une-femme-et-sa-fille-en-garde-a-vue-apres-la-decouverte-du-corps-du-pere-au-domicile","status":"publish","type":"post","link":"https:\/\/www.tribunal-nature.org\/blog\/garde-a-vue-dans-la-somme-une-femme-et-sa-fille-en-garde-a-vue-apres-la-decouverte-du-corps-du-pere-au-domicile\/","title":{"rendered":"Garde \u00e0 vue; Dans la Somme, une femme et sa fille en garde \u00e0 vue apr\u00e8s la d\u00e9couverte du corps du p\u00e8re au domicile"},"content":{"rendered":"<div>\n<p>\nLe titre \u00ab\u00a0Dans la Somme, une femme et sa fille en garde \u00e0 vue apr\u00e8s la d\u00e9couverte du corps du p\u00e8re au domicile\u00a0\u00bb correspond \u00e0 un article qui vient d\u2019\u00eatre publi\u00e9. <\/p>\n<div>\n<section class=\"content\">\n<p class=\"paragraph text_align_left lp-f-body-02\">Drame dans la Somme. Une femme et sa fille ont \u00e9t\u00e9 plac\u00e9es en garde \u00e0 vue apr\u00e8s la d\u00e9couverte mardi du corps de leur conjoint et p\u00e8re, \u00e2g\u00e9 de 54 ans, tu\u00e9 \u00e0 l\u2019arme blanche \u00e0 Albert (Somme), a appris l\u2019AFP mercredi de source proche du dossier.<\/p>\n<\/section>\n<section class=\"content\"><\/section>\n<section class=\"content\">\n<p class=\"paragraph text_align_left lp-f-body-02\">Le corps a \u00e9t\u00e9 d\u00e9couvert au domicile de la victime \u00e0 Albert, pr\u00e8s d\u2019Amiens, pr\u00e9cise cette source, confirmant une information du Courrier Picard. toujours selon le journal, l\u2019enqu\u00eate semble s\u2019orienter vers un homicide \u00e0 l\u2019arme blanche.<\/p>\n<\/section>\n<section class=\"content\">\n<p class=\"paragraph text_align_left lp-f-body-02\">Les secours ont \u00e9t\u00e9 pr\u00e9venus par la fille. La victime est un homme sans emploi qui vivait avec son \u00e9pouse et sa fille \u00e2g\u00e9e d\u2019une vingtaine d\u2019ann\u00e9es.<\/p>\n<\/section>\n<\/div>\n<h2>Comprendre la Garde \u00e0 Vue<\/h2>\n<p>En mati\u00e8re de justice, la garde \u00e0 vue est une mesure qui autorise la d\u00e9tention d\u2019un suspect par les forces de l\u2019ordre. Cette mesure, r\u00e9gie par le Code de proc\u00e9dure p\u00e9nale, vise \u00e0 aider les enqu\u00eateurs \u00e0 obtenir des \u00e9l\u00e9ments de preuve. En g\u00e9n\u00e9ral, la garde \u00e0 vue est limit\u00e9e \u00e0 24 heures, mais peut \u00eatre prolong\u00e9e \u00e0 48 heures dans des cas de d\u00e9lits graves. Cette mesure peut susciter des inqui\u00e9tudes chez les personnes concern\u00e9es, qui peuvent se sentir d\u00e9sorient\u00e9es par la complexit\u00e9 des proc\u00e9dures l\u00e9gales.<\/p>\n<h2>Droits des Individus en D\u00e9tention Pr\u00e9ventive<\/h2>\n<h3>Droit \u00e0 l\u2019information accessible<\/h3>\n<p>Lorsqu\u2019un individu est en garde \u00e0 vue, il doit \u00eatre inform\u00e9 des raisons de cette d\u00e9tention ainsi que de ses droits. Cette information doit \u00eatre pr\u00e9sent\u00e9e de fa\u00e7on claire et compr\u00e9hensible, permettant \u00e0 l\u2019individu de faire des choix \u00e9clair\u00e9s concernant sa d\u00e9fense. Il est essentiel que les policiers expliquent les motifs de la garde \u00e0 vue ainsi que les droits associ\u00e9s, comme le droit \u00e0 un avocat et le droit de ne pas s\u2019auto-incriminer. Le droit \u00e0 l\u2019information est un aspect cl\u00e9 des droits des personnes en d\u00e9tention. Le droit \u00e0 l\u2019information est essentiel pour maintenir la clart\u00e9 de la proc\u00e9dure et pour sauvegarder les libert\u00e9s individuelles. Si cette obligation n\u2019est pas remplie, cela pourrait avoir des effets sur la l\u00e9gitimit\u00e9 de la garde \u00e0 vue et sur les d\u00e9cisions judiciaires futures.<\/p>\n<h3>Droit \u00e0 l\u2019Accompagnement d\u2019un Avocat<\/h3>\n<p>Il est essentiel de souligner que l\u2019acc\u00e8s \u00e0 un avocat constitue un \u00e9l\u00e9ment fondamental pour garantir une d\u00e9fense efficace, en particulier lors d\u2019une enqu\u00eate p\u00e9nale. L\u2019avocat peut aussi conseiller la personne sur ses droits, en particulier le droit de garder le silence et les effets de ses d\u00e9clarations. L\u2019intervention de l\u2019avocat d\u00e8s le commencement de la garde \u00e0 vue est cruciale pour s\u2019assurer que les droits de la personne soient pr\u00e9serv\u00e9s. Le droit \u00e0 l\u2019assistance d\u2019un avocat est crucial pour les individus plac\u00e9s en garde \u00e0 vue. Ce droit offre \u00e0 l\u2019individu la possibilit\u00e9 de b\u00e9n\u00e9ficier de conseils juridiques et d\u2019une d\u00e9fense l\u00e9gale durant toute la proc\u00e9dure. Si ce droit est enfreint, la l\u00e9galit\u00e9 de la garde \u00e0 vue pourrait \u00eatre contest\u00e9e, ce qui pourrait avoir des effets sur le d\u00e9roulement de la proc\u00e9dure judiciaire.<\/p>\n<\/p>\n<h2>Se familiariser avec la Garde \u00e0 Vue<\/h2>\n<h3>D\u00e9finition et Environnement Juridique<\/h3>\n<p>Avant d\u2019\u00eatre soumise \u00e0 la garde \u00e0 vue, l\u2019individu re\u00e7oit des informations sur ses droits, y compris le droit de garder le silence et le droit \u00e0 l\u2019assistance d\u2019un avocat. Ces droits sont cruciaux, car ils prot\u00e8gent la personne contre toute pression ind\u00e9sirable et lui permettent de se d\u00e9fendre de mani\u00e8re ad\u00e9quate. L\u2019accompagnement d\u2019un avocat est crucial, car il peut conseiller l\u2019individu sur la meilleure mani\u00e8re de r\u00e9pondre aux questions des enqu\u00eateurs et sur les cons\u00e9quences de ses d\u00e9clarations. Il existe un service pour pr\u00e9parer une personne face \u00e0 une garde \u00e0 vue. L\u2019id\u00e9e est de se pr\u00e9parer mentalement, de b\u00e2tir ses arguments et d\u2019\u00e9viter les emb\u00fbches. <a target=\"_blank\" rel=\"nofollow\" href=\"https:\/\/www.tribunal-nature.org\/blog\/goto\/https:\/\/www.courtier-avocat-strategie-tribunal-judiciaire.fr\/garde-a-vue\/\"  rel=\"noopener noreferrer\" target=\"blank\">Avec ce service, vous pouvez anticiper et appr\u00e9hender votre garde \u00e0 vue de la mani\u00e8re la plus constructive possible. <\/a>Il est vital de comprendre que la garde \u00e0 vue ne doit pas \u00eatre consid\u00e9r\u00e9e comme une indication de culpabilit\u00e9 ; c\u2019est simplement une \u00e9tape dans le cadre de l\u2019enqu\u00eate.<\/p>\n<h3>Buts de la Garde \u00e0 Vue<\/h3>\n<p>En interrogeant un suspect, les enqu\u00eateurs peuvent poser des questions et obtenir des informations qui pourraient jouer un r\u00f4le cl\u00e9 dans l\u2019enqu\u00eate. Les finalit\u00e9s essentielles de la garde \u00e0 vue visent \u00e0 rassembler des preuves, \u00e0 prot\u00e9ger les t\u00e9moins, et \u00e0 \u00e9viter que l\u2019individu suspect\u00e9 ne s\u2019enfuie. Cela permet aussi de s\u2019assurer que la personne ne modifie pas des preuves ou n\u2019influence d\u2019autres t\u00e9moins.<\/p>\n<h3>Responsabilit\u00e9s des Participants<\/h3>\n<p>Les principaux acteurs impliqu\u00e9s dans la garde \u00e0 vue sont les officiers de police judiciaire (OPJ) et les avocats. Les OPJ sont charg\u00e9s de conduire l\u2019enqu\u00eate et de r\u00e9aliser les interrogatoires, tandis que les avocats s\u2019assurent que les droits de leurs clients sont respect\u00e9s. La collaboration entre ces deux acteurs est vitale pour assurer un processus \u00e9quitable.<\/p>\n<\/p>\n<h2>Effets et Actions Judiciaires<\/h2>\n<h3>N\u00e9cessit\u00e9 des Preuves<\/h3>\n<p>En conclusion, la garde \u00e0 vue est une \u00e9tape cl\u00e9 qui peut avoir des r\u00e9percussions majeures sur la vie de la personne concern\u00e9e, et il est essentiel d\u2019en appr\u00e9hender les enjeux et les implications. Les informations obtenues durant la garde \u00e0 vue, qu\u2019elles soient physiques ou verbales, ont un impact significatif sur le r\u00e9sultat de l\u2019affaire. Ils doivent \u00eatre collect\u00e9s en conformit\u00e9 avec les droits de la personne et les r\u00e8gles l\u00e9gales pour assurer un traitement juste. On ne peut pas sous-estimer l\u2019importance des \u00e9l\u00e9ments de preuve dans le syst\u00e8me p\u00e9nal. L\u2019int\u00e9gralit\u00e9 de la proc\u00e9dure est r\u00e9gie par le procureur de la R\u00e9publique ou un juge d\u2019instruction, en respect des lois et de la Constitution.<\/p>\n<h3>Comparution devant le Juge d\u2019Instruction<\/h3>\n<p>\u00c0 la fin de la garde \u00e0 vue, plusieurs suites peuvent en d\u00e9couler. La premi\u00e8re \u00e9tape requiert de pr\u00e9senter la personne \u00e0 un magistrat, qui examinera les faits de l\u2019enqu\u00eate et d\u00e9cidera des actions \u00e0 entreprendre. Si le juge juge qu\u2019il existe des preuves suffisantes, il peut d\u00e9cider d\u2019engager des poursuites judiciaires. Dans cette situation, l\u2019individu sera inform\u00e9 des accusations port\u00e9es contre lui et des droits qui lui sont garantis durant toute la proc\u00e9dure judiciaire. Le procureur de la R\u00e9publique est un repr\u00e9sentant de l\u2019\u00c9tat, tout comme un juge d\u2019instruction. Ils d\u00e9tiennent le pouvoir constitutionnel de superviser la police pour proc\u00e9der \u00e0 l\u2019arrestation de suspects.<\/p>\n<h3>\u00c9vasion et Appel<\/h3>\n<p>En revanche, si les \u00e9l\u00e9ments de preuve sont jug\u00e9s insuffisants, la personne peut \u00eatre rel\u00e2ch\u00e9e sans poursuites. Cette d\u00e9cision est essentielle, car elle garantit la protection des droits de l\u2019individu et pr\u00e9vient les d\u00e9tentions abusives. Il est \u00e9galement significatif de mentionner que l\u2019individu a le droit de contester la d\u00e9cision du juge s\u2019il pense que ses droits n\u2019ont pas \u00e9t\u00e9 respect\u00e9s ou que la proc\u00e9dure a \u00e9t\u00e9 entach\u00e9e d\u2019irr\u00e9gularit\u00e9s. Qu\u2019il s\u2019agisse d\u2019infractions, de crimes ou de d\u00e9lits, le droit constitutionnel de notre R\u00e9publique pr\u00e9voit des mesures de protection pour les citoyens.<\/p>\n<h2>Le Syst\u00e8me de Garde \u00e0 Vue<\/h2>\n<h3>\u00c9tapes de l\u2019Enqu\u00eate et des Auditions<\/h3>\n<p>La proc\u00e9dure de garde \u00e0 vue est un processus l\u00e9gal qui se d\u00e9roule en diff\u00e9rentes \u00e9tapes. C\u2019est durant l\u2019audition que les propos de la personne sont enregistr\u00e9s, un moment essentiel qui peut influencer le d\u00e9veloppement ult\u00e9rieur de la proc\u00e9dure. Il est imp\u00e9ratif que les d\u00e9clarations soient effectu\u00e9es dans un contexte calme et respectueux des droits de la personne.<\/p>\n<p><strong>Analyse des nuances entre la garde \u00e0 vue et l\u2019audition libre :<\/strong><\/p>\n<table border=\"2\" cellpadding=\"6\" cellspacing=\"2\">\n<thead>\n<tr>\n<th>Attribut\n<\/th>\n<th>Garde \u00e0 Vue\n<\/th>\n<th>Audition Libre\n<\/th>\n<\/tr>\n<\/thead>\n<tbody>\n<tr>\n<td>Droit \u00e0 la d\u00e9fense par un avocat\n<\/td>\n<td>Oui\n<\/td>\n<td>Oui\n<\/td>\n<\/tr>\n<tr>\n<td>Dur\u00e9e limite\n<\/td>\n<td>24 heures\n<\/td>\n<td>N\/A\n<\/td>\n<\/tr>\n<tr>\n<td>Devoir de se soumettre\n<\/td>\n<td>Oui\n<\/td>\n<td>Non\n<\/td>\n<\/tr>\n<tr>\n<td>Droit de rester silencieux\n<\/td>\n<td>Oui\n<\/td>\n<td>Oui\n<\/td>\n<\/tr>\n<tr>\n<td>Interrogatoire forc\u00e9\n<\/td>\n<td>Oui\n<\/td>\n<td>Non\n<\/td>\n<\/tr>\n<tr>\n<td>Libre de quitter \u00e0 tout moment\n<\/td>\n<td>Non\n<\/td>\n<td>Oui\n<\/td>\n<\/tr>\n<tr>\n<td>Droit \u00e0 l\u2019information sur les accusations\n<\/td>\n<td>Limit\u00e9\n<\/td>\n<td>Complet\n<\/td>\n<\/tr>\n<tr>\n<td>Possibilit\u00e9 de solliciter des pr\u00e9cisions concernant les droits\n<\/td>\n<td>Oui\n<\/td>\n<td>Oui\n<\/td>\n<\/tr>\n<tr>\n<td>Interrogation sur des faits d\u00e9j\u00e0 connus\n<\/td>\n<td>Oui\n<\/td>\n<td>Non\n<\/td>\n<\/tr>\n<tr>\n<td>Convocation \u00e0 se pr\u00e9senter comme t\u00e9moin\n<\/td>\n<td>Non\n<\/td>\n<td>Oui\n<\/td>\n<\/tr>\n<tr>\n<td>Peut \u00eatre prolong\u00e9e\n<\/td>\n<td>Oui\n<\/td>\n<td>N\/A\n<\/td>\n<\/tr>\n<tr>\n<td>Libert\u00e9 sans contrainte\n<\/td>\n<td>Non\n<\/td>\n<td>Oui<\/td>\n<\/tr>\n<\/tbody>\n<\/table>\n<p>Apr\u00e8s avoir \u00e9t\u00e9 plac\u00e9 en garde \u00e0 vue, la personne est g\u00e9n\u00e9ralement questionn\u00e9e par un officier de police judiciaire (OPJ). Il est essentiel que ce dernier respecte les droits individuels, en autorisant la consultation d\u2019un avocat avant toute r\u00e9ponse aux questions. L\u2019intervention des forces de l\u2019ordre initie le processus, car elles peuvent d\u00e9cider de placer une personne en garde \u00e0 vue lorsqu\u2019elles estiment avoir des motifs valables de soup\u00e7onner une infraction. Il est fondamental que cette d\u00e9cision soit justifi\u00e9e par des preuves solides et qu\u2019elle ne soit pas prise \u00e0 la l\u00e9g\u00e8re. Une fois la garde \u00e0 vue \u00e9tablie, la personne est inform\u00e9e de ses droits, y compris le droit \u00e0 un avocat et le droit de ne pas parler.<\/p>\n<\/p>\n<h3>Confrontation et Enregistrement<\/h3>\n<p>La pr\u00e9paration des documents et des rapports n\u00e9cessaires est primordiale pour garantir la transparence et la l\u00e9galit\u00e9 de l\u2019ensemble du processus. Une confrontation avec d\u2019autres t\u00e9moins ou suspects peut aussi \u00eatre envisag\u00e9e. L\u2019intention de cette phase est de recueillir des \u00e9l\u00e9ments additionnels qui pourraient enrichir l\u2019enqu\u00eate. Les d\u00e9clarations recueillies durant cette confrontation sont \u00e9galement enregistr\u00e9es dans un proc\u00e8s-verbal, qui constituera une r\u00e9f\u00e9rence pour les \u00e9tapes suivantes de la proc\u00e9dure.<\/p>\n<h2>Les exigences de la garde \u00e0 vue<\/h2>\n<h3>Conditions requises pour la garde \u00e0 vue<\/h3>\n<p>Pour qu\u2019un individu puisse \u00eatre d\u00e9tenu en garde \u00e0 vue, plusieurs conditions doivent \u00eatre remplies. La garde \u00e0 vue ne peut \u00eatre appliqu\u00e9e que si elle est n\u00e9cessaire pour les besoins de l\u2019enqu\u00eate, par exemple pour emp\u00eacher la fuite de l\u2019individu ou la destruction de preuves. Les agents de police doivent avoir des raisons valables de croire que la personne a commis une infraction. Ces justifications doivent reposer sur des faits concrets, tels que des d\u00e9clarations de t\u00e9moins ou des \u00e9l\u00e9ments de preuve. Par ailleurs, la dur\u00e9e de la garde \u00e0 vue est r\u00e9gie par la loi, et toute prolongation n\u00e9cessite une justification et une validation par un procureur. Ces normes visent \u00e0 sauvegarder les droits des personnes et \u00e0 emp\u00eacher les abus de pouvoir dans le cadre de la proc\u00e9dure p\u00e9nale. Que ce soit pour un crime, un d\u00e9lit ou une infraction, ces actes entra\u00eenent des gardes \u00e0 vue afin de garantir l\u2019\u00e9galit\u00e9 des citoyens face \u00e0 la loi dans le cadre de la R\u00e9publique.<\/p>\n<h3>Extension de la garde \u00e0 vue l\u00e9gale<\/h3>\n<p>Si les \u00e9l\u00e9ments de l\u2019enqu\u00eate n\u00e9cessitent davantage de temps pour leur examen, la police peut demander une prolongation, qui doit \u00eatre approuv\u00e9e par un procureur. Cette extension ne peut pas exc\u00e9der 48 heures au total, sauf dans des circonstances exceptionnelles stipul\u00e9es par le code de proc\u00e9dure p\u00e9nale. Au cours de cette p\u00e9riode, la personne en garde \u00e0 vue conserve ses droits, notamment celui de b\u00e9n\u00e9ficier de l\u2019assistance d\u2019un avocat et d\u2019\u00eatre inform\u00e9e des raisons de sa d\u00e9tention. Il est essentiel que cette prolongation soit soutenue par des \u00e9l\u00e9ments tangibles, pour respecter les principes de la libert\u00e9 individuelle et garantir un traitement juste dans le cadre de la proc\u00e9dure judiciaire. La prolongation de la d\u00e9tention est une option qui peut \u00eatre envisag\u00e9e dans des circonstances pr\u00e9cises.<\/p>\n<\/p>\n<h2>Apr\u00e8s la d\u00e9tention en Garde \u00e0 Vue<\/h2>\n<h3>Plan d\u2019Action Judiciaire<\/h3>\n<p>Les droits en garde \u00e0 vue, la dur\u00e9e maximale de cette proc\u00e9dure, et les \u00e9tapes suivantes sont des points cl\u00e9s \u00e0 conna\u00eetre pour \u00e9voluer dans le syst\u00e8me judiciaire en toute confiance. La strat\u00e9gie l\u00e9gale pendant la garde \u00e0 vue est primordiale. Les avocats jouent un r\u00f4le d\u00e9terminant en orientant leurs clients sur la mani\u00e8re de faire face \u00e0 cette p\u00e9riode d\u00e9licate. Ils sont en mesure d\u2019aider \u00e0 \u00e9laborer des r\u00e9ponses pertinentes aux questions des enqu\u00eateurs et \u00e0 garantir le respect des droits de leur client. Par ailleurs, une bonne strat\u00e9gie peut inclure la pr\u00e9paration proactive de la d\u00e9fense, en rassemblant des preuves et des t\u00e9moignages qui pourraient \u00eatre pertinents lors d\u2019une audience \u00e0 venir. En r\u00e9sum\u00e9, la garde \u00e0 vue est une proc\u00e9dure compliqu\u00e9e qui demande une connaissance approfondie des droits et des responsabilit\u00e9s des individus concern\u00e9s. Il est important de se rappeler que chaque situation est singuli\u00e8re et que le soutien d\u2019un avocat peut changer consid\u00e9rablement l\u2019issue de la proc\u00e9dure.<\/p>\n<\/p>\n<h3>Suites \u00e0 donner apr\u00e8s la Garde \u00e0 Vue<\/h3>\n<p>Apr\u00e8s la garde \u00e0 vue, plusieurs chemins peuvent s\u2019ouvrir. La personne peut \u00eatre lib\u00e9r\u00e9e sans poursuites, mise en examen, ou encore sous contr\u00f4le judiciaire. En cas de mise en examen, cela indique que des accusations formelles sont port\u00e9es contre elle, et elle devra se pr\u00e9parer \u00e0 une \u00e9ventuelle proc\u00e9dure l\u00e9gale. Il est important de rappeler que la d\u00e9cision de prolonger la garde \u00e0 vue ou de passer \u00e0 une autre phase du processus judiciaire doit \u00eatre justifi\u00e9e par des preuves tangibles et approuv\u00e9e par un procureur.<\/p>\n<\/p>\n<\/div>\n","protected":false},"excerpt":{"rendered":"<p>Le titre \u00ab\u00a0Dans la Somme, une femme et sa fille en garde \u00e0 vue apr\u00e8s la d\u00e9couverte du corps du&#8230;<\/p>\n","protected":false},"author":3,"featured_media":0,"comment_status":"closed","ping_status":"closed","sticky":false,"template":"","format":"standard","meta":{"footnotes":""},"categories":[2],"tags":[],"class_list":["post-1488","post","type-post","status-publish","format-standard","hentry","category-droit-de-lenvironnement","wpcat-2-id"],"yoast_head":"<!-- This site is optimized with the Yoast SEO plugin v27.5 - https:\/\/yoast.com\/product\/yoast-seo-wordpress\/ -->\n<title>Garde \u00e0 vue; Dans la Somme, une femme et sa fille en garde \u00e0 vue apr\u00e8s la d\u00e9couverte du corps du p\u00e8re au domicile - TRIBUNAL-NATURE<\/title>\n<meta name=\"description\" content=\"Garde \u00e0 vue; Dans la Somme, une femme et sa fille en garde \u00e0 vue apr\u00e8s la d\u00e9couverte du corps du p\u00e8re au domicile article de TRIBUNAL-NATURE\" \/>\n<meta name=\"robots\" content=\"index, follow, max-snippet:-1, max-image-preview:large, max-video-preview:-1\" \/>\n<link rel=\"canonical\" href=\"https:\/\/www.tribunal-nature.org\/blog\/garde-a-vue-dans-la-somme-une-femme-et-sa-fille-en-garde-a-vue-apres-la-decouverte-du-corps-du-pere-au-domicile\/\" \/>\n<meta property=\"og:locale\" content=\"fr_FR\" \/>\n<meta property=\"og:type\" content=\"article\" \/>\n<meta property=\"og:title\" content=\"Garde \u00e0 vue; Dans la Somme, une femme et sa fille en garde \u00e0 vue apr\u00e8s la d\u00e9couverte du corps du p\u00e8re au domicile - TRIBUNAL-NATURE\" \/>\n<meta property=\"og:description\" content=\"Garde \u00e0 vue; Dans la Somme, une femme et sa fille en garde \u00e0 vue apr\u00e8s la d\u00e9couverte du corps du p\u00e8re au domicile article de TRIBUNAL-NATURE\" \/>\n<meta property=\"og:url\" content=\"https:\/\/www.tribunal-nature.org\/blog\/garde-a-vue-dans-la-somme-une-femme-et-sa-fille-en-garde-a-vue-apres-la-decouverte-du-corps-du-pere-au-domicile\/\" \/>\n<meta property=\"og:site_name\" content=\"TRIBUNAL-NATURE\" \/>\n<meta property=\"article:published_time\" content=\"2025-12-03T17:06:39+00:00\" \/>\n<meta name=\"author\" content=\"Isabelle LOUBEAU\" \/>\n<meta name=\"twitter:card\" content=\"summary_large_image\" \/>\n<meta name=\"twitter:label1\" content=\"\u00c9crit par\" \/>\n\t<meta name=\"twitter:data1\" content=\"Isabelle LOUBEAU\" \/>\n\t<meta name=\"twitter:label2\" content=\"Dur\u00e9e de lecture estim\u00e9e\" \/>\n\t<meta name=\"twitter:data2\" content=\"12 minutes\" \/>\n<script type=\"application\/ld+json\" class=\"yoast-schema-graph\">{\"@context\":\"https:\\\/\\\/schema.org\",\"@graph\":[{\"@type\":\"Article\",\"@id\":\"https:\\\/\\\/www.tribunal-nature.org\\\/blog\\\/garde-a-vue-dans-la-somme-une-femme-et-sa-fille-en-garde-a-vue-apres-la-decouverte-du-corps-du-pere-au-domicile\\\/#article\",\"isPartOf\":{\"@id\":\"https:\\\/\\\/www.tribunal-nature.org\\\/blog\\\/garde-a-vue-dans-la-somme-une-femme-et-sa-fille-en-garde-a-vue-apres-la-decouverte-du-corps-du-pere-au-domicile\\\/\"},\"author\":{\"name\":\"Isabelle LOUBEAU\",\"@id\":\"https:\\\/\\\/www.tribunal-nature.org\\\/blog\\\/#\\\/schema\\\/person\\\/55761caf7544da6b05b60523f2a0855f\"},\"headline\":\"Garde \u00e0 vue; Dans la Somme, une femme et sa fille en garde \u00e0 vue apr\u00e8s la d\u00e9couverte du corps du p\u00e8re au domicile\",\"datePublished\":\"2025-12-03T17:06:39+00:00\",\"mainEntityOfPage\":{\"@id\":\"https:\\\/\\\/www.tribunal-nature.org\\\/blog\\\/garde-a-vue-dans-la-somme-une-femme-et-sa-fille-en-garde-a-vue-apres-la-decouverte-du-corps-du-pere-au-domicile\\\/\"},\"wordCount\":2372,\"publisher\":{\"@id\":\"https:\\\/\\\/www.tribunal-nature.org\\\/blog\\\/#organization\"},\"articleSection\":[\"Droit De L'Environnement:\"],\"inLanguage\":\"fr-FR\"},{\"@type\":\"WebPage\",\"@id\":\"https:\\\/\\\/www.tribunal-nature.org\\\/blog\\\/garde-a-vue-dans-la-somme-une-femme-et-sa-fille-en-garde-a-vue-apres-la-decouverte-du-corps-du-pere-au-domicile\\\/\",\"url\":\"https:\\\/\\\/www.tribunal-nature.org\\\/blog\\\/garde-a-vue-dans-la-somme-une-femme-et-sa-fille-en-garde-a-vue-apres-la-decouverte-du-corps-du-pere-au-domicile\\\/\",\"name\":\"Garde \u00e0 vue; Dans la Somme, une femme et sa fille en garde \u00e0 vue apr\u00e8s la d\u00e9couverte du corps du p\u00e8re au domicile - TRIBUNAL-NATURE\",\"isPartOf\":{\"@id\":\"https:\\\/\\\/www.tribunal-nature.org\\\/blog\\\/#website\"},\"datePublished\":\"2025-12-03T17:06:39+00:00\",\"description\":\"Garde \u00e0 vue; Dans la Somme, une femme et sa fille en garde \u00e0 vue apr\u00e8s la d\u00e9couverte du corps du p\u00e8re au domicile article de TRIBUNAL-NATURE\",\"breadcrumb\":{\"@id\":\"https:\\\/\\\/www.tribunal-nature.org\\\/blog\\\/garde-a-vue-dans-la-somme-une-femme-et-sa-fille-en-garde-a-vue-apres-la-decouverte-du-corps-du-pere-au-domicile\\\/#breadcrumb\"},\"inLanguage\":\"fr-FR\",\"potentialAction\":[{\"@type\":\"ReadAction\",\"target\":[\"https:\\\/\\\/www.tribunal-nature.org\\\/blog\\\/garde-a-vue-dans-la-somme-une-femme-et-sa-fille-en-garde-a-vue-apres-la-decouverte-du-corps-du-pere-au-domicile\\\/\"]}]},{\"@type\":\"BreadcrumbList\",\"@id\":\"https:\\\/\\\/www.tribunal-nature.org\\\/blog\\\/garde-a-vue-dans-la-somme-une-femme-et-sa-fille-en-garde-a-vue-apres-la-decouverte-du-corps-du-pere-au-domicile\\\/#breadcrumb\",\"itemListElement\":[{\"@type\":\"ListItem\",\"position\":1,\"name\":\"Accueil\",\"item\":\"https:\\\/\\\/www.tribunal-nature.org\\\/blog\\\/\"},{\"@type\":\"ListItem\",\"position\":2,\"name\":\"Garde \u00e0 vue; Dans la Somme, une femme et sa fille en garde \u00e0 vue apr\u00e8s la d\u00e9couverte du corps du p\u00e8re au domicile\"}]},{\"@type\":\"WebSite\",\"@id\":\"https:\\\/\\\/www.tribunal-nature.org\\\/blog\\\/#website\",\"url\":\"https:\\\/\\\/www.tribunal-nature.org\\\/blog\\\/\",\"name\":\"TRIBUNAL-NATURE\",\"description\":\"Droit De L&#039;Environnement.\",\"publisher\":{\"@id\":\"https:\\\/\\\/www.tribunal-nature.org\\\/blog\\\/#organization\"},\"potentialAction\":[{\"@type\":\"SearchAction\",\"target\":{\"@type\":\"EntryPoint\",\"urlTemplate\":\"https:\\\/\\\/www.tribunal-nature.org\\\/blog\\\/?s={search_term_string}\"},\"query-input\":{\"@type\":\"PropertyValueSpecification\",\"valueRequired\":true,\"valueName\":\"search_term_string\"}}],\"inLanguage\":\"fr-FR\"},{\"@type\":\"Organization\",\"@id\":\"https:\\\/\\\/www.tribunal-nature.org\\\/blog\\\/#organization\",\"name\":\"tribunal-nature\",\"url\":\"https:\\\/\\\/www.tribunal-nature.org\\\/blog\\\/\",\"logo\":{\"@type\":\"ImageObject\",\"inLanguage\":\"fr-FR\",\"@id\":\"https:\\\/\\\/www.tribunal-nature.org\\\/blog\\\/#\\\/schema\\\/logo\\\/image\\\/\",\"url\":\"https:\\\/\\\/www.tribunal-nature.org\\\/blog\\\/wp-content\\\/uploads\\\/2022\\\/05\\\/logo-2.png\",\"contentUrl\":\"https:\\\/\\\/www.tribunal-nature.org\\\/blog\\\/wp-content\\\/uploads\\\/2022\\\/05\\\/logo-2.png\",\"width\":180,\"height\":180,\"caption\":\"tribunal-nature\"},\"image\":{\"@id\":\"https:\\\/\\\/www.tribunal-nature.org\\\/blog\\\/#\\\/schema\\\/logo\\\/image\\\/\"}},{\"@type\":\"Person\",\"@id\":\"https:\\\/\\\/www.tribunal-nature.org\\\/blog\\\/#\\\/schema\\\/person\\\/55761caf7544da6b05b60523f2a0855f\",\"name\":\"Isabelle LOUBEAU\",\"image\":{\"@type\":\"ImageObject\",\"inLanguage\":\"fr-FR\",\"@id\":\"https:\\\/\\\/secure.gravatar.com\\\/avatar\\\/b6912620aca78633bf5d50400888815d3b38a1118e82b94050843f411f3f5972?s=96&d=mm&r=g\",\"url\":\"https:\\\/\\\/secure.gravatar.com\\\/avatar\\\/b6912620aca78633bf5d50400888815d3b38a1118e82b94050843f411f3f5972?s=96&d=mm&r=g\",\"contentUrl\":\"https:\\\/\\\/secure.gravatar.com\\\/avatar\\\/b6912620aca78633bf5d50400888815d3b38a1118e82b94050843f411f3f5972?s=96&d=mm&r=g\",\"caption\":\"Isabelle LOUBEAU\"},\"url\":\"https:\\\/\\\/www.tribunal-nature.org\\\/blog\\\/author\\\/ureisabelle\\\/\"}]}<\/script>\n<!-- \/ Yoast SEO plugin. -->","yoast_head_json":{"title":"Garde \u00e0 vue; Dans la Somme, une femme et sa fille en garde \u00e0 vue apr\u00e8s la d\u00e9couverte du corps du p\u00e8re au domicile - TRIBUNAL-NATURE","description":"Garde \u00e0 vue; Dans la Somme, une femme et sa fille en garde \u00e0 vue apr\u00e8s la d\u00e9couverte du corps du p\u00e8re au domicile article de TRIBUNAL-NATURE","robots":{"index":"index","follow":"follow","max-snippet":"max-snippet:-1","max-image-preview":"max-image-preview:large","max-video-preview":"max-video-preview:-1"},"canonical":"https:\/\/www.tribunal-nature.org\/blog\/garde-a-vue-dans-la-somme-une-femme-et-sa-fille-en-garde-a-vue-apres-la-decouverte-du-corps-du-pere-au-domicile\/","og_locale":"fr_FR","og_type":"article","og_title":"Garde \u00e0 vue; Dans la Somme, une femme et sa fille en garde \u00e0 vue apr\u00e8s la d\u00e9couverte du corps du p\u00e8re au domicile - TRIBUNAL-NATURE","og_description":"Garde \u00e0 vue; Dans la Somme, une femme et sa fille en garde \u00e0 vue apr\u00e8s la d\u00e9couverte du corps du p\u00e8re au domicile article de TRIBUNAL-NATURE","og_url":"https:\/\/www.tribunal-nature.org\/blog\/garde-a-vue-dans-la-somme-une-femme-et-sa-fille-en-garde-a-vue-apres-la-decouverte-du-corps-du-pere-au-domicile\/","og_site_name":"TRIBUNAL-NATURE","article_published_time":"2025-12-03T17:06:39+00:00","author":"Isabelle LOUBEAU","twitter_card":"summary_large_image","twitter_misc":{"\u00c9crit par":"Isabelle LOUBEAU","Dur\u00e9e de lecture estim\u00e9e":"12 minutes"},"schema":{"@context":"https:\/\/schema.org","@graph":[{"@type":"Article","@id":"https:\/\/www.tribunal-nature.org\/blog\/garde-a-vue-dans-la-somme-une-femme-et-sa-fille-en-garde-a-vue-apres-la-decouverte-du-corps-du-pere-au-domicile\/#article","isPartOf":{"@id":"https:\/\/www.tribunal-nature.org\/blog\/garde-a-vue-dans-la-somme-une-femme-et-sa-fille-en-garde-a-vue-apres-la-decouverte-du-corps-du-pere-au-domicile\/"},"author":{"name":"Isabelle LOUBEAU","@id":"https:\/\/www.tribunal-nature.org\/blog\/#\/schema\/person\/55761caf7544da6b05b60523f2a0855f"},"headline":"Garde \u00e0 vue; Dans la Somme, une femme et sa fille en garde \u00e0 vue apr\u00e8s la d\u00e9couverte du corps du p\u00e8re au domicile","datePublished":"2025-12-03T17:06:39+00:00","mainEntityOfPage":{"@id":"https:\/\/www.tribunal-nature.org\/blog\/garde-a-vue-dans-la-somme-une-femme-et-sa-fille-en-garde-a-vue-apres-la-decouverte-du-corps-du-pere-au-domicile\/"},"wordCount":2372,"publisher":{"@id":"https:\/\/www.tribunal-nature.org\/blog\/#organization"},"articleSection":["Droit De L'Environnement:"],"inLanguage":"fr-FR"},{"@type":"WebPage","@id":"https:\/\/www.tribunal-nature.org\/blog\/garde-a-vue-dans-la-somme-une-femme-et-sa-fille-en-garde-a-vue-apres-la-decouverte-du-corps-du-pere-au-domicile\/","url":"https:\/\/www.tribunal-nature.org\/blog\/garde-a-vue-dans-la-somme-une-femme-et-sa-fille-en-garde-a-vue-apres-la-decouverte-du-corps-du-pere-au-domicile\/","name":"Garde \u00e0 vue; Dans la Somme, une femme et sa fille en garde \u00e0 vue apr\u00e8s la d\u00e9couverte du corps du p\u00e8re au domicile - TRIBUNAL-NATURE","isPartOf":{"@id":"https:\/\/www.tribunal-nature.org\/blog\/#website"},"datePublished":"2025-12-03T17:06:39+00:00","description":"Garde \u00e0 vue; Dans la Somme, une femme et sa fille en garde \u00e0 vue apr\u00e8s la d\u00e9couverte du corps du p\u00e8re au domicile article de TRIBUNAL-NATURE","breadcrumb":{"@id":"https:\/\/www.tribunal-nature.org\/blog\/garde-a-vue-dans-la-somme-une-femme-et-sa-fille-en-garde-a-vue-apres-la-decouverte-du-corps-du-pere-au-domicile\/#breadcrumb"},"inLanguage":"fr-FR","potentialAction":[{"@type":"ReadAction","target":["https:\/\/www.tribunal-nature.org\/blog\/garde-a-vue-dans-la-somme-une-femme-et-sa-fille-en-garde-a-vue-apres-la-decouverte-du-corps-du-pere-au-domicile\/"]}]},{"@type":"BreadcrumbList","@id":"https:\/\/www.tribunal-nature.org\/blog\/garde-a-vue-dans-la-somme-une-femme-et-sa-fille-en-garde-a-vue-apres-la-decouverte-du-corps-du-pere-au-domicile\/#breadcrumb","itemListElement":[{"@type":"ListItem","position":1,"name":"Accueil","item":"https:\/\/www.tribunal-nature.org\/blog\/"},{"@type":"ListItem","position":2,"name":"Garde \u00e0 vue; Dans la Somme, une femme et sa fille en garde \u00e0 vue apr\u00e8s la d\u00e9couverte du corps du p\u00e8re au domicile"}]},{"@type":"WebSite","@id":"https:\/\/www.tribunal-nature.org\/blog\/#website","url":"https:\/\/www.tribunal-nature.org\/blog\/","name":"TRIBUNAL-NATURE","description":"Droit De L&#039;Environnement.","publisher":{"@id":"https:\/\/www.tribunal-nature.org\/blog\/#organization"},"potentialAction":[{"@type":"SearchAction","target":{"@type":"EntryPoint","urlTemplate":"https:\/\/www.tribunal-nature.org\/blog\/?s={search_term_string}"},"query-input":{"@type":"PropertyValueSpecification","valueRequired":true,"valueName":"search_term_string"}}],"inLanguage":"fr-FR"},{"@type":"Organization","@id":"https:\/\/www.tribunal-nature.org\/blog\/#organization","name":"tribunal-nature","url":"https:\/\/www.tribunal-nature.org\/blog\/","logo":{"@type":"ImageObject","inLanguage":"fr-FR","@id":"https:\/\/www.tribunal-nature.org\/blog\/#\/schema\/logo\/image\/","url":"https:\/\/www.tribunal-nature.org\/blog\/wp-content\/uploads\/2022\/05\/logo-2.png","contentUrl":"https:\/\/www.tribunal-nature.org\/blog\/wp-content\/uploads\/2022\/05\/logo-2.png","width":180,"height":180,"caption":"tribunal-nature"},"image":{"@id":"https:\/\/www.tribunal-nature.org\/blog\/#\/schema\/logo\/image\/"}},{"@type":"Person","@id":"https:\/\/www.tribunal-nature.org\/blog\/#\/schema\/person\/55761caf7544da6b05b60523f2a0855f","name":"Isabelle LOUBEAU","image":{"@type":"ImageObject","inLanguage":"fr-FR","@id":"https:\/\/secure.gravatar.com\/avatar\/b6912620aca78633bf5d50400888815d3b38a1118e82b94050843f411f3f5972?s=96&d=mm&r=g","url":"https:\/\/secure.gravatar.com\/avatar\/b6912620aca78633bf5d50400888815d3b38a1118e82b94050843f411f3f5972?s=96&d=mm&r=g","contentUrl":"https:\/\/secure.gravatar.com\/avatar\/b6912620aca78633bf5d50400888815d3b38a1118e82b94050843f411f3f5972?s=96&d=mm&r=g","caption":"Isabelle LOUBEAU"},"url":"https:\/\/www.tribunal-nature.org\/blog\/author\/ureisabelle\/"}]}},"_links":{"self":[{"href":"https:\/\/www.tribunal-nature.org\/blog\/wp-json\/wp\/v2\/posts\/1488","targetHints":{"allow":["GET"]}}],"collection":[{"href":"https:\/\/www.tribunal-nature.org\/blog\/wp-json\/wp\/v2\/posts"}],"about":[{"href":"https:\/\/www.tribunal-nature.org\/blog\/wp-json\/wp\/v2\/types\/post"}],"author":[{"embeddable":true,"href":"https:\/\/www.tribunal-nature.org\/blog\/wp-json\/wp\/v2\/users\/3"}],"replies":[{"embeddable":true,"href":"https:\/\/www.tribunal-nature.org\/blog\/wp-json\/wp\/v2\/comments?post=1488"}],"version-history":[{"count":0,"href":"https:\/\/www.tribunal-nature.org\/blog\/wp-json\/wp\/v2\/posts\/1488\/revisions"}],"wp:attachment":[{"href":"https:\/\/www.tribunal-nature.org\/blog\/wp-json\/wp\/v2\/media?parent=1488"}],"wp:term":[{"taxonomy":"category","embeddable":true,"href":"https:\/\/www.tribunal-nature.org\/blog\/wp-json\/wp\/v2\/categories?post=1488"},{"taxonomy":"post_tag","embeddable":true,"href":"https:\/\/www.tribunal-nature.org\/blog\/wp-json\/wp\/v2\/tags?post=1488"}],"curies":[{"name":"wp","href":"https:\/\/api.w.org\/{rel}","templated":true}]}}