{"id":147,"date":"2022-07-09T12:01:08","date_gmt":"2022-07-09T10:01:08","guid":{"rendered":"https:\/\/www.tribunal-nature.org\/blog\/article-tout-frais-cest-une-journee-fetee-et-un-succes-total-estime-lavocat-de-michel-platini-apres-son-acquittement\/"},"modified":"2022-07-09T12:01:08","modified_gmt":"2022-07-09T10:01:08","slug":"article-tout-frais-cest-une-journee-fetee-et-un-succes-total-estime-lavocat-de-michel-platini-apres-son-acquittement","status":"publish","type":"post","link":"https:\/\/www.tribunal-nature.org\/blog\/article-tout-frais-cest-une-journee-fetee-et-un-succes-total-estime-lavocat-de-michel-platini-apres-son-acquittement\/","title":{"rendered":"Article tout frais  : \u00ab\u00a0C\u2019est une journ\u00e9e f\u00eat\u00e9e et un succ\u00e8s total\u00a0\u00bb, estime l\u2019avocat de Michel Platini apr\u00e8s son acquittement"},"content":{"rendered":"<div>\n<p>Voil\u00e0 qui va vous int\u00e9resser : Un  nouvel article que nous venons de voir sur le web et que nous vous produisons ci-dessous. Le th\u00e8me est \u00ab\u00a0la justice\u00a0\u00bb.<\/p>\n<p>Le titre saisissant (\u00ab\u00a0C\u2019est une journ\u00e9e f\u00eat\u00e9e et un succ\u00e8s total\u00a0\u00bb, estime l\u2019avocat de Michel Platini apr\u00e8s son acquittement) est parlant.<\/p>\n<p> Annonc\u00e9 sous la signature \u00abd\u2019anonymat<br \/>\n\u00bb, l\u2019auteur est positivement connu pour plusieurs autres encarts qu\u2019il a publi\u00e9s sur le web.<\/p>\n<p>Le texte peut par cons\u00e9quent \u00eatre pris au s\u00e9rieux.<\/p>\n<p>L\u2019article a \u00e9t\u00e9 diffus\u00e9 \u00e0 une date not\u00e9e 2022-07-08 11:05:00.<\/p>\n<div id=\"js--content\">\n<div class=\"c-chapo \">\n<p>\u00ab\u00a0Une proc\u00e9dure p\u00e9nale de sept ans prend fin aujourd\u2019hui et c\u2019est une journ\u00e9e f\u00eat\u00e9e\u00a0\u00bb, a r\u00e9agi sur franceinfo Me\u00a0Dominic Nellen, l\u2019avocat de Michel Platini.<\/p>\n<\/div>\n<div class=\"c-signature-wrapper\">\n<section class=\"c-signature \">\n<p>  <span class=\"text-only-for-screen-reader\">Article r\u00e9dig\u00e9 par <\/span><\/p>\n<div class=\"c-signature__images\">\n<picture class=\"picture-wrapper\"><source type=\"image\/webp\"><\/source><source><\/source>\n<\/picture><\/div>\n<\/section>\n<\/div>\n<div class=\"c-time\">\n<p>\n    <span class=\"publication-date__published\"><br \/>\n      Publi\u00e9 <time datetime=\"2022-07-08T18:05:50+02:00\">le 08\/07\/2022 18:05<\/time><br \/>\n    <\/span>\n    <\/p>\n<p>\n    Temps de lecture :  <span>1 min.<\/span>\n  <\/p>\n<\/div>\n<div class=\"c-body\">\n<p>Apr\u00e8s plus de six ans d\u2019enqu\u00eate et deux semaines de proc\u00e8s pour escroquerie en Suisse, Michel Platini et Sepp Blatter ont \u00e9t\u00e9 acquitt\u00e9s vendredi 8 juillet. Ma\u00eetre Dominic Nellen, l\u2019avocat de Michel Platini, d\u00e9clare que <em>\u00ab\u00a0le tribunal a tr\u00e8s clairement dit qu\u2019il y a un acquittement et c\u2019est la seule solution dans cette affaire. Une proc\u00e9dure p\u00e9nale de sept ans prend fin aujourd\u2019hui et c\u2019est une journ\u00e9e f\u00eat\u00e9e.\u00a0\u00bb<\/em><\/p>\n<p>Face au risque d\u2019un appel, Me Dominic Nellen n\u2019est pas inquiet.<em> \u00ab\u00a0C\u2019est soit au minist\u00e8re public de la conf\u00e9d\u00e9ration, soit \u00e0 la Fifa, de d\u00e9cider s\u2019ils veulent faire appel. La pr\u00e9sidente du tribunal a donn\u00e9 raison \u00e0 tous les \u00e9l\u00e9ments de la d\u00e9fense donc je ne vois pas comment on pourrait faire appel avec une chance de succ\u00e8s\u00a0\u00bb<\/em>, affirme l\u2019avocat.<\/p>\n<p>Michel Platini voyait cette affaire comme un <em>\u00ab\u00a0complot\u00a0\u00bb<\/em>, destin\u00e9 \u00e0 l\u2019\u00e9vincer de la pr\u00e9sidence de la Fifa, au profit de Gianni Infantino. En novembre 2021, le triple Ballon d\u2019Or a port\u00e9 plainte \u00e0 Paris contre Infantino pour \u00ab\u00a0trafic d\u2019influence actif\u00a0\u00bb. Me Dominic Nellen explique qu\u2019il faut d\u00e9sormais <em>\u00ab\u00a0se r\u00e9unir, discuter les possibilit\u00e9s juridiques et il faut mentionner qu\u2019en Suisse il y a plusieurs proc\u00e9dures p\u00e9nales contre des personnes du minist\u00e8re public et de la Fifa qui sont en cours et dont il faut aussi attendre le r\u00e9sultat.\u00a0\u00bb<\/em><\/p>\n<p>Sur le fond de ce dossier, le travail de Michel Platini \u00e9tait donc r\u00e9el aux yeux de la justice suisse mais cette affaire a pu choquer une partie de l\u2019opinion en raison de la somme en jeu. <em>\u00ab\u00a0Aujourd\u2019hui, la pr\u00e9sidente du tribunal a tr\u00e8s clairement dit que M. Platini a travaill\u00e9 \u00e0 l\u2019\u00e9poque, qu\u2019il avait un contrat oral valable pour la somme d\u2019un million de francs suisses par ann\u00e9e et que Michel Platini avait le droit de r\u00e9clamer ce salaire dans l\u2019ann\u00e9e 2011. Donc c\u2019est un succ\u00e8s total, peu importe la somme, qui peut \u00eatre per\u00e7ue comme haute, mais il faut aussi voir la valeur que Michel Platini a apport\u00e9 \u00e0 la Fifa et au foot mondial\u00a0\u00bb<\/em>, justifie Me Dominic Nellen.<\/p>\n<\/div>\n<section class=\"social-zone\">\n<div class=\"social-zone__wrapper\">\n<p class=\"social-zone__sentence\">Partager\u00a0:<\/p>\n<p>        <button class=\"social twitter social--medium ftvi-click\" data-click-value=\"content::share::twitter::\/sports\/foot\/corruption-a-la-fifa\/soupcons-d-escroquerie-a-la-fifa-c-est-une-journee-fetee-et-un-succes-total-estime-l-avocat-de-michel-platini-apres-son-acquittement_5245300.html\" title=\"Partager sur Twitter\" data-type=\"twitter\" data-anchor=\"\"><br \/>\n      <span aria-hidden=\"true\" class=\"social__title--hidden\">Partager sur Twitter<\/span><br \/>\n  <\/button><\/p>\n<p>        <button class=\"social facebook social--medium ftvi-click\" data-click-value=\"content::share::facebook::\/sports\/foot\/corruption-a-la-fifa\/soupcons-d-escroquerie-a-la-fifa-c-est-une-journee-fetee-et-un-succes-total-estime-l-avocat-de-michel-platini-apres-son-acquittement_5245300.html\" title=\"Partager sur Facebook\" data-type=\"facebook\" data-anchor=\"\"><br \/>\n      <span aria-hidden=\"true\" class=\"social__title--hidden\">Partager sur Facebook<\/span><br \/>\n  <\/button><\/p>\n<p>        <button class=\"social email social--medium ftvi-click\" data-click-value=\"content::share::email::\/sports\/foot\/corruption-a-la-fifa\/soupcons-d-escroquerie-a-la-fifa-c-est-une-journee-fetee-et-un-succes-total-estime-l-avocat-de-michel-platini-apres-son-acquittement_5245300.html\" title=\"Partager par mail\" data-type=\"email\" data-anchor=\"\"><br \/>\n      <span aria-hidden=\"true\" class=\"social__title--hidden\">Partager par mail<\/span><br \/>\n  <\/button><\/p>\n<p>        <button class=\"social share social--medium ftvi-click\" data-click-value=\"content::share::share::\/sports\/foot\/corruption-a-la-fifa\/soupcons-d-escroquerie-a-la-fifa-c-est-une-journee-fetee-et-un-succes-total-estime-l-avocat-de-michel-platini-apres-son-acquittement_5245300.html\" title=\"Partager le lien\" data-type=\"share\" data-anchor=\"\"><br \/>\n      <span aria-hidden=\"true\" class=\"social__title--hidden\">Partager le lien<\/span><br \/>\n  <\/button><\/p>\n<\/div>\n<\/section>\n<\/div>\n<p><script type=\"didomi\/javascript\" data-vendor=\"c:facebookp-jUyJUEY9\" defer>\n        !function(f,b,e,v,n,t,s)\n        if(f.fbq)return;n=f.fbq=function()n.callMethod?\n        n.callMethod.apply(n,arguments):n.queue.push(arguments);\n        if(!f._fbq)f._fbq=n;n.push=n;n.loaded=!0;n.version='2.0';\n        n.queue=[];t=b.createElement(e);t.async=!0;\n        t.src=v;s=b.getElementsByTagName(e)[0];\n        s.parentNode.insertBefore(t,s)(window, document,'script',\n        '\n        fbq('init', '1407895342825011');\n        fbq('track', 'PageView');\n    <\/script><\/p>\n<p>Bibliographie :<\/p>\n<p>Daredevil (2016) T05,<a target=\"_blank\" rel=\"nofollow\" href=\"https:\/\/www.tribunal-nature.org\/blog\/goto\/https:\/\/www.kobo.com\/fr\/fr\/ebook\/daredevil-2016-t05\"  target=\"_blank\" rel=\"noopener noreferrer nofollow\">(la couverture) <\/a><span><\/span>.<\/p>\n<p>Le petit juge,<a target=\"_blank\" rel=\"nofollow\" href=\"https:\/\/www.tribunal-nature.org\/blog\/goto\/https:\/\/booknode.com\/le_petit_juge_0417332\"  target=\"_blank\" rel=\"noopener noreferrer nofollow\">Ouvrage <\/a><span><\/span>.<\/p>\n<p>Paroles de palais de justice,<a target=\"_blank\" rel=\"nofollow\" href=\"https:\/\/www.tribunal-nature.org\/blog\/goto\/https:\/\/booknode.com\/paroles_de_palais_de_justice_03318502\"  target=\"_blank\" rel=\"noopener noreferrer nofollow\">A voir et \u00e0 lire. <\/a><span><\/span>.<\/p>\n<\/div>\n","protected":false},"excerpt":{"rendered":"<p>Voil\u00e0 qui va vous int\u00e9resser : Un nouvel article que nous venons de voir sur le web et que nous&#8230;<\/p>\n","protected":false},"author":3,"featured_media":148,"comment_status":"closed","ping_status":"closed","sticky":false,"template":"","format":"standard","meta":{"footnotes":""},"categories":[2],"tags":[],"class_list":["post-147","post","type-post","status-publish","format-standard","has-post-thumbnail","hentry","category-droit-de-lenvironnement","wpcat-2-id"],"yoast_head":"<!-- This site is optimized with the Yoast SEO plugin v27.5 - https:\/\/yoast.com\/product\/yoast-seo-wordpress\/ -->\n<title>Article tout frais : \u00ab\u00a0C\u2019est une journ\u00e9e f\u00eat\u00e9e et un succ\u00e8s total\u00a0\u00bb, estime l\u2019avocat de Michel Platini apr\u00e8s son acquittement - TRIBUNAL-NATURE<\/title>\n<meta name=\"description\" content=\"Article tout frais : \u00ab\u00a0C\u2019est une journ\u00e9e f\u00eat\u00e9e et un succ\u00e8s total\u00a0\u00bb, estime l\u2019avocat de Michel Platini apr\u00e8s son acquittement article de TRIBUNAL-NATURE\" \/>\n<meta name=\"robots\" content=\"index, follow, max-snippet:-1, max-image-preview:large, max-video-preview:-1\" \/>\n<link rel=\"canonical\" href=\"https:\/\/www.tribunal-nature.org\/blog\/article-tout-frais-cest-une-journee-fetee-et-un-succes-total-estime-lavocat-de-michel-platini-apres-son-acquittement\/\" \/>\n<meta property=\"og:locale\" content=\"fr_FR\" \/>\n<meta property=\"og:type\" content=\"article\" \/>\n<meta property=\"og:title\" content=\"Article tout frais : \u00ab\u00a0C\u2019est une journ\u00e9e f\u00eat\u00e9e et un succ\u00e8s total\u00a0\u00bb, estime l\u2019avocat de Michel Platini apr\u00e8s son acquittement - TRIBUNAL-NATURE\" \/>\n<meta property=\"og:description\" content=\"Article tout frais : \u00ab\u00a0C\u2019est une journ\u00e9e f\u00eat\u00e9e et un succ\u00e8s total\u00a0\u00bb, estime l\u2019avocat de Michel Platini apr\u00e8s son acquittement article de TRIBUNAL-NATURE\" \/>\n<meta property=\"og:url\" content=\"https:\/\/www.tribunal-nature.org\/blog\/article-tout-frais-cest-une-journee-fetee-et-un-succes-total-estime-lavocat-de-michel-platini-apres-son-acquittement\/\" \/>\n<meta property=\"og:site_name\" content=\"TRIBUNAL-NATURE\" \/>\n<meta property=\"article:published_time\" content=\"2022-07-09T10:01:08+00:00\" \/>\n<meta property=\"og:image\" content=\"https:\/\/www.tribunal-nature.org\/blog\/wp-content\/uploads\/2022\/07\/michel-platini.jpg\" \/>\n\t<meta property=\"og:image:width\" content=\"600\" \/>\n\t<meta property=\"og:image:height\" content=\"407\" \/>\n\t<meta property=\"og:image:type\" content=\"image\/jpeg\" \/>\n<meta name=\"author\" content=\"Isabelle LOUBEAU\" \/>\n<meta name=\"twitter:card\" content=\"summary_large_image\" \/>\n<meta name=\"twitter:label1\" content=\"\u00c9crit par\" \/>\n\t<meta name=\"twitter:data1\" content=\"Isabelle LOUBEAU\" \/>\n\t<meta name=\"twitter:label2\" content=\"Dur\u00e9e de lecture estim\u00e9e\" \/>\n\t<meta name=\"twitter:data2\" content=\"3 minutes\" \/>\n<script type=\"application\/ld+json\" class=\"yoast-schema-graph\">{\"@context\":\"https:\\\/\\\/schema.org\",\"@graph\":[{\"@type\":\"Article\",\"@id\":\"https:\\\/\\\/www.tribunal-nature.org\\\/blog\\\/article-tout-frais-cest-une-journee-fetee-et-un-succes-total-estime-lavocat-de-michel-platini-apres-son-acquittement\\\/#article\",\"isPartOf\":{\"@id\":\"https:\\\/\\\/www.tribunal-nature.org\\\/blog\\\/article-tout-frais-cest-une-journee-fetee-et-un-succes-total-estime-lavocat-de-michel-platini-apres-son-acquittement\\\/\"},\"author\":{\"name\":\"Isabelle LOUBEAU\",\"@id\":\"https:\\\/\\\/www.tribunal-nature.org\\\/blog\\\/#\\\/schema\\\/person\\\/55761caf7544da6b05b60523f2a0855f\"},\"headline\":\"Article tout frais : \u00ab\u00a0C\u2019est une journ\u00e9e f\u00eat\u00e9e et un succ\u00e8s total\u00a0\u00bb, estime l\u2019avocat de Michel Platini apr\u00e8s son acquittement\",\"datePublished\":\"2022-07-09T10:01:08+00:00\",\"mainEntityOfPage\":{\"@id\":\"https:\\\/\\\/www.tribunal-nature.org\\\/blog\\\/article-tout-frais-cest-une-journee-fetee-et-un-succes-total-estime-lavocat-de-michel-platini-apres-son-acquittement\\\/\"},\"wordCount\":589,\"publisher\":{\"@id\":\"https:\\\/\\\/www.tribunal-nature.org\\\/blog\\\/#organization\"},\"image\":{\"@id\":\"https:\\\/\\\/www.tribunal-nature.org\\\/blog\\\/article-tout-frais-cest-une-journee-fetee-et-un-succes-total-estime-lavocat-de-michel-platini-apres-son-acquittement\\\/#primaryimage\"},\"thumbnailUrl\":\"https:\\\/\\\/www.tribunal-nature.org\\\/blog\\\/wp-content\\\/uploads\\\/2022\\\/07\\\/michel-platini.jpg\",\"articleSection\":[\"Droit De L'Environnement:\"],\"inLanguage\":\"fr-FR\"},{\"@type\":\"WebPage\",\"@id\":\"https:\\\/\\\/www.tribunal-nature.org\\\/blog\\\/article-tout-frais-cest-une-journee-fetee-et-un-succes-total-estime-lavocat-de-michel-platini-apres-son-acquittement\\\/\",\"url\":\"https:\\\/\\\/www.tribunal-nature.org\\\/blog\\\/article-tout-frais-cest-une-journee-fetee-et-un-succes-total-estime-lavocat-de-michel-platini-apres-son-acquittement\\\/\",\"name\":\"Article tout frais : \u00ab\u00a0C\u2019est une journ\u00e9e f\u00eat\u00e9e et un succ\u00e8s total\u00a0\u00bb, estime l\u2019avocat de Michel Platini apr\u00e8s son acquittement - TRIBUNAL-NATURE\",\"isPartOf\":{\"@id\":\"https:\\\/\\\/www.tribunal-nature.org\\\/blog\\\/#website\"},\"primaryImageOfPage\":{\"@id\":\"https:\\\/\\\/www.tribunal-nature.org\\\/blog\\\/article-tout-frais-cest-une-journee-fetee-et-un-succes-total-estime-lavocat-de-michel-platini-apres-son-acquittement\\\/#primaryimage\"},\"image\":{\"@id\":\"https:\\\/\\\/www.tribunal-nature.org\\\/blog\\\/article-tout-frais-cest-une-journee-fetee-et-un-succes-total-estime-lavocat-de-michel-platini-apres-son-acquittement\\\/#primaryimage\"},\"thumbnailUrl\":\"https:\\\/\\\/www.tribunal-nature.org\\\/blog\\\/wp-content\\\/uploads\\\/2022\\\/07\\\/michel-platini.jpg\",\"datePublished\":\"2022-07-09T10:01:08+00:00\",\"description\":\"Article tout frais : \u00ab\u00a0C\u2019est une journ\u00e9e f\u00eat\u00e9e et un succ\u00e8s total\u00a0\u00bb, estime l\u2019avocat de Michel Platini apr\u00e8s son acquittement article de TRIBUNAL-NATURE\",\"breadcrumb\":{\"@id\":\"https:\\\/\\\/www.tribunal-nature.org\\\/blog\\\/article-tout-frais-cest-une-journee-fetee-et-un-succes-total-estime-lavocat-de-michel-platini-apres-son-acquittement\\\/#breadcrumb\"},\"inLanguage\":\"fr-FR\",\"potentialAction\":[{\"@type\":\"ReadAction\",\"target\":[\"https:\\\/\\\/www.tribunal-nature.org\\\/blog\\\/article-tout-frais-cest-une-journee-fetee-et-un-succes-total-estime-lavocat-de-michel-platini-apres-son-acquittement\\\/\"]}]},{\"@type\":\"ImageObject\",\"inLanguage\":\"fr-FR\",\"@id\":\"https:\\\/\\\/www.tribunal-nature.org\\\/blog\\\/article-tout-frais-cest-une-journee-fetee-et-un-succes-total-estime-lavocat-de-michel-platini-apres-son-acquittement\\\/#primaryimage\",\"url\":\"https:\\\/\\\/www.tribunal-nature.org\\\/blog\\\/wp-content\\\/uploads\\\/2022\\\/07\\\/michel-platini.jpg\",\"contentUrl\":\"https:\\\/\\\/www.tribunal-nature.org\\\/blog\\\/wp-content\\\/uploads\\\/2022\\\/07\\\/michel-platini.jpg\",\"width\":600,\"height\":407,\"caption\":\"michel platini\"},{\"@type\":\"BreadcrumbList\",\"@id\":\"https:\\\/\\\/www.tribunal-nature.org\\\/blog\\\/article-tout-frais-cest-une-journee-fetee-et-un-succes-total-estime-lavocat-de-michel-platini-apres-son-acquittement\\\/#breadcrumb\",\"itemListElement\":[{\"@type\":\"ListItem\",\"position\":1,\"name\":\"Accueil\",\"item\":\"https:\\\/\\\/www.tribunal-nature.org\\\/blog\\\/\"},{\"@type\":\"ListItem\",\"position\":2,\"name\":\"Article tout frais : \u00ab\u00a0C\u2019est une journ\u00e9e f\u00eat\u00e9e et un succ\u00e8s total\u00a0\u00bb, estime l\u2019avocat de Michel Platini apr\u00e8s son acquittement\"}]},{\"@type\":\"WebSite\",\"@id\":\"https:\\\/\\\/www.tribunal-nature.org\\\/blog\\\/#website\",\"url\":\"https:\\\/\\\/www.tribunal-nature.org\\\/blog\\\/\",\"name\":\"TRIBUNAL-NATURE\",\"description\":\"Droit De L&#039;Environnement.\",\"publisher\":{\"@id\":\"https:\\\/\\\/www.tribunal-nature.org\\\/blog\\\/#organization\"},\"potentialAction\":[{\"@type\":\"SearchAction\",\"target\":{\"@type\":\"EntryPoint\",\"urlTemplate\":\"https:\\\/\\\/www.tribunal-nature.org\\\/blog\\\/?s={search_term_string}\"},\"query-input\":{\"@type\":\"PropertyValueSpecification\",\"valueRequired\":true,\"valueName\":\"search_term_string\"}}],\"inLanguage\":\"fr-FR\"},{\"@type\":\"Organization\",\"@id\":\"https:\\\/\\\/www.tribunal-nature.org\\\/blog\\\/#organization\",\"name\":\"tribunal-nature\",\"url\":\"https:\\\/\\\/www.tribunal-nature.org\\\/blog\\\/\",\"logo\":{\"@type\":\"ImageObject\",\"inLanguage\":\"fr-FR\",\"@id\":\"https:\\\/\\\/www.tribunal-nature.org\\\/blog\\\/#\\\/schema\\\/logo\\\/image\\\/\",\"url\":\"https:\\\/\\\/www.tribunal-nature.org\\\/blog\\\/wp-content\\\/uploads\\\/2022\\\/05\\\/logo-2.png\",\"contentUrl\":\"https:\\\/\\\/www.tribunal-nature.org\\\/blog\\\/wp-content\\\/uploads\\\/2022\\\/05\\\/logo-2.png\",\"width\":180,\"height\":180,\"caption\":\"tribunal-nature\"},\"image\":{\"@id\":\"https:\\\/\\\/www.tribunal-nature.org\\\/blog\\\/#\\\/schema\\\/logo\\\/image\\\/\"}},{\"@type\":\"Person\",\"@id\":\"https:\\\/\\\/www.tribunal-nature.org\\\/blog\\\/#\\\/schema\\\/person\\\/55761caf7544da6b05b60523f2a0855f\",\"name\":\"Isabelle LOUBEAU\",\"image\":{\"@type\":\"ImageObject\",\"inLanguage\":\"fr-FR\",\"@id\":\"https:\\\/\\\/secure.gravatar.com\\\/avatar\\\/b6912620aca78633bf5d50400888815d3b38a1118e82b94050843f411f3f5972?s=96&d=mm&r=g\",\"url\":\"https:\\\/\\\/secure.gravatar.com\\\/avatar\\\/b6912620aca78633bf5d50400888815d3b38a1118e82b94050843f411f3f5972?s=96&d=mm&r=g\",\"contentUrl\":\"https:\\\/\\\/secure.gravatar.com\\\/avatar\\\/b6912620aca78633bf5d50400888815d3b38a1118e82b94050843f411f3f5972?s=96&d=mm&r=g\",\"caption\":\"Isabelle LOUBEAU\"},\"url\":\"https:\\\/\\\/www.tribunal-nature.org\\\/blog\\\/author\\\/ureisabelle\\\/\"}]}<\/script>\n<!-- \/ Yoast SEO plugin. -->","yoast_head_json":{"title":"Article tout frais : \u00ab\u00a0C\u2019est une journ\u00e9e f\u00eat\u00e9e et un succ\u00e8s total\u00a0\u00bb, estime l\u2019avocat de Michel Platini apr\u00e8s son acquittement - TRIBUNAL-NATURE","description":"Article tout frais : \u00ab\u00a0C\u2019est une journ\u00e9e f\u00eat\u00e9e et un succ\u00e8s total\u00a0\u00bb, estime l\u2019avocat de Michel Platini apr\u00e8s son acquittement article de TRIBUNAL-NATURE","robots":{"index":"index","follow":"follow","max-snippet":"max-snippet:-1","max-image-preview":"max-image-preview:large","max-video-preview":"max-video-preview:-1"},"canonical":"https:\/\/www.tribunal-nature.org\/blog\/article-tout-frais-cest-une-journee-fetee-et-un-succes-total-estime-lavocat-de-michel-platini-apres-son-acquittement\/","og_locale":"fr_FR","og_type":"article","og_title":"Article tout frais : \u00ab\u00a0C\u2019est une journ\u00e9e f\u00eat\u00e9e et un succ\u00e8s total\u00a0\u00bb, estime l\u2019avocat de Michel Platini apr\u00e8s son acquittement - TRIBUNAL-NATURE","og_description":"Article tout frais : \u00ab\u00a0C\u2019est une journ\u00e9e f\u00eat\u00e9e et un succ\u00e8s total\u00a0\u00bb, estime l\u2019avocat de Michel Platini apr\u00e8s son acquittement article de TRIBUNAL-NATURE","og_url":"https:\/\/www.tribunal-nature.org\/blog\/article-tout-frais-cest-une-journee-fetee-et-un-succes-total-estime-lavocat-de-michel-platini-apres-son-acquittement\/","og_site_name":"TRIBUNAL-NATURE","article_published_time":"2022-07-09T10:01:08+00:00","og_image":[{"width":600,"height":407,"url":"https:\/\/www.tribunal-nature.org\/blog\/wp-content\/uploads\/2022\/07\/michel-platini.jpg","type":"image\/jpeg"}],"author":"Isabelle LOUBEAU","twitter_card":"summary_large_image","twitter_misc":{"\u00c9crit par":"Isabelle LOUBEAU","Dur\u00e9e de lecture estim\u00e9e":"3 minutes"},"schema":{"@context":"https:\/\/schema.org","@graph":[{"@type":"Article","@id":"https:\/\/www.tribunal-nature.org\/blog\/article-tout-frais-cest-une-journee-fetee-et-un-succes-total-estime-lavocat-de-michel-platini-apres-son-acquittement\/#article","isPartOf":{"@id":"https:\/\/www.tribunal-nature.org\/blog\/article-tout-frais-cest-une-journee-fetee-et-un-succes-total-estime-lavocat-de-michel-platini-apres-son-acquittement\/"},"author":{"name":"Isabelle LOUBEAU","@id":"https:\/\/www.tribunal-nature.org\/blog\/#\/schema\/person\/55761caf7544da6b05b60523f2a0855f"},"headline":"Article tout frais : \u00ab\u00a0C\u2019est une journ\u00e9e f\u00eat\u00e9e et un succ\u00e8s total\u00a0\u00bb, estime l\u2019avocat de Michel Platini apr\u00e8s son acquittement","datePublished":"2022-07-09T10:01:08+00:00","mainEntityOfPage":{"@id":"https:\/\/www.tribunal-nature.org\/blog\/article-tout-frais-cest-une-journee-fetee-et-un-succes-total-estime-lavocat-de-michel-platini-apres-son-acquittement\/"},"wordCount":589,"publisher":{"@id":"https:\/\/www.tribunal-nature.org\/blog\/#organization"},"image":{"@id":"https:\/\/www.tribunal-nature.org\/blog\/article-tout-frais-cest-une-journee-fetee-et-un-succes-total-estime-lavocat-de-michel-platini-apres-son-acquittement\/#primaryimage"},"thumbnailUrl":"https:\/\/www.tribunal-nature.org\/blog\/wp-content\/uploads\/2022\/07\/michel-platini.jpg","articleSection":["Droit De L'Environnement:"],"inLanguage":"fr-FR"},{"@type":"WebPage","@id":"https:\/\/www.tribunal-nature.org\/blog\/article-tout-frais-cest-une-journee-fetee-et-un-succes-total-estime-lavocat-de-michel-platini-apres-son-acquittement\/","url":"https:\/\/www.tribunal-nature.org\/blog\/article-tout-frais-cest-une-journee-fetee-et-un-succes-total-estime-lavocat-de-michel-platini-apres-son-acquittement\/","name":"Article tout frais : \u00ab\u00a0C\u2019est une journ\u00e9e f\u00eat\u00e9e et un succ\u00e8s total\u00a0\u00bb, estime l\u2019avocat de Michel Platini apr\u00e8s son acquittement - TRIBUNAL-NATURE","isPartOf":{"@id":"https:\/\/www.tribunal-nature.org\/blog\/#website"},"primaryImageOfPage":{"@id":"https:\/\/www.tribunal-nature.org\/blog\/article-tout-frais-cest-une-journee-fetee-et-un-succes-total-estime-lavocat-de-michel-platini-apres-son-acquittement\/#primaryimage"},"image":{"@id":"https:\/\/www.tribunal-nature.org\/blog\/article-tout-frais-cest-une-journee-fetee-et-un-succes-total-estime-lavocat-de-michel-platini-apres-son-acquittement\/#primaryimage"},"thumbnailUrl":"https:\/\/www.tribunal-nature.org\/blog\/wp-content\/uploads\/2022\/07\/michel-platini.jpg","datePublished":"2022-07-09T10:01:08+00:00","description":"Article tout frais : \u00ab\u00a0C\u2019est une journ\u00e9e f\u00eat\u00e9e et un succ\u00e8s total\u00a0\u00bb, estime l\u2019avocat de Michel Platini apr\u00e8s son acquittement article de TRIBUNAL-NATURE","breadcrumb":{"@id":"https:\/\/www.tribunal-nature.org\/blog\/article-tout-frais-cest-une-journee-fetee-et-un-succes-total-estime-lavocat-de-michel-platini-apres-son-acquittement\/#breadcrumb"},"inLanguage":"fr-FR","potentialAction":[{"@type":"ReadAction","target":["https:\/\/www.tribunal-nature.org\/blog\/article-tout-frais-cest-une-journee-fetee-et-un-succes-total-estime-lavocat-de-michel-platini-apres-son-acquittement\/"]}]},{"@type":"ImageObject","inLanguage":"fr-FR","@id":"https:\/\/www.tribunal-nature.org\/blog\/article-tout-frais-cest-une-journee-fetee-et-un-succes-total-estime-lavocat-de-michel-platini-apres-son-acquittement\/#primaryimage","url":"https:\/\/www.tribunal-nature.org\/blog\/wp-content\/uploads\/2022\/07\/michel-platini.jpg","contentUrl":"https:\/\/www.tribunal-nature.org\/blog\/wp-content\/uploads\/2022\/07\/michel-platini.jpg","width":600,"height":407,"caption":"michel platini"},{"@type":"BreadcrumbList","@id":"https:\/\/www.tribunal-nature.org\/blog\/article-tout-frais-cest-une-journee-fetee-et-un-succes-total-estime-lavocat-de-michel-platini-apres-son-acquittement\/#breadcrumb","itemListElement":[{"@type":"ListItem","position":1,"name":"Accueil","item":"https:\/\/www.tribunal-nature.org\/blog\/"},{"@type":"ListItem","position":2,"name":"Article tout frais : \u00ab\u00a0C\u2019est une journ\u00e9e f\u00eat\u00e9e et un succ\u00e8s total\u00a0\u00bb, estime l\u2019avocat de Michel Platini apr\u00e8s son acquittement"}]},{"@type":"WebSite","@id":"https:\/\/www.tribunal-nature.org\/blog\/#website","url":"https:\/\/www.tribunal-nature.org\/blog\/","name":"TRIBUNAL-NATURE","description":"Droit De L&#039;Environnement.","publisher":{"@id":"https:\/\/www.tribunal-nature.org\/blog\/#organization"},"potentialAction":[{"@type":"SearchAction","target":{"@type":"EntryPoint","urlTemplate":"https:\/\/www.tribunal-nature.org\/blog\/?s={search_term_string}"},"query-input":{"@type":"PropertyValueSpecification","valueRequired":true,"valueName":"search_term_string"}}],"inLanguage":"fr-FR"},{"@type":"Organization","@id":"https:\/\/www.tribunal-nature.org\/blog\/#organization","name":"tribunal-nature","url":"https:\/\/www.tribunal-nature.org\/blog\/","logo":{"@type":"ImageObject","inLanguage":"fr-FR","@id":"https:\/\/www.tribunal-nature.org\/blog\/#\/schema\/logo\/image\/","url":"https:\/\/www.tribunal-nature.org\/blog\/wp-content\/uploads\/2022\/05\/logo-2.png","contentUrl":"https:\/\/www.tribunal-nature.org\/blog\/wp-content\/uploads\/2022\/05\/logo-2.png","width":180,"height":180,"caption":"tribunal-nature"},"image":{"@id":"https:\/\/www.tribunal-nature.org\/blog\/#\/schema\/logo\/image\/"}},{"@type":"Person","@id":"https:\/\/www.tribunal-nature.org\/blog\/#\/schema\/person\/55761caf7544da6b05b60523f2a0855f","name":"Isabelle LOUBEAU","image":{"@type":"ImageObject","inLanguage":"fr-FR","@id":"https:\/\/secure.gravatar.com\/avatar\/b6912620aca78633bf5d50400888815d3b38a1118e82b94050843f411f3f5972?s=96&d=mm&r=g","url":"https:\/\/secure.gravatar.com\/avatar\/b6912620aca78633bf5d50400888815d3b38a1118e82b94050843f411f3f5972?s=96&d=mm&r=g","contentUrl":"https:\/\/secure.gravatar.com\/avatar\/b6912620aca78633bf5d50400888815d3b38a1118e82b94050843f411f3f5972?s=96&d=mm&r=g","caption":"Isabelle LOUBEAU"},"url":"https:\/\/www.tribunal-nature.org\/blog\/author\/ureisabelle\/"}]}},"_links":{"self":[{"href":"https:\/\/www.tribunal-nature.org\/blog\/wp-json\/wp\/v2\/posts\/147","targetHints":{"allow":["GET"]}}],"collection":[{"href":"https:\/\/www.tribunal-nature.org\/blog\/wp-json\/wp\/v2\/posts"}],"about":[{"href":"https:\/\/www.tribunal-nature.org\/blog\/wp-json\/wp\/v2\/types\/post"}],"author":[{"embeddable":true,"href":"https:\/\/www.tribunal-nature.org\/blog\/wp-json\/wp\/v2\/users\/3"}],"replies":[{"embeddable":true,"href":"https:\/\/www.tribunal-nature.org\/blog\/wp-json\/wp\/v2\/comments?post=147"}],"version-history":[{"count":0,"href":"https:\/\/www.tribunal-nature.org\/blog\/wp-json\/wp\/v2\/posts\/147\/revisions"}],"wp:featuredmedia":[{"embeddable":true,"href":"https:\/\/www.tribunal-nature.org\/blog\/wp-json\/wp\/v2\/media\/148"}],"wp:attachment":[{"href":"https:\/\/www.tribunal-nature.org\/blog\/wp-json\/wp\/v2\/media?parent=147"}],"wp:term":[{"taxonomy":"category","embeddable":true,"href":"https:\/\/www.tribunal-nature.org\/blog\/wp-json\/wp\/v2\/categories?post=147"},{"taxonomy":"post_tag","embeddable":true,"href":"https:\/\/www.tribunal-nature.org\/blog\/wp-json\/wp\/v2\/tags?post=147"}],"curies":[{"name":"wp","href":"https:\/\/api.w.org\/{rel}","templated":true}]}}