{"id":1469,"date":"2025-11-21T21:31:12","date_gmt":"2025-11-21T20:31:12","guid":{"rendered":"https:\/\/www.tribunal-nature.org\/blog\/audition-gendarmerie-quatre-personnes-en-detention-une-mere-de-famille-placee-sous-controle-judiciaire\/"},"modified":"2025-11-21T21:31:12","modified_gmt":"2025-11-21T20:31:12","slug":"audition-gendarmerie-quatre-personnes-en-detention-une-mere-de-famille-placee-sous-controle-judiciaire","status":"publish","type":"post","link":"https:\/\/www.tribunal-nature.org\/blog\/audition-gendarmerie-quatre-personnes-en-detention-une-mere-de-famille-placee-sous-controle-judiciaire\/","title":{"rendered":"Audition Gendarmerie; quatre personnes en d\u00e9tention, une m\u00e8re de famille plac\u00e9e sous contr\u00f4le judiciaire"},"content":{"rendered":"<div>\n<p>\nLe nouvel article, dont le titre est \u00ab\u00a0quatre personnes en d\u00e9tention, une m\u00e8re de famille plac\u00e9e sous contr\u00f4le judiciaire\u00a0\u00bb, vient d\u2019\u00eatre publi\u00e9. <\/p>\n<div data-testid=\"contenu-article\">\n<p>Mardi 18\u00a0novembre 2025, au petit matin, sur r\u00e9quisition du parquet de Poitiers, une vaste op\u00e9ration d\u2019interpellations a \u00e9t\u00e9 men\u00e9e par la gendarmerie \u00e0 Ch\u00e2tellerault, dans le cadre d\u2019une enqu\u00eate pour suspicion d\u2019un trafic de stup\u00e9fiants approvisionnant les communes limitrophes de la sous-pr\u00e9fecture du Nord-Vienne.<\/p>\n<aside class=\"block dfp blocDFP_dfpCLS__p919M blocDFP_In_Article_1_Height__JVzHJ  blocDFP_antiCrop__VeOe3\" aria-label=\"publicit\u00e9\"><\/aside>\n<p>\u00c0 6\u00a0h, dans cinq logements situ\u00e9s dans les quartiers de la Plaine d\u2019Ozon et du Paradis, au sud de la ville, six personnes ont \u00e9t\u00e9 interpell\u00e9es et plac\u00e9es en garde \u00e0 vue. L\u2019intervention a mobilis\u00e9 55 gendarmes, dont des \u00e9quipes cynophiles, le Peloton de surveillance et d\u2019intervention de la gendarmerie (Psig) de Ch\u00e2tellerault et le Peloton sp\u00e9cialis\u00e9 de protection de la gendarmerie (PSPG) de Civaux.<\/p>\n<h2 class=\"intertitre\">Proc\u00e8s renvoy\u00e9 au 23\u00a0janvier 2026<\/h2>\n<p>Apr\u00e8s plus de soixante-douze heures de garde \u00e0 vue, cinq pr\u00e9venus ont \u00e9t\u00e9 d\u00e9f\u00e9r\u00e9s au parquet, le sixi\u00e8me a \u00e9t\u00e9 mis hors de cause et rel\u00e2ch\u00e9.<\/p>\n<p><em>\u00ab\u00a0Les perquisitions r\u00e9alis\u00e9es \u00e0 leur domicile ont permis la saisie de plus de 11.000\u00a0\u20ac\u00a0en esp\u00e8ces, plusieurs dizaines de grammes de r\u00e9sine de cannabis et de coca\u00efne. Deux v\u00e9hicules ont \u00e9galement \u00e9t\u00e9 saisis. En parall\u00e8le, des perquisitions et des auditions de nombreux consommateurs ont \u00e9t\u00e9 effectu\u00e9es, mat\u00e9rialisation de la r\u00e9alit\u00e9 du trafic\u00a0\u00bb<\/em>, d\u00e9clare, vendredi 21\u00a0novembre, le commandant Julien Crochard, commandant de la compagnie de Ch\u00e2tellerault.<\/p>\n<aside class=\"block dfp blocDFP_dfpCLS__p919M blocDFP_In_Article_2_Height__CYspR  blocDFP_antiCrop__VeOe3\" aria-label=\"publicit\u00e9\"><\/aside>\n<p>Lors de leur pr\u00e9sentation devant le tribunal correctionnel de Poitiers, vendredi 21\u00a0novembre, les cinq pr\u00e9venus ont demand\u00e9 un d\u00e9lai pour pr\u00e9parer leur d\u00e9fense. Le proc\u00e8s au fond a \u00e9t\u00e9 renvoy\u00e9 au 23\u00a0janvier 2026. Les quatre hommes \u00e2g\u00e9s de 24 \u00e0 31\u00a0ans ont \u00e9t\u00e9 plac\u00e9s en d\u00e9tention provisoire dans l\u2019attente. Une femme, m\u00e8re de famille, poursuivie pour blanchiment d\u2019argent, a \u00e9t\u00e9 plac\u00e9e sous contr\u00f4le judiciaire.<\/p>\n<h2 class=\"intertitre\">Dix mois d\u2019enqu\u00eate<\/h2>\n<p>La gendarmerie pr\u00e9cise que l\u2019affaire avait commenc\u00e9 en janvier\u00a02025\u00a0: une enqu\u00eate pr\u00e9liminaire avait \u00e9t\u00e9 ouverte apr\u00e8s identification d\u2019un possible r\u00e9seau de trafic de stup\u00e9fiants dans la p\u00e9riph\u00e9rie de Ch\u00e2tellerault.<\/p>\n<p>Sous la direction du parquet de Poitiers, les enqu\u00eateurs de la communaut\u00e9 de brigades de Naintr\u00e9 et de la brigade de recherches de la compagnie de Ch\u00e2tellerault <em>\u00ab\u00a0ont r\u00e9alis\u00e9, pendant plusieurs mois, des investigations techniques et financi\u00e8res pouss\u00e9es\u00a0\u00bb<\/em>. Lesquelles ont donc d\u00e9bouch\u00e9 sur la vague d\u2019interpellations de mardi 18\u00a0novembre.<\/p>\n<\/div>\n<h2>Informations Utiles sur l\u2019Audition \u00e0 la Gendarmerie<\/h2>\n<h3>Est-il obligatoire d\u2019avoir un avocat lors de mon audition ?<\/h3>\n<p>Il est avis\u00e9 de solliciter l\u2019aide d\u2019un avocat pour vous assister et vous conseiller sur vos droits. La pr\u00e9sence d\u2019un avocat peut vous aider \u00e0 vous pr\u00e9parer pour l\u2019audition et \u00e0 renforcer votre assurance.<\/p>\n<h3>De quoi se compose un proc\u00e8s-verbal d\u2019audition ?<\/h3>\n<p>Un proc\u00e8s-verbal d\u2019audition inclut les d\u00e9clarations formul\u00e9es durant l\u2019entretien, les questions des enqu\u00eateurs et les r\u00e9ponses de la personne auditionn\u00e9e. Ce document est d\u2019une grande importance, car il sert de preuve dans le cadre de l\u2019enqu\u00eate et peut \u00eatre utilis\u00e9 dans des proc\u00e9dures judiciaires futures. \u00catre inform\u00e9 de ce qui est consign\u00e9 peut vous aider \u00e0 rester attentif pendant l\u2019audition et \u00e0 vous pr\u00e9parer \u00e0 d\u2019\u00e9ventuelles contestations ou pr\u00e9cisions n\u00e9cessaires par la suite.<\/p>\n<h3>Quelle est la vocation de la police judiciaire ?<\/h3>\n<p>La police judiciaire r\u00e9alise des enqu\u00eates sur des crimes et rassemble des \u00e9l\u00e9ments de preuve. Conna\u00eetre leur fonction peut vous permettre de mieux appr\u00e9hender le cadre de l\u2019audition.<\/p>\n<h3>Comment peut-on diff\u00e9rencier la police de la police judiciaire ?<\/h3>\n<p>La s\u00e9curit\u00e9 publique est la priorit\u00e9 de la police, tandis que la police judiciaire, comme la gendarmerie, se sp\u00e9cialise dans les enqu\u00eates sur les infractions. Avoir une bonne compr\u00e9hension de cette distinction peut enrichir votre appr\u00e9hension du cadre de votre audition.<\/p>\n<h3>Quelles mesures prendre si je suis consid\u00e9r\u00e9 comme suspect ?<\/h3>\n<p>Si vous \u00eates identifi\u00e9 comme suspect, il est primordial de consulter un avocat. \u00catre accompagn\u00e9 d\u2019un avocat peut vous aider \u00e0 comprendre les enjeux de votre situation et \u00e0 vous pr\u00e9parer correctement pour l\u2019audition. Cela vous aidera \u00e9galement \u00e0 reconna\u00eetre vos droits et \u00e0 vous d\u00e9fendre efficacement.<\/p>\n<h3>Quelle est la suite devant un juge apr\u00e8s l\u2019audition ?<\/h3>\n<p>\u00c0 l\u2019issue de l\u2019audition, le juge peut choisir la direction \u00e0 donner \u00e0 l\u2019affaire. Savoir ce qui peut se passer ensuite peut vous aider \u00e0 anticiper les \u00e9tapes suivantes.<\/p>\n<h3>Quels effets peut avoir une infraction qui n\u2019a pas \u00e9t\u00e9 signal\u00e9e ?<\/h3>\n<p>Omettre de d\u00e9clarer une infraction peut entra\u00eener des poursuites et des sanctions l\u00e9gales. Comprendre ces cons\u00e9quences peut vous pousser \u00e0 agir de fa\u00e7on responsable.<\/p>\n<h3>Quelle est la d\u00e9marche \u00e0 suivre si je suis convoqu\u00e9 en tant que t\u00e9moin ?<\/h3>\n<p>En tant que t\u00e9moin, vous \u00eates requis de vous rendre et vous pouvez \u00eatre amen\u00e9 \u00e0 r\u00e9pondre \u00e0 des questions sur les faits. Il est fondamental de savoir que vous avez des droits en tant que t\u00e9moin, ce qui peut vous assister dans votre pr\u00e9paration \u00e0 l\u2019audition.<\/p>\n<h3>Quels sont les droits qui me sont accord\u00e9s lors d\u2019une audition par la gendarmerie ?<\/h3>\n<p>Pendant une audition, il est crucial de conna\u00eetre vos droits, y compris le droit d\u2019\u00eatre inform\u00e9 des raisons de votre convocation, de garder le silence, et d\u2019avoir un avocat \u00e0 vos c\u00f4t\u00e9s. Il est fondamental que ces droits soient respect\u00e9s pour garantir votre protection et vous assister dans le processus.<\/p>\n<h3>Quelle l\u00e9gislation s\u2019applique aux auditions ?<\/h3>\n<p>Les modalit\u00e9s des auditions et des enqu\u00eates sont r\u00e9gies par le code de proc\u00e9dure p\u00e9nale. Ce cadre juridique \u00e9tablit les droits et devoirs des personnes auditionn\u00e9es, ainsi que les proc\u00e9dures \u00e0 suivre par les enqu\u00eateurs. Avoir une bonne compr\u00e9hension de ce code peut vous aider \u00e0 mieux saisir vos droits et \u00e0 vous pr\u00e9parer \u00e0 l\u2019audition.<\/p>\n<h3>Que faire si je ne peux pas \u00eatre pr\u00e9sent lors de l\u2019audition ?<\/h3>\n<p>Le fait de ne pas assister \u00e0 l\u2019audition peut entra\u00eener des cons\u00e9quences l\u00e9gales, comme des poursuites pour entrave. Il est vital de contacter la gendarmerie si vous avez un emp\u00eachement.<\/p>\n<h3>Quelle est la responsabilit\u00e9 d\u2019un officier de police judiciaire ?<\/h3>\n<p>Un officier de police judiciaire est responsable de la conduite des enqu\u00eates et de l\u2019interrogation des suspects. Conna\u00eetre leur fonction peut vous aider \u00e0 vous pr\u00e9parer efficacement \u00e0 l\u2019audition.<\/p>\n<h3>Quelle est la nature de la garde \u00e0 vue ?<\/h3>\n<p>\u00catre en garde \u00e0 vue signifie que vous \u00eates sous d\u00e9tention pour les besoins d\u2019une enqu\u00eate. Cela peut \u00eatre une p\u00e9riode stressante, et il est essentiel de conna\u00eetre vos droits dans cette situation.<\/p>\n<h3>Quelle est la proc\u00e9dure d\u2019une instruction judiciaire ?<\/h3>\n<p>Une instruction judiciaire correspond \u00e0 une \u00e9tape durant laquelle un juge examine une affaire criminelle. Avoir une vision claire de ce processus peut vous permettre de vous pr\u00e9parer \u00e0 des \u00e9tapes \u00e0 venir.<\/p>\n<h3>Quelles \u00e9tapes composent la proc\u00e9dure d\u2019audition ?<\/h3>\n<p>La proc\u00e9dure d\u2019audition englobe la convocation, l\u2019entretien et la cr\u00e9ation d\u2019un proc\u00e8s-verbal. Savoir comment se d\u00e9roulent ces \u00e9tapes peut vous aider \u00e0 vous pr\u00e9parer mentalement \u00e0 ce qui vous attend.<\/p>\n<h3>Quelle action entreprendre si je suis dans une situation particuli\u00e8re ?<\/h3>\n<p>Dans une situation particuli\u00e8re, il est sage de consulter un avocat pour des conseils appropri\u00e9s. Cela vous aidera \u00e0 traverser des situations difficiles et \u00e0 vous pr\u00e9parer pour l\u2019audition.<\/p>\n<h3>Comment se d\u00e9roule le processus d\u2019enqu\u00eate apr\u00e8s une audition ?<\/h3>\n<p>Des investigations suppl\u00e9mentaires peuvent \u00eatre men\u00e9es dans le cadre de l\u2019enqu\u00eate, en se basant sur les t\u00e9moignages recueillis. Avoir une id\u00e9e claire de son fonctionnement peut vous aider \u00e0 saisir l\u2019effet de votre audition sur l\u2019enqu\u00eate.<\/p>\n<h3>Quelle est la nature d\u2019une audition libre ?<\/h3>\n<p>Une audition libre est un entretien sans pression, o\u00f9 vous pouvez choisir de partir quand vous le souhaitez. Cela signifie que vous n\u2019\u00eates pas vu comme un suspect, ce qui peut all\u00e9ger le stress que vous ressentez.<\/p>\n<h3>O\u00f9 puis-je acc\u00e9der \u00e0 des informations sur mes droits ?<\/h3>\n<p>Des ressources sont disponibles sur des plateformes juridiques ou via des associations d\u2019entraide. Ces ressources peuvent vous aider \u00e0 mieux comprendre vos droits et \u00e0 vous pr\u00e9parer \u00e0 l\u2019audition.<\/p>\n<h3>Qui est habilit\u00e9 \u00e0 conduire une audition au sein de la gendarmerie ?<\/h3>\n<p>Les auditions sont r\u00e9alis\u00e9es par des officiers de police judiciaire (OPJ) ainsi que par des gendarmes. Avoir une id\u00e9e de qui vous interrogera peut vous permettre de mieux vous pr\u00e9parer mentalement \u00e0 l\u2019audition.<\/p>\n<h2>L\u2019essentiel \u00e0 savoir sur l\u2019audition en gendarmerie<\/h2>\n<p>L\u2019audition effectu\u00e9e par la gendarmerie constitue une phase essentielle d\u2019une enqu\u00eate. Elle peut impliquer des t\u00e9moins ou des individus suspect\u00e9s dans une affaire. Comprendre ce qu\u2019implique une audition, les types d\u2019auditions, et les lois qui les r\u00e9gissent est crucial pour faire face \u00e0 ce processus souvent \u00e9prouvant.<\/p>\n<h3>Entretien Volontaire<\/h3>\n<p>L\u2019audition libre se d\u00e9roule comme un \u00e9change o\u00f9 la personne est invit\u00e9e \u00e0 se manifester volontairement. Elle n\u2019est pas identifi\u00e9e comme suspecte et peut partir librement \u00e0 tout moment. Cependant, il est primordial de rappeler que m\u00eame dans ce cadre, la personne a des droits, y compris celui de se faire conseiller par un avocat. L\u2019audition libre est souvent sollicit\u00e9e pour obtenir des t\u00e9moignages ou des informations pr\u00e9liminaires.<\/p>\n<\/p>\n<h3>R\u00f4le d\u2019un Officier de Police Judiciaire et d\u2019un Agent de Police Judiciaire<\/h3>\n<p>Un OPJ est un agent de police form\u00e9 de mani\u00e8re sp\u00e9cifique et dot\u00e9 de comp\u00e9tences approfondies en enqu\u00eate. Il est en mesure de superviser des enqu\u00eates, d\u2019interroger des suspects et de r\u00e9diger des proc\u00e8s-verbaux. Un agent de police judiciaire peut \u00eatre un membre de la police ou de la gendarmerie qui assiste l\u2019OPJ dans ses missions. Bien que leurs r\u00f4les soient interconnect\u00e9s, l\u2019OPJ d\u00e9tient une autorit\u00e9 sup\u00e9rieure dans le cadre des enqu\u00eates judiciaires.<\/p>\n<h3>Les Processus Relatifs \u00e0 l\u2019Audition<\/h3>\n<p>En r\u00e8gle g\u00e9n\u00e9rale, une audition d\u00e9bute par une convocation. Cette convocation peut \u00eatre fournie par courrier ou remise directement \u00e0 l\u2019int\u00e9ress\u00e9. Lors de l\u2019audition, l\u2019agent de police judiciaire (OPJ) ou l\u2019agent de gendarmerie fait part du motif de l\u2019audition et des droits de l\u2019individu concern\u00e9. Il est crucial de se rappeler que, m\u00eame en tant que t\u00e9moin, vous disposez de droits, y compris le droit de ne pas r\u00e9pondre \u00e0 des questions qui pourraient vous compromettre.<\/p>\n<h3>Conseils pour Affronter une Audition \u00e0 la Gendarmerie<\/h3>\n<p>Il est conseill\u00e9 de vous pr\u00e9parer efficacement avant de vous rendre \u00e0 une audition. Soyez inform\u00e9 de vos droits et obligations, et envisagez de consulter un avocat pour vous accompagner. Cela peut vous aider \u00e0 minimiser l\u2019anxi\u00e9t\u00e9 et \u00e0 vous sentir plus s\u00fbr de vous pendant l\u2019audition.<\/p>\n<h3>Cons\u00e9quences sur le Dossier<\/h3>\n<p>Une audition non effectu\u00e9e peut aussi avoir des r\u00e9percussions n\u00e9gatives sur le dossier. Les renseignements que vous auriez pu communiquer pourraient \u00eatre essentiels pour l\u2019enqu\u00eate. Votre absence pourrait laisser des questions en suspens qui pourraient nuire \u00e0 votre position, que vous soyez t\u00e9moin ou suspect.<\/p>\n<h3>Droits et Normes<\/h3>\n<p>Les droits des personnes auditionn\u00e9es incluent le droit d\u2019avoir un avocat \u00e0 leurs c\u00f4t\u00e9s, le droit de ne pas parler, et le droit d\u2019\u00eatre inform\u00e9 des raisons de l\u2019audition. Toutefois, les obligations exigent que vous vous rendiez \u00e0 l\u2019audition et que vous r\u00e9pondiez aux questions pos\u00e9es, sauf si cela nuit \u00e0 vos droits.<\/p>\n<h3>Effets d\u2019une Audition Non Effectu\u00e9e<\/h3>\n<p>\u00c9viter une audition peut entra\u00eener des cons\u00e9quences sur le plan l\u00e9gal. Cela peut \u00eatre consid\u00e9r\u00e9 comme un refus de s\u2019associer avec les autorit\u00e9s, ce qui pourrait aggraver la situation. Les risques l\u00e9gaux encourus peuvent inclure des poursuites pour entrave \u00e0 la justice ou des sanctions administratives.<\/p>\n<h3>Divergence entre Police et Police Judiciaire<\/h3>\n<p>Il est important de faire la distinction entre la police et la police judiciaire. La police, en g\u00e9n\u00e9ral, a pour mission de veiller \u00e0 la s\u00e9curit\u00e9 publique et \u00e0 l\u2019ordre. \u00c0 l\u2019oppos\u00e9, la police judiciaire, qui inclut la gendarmerie, est charg\u00e9e de mener des enqu\u00eates sur des d\u00e9lits. Les OPJ ont des comp\u00e9tences sp\u00e9cifiques, telles que l\u2019interpellation de suspects et la r\u00e9alisation de perquisitions.<\/p>\n<h3>D\u00e9finition d\u2019une Audition ?<\/h3>\n<p>Une audition est un processus d\u2019interview formel r\u00e9alis\u00e9 par des agents de la gendarmerie ou de la police. Elle vise \u00e0 obtenir des renseignements sur des faits pouvant \u00eatre interpr\u00e9t\u00e9s comme une infraction. L\u2019audition peut se tenir dans le cadre d\u2019une enqu\u00eate pr\u00e9liminaire ou d\u2019une enqu\u00eate judiciaire. On distingue plusieurs types d\u2019auditions, parmi lesquels l\u2019audition libre, qui se d\u00e9roule sans contraintes, et l\u2019audition sous le r\u00e9gime de la garde \u00e0 vue, o\u00f9 la personne est enferm\u00e9e.<\/p>\n<p><strong>Les diverses hypoth\u00e8ses d\u2019audition \u00e0 la gendarmerie :<\/strong><\/p>\n<table border=\"2\" cellpadding=\"6\" cellspacing=\"1\">\n<thead>\n<tr>\n<th>Attribut\n<\/th>\n<th>Garde \u00e0 Vue\n<\/th>\n<th>Audition Libre\n<\/th>\n<\/tr>\n<\/thead>\n<tbody>\n<tr>\n<td>Droit \u00e0 la pr\u00e9sence d\u2019un avocat\n<\/td>\n<td>Oui\n<\/td>\n<td>Oui\n<\/td>\n<\/tr>\n<tr>\n<td>Dur\u00e9e maximale admise\n<\/td>\n<td>24 heures\n<\/td>\n<td>N\/A\n<\/td>\n<\/tr>\n<tr>\n<td>N\u00e9cessit\u00e9 de se pr\u00e9senter\n<\/td>\n<td>Oui\n<\/td>\n<td>Non\n<\/td>\n<\/tr>\n<tr>\n<td>Droit de ne pas s\u2019exprimer publiquement\n<\/td>\n<td>Oui\n<\/td>\n<td>Oui\n<\/td>\n<\/tr>\n<tr>\n<td>Interrogatoire forc\u00e9 par la contrainte\n<\/td>\n<td>Oui\n<\/td>\n<td>Non\n<\/td>\n<\/tr>\n<tr>\n<td>Libre de quitter \u00e0 tout moment\n<\/td>\n<td>Non\n<\/td>\n<td>Oui\n<\/td>\n<\/tr>\n<tr>\n<td>Acc\u00e8s aux \u00e9l\u00e9ments d\u2019information sur les charges\n<\/td>\n<td>Limit\u00e9\n<\/td>\n<td>Complet\n<\/td>\n<\/tr>\n<tr>\n<td>Possibilit\u00e9 de requ\u00e9rir des explications sur les droits\n<\/td>\n<td>Oui\n<\/td>\n<td>Oui\n<\/td>\n<\/tr>\n<tr>\n<td>Questions possibles sur des faits reconnus\n<\/td>\n<td>Oui\n<\/td>\n<td>Non\n<\/td>\n<\/tr>\n<tr>\n<td>Notification pour t\u00e9moigner\n<\/td>\n<td>Non\n<\/td>\n<td>Oui\n<\/td>\n<\/tr>\n<tr>\n<td>Peut \u00eatre r\u00e9it\u00e9r\u00e9e\n<\/td>\n<td>Oui\n<\/td>\n<td>N\/A\n<\/td>\n<\/tr>\n<tr>\n<td>Pas de restriction\n<\/td>\n<td>Non\n<\/td>\n<td>Oui<\/td>\n<\/tr>\n<\/tbody>\n<\/table>\n<\/div>\n","protected":false},"excerpt":{"rendered":"<p>Le nouvel article, dont le titre est \u00ab\u00a0quatre personnes en d\u00e9tention, une m\u00e8re de famille plac\u00e9e sous contr\u00f4le judiciaire\u00a0\u00bb, vient&#8230;<\/p>\n","protected":false},"author":3,"featured_media":0,"comment_status":"closed","ping_status":"closed","sticky":false,"template":"","format":"standard","meta":{"footnotes":""},"categories":[2],"tags":[],"class_list":["post-1469","post","type-post","status-publish","format-standard","hentry","category-droit-de-lenvironnement","wpcat-2-id"],"yoast_head":"<!-- This site is optimized with the Yoast SEO plugin v27.5 - https:\/\/yoast.com\/product\/yoast-seo-wordpress\/ -->\n<title>Audition Gendarmerie; quatre personnes en d\u00e9tention, une m\u00e8re de famille plac\u00e9e sous contr\u00f4le judiciaire - TRIBUNAL-NATURE<\/title>\n<meta name=\"description\" content=\"Audition Gendarmerie; quatre personnes en d\u00e9tention, une m\u00e8re de famille plac\u00e9e sous contr\u00f4le judiciaire article de TRIBUNAL-NATURE\" \/>\n<meta name=\"robots\" content=\"index, follow, max-snippet:-1, max-image-preview:large, max-video-preview:-1\" \/>\n<link rel=\"canonical\" href=\"https:\/\/www.tribunal-nature.org\/blog\/audition-gendarmerie-quatre-personnes-en-detention-une-mere-de-famille-placee-sous-controle-judiciaire\/\" \/>\n<meta property=\"og:locale\" content=\"fr_FR\" \/>\n<meta property=\"og:type\" content=\"article\" \/>\n<meta property=\"og:title\" content=\"Audition Gendarmerie; quatre personnes en d\u00e9tention, une m\u00e8re de famille plac\u00e9e sous contr\u00f4le judiciaire - TRIBUNAL-NATURE\" \/>\n<meta property=\"og:description\" content=\"Audition Gendarmerie; quatre personnes en d\u00e9tention, une m\u00e8re de famille plac\u00e9e sous contr\u00f4le judiciaire article de TRIBUNAL-NATURE\" \/>\n<meta property=\"og:url\" content=\"https:\/\/www.tribunal-nature.org\/blog\/audition-gendarmerie-quatre-personnes-en-detention-une-mere-de-famille-placee-sous-controle-judiciaire\/\" \/>\n<meta property=\"og:site_name\" content=\"TRIBUNAL-NATURE\" \/>\n<meta property=\"article:published_time\" content=\"2025-11-21T20:31:12+00:00\" \/>\n<meta name=\"author\" content=\"Isabelle LOUBEAU\" \/>\n<meta name=\"twitter:card\" content=\"summary_large_image\" \/>\n<meta name=\"twitter:label1\" content=\"\u00c9crit par\" \/>\n\t<meta name=\"twitter:data1\" content=\"Isabelle LOUBEAU\" \/>\n\t<meta name=\"twitter:label2\" content=\"Dur\u00e9e de lecture estim\u00e9e\" \/>\n\t<meta name=\"twitter:data2\" content=\"12 minutes\" \/>\n<script type=\"application\/ld+json\" class=\"yoast-schema-graph\">{\"@context\":\"https:\\\/\\\/schema.org\",\"@graph\":[{\"@type\":\"Article\",\"@id\":\"https:\\\/\\\/www.tribunal-nature.org\\\/blog\\\/audition-gendarmerie-quatre-personnes-en-detention-une-mere-de-famille-placee-sous-controle-judiciaire\\\/#article\",\"isPartOf\":{\"@id\":\"https:\\\/\\\/www.tribunal-nature.org\\\/blog\\\/audition-gendarmerie-quatre-personnes-en-detention-une-mere-de-famille-placee-sous-controle-judiciaire\\\/\"},\"author\":{\"name\":\"Isabelle LOUBEAU\",\"@id\":\"https:\\\/\\\/www.tribunal-nature.org\\\/blog\\\/#\\\/schema\\\/person\\\/55761caf7544da6b05b60523f2a0855f\"},\"headline\":\"Audition Gendarmerie; quatre personnes en d\u00e9tention, une m\u00e8re de famille plac\u00e9e sous contr\u00f4le judiciaire\",\"datePublished\":\"2025-11-21T20:31:12+00:00\",\"mainEntityOfPage\":{\"@id\":\"https:\\\/\\\/www.tribunal-nature.org\\\/blog\\\/audition-gendarmerie-quatre-personnes-en-detention-une-mere-de-famille-placee-sous-controle-judiciaire\\\/\"},\"wordCount\":2352,\"publisher\":{\"@id\":\"https:\\\/\\\/www.tribunal-nature.org\\\/blog\\\/#organization\"},\"articleSection\":[\"Droit De L'Environnement:\"],\"inLanguage\":\"fr-FR\"},{\"@type\":\"WebPage\",\"@id\":\"https:\\\/\\\/www.tribunal-nature.org\\\/blog\\\/audition-gendarmerie-quatre-personnes-en-detention-une-mere-de-famille-placee-sous-controle-judiciaire\\\/\",\"url\":\"https:\\\/\\\/www.tribunal-nature.org\\\/blog\\\/audition-gendarmerie-quatre-personnes-en-detention-une-mere-de-famille-placee-sous-controle-judiciaire\\\/\",\"name\":\"Audition Gendarmerie; quatre personnes en d\u00e9tention, une m\u00e8re de famille plac\u00e9e sous contr\u00f4le judiciaire - TRIBUNAL-NATURE\",\"isPartOf\":{\"@id\":\"https:\\\/\\\/www.tribunal-nature.org\\\/blog\\\/#website\"},\"datePublished\":\"2025-11-21T20:31:12+00:00\",\"description\":\"Audition Gendarmerie; quatre personnes en d\u00e9tention, une m\u00e8re de famille plac\u00e9e sous contr\u00f4le judiciaire article de TRIBUNAL-NATURE\",\"breadcrumb\":{\"@id\":\"https:\\\/\\\/www.tribunal-nature.org\\\/blog\\\/audition-gendarmerie-quatre-personnes-en-detention-une-mere-de-famille-placee-sous-controle-judiciaire\\\/#breadcrumb\"},\"inLanguage\":\"fr-FR\",\"potentialAction\":[{\"@type\":\"ReadAction\",\"target\":[\"https:\\\/\\\/www.tribunal-nature.org\\\/blog\\\/audition-gendarmerie-quatre-personnes-en-detention-une-mere-de-famille-placee-sous-controle-judiciaire\\\/\"]}]},{\"@type\":\"BreadcrumbList\",\"@id\":\"https:\\\/\\\/www.tribunal-nature.org\\\/blog\\\/audition-gendarmerie-quatre-personnes-en-detention-une-mere-de-famille-placee-sous-controle-judiciaire\\\/#breadcrumb\",\"itemListElement\":[{\"@type\":\"ListItem\",\"position\":1,\"name\":\"Accueil\",\"item\":\"https:\\\/\\\/www.tribunal-nature.org\\\/blog\\\/\"},{\"@type\":\"ListItem\",\"position\":2,\"name\":\"Audition Gendarmerie; quatre personnes en d\u00e9tention, une m\u00e8re de famille plac\u00e9e sous contr\u00f4le judiciaire\"}]},{\"@type\":\"WebSite\",\"@id\":\"https:\\\/\\\/www.tribunal-nature.org\\\/blog\\\/#website\",\"url\":\"https:\\\/\\\/www.tribunal-nature.org\\\/blog\\\/\",\"name\":\"TRIBUNAL-NATURE\",\"description\":\"Droit De L&#039;Environnement.\",\"publisher\":{\"@id\":\"https:\\\/\\\/www.tribunal-nature.org\\\/blog\\\/#organization\"},\"potentialAction\":[{\"@type\":\"SearchAction\",\"target\":{\"@type\":\"EntryPoint\",\"urlTemplate\":\"https:\\\/\\\/www.tribunal-nature.org\\\/blog\\\/?s={search_term_string}\"},\"query-input\":{\"@type\":\"PropertyValueSpecification\",\"valueRequired\":true,\"valueName\":\"search_term_string\"}}],\"inLanguage\":\"fr-FR\"},{\"@type\":\"Organization\",\"@id\":\"https:\\\/\\\/www.tribunal-nature.org\\\/blog\\\/#organization\",\"name\":\"tribunal-nature\",\"url\":\"https:\\\/\\\/www.tribunal-nature.org\\\/blog\\\/\",\"logo\":{\"@type\":\"ImageObject\",\"inLanguage\":\"fr-FR\",\"@id\":\"https:\\\/\\\/www.tribunal-nature.org\\\/blog\\\/#\\\/schema\\\/logo\\\/image\\\/\",\"url\":\"https:\\\/\\\/www.tribunal-nature.org\\\/blog\\\/wp-content\\\/uploads\\\/2022\\\/05\\\/logo-2.png\",\"contentUrl\":\"https:\\\/\\\/www.tribunal-nature.org\\\/blog\\\/wp-content\\\/uploads\\\/2022\\\/05\\\/logo-2.png\",\"width\":180,\"height\":180,\"caption\":\"tribunal-nature\"},\"image\":{\"@id\":\"https:\\\/\\\/www.tribunal-nature.org\\\/blog\\\/#\\\/schema\\\/logo\\\/image\\\/\"}},{\"@type\":\"Person\",\"@id\":\"https:\\\/\\\/www.tribunal-nature.org\\\/blog\\\/#\\\/schema\\\/person\\\/55761caf7544da6b05b60523f2a0855f\",\"name\":\"Isabelle LOUBEAU\",\"image\":{\"@type\":\"ImageObject\",\"inLanguage\":\"fr-FR\",\"@id\":\"https:\\\/\\\/secure.gravatar.com\\\/avatar\\\/b6912620aca78633bf5d50400888815d3b38a1118e82b94050843f411f3f5972?s=96&d=mm&r=g\",\"url\":\"https:\\\/\\\/secure.gravatar.com\\\/avatar\\\/b6912620aca78633bf5d50400888815d3b38a1118e82b94050843f411f3f5972?s=96&d=mm&r=g\",\"contentUrl\":\"https:\\\/\\\/secure.gravatar.com\\\/avatar\\\/b6912620aca78633bf5d50400888815d3b38a1118e82b94050843f411f3f5972?s=96&d=mm&r=g\",\"caption\":\"Isabelle LOUBEAU\"},\"url\":\"https:\\\/\\\/www.tribunal-nature.org\\\/blog\\\/author\\\/ureisabelle\\\/\"}]}<\/script>\n<!-- \/ Yoast SEO plugin. -->","yoast_head_json":{"title":"Audition Gendarmerie; quatre personnes en d\u00e9tention, une m\u00e8re de famille plac\u00e9e sous contr\u00f4le judiciaire - TRIBUNAL-NATURE","description":"Audition Gendarmerie; quatre personnes en d\u00e9tention, une m\u00e8re de famille plac\u00e9e sous contr\u00f4le judiciaire article de TRIBUNAL-NATURE","robots":{"index":"index","follow":"follow","max-snippet":"max-snippet:-1","max-image-preview":"max-image-preview:large","max-video-preview":"max-video-preview:-1"},"canonical":"https:\/\/www.tribunal-nature.org\/blog\/audition-gendarmerie-quatre-personnes-en-detention-une-mere-de-famille-placee-sous-controle-judiciaire\/","og_locale":"fr_FR","og_type":"article","og_title":"Audition Gendarmerie; quatre personnes en d\u00e9tention, une m\u00e8re de famille plac\u00e9e sous contr\u00f4le judiciaire - TRIBUNAL-NATURE","og_description":"Audition Gendarmerie; quatre personnes en d\u00e9tention, une m\u00e8re de famille plac\u00e9e sous contr\u00f4le judiciaire article de TRIBUNAL-NATURE","og_url":"https:\/\/www.tribunal-nature.org\/blog\/audition-gendarmerie-quatre-personnes-en-detention-une-mere-de-famille-placee-sous-controle-judiciaire\/","og_site_name":"TRIBUNAL-NATURE","article_published_time":"2025-11-21T20:31:12+00:00","author":"Isabelle LOUBEAU","twitter_card":"summary_large_image","twitter_misc":{"\u00c9crit par":"Isabelle LOUBEAU","Dur\u00e9e de lecture estim\u00e9e":"12 minutes"},"schema":{"@context":"https:\/\/schema.org","@graph":[{"@type":"Article","@id":"https:\/\/www.tribunal-nature.org\/blog\/audition-gendarmerie-quatre-personnes-en-detention-une-mere-de-famille-placee-sous-controle-judiciaire\/#article","isPartOf":{"@id":"https:\/\/www.tribunal-nature.org\/blog\/audition-gendarmerie-quatre-personnes-en-detention-une-mere-de-famille-placee-sous-controle-judiciaire\/"},"author":{"name":"Isabelle LOUBEAU","@id":"https:\/\/www.tribunal-nature.org\/blog\/#\/schema\/person\/55761caf7544da6b05b60523f2a0855f"},"headline":"Audition Gendarmerie; quatre personnes en d\u00e9tention, une m\u00e8re de famille plac\u00e9e sous contr\u00f4le judiciaire","datePublished":"2025-11-21T20:31:12+00:00","mainEntityOfPage":{"@id":"https:\/\/www.tribunal-nature.org\/blog\/audition-gendarmerie-quatre-personnes-en-detention-une-mere-de-famille-placee-sous-controle-judiciaire\/"},"wordCount":2352,"publisher":{"@id":"https:\/\/www.tribunal-nature.org\/blog\/#organization"},"articleSection":["Droit De L'Environnement:"],"inLanguage":"fr-FR"},{"@type":"WebPage","@id":"https:\/\/www.tribunal-nature.org\/blog\/audition-gendarmerie-quatre-personnes-en-detention-une-mere-de-famille-placee-sous-controle-judiciaire\/","url":"https:\/\/www.tribunal-nature.org\/blog\/audition-gendarmerie-quatre-personnes-en-detention-une-mere-de-famille-placee-sous-controle-judiciaire\/","name":"Audition Gendarmerie; quatre personnes en d\u00e9tention, une m\u00e8re de famille plac\u00e9e sous contr\u00f4le judiciaire - TRIBUNAL-NATURE","isPartOf":{"@id":"https:\/\/www.tribunal-nature.org\/blog\/#website"},"datePublished":"2025-11-21T20:31:12+00:00","description":"Audition Gendarmerie; quatre personnes en d\u00e9tention, une m\u00e8re de famille plac\u00e9e sous contr\u00f4le judiciaire article de TRIBUNAL-NATURE","breadcrumb":{"@id":"https:\/\/www.tribunal-nature.org\/blog\/audition-gendarmerie-quatre-personnes-en-detention-une-mere-de-famille-placee-sous-controle-judiciaire\/#breadcrumb"},"inLanguage":"fr-FR","potentialAction":[{"@type":"ReadAction","target":["https:\/\/www.tribunal-nature.org\/blog\/audition-gendarmerie-quatre-personnes-en-detention-une-mere-de-famille-placee-sous-controle-judiciaire\/"]}]},{"@type":"BreadcrumbList","@id":"https:\/\/www.tribunal-nature.org\/blog\/audition-gendarmerie-quatre-personnes-en-detention-une-mere-de-famille-placee-sous-controle-judiciaire\/#breadcrumb","itemListElement":[{"@type":"ListItem","position":1,"name":"Accueil","item":"https:\/\/www.tribunal-nature.org\/blog\/"},{"@type":"ListItem","position":2,"name":"Audition Gendarmerie; quatre personnes en d\u00e9tention, une m\u00e8re de famille plac\u00e9e sous contr\u00f4le judiciaire"}]},{"@type":"WebSite","@id":"https:\/\/www.tribunal-nature.org\/blog\/#website","url":"https:\/\/www.tribunal-nature.org\/blog\/","name":"TRIBUNAL-NATURE","description":"Droit De L&#039;Environnement.","publisher":{"@id":"https:\/\/www.tribunal-nature.org\/blog\/#organization"},"potentialAction":[{"@type":"SearchAction","target":{"@type":"EntryPoint","urlTemplate":"https:\/\/www.tribunal-nature.org\/blog\/?s={search_term_string}"},"query-input":{"@type":"PropertyValueSpecification","valueRequired":true,"valueName":"search_term_string"}}],"inLanguage":"fr-FR"},{"@type":"Organization","@id":"https:\/\/www.tribunal-nature.org\/blog\/#organization","name":"tribunal-nature","url":"https:\/\/www.tribunal-nature.org\/blog\/","logo":{"@type":"ImageObject","inLanguage":"fr-FR","@id":"https:\/\/www.tribunal-nature.org\/blog\/#\/schema\/logo\/image\/","url":"https:\/\/www.tribunal-nature.org\/blog\/wp-content\/uploads\/2022\/05\/logo-2.png","contentUrl":"https:\/\/www.tribunal-nature.org\/blog\/wp-content\/uploads\/2022\/05\/logo-2.png","width":180,"height":180,"caption":"tribunal-nature"},"image":{"@id":"https:\/\/www.tribunal-nature.org\/blog\/#\/schema\/logo\/image\/"}},{"@type":"Person","@id":"https:\/\/www.tribunal-nature.org\/blog\/#\/schema\/person\/55761caf7544da6b05b60523f2a0855f","name":"Isabelle LOUBEAU","image":{"@type":"ImageObject","inLanguage":"fr-FR","@id":"https:\/\/secure.gravatar.com\/avatar\/b6912620aca78633bf5d50400888815d3b38a1118e82b94050843f411f3f5972?s=96&d=mm&r=g","url":"https:\/\/secure.gravatar.com\/avatar\/b6912620aca78633bf5d50400888815d3b38a1118e82b94050843f411f3f5972?s=96&d=mm&r=g","contentUrl":"https:\/\/secure.gravatar.com\/avatar\/b6912620aca78633bf5d50400888815d3b38a1118e82b94050843f411f3f5972?s=96&d=mm&r=g","caption":"Isabelle LOUBEAU"},"url":"https:\/\/www.tribunal-nature.org\/blog\/author\/ureisabelle\/"}]}},"_links":{"self":[{"href":"https:\/\/www.tribunal-nature.org\/blog\/wp-json\/wp\/v2\/posts\/1469","targetHints":{"allow":["GET"]}}],"collection":[{"href":"https:\/\/www.tribunal-nature.org\/blog\/wp-json\/wp\/v2\/posts"}],"about":[{"href":"https:\/\/www.tribunal-nature.org\/blog\/wp-json\/wp\/v2\/types\/post"}],"author":[{"embeddable":true,"href":"https:\/\/www.tribunal-nature.org\/blog\/wp-json\/wp\/v2\/users\/3"}],"replies":[{"embeddable":true,"href":"https:\/\/www.tribunal-nature.org\/blog\/wp-json\/wp\/v2\/comments?post=1469"}],"version-history":[{"count":0,"href":"https:\/\/www.tribunal-nature.org\/blog\/wp-json\/wp\/v2\/posts\/1469\/revisions"}],"wp:attachment":[{"href":"https:\/\/www.tribunal-nature.org\/blog\/wp-json\/wp\/v2\/media?parent=1469"}],"wp:term":[{"taxonomy":"category","embeddable":true,"href":"https:\/\/www.tribunal-nature.org\/blog\/wp-json\/wp\/v2\/categories?post=1469"},{"taxonomy":"post_tag","embeddable":true,"href":"https:\/\/www.tribunal-nature.org\/blog\/wp-json\/wp\/v2\/tags?post=1469"}],"curies":[{"name":"wp","href":"https:\/\/api.w.org\/{rel}","templated":true}]}}