{"id":1463,"date":"2025-11-18T18:09:10","date_gmt":"2025-11-18T17:09:10","guid":{"rendered":"https:\/\/www.tribunal-nature.org\/blog\/avocat-le-prestige-social-de-la-profession-davocat\/"},"modified":"2025-11-18T18:09:10","modified_gmt":"2025-11-18T17:09:10","slug":"avocat-le-prestige-social-de-la-profession-davocat","status":"publish","type":"post","link":"https:\/\/www.tribunal-nature.org\/blog\/avocat-le-prestige-social-de-la-profession-davocat\/","title":{"rendered":"Avocat; Le prestige social de la profession d\u2019avocat."},"content":{"rendered":"<div><img width=\"483\" height=\"322\" src=\"https:\/\/www.tribunal-nature.org\/blog\/wp-content\/uploads\/2025\/11\/Avocat-Le-prestige-social-de-la-profession-davocat.png\" class=\"attachment-large size-large wp-post-image\" alt=\"\" style=\"width:100%;height:66.67%;max-width:483px;float:left; margin:0 15px 15px 0;\" decoding=\"async\" srcset=\"https:\/\/www.tribunal-nature.org\/blog\/wp-content\/uploads\/2025\/11\/Avocat-Le-prestige-social-de-la-profession-davocat.png 483w, https:\/\/www.site.cdcl.xyz\/wp-content\/uploads\/2025\/11\/Avocat-Le-prestige-social-de-la-profession-davocat-300x200.png 300w\" sizes=\"(max-width: 483px) 100vw, 483px\"><\/p>\n<p>\nLe titre \u00ab\u00a0Le prestige social de la profession d\u2019avocat.\u00a0\u00bb correspond \u00e0 un article qui vient d\u2019\u00eatre publi\u00e9. <\/p>\n<div style=\"word-wrap:break-word;\">\n<p><strong>Quelles sont les causes de ce discr\u00e9dit\u00a0? Et quelles solutions pouvons-nous appliquer\u00a0?<\/strong><\/p>\n<h3 class=\"spip\">Saturation du march\u00e9. <\/h3>\n<p>En France, il y a probablement plus d\u2019avocats que de demande r\u00e9elle de services juridiques. Ce d\u00e9s\u00e9quilibre favorise la concurrence d\u00e9loyale, la pr\u00e9carisation et une perception sociale de moindre valeur professionnelle.<\/p>\n<h3 class=\"spip\">M\u00e9fiance envers le syst\u00e8me judiciaire.<\/h3>\n<p>Lorsque les citoyens per\u00e7oivent \u2013\u202fvrai ou non \u2013 la lenteur, le manque de transparence ou la corruption du syst\u00e8me judiciaire, cette m\u00e9fiance tend \u00e0 s\u2019\u00e9tendre aux autres acteurs juridiques, en particulier aux avocats. L\u2019image de l\u2019avocat est ainsi contamin\u00e9e par la perception globale du syst\u00e8me.<\/p>\n<h3 class=\"spip\">Manque de diff\u00e9renciation professionnelle.<\/h3>\n<p>Trop d\u2019avocats offrent des services similaires, sans marque personnelle claire, sans sp\u00e9cialisation visible ni comp\u00e9tences acquises dans la \u00ab\u00a0<i>vente<\/i>\u00a0\u00bb des services par la confiance. Ce manque de diff\u00e9renciation conduit de nombreux clients \u00e0 percevoir les avocats et leurs cabinets comme interchangeables, ce qui les incite \u00e0 marchander ou \u00e0 r\u00e9duire les honoraires. Ce ph\u00e9nom\u00e8ne fr\u00e9quent et d\u00e9motivant frustre de nombreux avocats et \u00e9rode la dignit\u00e9 professionnelle.<\/p>\n<h3 class=\"spip\">\u00c9volution des attentes des clients.<\/h3>\n<p>Aujourd\u2019hui, les clients valorisent autant l\u2019empathie, la communication et l\u2019orientation vers les r\u00e9sultats que la connaissance technique. Il ne suffit plus de conna\u00eetre le droit\u00a0: il faut savoir \u00e9couter vraiment, accompagner et inspirer confiance. Tous les avocats ne se sont pas adapt\u00e9s \u00e0 cette nouvelle culture de service.<\/p>\n<h3 class=\"spip\">Concurrence.<\/h3>\n<p>Dans certains domaines, d\u2019autres professionnels ont occup\u00e9, ou occupent, des espaces autrefois r\u00e9serv\u00e9s aux avocats. Le march\u00e9 n\u2019est plus exclusif, ce qui exige une r\u00e9ponse intelligente fond\u00e9e sur la sp\u00e9cialisation et la valeur diff\u00e9rentielle.<\/p>\n<h3 class=\"spip\">\u00c9go\u00efsme et manque de solidarit\u00e9.<\/h3>\n<p>Certains avocats privil\u00e9gient leurs int\u00e9r\u00eats personnels au d\u00e9triment de l\u2019image collective de la profession. Ce comportement individualiste nuit \u00e0 tous. Pr\u00eater serment \u00e0 un code de d\u00e9ontologie est facile\u00a0; le respecter en est une autre. Il serait donc raisonnable de mettre en place un processus de s\u00e9lection plus rigoureux pour acc\u00e9der \u00e0 la profession, en prenant \u00e9galement en compte le profil \u00e9thique et psychologique du candidat.<\/p>\n<p>De plus, la formation aux valeurs professionnelles et aux comportements \u00e9thiques concrets devrait \u00eatre obligatoire, et non simplement suppos\u00e9e. Il ne suffit pas de pr\u00eater serment \u00e0 des principes\u00a0: il faut les comprendre, les int\u00e9rioriser et les pratiquer. D\u00e8s 2007, nous avons propos\u00e9 une formation sp\u00e9cifique en ce sens, dans le cadre d\u2019un projet directement li\u00e9 au sujet que nous abordons aujourd\u2019hui.<\/p>\n<h3 class=\"spip\">Absence d\u2019une strat\u00e9gie globale de positionnement social de la \u00ab\u00a0<i>marque avocat<\/i>\u202f\u00a0\u00bb.<\/h3>\n<p>Sans strat\u00e9gie, on ne va pas loin. Paradoxalement, les avocats et les cabinets \u00e9laborent des strat\u00e9gies pour leurs clients, mais rarement pour eux-m\u00eames. Ce manque de planification touche \u00e9galement les barreaux, qui, pendant des ann\u00e9es, ont confi\u00e9 le positionnement social de la profession \u00e0 la publicit\u00e9 traditionnelle (annonces, campagnes) plut\u00f4t qu\u2019\u00e0 une strat\u00e9gie globale de marketing juridique, ou mieux encore, de marketing social.<\/p>\n<p>Le positionnement de la marque avocat n\u2019est pas une question d\u2019image superficielle\u00a0: c\u2019est une cause sociale, une contribution directe au renforcement du syst\u00e8me d\u00e9mocratique.<\/p>\n<p>Confier la promotion uniquement \u00e0 la publicit\u00e9 est confortable, mais inefficace. Cela justifie l\u2019investissement aupr\u00e8s du collectif, mais ne g\u00e9n\u00e8re pas de r\u00e9sultats durables. La publicit\u00e9 affirme que \u00ab\u00a0<i>nous savons\u202f<\/i>\u00a0\u00bb, alors que ce qui est r\u00e9ellement n\u00e9cessaire, c\u2019est de d\u00e9montrer que nous savons, que nous sommes le bon choix pour les entreprises, les organisations et les particuliers.<\/p>\n<p>En d\u00e9finitive,<strong>il serait souhaitable de cesser de bl\u00e2mer les circonstances du discr\u00e9dit de la profession et d\u2019assumer la responsabilit\u00e9 de cr\u00e9er les n\u00f4tres<\/strong>. La profession juridique a entre ses mains la possibilit\u00e9, et le devoir, de red\u00e9finir son r\u00f4le social. C\u2019est un d\u00e9fi qui exige du leadership, une vision strat\u00e9gique et une conviction profonde\u00a0: celle que le bon avocat ne d\u00e9fend pas seulement des int\u00e9r\u00eats particuliers, mais qu\u2019il soutient \u00e9galement, par son prestige et sa conduite, les piliers m\u00eames de la justice et de la d\u00e9mocratie.<\/p>\n<\/div>\n<h2>FAQ pour les personnes en qu\u00eate d\u2019un avocat en droit p\u00e9nal<\/h2>\n<h3>Quelles sont les possibilit\u00e9s de b\u00e9n\u00e9ficier d\u2019une consultation gratuite ?<\/h3>\n<p>Plusieurs avocats offrent des consultations sans frais pour discuter de votre situation initiale. Cela vous permet de d\u00e9terminer si l\u2019avocat est adapt\u00e9 \u00e0 vos besoins sans engagement financier. Informez-vous sur les services en ligne qui facilitent ces consultations.<\/p>\n<\/p>\n<h3>Comment identifier un avocat qualifi\u00e9 en droit p\u00e9nal ?<\/h3>\n<p>Pour d\u00e9couvrir un avocat ayant une pratique dans des cas comparables \u00e0 votre affaire, <a target=\"_blank\" rel=\"nofollow\" href=\"https:\/\/www.tribunal-nature.org\/blog\/goto\/https:\/\/www.courtier-avocat-strategie-tribunal-judiciaire.fr\/avocat-penal\/\"  rel=\"noopener noreferrer\" target=\"blank\">vous avez la possibilit\u00e9 de faire appel \u00e0 ce service de courtier<\/a>.<\/p>\n<p>Afin de choisir un avocat comp\u00e9tent en droit p\u00e9nal, il est important de respecter certaines \u00e9tapes cl\u00e9s. Tout d\u2019abord, examinez les qualifications de l\u2019avocat en vous assurant qu\u2019il poss\u00e8de une exp\u00e9rience significative dans le domaine de le droit p\u00e9nal et qu\u2019il fait partie d\u2019un cabinet respect\u00e9, ce qui prouve sa comp\u00e9tence. Puis, v\u00e9rifiez les avis en recherchant des t\u00e9moignages de clients pr\u00e9c\u00e9dents afin d\u2019\u00e9valuer la qualit\u00e9 du service et le taux de satisfaction. Il est conseill\u00e9 de rencontrer plusieurs avocats en organisant des consultations pour aborder votre projet, ce qui vous donnera l\u2019occasion d\u2019\u00e9valuer la compr\u00e9hension et l\u2019approche de chacun. En conclusion, il est important de discuter des honoraires en vous renseignant sur les tarifs et les modalit\u00e9s de paiement, car certains avocats offrent des consultations gratuites pour analyser votre situation, ce qui peut \u00eatre un bon point de d\u00e9part.<\/p>\n<p><strong>Classement des avocats virtuels :<\/strong><\/p>\n<table border=\"1\" cellpadding=\"8\" cellspacing=\"2\">\n<thead>\n<tr>\n<th>Service propos\u00e9\n<\/th>\n<th>Processus op\u00e9rationnel\n<\/th>\n<th>Prix appliqu\u00e9s\n<\/th>\n<th>Avantages\n<\/th>\n<th>Limitations\n<\/th>\n<\/tr>\n<\/thead>\n<tbody>\n<tr>\n<td>CASTJ\n<\/td>\n<td>Service gratuit \u2014 interaction humaine et IA pour une premi\u00e8re orientation en droit\n<\/td>\n<td>Co\u00fbt nul\n<\/td>\n<td>Guidance instantan\u00e9e, combinaison d\u2019IA et de juriste\n<\/td>\n<td>Service en forte dynamique offrant un accompagnement plus large dans le parcours judiciaire\n<\/td>\n<\/tr>\n<tr>\n<td>Juri-Legal\n<\/td>\n<td>Consultation d\u2019avocat (par t\u00e9l\u00e9phone, chat, visioconf\u00e9rence) \u2014 tarif calcul\u00e9 \u00e0 la minute\n<\/td>\n<td>Co\u00fbt ajustable en fonction de l\u2019avocat (prix \u00e0 la minute)\n<\/td>\n<td>Libert\u00e9 : choix de l\u2019avocat, paiement selon le temps r\u00e9ellement engag\u00e9\n<\/td>\n<td>Plateforme en d\u00e9clin : nombre restreint d\u2019avocats en ligne, fonctionnalit\u00e9s surtout \u00e0 des fins de d\u00e9monstration\n<\/td>\n<\/tr>\n<tr>\n<td>Juste un Renseignement\n<\/td>\n<td>Juriste ind\u00e9pendant \u2014 aide rapide en ligne\n<\/td>\n<td>Tarification d\u00e9couverte \u00e0 30 \u20ac ; ensuite 20 \u20ac pour 15 minutes ou 120 \u20ac de l\u2019heure selon le service demand\u00e9\n<\/td>\n<td>Parfait pour un conseil rapide et facilement accessible\n<\/td>\n<td>Assistance limit\u00e9e pour les dossiers compliqu\u00e9s\n<\/td>\n<\/tr>\n<tr>\n<td>VotreJuriste\n<\/td>\n<td>Site de recherche de clients \u2014 planification de rendez-vous en ligne avec gestion administrative\n<\/td>\n<td>75 \u20ac TTC (consultation t\u00e9l\u00e9phonique confirm\u00e9e)\n<\/td>\n<td>Prix indiqu\u00e9, r\u00e9servation sur le site\n<\/td>\n<td>Organisation difficile \u00e0 comprendre : back office unique, adresse et structure peu claires\n<\/td>\n<\/tr>\n<tr>\n<td>Avocats-en-ligne\n<\/td>\n<td>R\u00e9servation d\u2019un rendez-vous avec un avocat (r\u00e9ponse en ligne pas imm\u00e9diate)\n<\/td>\n<td>Tarif promotionnel : 39 \u20ac TTC pour une consultation d\u2019environ 20 minutes\n<\/td>\n<td>Prix d\u2019appel d\u00e9fini, couverture vari\u00e9e de domaines\n<\/td>\n<td>Pas de r\u00e9ponse rapide sur internet \u2014 rendez-vous \u00e0 \u00e9tablir\n<\/td>\n<\/tr>\n<tr>\n<td>Juriclic.net\n<\/td>\n<td>R\u00e9servation de consultations avec avocats\/juristes, plusieurs choix offerts\n<\/td>\n<td>Formules propos\u00e9es : 25 \u20ac, 30 \u20ac ou 45 \u20ac en fonction de la prestation\n<\/td>\n<td>Tarifs comp\u00e9titifs et options diversifi\u00e9es\n<\/td>\n<td>R\u00e9ponse en ligne non instantan\u00e9e \u2014 consultations sur rendez-vous uniquement<\/td>\n<\/tr>\n<\/tbody>\n<\/table>\n<h3>Que faire si je ne discerne pas les cons\u00e9quences l\u00e9gales de ma situation ?<\/h3>\n<p>Il est tout \u00e0 fait compr\u00e9hensible de se sentir d\u00e9sorient\u00e9 devant des probl\u00e9matiques juridiques compliqu\u00e9es. N\u2019h\u00e9sitez pas \u00e0 poser des interrogations pour mieux comprendre lors de votre entretien. Un avocat efficace prendra le temps de clarifier les implications de votre situation pour vous.<\/p>\n<h3>Quels \u00e9l\u00e9ments doivent \u00eatre consid\u00e9r\u00e9s pour \u00e9valuer un avocat en droit p\u00e9nal ?<\/h3>\n<p>Un avocat en droit p\u00e9nal est pr\u00e9sent dans divers champs d\u2019action :<\/p>\n<ul>\n<li>Repr\u00e9sentation dans des litiges li\u00e9s \u00e0 le droit p\u00e9nal ;\n<\/li>\n<li>Conseil sur les infrastructures publiques ;\n<\/li>\n<li>R\u00e9daction de recours en annulation ;\n<\/li>\n<li>R\u00e9daction de conventions d\u2019am\u00e9nagement ;\n<\/li>\n<li>Assistance dans des projets de transport public.<\/li>\n<\/ul>\n<p>La satisfaction d\u2019un avocat n\u2019est jamais garantie, mais voici les points \u00e0 v\u00e9rifier pour att\u00e9nuer les risques. En premier lieu, v\u00e9rifiez les qualifications de l\u2019avocat en vous assurant qu\u2019il a une exp\u00e9rience substantielle dans le domaine de le droit p\u00e9nal et qu\u2019il est membre d\u2019un cabinet r\u00e9put\u00e9, ce qui atteste de sa comp\u00e9tence. Ensuite, examinez les avis en cherchant des t\u00e9moignages de clients ant\u00e9rieurs pour \u00e9valuer la qualit\u00e9 du service et le niveau de satisfaction. Il est recommand\u00e9 de rencontrer plusieurs avocats en planifiant des consultations pour parler de votre projet, ce qui vous aidera \u00e0 \u00e9valuer la compr\u00e9hension et l\u2019approche de chacun. En conclusion, il est important de discuter des honoraires en vous renseignant sur les tarifs et les modalit\u00e9s de paiement, car certains avocats offrent des consultations gratuites pour analyser votre situation, ce qui peut \u00eatre un bon point de d\u00e9part.<\/p>\n<\/p>\n<h3>Quelles sont les meilleures pratiques pour choisir un avocat en droit p\u00e9nal ?<\/h3>\n<p>Pour choisir un avocat sp\u00e9cialis\u00e9 en droit p\u00e9nal, il est primordial de consid\u00e9rer plusieurs \u00e9l\u00e9ments d\u00e9terminants. Dans un premier temps, il est essentiel de v\u00e9rifier les qualifications de l\u2019avocat pour vous assurer qu\u2019il a des sp\u00e9cialisations et une exp\u00e9rience notable en droit p\u00e9nal. Cela garantira qu\u2019il est bien inform\u00e9 des lois et r\u00e8glements en vigueur. Ensuite, il est conseill\u00e9 de vous renseigner sur les honoraires, en v\u00e9rifiant les tarifs et les modalit\u00e9s de paiement, car certains avocats peuvent proposer des consultations gratuites, ce qui peut \u00eatre b\u00e9n\u00e9fique. Pour finir, consultez les retours des clients afin d\u2019\u00e9valuer la qualit\u00e9 du service, en prenant en consid\u00e9ration les t\u00e9moignages et les \u00e9valuations d\u2019anciens clients pour mieux comprendre la r\u00e9putation de l\u2019avocat.<\/p>\n<p><strong>A lire:<\/strong><\/p>\n<p>Droit p\u00e9nal sp\u00e9cial : infractions des et contre les particuliers,<a target=\"_blank\" rel=\"nofollow\" href=\"https:\/\/www.tribunal-nature.org\/blog\/goto\/https:\/\/booknode.com\/droit_penal_special_infractions_des_et_contre_les_particuliers_020444\"  rel=\"noopener noreferrer nofollow\" target=\"_blank\">Le livre <\/a><span><\/span>.La Justice\u2026 demain, ailleurs, autrement,<a target=\"_blank\" rel=\"nofollow\" href=\"https:\/\/www.tribunal-nature.org\/blog\/goto\/https:\/\/www.kobo.com\/fr\/fr\/ebook\/la-justice-demain-ailleurs-autrement\"  rel=\"noopener noreferrer nofollow\" target=\"_blank\">A voir et \u00e0 lire. <\/a><span><\/span>.Responsabilit\u00e9 des avocats : civile, disciplinaire, p\u00e9nale,<a target=\"_blank\" rel=\"nofollow\" href=\"https:\/\/www.tribunal-nature.org\/blog\/goto\/https:\/\/booknode.com\/responsabilite_des_avocats_civile_disciplinaire_penale_041870\"  rel=\"noopener noreferrer nofollow\" target=\"_blank\">Le livre <\/a><span><\/span>.<\/p>\n<\/p>\n<h3>Quelle est la proc\u00e9dure d\u2019une consultation en ligne avec un avocat ?<\/h3>\n<p>Une consultation en ligne s\u2019organise habituellement de fa\u00e7on structur\u00e9e pour optimiser son efficacit\u00e9. En premier lieu, vous d\u00e9butez par la prise de rendez-vous, o\u00f9 vous s\u00e9lectionnez l\u2019horaire qui vous convient le mieux. Au moment de la consultation, vous utilisez une plateforme de visioconf\u00e9rence ou le t\u00e9l\u00e9phone pour aborder votre situation avec l\u2019avocat. Pendant la consultation, vous vous connectez via une plateforme de visioconf\u00e9rence ou par t\u00e9l\u00e9phone pour parler de votre situation avec l\u2019avocat. En conclusion, un suivi est r\u00e9alis\u00e9, durant lequel l\u2019avocat vous fournira des conseils et des recommandations sur les \u00e9tapes \u00e0 venir, vous permettant de continuer votre d\u00e9marche en toute s\u00e9r\u00e9nit\u00e9.<\/p>\n<h3>Pourquoi privil\u00e9gier la consultation d\u2019un avocat en droit p\u00e9nal en ligne ?<\/h3>\n<p>La consultation d\u2019un avocat en droit p\u00e9nal en ligne offre un acc\u00e8s rapide \u00e0 des conseils juridiques sans n\u00e9cessiter de d\u00e9placement. Cela est particuli\u00e8rement pratique pour ceux qui ont des emplois du temps charg\u00e9s ou qui r\u00e9sident dans des zones isol\u00e9es. Les consultations en ligne permettent de poser des interrogations sp\u00e9cifiques et d\u2019obtenir des r\u00e9ponses sur mesure pour votre contexte.<\/p>\n<h3>Quels sont les atouts d\u2019une consultation en ligne compar\u00e9e \u00e0 une consultation physique ?<\/h3>\n<p>Les consultations en ligne comportent plusieurs atouts remarquables. Tout d\u2019abord, elle permet une accessibilit\u00e9 optimale, car il n\u2019est pas n\u00e9cessaire de se d\u00e9placer, ce qui est tr\u00e8s pratique pour les personnes ayant des horaires charg\u00e9s ou vivant \u00e0 distance des cabinets d\u2019avocats. De plus, la flexibilit\u00e9 repr\u00e9sente un atout significatif, vous permettant de choisir des horaires qui s\u2019ajustent mieux \u00e0 votre emploi du temps, rendant ainsi le processus plus adapt\u00e9 \u00e0 vos besoins. Le confort joue un r\u00f4le fondamental, car il vous permet de traiter vos questions juridiques dans un environnement familier, ce qui peut all\u00e9ger le stress et favoriser une communication efficace avec votre avocat.<\/p>\n<h3>Comment puis-je contacter un avocat en ligne pour poser mes interrogations ?<\/h3>\n<p>Vous pouvez interroger des avocats via des services de consultation juridique en ligne, par e-mail, ou lors de votre rendez-vous. Il existe un service qui peut vous assister 24 heures sur 24 et 7 jours sur 7. Il s\u2019agit d\u2019un service qui allie comp\u00e9tences humaines et intelligence artificielle. <a target=\"_blank\" rel=\"nofollow\" href=\"https:\/\/www.tribunal-nature.org\/blog\/goto\/https:\/\/www.courtier-avocat-strategie-tribunal-judiciaire.fr\/avocat-en-ligne\/\"  rel=\"noopener noreferrer\" target=\"blank\">Ce service d\u2019\u00ab avocat en ligne \u00bb vous permet d\u2019obtenir des r\u00e9ponses \u00e0 vos questions pr\u00e9liminaires. <\/a>Prenez soin de formuler vos interrogations avec pr\u00e9cision pour garantir des r\u00e9ponses claires.<\/p>\n<\/div>\n","protected":false},"excerpt":{"rendered":"<p>Le titre \u00ab\u00a0Le prestige social de la profession d\u2019avocat.\u00a0\u00bb correspond \u00e0 un article qui vient d\u2019\u00eatre publi\u00e9. Quelles sont les&#8230;<\/p>\n","protected":false},"author":3,"featured_media":1464,"comment_status":"closed","ping_status":"closed","sticky":false,"template":"","format":"standard","meta":{"footnotes":""},"categories":[2],"tags":[],"class_list":["post-1463","post","type-post","status-publish","format-standard","has-post-thumbnail","hentry","category-droit-de-lenvironnement","wpcat-2-id"],"yoast_head":"<!-- This site is optimized with the Yoast SEO plugin v27.5 - https:\/\/yoast.com\/product\/yoast-seo-wordpress\/ -->\n<title>Avocat; Le prestige social de la profession d\u2019avocat. - TRIBUNAL-NATURE<\/title>\n<meta name=\"description\" content=\"Avocat; Le prestige social de la profession d\u2019avocat. article de TRIBUNAL-NATURE\" \/>\n<meta name=\"robots\" content=\"index, follow, max-snippet:-1, max-image-preview:large, max-video-preview:-1\" \/>\n<link rel=\"canonical\" href=\"https:\/\/www.tribunal-nature.org\/blog\/avocat-le-prestige-social-de-la-profession-davocat\/\" \/>\n<meta property=\"og:locale\" content=\"fr_FR\" \/>\n<meta property=\"og:type\" content=\"article\" \/>\n<meta property=\"og:title\" content=\"Avocat; Le prestige social de la profession d\u2019avocat. - TRIBUNAL-NATURE\" \/>\n<meta property=\"og:description\" content=\"Avocat; Le prestige social de la profession d\u2019avocat. article de TRIBUNAL-NATURE\" \/>\n<meta property=\"og:url\" content=\"https:\/\/www.tribunal-nature.org\/blog\/avocat-le-prestige-social-de-la-profession-davocat\/\" \/>\n<meta property=\"og:site_name\" content=\"TRIBUNAL-NATURE\" \/>\n<meta property=\"article:published_time\" content=\"2025-11-18T17:09:10+00:00\" \/>\n<meta property=\"og:image\" content=\"https:\/\/www.tribunal-nature.org\/blog\/wp-content\/uploads\/2025\/11\/Avocat-Le-prestige-social-de-la-profession-davocat.png\" \/>\n<meta name=\"author\" content=\"Isabelle LOUBEAU\" \/>\n<meta name=\"twitter:card\" content=\"summary_large_image\" \/>\n<meta name=\"twitter:label1\" content=\"\u00c9crit par\" \/>\n\t<meta name=\"twitter:data1\" content=\"Isabelle LOUBEAU\" \/>\n\t<meta name=\"twitter:label2\" content=\"Dur\u00e9e de lecture estim\u00e9e\" \/>\n\t<meta name=\"twitter:data2\" content=\"11 minutes\" \/>\n<script type=\"application\/ld+json\" class=\"yoast-schema-graph\">{\"@context\":\"https:\\\/\\\/schema.org\",\"@graph\":[{\"@type\":\"Article\",\"@id\":\"https:\\\/\\\/www.tribunal-nature.org\\\/blog\\\/avocat-le-prestige-social-de-la-profession-davocat\\\/#article\",\"isPartOf\":{\"@id\":\"https:\\\/\\\/www.tribunal-nature.org\\\/blog\\\/avocat-le-prestige-social-de-la-profession-davocat\\\/\"},\"author\":{\"name\":\"Isabelle LOUBEAU\",\"@id\":\"https:\\\/\\\/www.tribunal-nature.org\\\/blog\\\/#\\\/schema\\\/person\\\/55761caf7544da6b05b60523f2a0855f\"},\"headline\":\"Avocat; Le prestige social de la profession d\u2019avocat.\",\"datePublished\":\"2025-11-18T17:09:10+00:00\",\"mainEntityOfPage\":{\"@id\":\"https:\\\/\\\/www.tribunal-nature.org\\\/blog\\\/avocat-le-prestige-social-de-la-profession-davocat\\\/\"},\"wordCount\":2186,\"publisher\":{\"@id\":\"https:\\\/\\\/www.tribunal-nature.org\\\/blog\\\/#organization\"},\"image\":{\"@id\":\"https:\\\/\\\/www.tribunal-nature.org\\\/blog\\\/avocat-le-prestige-social-de-la-profession-davocat\\\/#primaryimage\"},\"thumbnailUrl\":\"https:\\\/\\\/www.tribunal-nature.org\\\/blog\\\/wp-content\\\/uploads\\\/2025\\\/11\\\/Avocat-Le-prestige-social-de-la-profession-davocat.png\",\"articleSection\":[\"Droit De L'Environnement:\"],\"inLanguage\":\"fr-FR\"},{\"@type\":\"WebPage\",\"@id\":\"https:\\\/\\\/www.tribunal-nature.org\\\/blog\\\/avocat-le-prestige-social-de-la-profession-davocat\\\/\",\"url\":\"https:\\\/\\\/www.tribunal-nature.org\\\/blog\\\/avocat-le-prestige-social-de-la-profession-davocat\\\/\",\"name\":\"Avocat; Le prestige social de la profession d\u2019avocat. - TRIBUNAL-NATURE\",\"isPartOf\":{\"@id\":\"https:\\\/\\\/www.tribunal-nature.org\\\/blog\\\/#website\"},\"primaryImageOfPage\":{\"@id\":\"https:\\\/\\\/www.tribunal-nature.org\\\/blog\\\/avocat-le-prestige-social-de-la-profession-davocat\\\/#primaryimage\"},\"image\":{\"@id\":\"https:\\\/\\\/www.tribunal-nature.org\\\/blog\\\/avocat-le-prestige-social-de-la-profession-davocat\\\/#primaryimage\"},\"thumbnailUrl\":\"https:\\\/\\\/www.tribunal-nature.org\\\/blog\\\/wp-content\\\/uploads\\\/2025\\\/11\\\/Avocat-Le-prestige-social-de-la-profession-davocat.png\",\"datePublished\":\"2025-11-18T17:09:10+00:00\",\"description\":\"Avocat; Le prestige social de la profession d\u2019avocat. article de TRIBUNAL-NATURE\",\"breadcrumb\":{\"@id\":\"https:\\\/\\\/www.tribunal-nature.org\\\/blog\\\/avocat-le-prestige-social-de-la-profession-davocat\\\/#breadcrumb\"},\"inLanguage\":\"fr-FR\",\"potentialAction\":[{\"@type\":\"ReadAction\",\"target\":[\"https:\\\/\\\/www.tribunal-nature.org\\\/blog\\\/avocat-le-prestige-social-de-la-profession-davocat\\\/\"]}]},{\"@type\":\"ImageObject\",\"inLanguage\":\"fr-FR\",\"@id\":\"https:\\\/\\\/www.tribunal-nature.org\\\/blog\\\/avocat-le-prestige-social-de-la-profession-davocat\\\/#primaryimage\",\"url\":\"https:\\\/\\\/www.tribunal-nature.org\\\/blog\\\/wp-content\\\/uploads\\\/2025\\\/11\\\/Avocat-Le-prestige-social-de-la-profession-davocat.png\",\"contentUrl\":\"https:\\\/\\\/www.tribunal-nature.org\\\/blog\\\/wp-content\\\/uploads\\\/2025\\\/11\\\/Avocat-Le-prestige-social-de-la-profession-davocat.png\",\"width\":483,\"height\":322,\"caption\":\"Avocat Le prestige social de la profession davocat\"},{\"@type\":\"BreadcrumbList\",\"@id\":\"https:\\\/\\\/www.tribunal-nature.org\\\/blog\\\/avocat-le-prestige-social-de-la-profession-davocat\\\/#breadcrumb\",\"itemListElement\":[{\"@type\":\"ListItem\",\"position\":1,\"name\":\"Accueil\",\"item\":\"https:\\\/\\\/www.tribunal-nature.org\\\/blog\\\/\"},{\"@type\":\"ListItem\",\"position\":2,\"name\":\"Avocat; Le prestige social de la profession d\u2019avocat.\"}]},{\"@type\":\"WebSite\",\"@id\":\"https:\\\/\\\/www.tribunal-nature.org\\\/blog\\\/#website\",\"url\":\"https:\\\/\\\/www.tribunal-nature.org\\\/blog\\\/\",\"name\":\"TRIBUNAL-NATURE\",\"description\":\"Droit De L&#039;Environnement.\",\"publisher\":{\"@id\":\"https:\\\/\\\/www.tribunal-nature.org\\\/blog\\\/#organization\"},\"potentialAction\":[{\"@type\":\"SearchAction\",\"target\":{\"@type\":\"EntryPoint\",\"urlTemplate\":\"https:\\\/\\\/www.tribunal-nature.org\\\/blog\\\/?s={search_term_string}\"},\"query-input\":{\"@type\":\"PropertyValueSpecification\",\"valueRequired\":true,\"valueName\":\"search_term_string\"}}],\"inLanguage\":\"fr-FR\"},{\"@type\":\"Organization\",\"@id\":\"https:\\\/\\\/www.tribunal-nature.org\\\/blog\\\/#organization\",\"name\":\"tribunal-nature\",\"url\":\"https:\\\/\\\/www.tribunal-nature.org\\\/blog\\\/\",\"logo\":{\"@type\":\"ImageObject\",\"inLanguage\":\"fr-FR\",\"@id\":\"https:\\\/\\\/www.tribunal-nature.org\\\/blog\\\/#\\\/schema\\\/logo\\\/image\\\/\",\"url\":\"https:\\\/\\\/www.tribunal-nature.org\\\/blog\\\/wp-content\\\/uploads\\\/2022\\\/05\\\/logo-2.png\",\"contentUrl\":\"https:\\\/\\\/www.tribunal-nature.org\\\/blog\\\/wp-content\\\/uploads\\\/2022\\\/05\\\/logo-2.png\",\"width\":180,\"height\":180,\"caption\":\"tribunal-nature\"},\"image\":{\"@id\":\"https:\\\/\\\/www.tribunal-nature.org\\\/blog\\\/#\\\/schema\\\/logo\\\/image\\\/\"}},{\"@type\":\"Person\",\"@id\":\"https:\\\/\\\/www.tribunal-nature.org\\\/blog\\\/#\\\/schema\\\/person\\\/55761caf7544da6b05b60523f2a0855f\",\"name\":\"Isabelle LOUBEAU\",\"image\":{\"@type\":\"ImageObject\",\"inLanguage\":\"fr-FR\",\"@id\":\"https:\\\/\\\/secure.gravatar.com\\\/avatar\\\/b6912620aca78633bf5d50400888815d3b38a1118e82b94050843f411f3f5972?s=96&d=mm&r=g\",\"url\":\"https:\\\/\\\/secure.gravatar.com\\\/avatar\\\/b6912620aca78633bf5d50400888815d3b38a1118e82b94050843f411f3f5972?s=96&d=mm&r=g\",\"contentUrl\":\"https:\\\/\\\/secure.gravatar.com\\\/avatar\\\/b6912620aca78633bf5d50400888815d3b38a1118e82b94050843f411f3f5972?s=96&d=mm&r=g\",\"caption\":\"Isabelle LOUBEAU\"},\"url\":\"https:\\\/\\\/www.tribunal-nature.org\\\/blog\\\/author\\\/ureisabelle\\\/\"}]}<\/script>\n<!-- \/ Yoast SEO plugin. -->","yoast_head_json":{"title":"Avocat; Le prestige social de la profession d\u2019avocat. - TRIBUNAL-NATURE","description":"Avocat; Le prestige social de la profession d\u2019avocat. article de TRIBUNAL-NATURE","robots":{"index":"index","follow":"follow","max-snippet":"max-snippet:-1","max-image-preview":"max-image-preview:large","max-video-preview":"max-video-preview:-1"},"canonical":"https:\/\/www.tribunal-nature.org\/blog\/avocat-le-prestige-social-de-la-profession-davocat\/","og_locale":"fr_FR","og_type":"article","og_title":"Avocat; Le prestige social de la profession d\u2019avocat. - TRIBUNAL-NATURE","og_description":"Avocat; Le prestige social de la profession d\u2019avocat. article de TRIBUNAL-NATURE","og_url":"https:\/\/www.tribunal-nature.org\/blog\/avocat-le-prestige-social-de-la-profession-davocat\/","og_site_name":"TRIBUNAL-NATURE","article_published_time":"2025-11-18T17:09:10+00:00","og_image":[{"url":"https:\/\/www.tribunal-nature.org\/blog\/wp-content\/uploads\/2025\/11\/Avocat-Le-prestige-social-de-la-profession-davocat.png","type":"","width":"","height":""}],"author":"Isabelle LOUBEAU","twitter_card":"summary_large_image","twitter_misc":{"\u00c9crit par":"Isabelle LOUBEAU","Dur\u00e9e de lecture estim\u00e9e":"11 minutes"},"schema":{"@context":"https:\/\/schema.org","@graph":[{"@type":"Article","@id":"https:\/\/www.tribunal-nature.org\/blog\/avocat-le-prestige-social-de-la-profession-davocat\/#article","isPartOf":{"@id":"https:\/\/www.tribunal-nature.org\/blog\/avocat-le-prestige-social-de-la-profession-davocat\/"},"author":{"name":"Isabelle LOUBEAU","@id":"https:\/\/www.tribunal-nature.org\/blog\/#\/schema\/person\/55761caf7544da6b05b60523f2a0855f"},"headline":"Avocat; Le prestige social de la profession d\u2019avocat.","datePublished":"2025-11-18T17:09:10+00:00","mainEntityOfPage":{"@id":"https:\/\/www.tribunal-nature.org\/blog\/avocat-le-prestige-social-de-la-profession-davocat\/"},"wordCount":2186,"publisher":{"@id":"https:\/\/www.tribunal-nature.org\/blog\/#organization"},"image":{"@id":"https:\/\/www.tribunal-nature.org\/blog\/avocat-le-prestige-social-de-la-profession-davocat\/#primaryimage"},"thumbnailUrl":"https:\/\/www.tribunal-nature.org\/blog\/wp-content\/uploads\/2025\/11\/Avocat-Le-prestige-social-de-la-profession-davocat.png","articleSection":["Droit De L'Environnement:"],"inLanguage":"fr-FR"},{"@type":"WebPage","@id":"https:\/\/www.tribunal-nature.org\/blog\/avocat-le-prestige-social-de-la-profession-davocat\/","url":"https:\/\/www.tribunal-nature.org\/blog\/avocat-le-prestige-social-de-la-profession-davocat\/","name":"Avocat; Le prestige social de la profession d\u2019avocat. - TRIBUNAL-NATURE","isPartOf":{"@id":"https:\/\/www.tribunal-nature.org\/blog\/#website"},"primaryImageOfPage":{"@id":"https:\/\/www.tribunal-nature.org\/blog\/avocat-le-prestige-social-de-la-profession-davocat\/#primaryimage"},"image":{"@id":"https:\/\/www.tribunal-nature.org\/blog\/avocat-le-prestige-social-de-la-profession-davocat\/#primaryimage"},"thumbnailUrl":"https:\/\/www.tribunal-nature.org\/blog\/wp-content\/uploads\/2025\/11\/Avocat-Le-prestige-social-de-la-profession-davocat.png","datePublished":"2025-11-18T17:09:10+00:00","description":"Avocat; Le prestige social de la profession d\u2019avocat. article de TRIBUNAL-NATURE","breadcrumb":{"@id":"https:\/\/www.tribunal-nature.org\/blog\/avocat-le-prestige-social-de-la-profession-davocat\/#breadcrumb"},"inLanguage":"fr-FR","potentialAction":[{"@type":"ReadAction","target":["https:\/\/www.tribunal-nature.org\/blog\/avocat-le-prestige-social-de-la-profession-davocat\/"]}]},{"@type":"ImageObject","inLanguage":"fr-FR","@id":"https:\/\/www.tribunal-nature.org\/blog\/avocat-le-prestige-social-de-la-profession-davocat\/#primaryimage","url":"https:\/\/www.tribunal-nature.org\/blog\/wp-content\/uploads\/2025\/11\/Avocat-Le-prestige-social-de-la-profession-davocat.png","contentUrl":"https:\/\/www.tribunal-nature.org\/blog\/wp-content\/uploads\/2025\/11\/Avocat-Le-prestige-social-de-la-profession-davocat.png","width":483,"height":322,"caption":"Avocat Le prestige social de la profession davocat"},{"@type":"BreadcrumbList","@id":"https:\/\/www.tribunal-nature.org\/blog\/avocat-le-prestige-social-de-la-profession-davocat\/#breadcrumb","itemListElement":[{"@type":"ListItem","position":1,"name":"Accueil","item":"https:\/\/www.tribunal-nature.org\/blog\/"},{"@type":"ListItem","position":2,"name":"Avocat; Le prestige social de la profession d\u2019avocat."}]},{"@type":"WebSite","@id":"https:\/\/www.tribunal-nature.org\/blog\/#website","url":"https:\/\/www.tribunal-nature.org\/blog\/","name":"TRIBUNAL-NATURE","description":"Droit De L&#039;Environnement.","publisher":{"@id":"https:\/\/www.tribunal-nature.org\/blog\/#organization"},"potentialAction":[{"@type":"SearchAction","target":{"@type":"EntryPoint","urlTemplate":"https:\/\/www.tribunal-nature.org\/blog\/?s={search_term_string}"},"query-input":{"@type":"PropertyValueSpecification","valueRequired":true,"valueName":"search_term_string"}}],"inLanguage":"fr-FR"},{"@type":"Organization","@id":"https:\/\/www.tribunal-nature.org\/blog\/#organization","name":"tribunal-nature","url":"https:\/\/www.tribunal-nature.org\/blog\/","logo":{"@type":"ImageObject","inLanguage":"fr-FR","@id":"https:\/\/www.tribunal-nature.org\/blog\/#\/schema\/logo\/image\/","url":"https:\/\/www.tribunal-nature.org\/blog\/wp-content\/uploads\/2022\/05\/logo-2.png","contentUrl":"https:\/\/www.tribunal-nature.org\/blog\/wp-content\/uploads\/2022\/05\/logo-2.png","width":180,"height":180,"caption":"tribunal-nature"},"image":{"@id":"https:\/\/www.tribunal-nature.org\/blog\/#\/schema\/logo\/image\/"}},{"@type":"Person","@id":"https:\/\/www.tribunal-nature.org\/blog\/#\/schema\/person\/55761caf7544da6b05b60523f2a0855f","name":"Isabelle LOUBEAU","image":{"@type":"ImageObject","inLanguage":"fr-FR","@id":"https:\/\/secure.gravatar.com\/avatar\/b6912620aca78633bf5d50400888815d3b38a1118e82b94050843f411f3f5972?s=96&d=mm&r=g","url":"https:\/\/secure.gravatar.com\/avatar\/b6912620aca78633bf5d50400888815d3b38a1118e82b94050843f411f3f5972?s=96&d=mm&r=g","contentUrl":"https:\/\/secure.gravatar.com\/avatar\/b6912620aca78633bf5d50400888815d3b38a1118e82b94050843f411f3f5972?s=96&d=mm&r=g","caption":"Isabelle LOUBEAU"},"url":"https:\/\/www.tribunal-nature.org\/blog\/author\/ureisabelle\/"}]}},"_links":{"self":[{"href":"https:\/\/www.tribunal-nature.org\/blog\/wp-json\/wp\/v2\/posts\/1463","targetHints":{"allow":["GET"]}}],"collection":[{"href":"https:\/\/www.tribunal-nature.org\/blog\/wp-json\/wp\/v2\/posts"}],"about":[{"href":"https:\/\/www.tribunal-nature.org\/blog\/wp-json\/wp\/v2\/types\/post"}],"author":[{"embeddable":true,"href":"https:\/\/www.tribunal-nature.org\/blog\/wp-json\/wp\/v2\/users\/3"}],"replies":[{"embeddable":true,"href":"https:\/\/www.tribunal-nature.org\/blog\/wp-json\/wp\/v2\/comments?post=1463"}],"version-history":[{"count":0,"href":"https:\/\/www.tribunal-nature.org\/blog\/wp-json\/wp\/v2\/posts\/1463\/revisions"}],"wp:featuredmedia":[{"embeddable":true,"href":"https:\/\/www.tribunal-nature.org\/blog\/wp-json\/wp\/v2\/media\/1464"}],"wp:attachment":[{"href":"https:\/\/www.tribunal-nature.org\/blog\/wp-json\/wp\/v2\/media?parent=1463"}],"wp:term":[{"taxonomy":"category","embeddable":true,"href":"https:\/\/www.tribunal-nature.org\/blog\/wp-json\/wp\/v2\/categories?post=1463"},{"taxonomy":"post_tag","embeddable":true,"href":"https:\/\/www.tribunal-nature.org\/blog\/wp-json\/wp\/v2\/tags?post=1463"}],"curies":[{"name":"wp","href":"https:\/\/api.w.org\/{rel}","templated":true}]}}