{"id":1452,"date":"2025-11-11T18:08:14","date_gmt":"2025-11-11T17:08:14","guid":{"rendered":"https:\/\/www.tribunal-nature.org\/blog\/avocat-les-commerces-ont-ils-le-droit-douvrir-un-jour-ferie\/"},"modified":"2025-11-11T18:08:14","modified_gmt":"2025-11-11T17:08:14","slug":"avocat-les-commerces-ont-ils-le-droit-douvrir-un-jour-ferie","status":"publish","type":"post","link":"https:\/\/www.tribunal-nature.org\/blog\/avocat-les-commerces-ont-ils-le-droit-douvrir-un-jour-ferie\/","title":{"rendered":"Avocat; les commerces ont-ils le droit d\u2019ouvrir un jour f\u00e9ri\u00e9 ?"},"content":{"rendered":"<div><img width=\"750\" height=\"422\" src=\"https:\/\/www.tribunal-nature.org\/blog\/wp-content\/uploads\/2025\/11\/vue-du-centre-commercial-bourse-commerce-031025fpt03-1762856794_83a245b6dfd8667a245b6dfd8baa24v_.jpg\" class=\"attachment-large size-large wp-post-image\" alt=\"\" style=\"width:100%;height:56.3%;max-width:1000px;float:left; margin:0 15px 15px 0;\" decoding=\"async\" srcset=\"https:\/\/www.tribunal-nature.org\/blog\/wp-content\/uploads\/2025\/11\/vue-du-centre-commercial-bourse-commerce-031025fpt03-1762856794_83a245b6dfd8667a245b6dfd8baa24v_.jpg 1000w, https:\/\/www.site.cdcl.xyz\/wp-content\/uploads\/2025\/11\/vue-du-centre-commercial-bourse-commerce-031025fpt03-1762856794_83a245b6dfd8667a245b6dfd8baa24v_-300x169.jpg 300w, https:\/\/www.site.cdcl.xyz\/wp-content\/uploads\/2025\/11\/vue-du-centre-commercial-bourse-commerce-031025fpt03-1762856794_83a245b6dfd8667a245b6dfd8baa24v_-768x432.jpg 768w\" sizes=\"(max-width: 750px) 100vw, 750px\"><\/p>\n<p>\nL\u2019article avec le titre \u00ab\u00a0les commerces ont-ils le droit d\u2019ouvrir un jour f\u00e9ri\u00e9 ?\u00a0\u00bb vient d\u2019\u00eatre publi\u00e9. <\/p>\n<div>\n<p>Alors que la France s\u2019arr\u00eate pour rendre hommage \u00e0 la fin de la Premi\u00e8re Guerre mondiale, derri\u00e8re les rideaux parfois baiss\u00e9s des boutiques, une autre interrogation s\u2019impose : que peuvent l\u00e9galement faire les commerces ? Ouvrir leurs portes ou respecter un jour de pause ?<\/p>\n<\/div>\n<div>\n<h2>Que dit la loi ?<\/h2>\n<p>D\u2019un point de vue juridique, la r\u00e9ponse est claire : il n\u2019existe pas d\u2019interdiction g\u00e9n\u00e9rale pour un commerce d\u2019ouvrir un jour f\u00e9ri\u00e9 autre que le 1er mai. En effet, l\u2019article L313413 du Code du travail indique que le 11 novembre est bien un jour f\u00e9ri\u00e9, mais seulement le 1er mai est l\u00e9galement impos\u00e9 comme jour ch\u00f4m\u00e9.\u00a0\u00a0<\/p>\n<p>Le texte pr\u00e9cise que l\u2019ouverture d\u2019un \u00e9tablissement un jour f\u00e9ri\u00e9 d\u00e9pend donc de la convention collective ou d\u2019un accord de branche ; \u00e0 d\u00e9faut, l\u2019employeur peut d\u00e9cider de l\u2019ouverture.\u00a0<\/p>\n<\/div>\n<div>\n<p>En clair :<strong> oui, les commerces ont le droit d\u2019ouvrir ce mardi 11 novembre.<\/strong><\/p>\n<h2>V\u00e9rifiez les horaires<\/h2>\n<p>Sur le plan pratique, la situation varie selon les r\u00e9gions, les enseignes et les types de magasin. Par exemple : de grandes surfaces comme Carrefour, Auchan ou encore des grands magasins parisiens (Galeries Lafayette Haussmann) ont annonc\u00e9 \u00eatre ouverts ce jour f\u00e9ri\u00e9, avec des horaires adapt\u00e9s.\u00a0<\/p>\n<\/div>\n<div>\n<p>Il reste toutefois essentiel de v\u00e9rifier les horaires localis\u00e9s, car certains magasins peuvent avoir choisi de fermer ou de fonctionner en horaire r\u00e9duit ce jour-l\u00e0.<\/p>\n<\/div>\n<div>\n<p>Pour les salari\u00e9s et les commer\u00e7ants, quelques rappels sont utiles : travailler un jour f\u00e9ri\u00e9 (autre que le 1er mai) est l\u00e9gal \u00e0 condition que les r\u00e8gles de la convention collective soient respect\u00e9es.\u00a0<\/p>\n<\/div>\n<h2>Interrogations et r\u00e9ponses pour ceux qui cherchent un avocat sp\u00e9cialis\u00e9 en droit du travail<\/h2>\n<h3>Quels crit\u00e8res consid\u00e9rer pour choisir un avocat en droit du travail ?<\/h3>\n<p>Un service est disponible pour aider \u00e0 rechercher et \u00e0 trouver un avocat. Le but est de trouver un avocat dont le profil et l\u2019expertise s\u2019harmonisent parfaitement avec votre affaire. <a target=\"_blank\" rel=\"nofollow\" href=\"https:\/\/www.tribunal-nature.org\/blog\/goto\/https:\/\/www.courtier-avocat-strategie-tribunal-judiciaire.fr\/avocat-droit-du-travail\/\"  rel=\"noopener noreferrer\" target=\"blank\">Ce service de recherche d\u2019avocat vous permet de d\u00e9nicher l\u2019avocat parfait pour vos besoins, ayant une exp\u00e9rience solide dans des affaires qui ressemblent \u00e0 la v\u00f4tre.<\/a><\/p>\n<p>Pour s\u00e9lectionner un avocat comp\u00e9tent en droit du travail, il est important de suivre certaines \u00e9tapes essentielles. Tout d\u2019abord, examinez les qualifications de l\u2019avocat en vous assurant qu\u2019il poss\u00e8de une exp\u00e9rience significative dans le domaine de le droit du travail et qu\u2019il fait partie d\u2019un cabinet respect\u00e9, ce qui prouve sa comp\u00e9tence. Puis, consultez les retours d\u2019exp\u00e9rience en recherchant des t\u00e9moignages de clients pr\u00e9c\u00e9dents afin d\u2019\u00e9valuer la qualit\u00e9 du service et le taux de satisfaction. Il est utile de rencontrer diff\u00e9rents avocats en planifiant des consultations pour discuter de votre projet, ce qui vous permettra d\u2019\u00e9valuer la compr\u00e9hension et la strat\u00e9gie de chaque avocat. Pour conclure, n\u2019oubliez pas de discuter des honoraires en vous renseignant sur les tarifs et les modalit\u00e9s de paiement, car certains avocats peuvent proposer des consultations gratuites pour \u00e9valuer votre situation, ce qui peut \u00eatre une bonne premi\u00e8re \u00e9tape.<\/p>\n<h3>Comment puis-je demander des conseils juridiques \u00e0 un avocat en ligne ?<\/h3>\n<p>Vous pouvez interroger des avocats via des services de consultation juridique en ligne, par e-mail, ou lors de votre rendez-vous. <a target=\"_blank\" rel=\"nofollow\" href=\"https:\/\/www.tribunal-nature.org\/blog\/goto\/https:\/\/www.courtier-avocat-strategie-tribunal-judiciaire.fr\/avocat-en-ligne\/\"  rel=\"noopener noreferrer\" target=\"blank\">\u00c0 lire sur https:\/\/www.courtier-avocat-strategie-tribunal-judiciaire.fr<\/a> : Un service d\u2019\u00ab avocat en ligne \u00bb ouvert en permanence pour traiter vos demandes juridiques. Il est crucial de poser vos interrogations de mani\u00e8re pr\u00e9cise pour obtenir des r\u00e9ponses \u00e9clairantes.<\/p>\n<\/p>\n<h3>Quel est le processus d\u2019une consultation en ligne avec un avocat ?<\/h3>\n<p>Une consultation en ligne est g\u00e9n\u00e9ralement con\u00e7ue de fa\u00e7on structur\u00e9e pour maximiser son efficacit\u00e9. Tout d\u2019abord, vous entamez le processus par la prise de rendez-vous, en choisissant un cr\u00e9neau horaire qui vous convient le mieux. Au moment de la consultation, vous vous connectez \u00e0 une plateforme de visioconf\u00e9rence ou par t\u00e9l\u00e9phone pour \u00e9changer sur votre situation avec l\u2019avocat. Lors de la s\u00e9ance de consultation, vous vous connectez \u00e0 une plateforme de visioconf\u00e9rence ou par t\u00e9l\u00e9phone pour aborder votre situation avec l\u2019avocat. Enfin, un suivi est organis\u00e9, durant lequel l\u2019avocat vous fournira des conseils et des recommandations sur les prochaines \u00e9tapes \u00e0 envisager, vous permettant ainsi d\u2019avancer dans votre d\u00e9marche avec assurance.<\/p>\n<h3>Comment opter pour un avocat sp\u00e9cialis\u00e9 en droit du travail ?<\/h3>\n<p>Pour opter pour un avocat en droit du travail, il est n\u00e9cessaire de suivre quelques \u00e9tapes essentielles. En premier lieu, v\u00e9rifiez les qualifications de l\u2019avocat pour vous assurer qu\u2019il dispose de sp\u00e9cialisations et d\u2019une exp\u00e9rience significative en droit du travail. Cela vous assurera qu\u2019il est \u00e0 jour sur les lois et r\u00e8glements en vigueur. Ensuite, il est important de vous renseigner sur les honoraires, en v\u00e9rifiant les tarifs et les modalit\u00e9s de paiement, car certains avocats peuvent proposer des consultations gratuites, ce qui peut \u00eatre un avantage. En dernier lieu, v\u00e9rifiez les avis des clients pour juger de la qualit\u00e9 du service, en prenant en compte les t\u00e9moignages et les \u00e9valuations d\u2019anciens clients pour avoir une id\u00e9e claire de la r\u00e9putation de l\u2019avocat.<\/p>\n<h3>Que faire si les enjeux juridiques de ma situation me semblent flous ?<\/h3>\n<p>Se sentir perdu devant des enjeux juridiques difficiles est une r\u00e9action normale et compr\u00e9hensible. N\u2019h\u00e9sitez pas \u00e0 exprimer vos interrogations au cours de votre consultation. Un bon avocat s\u2019engagera \u00e0 vous expliquer les implications de votre situation de mani\u00e8re claire et facile \u00e0 saisir.<\/p>\n<h3>Pourquoi choisir de consulter un avocat en droit du travail en ligne ?<\/h3>\n<p>La consultation d\u2019un avocat en droit du travail en ligne permet d\u2019acc\u00e9der \u00e0 des conseils juridiques de mani\u00e8re rapide et sans d\u00e9placement. Cela est d\u2019une grande utilit\u00e9 pour les individus avec des horaires charg\u00e9s ou qui r\u00e9sident dans des zones recul\u00e9es. Les consultations en ligne donnent aussi l\u2019opportunit\u00e9 de poser des questions sp\u00e9cifiques et d\u2019obtenir des r\u00e9ponses sur mesure pour votre situation.<\/p>\n<h3>Quels sont les points forts d\u2019une consultation en ligne par rapport \u00e0 une rencontre physique ?<\/h3>\n<p>Les consultations en ligne comportent plusieurs atouts remarquables. Premi\u00e8rement, elle garantit une accessibilit\u00e9 optimale, car il n\u2019est pas n\u00e9cessaire de se d\u00e9placer, ce qui est id\u00e9al pour les personnes occup\u00e9es ou celles vivant \u00e0 distance des bureaux d\u2019avocats. Ensuite, la flexibilit\u00e9 constitue un autre avantage important, vous permettant de s\u00e9lectionner des horaires qui s\u2019ajustent mieux \u00e0 votre emploi du temps, rendant le processus plus conforme \u00e0 vos besoins. Le confort est un aspect crucial, car il vous permet d\u2019aborder vos probl\u00e8mes juridiques dans un environnement qui vous est familier, ce qui peut diminuer le stress et encourager une communication efficace avec votre avocat.<\/p>\n<h3>Quelles sont les options pour obtenir une consultation gratuite ?<\/h3>\n<p>Un grand nombre d\u2019avocats proposent des consultations sans frais pour aborder votre situation de d\u00e9part. Cela vous permet de d\u00e9terminer si l\u2019avocat est adapt\u00e9 \u00e0 vos besoins sans engagement financier. Informez-vous sur les services en ligne qui facilitent ces consultations.<\/p>\n<\/p>\n<p><strong>A lire:<\/strong><\/p>\n<p>Action socialiste\/L\u2019Id\u00e9al de Justice,<a target=\"_blank\" rel=\"nofollow\" href=\"https:\/\/www.tribunal-nature.org\/blog\/goto\/https:\/\/fr.wikisource.org\/wiki\/Action_socialiste\/L%E2%80%99Id%C3%A9al_de_Justice\"  rel=\"noopener noreferrer nofollow\" target=\"_blank\">(la couverture) <\/a><span><\/span>.La justice r\u00e9paratrice,<a target=\"_blank\" rel=\"nofollow\" href=\"https:\/\/www.tribunal-nature.org\/blog\/goto\/https:\/\/www.kobo.com\/fr\/fr\/ebook\/la-justice-reparatrice\"  rel=\"noopener noreferrer nofollow\" target=\"_blank\">Le livre <\/a><span><\/span>.Pour lire Platon\/Faut-il contr\u00f4ler l\u2019art ?,<a target=\"_blank\" rel=\"nofollow\" href=\"https:\/\/www.tribunal-nature.org\/blog\/goto\/https:\/\/fr.wikibooks.org\/wiki\/Pour_lire_Platon\/Faut-il_contr%C3%B4ler_l%27art_%3F\"  rel=\"noopener noreferrer nofollow\" target=\"_blank\">Ouvrage <\/a><span><\/span>.<\/p>\n<\/p>\n<h3>Comment peut-on appr\u00e9cier les comp\u00e9tences d\u2019un avocat sp\u00e9cialis\u00e9 en droit du travail ?<\/h3>\n<p>Un avocat en droit du travail est comp\u00e9tent dans de nombreux secteurs :<\/p>\n<ul>\n<li>Assistance dans les proc\u00e9dures de licenciement, y compris le licenciement abusif ;\n<\/li>\n<li>Conseil sur les obligations de l\u2019employeur en mati\u00e8re de formation professionnelle ;\n<\/li>\n<li>Assistance dans les litiges li\u00e9s aux conventions collectives ;\n<\/li>\n<li>Repr\u00e9sentation lors de contentieux li\u00e9s aux accidents du travail ;\n<\/li>\n<li>Assistance dans les affaires de non-respect des normes de travail.<\/li>\n<\/ul>\n<p>Il n\u2019est pas toujours certain qu\u2019un avocat vous satisfera, mais voici les points principaux \u00e0 v\u00e9rifier pour r\u00e9duire les risques. Tout d\u2019abord, examinez les qualifications de l\u2019avocat en vous assurant qu\u2019il poss\u00e8de une exp\u00e9rience significative dans le domaine de le droit du travail et qu\u2019il fait partie d\u2019un cabinet respect\u00e9, ce qui prouve sa comp\u00e9tence. Ensuite, examinez les retours d\u2019exp\u00e9rience en cherchant des t\u00e9moignages de clients ant\u00e9rieurs pour juger de la qualit\u00e9 du service et du niveau de satisfaction. Il est utile de rencontrer diff\u00e9rents avocats en planifiant des consultations pour discuter de votre projet, ce qui vous permettra d\u2019\u00e9valuer la compr\u00e9hension et la strat\u00e9gie de chaque avocat. En dernier lieu, n\u2019oubliez pas de parler des honoraires en vous renseignant sur les tarifs et les modalit\u00e9s de paiement, car certains avocats peuvent proposer des consultations gratuites pour \u00e9valuer votre situation, ce qui peut \u00eatre une bonne premi\u00e8re \u00e9tape.<\/p>\n<\/p>\n<p><strong>S\u00e9lection des avocats en ligne :<\/strong><\/p>\n<table border=\"1\" cellpadding=\"7\" cellspacing=\"2\">\n<thead>\n<tr>\n<th>Nom de l\u2019offre\n<\/th>\n<th>M\u00e9thode d\u2019op\u00e9ration\n<\/th>\n<th>Honoraires\n<\/th>\n<th>Profits\n<\/th>\n<th>Inconv\u00e9nients\n<\/th>\n<\/tr>\n<\/thead>\n<tbody>\n<tr>\n<td>CASTJ\n<\/td>\n<td>Service sans co\u00fbt \u2014 aide humaine et IA pour une premi\u00e8re \u00e9valuation l\u00e9gale\n<\/td>\n<td>Tarification : 0 \u20ac\n<\/td>\n<td>Assistance imm\u00e9diate, fusion IA et juriste\n<\/td>\n<td>Service en forte augmentation qui propose un accompagnement plus global dans le syst\u00e8me judiciaire\n<\/td>\n<\/tr>\n<tr>\n<td>Juri-Legal\n<\/td>\n<td>Consultation avec avocat (t\u00e9l\u00e9phone, chat, visioconf\u00e9rence) \u2014 prix \u00e0 la minute\n<\/td>\n<td>Montant ajust\u00e9 selon l\u2019avocat (tarif \u00e0 la minute)\n<\/td>\n<td>Adaptabilit\u00e9 : choix de l\u2019avocat, co\u00fbt selon le temps r\u00e9ellement employ\u00e9\n<\/td>\n<td>Site en recul : peu d\u2019avocats en ligne, caract\u00e9ristiques restantes principalement d\u00e9monstratives\n<\/td>\n<\/tr>\n<tr>\n<td>Juste un Renseignement\n<\/td>\n<td>Juriste libre \u2014 consultation \u00e0 distance rapide\n<\/td>\n<td>Tarification d\u00e9couverte \u00e0 30 \u20ac ; ensuite 20 \u20ac pour 15 minutes ou 120 \u20ac par heure selon la prestation choisie\n<\/td>\n<td>Parfait pour un conseil rapide et facilement accessible\n<\/td>\n<td>Conseils minimaux pour les cas compliqu\u00e9s\n<\/td>\n<\/tr>\n<tr>\n<td>VotreJuriste\n<\/td>\n<td>Plateforme de d\u00e9veloppement client \u2014 r\u00e9servation de rendez-vous en ligne avec assistance back office\n<\/td>\n<td>75 \u20ac TTC (consultation t\u00e9l\u00e9phonique confirm\u00e9e)\n<\/td>\n<td>Tarif affich\u00e9, planification en ligne\n<\/td>\n<td>Structure non transparente : back office unique, adresse et organisation floues\n<\/td>\n<\/tr>\n<tr>\n<td>Avocats-en-ligne\n<\/td>\n<td>Planification d\u2019un rendez-vous avec un avocat (pas de r\u00e9ponse instantan\u00e9e sur le site)\n<\/td>\n<td>Prix d\u2019introduction : 39 \u20ac toutes taxes comprises pour une consultation d\u2019environ 20 minutes\n<\/td>\n<td>Tarif d\u2019appel \u00e9vident, vaste couverture de domaines\n<\/td>\n<td>Pas de r\u00e9ponse rapide sur internet \u2014 rendez-vous \u00e0 \u00e9tablir\n<\/td>\n<\/tr>\n<tr>\n<td>Juriclic.net\n<\/td>\n<td>Consultation avec juristes\/avocats, diff\u00e9rentes formules \u00e0 disposition\n<\/td>\n<td>Choix de tarifs : 25 \u20ac, 30 \u20ac ou 45 \u20ac selon le service propos\u00e9\n<\/td>\n<td>Tarifs \u00e9conomiques et formules diff\u00e9rentes\n<\/td>\n<td>Pas de r\u00e9ponse imm\u00e9diate \u2014 consultations sur rendez-vous<\/td>\n<\/tr>\n<\/tbody>\n<\/table>\n<\/div>\n","protected":false},"excerpt":{"rendered":"<p>L\u2019article avec le titre \u00ab\u00a0les commerces ont-ils le droit d\u2019ouvrir un jour f\u00e9ri\u00e9 ?\u00a0\u00bb vient d\u2019\u00eatre publi\u00e9. Alors que la&#8230;<\/p>\n","protected":false},"author":3,"featured_media":1453,"comment_status":"closed","ping_status":"closed","sticky":false,"template":"","format":"standard","meta":{"footnotes":""},"categories":[2],"tags":[],"class_list":["post-1452","post","type-post","status-publish","format-standard","has-post-thumbnail","hentry","category-droit-de-lenvironnement","wpcat-2-id"],"yoast_head":"<!-- This site is optimized with the Yoast SEO plugin v27.5 - https:\/\/yoast.com\/product\/yoast-seo-wordpress\/ -->\n<title>Avocat; les commerces ont-ils le droit d\u2019ouvrir un jour f\u00e9ri\u00e9 ? - TRIBUNAL-NATURE<\/title>\n<meta name=\"description\" content=\"Avocat; les commerces ont-ils le droit d\u2019ouvrir un jour f\u00e9ri\u00e9 ? article de TRIBUNAL-NATURE\" \/>\n<meta name=\"robots\" content=\"index, follow, max-snippet:-1, max-image-preview:large, max-video-preview:-1\" \/>\n<link rel=\"canonical\" href=\"https:\/\/www.tribunal-nature.org\/blog\/avocat-les-commerces-ont-ils-le-droit-douvrir-un-jour-ferie\/\" \/>\n<meta property=\"og:locale\" content=\"fr_FR\" \/>\n<meta property=\"og:type\" content=\"article\" \/>\n<meta property=\"og:title\" content=\"Avocat; les commerces ont-ils le droit d\u2019ouvrir un jour f\u00e9ri\u00e9 ? - TRIBUNAL-NATURE\" \/>\n<meta property=\"og:description\" content=\"Avocat; les commerces ont-ils le droit d\u2019ouvrir un jour f\u00e9ri\u00e9 ? article de TRIBUNAL-NATURE\" \/>\n<meta property=\"og:url\" content=\"https:\/\/www.tribunal-nature.org\/blog\/avocat-les-commerces-ont-ils-le-droit-douvrir-un-jour-ferie\/\" \/>\n<meta property=\"og:site_name\" content=\"TRIBUNAL-NATURE\" \/>\n<meta property=\"article:published_time\" content=\"2025-11-11T17:08:14+00:00\" \/>\n<meta property=\"og:image\" content=\"https:\/\/www.tribunal-nature.org\/blog\/wp-content\/uploads\/2025\/11\/vue-du-centre-commercial-bourse-commerce-031025fpt03-1762856794_83a245b6dfd8667a245b6dfd8baa24v_.jpg\" \/>\n<meta name=\"author\" content=\"Isabelle LOUBEAU\" \/>\n<meta name=\"twitter:card\" content=\"summary_large_image\" \/>\n<meta name=\"twitter:label1\" content=\"\u00c9crit par\" \/>\n\t<meta name=\"twitter:data1\" content=\"Isabelle LOUBEAU\" \/>\n\t<meta name=\"twitter:label2\" content=\"Dur\u00e9e de lecture estim\u00e9e\" \/>\n\t<meta name=\"twitter:data2\" content=\"9 minutes\" \/>\n<script type=\"application\/ld+json\" class=\"yoast-schema-graph\">{\"@context\":\"https:\\\/\\\/schema.org\",\"@graph\":[{\"@type\":\"Article\",\"@id\":\"https:\\\/\\\/www.tribunal-nature.org\\\/blog\\\/avocat-les-commerces-ont-ils-le-droit-douvrir-un-jour-ferie\\\/#article\",\"isPartOf\":{\"@id\":\"https:\\\/\\\/www.tribunal-nature.org\\\/blog\\\/avocat-les-commerces-ont-ils-le-droit-douvrir-un-jour-ferie\\\/\"},\"author\":{\"name\":\"Isabelle LOUBEAU\",\"@id\":\"https:\\\/\\\/www.tribunal-nature.org\\\/blog\\\/#\\\/schema\\\/person\\\/55761caf7544da6b05b60523f2a0855f\"},\"headline\":\"Avocat; les commerces ont-ils le droit d\u2019ouvrir un jour f\u00e9ri\u00e9 ?\",\"datePublished\":\"2025-11-11T17:08:14+00:00\",\"mainEntityOfPage\":{\"@id\":\"https:\\\/\\\/www.tribunal-nature.org\\\/blog\\\/avocat-les-commerces-ont-ils-le-droit-douvrir-un-jour-ferie\\\/\"},\"wordCount\":1791,\"publisher\":{\"@id\":\"https:\\\/\\\/www.tribunal-nature.org\\\/blog\\\/#organization\"},\"image\":{\"@id\":\"https:\\\/\\\/www.tribunal-nature.org\\\/blog\\\/avocat-les-commerces-ont-ils-le-droit-douvrir-un-jour-ferie\\\/#primaryimage\"},\"thumbnailUrl\":\"https:\\\/\\\/www.tribunal-nature.org\\\/blog\\\/wp-content\\\/uploads\\\/2025\\\/11\\\/vue-du-centre-commercial-bourse-commerce-031025fpt03-1762856794_83a245b6dfd8667a245b6dfd8baa24v_.jpg\",\"articleSection\":[\"Droit De L'Environnement:\"],\"inLanguage\":\"fr-FR\"},{\"@type\":\"WebPage\",\"@id\":\"https:\\\/\\\/www.tribunal-nature.org\\\/blog\\\/avocat-les-commerces-ont-ils-le-droit-douvrir-un-jour-ferie\\\/\",\"url\":\"https:\\\/\\\/www.tribunal-nature.org\\\/blog\\\/avocat-les-commerces-ont-ils-le-droit-douvrir-un-jour-ferie\\\/\",\"name\":\"Avocat; les commerces ont-ils le droit d\u2019ouvrir un jour f\u00e9ri\u00e9 ? - TRIBUNAL-NATURE\",\"isPartOf\":{\"@id\":\"https:\\\/\\\/www.tribunal-nature.org\\\/blog\\\/#website\"},\"primaryImageOfPage\":{\"@id\":\"https:\\\/\\\/www.tribunal-nature.org\\\/blog\\\/avocat-les-commerces-ont-ils-le-droit-douvrir-un-jour-ferie\\\/#primaryimage\"},\"image\":{\"@id\":\"https:\\\/\\\/www.tribunal-nature.org\\\/blog\\\/avocat-les-commerces-ont-ils-le-droit-douvrir-un-jour-ferie\\\/#primaryimage\"},\"thumbnailUrl\":\"https:\\\/\\\/www.tribunal-nature.org\\\/blog\\\/wp-content\\\/uploads\\\/2025\\\/11\\\/vue-du-centre-commercial-bourse-commerce-031025fpt03-1762856794_83a245b6dfd8667a245b6dfd8baa24v_.jpg\",\"datePublished\":\"2025-11-11T17:08:14+00:00\",\"description\":\"Avocat; les commerces ont-ils le droit d\u2019ouvrir un jour f\u00e9ri\u00e9 ? article de TRIBUNAL-NATURE\",\"breadcrumb\":{\"@id\":\"https:\\\/\\\/www.tribunal-nature.org\\\/blog\\\/avocat-les-commerces-ont-ils-le-droit-douvrir-un-jour-ferie\\\/#breadcrumb\"},\"inLanguage\":\"fr-FR\",\"potentialAction\":[{\"@type\":\"ReadAction\",\"target\":[\"https:\\\/\\\/www.tribunal-nature.org\\\/blog\\\/avocat-les-commerces-ont-ils-le-droit-douvrir-un-jour-ferie\\\/\"]}]},{\"@type\":\"ImageObject\",\"inLanguage\":\"fr-FR\",\"@id\":\"https:\\\/\\\/www.tribunal-nature.org\\\/blog\\\/avocat-les-commerces-ont-ils-le-droit-douvrir-un-jour-ferie\\\/#primaryimage\",\"url\":\"https:\\\/\\\/www.tribunal-nature.org\\\/blog\\\/wp-content\\\/uploads\\\/2025\\\/11\\\/vue-du-centre-commercial-bourse-commerce-031025fpt03-1762856794_83a245b6dfd8667a245b6dfd8baa24v_.jpg\",\"contentUrl\":\"https:\\\/\\\/www.tribunal-nature.org\\\/blog\\\/wp-content\\\/uploads\\\/2025\\\/11\\\/vue-du-centre-commercial-bourse-commerce-031025fpt03-1762856794_83a245b6dfd8667a245b6dfd8baa24v_.jpg\",\"width\":1000,\"height\":563,\"caption\":\"vue du centre commercial bourse commerce 031025fpt03 1762856794 83a245b6dfd8667a245b6dfd8baa24v\"},{\"@type\":\"BreadcrumbList\",\"@id\":\"https:\\\/\\\/www.tribunal-nature.org\\\/blog\\\/avocat-les-commerces-ont-ils-le-droit-douvrir-un-jour-ferie\\\/#breadcrumb\",\"itemListElement\":[{\"@type\":\"ListItem\",\"position\":1,\"name\":\"Accueil\",\"item\":\"https:\\\/\\\/www.tribunal-nature.org\\\/blog\\\/\"},{\"@type\":\"ListItem\",\"position\":2,\"name\":\"Avocat; les commerces ont-ils le droit d\u2019ouvrir un jour f\u00e9ri\u00e9 ?\"}]},{\"@type\":\"WebSite\",\"@id\":\"https:\\\/\\\/www.tribunal-nature.org\\\/blog\\\/#website\",\"url\":\"https:\\\/\\\/www.tribunal-nature.org\\\/blog\\\/\",\"name\":\"TRIBUNAL-NATURE\",\"description\":\"Droit De L&#039;Environnement.\",\"publisher\":{\"@id\":\"https:\\\/\\\/www.tribunal-nature.org\\\/blog\\\/#organization\"},\"potentialAction\":[{\"@type\":\"SearchAction\",\"target\":{\"@type\":\"EntryPoint\",\"urlTemplate\":\"https:\\\/\\\/www.tribunal-nature.org\\\/blog\\\/?s={search_term_string}\"},\"query-input\":{\"@type\":\"PropertyValueSpecification\",\"valueRequired\":true,\"valueName\":\"search_term_string\"}}],\"inLanguage\":\"fr-FR\"},{\"@type\":\"Organization\",\"@id\":\"https:\\\/\\\/www.tribunal-nature.org\\\/blog\\\/#organization\",\"name\":\"tribunal-nature\",\"url\":\"https:\\\/\\\/www.tribunal-nature.org\\\/blog\\\/\",\"logo\":{\"@type\":\"ImageObject\",\"inLanguage\":\"fr-FR\",\"@id\":\"https:\\\/\\\/www.tribunal-nature.org\\\/blog\\\/#\\\/schema\\\/logo\\\/image\\\/\",\"url\":\"https:\\\/\\\/www.tribunal-nature.org\\\/blog\\\/wp-content\\\/uploads\\\/2022\\\/05\\\/logo-2.png\",\"contentUrl\":\"https:\\\/\\\/www.tribunal-nature.org\\\/blog\\\/wp-content\\\/uploads\\\/2022\\\/05\\\/logo-2.png\",\"width\":180,\"height\":180,\"caption\":\"tribunal-nature\"},\"image\":{\"@id\":\"https:\\\/\\\/www.tribunal-nature.org\\\/blog\\\/#\\\/schema\\\/logo\\\/image\\\/\"}},{\"@type\":\"Person\",\"@id\":\"https:\\\/\\\/www.tribunal-nature.org\\\/blog\\\/#\\\/schema\\\/person\\\/55761caf7544da6b05b60523f2a0855f\",\"name\":\"Isabelle LOUBEAU\",\"image\":{\"@type\":\"ImageObject\",\"inLanguage\":\"fr-FR\",\"@id\":\"https:\\\/\\\/secure.gravatar.com\\\/avatar\\\/b6912620aca78633bf5d50400888815d3b38a1118e82b94050843f411f3f5972?s=96&d=mm&r=g\",\"url\":\"https:\\\/\\\/secure.gravatar.com\\\/avatar\\\/b6912620aca78633bf5d50400888815d3b38a1118e82b94050843f411f3f5972?s=96&d=mm&r=g\",\"contentUrl\":\"https:\\\/\\\/secure.gravatar.com\\\/avatar\\\/b6912620aca78633bf5d50400888815d3b38a1118e82b94050843f411f3f5972?s=96&d=mm&r=g\",\"caption\":\"Isabelle LOUBEAU\"},\"url\":\"https:\\\/\\\/www.tribunal-nature.org\\\/blog\\\/author\\\/ureisabelle\\\/\"}]}<\/script>\n<!-- \/ Yoast SEO plugin. -->","yoast_head_json":{"title":"Avocat; les commerces ont-ils le droit d\u2019ouvrir un jour f\u00e9ri\u00e9 ? - TRIBUNAL-NATURE","description":"Avocat; les commerces ont-ils le droit d\u2019ouvrir un jour f\u00e9ri\u00e9 ? article de TRIBUNAL-NATURE","robots":{"index":"index","follow":"follow","max-snippet":"max-snippet:-1","max-image-preview":"max-image-preview:large","max-video-preview":"max-video-preview:-1"},"canonical":"https:\/\/www.tribunal-nature.org\/blog\/avocat-les-commerces-ont-ils-le-droit-douvrir-un-jour-ferie\/","og_locale":"fr_FR","og_type":"article","og_title":"Avocat; les commerces ont-ils le droit d\u2019ouvrir un jour f\u00e9ri\u00e9 ? - TRIBUNAL-NATURE","og_description":"Avocat; les commerces ont-ils le droit d\u2019ouvrir un jour f\u00e9ri\u00e9 ? article de TRIBUNAL-NATURE","og_url":"https:\/\/www.tribunal-nature.org\/blog\/avocat-les-commerces-ont-ils-le-droit-douvrir-un-jour-ferie\/","og_site_name":"TRIBUNAL-NATURE","article_published_time":"2025-11-11T17:08:14+00:00","og_image":[{"url":"https:\/\/www.tribunal-nature.org\/blog\/wp-content\/uploads\/2025\/11\/vue-du-centre-commercial-bourse-commerce-031025fpt03-1762856794_83a245b6dfd8667a245b6dfd8baa24v_.jpg","type":"","width":"","height":""}],"author":"Isabelle LOUBEAU","twitter_card":"summary_large_image","twitter_misc":{"\u00c9crit par":"Isabelle LOUBEAU","Dur\u00e9e de lecture estim\u00e9e":"9 minutes"},"schema":{"@context":"https:\/\/schema.org","@graph":[{"@type":"Article","@id":"https:\/\/www.tribunal-nature.org\/blog\/avocat-les-commerces-ont-ils-le-droit-douvrir-un-jour-ferie\/#article","isPartOf":{"@id":"https:\/\/www.tribunal-nature.org\/blog\/avocat-les-commerces-ont-ils-le-droit-douvrir-un-jour-ferie\/"},"author":{"name":"Isabelle LOUBEAU","@id":"https:\/\/www.tribunal-nature.org\/blog\/#\/schema\/person\/55761caf7544da6b05b60523f2a0855f"},"headline":"Avocat; les commerces ont-ils le droit d\u2019ouvrir un jour f\u00e9ri\u00e9 ?","datePublished":"2025-11-11T17:08:14+00:00","mainEntityOfPage":{"@id":"https:\/\/www.tribunal-nature.org\/blog\/avocat-les-commerces-ont-ils-le-droit-douvrir-un-jour-ferie\/"},"wordCount":1791,"publisher":{"@id":"https:\/\/www.tribunal-nature.org\/blog\/#organization"},"image":{"@id":"https:\/\/www.tribunal-nature.org\/blog\/avocat-les-commerces-ont-ils-le-droit-douvrir-un-jour-ferie\/#primaryimage"},"thumbnailUrl":"https:\/\/www.tribunal-nature.org\/blog\/wp-content\/uploads\/2025\/11\/vue-du-centre-commercial-bourse-commerce-031025fpt03-1762856794_83a245b6dfd8667a245b6dfd8baa24v_.jpg","articleSection":["Droit De L'Environnement:"],"inLanguage":"fr-FR"},{"@type":"WebPage","@id":"https:\/\/www.tribunal-nature.org\/blog\/avocat-les-commerces-ont-ils-le-droit-douvrir-un-jour-ferie\/","url":"https:\/\/www.tribunal-nature.org\/blog\/avocat-les-commerces-ont-ils-le-droit-douvrir-un-jour-ferie\/","name":"Avocat; les commerces ont-ils le droit d\u2019ouvrir un jour f\u00e9ri\u00e9 ? - TRIBUNAL-NATURE","isPartOf":{"@id":"https:\/\/www.tribunal-nature.org\/blog\/#website"},"primaryImageOfPage":{"@id":"https:\/\/www.tribunal-nature.org\/blog\/avocat-les-commerces-ont-ils-le-droit-douvrir-un-jour-ferie\/#primaryimage"},"image":{"@id":"https:\/\/www.tribunal-nature.org\/blog\/avocat-les-commerces-ont-ils-le-droit-douvrir-un-jour-ferie\/#primaryimage"},"thumbnailUrl":"https:\/\/www.tribunal-nature.org\/blog\/wp-content\/uploads\/2025\/11\/vue-du-centre-commercial-bourse-commerce-031025fpt03-1762856794_83a245b6dfd8667a245b6dfd8baa24v_.jpg","datePublished":"2025-11-11T17:08:14+00:00","description":"Avocat; les commerces ont-ils le droit d\u2019ouvrir un jour f\u00e9ri\u00e9 ? article de TRIBUNAL-NATURE","breadcrumb":{"@id":"https:\/\/www.tribunal-nature.org\/blog\/avocat-les-commerces-ont-ils-le-droit-douvrir-un-jour-ferie\/#breadcrumb"},"inLanguage":"fr-FR","potentialAction":[{"@type":"ReadAction","target":["https:\/\/www.tribunal-nature.org\/blog\/avocat-les-commerces-ont-ils-le-droit-douvrir-un-jour-ferie\/"]}]},{"@type":"ImageObject","inLanguage":"fr-FR","@id":"https:\/\/www.tribunal-nature.org\/blog\/avocat-les-commerces-ont-ils-le-droit-douvrir-un-jour-ferie\/#primaryimage","url":"https:\/\/www.tribunal-nature.org\/blog\/wp-content\/uploads\/2025\/11\/vue-du-centre-commercial-bourse-commerce-031025fpt03-1762856794_83a245b6dfd8667a245b6dfd8baa24v_.jpg","contentUrl":"https:\/\/www.tribunal-nature.org\/blog\/wp-content\/uploads\/2025\/11\/vue-du-centre-commercial-bourse-commerce-031025fpt03-1762856794_83a245b6dfd8667a245b6dfd8baa24v_.jpg","width":1000,"height":563,"caption":"vue du centre commercial bourse commerce 031025fpt03 1762856794 83a245b6dfd8667a245b6dfd8baa24v"},{"@type":"BreadcrumbList","@id":"https:\/\/www.tribunal-nature.org\/blog\/avocat-les-commerces-ont-ils-le-droit-douvrir-un-jour-ferie\/#breadcrumb","itemListElement":[{"@type":"ListItem","position":1,"name":"Accueil","item":"https:\/\/www.tribunal-nature.org\/blog\/"},{"@type":"ListItem","position":2,"name":"Avocat; les commerces ont-ils le droit d\u2019ouvrir un jour f\u00e9ri\u00e9 ?"}]},{"@type":"WebSite","@id":"https:\/\/www.tribunal-nature.org\/blog\/#website","url":"https:\/\/www.tribunal-nature.org\/blog\/","name":"TRIBUNAL-NATURE","description":"Droit De L&#039;Environnement.","publisher":{"@id":"https:\/\/www.tribunal-nature.org\/blog\/#organization"},"potentialAction":[{"@type":"SearchAction","target":{"@type":"EntryPoint","urlTemplate":"https:\/\/www.tribunal-nature.org\/blog\/?s={search_term_string}"},"query-input":{"@type":"PropertyValueSpecification","valueRequired":true,"valueName":"search_term_string"}}],"inLanguage":"fr-FR"},{"@type":"Organization","@id":"https:\/\/www.tribunal-nature.org\/blog\/#organization","name":"tribunal-nature","url":"https:\/\/www.tribunal-nature.org\/blog\/","logo":{"@type":"ImageObject","inLanguage":"fr-FR","@id":"https:\/\/www.tribunal-nature.org\/blog\/#\/schema\/logo\/image\/","url":"https:\/\/www.tribunal-nature.org\/blog\/wp-content\/uploads\/2022\/05\/logo-2.png","contentUrl":"https:\/\/www.tribunal-nature.org\/blog\/wp-content\/uploads\/2022\/05\/logo-2.png","width":180,"height":180,"caption":"tribunal-nature"},"image":{"@id":"https:\/\/www.tribunal-nature.org\/blog\/#\/schema\/logo\/image\/"}},{"@type":"Person","@id":"https:\/\/www.tribunal-nature.org\/blog\/#\/schema\/person\/55761caf7544da6b05b60523f2a0855f","name":"Isabelle LOUBEAU","image":{"@type":"ImageObject","inLanguage":"fr-FR","@id":"https:\/\/secure.gravatar.com\/avatar\/b6912620aca78633bf5d50400888815d3b38a1118e82b94050843f411f3f5972?s=96&d=mm&r=g","url":"https:\/\/secure.gravatar.com\/avatar\/b6912620aca78633bf5d50400888815d3b38a1118e82b94050843f411f3f5972?s=96&d=mm&r=g","contentUrl":"https:\/\/secure.gravatar.com\/avatar\/b6912620aca78633bf5d50400888815d3b38a1118e82b94050843f411f3f5972?s=96&d=mm&r=g","caption":"Isabelle LOUBEAU"},"url":"https:\/\/www.tribunal-nature.org\/blog\/author\/ureisabelle\/"}]}},"_links":{"self":[{"href":"https:\/\/www.tribunal-nature.org\/blog\/wp-json\/wp\/v2\/posts\/1452","targetHints":{"allow":["GET"]}}],"collection":[{"href":"https:\/\/www.tribunal-nature.org\/blog\/wp-json\/wp\/v2\/posts"}],"about":[{"href":"https:\/\/www.tribunal-nature.org\/blog\/wp-json\/wp\/v2\/types\/post"}],"author":[{"embeddable":true,"href":"https:\/\/www.tribunal-nature.org\/blog\/wp-json\/wp\/v2\/users\/3"}],"replies":[{"embeddable":true,"href":"https:\/\/www.tribunal-nature.org\/blog\/wp-json\/wp\/v2\/comments?post=1452"}],"version-history":[{"count":0,"href":"https:\/\/www.tribunal-nature.org\/blog\/wp-json\/wp\/v2\/posts\/1452\/revisions"}],"wp:featuredmedia":[{"embeddable":true,"href":"https:\/\/www.tribunal-nature.org\/blog\/wp-json\/wp\/v2\/media\/1453"}],"wp:attachment":[{"href":"https:\/\/www.tribunal-nature.org\/blog\/wp-json\/wp\/v2\/media?parent=1452"}],"wp:term":[{"taxonomy":"category","embeddable":true,"href":"https:\/\/www.tribunal-nature.org\/blog\/wp-json\/wp\/v2\/categories?post=1452"},{"taxonomy":"post_tag","embeddable":true,"href":"https:\/\/www.tribunal-nature.org\/blog\/wp-json\/wp\/v2\/tags?post=1452"}],"curies":[{"name":"wp","href":"https:\/\/api.w.org\/{rel}","templated":true}]}}