{"id":1446,"date":"2025-11-07T21:23:13","date_gmt":"2025-11-07T20:23:13","guid":{"rendered":"https:\/\/www.tribunal-nature.org\/blog\/avocat-geneve-des-eleves-simulent-un-proces-au-co-de-drize\/"},"modified":"2025-11-07T21:23:13","modified_gmt":"2025-11-07T20:23:13","slug":"avocat-geneve-des-eleves-simulent-un-proces-au-co-de-drize","status":"publish","type":"post","link":"https:\/\/www.tribunal-nature.org\/blog\/avocat-geneve-des-eleves-simulent-un-proces-au-co-de-drize\/","title":{"rendered":"Avocat; Gen\u00e8ve: des \u00e9l\u00e8ves simulent un proc\u00e8s au CO de Drize"},"content":{"rendered":"<div><img width=\"750\" height=\"374\" src=\"https:\/\/www.tribunal-nature.org\/blog\/wp-content\/uploads\/2025\/11\/3V2QROfF41e9BG3r_JRrEw-1024x511-1.jpg\" class=\"attachment-large size-large wp-post-image\" alt=\"\" style=\"width:100%;height:49.92%;max-width:1200px;float:left; margin:0 15px 15px 0;\" decoding=\"async\" srcset=\"https:\/\/www.tribunal-nature.org\/blog\/wp-content\/uploads\/2025\/11\/3V2QROfF41e9BG3r_JRrEw-1024x511-1.jpg 1024w, https:\/\/www.site.cdcl.xyz\/wp-content\/uploads\/2025\/11\/3V2QROfF41e9BG3r_JRrEw-300x150.jpg 300w, https:\/\/www.site.cdcl.xyz\/wp-content\/uploads\/2025\/11\/3V2QROfF41e9BG3r_JRrEw-768x383.jpg 768w, https:\/\/www.site.cdcl.xyz\/wp-content\/uploads\/2025\/11\/3V2QROfF41e9BG3r_JRrEw.jpg 1200w\" sizes=\"(max-width: 750px) 100vw, 750px\"><\/p>\n<p>\nLe titre \u00ab\u00a0Gen\u00e8ve: des \u00e9l\u00e8ves simulent un proc\u00e8s au CO de Drize\u00a0\u00bb correspond \u00e0 un article qui a \u00e9t\u00e9 publi\u00e9 r\u00e9cemment. <\/p>\n<div id=\"\">\n<nav class=\"Breadcrumbs_root__XDS5_\" aria-label=\"Breadcrumb\"><\/nav>\n<div class=\"ContentHead_root__gprpd ArticleContainer_content-width__FRl7F\">\n<h2 class=\"ContentHead_title___XVQC  undefined\">\n<\/h2>\n<p><span class=\"ArticleTitleHeader_titleheader__BkgWI\">Faux proc\u00e8s \u00e0 Gen\u00e8ve<\/span><span class=\"ArticleTitleHeader_hiddendash__12XEy\" aria-hidden=\"true\" role=\"presentation\"> \u2013 <\/span><\/p>\n<p><span class=\"ContentHead_text__2MEnX\">Au Cycle, des \u00e9l\u00e8ves se mettent dans la peau d\u2019accus\u00e9s et de procureurs<\/span>\n<\/p>\n<p class=\"ContentHead_lead____SsS link_regular__O0hk0 link_externalicon-big__ZdPgo link_externalicon__qcwXs\"><span><span class=\"HtmlText_root__A1OSq\">Durant une semaine, des avocats se sont d\u00e9plac\u00e9s dans diff\u00e9rents cycles d\u2019orientation pour initier les \u00e9l\u00e8ves au syst\u00e8me judiciaire. Immersion dans le jeu de r\u00f4le simul\u00e9 par la classe\u00a0215 de Drize.<\/span><\/span><\/p>\n<div class=\"ContentMetaInfo_root__Bh2Gq\">\n<div class=\"ContentMetaInfo_authorsimages__feMDL\" role=\"button\" tabindex=\"-1\"><img decoding=\"async\" src=\"https:\/\/www.tribunal-nature.org\/blog\/wp-content\/uploads\/2025\/11\/Avocat-Geneve-des-eleves-simulent-un-proces-au-CO-de.jpg\" width=\"100\" height=\"100\" alt=\"Bastien Nespolo\" class=\"AuthorImage_root__WCxj_ ContentMetaInfo_authorimage__Mp4LD AuthorImage_-content-head__3qDob\" style=\"background-color:#7C7C7C\"><\/div>\n<div class=\"ContentMetaInfo_contenttext__OgjUo\"><span class=\"ContentMetaInfo_datewrapper__4sUYA\"><time datetime=\"2025-11-07T18:03:21.000Z\" class=\"FullDateTime_root__K7FL2 ArticleContainer_content-width__FRl7F FullDateTime_-metainfo__e_tHp\">Publi\u00e9 aujourd\u2019hui \u00e0 19h03<\/time><\/span><\/div>\n<\/div>\n<\/div>\n<figure class=\"ArticleImage_root__ljxWa ArticleContainer_full-width__Pv_7U ArticleElement_article-element__q93eL article-image\">\n<div class=\"ArticleImage_image-wrapper__CgipZ\"><picture data-test-id=\"article-responsive-image\"><source width=\"1920\" height=\"1280\"><img decoding=\"async\" loading=\"eager\" fetchpriority=\"high\" src=\"https:\/\/www.tribunal-nature.org\/blog\/wp-content\/uploads\/2025\/11\/1762545158_67_Avocat-Geneve-des-eleves-simulent-un-proces-au-CO-de.jpg\" alt=\"Matthieu Gisin, avocat p\u00e9naliste, anime un atelier sur la justice avec des \u00e9l\u00e8ves au Cycle d\u2019orientation de Drize, illustr\u00e9 par un faux proc\u00e8s sur le harc\u00e8lement.\" title=\"Matthieu Gisin, avocat p\u00e9naliste, anime un atelier sur la justice avec des \u00e9l\u00e8ves au Cycle d\u2019orientation de Drize, illustr\u00e9 par un faux proc\u00e8s sur le harc\u00e8lement.\" class=\"ResponsiveImage_root__ZDz10 responsive-image\" style=\"background-color:#979F9C\"><\/picture><button class=\"Button_root__QZUpH Button_-primary__W1s_H Button_-circle___o6Rb FullscreenButton_root__txhCu ArticleImage_fullscreenicon__PIPLj\" aria-label=\"ouvrir le plein \u00e9cran\"><svg xmlns=\"http:\/\/www.w3.org\/2000\/svg\" width=\"35\" height=\"35\" viewbox=\"0 0 35 35\"><g fill=\"none\" fill-rule=\"evenodd\"><path stroke=\"#FFF\" stroke-width=\"2\" d=\"M18 24.4h-6v-6M16.4 13h6v6\"><\/path><\/g><\/svg><\/button><\/div><figcaption class=\"ContentCaption_root__QGjxc link_regular__O0hk0 link_externalicon__qcwXs content-caption\">\n<p><span class=\"HtmlText_root__A1OSq\">\u00abLes avocats dans les \u00e9coles\u00bb est une action p\u00e9dagogique pour sensibiliser les \u00e9l\u00e8ves au syst\u00e8me judiciaire. Sur une semaine, une centaine de classes du canton re\u00e7oivent la pr\u00e9sence d\u2019un avocat de l\u2019Odage durant une matin\u00e9e.<\/span><\/p>\n<p>Nicolas Dupraz<\/p>\n<\/figcaption><\/figure>\n<div id=\"summary-list\" class=\"ArticleElement_article-element__q93eL SummaryList_root__4gIhh ArticleContainer_content-width__FRl7F\"><strong class=\"SummaryList_title__8uifR\">En bref<!-- -->:<\/strong><\/p>\n<ul class=\"SummaryList_list__pEa7M\">\n<li>L\u2019Ordre des avocats genevois organisait cette semaine des ateliers dans des classes de 9<sup>e<\/sup> du Cycle d\u2019orientation pour initier les jeunes au syst\u00e8me judiciaire.<\/li>\n<li>Les \u00e9l\u00e8ves participent \u00e0 un faux proc\u00e8s simulant un cas de harc\u00e8lement et de violence.<\/li>\n<li>Une centaine de classes genevoises ont b\u00e9n\u00e9fici\u00e9 de cette sensibilisation.<\/li>\n<\/ul>\n<\/div>\n<p class=\"ArticleParagraph_root__lhFZo ArticleContainer_content-width__FRl7F link_focus__0ZMwx link_externalicon-big__ZdPgo link_externalicon__qcwXs ArticleElement_article-element__q93eL\"><span class=\"HtmlText_root__A1OSq\">R\u00e8gles de conduite \u00e9pingl\u00e9es au mur, pupitres ordonn\u00e9s et peinture blanche. Ce jeudi matin, le d\u00e9cor du tribunal diff\u00e8re quelque peu des habituelles salles du Palais de justice. Pourtant, d\u00e8s que M<sup>e<\/sup>\u00a0Matthieu Gisin, avocat p\u00e9naliste, entre dans cet espace, il assure: \u00abCe n\u2019est pas beaucoup plus petit qu\u2019une salle d\u2019audience.\u00bb<\/span><\/p>\n<p class=\"ArticleParagraph_root__lhFZo ArticleContainer_content-width__FRl7F link_focus__0ZMwx link_externalicon-big__ZdPgo link_externalicon__qcwXs ArticleElement_article-element__q93eL\"><span class=\"HtmlText_root__A1OSq\">Tout est pr\u00e9vu. Dans cette salle\u00a0215 du Cycle d\u2019orientation (CO) de Drize, une vingtaine d\u2019\u00e9l\u00e8ves de 9<sup>e<\/sup>\u00a0ann\u00e9e assistent \u00e0 une activit\u00e9 interactive organis\u00e9e par <\/span><span>l\u2019Ordre des avocats de Gen\u00e8ve<\/span><span class=\"HtmlText_root__A1OSq\"> (Odage) et le D\u00e9partement de l\u2019instruction publique: \u00ab<\/span><span>Les avocats dans les \u00e9coles<\/span><span class=\"HtmlText_root__A1OSq\">\u00bb.<\/span><\/p>\n<p class=\"ArticleParagraph_root__lhFZo ArticleContainer_content-width__FRl7F link_focus__0ZMwx link_externalicon-big__ZdPgo link_externalicon__qcwXs ArticleElement_article-element__q93eL\"><span class=\"HtmlText_root__A1OSq\">Durant deux p\u00e9riodes, les jeunes \u00e2g\u00e9s de 12 \u00e0 13\u00a0ans s\u2019initient au syst\u00e8me judiciaire suisse. L\u2019atelier se divise en deux parties. La premi\u00e8re est th\u00e9orique, tandis que la seconde simule <\/span><span>un faux proc\u00e8s<\/span><span class=\"HtmlText_root__A1OSq\"> et encourage les \u00e9l\u00e8ves \u00e0 se pr\u00eater \u00e0 un jeu de r\u00f4le. Ils incarneront pr\u00e9venus, avocats, procureurs et m\u00eame dessinateur. L\u2019enthousiasme gagne vite la classe. Immersion.<\/span><\/p>\n<h2 class=\"HtmlText_root__A1OSq CrossheadElement_root___NxEk ArticleContainer_content-width__FRl7F ArticleElement_article-element__q93eL\">Chacun un r\u00f4le dans ces faux proc\u00e8s<\/h2>\n<p class=\"ArticleParagraph_root__lhFZo ArticleContainer_content-width__FRl7F link_focus__0ZMwx link_externalicon-big__ZdPgo link_externalicon__qcwXs ArticleElement_article-element__q93eL\"><span class=\"HtmlText_root__A1OSq\">\u00abEn deuxi\u00e8me heure, vous aurez tous un r\u00f4le\u00bb, entame M<sup>e<\/sup>\u00a0Matthieu Gisin. Mais avant que les \u00e9l\u00e8ves choisissent parmi les identit\u00e9s fictives, il faut les expliquer. L\u2019avocat p\u00e9naliste d\u00e9crit alors les diff\u00e9rents intervenants pr\u00e9sents lors d\u2019une proc\u00e9dure judiciaire.<\/span><\/p>\n<p class=\"ArticleParagraph_root__lhFZo ArticleContainer_content-width__FRl7F link_focus__0ZMwx link_externalicon-big__ZdPgo link_externalicon__qcwXs ArticleElement_article-element__q93eL\"><span class=\"HtmlText_root__A1OSq\">\u00abLe droit p\u00e9nal comporte la notion de punition. C\u2019est-\u00e0-dire qu\u2019il y a quelque chose de faux qui a \u00e9t\u00e9 fait et les procureurs, qui repr\u00e9sentent l\u2019\u00c9tat, cherchent \u00e0 r\u00e9tablir la v\u00e9rit\u00e9.\u00bb Il poursuit en parlant de la place du pr\u00e9venu, de la partie plaignante ou encore du r\u00f4le des avocats et adapte aussi les explications \u00e0 la r\u00e9alit\u00e9 des enfants. \u00abDans un proc\u00e8s qui concerne des mineurs, la police n\u2019est pas tout \u00e0 fait la m\u00eame et il n\u2019y a pas de procureur, mais un juge pour mineurs.\u00bb<\/span><\/p>\n<figure class=\"ArticleImage_root__ljxWa ArticleContainer_full-width__Pv_7U ArticleElement_article-element__q93eL article-image\">\n<div class=\"ArticleImage_image-wrapper__CgipZ\"><picture data-test-id=\"article-responsive-image\"><source width=\"1920\" height=\"1280\"><img decoding=\"async\" loading=\"lazy\" src=\"https:\/\/www.tribunal-nature.org\/blog\/wp-content\/uploads\/2025\/11\/1762545159_578_Avocat-Geneve-des-eleves-simulent-un-proces-au-CO-de.jpg\" alt=\"Matthieu Gisin, avocat p\u00e9naliste, anime un atelier sur la justice au Cycle d\u2019orientation de Drize, devant des \u00e9l\u00e8ves.\" title=\"Matthieu Gisin, avocat p\u00e9naliste, anime un atelier sur la justice au Cycle d\u2019orientation de Drize, devant des \u00e9l\u00e8ves.\" class=\"ResponsiveImage_root__ZDz10 responsive-image\" style=\"background-color:#9D8B7C\"><\/picture><button class=\"Button_root__QZUpH Button_-primary__W1s_H Button_-circle___o6Rb FullscreenButton_root__txhCu ArticleImage_fullscreenicon__PIPLj\" aria-label=\"ouvrir le plein \u00e9cran\"><svg xmlns=\"http:\/\/www.w3.org\/2000\/svg\" width=\"35\" height=\"35\" viewbox=\"0 0 35 35\"><g fill=\"none\" fill-rule=\"evenodd\"><path stroke=\"#FFF\" stroke-width=\"2\" d=\"M18 24.4h-6v-6M16.4 13h6v6\"><\/path><\/g><\/svg><\/button><\/div><figcaption class=\"ContentCaption_root__QGjxc link_regular__O0hk0 link_externalicon__qcwXs content-caption\">\n<p><span class=\"HtmlText_root__A1OSq\">C\u2019est la premi\u00e8re fois que Me\u00a0Matthieu Gisin participait \u00e0 ses sensibilisations de l\u2019Odage. L\u2019ann\u00e9e prochaine, il pr\u00e9voit de \u00abraccourcir un peu la partie th\u00e9orique pour que l\u2019apprentissage soit renforc\u00e9 par le jeu de r\u00f4le\u00bb.<\/span><\/p>\n<p>Nicolas Dupraz<\/p>\n<\/figcaption><\/figure>\n<p class=\"ArticleParagraph_root__lhFZo ArticleContainer_content-width__FRl7F link_focus__0ZMwx link_externalicon-big__ZdPgo link_externalicon__qcwXs ArticleElement_article-element__q93eL\"><span class=\"HtmlText_root__A1OSq\">Une pr\u00e9cision est amen\u00e9e: les proc\u00e8s dans les films am\u00e9ricains ne sont pas les m\u00eames qu\u2019en Suisse. Le professeur pr\u00e9sent en premi\u00e8re heure interagit. \u00abEst-ce que vous avez d\u00e9j\u00e0 vu des proc\u00e8s?\u00bb Les r\u00e9ponses s\u2019\u00e9quilibrent. Et un \u00e9l\u00e8ve de glisser: \u00abOui, <\/span><span>celui de Sarkozy.<\/span><span class=\"HtmlText_root__A1OSq\">\u00bb<\/span><\/p>\n<h2 class=\"HtmlText_root__A1OSq CrossheadElement_root___NxEk ArticleContainer_content-width__FRl7F ArticleElement_article-element__q93eL\">\u00abUn univers qui leur parle\u00bb<\/h2>\n<p class=\"ArticleParagraph_root__lhFZo ArticleContainer_content-width__FRl7F link_focus__0ZMwx link_externalicon-big__ZdPgo link_externalicon__qcwXs ArticleElement_article-element__q93eL\"><span class=\"HtmlText_root__A1OSq\">Le ma\u00eetre de classe, Lo\u00efc Bouille, est \u00e0 l\u2019initiative de cette d\u00e9marche de l\u2019Odage. Apr\u00e8s que sa direction a envoy\u00e9 un courriel aux enseignants, il a inscrit ses deux classes, dont une a pu profiter de cette sensibilisation \u00e0 la justice.<\/span><\/p>\n<p class=\"ArticleParagraph_root__lhFZo ArticleContainer_content-width__FRl7F link_focus__0ZMwx link_externalicon-big__ZdPgo link_externalicon__qcwXs ArticleElement_article-element__q93eL\"><span class=\"HtmlText_root__A1OSq\">\u00abC\u2019est une activit\u00e9 int\u00e9ressante qui sort de la routine et qui permet aussi, gr\u00e2ce au jeu de r\u00f4le, de travailler l\u2019empathie des \u00e9l\u00e8ves, partage le prof de citoyennet\u00e9. Le but de ces cours est de les informer sur le syst\u00e8me politique suisse, mais aussi de les rendre actifs en tant que citoyens.\u00bb<\/span><\/p>\n<p class=\"ArticleParagraph_root__lhFZo ArticleContainer_content-width__FRl7F link_focus__0ZMwx link_externalicon-big__ZdPgo link_externalicon__qcwXs ArticleElement_article-element__q93eL\"><span class=\"HtmlText_root__A1OSq\">Le sc\u00e9nario fictif du jour met en sc\u00e8ne cinq protagonistes. Deux victimes \u2013 une fille, Amina, et un gar\u00e7on, Pedro \u2013 et leurs trois agresseurs pr\u00e9sum\u00e9s, Gr\u00e9gory, Koffy et Jules. En cause: des messages sur le groupe WhatsApp de la classe et une vid\u00e9o post\u00e9e sur TikTok. Des injures comme \u00abgros mongol\u00bb ou \u00abesp\u00e8ce de sale schizo\u00bb ont \u00e9galement \u00e9t\u00e9 prof\u00e9r\u00e9es et une centaine de SMS ont \u00e9t\u00e9 envoy\u00e9s \u00e0 Amina, la jeune fille.<\/span><\/p>\n<p class=\"ArticleParagraph_root__lhFZo ArticleContainer_content-width__FRl7F link_focus__0ZMwx link_externalicon-big__ZdPgo link_externalicon__qcwXs ArticleElement_article-element__q93eL\"><span class=\"HtmlText_root__A1OSq\">L\u2019enseignant revient sur ce sc\u00e9nario de harc\u00e8lement et d\u2019insultes, amplifi\u00e9s par le cadre des r\u00e9seaux sociaux. \u00abC\u2019est tr\u00e8s bien, car c\u2019est un univers qui leur parle. L\u2019affaire aurait pu \u00eatre plus surprenante avec un cas de grand banditisme, mais \u00e7a aurait certainement \u00e9t\u00e9 moins pertinent.\u00bb<\/span><\/p>\n<p class=\"ArticleParagraph_root__lhFZo ArticleContainer_content-width__FRl7F link_focus__0ZMwx link_externalicon-big__ZdPgo link_externalicon__qcwXs ArticleElement_article-element__q93eL\"><span class=\"HtmlText_root__A1OSq\">Lo\u00efc Bouille profitera de cette activit\u00e9 pour aller plus loin, notamment en abordant le sens des peines et le r\u00f4le de la justice avec sa classe.<\/span><\/p>\n<h2 class=\"HtmlText_root__A1OSq CrossheadElement_root___NxEk ArticleContainer_content-width__FRl7F ArticleElement_article-element__q93eL\">Le ton change<\/h2>\n<figure class=\"ArticleImage_root__ljxWa ArticleContainer_full-width__Pv_7U ArticleElement_article-element__q93eL article-image\">\n<div class=\"ArticleImage_image-wrapper__CgipZ\"><picture data-test-id=\"article-responsive-image\"><source width=\"1920\" height=\"1280\"><img decoding=\"async\" loading=\"lazy\" src=\"https:\/\/www.tribunal-nature.org\/blog\/wp-content\/uploads\/2025\/11\/1762545160_973_Avocat-Geneve-des-eleves-simulent-un-proces-au-CO-de.jpg\" alt=\"Trois \u00e9l\u00e8ves discutent ensemble lors d\u2019un atelier anim\u00e9 par Matthieu Gisin au Cycle d\u2019orientation de Drize sur le th\u00e8me de la justice.\" title=\"Trois \u00e9l\u00e8ves discutent ensemble lors d\u2019un atelier anim\u00e9 par Matthieu Gisin au Cycle d\u2019orientation de Drize sur le th\u00e8me de la justice.\" class=\"ResponsiveImage_root__ZDz10 responsive-image\" style=\"background-color:#927F5A\"><\/picture><button class=\"Button_root__QZUpH Button_-primary__W1s_H Button_-circle___o6Rb FullscreenButton_root__txhCu ArticleImage_fullscreenicon__PIPLj\" aria-label=\"ouvrir le plein \u00e9cran\"><svg xmlns=\"http:\/\/www.w3.org\/2000\/svg\" width=\"35\" height=\"35\" viewbox=\"0 0 35 35\"><g fill=\"none\" fill-rule=\"evenodd\"><path stroke=\"#FFF\" stroke-width=\"2\" d=\"M18 24.4h-6v-6M16.4 13h6v6\"><\/path><\/g><\/svg><\/button><\/div><figcaption class=\"ContentCaption_root__QGjxc link_regular__O0hk0 link_externalicon__qcwXs content-caption\">\n<p><span class=\"HtmlText_root__A1OSq\">\u00c0 la suite de l\u2019activit\u00e9, l\u2019enseignant a partag\u00e9 un constat: \u00abLes \u00e9l\u00e8ves s\u2019\u00e9coutaient beaucoup entre eux. Souvent, les rapports sont plut\u00f4t individuels entre eux et moi et c\u2019est parfois difficile d\u2019avoir des relances communes avec la classe.\u00bb<\/span><\/p>\n<p>Nicolas Dupraz<\/p>\n<\/figcaption><\/figure>\n<p class=\"ArticleParagraph_root__lhFZo ArticleContainer_content-width__FRl7F link_focus__0ZMwx link_externalicon-big__ZdPgo link_externalicon__qcwXs ArticleElement_article-element__q93eL\"><span class=\"HtmlText_root__A1OSq\">Dans la seconde partie de matin\u00e9e, le mobilier de la classe est d\u00e9plac\u00e9, imitant le dispositif d\u2019une salle d\u2019audience. Les trois procureurs font face aux autres parties et le vouvoiement s\u2019installe naturellement.<\/span><\/p>\n<p class=\"ArticleParagraph_root__lhFZo ArticleContainer_content-width__FRl7F link_focus__0ZMwx link_externalicon-big__ZdPgo link_externalicon__qcwXs ArticleElement_article-element__q93eL\"><span class=\"HtmlText_root__A1OSq\">\u00abPourquoi avez-vous publi\u00e9 la vid\u00e9o de Pedro?\u00bb demandent les procureurs. \u00abPour faire des vues\u00bb, r\u00e9pond le pr\u00e9venu.<\/span><\/p>\n<p class=\"ArticleParagraph_root__lhFZo ArticleContainer_content-width__FRl7F link_focus__0ZMwx link_externalicon-big__ZdPgo link_externalicon__qcwXs ArticleElement_article-element__q93eL\"><span class=\"HtmlText_root__A1OSq\">Une vingtaine de questions plus tard vient le temps des plaidoiries. Exercice m\u00e9langeant s\u00e9rieux et \u00e9clats de rire. Puis, la sonnerie retentit. Signe que cette matin\u00e9e originale leur a plu, les \u00e9l\u00e8ves accordent quelques minutes de leur pause \u00e0 l\u2019annonce du verdict.<\/span><\/p>\n<p class=\"ArticleParagraph_root__lhFZo ArticleContainer_content-width__FRl7F link_focus__0ZMwx link_externalicon-big__ZdPgo link_externalicon__qcwXs ArticleElement_article-element__q93eL\"><span class=\"HtmlText_root__A1OSq\">Entre lundi et vendredi, une centaine de classes du canton de Gen\u00e8ve ont b\u00e9n\u00e9fici\u00e9 d\u2019une activit\u00e9 similaire.<\/span><\/p>\n<aside class=\"DynamicTeaser_root__9mL8g ArticleElement_article-element__q93eL\">\n<p class=\"DynamicTeaser_boxtitle__B6piN\"><span class=\"HtmlText_root__A1OSq\">De vrais proc\u00e8s \u00e0 Gen\u00e8ve<\/span><\/p>\n<\/aside>\n<section class=\"NewsletterBox_root__rh9I2 ArticleContainer_content-width__FRl7F\"><span class=\"NewsletterBox_nlindicator__S3yny\">Newsletter<\/span><span class=\"NewsletterBox_wrapper__nlGop\"><span class=\"NewsletterBox_description__fG0Kr\"><\/p>\n<p>\u00abDerni\u00e8res nouvelles\u00bb<\/p>\n<p><span class=\"NewsletterBox_lead__MvkdZ\">Vous voulez rester au top de l\u2019info? \u00abTribune de Gen\u00e8ve\u00bb vous propose deux rendez-vous par jour, directement dans votre bo\u00eete e-mail. Pour ne rien rater de ce qui se passe dans votre canton, en Suisse ou dans le monde.<\/span><\/p>\n<p>Autres newsletters<\/p>\n<\/p>\n<p><\/span><span class=\"NewsletterButton_root__ui1c3\"><button class=\"Button_root__QZUpH Button_-primary__W1s_H\">Se connecter<\/button><span class=\"NewsletterButton_feedback__ApKG1\"><\/span><\/span><\/span><\/section>\n<div class=\"ArticleAuthorBio_root__1sQwc ArticleContainer_content-width__FRl7F\">\n<div><span class=\"ArticleAuthorBio_shortbio__BIjFP\"><span><span class=\"HtmlText_root__A1OSq\">Bastien Nespolo est journaliste \u00e0 la rubrique genevoise depuis janvier 2025. Il a termin\u00e9 ses \u00e9tudes \u00e0 l\u2019AJM en ao\u00fbt de la m\u00eame ann\u00e9e. Il d\u00e9veloppe son int\u00e9r\u00eat pour les sujets scientifiques.<\/span><\/span>Plus d\u2019infos<\/span><\/div>\n<\/div>\n<p class=\"Feedback_root__fr_Mi ArticleContainer_content-width__FRl7F\">Vous avez trouv\u00e9 une erreur?Merci de nous la signaler.<\/p>\n<p><button class=\"Button_root__QZUpH Button_-outline__avKL5\">0 commentaires<\/button><\/p>\n<\/div>\n<h3>Pourquoi faire appel \u00e0 un avocat p\u00e9naliste en ligne ?<\/h3>\n<p>Recourir \u00e0 un avocat p\u00e9naliste en ligne facilite l\u2019acc\u00e8s \u00e0 des conseils juridiques sans avoir \u00e0 se d\u00e9placer. C\u2019est particuli\u00e8rement avantageux pour ceux qui ont des emplois du temps charg\u00e9s ou qui r\u00e9sident dans des r\u00e9gions isol\u00e9es. Les consultations en ligne offrent \u00e9galement la possibilit\u00e9 de poser des questions pr\u00e9cises et d\u2019obtenir des r\u00e9ponses qui correspondent \u00e0 votre situation. <\/p>\n<\/div>\n","protected":false},"excerpt":{"rendered":"<p>Le titre \u00ab\u00a0Gen\u00e8ve: des \u00e9l\u00e8ves simulent un proc\u00e8s au CO de Drize\u00a0\u00bb correspond \u00e0 un article qui a \u00e9t\u00e9 publi\u00e9&#8230;<\/p>\n","protected":false},"author":3,"featured_media":1447,"comment_status":"closed","ping_status":"closed","sticky":false,"template":"","format":"standard","meta":{"footnotes":""},"categories":[2],"tags":[],"class_list":["post-1446","post","type-post","status-publish","format-standard","has-post-thumbnail","hentry","category-droit-de-lenvironnement","wpcat-2-id"],"yoast_head":"<!-- This site is optimized with the Yoast SEO plugin v27.5 - https:\/\/yoast.com\/product\/yoast-seo-wordpress\/ -->\n<title>Avocat; Gen\u00e8ve: des \u00e9l\u00e8ves simulent un proc\u00e8s au CO de Drize - TRIBUNAL-NATURE<\/title>\n<meta name=\"description\" content=\"Avocat; Gen\u00e8ve: des \u00e9l\u00e8ves simulent un proc\u00e8s au CO de Drize article de TRIBUNAL-NATURE\" \/>\n<meta name=\"robots\" content=\"index, follow, max-snippet:-1, max-image-preview:large, max-video-preview:-1\" \/>\n<link rel=\"canonical\" href=\"https:\/\/www.tribunal-nature.org\/blog\/avocat-geneve-des-eleves-simulent-un-proces-au-co-de-drize\/\" \/>\n<meta property=\"og:locale\" content=\"fr_FR\" \/>\n<meta property=\"og:type\" content=\"article\" \/>\n<meta property=\"og:title\" content=\"Avocat; Gen\u00e8ve: des \u00e9l\u00e8ves simulent un proc\u00e8s au CO de Drize - TRIBUNAL-NATURE\" \/>\n<meta property=\"og:description\" content=\"Avocat; Gen\u00e8ve: des \u00e9l\u00e8ves simulent un proc\u00e8s au CO de Drize article de TRIBUNAL-NATURE\" \/>\n<meta property=\"og:url\" content=\"https:\/\/www.tribunal-nature.org\/blog\/avocat-geneve-des-eleves-simulent-un-proces-au-co-de-drize\/\" \/>\n<meta property=\"og:site_name\" content=\"TRIBUNAL-NATURE\" \/>\n<meta property=\"article:published_time\" content=\"2025-11-07T20:23:13+00:00\" \/>\n<meta property=\"og:image\" content=\"https:\/\/www.tribunal-nature.org\/blog\/wp-content\/uploads\/2025\/11\/3V2QROfF41e9BG3r_JRrEw-1024x511-1.jpg\" \/>\n<meta name=\"author\" content=\"Isabelle LOUBEAU\" \/>\n<meta name=\"twitter:card\" content=\"summary_large_image\" \/>\n<meta name=\"twitter:label1\" content=\"\u00c9crit par\" \/>\n\t<meta name=\"twitter:data1\" content=\"Isabelle LOUBEAU\" \/>\n\t<meta name=\"twitter:label2\" content=\"Dur\u00e9e de lecture estim\u00e9e\" \/>\n\t<meta name=\"twitter:data2\" content=\"6 minutes\" \/>\n<script type=\"application\/ld+json\" class=\"yoast-schema-graph\">{\"@context\":\"https:\\\/\\\/schema.org\",\"@graph\":[{\"@type\":\"Article\",\"@id\":\"https:\\\/\\\/www.tribunal-nature.org\\\/blog\\\/avocat-geneve-des-eleves-simulent-un-proces-au-co-de-drize\\\/#article\",\"isPartOf\":{\"@id\":\"https:\\\/\\\/www.tribunal-nature.org\\\/blog\\\/avocat-geneve-des-eleves-simulent-un-proces-au-co-de-drize\\\/\"},\"author\":{\"name\":\"Isabelle LOUBEAU\",\"@id\":\"https:\\\/\\\/www.tribunal-nature.org\\\/blog\\\/#\\\/schema\\\/person\\\/55761caf7544da6b05b60523f2a0855f\"},\"headline\":\"Avocat; Gen\u00e8ve: des \u00e9l\u00e8ves simulent un proc\u00e8s au CO de Drize\",\"datePublished\":\"2025-11-07T20:23:13+00:00\",\"mainEntityOfPage\":{\"@id\":\"https:\\\/\\\/www.tribunal-nature.org\\\/blog\\\/avocat-geneve-des-eleves-simulent-un-proces-au-co-de-drize\\\/\"},\"wordCount\":1275,\"publisher\":{\"@id\":\"https:\\\/\\\/www.tribunal-nature.org\\\/blog\\\/#organization\"},\"image\":{\"@id\":\"https:\\\/\\\/www.tribunal-nature.org\\\/blog\\\/avocat-geneve-des-eleves-simulent-un-proces-au-co-de-drize\\\/#primaryimage\"},\"thumbnailUrl\":\"https:\\\/\\\/www.tribunal-nature.org\\\/blog\\\/wp-content\\\/uploads\\\/2025\\\/11\\\/3V2QROfF41e9BG3r_JRrEw-1024x511-1.jpg\",\"articleSection\":[\"Droit De L'Environnement:\"],\"inLanguage\":\"fr-FR\"},{\"@type\":\"WebPage\",\"@id\":\"https:\\\/\\\/www.tribunal-nature.org\\\/blog\\\/avocat-geneve-des-eleves-simulent-un-proces-au-co-de-drize\\\/\",\"url\":\"https:\\\/\\\/www.tribunal-nature.org\\\/blog\\\/avocat-geneve-des-eleves-simulent-un-proces-au-co-de-drize\\\/\",\"name\":\"Avocat; Gen\u00e8ve: des \u00e9l\u00e8ves simulent un proc\u00e8s au CO de Drize - TRIBUNAL-NATURE\",\"isPartOf\":{\"@id\":\"https:\\\/\\\/www.tribunal-nature.org\\\/blog\\\/#website\"},\"primaryImageOfPage\":{\"@id\":\"https:\\\/\\\/www.tribunal-nature.org\\\/blog\\\/avocat-geneve-des-eleves-simulent-un-proces-au-co-de-drize\\\/#primaryimage\"},\"image\":{\"@id\":\"https:\\\/\\\/www.tribunal-nature.org\\\/blog\\\/avocat-geneve-des-eleves-simulent-un-proces-au-co-de-drize\\\/#primaryimage\"},\"thumbnailUrl\":\"https:\\\/\\\/www.tribunal-nature.org\\\/blog\\\/wp-content\\\/uploads\\\/2025\\\/11\\\/3V2QROfF41e9BG3r_JRrEw-1024x511-1.jpg\",\"datePublished\":\"2025-11-07T20:23:13+00:00\",\"description\":\"Avocat; Gen\u00e8ve: des \u00e9l\u00e8ves simulent un proc\u00e8s au CO de Drize article de TRIBUNAL-NATURE\",\"breadcrumb\":{\"@id\":\"https:\\\/\\\/www.tribunal-nature.org\\\/blog\\\/avocat-geneve-des-eleves-simulent-un-proces-au-co-de-drize\\\/#breadcrumb\"},\"inLanguage\":\"fr-FR\",\"potentialAction\":[{\"@type\":\"ReadAction\",\"target\":[\"https:\\\/\\\/www.tribunal-nature.org\\\/blog\\\/avocat-geneve-des-eleves-simulent-un-proces-au-co-de-drize\\\/\"]}]},{\"@type\":\"ImageObject\",\"inLanguage\":\"fr-FR\",\"@id\":\"https:\\\/\\\/www.tribunal-nature.org\\\/blog\\\/avocat-geneve-des-eleves-simulent-un-proces-au-co-de-drize\\\/#primaryimage\",\"url\":\"https:\\\/\\\/www.tribunal-nature.org\\\/blog\\\/wp-content\\\/uploads\\\/2025\\\/11\\\/3V2QROfF41e9BG3r_JRrEw-1024x511-1.jpg\",\"contentUrl\":\"https:\\\/\\\/www.tribunal-nature.org\\\/blog\\\/wp-content\\\/uploads\\\/2025\\\/11\\\/3V2QROfF41e9BG3r_JRrEw-1024x511-1.jpg\",\"width\":1024,\"height\":511,\"caption\":\"3V2QROfF41e9BG3r JRrEw 1024x511 1\"},{\"@type\":\"BreadcrumbList\",\"@id\":\"https:\\\/\\\/www.tribunal-nature.org\\\/blog\\\/avocat-geneve-des-eleves-simulent-un-proces-au-co-de-drize\\\/#breadcrumb\",\"itemListElement\":[{\"@type\":\"ListItem\",\"position\":1,\"name\":\"Accueil\",\"item\":\"https:\\\/\\\/www.tribunal-nature.org\\\/blog\\\/\"},{\"@type\":\"ListItem\",\"position\":2,\"name\":\"Avocat; Gen\u00e8ve: des \u00e9l\u00e8ves simulent un proc\u00e8s au CO de Drize\"}]},{\"@type\":\"WebSite\",\"@id\":\"https:\\\/\\\/www.tribunal-nature.org\\\/blog\\\/#website\",\"url\":\"https:\\\/\\\/www.tribunal-nature.org\\\/blog\\\/\",\"name\":\"TRIBUNAL-NATURE\",\"description\":\"Droit De L&#039;Environnement.\",\"publisher\":{\"@id\":\"https:\\\/\\\/www.tribunal-nature.org\\\/blog\\\/#organization\"},\"potentialAction\":[{\"@type\":\"SearchAction\",\"target\":{\"@type\":\"EntryPoint\",\"urlTemplate\":\"https:\\\/\\\/www.tribunal-nature.org\\\/blog\\\/?s={search_term_string}\"},\"query-input\":{\"@type\":\"PropertyValueSpecification\",\"valueRequired\":true,\"valueName\":\"search_term_string\"}}],\"inLanguage\":\"fr-FR\"},{\"@type\":\"Organization\",\"@id\":\"https:\\\/\\\/www.tribunal-nature.org\\\/blog\\\/#organization\",\"name\":\"tribunal-nature\",\"url\":\"https:\\\/\\\/www.tribunal-nature.org\\\/blog\\\/\",\"logo\":{\"@type\":\"ImageObject\",\"inLanguage\":\"fr-FR\",\"@id\":\"https:\\\/\\\/www.tribunal-nature.org\\\/blog\\\/#\\\/schema\\\/logo\\\/image\\\/\",\"url\":\"https:\\\/\\\/www.tribunal-nature.org\\\/blog\\\/wp-content\\\/uploads\\\/2022\\\/05\\\/logo-2.png\",\"contentUrl\":\"https:\\\/\\\/www.tribunal-nature.org\\\/blog\\\/wp-content\\\/uploads\\\/2022\\\/05\\\/logo-2.png\",\"width\":180,\"height\":180,\"caption\":\"tribunal-nature\"},\"image\":{\"@id\":\"https:\\\/\\\/www.tribunal-nature.org\\\/blog\\\/#\\\/schema\\\/logo\\\/image\\\/\"}},{\"@type\":\"Person\",\"@id\":\"https:\\\/\\\/www.tribunal-nature.org\\\/blog\\\/#\\\/schema\\\/person\\\/55761caf7544da6b05b60523f2a0855f\",\"name\":\"Isabelle LOUBEAU\",\"image\":{\"@type\":\"ImageObject\",\"inLanguage\":\"fr-FR\",\"@id\":\"https:\\\/\\\/secure.gravatar.com\\\/avatar\\\/b6912620aca78633bf5d50400888815d3b38a1118e82b94050843f411f3f5972?s=96&d=mm&r=g\",\"url\":\"https:\\\/\\\/secure.gravatar.com\\\/avatar\\\/b6912620aca78633bf5d50400888815d3b38a1118e82b94050843f411f3f5972?s=96&d=mm&r=g\",\"contentUrl\":\"https:\\\/\\\/secure.gravatar.com\\\/avatar\\\/b6912620aca78633bf5d50400888815d3b38a1118e82b94050843f411f3f5972?s=96&d=mm&r=g\",\"caption\":\"Isabelle LOUBEAU\"},\"url\":\"https:\\\/\\\/www.tribunal-nature.org\\\/blog\\\/author\\\/ureisabelle\\\/\"}]}<\/script>\n<!-- \/ Yoast SEO plugin. -->","yoast_head_json":{"title":"Avocat; Gen\u00e8ve: des \u00e9l\u00e8ves simulent un proc\u00e8s au CO de Drize - TRIBUNAL-NATURE","description":"Avocat; Gen\u00e8ve: des \u00e9l\u00e8ves simulent un proc\u00e8s au CO de Drize article de TRIBUNAL-NATURE","robots":{"index":"index","follow":"follow","max-snippet":"max-snippet:-1","max-image-preview":"max-image-preview:large","max-video-preview":"max-video-preview:-1"},"canonical":"https:\/\/www.tribunal-nature.org\/blog\/avocat-geneve-des-eleves-simulent-un-proces-au-co-de-drize\/","og_locale":"fr_FR","og_type":"article","og_title":"Avocat; Gen\u00e8ve: des \u00e9l\u00e8ves simulent un proc\u00e8s au CO de Drize - TRIBUNAL-NATURE","og_description":"Avocat; Gen\u00e8ve: des \u00e9l\u00e8ves simulent un proc\u00e8s au CO de Drize article de TRIBUNAL-NATURE","og_url":"https:\/\/www.tribunal-nature.org\/blog\/avocat-geneve-des-eleves-simulent-un-proces-au-co-de-drize\/","og_site_name":"TRIBUNAL-NATURE","article_published_time":"2025-11-07T20:23:13+00:00","og_image":[{"url":"https:\/\/www.tribunal-nature.org\/blog\/wp-content\/uploads\/2025\/11\/3V2QROfF41e9BG3r_JRrEw-1024x511-1.jpg","type":"","width":"","height":""}],"author":"Isabelle LOUBEAU","twitter_card":"summary_large_image","twitter_misc":{"\u00c9crit par":"Isabelle LOUBEAU","Dur\u00e9e de lecture estim\u00e9e":"6 minutes"},"schema":{"@context":"https:\/\/schema.org","@graph":[{"@type":"Article","@id":"https:\/\/www.tribunal-nature.org\/blog\/avocat-geneve-des-eleves-simulent-un-proces-au-co-de-drize\/#article","isPartOf":{"@id":"https:\/\/www.tribunal-nature.org\/blog\/avocat-geneve-des-eleves-simulent-un-proces-au-co-de-drize\/"},"author":{"name":"Isabelle LOUBEAU","@id":"https:\/\/www.tribunal-nature.org\/blog\/#\/schema\/person\/55761caf7544da6b05b60523f2a0855f"},"headline":"Avocat; Gen\u00e8ve: des \u00e9l\u00e8ves simulent un proc\u00e8s au CO de Drize","datePublished":"2025-11-07T20:23:13+00:00","mainEntityOfPage":{"@id":"https:\/\/www.tribunal-nature.org\/blog\/avocat-geneve-des-eleves-simulent-un-proces-au-co-de-drize\/"},"wordCount":1275,"publisher":{"@id":"https:\/\/www.tribunal-nature.org\/blog\/#organization"},"image":{"@id":"https:\/\/www.tribunal-nature.org\/blog\/avocat-geneve-des-eleves-simulent-un-proces-au-co-de-drize\/#primaryimage"},"thumbnailUrl":"https:\/\/www.tribunal-nature.org\/blog\/wp-content\/uploads\/2025\/11\/3V2QROfF41e9BG3r_JRrEw-1024x511-1.jpg","articleSection":["Droit De L'Environnement:"],"inLanguage":"fr-FR"},{"@type":"WebPage","@id":"https:\/\/www.tribunal-nature.org\/blog\/avocat-geneve-des-eleves-simulent-un-proces-au-co-de-drize\/","url":"https:\/\/www.tribunal-nature.org\/blog\/avocat-geneve-des-eleves-simulent-un-proces-au-co-de-drize\/","name":"Avocat; Gen\u00e8ve: des \u00e9l\u00e8ves simulent un proc\u00e8s au CO de Drize - TRIBUNAL-NATURE","isPartOf":{"@id":"https:\/\/www.tribunal-nature.org\/blog\/#website"},"primaryImageOfPage":{"@id":"https:\/\/www.tribunal-nature.org\/blog\/avocat-geneve-des-eleves-simulent-un-proces-au-co-de-drize\/#primaryimage"},"image":{"@id":"https:\/\/www.tribunal-nature.org\/blog\/avocat-geneve-des-eleves-simulent-un-proces-au-co-de-drize\/#primaryimage"},"thumbnailUrl":"https:\/\/www.tribunal-nature.org\/blog\/wp-content\/uploads\/2025\/11\/3V2QROfF41e9BG3r_JRrEw-1024x511-1.jpg","datePublished":"2025-11-07T20:23:13+00:00","description":"Avocat; Gen\u00e8ve: des \u00e9l\u00e8ves simulent un proc\u00e8s au CO de Drize article de TRIBUNAL-NATURE","breadcrumb":{"@id":"https:\/\/www.tribunal-nature.org\/blog\/avocat-geneve-des-eleves-simulent-un-proces-au-co-de-drize\/#breadcrumb"},"inLanguage":"fr-FR","potentialAction":[{"@type":"ReadAction","target":["https:\/\/www.tribunal-nature.org\/blog\/avocat-geneve-des-eleves-simulent-un-proces-au-co-de-drize\/"]}]},{"@type":"ImageObject","inLanguage":"fr-FR","@id":"https:\/\/www.tribunal-nature.org\/blog\/avocat-geneve-des-eleves-simulent-un-proces-au-co-de-drize\/#primaryimage","url":"https:\/\/www.tribunal-nature.org\/blog\/wp-content\/uploads\/2025\/11\/3V2QROfF41e9BG3r_JRrEw-1024x511-1.jpg","contentUrl":"https:\/\/www.tribunal-nature.org\/blog\/wp-content\/uploads\/2025\/11\/3V2QROfF41e9BG3r_JRrEw-1024x511-1.jpg","width":1024,"height":511,"caption":"3V2QROfF41e9BG3r JRrEw 1024x511 1"},{"@type":"BreadcrumbList","@id":"https:\/\/www.tribunal-nature.org\/blog\/avocat-geneve-des-eleves-simulent-un-proces-au-co-de-drize\/#breadcrumb","itemListElement":[{"@type":"ListItem","position":1,"name":"Accueil","item":"https:\/\/www.tribunal-nature.org\/blog\/"},{"@type":"ListItem","position":2,"name":"Avocat; Gen\u00e8ve: des \u00e9l\u00e8ves simulent un proc\u00e8s au CO de Drize"}]},{"@type":"WebSite","@id":"https:\/\/www.tribunal-nature.org\/blog\/#website","url":"https:\/\/www.tribunal-nature.org\/blog\/","name":"TRIBUNAL-NATURE","description":"Droit De L&#039;Environnement.","publisher":{"@id":"https:\/\/www.tribunal-nature.org\/blog\/#organization"},"potentialAction":[{"@type":"SearchAction","target":{"@type":"EntryPoint","urlTemplate":"https:\/\/www.tribunal-nature.org\/blog\/?s={search_term_string}"},"query-input":{"@type":"PropertyValueSpecification","valueRequired":true,"valueName":"search_term_string"}}],"inLanguage":"fr-FR"},{"@type":"Organization","@id":"https:\/\/www.tribunal-nature.org\/blog\/#organization","name":"tribunal-nature","url":"https:\/\/www.tribunal-nature.org\/blog\/","logo":{"@type":"ImageObject","inLanguage":"fr-FR","@id":"https:\/\/www.tribunal-nature.org\/blog\/#\/schema\/logo\/image\/","url":"https:\/\/www.tribunal-nature.org\/blog\/wp-content\/uploads\/2022\/05\/logo-2.png","contentUrl":"https:\/\/www.tribunal-nature.org\/blog\/wp-content\/uploads\/2022\/05\/logo-2.png","width":180,"height":180,"caption":"tribunal-nature"},"image":{"@id":"https:\/\/www.tribunal-nature.org\/blog\/#\/schema\/logo\/image\/"}},{"@type":"Person","@id":"https:\/\/www.tribunal-nature.org\/blog\/#\/schema\/person\/55761caf7544da6b05b60523f2a0855f","name":"Isabelle LOUBEAU","image":{"@type":"ImageObject","inLanguage":"fr-FR","@id":"https:\/\/secure.gravatar.com\/avatar\/b6912620aca78633bf5d50400888815d3b38a1118e82b94050843f411f3f5972?s=96&d=mm&r=g","url":"https:\/\/secure.gravatar.com\/avatar\/b6912620aca78633bf5d50400888815d3b38a1118e82b94050843f411f3f5972?s=96&d=mm&r=g","contentUrl":"https:\/\/secure.gravatar.com\/avatar\/b6912620aca78633bf5d50400888815d3b38a1118e82b94050843f411f3f5972?s=96&d=mm&r=g","caption":"Isabelle LOUBEAU"},"url":"https:\/\/www.tribunal-nature.org\/blog\/author\/ureisabelle\/"}]}},"_links":{"self":[{"href":"https:\/\/www.tribunal-nature.org\/blog\/wp-json\/wp\/v2\/posts\/1446","targetHints":{"allow":["GET"]}}],"collection":[{"href":"https:\/\/www.tribunal-nature.org\/blog\/wp-json\/wp\/v2\/posts"}],"about":[{"href":"https:\/\/www.tribunal-nature.org\/blog\/wp-json\/wp\/v2\/types\/post"}],"author":[{"embeddable":true,"href":"https:\/\/www.tribunal-nature.org\/blog\/wp-json\/wp\/v2\/users\/3"}],"replies":[{"embeddable":true,"href":"https:\/\/www.tribunal-nature.org\/blog\/wp-json\/wp\/v2\/comments?post=1446"}],"version-history":[{"count":0,"href":"https:\/\/www.tribunal-nature.org\/blog\/wp-json\/wp\/v2\/posts\/1446\/revisions"}],"wp:featuredmedia":[{"embeddable":true,"href":"https:\/\/www.tribunal-nature.org\/blog\/wp-json\/wp\/v2\/media\/1447"}],"wp:attachment":[{"href":"https:\/\/www.tribunal-nature.org\/blog\/wp-json\/wp\/v2\/media?parent=1446"}],"wp:term":[{"taxonomy":"category","embeddable":true,"href":"https:\/\/www.tribunal-nature.org\/blog\/wp-json\/wp\/v2\/categories?post=1446"},{"taxonomy":"post_tag","embeddable":true,"href":"https:\/\/www.tribunal-nature.org\/blog\/wp-json\/wp\/v2\/tags?post=1446"}],"curies":[{"name":"wp","href":"https:\/\/api.w.org\/{rel}","templated":true}]}}