{"id":1438,"date":"2025-11-03T21:07:49","date_gmt":"2025-11-03T20:07:49","guid":{"rendered":"https:\/\/www.tribunal-nature.org\/blog\/avocat-letat-de-sante-du-principal-accuse-juge-incompatible-avec-une-comparution-devant-la-cour-dassises\/"},"modified":"2025-11-03T21:07:49","modified_gmt":"2025-11-03T20:07:49","slug":"avocat-letat-de-sante-du-principal-accuse-juge-incompatible-avec-une-comparution-devant-la-cour-dassises","status":"publish","type":"post","link":"https:\/\/www.tribunal-nature.org\/blog\/avocat-letat-de-sante-du-principal-accuse-juge-incompatible-avec-une-comparution-devant-la-cour-dassises\/","title":{"rendered":"Avocat; l\u2019\u00e9tat de sant\u00e9 du principal accus\u00e9 jug\u00e9 incompatible avec une comparution\u00a0devant la cour d\u2019assises"},"content":{"rendered":"<div><img width=\"750\" height=\"393\" src=\"https:\/\/www.tribunal-nature.org\/blog\/wp-content\/uploads\/2025\/11\/Avocat-letat-de-sante-du-principal-accuse-juge-incompatible-avec-1024x536-1.png\" class=\"attachment-large size-large wp-post-image\" alt=\"\" style=\"width:100%;height:52.34%;max-width:1880px;float:left; margin:0 15px 15px 0;\" decoding=\"async\" srcset=\"https:\/\/www.tribunal-nature.org\/blog\/wp-content\/uploads\/2025\/11\/Avocat-letat-de-sante-du-principal-accuse-juge-incompatible-avec-1024x536-1.png 1024w, https:\/\/www.site.cdcl.xyz\/wp-content\/uploads\/2025\/11\/Avocat-letat-de-sante-du-principal-accuse-juge-incompatible-avec-300x157.png 300w, https:\/\/www.site.cdcl.xyz\/wp-content\/uploads\/2025\/11\/Avocat-letat-de-sante-du-principal-accuse-juge-incompatible-avec-768x402.png 768w, https:\/\/www.site.cdcl.xyz\/wp-content\/uploads\/2025\/11\/Avocat-letat-de-sante-du-principal-accuse-juge-incompatible-avec-1536x804.png 1536w, https:\/\/www.site.cdcl.xyz\/wp-content\/uploads\/2025\/11\/Avocat-letat-de-sante-du-principal-accuse-juge-incompatible-avec-1568x821.png 1568w, https:\/\/www.site.cdcl.xyz\/wp-content\/uploads\/2025\/11\/Avocat-letat-de-sante-du-principal-accuse-juge-incompatible-avec.png 1880w\" sizes=\"(max-width: 750px) 100vw, 750px\"><\/p>\n<p>\nUn article portant le titre \u00ab\u00a0l\u2019\u00e9tat de sant\u00e9 du principal accus\u00e9 jug\u00e9 incompatible avec une comparution\u00a0devant la cour d\u2019assises\u00a0\u00bb a \u00e9t\u00e9 r\u00e9cemment publi\u00e9. <\/p>\n<div id=\"\">\n<p class=\"article__paragraph  \">La cour d\u2019assises des Bouches-du-Rh\u00f4ne a prononc\u00e9 lundi 3\u00a0novembre la disjonction pour raison m\u00e9dicale du cas de Jacques Santoni, accus\u00e9 d\u2019\u00eatre l\u2019instigateur de l\u2019assassinat de l\u2019avocat Antoine Sollacaro en\u00a02012 \u00e0 Ajaccio.<\/p>\n<section class=\"catcher catcher--favoris\">\n<div class=\"catcher__content\"><span class=\"catcher__title catcher__title--hide\">Lire aussi |<\/span><span class=\"catcher__desc\">  <span class=\"icon__premium\"><span class=\"sr-only\">Article r\u00e9serv\u00e9 \u00e0 nos abonn\u00e9s<\/span><\/span>  Treize ans apr\u00e8s l\u2019assassinat de l\u2019avocat Antoine Sollacaro en Corse, d\u00e9but d\u2019un proc\u00e8s o\u00f9 plane l\u2019ombre de l\u2019\u00e9quipe du Petit Bar <\/span> <\/div>\n<p> <button class=\"lmd-btn-icon lmd-btn-icon--primary lmd-btn-icon--m js-lmd-dropdown-favorite-toggler\" aria-controls=\"lmd-dropdown-favorite\" aria-label=\"Lire plus tard\" aria-describedby=\"article-title-3444793\" data-article-id=\"3444793\" data-position=\"lire aussi\" data-url=\"https:\/\/www.lemonde.fr\/societe\/article\/2025\/11\/03\/assassinat-de-l-avocat-antoine-sollacaro-un-proces-treize-ans-apres-l-onde-de-choc_6651267_3224.html\" data-status=\"\"> <span class=\"icon__favorites\"><\/span> <span class=\"js-btn-icon-tooltip\" aria-hidden=\"true\">Lire plus tard<\/span> <\/button> <\/p>\n<\/section>\n<p class=\"article__paragraph  \">La cour s\u2019est fond\u00e9e sur une expertise m\u00e9dicale qui a conclu que l\u2019\u00e9tat de sant\u00e9 de Jacques Santoni, t\u00e9trapl\u00e9gique depuis un accident de moto en\u00a02003, n\u2019\u00e9tait <em>\u00ab\u00a0pas compatible avec une comparution\u00a0\u00bb<\/em> devant la cour d\u2019assises pendant six semaines, a expos\u00e9 la pr\u00e9sidente en pronon\u00e7ant le renvoi de l\u2019affaire <em>\u00ab\u00a0au cours d\u2019une autre audience\u00a0\u00bb<\/em> pour le seul Jacques Santoni.<\/p>\n<p class=\"article__paragraph  \">Les avocats de la d\u00e9fense d\u2019Andr\u00e9 Bacchiolelli, accus\u00e9 d\u2019\u00eatre le tireur ayant abattu le t\u00e9nor du barreau, ont ensuite plaid\u00e9 le renvoi du proc\u00e8s pour leur client, assurant qu\u2019<em>\u00ab\u00a0on ne peut pas partir pour six semaines de d\u00e9bat sans la pr\u00e9sence de M. Santoni\u00a0\u00bb<\/em>.<\/p>\n<p class=\"article__paragraph  \">Les avocats des parties civiles, notamment ceux de la veuve et des enfants d\u2019Antoine Sollacaro, s\u2019\u00e9taient oppos\u00e9s \u00e0 la disjonction, estimant que M. Santoni cherchait \u00e0 <em>\u00ab\u00a0organiser son immunit\u00e9 judiciaire\u00a0\u00bb<\/em> de fa\u00e7on <em>\u00ab\u00a0absolument scandaleuse\u00a0\u00bb<\/em>.<\/p>\n<p class=\"article__paragraph  \">Le minist\u00e8re public s\u2019\u00e9tait \u00e9galement oppos\u00e9 \u00e0 cette disjonction, pointant le compl\u00e9ment de l\u2019expertise m\u00e9dicale qui pr\u00e9cisait qu\u2019avec des am\u00e9nagements importants \u2013 comparution un jour sur deux avec des audiences de quatre\u00a0heures maximum \u2013, l\u2019accus\u00e9 pouvait compara\u00eetre, notamment alit\u00e9.<\/p>\n<p class=\"article__paragraph  \"><em>\u00ab\u00a0Nous pouvons d\u00e9cider de tenir un proc\u00e8s respectueux des droits de M. Santoni si tant est qu\u2019il ait le courage de venir\u00a0\u00bb<\/em>, avait assur\u00e9 l\u2019avocat g\u00e9n\u00e9ral.<\/p>\n<section class=\"catcher catcher--favoris\">\n<div class=\"catcher__content\"><span class=\"catcher__title catcher__title--hide\">Lire aussi :<\/span><span class=\"catcher__desc\">  <span class=\"icon__premium\"><span class=\"sr-only\">Article r\u00e9serv\u00e9 \u00e0 nos abonn\u00e9s<\/span><\/span>  Paul et Anna-Maria Sollacaro, le p\u00e9nal pour langue paternelle <\/span> <\/div>\n<p> <button class=\"lmd-btn-icon lmd-btn-icon--primary lmd-btn-icon--m js-lmd-dropdown-favorite-toggler\" aria-controls=\"lmd-dropdown-favorite\" aria-label=\"Lire plus tard\" aria-describedby=\"article-title-279967\" data-article-id=\"279967\" data-position=\"lire aussi\" data-url=\"https:\/\/www.lemonde.fr\/societe\/article\/2014\/06\/02\/paul-et-anna-maria-sollacaro-le-penal-pour-langue-paternelle_4430154_3224.html\" data-status=\"\"> <span class=\"icon__favorites\"><\/span> <span class=\"js-btn-icon-tooltip\" aria-hidden=\"true\">Lire plus tard<\/span> <\/button> <\/p>\n<\/section>\n<section class=\"author\">\n<p class=\"author__detail\">  <span class=\"author__name\">Le Monde avec AFP<\/span>  <\/p>\n<\/section>\n<section class=\"article__reactions\">         R\u00e9utiliser ce contenu   <\/section>\n<\/div>\n<h2>Guide des questions courantes pour les individus \u00e0 la recherche d\u2019un avocat en droit p\u00e9nal<\/h2>\n<h3>Quels sont les crit\u00e8res pour \u00e9valuer un avocat en droit p\u00e9nal ?<\/h3>\n<p>Un avocat en droit p\u00e9nal a des comp\u00e9tences dans de nombreux domaines :<\/p>\n<ul>\n<li>Demande de permis de construire ;\n<\/li>\n<li>Expropriation pour cause d\u2019utilit\u00e9 publique ;\n<\/li>\n<li>\u00c9valuation des risques juridiques li\u00e9s \u00e0 un projet ;\n<\/li>\n<li>Repr\u00e9sentation devant les tribunaux administratifs ;\n<\/li>\n<li>Assistance dans des projets de revitalisation urbaine .<\/li>\n<\/ul>\n<p>La satisfaction d\u2019un avocat n\u2019est jamais assur\u00e9e, mais voici les points importants \u00e0 consid\u00e9rer pour limiter les risques. Pour commencer, assurez-vous des qualifications de l\u2019avocat en v\u00e9rifiant qu\u2019il poss\u00e8de une exp\u00e9rience solide en droit p\u00e9nal et qu\u2019il est affili\u00e9 \u00e0 un cabinet respect\u00e9, ce qui t\u00e9moigne de sa fiabilit\u00e9. Puis, consultez les retours d\u2019exp\u00e9rience en recherchant des t\u00e9moignages de clients pr\u00e9c\u00e9dents afin d\u2019\u00e9valuer la qualit\u00e9 du service et le taux de satisfaction. Il est \u00e9galement recommand\u00e9 de rencontrer plusieurs avocats en planifiant des consultations pour discuter de votre projet, ce qui vous aidera \u00e0 \u00e9valuer la compr\u00e9hension et l\u2019approche de chacun. En conclusion, il est essentiel de parler des honoraires en vous renseignant sur les tarifs et les modalit\u00e9s de paiement, car certains avocats proposent des consultations gratuites pour \u00e9valuer votre situation, ce qui peut \u00eatre un bon point de d\u00e9part.<\/p>\n<\/p>\n<p><strong>Bibliographie :<\/strong><\/p>\n<p>Dictionnaire de la Justice,<a target=\"_blank\" rel=\"nofollow\" href=\"https:\/\/www.tribunal-nature.org\/blog\/goto\/https:\/\/booknode.com\/dictionnaire_de_la_justice_02166015\"  rel=\"noopener noreferrer nofollow\" target=\"_blank\">A voir et \u00e0 lire. <\/a><span><\/span>.La Justice et les Enfants,<a target=\"_blank\" rel=\"nofollow\" href=\"https:\/\/www.tribunal-nature.org\/blog\/goto\/https:\/\/booknode.com\/la_justice_et_les_enfants_02154745\"  rel=\"noopener noreferrer nofollow\" target=\"_blank\">A voir et \u00e0 lire. <\/a><span><\/span>.Survivre \u00e0 l\u2019enfer,<a target=\"_blank\" rel=\"nofollow\" href=\"https:\/\/www.tribunal-nature.org\/blog\/goto\/https:\/\/booknode.com\/survivre_a_lenfer_01521165\"  rel=\"noopener noreferrer nofollow\" target=\"_blank\">A voir et \u00e0 lire. <\/a><span><\/span>.<\/p>\n<\/p>\n<h3>Avantages d\u2019une consultation en ligne avec un avocat sp\u00e9cialis\u00e9 en droit p\u00e9nal<\/h3>\n<p>Consulter un avocat en droit p\u00e9nal en ligne offre un acc\u00e8s rapide \u00e0 des conseils juridiques sans n\u00e9cessiter de d\u00e9placement. Cela est particuli\u00e8rement b\u00e9n\u00e9fique pour ceux qui ont des horaires charg\u00e9s ou qui habitent dans des zones \u00e9loign\u00e9es. Les consultations en ligne donnent aussi l\u2019opportunit\u00e9 de poser des interrogations sp\u00e9cifiques et d\u2019obtenir des r\u00e9ponses sur mesure pour votre situation.<\/p>\n<h3>Comment faire le bon choix d\u2019un avocat sp\u00e9cialis\u00e9 en droit p\u00e9nal ?<\/h3>\n<p>Pour opter pour un avocat en droit p\u00e9nal, il est n\u00e9cessaire de suivre quelques \u00e9tapes essentielles. Pour commencer, assurez-vous de v\u00e9rifier les comp\u00e9tences de l\u2019avocat, en vous assurant qu\u2019il poss\u00e8de des sp\u00e9cialisations et une exp\u00e9rience pertinente dans le domaine de le droit p\u00e9nal. Cela garantira qu\u2019il est bien inform\u00e9 des lois et r\u00e8glements en vigueur. Ensuite, prenez le temps de vous renseigner sur les honoraires, en examinant les tarifs et les modalit\u00e9s de paiement, car certains avocats peuvent offrir des consultations gratuites, ce qui peut \u00eatre b\u00e9n\u00e9fique. Pour conclure, examinez les avis des clients pour juger de la qualit\u00e9 du service, en prenant en compte les t\u00e9moignages et les \u00e9valuations d\u2019anciens clients pour mieux cerner la r\u00e9putation de l\u2019avocat.<\/p>\n<h3>Quelles sont les m\u00e9thodes pour poser des questions \u00e0 un avocat en ligne ?<\/h3>\n<p>Vous avez la possibilit\u00e9 de poser des interrogations en utilisant des plateformes de consultation juridique en ligne, par e-mail, ou lors de votre rencontre. Assurez-vous de poser vos interrogations de fa\u00e7on d\u00e9taill\u00e9e afin d\u2019obtenir des r\u00e9ponses claires.<\/p>\n<\/p>\n<h3>Quelles alternatives de consultation gratuite existe-t-il ?<\/h3>\n<p>De nombreux avocats offrent des s\u00e9ances de consultation sans frais pour discuter de votre situation de d\u00e9part. Cela vous aide \u00e0 d\u00e9cider si l\u2019avocat est le bon choix pour vous sans engagement financier. Renseignez-vous sur les plateformes en ligne qui proposent ces consultations.<\/p>\n<\/p>\n<h3>Quelles sont les atouts d\u2019une consultation en ligne compar\u00e9e \u00e0 une consultation en face \u00e0 face ?<\/h3>\n<p>La consultation en ligne offre de nombreux avantages significatifs. Premi\u00e8rement, elle garantit une accessibilit\u00e9 optimale, car il n\u2019est pas n\u00e9cessaire de se d\u00e9placer, ce qui est id\u00e9al pour les personnes occup\u00e9es ou celles vivant \u00e0 distance des bureaux d\u2019avocats. Ensuite, la flexibilit\u00e9 repr\u00e9sente un atout essentiel, vous permettant de s\u00e9lectionner des horaires qui conviennent mieux \u00e0 votre emploi du temps, rendant le processus plus adapt\u00e9 \u00e0 vos exigences. En r\u00e9sum\u00e9, le confort est un \u00e9l\u00e9ment essentiel, car il vous permet de parler de vos pr\u00e9occupations juridiques dans un cadre apaisant, ce qui peut r\u00e9duire le stress et favoriser une communication claire avec votre avocat.<\/p>\n<h3>Comment se passe une s\u00e9ance de consultation en ligne avec un avocat ?<\/h3>\n<p>Une consultation en ligne est habituellement conduite de fa\u00e7on syst\u00e9matique pour maximiser son efficacit\u00e9. Pour d\u00e9buter, vous commencez par prendre rendez-vous, en choisissant un cr\u00e9neau horaire qui vous arrange le plus. Au cours de la consultation, vous utilisez une plateforme de visioconf\u00e9rence ou le t\u00e9l\u00e9phone pour discuter de votre situation avec l\u2019avocat. Au moment de la consultation, vous utilisez une plateforme de visioconf\u00e9rence ou le t\u00e9l\u00e9phone pour aborder votre situation avec l\u2019avocat. Pour conclure, un suivi est organis\u00e9, durant lequel l\u2019avocat vous fournira des conseils et des recommandations sur les \u00e9tapes suivantes \u00e0 envisager, vous aidant \u00e0 progresser dans votre d\u00e9marche avec confiance.<\/p>\n<p><strong>Synth\u00e8se des plateformes d\u2019avocats sur le web :<\/strong><\/p>\n<table border=\"1\" cellpadding=\"8\" cellspacing=\"2\">\n<thead>\n<tr>\n<th>Appellation du service\n<\/th>\n<th>Modalit\u00e9s d\u2019op\u00e9ration\n<\/th>\n<th>Frais\n<\/th>\n<th>Avantages\n<\/th>\n<th>Inconv\u00e9nients\n<\/th>\n<\/tr>\n<\/thead>\n<tbody>\n<tr>\n<td>CASTJ\n<\/td>\n<td>Service sans frais \u2014 approche humaine et IA pour une premi\u00e8re assistance juridique\n<\/td>\n<td>Pas de charge\n<\/td>\n<td>Consultation imm\u00e9diate, alliance IA et juriste\n<\/td>\n<td>Service en d\u00e9veloppement rapide qui fournit un accompagnement \u00e9tendu dans les d\u00e9marches judiciaires\n<\/td>\n<\/tr>\n<tr>\n<td>Juri-Legal\n<\/td>\n<td>Entretien juridique avec avocat (t\u00e9l\u00e9phone, chat, visio) \u2014 prix \u00e0 la minute\n<\/td>\n<td>Tarif variable selon l\u2019avocat (facturation \u00e0 la minute)\n<\/td>\n<td>Adaptabilit\u00e9 : choix de l\u2019avocat, co\u00fbt selon le temps r\u00e9ellement employ\u00e9\n<\/td>\n<td>Site en perte d\u2019attractivit\u00e9 : peu d\u2019avocats en ligne, fonctionnalit\u00e9s restantes surtout \u00e0 titre d\u2019exemple\n<\/td>\n<\/tr>\n<tr>\n<td>Juste un Renseignement\n<\/td>\n<td>Juriste ind\u00e9pendant \u2014 aide rapide en ligne\n<\/td>\n<td>Tarification d\u00e9couverte \u00e0 30 \u20ac ; puis 20 \u20ac pour 15 minutes ou 120 \u20ac de l\u2019heure selon le type de service\n<\/td>\n<td>Con\u00e7u pour un soutien rapide et \u00e0 la port\u00e9e de tous\n<\/td>\n<td>Aide restreinte pour les cas complexes\n<\/td>\n<\/tr>\n<tr>\n<td>VotreJuriste\n<\/td>\n<td>Site de g\u00e9n\u00e9ration de leads \u2014 r\u00e9servation de rendez-vous en ligne avec support administratif\n<\/td>\n<td>75 \u20ac toutes taxes comprises (appel de consultation annonc\u00e9)\n<\/td>\n<td>Tarif indiqu\u00e9, r\u00e9servation sur internet\n<\/td>\n<td>Structure peu d\u00e9finie : gestion unique, adresse et organisation floues\n<\/td>\n<\/tr>\n<tr>\n<td>Avocats-en-ligne\n<\/td>\n<td>Planification d\u2019un rendez-vous avec un avocat (pas de r\u00e9ponse instantan\u00e9e sur le site)\n<\/td>\n<td>Offre sp\u00e9ciale : 39 \u20ac TTC pour une consultation d\u2019environ 20 minutes\n<\/td>\n<td>Co\u00fbt d\u2019entr\u00e9e clair, couverture \u00e9tendue de divers domaines\n<\/td>\n<td>R\u00e9ponse non instantan\u00e9e en ligne \u2014 besoin de planifier un rendez-vous\n<\/td>\n<\/tr>\n<tr>\n<td>Juriclic.net\n<\/td>\n<td>Consultation avec juristes\/avocats, diff\u00e9rentes formules \u00e0 disposition\n<\/td>\n<td>Formules tarifaires : 25 \u20ac, 30 \u20ac ou 45 \u20ac selon le type de service\n<\/td>\n<td>Tarification raisonnable et choix diversifi\u00e9s\n<\/td>\n<td>Pas de r\u00e9ponse instantan\u00e9e \u2014 consultations sur rendez-vous n\u00e9cessaires<\/td>\n<\/tr>\n<\/tbody>\n<\/table>\n<h3>Quelles sont les meilleures pratiques pour choisir un avocat en droit p\u00e9nal ?<\/h3>\n<p>Pour d\u00e9nicher un avocat ayant une connaissance sp\u00e9cialis\u00e9e dans des affaires similaires \u00e0 votre cas, <a target=\"_blank\" rel=\"nofollow\" href=\"https:\/\/www.tribunal-nature.org\/blog\/goto\/https:\/\/www.courtier-avocat-strategie-tribunal-judiciaire.fr\/avocat-penal\/\"  rel=\"noopener noreferrer\" target=\"blank\">vous pouvez demander l\u2019assistance de ce service de courtier<\/a>.<\/p>\n<p>Pour s\u00e9lectionner un avocat en droit p\u00e9nal, il est recommand\u00e9 de suivre plusieurs \u00e9tapes essentielles. En premier lieu, v\u00e9rifiez les comp\u00e9tences de l\u2019avocat en vous assurant qu\u2019il a une exp\u00e9rience notable dans le domaine de le droit p\u00e9nal et qu\u2019il est membre d\u2019un cabinet reconnu, ce qui atteste de sa fiabilit\u00e9. Par la suite, renseignez-vous sur les retours d\u2019exp\u00e9rience en recherchant des t\u00e9moignages de clients pr\u00e9c\u00e9dents afin d\u2019appr\u00e9cier la qualit\u00e9 du service et le taux de satisfaction. Il est conseill\u00e9 de rencontrer diff\u00e9rents avocats en programmant des consultations pour discuter de votre projet, ce qui vous donnera l\u2019occasion d\u2019\u00e9valuer la compr\u00e9hension et l\u2019approche de chacun. Enfin, veillez \u00e0 aborder la question des honoraires en vous informant sur les tarifs et les modalit\u00e9s de paiement, car certains avocats proposent des consultations gratuites pour examiner votre situation, ce qui peut constituer un bon point de d\u00e9part.<\/p>\n<h3>Que faire si je ne suis pas en mesure de saisir les implications juridiques de ma situation ?<\/h3>\n<p>Il est normal de ressentir de la confusion face \u00e0 des interrogations juridiques qui semblent complexes. N\u2019h\u00e9sitez pas \u00e0 faire des demandes de clarification durant votre consultation. Un avocat efficace prendra le temps de clarifier les implications de votre situation pour vous. <\/p>\n<\/div>\n","protected":false},"excerpt":{"rendered":"<p>Un article portant le titre \u00ab\u00a0l\u2019\u00e9tat de sant\u00e9 du principal accus\u00e9 jug\u00e9 incompatible avec une comparution\u00a0devant la cour d\u2019assises\u00a0\u00bb a&#8230;<\/p>\n","protected":false},"author":3,"featured_media":1439,"comment_status":"closed","ping_status":"closed","sticky":false,"template":"","format":"standard","meta":{"footnotes":""},"categories":[2],"tags":[],"class_list":["post-1438","post","type-post","status-publish","format-standard","has-post-thumbnail","hentry","category-droit-de-lenvironnement","wpcat-2-id"],"yoast_head":"<!-- This site is optimized with the Yoast SEO plugin v27.5 - https:\/\/yoast.com\/product\/yoast-seo-wordpress\/ -->\n<title>Avocat; l\u2019\u00e9tat de sant\u00e9 du principal accus\u00e9 jug\u00e9 incompatible avec une comparution\u00a0devant la cour d\u2019assises - TRIBUNAL-NATURE<\/title>\n<meta name=\"description\" content=\"Avocat; l\u2019\u00e9tat de sant\u00e9 du principal accus\u00e9 jug\u00e9 incompatible avec une comparution\u00a0devant la cour d\u2019assises article de TRIBUNAL-NATURE\" \/>\n<meta name=\"robots\" content=\"index, follow, max-snippet:-1, max-image-preview:large, max-video-preview:-1\" \/>\n<link rel=\"canonical\" href=\"https:\/\/www.tribunal-nature.org\/blog\/avocat-letat-de-sante-du-principal-accuse-juge-incompatible-avec-une-comparution-devant-la-cour-dassises\/\" \/>\n<meta property=\"og:locale\" content=\"fr_FR\" \/>\n<meta property=\"og:type\" content=\"article\" \/>\n<meta property=\"og:title\" content=\"Avocat; l\u2019\u00e9tat de sant\u00e9 du principal accus\u00e9 jug\u00e9 incompatible avec une comparution\u00a0devant la cour d\u2019assises - TRIBUNAL-NATURE\" \/>\n<meta property=\"og:description\" content=\"Avocat; l\u2019\u00e9tat de sant\u00e9 du principal accus\u00e9 jug\u00e9 incompatible avec une comparution\u00a0devant la cour d\u2019assises article de TRIBUNAL-NATURE\" \/>\n<meta property=\"og:url\" content=\"https:\/\/www.tribunal-nature.org\/blog\/avocat-letat-de-sante-du-principal-accuse-juge-incompatible-avec-une-comparution-devant-la-cour-dassises\/\" \/>\n<meta property=\"og:site_name\" content=\"TRIBUNAL-NATURE\" \/>\n<meta property=\"article:published_time\" content=\"2025-11-03T20:07:49+00:00\" \/>\n<meta property=\"og:image\" content=\"https:\/\/www.tribunal-nature.org\/blog\/wp-content\/uploads\/2025\/11\/Avocat-letat-de-sante-du-principal-accuse-juge-incompatible-avec-1024x536-1.png\" \/>\n<meta name=\"author\" content=\"Isabelle LOUBEAU\" \/>\n<meta name=\"twitter:card\" content=\"summary_large_image\" \/>\n<meta name=\"twitter:label1\" content=\"\u00c9crit par\" \/>\n\t<meta name=\"twitter:data1\" content=\"Isabelle LOUBEAU\" \/>\n\t<meta name=\"twitter:label2\" content=\"Dur\u00e9e de lecture estim\u00e9e\" \/>\n\t<meta name=\"twitter:data2\" content=\"9 minutes\" \/>\n<script type=\"application\/ld+json\" class=\"yoast-schema-graph\">{\"@context\":\"https:\\\/\\\/schema.org\",\"@graph\":[{\"@type\":\"Article\",\"@id\":\"https:\\\/\\\/www.tribunal-nature.org\\\/blog\\\/avocat-letat-de-sante-du-principal-accuse-juge-incompatible-avec-une-comparution-devant-la-cour-dassises\\\/#article\",\"isPartOf\":{\"@id\":\"https:\\\/\\\/www.tribunal-nature.org\\\/blog\\\/avocat-letat-de-sante-du-principal-accuse-juge-incompatible-avec-une-comparution-devant-la-cour-dassises\\\/\"},\"author\":{\"name\":\"Isabelle LOUBEAU\",\"@id\":\"https:\\\/\\\/www.tribunal-nature.org\\\/blog\\\/#\\\/schema\\\/person\\\/55761caf7544da6b05b60523f2a0855f\"},\"headline\":\"Avocat; l\u2019\u00e9tat de sant\u00e9 du principal accus\u00e9 jug\u00e9 incompatible avec une comparution\u00a0devant la cour d\u2019assises\",\"datePublished\":\"2025-11-03T20:07:49+00:00\",\"mainEntityOfPage\":{\"@id\":\"https:\\\/\\\/www.tribunal-nature.org\\\/blog\\\/avocat-letat-de-sante-du-principal-accuse-juge-incompatible-avec-une-comparution-devant-la-cour-dassises\\\/\"},\"wordCount\":1796,\"publisher\":{\"@id\":\"https:\\\/\\\/www.tribunal-nature.org\\\/blog\\\/#organization\"},\"image\":{\"@id\":\"https:\\\/\\\/www.tribunal-nature.org\\\/blog\\\/avocat-letat-de-sante-du-principal-accuse-juge-incompatible-avec-une-comparution-devant-la-cour-dassises\\\/#primaryimage\"},\"thumbnailUrl\":\"https:\\\/\\\/www.tribunal-nature.org\\\/blog\\\/wp-content\\\/uploads\\\/2025\\\/11\\\/Avocat-letat-de-sante-du-principal-accuse-juge-incompatible-avec-1024x536-1.png\",\"articleSection\":[\"Droit De L'Environnement:\"],\"inLanguage\":\"fr-FR\"},{\"@type\":\"WebPage\",\"@id\":\"https:\\\/\\\/www.tribunal-nature.org\\\/blog\\\/avocat-letat-de-sante-du-principal-accuse-juge-incompatible-avec-une-comparution-devant-la-cour-dassises\\\/\",\"url\":\"https:\\\/\\\/www.tribunal-nature.org\\\/blog\\\/avocat-letat-de-sante-du-principal-accuse-juge-incompatible-avec-une-comparution-devant-la-cour-dassises\\\/\",\"name\":\"Avocat; l\u2019\u00e9tat de sant\u00e9 du principal accus\u00e9 jug\u00e9 incompatible avec une comparution\u00a0devant la cour d\u2019assises - TRIBUNAL-NATURE\",\"isPartOf\":{\"@id\":\"https:\\\/\\\/www.tribunal-nature.org\\\/blog\\\/#website\"},\"primaryImageOfPage\":{\"@id\":\"https:\\\/\\\/www.tribunal-nature.org\\\/blog\\\/avocat-letat-de-sante-du-principal-accuse-juge-incompatible-avec-une-comparution-devant-la-cour-dassises\\\/#primaryimage\"},\"image\":{\"@id\":\"https:\\\/\\\/www.tribunal-nature.org\\\/blog\\\/avocat-letat-de-sante-du-principal-accuse-juge-incompatible-avec-une-comparution-devant-la-cour-dassises\\\/#primaryimage\"},\"thumbnailUrl\":\"https:\\\/\\\/www.tribunal-nature.org\\\/blog\\\/wp-content\\\/uploads\\\/2025\\\/11\\\/Avocat-letat-de-sante-du-principal-accuse-juge-incompatible-avec-1024x536-1.png\",\"datePublished\":\"2025-11-03T20:07:49+00:00\",\"description\":\"Avocat; l\u2019\u00e9tat de sant\u00e9 du principal accus\u00e9 jug\u00e9 incompatible avec une comparution\u00a0devant la cour d\u2019assises article de TRIBUNAL-NATURE\",\"breadcrumb\":{\"@id\":\"https:\\\/\\\/www.tribunal-nature.org\\\/blog\\\/avocat-letat-de-sante-du-principal-accuse-juge-incompatible-avec-une-comparution-devant-la-cour-dassises\\\/#breadcrumb\"},\"inLanguage\":\"fr-FR\",\"potentialAction\":[{\"@type\":\"ReadAction\",\"target\":[\"https:\\\/\\\/www.tribunal-nature.org\\\/blog\\\/avocat-letat-de-sante-du-principal-accuse-juge-incompatible-avec-une-comparution-devant-la-cour-dassises\\\/\"]}]},{\"@type\":\"ImageObject\",\"inLanguage\":\"fr-FR\",\"@id\":\"https:\\\/\\\/www.tribunal-nature.org\\\/blog\\\/avocat-letat-de-sante-du-principal-accuse-juge-incompatible-avec-une-comparution-devant-la-cour-dassises\\\/#primaryimage\",\"url\":\"https:\\\/\\\/www.tribunal-nature.org\\\/blog\\\/wp-content\\\/uploads\\\/2025\\\/11\\\/Avocat-letat-de-sante-du-principal-accuse-juge-incompatible-avec-1024x536-1.png\",\"contentUrl\":\"https:\\\/\\\/www.tribunal-nature.org\\\/blog\\\/wp-content\\\/uploads\\\/2025\\\/11\\\/Avocat-letat-de-sante-du-principal-accuse-juge-incompatible-avec-1024x536-1.png\",\"width\":1024,\"height\":536,\"caption\":\"Avocat letat de sante du principal accuse juge incompatible avec 1024x536 1\"},{\"@type\":\"BreadcrumbList\",\"@id\":\"https:\\\/\\\/www.tribunal-nature.org\\\/blog\\\/avocat-letat-de-sante-du-principal-accuse-juge-incompatible-avec-une-comparution-devant-la-cour-dassises\\\/#breadcrumb\",\"itemListElement\":[{\"@type\":\"ListItem\",\"position\":1,\"name\":\"Accueil\",\"item\":\"https:\\\/\\\/www.tribunal-nature.org\\\/blog\\\/\"},{\"@type\":\"ListItem\",\"position\":2,\"name\":\"Avocat; l\u2019\u00e9tat de sant\u00e9 du principal accus\u00e9 jug\u00e9 incompatible avec une comparution\u00a0devant la cour d\u2019assises\"}]},{\"@type\":\"WebSite\",\"@id\":\"https:\\\/\\\/www.tribunal-nature.org\\\/blog\\\/#website\",\"url\":\"https:\\\/\\\/www.tribunal-nature.org\\\/blog\\\/\",\"name\":\"TRIBUNAL-NATURE\",\"description\":\"Droit De L&#039;Environnement.\",\"publisher\":{\"@id\":\"https:\\\/\\\/www.tribunal-nature.org\\\/blog\\\/#organization\"},\"potentialAction\":[{\"@type\":\"SearchAction\",\"target\":{\"@type\":\"EntryPoint\",\"urlTemplate\":\"https:\\\/\\\/www.tribunal-nature.org\\\/blog\\\/?s={search_term_string}\"},\"query-input\":{\"@type\":\"PropertyValueSpecification\",\"valueRequired\":true,\"valueName\":\"search_term_string\"}}],\"inLanguage\":\"fr-FR\"},{\"@type\":\"Organization\",\"@id\":\"https:\\\/\\\/www.tribunal-nature.org\\\/blog\\\/#organization\",\"name\":\"tribunal-nature\",\"url\":\"https:\\\/\\\/www.tribunal-nature.org\\\/blog\\\/\",\"logo\":{\"@type\":\"ImageObject\",\"inLanguage\":\"fr-FR\",\"@id\":\"https:\\\/\\\/www.tribunal-nature.org\\\/blog\\\/#\\\/schema\\\/logo\\\/image\\\/\",\"url\":\"https:\\\/\\\/www.tribunal-nature.org\\\/blog\\\/wp-content\\\/uploads\\\/2022\\\/05\\\/logo-2.png\",\"contentUrl\":\"https:\\\/\\\/www.tribunal-nature.org\\\/blog\\\/wp-content\\\/uploads\\\/2022\\\/05\\\/logo-2.png\",\"width\":180,\"height\":180,\"caption\":\"tribunal-nature\"},\"image\":{\"@id\":\"https:\\\/\\\/www.tribunal-nature.org\\\/blog\\\/#\\\/schema\\\/logo\\\/image\\\/\"}},{\"@type\":\"Person\",\"@id\":\"https:\\\/\\\/www.tribunal-nature.org\\\/blog\\\/#\\\/schema\\\/person\\\/55761caf7544da6b05b60523f2a0855f\",\"name\":\"Isabelle LOUBEAU\",\"image\":{\"@type\":\"ImageObject\",\"inLanguage\":\"fr-FR\",\"@id\":\"https:\\\/\\\/secure.gravatar.com\\\/avatar\\\/b6912620aca78633bf5d50400888815d3b38a1118e82b94050843f411f3f5972?s=96&d=mm&r=g\",\"url\":\"https:\\\/\\\/secure.gravatar.com\\\/avatar\\\/b6912620aca78633bf5d50400888815d3b38a1118e82b94050843f411f3f5972?s=96&d=mm&r=g\",\"contentUrl\":\"https:\\\/\\\/secure.gravatar.com\\\/avatar\\\/b6912620aca78633bf5d50400888815d3b38a1118e82b94050843f411f3f5972?s=96&d=mm&r=g\",\"caption\":\"Isabelle LOUBEAU\"},\"url\":\"https:\\\/\\\/www.tribunal-nature.org\\\/blog\\\/author\\\/ureisabelle\\\/\"}]}<\/script>\n<!-- \/ Yoast SEO plugin. -->","yoast_head_json":{"title":"Avocat; l\u2019\u00e9tat de sant\u00e9 du principal accus\u00e9 jug\u00e9 incompatible avec une comparution\u00a0devant la cour d\u2019assises - TRIBUNAL-NATURE","description":"Avocat; l\u2019\u00e9tat de sant\u00e9 du principal accus\u00e9 jug\u00e9 incompatible avec une comparution\u00a0devant la cour d\u2019assises article de TRIBUNAL-NATURE","robots":{"index":"index","follow":"follow","max-snippet":"max-snippet:-1","max-image-preview":"max-image-preview:large","max-video-preview":"max-video-preview:-1"},"canonical":"https:\/\/www.tribunal-nature.org\/blog\/avocat-letat-de-sante-du-principal-accuse-juge-incompatible-avec-une-comparution-devant-la-cour-dassises\/","og_locale":"fr_FR","og_type":"article","og_title":"Avocat; l\u2019\u00e9tat de sant\u00e9 du principal accus\u00e9 jug\u00e9 incompatible avec une comparution\u00a0devant la cour d\u2019assises - TRIBUNAL-NATURE","og_description":"Avocat; l\u2019\u00e9tat de sant\u00e9 du principal accus\u00e9 jug\u00e9 incompatible avec une comparution\u00a0devant la cour d\u2019assises article de TRIBUNAL-NATURE","og_url":"https:\/\/www.tribunal-nature.org\/blog\/avocat-letat-de-sante-du-principal-accuse-juge-incompatible-avec-une-comparution-devant-la-cour-dassises\/","og_site_name":"TRIBUNAL-NATURE","article_published_time":"2025-11-03T20:07:49+00:00","og_image":[{"url":"https:\/\/www.tribunal-nature.org\/blog\/wp-content\/uploads\/2025\/11\/Avocat-letat-de-sante-du-principal-accuse-juge-incompatible-avec-1024x536-1.png","type":"","width":"","height":""}],"author":"Isabelle LOUBEAU","twitter_card":"summary_large_image","twitter_misc":{"\u00c9crit par":"Isabelle LOUBEAU","Dur\u00e9e de lecture estim\u00e9e":"9 minutes"},"schema":{"@context":"https:\/\/schema.org","@graph":[{"@type":"Article","@id":"https:\/\/www.tribunal-nature.org\/blog\/avocat-letat-de-sante-du-principal-accuse-juge-incompatible-avec-une-comparution-devant-la-cour-dassises\/#article","isPartOf":{"@id":"https:\/\/www.tribunal-nature.org\/blog\/avocat-letat-de-sante-du-principal-accuse-juge-incompatible-avec-une-comparution-devant-la-cour-dassises\/"},"author":{"name":"Isabelle LOUBEAU","@id":"https:\/\/www.tribunal-nature.org\/blog\/#\/schema\/person\/55761caf7544da6b05b60523f2a0855f"},"headline":"Avocat; l\u2019\u00e9tat de sant\u00e9 du principal accus\u00e9 jug\u00e9 incompatible avec une comparution\u00a0devant la cour d\u2019assises","datePublished":"2025-11-03T20:07:49+00:00","mainEntityOfPage":{"@id":"https:\/\/www.tribunal-nature.org\/blog\/avocat-letat-de-sante-du-principal-accuse-juge-incompatible-avec-une-comparution-devant-la-cour-dassises\/"},"wordCount":1796,"publisher":{"@id":"https:\/\/www.tribunal-nature.org\/blog\/#organization"},"image":{"@id":"https:\/\/www.tribunal-nature.org\/blog\/avocat-letat-de-sante-du-principal-accuse-juge-incompatible-avec-une-comparution-devant-la-cour-dassises\/#primaryimage"},"thumbnailUrl":"https:\/\/www.tribunal-nature.org\/blog\/wp-content\/uploads\/2025\/11\/Avocat-letat-de-sante-du-principal-accuse-juge-incompatible-avec-1024x536-1.png","articleSection":["Droit De L'Environnement:"],"inLanguage":"fr-FR"},{"@type":"WebPage","@id":"https:\/\/www.tribunal-nature.org\/blog\/avocat-letat-de-sante-du-principal-accuse-juge-incompatible-avec-une-comparution-devant-la-cour-dassises\/","url":"https:\/\/www.tribunal-nature.org\/blog\/avocat-letat-de-sante-du-principal-accuse-juge-incompatible-avec-une-comparution-devant-la-cour-dassises\/","name":"Avocat; l\u2019\u00e9tat de sant\u00e9 du principal accus\u00e9 jug\u00e9 incompatible avec une comparution\u00a0devant la cour d\u2019assises - TRIBUNAL-NATURE","isPartOf":{"@id":"https:\/\/www.tribunal-nature.org\/blog\/#website"},"primaryImageOfPage":{"@id":"https:\/\/www.tribunal-nature.org\/blog\/avocat-letat-de-sante-du-principal-accuse-juge-incompatible-avec-une-comparution-devant-la-cour-dassises\/#primaryimage"},"image":{"@id":"https:\/\/www.tribunal-nature.org\/blog\/avocat-letat-de-sante-du-principal-accuse-juge-incompatible-avec-une-comparution-devant-la-cour-dassises\/#primaryimage"},"thumbnailUrl":"https:\/\/www.tribunal-nature.org\/blog\/wp-content\/uploads\/2025\/11\/Avocat-letat-de-sante-du-principal-accuse-juge-incompatible-avec-1024x536-1.png","datePublished":"2025-11-03T20:07:49+00:00","description":"Avocat; l\u2019\u00e9tat de sant\u00e9 du principal accus\u00e9 jug\u00e9 incompatible avec une comparution\u00a0devant la cour d\u2019assises article de TRIBUNAL-NATURE","breadcrumb":{"@id":"https:\/\/www.tribunal-nature.org\/blog\/avocat-letat-de-sante-du-principal-accuse-juge-incompatible-avec-une-comparution-devant-la-cour-dassises\/#breadcrumb"},"inLanguage":"fr-FR","potentialAction":[{"@type":"ReadAction","target":["https:\/\/www.tribunal-nature.org\/blog\/avocat-letat-de-sante-du-principal-accuse-juge-incompatible-avec-une-comparution-devant-la-cour-dassises\/"]}]},{"@type":"ImageObject","inLanguage":"fr-FR","@id":"https:\/\/www.tribunal-nature.org\/blog\/avocat-letat-de-sante-du-principal-accuse-juge-incompatible-avec-une-comparution-devant-la-cour-dassises\/#primaryimage","url":"https:\/\/www.tribunal-nature.org\/blog\/wp-content\/uploads\/2025\/11\/Avocat-letat-de-sante-du-principal-accuse-juge-incompatible-avec-1024x536-1.png","contentUrl":"https:\/\/www.tribunal-nature.org\/blog\/wp-content\/uploads\/2025\/11\/Avocat-letat-de-sante-du-principal-accuse-juge-incompatible-avec-1024x536-1.png","width":1024,"height":536,"caption":"Avocat letat de sante du principal accuse juge incompatible avec 1024x536 1"},{"@type":"BreadcrumbList","@id":"https:\/\/www.tribunal-nature.org\/blog\/avocat-letat-de-sante-du-principal-accuse-juge-incompatible-avec-une-comparution-devant-la-cour-dassises\/#breadcrumb","itemListElement":[{"@type":"ListItem","position":1,"name":"Accueil","item":"https:\/\/www.tribunal-nature.org\/blog\/"},{"@type":"ListItem","position":2,"name":"Avocat; l\u2019\u00e9tat de sant\u00e9 du principal accus\u00e9 jug\u00e9 incompatible avec une comparution\u00a0devant la cour d\u2019assises"}]},{"@type":"WebSite","@id":"https:\/\/www.tribunal-nature.org\/blog\/#website","url":"https:\/\/www.tribunal-nature.org\/blog\/","name":"TRIBUNAL-NATURE","description":"Droit De L&#039;Environnement.","publisher":{"@id":"https:\/\/www.tribunal-nature.org\/blog\/#organization"},"potentialAction":[{"@type":"SearchAction","target":{"@type":"EntryPoint","urlTemplate":"https:\/\/www.tribunal-nature.org\/blog\/?s={search_term_string}"},"query-input":{"@type":"PropertyValueSpecification","valueRequired":true,"valueName":"search_term_string"}}],"inLanguage":"fr-FR"},{"@type":"Organization","@id":"https:\/\/www.tribunal-nature.org\/blog\/#organization","name":"tribunal-nature","url":"https:\/\/www.tribunal-nature.org\/blog\/","logo":{"@type":"ImageObject","inLanguage":"fr-FR","@id":"https:\/\/www.tribunal-nature.org\/blog\/#\/schema\/logo\/image\/","url":"https:\/\/www.tribunal-nature.org\/blog\/wp-content\/uploads\/2022\/05\/logo-2.png","contentUrl":"https:\/\/www.tribunal-nature.org\/blog\/wp-content\/uploads\/2022\/05\/logo-2.png","width":180,"height":180,"caption":"tribunal-nature"},"image":{"@id":"https:\/\/www.tribunal-nature.org\/blog\/#\/schema\/logo\/image\/"}},{"@type":"Person","@id":"https:\/\/www.tribunal-nature.org\/blog\/#\/schema\/person\/55761caf7544da6b05b60523f2a0855f","name":"Isabelle LOUBEAU","image":{"@type":"ImageObject","inLanguage":"fr-FR","@id":"https:\/\/secure.gravatar.com\/avatar\/b6912620aca78633bf5d50400888815d3b38a1118e82b94050843f411f3f5972?s=96&d=mm&r=g","url":"https:\/\/secure.gravatar.com\/avatar\/b6912620aca78633bf5d50400888815d3b38a1118e82b94050843f411f3f5972?s=96&d=mm&r=g","contentUrl":"https:\/\/secure.gravatar.com\/avatar\/b6912620aca78633bf5d50400888815d3b38a1118e82b94050843f411f3f5972?s=96&d=mm&r=g","caption":"Isabelle LOUBEAU"},"url":"https:\/\/www.tribunal-nature.org\/blog\/author\/ureisabelle\/"}]}},"_links":{"self":[{"href":"https:\/\/www.tribunal-nature.org\/blog\/wp-json\/wp\/v2\/posts\/1438","targetHints":{"allow":["GET"]}}],"collection":[{"href":"https:\/\/www.tribunal-nature.org\/blog\/wp-json\/wp\/v2\/posts"}],"about":[{"href":"https:\/\/www.tribunal-nature.org\/blog\/wp-json\/wp\/v2\/types\/post"}],"author":[{"embeddable":true,"href":"https:\/\/www.tribunal-nature.org\/blog\/wp-json\/wp\/v2\/users\/3"}],"replies":[{"embeddable":true,"href":"https:\/\/www.tribunal-nature.org\/blog\/wp-json\/wp\/v2\/comments?post=1438"}],"version-history":[{"count":0,"href":"https:\/\/www.tribunal-nature.org\/blog\/wp-json\/wp\/v2\/posts\/1438\/revisions"}],"wp:featuredmedia":[{"embeddable":true,"href":"https:\/\/www.tribunal-nature.org\/blog\/wp-json\/wp\/v2\/media\/1439"}],"wp:attachment":[{"href":"https:\/\/www.tribunal-nature.org\/blog\/wp-json\/wp\/v2\/media?parent=1438"}],"wp:term":[{"taxonomy":"category","embeddable":true,"href":"https:\/\/www.tribunal-nature.org\/blog\/wp-json\/wp\/v2\/categories?post=1438"},{"taxonomy":"post_tag","embeddable":true,"href":"https:\/\/www.tribunal-nature.org\/blog\/wp-json\/wp\/v2\/tags?post=1438"}],"curies":[{"name":"wp","href":"https:\/\/api.w.org\/{rel}","templated":true}]}}