{"id":1413,"date":"2025-10-17T21:00:54","date_gmt":"2025-10-17T19:00:54","guid":{"rendered":"https:\/\/www.tribunal-nature.org\/blog\/blog-de-la-cedh-lancement-de-cedh-agora\/"},"modified":"2025-10-17T21:00:54","modified_gmt":"2025-10-17T19:00:54","slug":"blog-de-la-cedh-lancement-de-cedh-agora","status":"publish","type":"post","link":"https:\/\/www.tribunal-nature.org\/blog\/blog-de-la-cedh-lancement-de-cedh-agora\/","title":{"rendered":"BLOG DE LA CEDH : Lancement de CEDH AGORA"},"content":{"rendered":"<div>\n<div id=\"post-body-8880189294485785018\" itemprop=\"description articleBody\">\n<div style=\"text-align: justify;\">\n<div class=\"separator\" style=\"clear: both; text-align: left;\">\n<div class=\"separator\" style=\"clear: both; font-family: Merriweather; font-weight: bold; text-align: center;\"><span style=\"font-size: medium;\"><img decoding=\"async\" border=\"0\" data-original-height=\"710\" data-original-width=\"796\" height=\"178\" src=\"https:\/\/www.tribunal-nature.org\/blog\/wp-content\/uploads\/2025\/10\/BLOG-DE-LA-CEDH-Lancement-de-CEDH-AGORA.png\" width=\"200\"><\/span><\/div>\n<div style=\"text-align: justify;\"><span style=\"font-size: medium; text-align: justify;\"><\/p>\n<div class=\"separator\" style=\"clear: both; display: inline; text-align: left;\"><span style=\"font-family: Merriweather;\">Nous avons rendu compte de l&rsquo;\u00e9v\u00e9nement en ligne sur la CEDH et l&rsquo;\u00e8re du retour de b\u00e2ton plus t\u00f4t cette semaine. <\/span>ici<span style=\"font-family: Merriweather;\">. Cet \u00e9v\u00e9nement servira \u00e9galement de lancement de la nouvelle plateforme europ\u00e9enne AGORA, initi\u00e9e par Andrew Forde et soutenue, entre autres, par les \u00e9diteurs de ce blog. Veuillez trouver ci-dessous son article d&rsquo;invit\u00e9 sur les id\u00e9es derri\u00e8re cette initiative et rejoignez lui et les conf\u00e9renciers le 30 octobre en ligne.<\/span><\/div>\n<\/p>\n<p><\/span><\/div>\n<div style=\"text-align: justify;\"><span style=\"font-size: medium; text-align: justify;\"><\/p>\n<div class=\"separator\" style=\"clear: both; display: inline; text-align: left;\"><b style=\"font-family: Merriweather; font-weight: bold; text-align: justify;\"><br \/>\n<\/b><\/p>\n<p>Bu<b style=\"text-align: justify;\">cr\u00e9er une nouvelle AGORA\u00a0: une plateforme paneurop\u00e9enne pour des <\/b><b style=\"text-align: justify;\">D\u00e9bat sur les droits de l&rsquo;homme<\/b><\/p>\n<\/p>\n<\/div>\n<p><\/span><\/div>\n<\/div>\n<\/div>\n<p><span style=\"font-family: Merriweather; font-size: medium;\"><i>Andrew Forde, Universit\u00e9 de la ville de Dublin<\/i><\/span><\/p>\n<p><span style=\"font-family: Merriweather; font-size: medium;\"><\/span><\/p>\n<p>Dans la Gr\u00e8ce antique, une agora \u00e9tait un lieu o\u00f9 la d\u00e9mocratie \u00e9tait pratiqu\u00e9e, o\u00f9 les lois \u00e9taient d\u00e9battues et o\u00f9 les citoyens pouvaient s&rsquo;exprimer sur les questions qui les concernaient. Dans le brouillard des m\u00e9dias sociaux, le bruit des phrases politiques et la rapidit\u00e9 des cycles d\u2019information modernes, nous avons parfois l\u2019impression de perdre l\u2019espace n\u00e9cessaire \u00e0 un d\u00e9bat rationnel, honn\u00eate et fond\u00e9 sur des preuves sur des questions importantes qui affectent nos vies, telles que nos droits humains. Ou peut-\u00eatre perdons-nous la perspective de comprendre pourquoi les droits sont importants dans nos \u00e9conomies avanc\u00e9es et nos d\u00e9mocraties matures ? <\/p>\n<p>Malgr\u00e9 les horreurs de l\u2019agression russe contre l\u2019Ukraine, la plupart des Europ\u00e9ens n\u2019ont (heureusement) aucune exp\u00e9rience de la r\u00e9pression, de la guerre ou des syst\u00e8mes autoritaires. Il est donc objectivement difficile d\u2019imaginer un monde dans lequel nos droits seraient restreints, nos syst\u00e8mes judiciaires injustes ou notre libert\u00e9 d\u2019expression restreinte. En v\u00e9rit\u00e9, pour l\u2019\u00e9crasante majorit\u00e9 des gens, les droits de l\u2019homme n\u2019ont pas vraiment d\u2019importance, pr\u00e9cis\u00e9ment parce qu\u2019ils sont essentiels, int\u00e9gr\u00e9s et efficaces. <\/p>\n<p>Mais la libert\u00e9 alimente la complaisance. Si nous laissons ensuite s\u2019\u00e9roder les protections des droits de l\u2019homme, de la d\u00e9mocratie et de l\u2019\u00c9tat de droit, c\u2019est toute la soci\u00e9t\u00e9 qui en souffrira et il n\u2019existe aucun moyen rapide de r\u00e9parer les dommages caus\u00e9s par des choix politiques fond\u00e9s sur de faux r\u00e9cits, de la d\u00e9sinformation ou motiv\u00e9s par des int\u00e9r\u00eats politiques \u00e0 court terme. <\/p>\n<p><b>Posture politique versus rupture id\u00e9ologique<\/b><\/p>\n<p>R\u00e9cemment, le syst\u00e8me europ\u00e9en des droits de l&rsquo;homme a fait l&rsquo;objet de r\u00e9actions plus s\u00e9v\u00e8res que d&rsquo;habitude, en particulier dans les discussions relatives \u00e0 la migration. Dans plusieurs pays, la Cour europ\u00e9enne des droits de l\u2019homme est accus\u00e9e de d\u00e9tournement de sa mission, tandis que d\u2019autres pr\u00e9tendent qu\u2019elle limite la souverainet\u00e9. <\/p>\n<p>Les r\u00e9actions n\u00e9gatives ne sont pas inhabituelles ; elles constituent en fait une caract\u00e9ristique tout \u00e0 fait normale de la probl\u00e9matique des droits de l\u2019homme et du travail du Conseil de l\u2019Europe (CdE). Le syst\u00e8me europ\u00e9en des droits de l\u2019homme est coll\u00e9gial mais fond\u00e9 sur des principes, ce qui suscite parfois des tensions, m\u00eame s\u2019il s\u2019efforce de souligner le principe de subsidiarit\u00e9 et la doctrine de la marge d\u2019appr\u00e9ciation. Tout comme faire du v\u00e9lo, il ne peut y avoir de r\u00e9el progr\u00e8s sans quelques frictions. <\/p>\n<p>Malgr\u00e9 cela, les derniers mois ont \u00e9t\u00e9 qualitativement diff\u00e9rents, certains \u00c9tats sugg\u00e9rant une approche s\u00e9lective des normes, tandis que d&rsquo;autres ont fait du retrait de la CEDH une id\u00e9e dominante. Les deux id\u00e9es semblent politiquement s\u00e9duisantes, mais manquent de fondement juridique, normatif ou d\u2019opinion publique convaincant. Les \u00c9tats ont le droit de discuter des syst\u00e8mes dont ils sont les gardiens, tout comme les tribunaux ont le droit d\u2019\u00eatre judiciairement ind\u00e9pendants des gouvernements, principe fondamental de la s\u00e9paration des pouvoirs. Cependant, les choses semblent devenir floues. Les \u00c9tats font ouvertement pression sur la Cour pour qu\u2019elle adopte des approches toujours plus conservatrices, tout en \u00e9vitant un d\u00e9bat approfondi et fond\u00e9 sur des preuves sur leurs principales pr\u00e9occupations et les faits r\u00e9els. S\u2019agit-il d\u2019une posture politique ou est-elle r\u00e9v\u00e9latrice d\u2019une rupture id\u00e9ologique plus large avec les valeurs fondamentales qui sous-tendent le Conseil de l\u2019Europe ? <\/p>\n<p>Quel que soit le diagnostic, ce qui est clair est qu\u2019il est urgent d\u2019engager un nouveau d\u00e9bat ouvert sur la CEDH, et nous devons l\u2019encourager activement. Ce n\u2019est que par la discussion que nous pourrons nous rappeler l\u2019importance fondamentale de ces normes pour nous tous et favoriser le renouveau. <\/p>\n<p><b>Lancement du Groupe AGORA<\/b><\/p>\n<p>C&rsquo;est en partie la raison pour laquelle le nouveau groupe AGORA a \u00e9t\u00e9 cr\u00e9\u00e9 en tant que plateforme paneurop\u00e9enne ind\u00e9pendante engag\u00e9e dans un dialogue ouvert et un d\u00e9bat \u00e9quilibr\u00e9 et fond\u00e9 sur des preuves sur les questions cl\u00e9s concernant la Convention europ\u00e9enne des droits de l&rsquo;homme (CEDH). Des centaines d\u2019universitaires et de praticiens se sont inscrits jusqu\u2019\u00e0 pr\u00e9sent, repr\u00e9sentant les 46 \u00c9tats membres, et ce nombre augmente de jour en jour.<\/p>\n<p>Rejoignez-nous le 30 octobre pour notre premier symposium en ligne du groupe AGORA sur \u00ab L&rsquo;\u00e8re des r\u00e9actions n\u00e9gatives \u2013 La Convention europ\u00e9enne des droits de l&rsquo;homme et la nouvelle r\u00e9alit\u00e9 politique \u00bb. L&rsquo;\u00e9v\u00e9nement marquera \u00e9galement le lancement officiel du nouveau groupe AGORA. Toute personne int\u00e9ress\u00e9e par un syst\u00e8me europ\u00e9en des droits de l\u2019homme adapt\u00e9 \u00e0 ses objectifs est la bienvenue.<\/p>\n<\/p>\n<\/div>\n<\/div>\n","protected":false},"excerpt":{"rendered":"<p>Nous avons rendu compte de l&rsquo;\u00e9v\u00e9nement en ligne sur la CEDH et l&rsquo;\u00e8re du retour de b\u00e2ton plus t\u00f4t cette&#8230;<\/p>\n","protected":false},"author":3,"featured_media":1414,"comment_status":"closed","ping_status":"closed","sticky":false,"template":"","format":"standard","meta":{"footnotes":""},"categories":[2],"tags":[],"class_list":["post-1413","post","type-post","status-publish","format-standard","has-post-thumbnail","hentry","category-droit-de-lenvironnement","wpcat-2-id"],"yoast_head":"<!-- This site is optimized with the Yoast SEO plugin v27.5 - https:\/\/yoast.com\/product\/yoast-seo-wordpress\/ -->\n<title>BLOG DE LA CEDH : Lancement de CEDH AGORA - TRIBUNAL-NATURE<\/title>\n<meta name=\"description\" content=\"BLOG DE LA CEDH : Lancement de CEDH AGORA article de TRIBUNAL-NATURE\" \/>\n<meta name=\"robots\" content=\"index, follow, max-snippet:-1, max-image-preview:large, max-video-preview:-1\" \/>\n<link rel=\"canonical\" href=\"https:\/\/www.tribunal-nature.org\/blog\/blog-de-la-cedh-lancement-de-cedh-agora\/\" \/>\n<meta property=\"og:locale\" content=\"fr_FR\" \/>\n<meta property=\"og:type\" content=\"article\" \/>\n<meta property=\"og:title\" content=\"BLOG DE LA CEDH : Lancement de CEDH AGORA - TRIBUNAL-NATURE\" \/>\n<meta property=\"og:description\" content=\"BLOG DE LA CEDH : Lancement de CEDH AGORA article de TRIBUNAL-NATURE\" \/>\n<meta property=\"og:url\" content=\"https:\/\/www.tribunal-nature.org\/blog\/blog-de-la-cedh-lancement-de-cedh-agora\/\" \/>\n<meta property=\"og:site_name\" content=\"TRIBUNAL-NATURE\" \/>\n<meta property=\"article:published_time\" content=\"2025-10-17T19:00:54+00:00\" \/>\n<meta property=\"og:image\" content=\"https:\/\/www.tribunal-nature.org\/blog\/wp-content\/uploads\/2025\/10\/BLOG-DE-LA-CEDH-Lancement-de-CEDH-AGORA.png\" \/>\n<meta name=\"author\" content=\"Isabelle LOUBEAU\" \/>\n<meta name=\"twitter:card\" content=\"summary_large_image\" \/>\n<meta name=\"twitter:label1\" content=\"\u00c9crit par\" \/>\n\t<meta name=\"twitter:data1\" content=\"Isabelle LOUBEAU\" \/>\n\t<meta name=\"twitter:label2\" content=\"Dur\u00e9e de lecture estim\u00e9e\" \/>\n\t<meta name=\"twitter:data2\" content=\"5 minutes\" \/>\n<script type=\"application\/ld+json\" class=\"yoast-schema-graph\">{\"@context\":\"https:\\\/\\\/schema.org\",\"@graph\":[{\"@type\":\"Article\",\"@id\":\"https:\\\/\\\/www.tribunal-nature.org\\\/blog\\\/blog-de-la-cedh-lancement-de-cedh-agora\\\/#article\",\"isPartOf\":{\"@id\":\"https:\\\/\\\/www.tribunal-nature.org\\\/blog\\\/blog-de-la-cedh-lancement-de-cedh-agora\\\/\"},\"author\":{\"name\":\"Isabelle LOUBEAU\",\"@id\":\"https:\\\/\\\/www.tribunal-nature.org\\\/blog\\\/#\\\/schema\\\/person\\\/55761caf7544da6b05b60523f2a0855f\"},\"headline\":\"BLOG DE LA CEDH : Lancement de CEDH AGORA\",\"datePublished\":\"2025-10-17T19:00:54+00:00\",\"mainEntityOfPage\":{\"@id\":\"https:\\\/\\\/www.tribunal-nature.org\\\/blog\\\/blog-de-la-cedh-lancement-de-cedh-agora\\\/\"},\"wordCount\":948,\"publisher\":{\"@id\":\"https:\\\/\\\/www.tribunal-nature.org\\\/blog\\\/#organization\"},\"image\":{\"@id\":\"https:\\\/\\\/www.tribunal-nature.org\\\/blog\\\/blog-de-la-cedh-lancement-de-cedh-agora\\\/#primaryimage\"},\"thumbnailUrl\":\"https:\\\/\\\/www.tribunal-nature.org\\\/blog\\\/wp-content\\\/uploads\\\/2025\\\/10\\\/BLOG-DE-LA-CEDH-Lancement-de-CEDH-AGORA.png\",\"articleSection\":[\"Droit De L'Environnement:\"],\"inLanguage\":\"fr-FR\"},{\"@type\":\"WebPage\",\"@id\":\"https:\\\/\\\/www.tribunal-nature.org\\\/blog\\\/blog-de-la-cedh-lancement-de-cedh-agora\\\/\",\"url\":\"https:\\\/\\\/www.tribunal-nature.org\\\/blog\\\/blog-de-la-cedh-lancement-de-cedh-agora\\\/\",\"name\":\"BLOG DE LA CEDH : Lancement de CEDH AGORA - TRIBUNAL-NATURE\",\"isPartOf\":{\"@id\":\"https:\\\/\\\/www.tribunal-nature.org\\\/blog\\\/#website\"},\"primaryImageOfPage\":{\"@id\":\"https:\\\/\\\/www.tribunal-nature.org\\\/blog\\\/blog-de-la-cedh-lancement-de-cedh-agora\\\/#primaryimage\"},\"image\":{\"@id\":\"https:\\\/\\\/www.tribunal-nature.org\\\/blog\\\/blog-de-la-cedh-lancement-de-cedh-agora\\\/#primaryimage\"},\"thumbnailUrl\":\"https:\\\/\\\/www.tribunal-nature.org\\\/blog\\\/wp-content\\\/uploads\\\/2025\\\/10\\\/BLOG-DE-LA-CEDH-Lancement-de-CEDH-AGORA.png\",\"datePublished\":\"2025-10-17T19:00:54+00:00\",\"description\":\"BLOG DE LA CEDH : Lancement de CEDH AGORA article de TRIBUNAL-NATURE\",\"breadcrumb\":{\"@id\":\"https:\\\/\\\/www.tribunal-nature.org\\\/blog\\\/blog-de-la-cedh-lancement-de-cedh-agora\\\/#breadcrumb\"},\"inLanguage\":\"fr-FR\",\"potentialAction\":[{\"@type\":\"ReadAction\",\"target\":[\"https:\\\/\\\/www.tribunal-nature.org\\\/blog\\\/blog-de-la-cedh-lancement-de-cedh-agora\\\/\"]}]},{\"@type\":\"ImageObject\",\"inLanguage\":\"fr-FR\",\"@id\":\"https:\\\/\\\/www.tribunal-nature.org\\\/blog\\\/blog-de-la-cedh-lancement-de-cedh-agora\\\/#primaryimage\",\"url\":\"https:\\\/\\\/www.tribunal-nature.org\\\/blog\\\/wp-content\\\/uploads\\\/2025\\\/10\\\/BLOG-DE-LA-CEDH-Lancement-de-CEDH-AGORA.png\",\"contentUrl\":\"https:\\\/\\\/www.tribunal-nature.org\\\/blog\\\/wp-content\\\/uploads\\\/2025\\\/10\\\/BLOG-DE-LA-CEDH-Lancement-de-CEDH-AGORA.png\",\"width\":199,\"height\":178,\"caption\":\"BLOG DE LA CEDH Lancement de CEDH AGORA\"},{\"@type\":\"BreadcrumbList\",\"@id\":\"https:\\\/\\\/www.tribunal-nature.org\\\/blog\\\/blog-de-la-cedh-lancement-de-cedh-agora\\\/#breadcrumb\",\"itemListElement\":[{\"@type\":\"ListItem\",\"position\":1,\"name\":\"Accueil\",\"item\":\"https:\\\/\\\/www.tribunal-nature.org\\\/blog\\\/\"},{\"@type\":\"ListItem\",\"position\":2,\"name\":\"BLOG DE LA CEDH : Lancement de CEDH AGORA\"}]},{\"@type\":\"WebSite\",\"@id\":\"https:\\\/\\\/www.tribunal-nature.org\\\/blog\\\/#website\",\"url\":\"https:\\\/\\\/www.tribunal-nature.org\\\/blog\\\/\",\"name\":\"TRIBUNAL-NATURE\",\"description\":\"Droit De L&#039;Environnement.\",\"publisher\":{\"@id\":\"https:\\\/\\\/www.tribunal-nature.org\\\/blog\\\/#organization\"},\"potentialAction\":[{\"@type\":\"SearchAction\",\"target\":{\"@type\":\"EntryPoint\",\"urlTemplate\":\"https:\\\/\\\/www.tribunal-nature.org\\\/blog\\\/?s={search_term_string}\"},\"query-input\":{\"@type\":\"PropertyValueSpecification\",\"valueRequired\":true,\"valueName\":\"search_term_string\"}}],\"inLanguage\":\"fr-FR\"},{\"@type\":\"Organization\",\"@id\":\"https:\\\/\\\/www.tribunal-nature.org\\\/blog\\\/#organization\",\"name\":\"tribunal-nature\",\"url\":\"https:\\\/\\\/www.tribunal-nature.org\\\/blog\\\/\",\"logo\":{\"@type\":\"ImageObject\",\"inLanguage\":\"fr-FR\",\"@id\":\"https:\\\/\\\/www.tribunal-nature.org\\\/blog\\\/#\\\/schema\\\/logo\\\/image\\\/\",\"url\":\"https:\\\/\\\/www.tribunal-nature.org\\\/blog\\\/wp-content\\\/uploads\\\/2022\\\/05\\\/logo-2.png\",\"contentUrl\":\"https:\\\/\\\/www.tribunal-nature.org\\\/blog\\\/wp-content\\\/uploads\\\/2022\\\/05\\\/logo-2.png\",\"width\":180,\"height\":180,\"caption\":\"tribunal-nature\"},\"image\":{\"@id\":\"https:\\\/\\\/www.tribunal-nature.org\\\/blog\\\/#\\\/schema\\\/logo\\\/image\\\/\"}},{\"@type\":\"Person\",\"@id\":\"https:\\\/\\\/www.tribunal-nature.org\\\/blog\\\/#\\\/schema\\\/person\\\/55761caf7544da6b05b60523f2a0855f\",\"name\":\"Isabelle LOUBEAU\",\"image\":{\"@type\":\"ImageObject\",\"inLanguage\":\"fr-FR\",\"@id\":\"https:\\\/\\\/secure.gravatar.com\\\/avatar\\\/b6912620aca78633bf5d50400888815d3b38a1118e82b94050843f411f3f5972?s=96&d=mm&r=g\",\"url\":\"https:\\\/\\\/secure.gravatar.com\\\/avatar\\\/b6912620aca78633bf5d50400888815d3b38a1118e82b94050843f411f3f5972?s=96&d=mm&r=g\",\"contentUrl\":\"https:\\\/\\\/secure.gravatar.com\\\/avatar\\\/b6912620aca78633bf5d50400888815d3b38a1118e82b94050843f411f3f5972?s=96&d=mm&r=g\",\"caption\":\"Isabelle LOUBEAU\"},\"url\":\"https:\\\/\\\/www.tribunal-nature.org\\\/blog\\\/author\\\/ureisabelle\\\/\"}]}<\/script>\n<!-- \/ Yoast SEO plugin. -->","yoast_head_json":{"title":"BLOG DE LA CEDH : Lancement de CEDH AGORA - TRIBUNAL-NATURE","description":"BLOG DE LA CEDH : Lancement de CEDH AGORA article de TRIBUNAL-NATURE","robots":{"index":"index","follow":"follow","max-snippet":"max-snippet:-1","max-image-preview":"max-image-preview:large","max-video-preview":"max-video-preview:-1"},"canonical":"https:\/\/www.tribunal-nature.org\/blog\/blog-de-la-cedh-lancement-de-cedh-agora\/","og_locale":"fr_FR","og_type":"article","og_title":"BLOG DE LA CEDH : Lancement de CEDH AGORA - TRIBUNAL-NATURE","og_description":"BLOG DE LA CEDH : Lancement de CEDH AGORA article de TRIBUNAL-NATURE","og_url":"https:\/\/www.tribunal-nature.org\/blog\/blog-de-la-cedh-lancement-de-cedh-agora\/","og_site_name":"TRIBUNAL-NATURE","article_published_time":"2025-10-17T19:00:54+00:00","og_image":[{"url":"https:\/\/www.tribunal-nature.org\/blog\/wp-content\/uploads\/2025\/10\/BLOG-DE-LA-CEDH-Lancement-de-CEDH-AGORA.png","type":"","width":"","height":""}],"author":"Isabelle LOUBEAU","twitter_card":"summary_large_image","twitter_misc":{"\u00c9crit par":"Isabelle LOUBEAU","Dur\u00e9e de lecture estim\u00e9e":"5 minutes"},"schema":{"@context":"https:\/\/schema.org","@graph":[{"@type":"Article","@id":"https:\/\/www.tribunal-nature.org\/blog\/blog-de-la-cedh-lancement-de-cedh-agora\/#article","isPartOf":{"@id":"https:\/\/www.tribunal-nature.org\/blog\/blog-de-la-cedh-lancement-de-cedh-agora\/"},"author":{"name":"Isabelle LOUBEAU","@id":"https:\/\/www.tribunal-nature.org\/blog\/#\/schema\/person\/55761caf7544da6b05b60523f2a0855f"},"headline":"BLOG DE LA CEDH : Lancement de CEDH AGORA","datePublished":"2025-10-17T19:00:54+00:00","mainEntityOfPage":{"@id":"https:\/\/www.tribunal-nature.org\/blog\/blog-de-la-cedh-lancement-de-cedh-agora\/"},"wordCount":948,"publisher":{"@id":"https:\/\/www.tribunal-nature.org\/blog\/#organization"},"image":{"@id":"https:\/\/www.tribunal-nature.org\/blog\/blog-de-la-cedh-lancement-de-cedh-agora\/#primaryimage"},"thumbnailUrl":"https:\/\/www.tribunal-nature.org\/blog\/wp-content\/uploads\/2025\/10\/BLOG-DE-LA-CEDH-Lancement-de-CEDH-AGORA.png","articleSection":["Droit De L'Environnement:"],"inLanguage":"fr-FR"},{"@type":"WebPage","@id":"https:\/\/www.tribunal-nature.org\/blog\/blog-de-la-cedh-lancement-de-cedh-agora\/","url":"https:\/\/www.tribunal-nature.org\/blog\/blog-de-la-cedh-lancement-de-cedh-agora\/","name":"BLOG DE LA CEDH : Lancement de CEDH AGORA - TRIBUNAL-NATURE","isPartOf":{"@id":"https:\/\/www.tribunal-nature.org\/blog\/#website"},"primaryImageOfPage":{"@id":"https:\/\/www.tribunal-nature.org\/blog\/blog-de-la-cedh-lancement-de-cedh-agora\/#primaryimage"},"image":{"@id":"https:\/\/www.tribunal-nature.org\/blog\/blog-de-la-cedh-lancement-de-cedh-agora\/#primaryimage"},"thumbnailUrl":"https:\/\/www.tribunal-nature.org\/blog\/wp-content\/uploads\/2025\/10\/BLOG-DE-LA-CEDH-Lancement-de-CEDH-AGORA.png","datePublished":"2025-10-17T19:00:54+00:00","description":"BLOG DE LA CEDH : Lancement de CEDH AGORA article de TRIBUNAL-NATURE","breadcrumb":{"@id":"https:\/\/www.tribunal-nature.org\/blog\/blog-de-la-cedh-lancement-de-cedh-agora\/#breadcrumb"},"inLanguage":"fr-FR","potentialAction":[{"@type":"ReadAction","target":["https:\/\/www.tribunal-nature.org\/blog\/blog-de-la-cedh-lancement-de-cedh-agora\/"]}]},{"@type":"ImageObject","inLanguage":"fr-FR","@id":"https:\/\/www.tribunal-nature.org\/blog\/blog-de-la-cedh-lancement-de-cedh-agora\/#primaryimage","url":"https:\/\/www.tribunal-nature.org\/blog\/wp-content\/uploads\/2025\/10\/BLOG-DE-LA-CEDH-Lancement-de-CEDH-AGORA.png","contentUrl":"https:\/\/www.tribunal-nature.org\/blog\/wp-content\/uploads\/2025\/10\/BLOG-DE-LA-CEDH-Lancement-de-CEDH-AGORA.png","width":199,"height":178,"caption":"BLOG DE LA CEDH Lancement de CEDH AGORA"},{"@type":"BreadcrumbList","@id":"https:\/\/www.tribunal-nature.org\/blog\/blog-de-la-cedh-lancement-de-cedh-agora\/#breadcrumb","itemListElement":[{"@type":"ListItem","position":1,"name":"Accueil","item":"https:\/\/www.tribunal-nature.org\/blog\/"},{"@type":"ListItem","position":2,"name":"BLOG DE LA CEDH : Lancement de CEDH AGORA"}]},{"@type":"WebSite","@id":"https:\/\/www.tribunal-nature.org\/blog\/#website","url":"https:\/\/www.tribunal-nature.org\/blog\/","name":"TRIBUNAL-NATURE","description":"Droit De L&#039;Environnement.","publisher":{"@id":"https:\/\/www.tribunal-nature.org\/blog\/#organization"},"potentialAction":[{"@type":"SearchAction","target":{"@type":"EntryPoint","urlTemplate":"https:\/\/www.tribunal-nature.org\/blog\/?s={search_term_string}"},"query-input":{"@type":"PropertyValueSpecification","valueRequired":true,"valueName":"search_term_string"}}],"inLanguage":"fr-FR"},{"@type":"Organization","@id":"https:\/\/www.tribunal-nature.org\/blog\/#organization","name":"tribunal-nature","url":"https:\/\/www.tribunal-nature.org\/blog\/","logo":{"@type":"ImageObject","inLanguage":"fr-FR","@id":"https:\/\/www.tribunal-nature.org\/blog\/#\/schema\/logo\/image\/","url":"https:\/\/www.tribunal-nature.org\/blog\/wp-content\/uploads\/2022\/05\/logo-2.png","contentUrl":"https:\/\/www.tribunal-nature.org\/blog\/wp-content\/uploads\/2022\/05\/logo-2.png","width":180,"height":180,"caption":"tribunal-nature"},"image":{"@id":"https:\/\/www.tribunal-nature.org\/blog\/#\/schema\/logo\/image\/"}},{"@type":"Person","@id":"https:\/\/www.tribunal-nature.org\/blog\/#\/schema\/person\/55761caf7544da6b05b60523f2a0855f","name":"Isabelle LOUBEAU","image":{"@type":"ImageObject","inLanguage":"fr-FR","@id":"https:\/\/secure.gravatar.com\/avatar\/b6912620aca78633bf5d50400888815d3b38a1118e82b94050843f411f3f5972?s=96&d=mm&r=g","url":"https:\/\/secure.gravatar.com\/avatar\/b6912620aca78633bf5d50400888815d3b38a1118e82b94050843f411f3f5972?s=96&d=mm&r=g","contentUrl":"https:\/\/secure.gravatar.com\/avatar\/b6912620aca78633bf5d50400888815d3b38a1118e82b94050843f411f3f5972?s=96&d=mm&r=g","caption":"Isabelle LOUBEAU"},"url":"https:\/\/www.tribunal-nature.org\/blog\/author\/ureisabelle\/"}]}},"_links":{"self":[{"href":"https:\/\/www.tribunal-nature.org\/blog\/wp-json\/wp\/v2\/posts\/1413","targetHints":{"allow":["GET"]}}],"collection":[{"href":"https:\/\/www.tribunal-nature.org\/blog\/wp-json\/wp\/v2\/posts"}],"about":[{"href":"https:\/\/www.tribunal-nature.org\/blog\/wp-json\/wp\/v2\/types\/post"}],"author":[{"embeddable":true,"href":"https:\/\/www.tribunal-nature.org\/blog\/wp-json\/wp\/v2\/users\/3"}],"replies":[{"embeddable":true,"href":"https:\/\/www.tribunal-nature.org\/blog\/wp-json\/wp\/v2\/comments?post=1413"}],"version-history":[{"count":0,"href":"https:\/\/www.tribunal-nature.org\/blog\/wp-json\/wp\/v2\/posts\/1413\/revisions"}],"wp:featuredmedia":[{"embeddable":true,"href":"https:\/\/www.tribunal-nature.org\/blog\/wp-json\/wp\/v2\/media\/1414"}],"wp:attachment":[{"href":"https:\/\/www.tribunal-nature.org\/blog\/wp-json\/wp\/v2\/media?parent=1413"}],"wp:term":[{"taxonomy":"category","embeddable":true,"href":"https:\/\/www.tribunal-nature.org\/blog\/wp-json\/wp\/v2\/categories?post=1413"},{"taxonomy":"post_tag","embeddable":true,"href":"https:\/\/www.tribunal-nature.org\/blog\/wp-json\/wp\/v2\/tags?post=1413"}],"curies":[{"name":"wp","href":"https:\/\/api.w.org\/{rel}","templated":true}]}}