{"id":1411,"date":"2025-10-17T18:07:58","date_gmt":"2025-10-17T16:07:58","guid":{"rendered":"https:\/\/www.tribunal-nature.org\/blog\/avocat-point-de-vue-plf-2026-une-reforme-qui-fragilise-linvestissement-productif-outre-mer-par-franck-ladriere-fiscaliste\/"},"modified":"2025-10-17T18:07:58","modified_gmt":"2025-10-17T16:07:58","slug":"avocat-point-de-vue-plf-2026-une-reforme-qui-fragilise-linvestissement-productif-outre-mer-par-franck-ladriere-fiscaliste","status":"publish","type":"post","link":"https:\/\/www.tribunal-nature.org\/blog\/avocat-point-de-vue-plf-2026-une-reforme-qui-fragilise-linvestissement-productif-outre-mer-par-franck-ladriere-fiscaliste\/","title":{"rendered":"Avocat; [Point de vue] PLF 2026, une r\u00e9forme qui fragilise l\u2019investissement productif outre-mer. Par Franck Ladri\u00e8re, Fiscaliste."},"content":{"rendered":"<div><img width=\"750\" height=\"395\" src=\"https:\/\/www.tribunal-nature.org\/blog\/wp-content\/uploads\/2025\/10\/24aefb467b0d1589880fe1589fe0f3-1024x539-1.png\" class=\"attachment-large size-large wp-post-image\" alt=\"\" style=\"width:100%;height:52.67%;max-width:1088px;float:left; margin:0 15px 15px 0;\" decoding=\"async\" srcset=\"https:\/\/www.tribunal-nature.org\/blog\/wp-content\/uploads\/2025\/10\/24aefb467b0d1589880fe1589fe0f3-1024x539-1.png 1024w, https:\/\/www.site.cdcl.xyz\/wp-content\/uploads\/2025\/09\/24aefb467b0d1589880fe1589fe0f3-300x158.png 300w, https:\/\/www.site.cdcl.xyz\/wp-content\/uploads\/2025\/09\/24aefb467b0d1589880fe1589fe0f3-768x404.png 768w, https:\/\/www.site.cdcl.xyz\/wp-content\/uploads\/2025\/09\/24aefb467b0d1589880fe1589fe0f3.png 1088w\" sizes=\"(max-width: 750px) 100vw, 750px\"><\/p>\n<p>\nUn nouvel article portant le titre \u00ab\u00a0[Point de vue] PLF 2026, une r\u00e9forme qui fragilise l\u2019investissement productif outre-mer. Par Franck Ladri\u00e8re, Fiscaliste.\u00a0\u00bb vient d\u2019\u00eatre publi\u00e9. <\/p>\n<div style=\"word-wrap:break-word;\">\n<h3 class=\"spip\">Une r\u00e9duction historique des aides fiscales aux \u00e9conomies ultramarines.<\/h3>\n<p>L\u2019article 7 du Projet de loi de finances (PLF) 2026<span class=\"spip_note_ref\">\u00a0[1]<\/span>, pr\u00e9sent\u00e9 pages 49 \u00e0 53, r\u00e9forme en profondeur les r\u00e9gimes de d\u00e9fiscalisation pr\u00e9vus par les articles 199 undecies B, 217 undecies, 244 quater W et 244 quater Y du Code g\u00e9n\u00e9ral des imp\u00f4ts. Ces dispositifs soutiennent depuis des d\u00e9cennies l\u2019investissement productif dans les d\u00e9partements et collectivit\u00e9s d\u2019outre-mer, en compensant les surco\u00fbts structurels li\u00e9s \u00e0 l\u2019\u00e9loignement, \u00e0 la d\u00e9pendance logistique et \u00e0 la faiblesse des infrastructures locales.<\/p>\n<p>Le texte introduit une baisse uniforme d\u2019environ 25% de l\u2019ensemble des taux de r\u00e9duction d\u2019imp\u00f4t. Ainsi, les taux de 38,25% passent \u00e0 27,25%, ceux de 45,9% \u00e0 34,9%, et les taux les plus \u00e9lev\u00e9s de 53,55% \u00e0 42,55%.<\/p>\n<p>Cette diminution s\u2019appliquera \u00e0 tous les secteurs \u00e9ligibles\u00a0: industriel, agricole, h\u00f4telier, \u00e9nerg\u00e9tique ou logistique.<\/p>\n<h3 class=\"spip\">Des objectifs \u00e9cologiques louables mais une logique budg\u00e9taire punitive.<\/h3>\n<p>L\u2019expos\u00e9 des motifs (page 53) affirme que cette r\u00e9forme vise \u00e0 \u00ab\u00a0<i>renforcer l\u2019efficacit\u00e9 et le verdissement des \u00e9conomies ultramarines<\/i>\u00a0\u00bb en imposant qu\u2019au moins 5% du co\u00fbt des investissements soit consacr\u00e9 \u00e0 des \u00e9quipements d\u2019\u00e9nergie renouvelable ou de gestion durable de l\u2019eau. Le texte met \u00e9galement en avant la \u00ab\u00a0rationalisation des aides\u00a0\u00bb dont le co\u00fbt aurait augment\u00e9 de \u00ab\u00a0<i>deux tiers en cinq ans<\/i>\u00a0\u00bb. Mais cette justification \u00e9cologique masque une op\u00e9ration budg\u00e9taire restrictive. En effet, la baisse des taux ne s\u2019accompagne d\u2019aucune contrepartie pour les acteurs \u00e9conomiques ultramarins.<\/p>\n<p>Aucune mesure n\u2019est pr\u00e9vue pour revaloriser les seuils d\u2019investissement ou d\u2019agr\u00e9ment, demeur\u00e9s inchang\u00e9s depuis la cr\u00e9ation du dispositif il y a plus de vingt ans, alors que l\u2019inflation cumul\u00e9e depuis d\u00e9passe 50% et que les co\u00fbts de production outre-mer ont explos\u00e9.<\/p>\n<p>R\u00e9sultat\u00a0: le soutien r\u00e9el par euro investi diminue m\u00e9caniquement d\u2019ann\u00e9e en ann\u00e9e, aggravant la perte de comp\u00e9titivit\u00e9 des fili\u00e8res productives locales.<\/p>\n<h3 class=\"spip\">Un choc \u00e9conomique \u00e9valu\u00e9 \u00e0 200 millions d\u2019euros par an.<\/h3>\n<p>Les experts estiment que la baisse moyenne de 25% des taux de d\u00e9fiscalisation se traduira par une perte nette d\u2019environ 200 millions d\u2019euros d\u2019aides annuelles au profit des entreprises ultramarines.<\/p>\n<p>Les projets agricoles, industriels ou touristiques, qui reposent souvent sur la d\u00e9fiscalisation pour \u00e9quilibrer leur plan de financement, verront leur rentabilit\u00e9 compromise. En Guyane, \u00e0 la R\u00e9union ou en Martinique, les op\u00e9rateurs redoutent une baisse imm\u00e9diate de l\u2019investissement priv\u00e9 et un ralentissement des chantiers productifs.<\/p>\n<h3 class=\"spip\">Une incoh\u00e9rence avec les principes d\u2019\u00e9galit\u00e9 r\u00e9elle et de coh\u00e9sion territoriale.<\/h3>\n<p>Le paradoxe est manifeste\u00a0: alors que l\u2019expos\u00e9 des motifs pr\u00e9tend \u201c<i>moderniser<\/i>\u201d les dispositifs, la mesure revient \u00e0 affaiblir le seul levier d\u2019investissement priv\u00e9 durable dont disposent les territoires d\u2019outre-mer.<\/p>\n<p>Aucune distinction n\u2019est faite entre les secteurs \u00e0 forte valeur ajout\u00e9e, les projets \u00e0 vocation \u00e9cologique ou les fili\u00e8res strat\u00e9giques (agroalimentaire, \u00e9nergie, transport).<\/p>\n<p>Cette approche uniforme traduit une m\u00e9connaissance des r\u00e9alit\u00e9s de terrain et des surco\u00fbts structurels qui justifiaient pr\u00e9cis\u00e9ment l\u2019existence du dispositif.<\/p>\n<p>En pratique, la r\u00e9forme de l\u2019article 7 du PLF 2026 rompt avec le principe fondateur de la d\u00e9fiscalisation outre-mer\u00a0: la compensation \u00e9quitable des handicaps structurels pour garantir un d\u00e9veloppement \u00e9conomique endog\u00e8ne.<\/p>\n<h3 class=\"spip\">Un recentrage budg\u00e9taire \u00e0 contre-courant des ambitions affich\u00e9es.<\/h3>\n<p>En pr\u00e9tendant \u00ab\u00a0rationaliser\u00a0\u00bb la d\u00e9pense fiscale, le gouvernement envoie un signal politique contradictoire aux acteurs \u00e9conomiques et institutionnels des territoires ultramarins.<\/p>\n<p>Cette baisse des taux, sans revalorisation corr\u00e9lative des seuils, revient \u00e0 r\u00e9duire la capacit\u00e9 d\u2019investissement dans des territoires d\u00e9j\u00e0 sous-dot\u00e9s, accentuant la d\u00e9pendance \u00e0 la d\u00e9pense publique et freinant les transitions agricoles et \u00e9nerg\u00e9tiques.<\/p>\n<p>Loin d\u2019un verdissement, cette r\u00e9forme risque donc de tarir le financement des projets \u00e9cologiques qu\u2019elle pr\u00e9tend encourager, faute de marges de man\u0153uvre suffisantes pour les porteurs de projets.<\/p>\n<h3 class=\"spip\">Un recul strat\u00e9gique pour le d\u00e9veloppement ultramarin.<\/h3>\n<p>L\u2019article 7 du PLF 2026, en abaissant de 25% les taux de d\u00e9fiscalisation sans revaloriser les seuils d\u2019investissement ni ajuster les bar\u00e8mes \u00e0 l\u2019inflation, constitue une r\u00e9gression majeure pour les \u00e9conomies d\u2019outre-mer.<\/p>\n<p>Sous couvert de modernisation, le texte op\u00e8re un d\u00e9sengagement budg\u00e9taire silencieux estim\u00e9 \u00e0 200 millions d\u2019euros par an sur le seul secteur productif, en totale contradiction avec l\u2019objectif de coh\u00e9sion territoriale et d\u2019\u00e9galit\u00e9 r\u00e9elle.<\/p>\n<p>Sans mesure compensatoire, cette r\u00e9forme compromet durablement la relance de l\u2019investissement productif et la transition \u00e9cologique dans les outre-mer.<\/p>\n<\/div>\n<h2>Questions et r\u00e9ponses pour ceux qui cherchent un avocat sp\u00e9cialis\u00e9 fiscaliste<\/h2>\n<h3>Comment s\u00e9lectionner un avocat sp\u00e9cialis\u00e9 fiscaliste ?<\/h3>\n<p>Un service est mis en place pour rechercher et d\u00e9nicher un avocat. Il est essentiel d\u2019identifier un avocat dont les comp\u00e9tences et l\u2019exp\u00e9rience sont en phase avec votre cas. <a target=\"_blank\" rel=\"nofollow\" href=\"https:\/\/www.tribunal-nature.org\/blog\/goto\/https:\/\/www.courtier-avocat-strategie-tribunal-judiciaire.fr\/avocat-fiscaliste\/\"  rel=\"noopener noreferrer\" target=\"blank\">Gr\u00e2ce \u00e0 ce service de recherche d\u2019avocat, vous pouvez identifier l\u2019avocat id\u00e9al pour votre situation, poss\u00e9dant une expertise dans des cas semblables au v\u00f4tre.<\/a><\/p>\n<p>Pour choisir un avocat fiscaliste, il est n\u00e9cessaire de respecter plusieurs \u00e9tapes cl\u00e9s. Tout d\u2019abord, examinez les qualifications de l\u2019avocat en vous assurant qu\u2019il a une exp\u00e9rience solide dans le domaine de la fiscalit\u00e9 et qu\u2019il fait partie d\u2019un cabinet r\u00e9put\u00e9, ce qui atteste de sa cr\u00e9dibilit\u00e9. Apr\u00e8s cela, consultez les avis en recherchant des t\u00e9moignages de clients pass\u00e9s pour \u00e9valuer la qualit\u00e9 du service et le degr\u00e9 de satisfaction. Il est \u00e9galement conseill\u00e9 de rencontrer plusieurs avocats en programmant des consultations pour aborder votre projet, ce qui vous donnera l\u2019occasion d\u2019\u00e9valuer la compr\u00e9hension et l\u2019approche de chacun. En conclusion, il est important de discuter des honoraires en vous renseignant sur les tarifs et les modalit\u00e9s de paiement, car certains avocats offrent des consultations gratuites pour analyser votre situation, ce qui peut \u00eatre un bon point de d\u00e9part.<\/p>\n<h3>Quelles sont les \u00e9tapes \u00e0 suivre lors d\u2019une consultation en ligne avec un avocat ?<\/h3>\n<p>Typiquement, une consultation en ligne est organis\u00e9e de mani\u00e8re structur\u00e9e pour assurer son efficacit\u00e9. Pour commencer, vous proc\u00e9dez \u00e0 la prise de rendez-vous, en choisissant un cr\u00e9neau horaire qui vous arrange le plus. Lors de la s\u00e9ance de consultation, vous vous connectez \u00e0 une plateforme de visioconf\u00e9rence ou par t\u00e9l\u00e9phone pour aborder votre situation avec l\u2019avocat. Pendant la consultation, vous utilisez une plateforme de visioconf\u00e9rence ou le t\u00e9l\u00e9phone pour discuter de votre situation avec l\u2019avocat. Pour conclure, un suivi est organis\u00e9, durant lequel l\u2019avocat vous fournira des conseils et des recommandations sur les \u00e9tapes suivantes \u00e0 envisager, vous aidant \u00e0 progresser dans votre d\u00e9marche avec confiance.<\/p>\n<h3>Quelles sont les meilleures pratiques pour choisir un avocat fiscaliste ?<\/h3>\n<p>Pour choisir un avocat sp\u00e9cialis\u00e9 fiscaliste, il est primordial de consid\u00e9rer plusieurs \u00e9l\u00e9ments d\u00e9terminants. En premier lieu, v\u00e9rifiez les qualifications de l\u2019avocat pour vous assurer qu\u2019il dispose de sp\u00e9cialisations et d\u2019une exp\u00e9rience significative fiscaliste. Cela garantira qu\u2019il est bien inform\u00e9 des lois et r\u00e8glements en vigueur. Ensuite, il est conseill\u00e9 de vous renseigner sur les honoraires, en v\u00e9rifiant les tarifs et les modalit\u00e9s de paiement, car certains avocats peuvent proposer des consultations gratuites, ce qui peut \u00eatre b\u00e9n\u00e9fique. Pour conclure, consultez les retours des clients pour appr\u00e9cier la qualit\u00e9 du service, en tenant compte des t\u00e9moignages et des \u00e9valuations d\u2019anciens clients pour mieux comprendre la r\u00e9putation de l\u2019avocat.<\/p>\n<h3>Comment puis-je contacter un avocat en ligne pour poser mes questions ?<\/h3>\n<p>Vous pouvez soumettre vos interrogations \u00e0 travers des services de consultation juridique en ligne, par e-mail, ou lors de votre rendez-vous. Il y a un service qui peut vous aider \u00e0 tout moment, tous les jours de la semaine. Il s\u2019agit d\u2019une solution hybride alliant intervention humaine et technologie IA. <a target=\"_blank\" rel=\"nofollow\" href=\"https:\/\/www.tribunal-nature.org\/blog\/goto\/https:\/\/www.courtier-avocat-strategie-tribunal-judiciaire.fr\/avocat-en-ligne\/\"  rel=\"noopener noreferrer\" target=\"blank\">Gr\u00e2ce \u00e0 ce service d\u2019\u00ab avocat en ligne \u00bb, vous pouvez poser vos premi\u00e8res questions et obtenir des r\u00e9ponses. <\/a>Veillez \u00e0 poser vos interrogations de fa\u00e7on pr\u00e9cise pour obtenir des r\u00e9ponses limpides.<\/p>\n<\/p>\n<h3>Quels crit\u00e8res permettent de mesurer l\u2019efficacit\u00e9 d\u2019un avocat fiscaliste ?<\/h3>\n<p>Un avocat fiscaliste s\u2019engage dans divers domaines :<\/p>\n<ul>\n<li>Assistance dans les litiges li\u00e9s aux redressements fiscaux ;\n<\/li>\n<li>Repr\u00e9sentation lors de n\u00e9gociations avec l\u2019administration fiscale ;\n<\/li>\n<li>Repr\u00e9sentation dans les litiges li\u00e9s aux imp\u00f4ts sur les soci\u00e9t\u00e9s ;\n<\/li>\n<li>Conseil sur les obligations fiscales des associations et fondations ;\n<\/li>\n<li>Conseil sur les droits des contribuables en mati\u00e8re de confidentialit\u00e9 fiscale.<\/li>\n<\/ul>\n<p>On ne peut jamais \u00eatre s\u00fbr qu\u2019un avocat sera \u00e0 la hauteur, mais voici les crit\u00e8res essentiels \u00e0 examiner pour minimiser les incertitudes. Tout d\u2019abord, examinez les qualifications de l\u2019avocat en vous assurant qu\u2019il a une exp\u00e9rience solide dans le domaine de la fiscalit\u00e9 et qu\u2019il fait partie d\u2019un cabinet r\u00e9put\u00e9, ce qui atteste de sa cr\u00e9dibilit\u00e9. Apr\u00e8s cela, consultez les avis en recherchant des t\u00e9moignages de clients pass\u00e9s pour \u00e9valuer la qualit\u00e9 du service et le degr\u00e9 de satisfaction. Il est recommand\u00e9 de rencontrer divers avocats en organisant des consultations pour discuter de votre projet, ce qui vous aidera \u00e0 juger de la compr\u00e9hension et de l\u2019approche de chacun. En conclusion, il est important de discuter des honoraires en vous renseignant sur les tarifs et les modalit\u00e9s de paiement, car certains avocats offrent des consultations gratuites pour analyser votre situation, ce qui peut \u00eatre un bon point de d\u00e9part.<\/p>\n<\/p>\n<h3>Pourquoi envisager une consultation en ligne avec un avocat fiscaliste ?<\/h3>\n<p>La consultation d\u2019un avocat fiscaliste en ligne permet d\u2019acc\u00e9der \u00e0 des conseils juridiques de mani\u00e8re rapide et sans d\u00e9placement. Cela s\u2019av\u00e8re tr\u00e8s utile pour les personnes ayant des emplois du temps charg\u00e9s ou vivant dans des r\u00e9gions \u00e9loign\u00e9es. Les consultations en ligne donnent aussi l\u2019opportunit\u00e9 de poser des interrogations sp\u00e9cifiques et d\u2019obtenir des r\u00e9ponses sur mesure pour votre situation.<\/p>\n<p><strong>S\u00e9lection des avocats en ligne :<\/strong><\/p>\n<table border=\"1\" cellpadding=\"9\" cellspacing=\"2\">\n<thead>\n<tr>\n<th>Nom de l\u2019offre\n<\/th>\n<th>M\u00e9thode d\u2019op\u00e9ration\n<\/th>\n<th>Montants\n<\/th>\n<th>Caract\u00e9ristiques positives\n<\/th>\n<th>Contraintes\n<\/th>\n<\/tr>\n<\/thead>\n<tbody>\n<tr>\n<td>CASTJ\n<\/td>\n<td>Service offert \u2014 collaboration humaine et IA pour une premi\u00e8re direction juridique\n<\/td>\n<td>Aucun co\u00fbt\n<\/td>\n<td>Guidance instantan\u00e9e, combinaison d\u2019IA et de juriste\n<\/td>\n<td>Service en expansion significative offrant un soutien \u00e9largi dans le parcours judiciaire\n<\/td>\n<\/tr>\n<tr>\n<td>Juri-Legal\n<\/td>\n<td>Consultation avec un juriste (t\u00e9l\u00e9phone, chat, visio) \u2014 facturation \u00e0 la minute\n<\/td>\n<td>Prix modulable selon l\u2019avocat (tarification \u00e0 la minute)\n<\/td>\n<td>Flexibilit\u00e9 : s\u00e9lection de l\u2019avocat, paiement selon le temps effectivement utilis\u00e9\n<\/td>\n<td>Site en recul : peu d\u2019avocats en ligne, caract\u00e9ristiques restantes principalement d\u00e9monstratives\n<\/td>\n<\/tr>\n<tr>\n<td>Juste un Renseignement\n<\/td>\n<td>Juriste freelance \u2014 consultation rapide \u00e0 distance\n<\/td>\n<td>Forfait initial \u00e0 30 \u20ac ; suivi de 20 \u20ac pour 15 minutes ou 120 \u20ac de l\u2019heure selon la prestation\n<\/td>\n<td>Id\u00e9al pour un conseil instantan\u00e9 et accessible\n<\/td>\n<td>Aide limit\u00e9e pour les dossiers difficiles\n<\/td>\n<\/tr>\n<tr>\n<td>VotreJuriste\n<\/td>\n<td>Site de recherche de prospects \u2014 planification de rendez-vous en ligne avec assistance administrative\n<\/td>\n<td>75 \u20ac TTC (consultation par t\u00e9l\u00e9phone programm\u00e9e)\n<\/td>\n<td>Montant affich\u00e9, r\u00e9servation en ligne\n<\/td>\n<td>Structure non transparente : back office unique, adresse et organisation floues\n<\/td>\n<\/tr>\n<tr>\n<td>Avocats-en-ligne\n<\/td>\n<td>Planification d\u2019une consultation avec un avocat (r\u00e9ponse en ligne pas imm\u00e9diate)\n<\/td>\n<td>Tarif promotionnel : 39 \u20ac TTC pour une consultation d\u2019environ 20 minutes\n<\/td>\n<td>Prix d\u2019appel explicite, large \u00e9ventail de domaines\n<\/td>\n<td>Pas de r\u00e9ponse imm\u00e9diate sur le site \u2014 n\u00e9cessit\u00e9 de fixer un rendez-vous\n<\/td>\n<\/tr>\n<tr>\n<td>Juriclic.net\n<\/td>\n<td>Planification de consultations avec avocats\/juristes, plusieurs options disponibles\n<\/td>\n<td>Choix de tarifs : 25 \u20ac, 30 \u20ac ou 45 \u20ac selon le service propos\u00e9\n<\/td>\n<td>Tarification avantageuse et formules diversifi\u00e9es\n<\/td>\n<td>R\u00e9ponse en ligne pas imm\u00e9diate \u2014 fonctionnement sur rendez-vous<\/td>\n<\/tr>\n<\/tbody>\n<\/table>\n<h3>Quelles alternatives de consultation sans co\u00fbt sont disponibles ?<\/h3>\n<p>Beaucoup d\u2019avocats proposent des consultations gratuites afin d\u2019analyser votre situation initiale. Cela vous donne l\u2019opportunit\u00e9 de d\u00e9terminer si l\u2019avocat correspond \u00e0 vos besoins sans frais engag\u00e9s. Informez-vous sur les plateformes en ligne qui offrent ces consultations.<\/p>\n<\/p>\n<h3>Quels sont les points forts d\u2019une consultation en ligne par rapport \u00e0 une rencontre physique ?<\/h3>\n<p>Les consultations en ligne offrent de nombreux avantages appr\u00e9ciables. Tout d\u2019abord, elle propose une accessibilit\u00e9 optimale, car il n\u2019est pas n\u00e9cessaire de se d\u00e9placer, ce qui est tr\u00e8s pratique pour les personnes occup\u00e9es ou celles r\u00e9sidant loin des bureaux d\u2019avocats. De plus, la flexibilit\u00e9 est un avantage consid\u00e9rable, vous permettant de choisir des horaires qui correspondent mieux \u00e0 votre emploi du temps, rendant le processus plus conforme \u00e0 vos attentes. Le confort joue un r\u00f4le fondamental, car il vous permet de traiter vos questions juridiques dans un environnement familier, ce qui peut all\u00e9ger le stress et favoriser une communication efficace avec votre avocat.<\/p>\n<p><strong>Vous aimerez aussi:<\/strong><\/p>\n<p>Droit p\u00e9nal sp\u00e9cial : infractions des et contre les particuliers,<a target=\"_blank\" rel=\"nofollow\" href=\"https:\/\/www.tribunal-nature.org\/blog\/goto\/https:\/\/booknode.com\/droit_penal_special_infractions_des_et_contre_les_particuliers_020444\"  rel=\"noopener noreferrer nofollow\" target=\"_blank\">Le livre <\/a><span><\/span>.La Grande Chasse aux sorci\u00e8res, du Moyen \u00c2ge aux Temps modernes\/La fin des b\u00fbchers,<a target=\"_blank\" rel=\"nofollow\" href=\"https:\/\/www.tribunal-nature.org\/blog\/goto\/https:\/\/fr.wikibooks.org\/wiki\/La_Grande_Chasse_aux_sorci%C3%A8res,_du_Moyen_%C3%82ge_aux_Temps_modernes\/La_fin_des_b%C3%BBchers\"  rel=\"noopener noreferrer nofollow\" target=\"_blank\">Le livre <\/a><span><\/span>.Reste la justice,<a target=\"_blank\" rel=\"nofollow\" href=\"https:\/\/www.tribunal-nature.org\/blog\/goto\/https:\/\/booknode.com\/reste_la_justice_03037443\"  rel=\"noopener noreferrer nofollow\" target=\"_blank\">A voir et \u00e0 lire. <\/a><span><\/span>. Disponible sur internet.<\/p>\n<\/p>\n<h3>Que faire si je ne parviens pas \u00e0 comprendre les ramifications l\u00e9gales de ma situation ?<\/h3>\n<p>Il est tout \u00e0 fait normal de se sentir perdu face \u00e0 des interrogations juridiques qui peuvent sembler compliqu\u00e9es. N\u2019h\u00e9sitez pas \u00e0 demander des clarifications lors de votre consultation. Un avocat comp\u00e9tent prendra le temps de vous d\u00e9tailler les cons\u00e9quences de votre situation de fa\u00e7on claire et accessible. <\/p>\n<\/div>\n","protected":false},"excerpt":{"rendered":"<p>Un nouvel article portant le titre \u00ab\u00a0[Point de vue] PLF 2026, une r\u00e9forme qui fragilise l\u2019investissement productif outre-mer. Par Franck&#8230;<\/p>\n","protected":false},"author":3,"featured_media":1412,"comment_status":"closed","ping_status":"closed","sticky":false,"template":"","format":"standard","meta":{"footnotes":""},"categories":[2],"tags":[],"class_list":["post-1411","post","type-post","status-publish","format-standard","has-post-thumbnail","hentry","category-droit-de-lenvironnement","wpcat-2-id"],"yoast_head":"<!-- This site is optimized with the Yoast SEO plugin v27.5 - https:\/\/yoast.com\/product\/yoast-seo-wordpress\/ -->\n<title>Avocat; [Point de vue] PLF 2026, une r\u00e9forme qui fragilise l\u2019investissement productif outre-mer. Par Franck Ladri\u00e8re, Fiscaliste. - TRIBUNAL-NATURE<\/title>\n<meta name=\"description\" content=\"Avocat; [Point de vue] PLF 2026, une r\u00e9forme qui fragilise l\u2019investissement productif outre-mer. Par Franck Ladri\u00e8re, Fiscaliste. article de TRIBUNAL-NATURE\" \/>\n<meta name=\"robots\" content=\"index, follow, max-snippet:-1, max-image-preview:large, max-video-preview:-1\" \/>\n<link rel=\"canonical\" href=\"https:\/\/www.tribunal-nature.org\/blog\/avocat-point-de-vue-plf-2026-une-reforme-qui-fragilise-linvestissement-productif-outre-mer-par-franck-ladriere-fiscaliste\/\" \/>\n<meta property=\"og:locale\" content=\"fr_FR\" \/>\n<meta property=\"og:type\" content=\"article\" \/>\n<meta property=\"og:title\" content=\"Avocat; [Point de vue] PLF 2026, une r\u00e9forme qui fragilise l\u2019investissement productif outre-mer. Par Franck Ladri\u00e8re, Fiscaliste. - TRIBUNAL-NATURE\" \/>\n<meta property=\"og:description\" content=\"Avocat; [Point de vue] PLF 2026, une r\u00e9forme qui fragilise l\u2019investissement productif outre-mer. Par Franck Ladri\u00e8re, Fiscaliste. article de TRIBUNAL-NATURE\" \/>\n<meta property=\"og:url\" content=\"https:\/\/www.tribunal-nature.org\/blog\/avocat-point-de-vue-plf-2026-une-reforme-qui-fragilise-linvestissement-productif-outre-mer-par-franck-ladriere-fiscaliste\/\" \/>\n<meta property=\"og:site_name\" content=\"TRIBUNAL-NATURE\" \/>\n<meta property=\"article:published_time\" content=\"2025-10-17T16:07:58+00:00\" \/>\n<meta property=\"og:image\" content=\"https:\/\/www.tribunal-nature.org\/blog\/wp-content\/uploads\/2025\/10\/24aefb467b0d1589880fe1589fe0f3-1024x539-1.png\" \/>\n<meta name=\"author\" content=\"Isabelle LOUBEAU\" \/>\n<meta name=\"twitter:card\" content=\"summary_large_image\" \/>\n<meta name=\"twitter:label1\" content=\"\u00c9crit par\" \/>\n\t<meta name=\"twitter:data1\" content=\"Isabelle LOUBEAU\" \/>\n\t<meta name=\"twitter:label2\" content=\"Dur\u00e9e de lecture estim\u00e9e\" \/>\n\t<meta name=\"twitter:data2\" content=\"11 minutes\" \/>\n<script type=\"application\/ld+json\" class=\"yoast-schema-graph\">{\"@context\":\"https:\\\/\\\/schema.org\",\"@graph\":[{\"@type\":\"Article\",\"@id\":\"https:\\\/\\\/www.tribunal-nature.org\\\/blog\\\/avocat-point-de-vue-plf-2026-une-reforme-qui-fragilise-linvestissement-productif-outre-mer-par-franck-ladriere-fiscaliste\\\/#article\",\"isPartOf\":{\"@id\":\"https:\\\/\\\/www.tribunal-nature.org\\\/blog\\\/avocat-point-de-vue-plf-2026-une-reforme-qui-fragilise-linvestissement-productif-outre-mer-par-franck-ladriere-fiscaliste\\\/\"},\"author\":{\"name\":\"Isabelle LOUBEAU\",\"@id\":\"https:\\\/\\\/www.tribunal-nature.org\\\/blog\\\/#\\\/schema\\\/person\\\/55761caf7544da6b05b60523f2a0855f\"},\"headline\":\"Avocat; [Point de vue] PLF 2026, une r\u00e9forme qui fragilise l\u2019investissement productif outre-mer. Par Franck Ladri\u00e8re, Fiscaliste.\",\"datePublished\":\"2025-10-17T16:07:58+00:00\",\"mainEntityOfPage\":{\"@id\":\"https:\\\/\\\/www.tribunal-nature.org\\\/blog\\\/avocat-point-de-vue-plf-2026-une-reforme-qui-fragilise-linvestissement-productif-outre-mer-par-franck-ladriere-fiscaliste\\\/\"},\"wordCount\":2288,\"publisher\":{\"@id\":\"https:\\\/\\\/www.tribunal-nature.org\\\/blog\\\/#organization\"},\"image\":{\"@id\":\"https:\\\/\\\/www.tribunal-nature.org\\\/blog\\\/avocat-point-de-vue-plf-2026-une-reforme-qui-fragilise-linvestissement-productif-outre-mer-par-franck-ladriere-fiscaliste\\\/#primaryimage\"},\"thumbnailUrl\":\"https:\\\/\\\/www.tribunal-nature.org\\\/blog\\\/wp-content\\\/uploads\\\/2025\\\/10\\\/24aefb467b0d1589880fe1589fe0f3-1024x539-1.png\",\"articleSection\":[\"Droit De L'Environnement:\"],\"inLanguage\":\"fr-FR\"},{\"@type\":\"WebPage\",\"@id\":\"https:\\\/\\\/www.tribunal-nature.org\\\/blog\\\/avocat-point-de-vue-plf-2026-une-reforme-qui-fragilise-linvestissement-productif-outre-mer-par-franck-ladriere-fiscaliste\\\/\",\"url\":\"https:\\\/\\\/www.tribunal-nature.org\\\/blog\\\/avocat-point-de-vue-plf-2026-une-reforme-qui-fragilise-linvestissement-productif-outre-mer-par-franck-ladriere-fiscaliste\\\/\",\"name\":\"Avocat; [Point de vue] PLF 2026, une r\u00e9forme qui fragilise l\u2019investissement productif outre-mer. Par Franck Ladri\u00e8re, Fiscaliste. - TRIBUNAL-NATURE\",\"isPartOf\":{\"@id\":\"https:\\\/\\\/www.tribunal-nature.org\\\/blog\\\/#website\"},\"primaryImageOfPage\":{\"@id\":\"https:\\\/\\\/www.tribunal-nature.org\\\/blog\\\/avocat-point-de-vue-plf-2026-une-reforme-qui-fragilise-linvestissement-productif-outre-mer-par-franck-ladriere-fiscaliste\\\/#primaryimage\"},\"image\":{\"@id\":\"https:\\\/\\\/www.tribunal-nature.org\\\/blog\\\/avocat-point-de-vue-plf-2026-une-reforme-qui-fragilise-linvestissement-productif-outre-mer-par-franck-ladriere-fiscaliste\\\/#primaryimage\"},\"thumbnailUrl\":\"https:\\\/\\\/www.tribunal-nature.org\\\/blog\\\/wp-content\\\/uploads\\\/2025\\\/10\\\/24aefb467b0d1589880fe1589fe0f3-1024x539-1.png\",\"datePublished\":\"2025-10-17T16:07:58+00:00\",\"description\":\"Avocat; [Point de vue] PLF 2026, une r\u00e9forme qui fragilise l\u2019investissement productif outre-mer. Par Franck Ladri\u00e8re, Fiscaliste. article de TRIBUNAL-NATURE\",\"breadcrumb\":{\"@id\":\"https:\\\/\\\/www.tribunal-nature.org\\\/blog\\\/avocat-point-de-vue-plf-2026-une-reforme-qui-fragilise-linvestissement-productif-outre-mer-par-franck-ladriere-fiscaliste\\\/#breadcrumb\"},\"inLanguage\":\"fr-FR\",\"potentialAction\":[{\"@type\":\"ReadAction\",\"target\":[\"https:\\\/\\\/www.tribunal-nature.org\\\/blog\\\/avocat-point-de-vue-plf-2026-une-reforme-qui-fragilise-linvestissement-productif-outre-mer-par-franck-ladriere-fiscaliste\\\/\"]}]},{\"@type\":\"ImageObject\",\"inLanguage\":\"fr-FR\",\"@id\":\"https:\\\/\\\/www.tribunal-nature.org\\\/blog\\\/avocat-point-de-vue-plf-2026-une-reforme-qui-fragilise-linvestissement-productif-outre-mer-par-franck-ladriere-fiscaliste\\\/#primaryimage\",\"url\":\"https:\\\/\\\/www.tribunal-nature.org\\\/blog\\\/wp-content\\\/uploads\\\/2025\\\/10\\\/24aefb467b0d1589880fe1589fe0f3-1024x539-1.png\",\"contentUrl\":\"https:\\\/\\\/www.tribunal-nature.org\\\/blog\\\/wp-content\\\/uploads\\\/2025\\\/10\\\/24aefb467b0d1589880fe1589fe0f3-1024x539-1.png\",\"width\":1024,\"height\":539,\"caption\":\"24aefb467b0d1589880fe1589fe0f3 1024x539 1\"},{\"@type\":\"BreadcrumbList\",\"@id\":\"https:\\\/\\\/www.tribunal-nature.org\\\/blog\\\/avocat-point-de-vue-plf-2026-une-reforme-qui-fragilise-linvestissement-productif-outre-mer-par-franck-ladriere-fiscaliste\\\/#breadcrumb\",\"itemListElement\":[{\"@type\":\"ListItem\",\"position\":1,\"name\":\"Accueil\",\"item\":\"https:\\\/\\\/www.tribunal-nature.org\\\/blog\\\/\"},{\"@type\":\"ListItem\",\"position\":2,\"name\":\"Avocat; [Point de vue] PLF 2026, une r\u00e9forme qui fragilise l\u2019investissement productif outre-mer. Par Franck Ladri\u00e8re, Fiscaliste.\"}]},{\"@type\":\"WebSite\",\"@id\":\"https:\\\/\\\/www.tribunal-nature.org\\\/blog\\\/#website\",\"url\":\"https:\\\/\\\/www.tribunal-nature.org\\\/blog\\\/\",\"name\":\"TRIBUNAL-NATURE\",\"description\":\"Droit De L&#039;Environnement.\",\"publisher\":{\"@id\":\"https:\\\/\\\/www.tribunal-nature.org\\\/blog\\\/#organization\"},\"potentialAction\":[{\"@type\":\"SearchAction\",\"target\":{\"@type\":\"EntryPoint\",\"urlTemplate\":\"https:\\\/\\\/www.tribunal-nature.org\\\/blog\\\/?s={search_term_string}\"},\"query-input\":{\"@type\":\"PropertyValueSpecification\",\"valueRequired\":true,\"valueName\":\"search_term_string\"}}],\"inLanguage\":\"fr-FR\"},{\"@type\":\"Organization\",\"@id\":\"https:\\\/\\\/www.tribunal-nature.org\\\/blog\\\/#organization\",\"name\":\"tribunal-nature\",\"url\":\"https:\\\/\\\/www.tribunal-nature.org\\\/blog\\\/\",\"logo\":{\"@type\":\"ImageObject\",\"inLanguage\":\"fr-FR\",\"@id\":\"https:\\\/\\\/www.tribunal-nature.org\\\/blog\\\/#\\\/schema\\\/logo\\\/image\\\/\",\"url\":\"https:\\\/\\\/www.tribunal-nature.org\\\/blog\\\/wp-content\\\/uploads\\\/2022\\\/05\\\/logo-2.png\",\"contentUrl\":\"https:\\\/\\\/www.tribunal-nature.org\\\/blog\\\/wp-content\\\/uploads\\\/2022\\\/05\\\/logo-2.png\",\"width\":180,\"height\":180,\"caption\":\"tribunal-nature\"},\"image\":{\"@id\":\"https:\\\/\\\/www.tribunal-nature.org\\\/blog\\\/#\\\/schema\\\/logo\\\/image\\\/\"}},{\"@type\":\"Person\",\"@id\":\"https:\\\/\\\/www.tribunal-nature.org\\\/blog\\\/#\\\/schema\\\/person\\\/55761caf7544da6b05b60523f2a0855f\",\"name\":\"Isabelle LOUBEAU\",\"image\":{\"@type\":\"ImageObject\",\"inLanguage\":\"fr-FR\",\"@id\":\"https:\\\/\\\/secure.gravatar.com\\\/avatar\\\/b6912620aca78633bf5d50400888815d3b38a1118e82b94050843f411f3f5972?s=96&d=mm&r=g\",\"url\":\"https:\\\/\\\/secure.gravatar.com\\\/avatar\\\/b6912620aca78633bf5d50400888815d3b38a1118e82b94050843f411f3f5972?s=96&d=mm&r=g\",\"contentUrl\":\"https:\\\/\\\/secure.gravatar.com\\\/avatar\\\/b6912620aca78633bf5d50400888815d3b38a1118e82b94050843f411f3f5972?s=96&d=mm&r=g\",\"caption\":\"Isabelle LOUBEAU\"},\"url\":\"https:\\\/\\\/www.tribunal-nature.org\\\/blog\\\/author\\\/ureisabelle\\\/\"}]}<\/script>\n<!-- \/ Yoast SEO plugin. -->","yoast_head_json":{"title":"Avocat; [Point de vue] PLF 2026, une r\u00e9forme qui fragilise l\u2019investissement productif outre-mer. Par Franck Ladri\u00e8re, Fiscaliste. - TRIBUNAL-NATURE","description":"Avocat; [Point de vue] PLF 2026, une r\u00e9forme qui fragilise l\u2019investissement productif outre-mer. Par Franck Ladri\u00e8re, Fiscaliste. article de TRIBUNAL-NATURE","robots":{"index":"index","follow":"follow","max-snippet":"max-snippet:-1","max-image-preview":"max-image-preview:large","max-video-preview":"max-video-preview:-1"},"canonical":"https:\/\/www.tribunal-nature.org\/blog\/avocat-point-de-vue-plf-2026-une-reforme-qui-fragilise-linvestissement-productif-outre-mer-par-franck-ladriere-fiscaliste\/","og_locale":"fr_FR","og_type":"article","og_title":"Avocat; [Point de vue] PLF 2026, une r\u00e9forme qui fragilise l\u2019investissement productif outre-mer. Par Franck Ladri\u00e8re, Fiscaliste. - TRIBUNAL-NATURE","og_description":"Avocat; [Point de vue] PLF 2026, une r\u00e9forme qui fragilise l\u2019investissement productif outre-mer. Par Franck Ladri\u00e8re, Fiscaliste. article de TRIBUNAL-NATURE","og_url":"https:\/\/www.tribunal-nature.org\/blog\/avocat-point-de-vue-plf-2026-une-reforme-qui-fragilise-linvestissement-productif-outre-mer-par-franck-ladriere-fiscaliste\/","og_site_name":"TRIBUNAL-NATURE","article_published_time":"2025-10-17T16:07:58+00:00","og_image":[{"url":"https:\/\/www.tribunal-nature.org\/blog\/wp-content\/uploads\/2025\/10\/24aefb467b0d1589880fe1589fe0f3-1024x539-1.png","type":"","width":"","height":""}],"author":"Isabelle LOUBEAU","twitter_card":"summary_large_image","twitter_misc":{"\u00c9crit par":"Isabelle LOUBEAU","Dur\u00e9e de lecture estim\u00e9e":"11 minutes"},"schema":{"@context":"https:\/\/schema.org","@graph":[{"@type":"Article","@id":"https:\/\/www.tribunal-nature.org\/blog\/avocat-point-de-vue-plf-2026-une-reforme-qui-fragilise-linvestissement-productif-outre-mer-par-franck-ladriere-fiscaliste\/#article","isPartOf":{"@id":"https:\/\/www.tribunal-nature.org\/blog\/avocat-point-de-vue-plf-2026-une-reforme-qui-fragilise-linvestissement-productif-outre-mer-par-franck-ladriere-fiscaliste\/"},"author":{"name":"Isabelle LOUBEAU","@id":"https:\/\/www.tribunal-nature.org\/blog\/#\/schema\/person\/55761caf7544da6b05b60523f2a0855f"},"headline":"Avocat; [Point de vue] PLF 2026, une r\u00e9forme qui fragilise l\u2019investissement productif outre-mer. Par Franck Ladri\u00e8re, Fiscaliste.","datePublished":"2025-10-17T16:07:58+00:00","mainEntityOfPage":{"@id":"https:\/\/www.tribunal-nature.org\/blog\/avocat-point-de-vue-plf-2026-une-reforme-qui-fragilise-linvestissement-productif-outre-mer-par-franck-ladriere-fiscaliste\/"},"wordCount":2288,"publisher":{"@id":"https:\/\/www.tribunal-nature.org\/blog\/#organization"},"image":{"@id":"https:\/\/www.tribunal-nature.org\/blog\/avocat-point-de-vue-plf-2026-une-reforme-qui-fragilise-linvestissement-productif-outre-mer-par-franck-ladriere-fiscaliste\/#primaryimage"},"thumbnailUrl":"https:\/\/www.tribunal-nature.org\/blog\/wp-content\/uploads\/2025\/10\/24aefb467b0d1589880fe1589fe0f3-1024x539-1.png","articleSection":["Droit De L'Environnement:"],"inLanguage":"fr-FR"},{"@type":"WebPage","@id":"https:\/\/www.tribunal-nature.org\/blog\/avocat-point-de-vue-plf-2026-une-reforme-qui-fragilise-linvestissement-productif-outre-mer-par-franck-ladriere-fiscaliste\/","url":"https:\/\/www.tribunal-nature.org\/blog\/avocat-point-de-vue-plf-2026-une-reforme-qui-fragilise-linvestissement-productif-outre-mer-par-franck-ladriere-fiscaliste\/","name":"Avocat; [Point de vue] PLF 2026, une r\u00e9forme qui fragilise l\u2019investissement productif outre-mer. Par Franck Ladri\u00e8re, Fiscaliste. - TRIBUNAL-NATURE","isPartOf":{"@id":"https:\/\/www.tribunal-nature.org\/blog\/#website"},"primaryImageOfPage":{"@id":"https:\/\/www.tribunal-nature.org\/blog\/avocat-point-de-vue-plf-2026-une-reforme-qui-fragilise-linvestissement-productif-outre-mer-par-franck-ladriere-fiscaliste\/#primaryimage"},"image":{"@id":"https:\/\/www.tribunal-nature.org\/blog\/avocat-point-de-vue-plf-2026-une-reforme-qui-fragilise-linvestissement-productif-outre-mer-par-franck-ladriere-fiscaliste\/#primaryimage"},"thumbnailUrl":"https:\/\/www.tribunal-nature.org\/blog\/wp-content\/uploads\/2025\/10\/24aefb467b0d1589880fe1589fe0f3-1024x539-1.png","datePublished":"2025-10-17T16:07:58+00:00","description":"Avocat; [Point de vue] PLF 2026, une r\u00e9forme qui fragilise l\u2019investissement productif outre-mer. Par Franck Ladri\u00e8re, Fiscaliste. article de TRIBUNAL-NATURE","breadcrumb":{"@id":"https:\/\/www.tribunal-nature.org\/blog\/avocat-point-de-vue-plf-2026-une-reforme-qui-fragilise-linvestissement-productif-outre-mer-par-franck-ladriere-fiscaliste\/#breadcrumb"},"inLanguage":"fr-FR","potentialAction":[{"@type":"ReadAction","target":["https:\/\/www.tribunal-nature.org\/blog\/avocat-point-de-vue-plf-2026-une-reforme-qui-fragilise-linvestissement-productif-outre-mer-par-franck-ladriere-fiscaliste\/"]}]},{"@type":"ImageObject","inLanguage":"fr-FR","@id":"https:\/\/www.tribunal-nature.org\/blog\/avocat-point-de-vue-plf-2026-une-reforme-qui-fragilise-linvestissement-productif-outre-mer-par-franck-ladriere-fiscaliste\/#primaryimage","url":"https:\/\/www.tribunal-nature.org\/blog\/wp-content\/uploads\/2025\/10\/24aefb467b0d1589880fe1589fe0f3-1024x539-1.png","contentUrl":"https:\/\/www.tribunal-nature.org\/blog\/wp-content\/uploads\/2025\/10\/24aefb467b0d1589880fe1589fe0f3-1024x539-1.png","width":1024,"height":539,"caption":"24aefb467b0d1589880fe1589fe0f3 1024x539 1"},{"@type":"BreadcrumbList","@id":"https:\/\/www.tribunal-nature.org\/blog\/avocat-point-de-vue-plf-2026-une-reforme-qui-fragilise-linvestissement-productif-outre-mer-par-franck-ladriere-fiscaliste\/#breadcrumb","itemListElement":[{"@type":"ListItem","position":1,"name":"Accueil","item":"https:\/\/www.tribunal-nature.org\/blog\/"},{"@type":"ListItem","position":2,"name":"Avocat; [Point de vue] PLF 2026, une r\u00e9forme qui fragilise l\u2019investissement productif outre-mer. Par Franck Ladri\u00e8re, Fiscaliste."}]},{"@type":"WebSite","@id":"https:\/\/www.tribunal-nature.org\/blog\/#website","url":"https:\/\/www.tribunal-nature.org\/blog\/","name":"TRIBUNAL-NATURE","description":"Droit De L&#039;Environnement.","publisher":{"@id":"https:\/\/www.tribunal-nature.org\/blog\/#organization"},"potentialAction":[{"@type":"SearchAction","target":{"@type":"EntryPoint","urlTemplate":"https:\/\/www.tribunal-nature.org\/blog\/?s={search_term_string}"},"query-input":{"@type":"PropertyValueSpecification","valueRequired":true,"valueName":"search_term_string"}}],"inLanguage":"fr-FR"},{"@type":"Organization","@id":"https:\/\/www.tribunal-nature.org\/blog\/#organization","name":"tribunal-nature","url":"https:\/\/www.tribunal-nature.org\/blog\/","logo":{"@type":"ImageObject","inLanguage":"fr-FR","@id":"https:\/\/www.tribunal-nature.org\/blog\/#\/schema\/logo\/image\/","url":"https:\/\/www.tribunal-nature.org\/blog\/wp-content\/uploads\/2022\/05\/logo-2.png","contentUrl":"https:\/\/www.tribunal-nature.org\/blog\/wp-content\/uploads\/2022\/05\/logo-2.png","width":180,"height":180,"caption":"tribunal-nature"},"image":{"@id":"https:\/\/www.tribunal-nature.org\/blog\/#\/schema\/logo\/image\/"}},{"@type":"Person","@id":"https:\/\/www.tribunal-nature.org\/blog\/#\/schema\/person\/55761caf7544da6b05b60523f2a0855f","name":"Isabelle LOUBEAU","image":{"@type":"ImageObject","inLanguage":"fr-FR","@id":"https:\/\/secure.gravatar.com\/avatar\/b6912620aca78633bf5d50400888815d3b38a1118e82b94050843f411f3f5972?s=96&d=mm&r=g","url":"https:\/\/secure.gravatar.com\/avatar\/b6912620aca78633bf5d50400888815d3b38a1118e82b94050843f411f3f5972?s=96&d=mm&r=g","contentUrl":"https:\/\/secure.gravatar.com\/avatar\/b6912620aca78633bf5d50400888815d3b38a1118e82b94050843f411f3f5972?s=96&d=mm&r=g","caption":"Isabelle LOUBEAU"},"url":"https:\/\/www.tribunal-nature.org\/blog\/author\/ureisabelle\/"}]}},"_links":{"self":[{"href":"https:\/\/www.tribunal-nature.org\/blog\/wp-json\/wp\/v2\/posts\/1411","targetHints":{"allow":["GET"]}}],"collection":[{"href":"https:\/\/www.tribunal-nature.org\/blog\/wp-json\/wp\/v2\/posts"}],"about":[{"href":"https:\/\/www.tribunal-nature.org\/blog\/wp-json\/wp\/v2\/types\/post"}],"author":[{"embeddable":true,"href":"https:\/\/www.tribunal-nature.org\/blog\/wp-json\/wp\/v2\/users\/3"}],"replies":[{"embeddable":true,"href":"https:\/\/www.tribunal-nature.org\/blog\/wp-json\/wp\/v2\/comments?post=1411"}],"version-history":[{"count":0,"href":"https:\/\/www.tribunal-nature.org\/blog\/wp-json\/wp\/v2\/posts\/1411\/revisions"}],"wp:featuredmedia":[{"embeddable":true,"href":"https:\/\/www.tribunal-nature.org\/blog\/wp-json\/wp\/v2\/media\/1412"}],"wp:attachment":[{"href":"https:\/\/www.tribunal-nature.org\/blog\/wp-json\/wp\/v2\/media?parent=1411"}],"wp:term":[{"taxonomy":"category","embeddable":true,"href":"https:\/\/www.tribunal-nature.org\/blog\/wp-json\/wp\/v2\/categories?post=1411"},{"taxonomy":"post_tag","embeddable":true,"href":"https:\/\/www.tribunal-nature.org\/blog\/wp-json\/wp\/v2\/tags?post=1411"}],"curies":[{"name":"wp","href":"https:\/\/api.w.org\/{rel}","templated":true}]}}