{"id":1395,"date":"2025-10-10T15:18:21","date_gmt":"2025-10-10T13:18:21","guid":{"rendered":"https:\/\/www.tribunal-nature.org\/blog\/convocation-police-agglo-de-la-rochelle-deux-grosses-cylindrees-et-six-motocross-saisis-par-la-police-lors-dun-rodeo\/"},"modified":"2025-10-10T15:18:21","modified_gmt":"2025-10-10T13:18:21","slug":"convocation-police-agglo-de-la-rochelle-deux-grosses-cylindrees-et-six-motocross-saisis-par-la-police-lors-dun-rodeo","status":"publish","type":"post","link":"https:\/\/www.tribunal-nature.org\/blog\/convocation-police-agglo-de-la-rochelle-deux-grosses-cylindrees-et-six-motocross-saisis-par-la-police-lors-dun-rodeo\/","title":{"rendered":"Convocation Police; Agglo de La Rochelle : deux grosses cylindr\u00e9es et six motocross saisis par la police lors d\u2019un rod\u00e9o"},"content":{"rendered":"<div>\n<p>\nUn article portant le titre \u00ab\u00a0Agglo de La Rochelle : deux grosses cylindr\u00e9es et six motocross saisis par la police lors d\u2019un rod\u00e9o\u00a0\u00bb a \u00e9t\u00e9 r\u00e9cemment mis en ligne. <\/p>\n<p>La police nationale a tap\u00e9 fort le week-end des 4 et 5\u00a0octobre \u00e0 P\u00e9rigny et \u00e0 Aytr\u00e9 pour stopper les rod\u00e9os motoris\u00e9s fr\u00e9quents sur ces deux communes \u2026<\/p>\n<h2>Garde \u00e0 vue : d\u00e9finition et explications<\/h2>\n<p>Une garde \u00e0 vue est une mesure instaur\u00e9e dans le cadre d\u2019une proc\u00e9dure p\u00e9nale, visant \u00e0 maintenir un individu \u00e0 la disposition de la police judiciaire pour une dur\u00e9e fix\u00e9e. L\u2019objectif consiste \u00e0 recueillir toutes les informations sur une infraction \u00e0 la demande d\u2019un juge d\u2019instruction ou d\u2019un magistrat du parquet. G\u00e9n\u00e9ralement, ceux qui t\u00e9moignent d\u2019une infraction p\u00e9nale ne sont pas soumis \u00e0 une garde \u00e0 vue et sont entendus librement dans le cadre de l\u2019enqu\u00eate.<\/p>\n<h2>L\u2019essentiel sur la convocation \u00e0 la police<\/h2>\n<p>Une convocation \u00e0 la police est un document officiel qui demande \u00e0 une personne de se rendre devant un gendarme. La police peut d\u00e9livrer une convocation pour diverses raisons, notamment pour entendre un t\u00e9moin ou pour interroger une personne suspect\u00e9e dans une enqu\u00eate. Saisir l\u2019importance de cette convocation \u00e0 la police est essentiel, car elle peut engendrer des cons\u00e9quences juridiques s\u00e9rieuses. Une convocation \u00e0 la police peut \u00eatre informelle, o\u00f9 la pr\u00e9sence est souhait\u00e9e sans obligation l\u00e9gale, ou formelle, o\u00f9 la personne doit se pr\u00e9senter l\u00e9galement. Dans tous les cas, il est fondamental de prendre cette convocation \u00e0 la police au s\u00e9rieux. Si vous \u00eates convoqu\u00e9, cela signifie tr\u00e8s probablement que c\u2019est \u00e0 la demande d\u2019un juge d\u2019instruction dans le cadre d\u2019une affaire p\u00e9nale ou civile. Il est important que vous compreniez que la justice souhaite obtenir des renseignements de votre part. Elle sollicite un gendarme, qui a le pouvoir d\u2019agir comme officier de police judiciaire, pour vous entendre en tant que t\u00e9moin (audition libre) ou en tant que suspect potentiel (une mise en garde \u00e0 vue pourrait alors \u00eatre envisag\u00e9e).<\/p>\n<h2>Conseils pour bien r\u00e9agir \u00e0 une convocation \u00e0 la police<\/h2>\n<p>Suite \u00e0 la r\u00e9ception d\u2019une convocation \u00e0 la police, voici les \u00e9tapes \u00e0 suivre. Portez une attention particuli\u00e8re \u00e0 la convocation \u00e0 la police : N\u2019oubliez pas de noter la date, l\u2019heure et le lieu de l\u2019audition. Organisez vos justificatifs : Si vous disposez de preuves ou de documents pertinents, veillez \u00e0 les apporter. Se rapprocher d\u2019un avocat : Si vous avez des pr\u00e9occupations ou si vous \u00eates mis en cause, il est recommand\u00e9 de consulter un avocat avant l\u2019audition. \u00catre pr\u00e9sent \u00e0 l\u2019audition : Arrivez \u00e0 l\u2019heure et pr\u00e9parez-vous \u00e0 r\u00e9pondre aux interrogations. Afin de vous pr\u00e9parer \u00e0 l\u2019audition, il peut \u00eatre judicieux de consulter des ressources en ligne, telles que des vid\u00e9os informatives ou des r\u00e9cits d\u2019autres personnes ayant travers\u00e9 une situation comparable. Cela peut vous permettre de vous sentir plus en confiance et \u00e0 l\u2019aise lors de votre rendez-vous avec l\u2019officier de police judiciaire de la police. <a target=\"_blank\" rel=\"nofollow\" href=\"https:\/\/www.tribunal-nature.org\/blog\/goto\/https:\/\/www.courtier-avocat-strategie-tribunal-judiciaire.fr\/convocation-a-la-police-pour-une-audition-le-guide-pratique\/\"  rel=\"noopener noreferrer\" target=\"blank\">Voir sur le site https:\/\/www.courtier-avocat-strategie-tribunal-judiciaire.fr<\/a> : service qui vous permet de mieux g\u00e9rer votre convocation \u00e0 la police.<\/p>\n<h2>Informations sur les convocations \u00e0 la police<\/h2>\n<h3>Quels sont les motifs qui peuvent justifier une convocation \u00e0 la police ?<\/h3>\n<p>Les motifs d\u2019une convocation \u00e0 la police peuvent \u00eatre h\u00e9t\u00e9rog\u00e8nes. Ces motifs peuvent englober des enqu\u00eates sur des infractions all\u00e9gu\u00e9es, des t\u00e9moignages dans le cadre d\u2019une enqu\u00eate criminelle, ou des contr\u00f4les r\u00e9guliers. Vous pouvez \u00eatre appel\u00e9 \u00e0 compara\u00eetre en tant que suspect, t\u00e9moin, ou pour fournir des d\u00e9tails sur un \u00e9v\u00e9nement. Les convocations \u00e0 la police peuvent aussi \u00eatre li\u00e9es \u00e0 des affaires judiciaires en cours, o\u00f9 votre pr\u00e9sence est indispensable pour clarifier des points de l\u2019affaire.<\/p>\n<h3>Quels droits ai-je lors d\u2019une convocation \u00e0 la police ?<\/h3>\n<p>\u00c0 l\u2019occasion d\u2019une convocation \u00e0 la police, vous b\u00e9n\u00e9ficiez de plusieurs droits importants. Il vous est accord\u00e9 le droit d\u2019\u00eatre inform\u00e9 des raisons de votre convocation \u00e0 la police et de demander un avocat si vous \u00eates impliqu\u00e9. Vous avez aussi le droit de garder le silence et de ne pas r\u00e9pondre \u00e0 des questions qui pourraient vous compromettre. En tant que t\u00e9moin, vous \u00eates tenu de r\u00e9pondre aux questions, mais vous pouvez demander des clarifications sur vos droits avant de vous exprimer.<\/p>\n<h3>Comment proc\u00e9der lorsque je re\u00e7ois une convocation \u00e0 la police ?<\/h3>\n<p>Lorsque vous recevez une convocation \u00e0 la police, il est essentiel de bien lire le contenu du document. Pensez \u00e0 noter la date, l\u2019heure et le lieu de l\u2019audition. Il est essentiel de vous pr\u00e9senter, sauf si vous avez une raison justifi\u00e9e de ne pas le faire.<\/p>\n<\/p>\n<p>Dans ce cas, il est sage de contacter la police pour faire part de votre situation. Consulter un avocat peut vous aider \u00e0 vous pr\u00e9parer \u00e0 l\u2019audition, surtout si vous avez des inqui\u00e9tudes ou si vous \u00eates impliqu\u00e9 dans une enqu\u00eate.<\/p>\n<h3>Est-il permis de ne pas assister \u00e0 une audition libre ?<\/h3>\n<p>Dans une audition libre, vous n\u2019avez pas l\u2019obligation l\u00e9gale de vous pr\u00e9senter. Cependant, il est essentiel de r\u00e9aliser que ne pas se rendre peut entra\u00eener des cons\u00e9quences. Ne pas r\u00e9pondre \u00e0 une convocation officielle de la police peut \u00eatre consid\u00e9r\u00e9 comme une obstruction \u00e0 la justice. Il est judicieux de joindre la police ou la police pour discuter de votre situation si vous ne pouvez pas vous rendre.<\/p>\n<h2>Les aspects proc\u00e9duraux de la convocation \u00e0 la police<\/h2>\n<p>En cas de r\u00e9ception d\u2019une convocation \u00e0 la police, il est important de suivre des \u00e9tapes pr\u00e9cises. Avant tout, il faut examiner le document de mani\u00e8re attentive pour comprendre le motif de la convocation \u00e0 la police et la date \u00e0 laquelle il est requis de se pr\u00e9senter. Il est essentiel que la convocation \u00e0 la police mentionne le lieu et l\u2019heure de l\u2019audition, ainsi que, si applicable, le motif de l\u2019infraction ou la qualification p\u00e9nale. Elle ne pr\u00e9cise pas si une garde \u00e0 vue est \u00e0 pr\u00e9voir ou si vous serez entendu en tant que t\u00e9moin libre. Ce document doit \u00eatre sign\u00e9 par le gendarme, qui agit en tant qu\u2019officier de police judiciaire et que vous pouvez recontacter. En tant que personne convoqu\u00e9e, vous avez des droits \u00e0 faire valoir et des obligations \u00e0 remplir. Vous avez le droit d\u2019\u00eatre inform\u00e9 des motifs de votre convocation \u00e0 la police et de solliciter la pr\u00e9sence d\u2019un avocat si vous \u00eates impliqu\u00e9. Dans le cas o\u00f9 l\u2019officier de police judiciaire qui vous convoque vous met en garde \u00e0 vue, vous aurez le droit de consulter un avocat avant d\u2019\u00eatre interrog\u00e9, et cet avocat pourra assister \u00e0 toutes vos auditions. Il est primordial de comprendre que vous avez le droit de ne pas r\u00e9pondre \u00e0 des questions qui pourraient vous incriminer, en faisant appel \u00e0 votre droit au silence. Toutes vos d\u00e9clarations seront not\u00e9es dans un \u00ab\u00a0proc\u00e8s-verbal\u00a0\u00bb et envoy\u00e9es au tribunal, comme l\u2019exige le code de proc\u00e9dure p\u00e9nale.<\/p>\n<h2>Les r\u00e9sultats d\u2019une convocation \u00e0 la police n\u00e9glig\u00e9e<\/h2>\n<p>Faire fi d\u2019une convocation \u00e0 la police peut engendrer des cons\u00e9quences juridiques notables. Effectivement, le non-respect d\u2019une convocation formelle \u00e0 la police peut \u00eatre consid\u00e9r\u00e9 comme une obstruction \u00e0 la justice, ce qui peut avoir des cons\u00e9quences. Cela peut aussi influencer votre dossier personnel et professionnel, car une absence non justifi\u00e9e peut \u00eatre per\u00e7ue comme un manque de collaboration. Il est donc imp\u00e9ratif de prendre des mesures pour r\u00e9pondre \u00e0 la convocation \u00e0 la police, que ce soit en vous rendant \u00e0 l\u2019audition ou en contactant la police et l\u2019officier de police judiciaire ayant sign\u00e9 votre convocation pour exposer votre situation. <\/p>\n<\/div>\n","protected":false},"excerpt":{"rendered":"<p>Un article portant le titre \u00ab\u00a0Agglo de La Rochelle : deux grosses cylindr\u00e9es et six motocross saisis par la police&#8230;<\/p>\n","protected":false},"author":3,"featured_media":0,"comment_status":"closed","ping_status":"closed","sticky":false,"template":"","format":"standard","meta":{"footnotes":""},"categories":[2],"tags":[],"class_list":["post-1395","post","type-post","status-publish","format-standard","hentry","category-droit-de-lenvironnement","wpcat-2-id"],"yoast_head":"<!-- This site is optimized with the Yoast SEO plugin v27.5 - https:\/\/yoast.com\/product\/yoast-seo-wordpress\/ -->\n<title>Convocation Police; Agglo de La Rochelle : deux grosses cylindr\u00e9es et six motocross saisis par la police lors d\u2019un rod\u00e9o - TRIBUNAL-NATURE<\/title>\n<meta name=\"description\" content=\"Convocation Police; Agglo de La Rochelle : deux grosses cylindr\u00e9es et six motocross saisis par la police lors d\u2019un rod\u00e9o article de TRIBUNAL-NATURE\" \/>\n<meta name=\"robots\" content=\"index, follow, max-snippet:-1, max-image-preview:large, max-video-preview:-1\" \/>\n<link rel=\"canonical\" href=\"https:\/\/www.tribunal-nature.org\/blog\/convocation-police-agglo-de-la-rochelle-deux-grosses-cylindrees-et-six-motocross-saisis-par-la-police-lors-dun-rodeo\/\" \/>\n<meta property=\"og:locale\" content=\"fr_FR\" \/>\n<meta property=\"og:type\" content=\"article\" \/>\n<meta property=\"og:title\" content=\"Convocation Police; Agglo de La Rochelle : deux grosses cylindr\u00e9es et six motocross saisis par la police lors d\u2019un rod\u00e9o - TRIBUNAL-NATURE\" \/>\n<meta property=\"og:description\" content=\"Convocation Police; Agglo de La Rochelle : deux grosses cylindr\u00e9es et six motocross saisis par la police lors d\u2019un rod\u00e9o article de TRIBUNAL-NATURE\" \/>\n<meta property=\"og:url\" content=\"https:\/\/www.tribunal-nature.org\/blog\/convocation-police-agglo-de-la-rochelle-deux-grosses-cylindrees-et-six-motocross-saisis-par-la-police-lors-dun-rodeo\/\" \/>\n<meta property=\"og:site_name\" content=\"TRIBUNAL-NATURE\" \/>\n<meta property=\"article:published_time\" content=\"2025-10-10T13:18:21+00:00\" \/>\n<meta name=\"author\" content=\"Isabelle LOUBEAU\" \/>\n<meta name=\"twitter:card\" content=\"summary_large_image\" \/>\n<meta name=\"twitter:label1\" content=\"\u00c9crit par\" \/>\n\t<meta name=\"twitter:data1\" content=\"Isabelle LOUBEAU\" \/>\n\t<meta name=\"twitter:label2\" content=\"Dur\u00e9e de lecture estim\u00e9e\" \/>\n\t<meta name=\"twitter:data2\" content=\"7 minutes\" \/>\n<script type=\"application\/ld+json\" class=\"yoast-schema-graph\">{\"@context\":\"https:\\\/\\\/schema.org\",\"@graph\":[{\"@type\":\"Article\",\"@id\":\"https:\\\/\\\/www.tribunal-nature.org\\\/blog\\\/convocation-police-agglo-de-la-rochelle-deux-grosses-cylindrees-et-six-motocross-saisis-par-la-police-lors-dun-rodeo\\\/#article\",\"isPartOf\":{\"@id\":\"https:\\\/\\\/www.tribunal-nature.org\\\/blog\\\/convocation-police-agglo-de-la-rochelle-deux-grosses-cylindrees-et-six-motocross-saisis-par-la-police-lors-dun-rodeo\\\/\"},\"author\":{\"name\":\"Isabelle LOUBEAU\",\"@id\":\"https:\\\/\\\/www.tribunal-nature.org\\\/blog\\\/#\\\/schema\\\/person\\\/55761caf7544da6b05b60523f2a0855f\"},\"headline\":\"Convocation Police; Agglo de La Rochelle : deux grosses cylindr\u00e9es et six motocross saisis par la police lors d\u2019un rod\u00e9o\",\"datePublished\":\"2025-10-10T13:18:21+00:00\",\"mainEntityOfPage\":{\"@id\":\"https:\\\/\\\/www.tribunal-nature.org\\\/blog\\\/convocation-police-agglo-de-la-rochelle-deux-grosses-cylindrees-et-six-motocross-saisis-par-la-police-lors-dun-rodeo\\\/\"},\"wordCount\":1340,\"publisher\":{\"@id\":\"https:\\\/\\\/www.tribunal-nature.org\\\/blog\\\/#organization\"},\"articleSection\":[\"Droit De L'Environnement:\"],\"inLanguage\":\"fr-FR\"},{\"@type\":\"WebPage\",\"@id\":\"https:\\\/\\\/www.tribunal-nature.org\\\/blog\\\/convocation-police-agglo-de-la-rochelle-deux-grosses-cylindrees-et-six-motocross-saisis-par-la-police-lors-dun-rodeo\\\/\",\"url\":\"https:\\\/\\\/www.tribunal-nature.org\\\/blog\\\/convocation-police-agglo-de-la-rochelle-deux-grosses-cylindrees-et-six-motocross-saisis-par-la-police-lors-dun-rodeo\\\/\",\"name\":\"Convocation Police; Agglo de La Rochelle : deux grosses cylindr\u00e9es et six motocross saisis par la police lors d\u2019un rod\u00e9o - TRIBUNAL-NATURE\",\"isPartOf\":{\"@id\":\"https:\\\/\\\/www.tribunal-nature.org\\\/blog\\\/#website\"},\"datePublished\":\"2025-10-10T13:18:21+00:00\",\"description\":\"Convocation Police; Agglo de La Rochelle : deux grosses cylindr\u00e9es et six motocross saisis par la police lors d\u2019un rod\u00e9o article de TRIBUNAL-NATURE\",\"breadcrumb\":{\"@id\":\"https:\\\/\\\/www.tribunal-nature.org\\\/blog\\\/convocation-police-agglo-de-la-rochelle-deux-grosses-cylindrees-et-six-motocross-saisis-par-la-police-lors-dun-rodeo\\\/#breadcrumb\"},\"inLanguage\":\"fr-FR\",\"potentialAction\":[{\"@type\":\"ReadAction\",\"target\":[\"https:\\\/\\\/www.tribunal-nature.org\\\/blog\\\/convocation-police-agglo-de-la-rochelle-deux-grosses-cylindrees-et-six-motocross-saisis-par-la-police-lors-dun-rodeo\\\/\"]}]},{\"@type\":\"BreadcrumbList\",\"@id\":\"https:\\\/\\\/www.tribunal-nature.org\\\/blog\\\/convocation-police-agglo-de-la-rochelle-deux-grosses-cylindrees-et-six-motocross-saisis-par-la-police-lors-dun-rodeo\\\/#breadcrumb\",\"itemListElement\":[{\"@type\":\"ListItem\",\"position\":1,\"name\":\"Accueil\",\"item\":\"https:\\\/\\\/www.tribunal-nature.org\\\/blog\\\/\"},{\"@type\":\"ListItem\",\"position\":2,\"name\":\"Convocation Police; Agglo de La Rochelle : deux grosses cylindr\u00e9es et six motocross saisis par la police lors d\u2019un rod\u00e9o\"}]},{\"@type\":\"WebSite\",\"@id\":\"https:\\\/\\\/www.tribunal-nature.org\\\/blog\\\/#website\",\"url\":\"https:\\\/\\\/www.tribunal-nature.org\\\/blog\\\/\",\"name\":\"TRIBUNAL-NATURE\",\"description\":\"Droit De L&#039;Environnement.\",\"publisher\":{\"@id\":\"https:\\\/\\\/www.tribunal-nature.org\\\/blog\\\/#organization\"},\"potentialAction\":[{\"@type\":\"SearchAction\",\"target\":{\"@type\":\"EntryPoint\",\"urlTemplate\":\"https:\\\/\\\/www.tribunal-nature.org\\\/blog\\\/?s={search_term_string}\"},\"query-input\":{\"@type\":\"PropertyValueSpecification\",\"valueRequired\":true,\"valueName\":\"search_term_string\"}}],\"inLanguage\":\"fr-FR\"},{\"@type\":\"Organization\",\"@id\":\"https:\\\/\\\/www.tribunal-nature.org\\\/blog\\\/#organization\",\"name\":\"tribunal-nature\",\"url\":\"https:\\\/\\\/www.tribunal-nature.org\\\/blog\\\/\",\"logo\":{\"@type\":\"ImageObject\",\"inLanguage\":\"fr-FR\",\"@id\":\"https:\\\/\\\/www.tribunal-nature.org\\\/blog\\\/#\\\/schema\\\/logo\\\/image\\\/\",\"url\":\"https:\\\/\\\/www.tribunal-nature.org\\\/blog\\\/wp-content\\\/uploads\\\/2022\\\/05\\\/logo-2.png\",\"contentUrl\":\"https:\\\/\\\/www.tribunal-nature.org\\\/blog\\\/wp-content\\\/uploads\\\/2022\\\/05\\\/logo-2.png\",\"width\":180,\"height\":180,\"caption\":\"tribunal-nature\"},\"image\":{\"@id\":\"https:\\\/\\\/www.tribunal-nature.org\\\/blog\\\/#\\\/schema\\\/logo\\\/image\\\/\"}},{\"@type\":\"Person\",\"@id\":\"https:\\\/\\\/www.tribunal-nature.org\\\/blog\\\/#\\\/schema\\\/person\\\/55761caf7544da6b05b60523f2a0855f\",\"name\":\"Isabelle LOUBEAU\",\"image\":{\"@type\":\"ImageObject\",\"inLanguage\":\"fr-FR\",\"@id\":\"https:\\\/\\\/secure.gravatar.com\\\/avatar\\\/b6912620aca78633bf5d50400888815d3b38a1118e82b94050843f411f3f5972?s=96&d=mm&r=g\",\"url\":\"https:\\\/\\\/secure.gravatar.com\\\/avatar\\\/b6912620aca78633bf5d50400888815d3b38a1118e82b94050843f411f3f5972?s=96&d=mm&r=g\",\"contentUrl\":\"https:\\\/\\\/secure.gravatar.com\\\/avatar\\\/b6912620aca78633bf5d50400888815d3b38a1118e82b94050843f411f3f5972?s=96&d=mm&r=g\",\"caption\":\"Isabelle LOUBEAU\"},\"url\":\"https:\\\/\\\/www.tribunal-nature.org\\\/blog\\\/author\\\/ureisabelle\\\/\"}]}<\/script>\n<!-- \/ Yoast SEO plugin. -->","yoast_head_json":{"title":"Convocation Police; Agglo de La Rochelle : deux grosses cylindr\u00e9es et six motocross saisis par la police lors d\u2019un rod\u00e9o - TRIBUNAL-NATURE","description":"Convocation Police; Agglo de La Rochelle : deux grosses cylindr\u00e9es et six motocross saisis par la police lors d\u2019un rod\u00e9o article de TRIBUNAL-NATURE","robots":{"index":"index","follow":"follow","max-snippet":"max-snippet:-1","max-image-preview":"max-image-preview:large","max-video-preview":"max-video-preview:-1"},"canonical":"https:\/\/www.tribunal-nature.org\/blog\/convocation-police-agglo-de-la-rochelle-deux-grosses-cylindrees-et-six-motocross-saisis-par-la-police-lors-dun-rodeo\/","og_locale":"fr_FR","og_type":"article","og_title":"Convocation Police; Agglo de La Rochelle : deux grosses cylindr\u00e9es et six motocross saisis par la police lors d\u2019un rod\u00e9o - TRIBUNAL-NATURE","og_description":"Convocation Police; Agglo de La Rochelle : deux grosses cylindr\u00e9es et six motocross saisis par la police lors d\u2019un rod\u00e9o article de TRIBUNAL-NATURE","og_url":"https:\/\/www.tribunal-nature.org\/blog\/convocation-police-agglo-de-la-rochelle-deux-grosses-cylindrees-et-six-motocross-saisis-par-la-police-lors-dun-rodeo\/","og_site_name":"TRIBUNAL-NATURE","article_published_time":"2025-10-10T13:18:21+00:00","author":"Isabelle LOUBEAU","twitter_card":"summary_large_image","twitter_misc":{"\u00c9crit par":"Isabelle LOUBEAU","Dur\u00e9e de lecture estim\u00e9e":"7 minutes"},"schema":{"@context":"https:\/\/schema.org","@graph":[{"@type":"Article","@id":"https:\/\/www.tribunal-nature.org\/blog\/convocation-police-agglo-de-la-rochelle-deux-grosses-cylindrees-et-six-motocross-saisis-par-la-police-lors-dun-rodeo\/#article","isPartOf":{"@id":"https:\/\/www.tribunal-nature.org\/blog\/convocation-police-agglo-de-la-rochelle-deux-grosses-cylindrees-et-six-motocross-saisis-par-la-police-lors-dun-rodeo\/"},"author":{"name":"Isabelle LOUBEAU","@id":"https:\/\/www.tribunal-nature.org\/blog\/#\/schema\/person\/55761caf7544da6b05b60523f2a0855f"},"headline":"Convocation Police; Agglo de La Rochelle : deux grosses cylindr\u00e9es et six motocross saisis par la police lors d\u2019un rod\u00e9o","datePublished":"2025-10-10T13:18:21+00:00","mainEntityOfPage":{"@id":"https:\/\/www.tribunal-nature.org\/blog\/convocation-police-agglo-de-la-rochelle-deux-grosses-cylindrees-et-six-motocross-saisis-par-la-police-lors-dun-rodeo\/"},"wordCount":1340,"publisher":{"@id":"https:\/\/www.tribunal-nature.org\/blog\/#organization"},"articleSection":["Droit De L'Environnement:"],"inLanguage":"fr-FR"},{"@type":"WebPage","@id":"https:\/\/www.tribunal-nature.org\/blog\/convocation-police-agglo-de-la-rochelle-deux-grosses-cylindrees-et-six-motocross-saisis-par-la-police-lors-dun-rodeo\/","url":"https:\/\/www.tribunal-nature.org\/blog\/convocation-police-agglo-de-la-rochelle-deux-grosses-cylindrees-et-six-motocross-saisis-par-la-police-lors-dun-rodeo\/","name":"Convocation Police; Agglo de La Rochelle : deux grosses cylindr\u00e9es et six motocross saisis par la police lors d\u2019un rod\u00e9o - TRIBUNAL-NATURE","isPartOf":{"@id":"https:\/\/www.tribunal-nature.org\/blog\/#website"},"datePublished":"2025-10-10T13:18:21+00:00","description":"Convocation Police; Agglo de La Rochelle : deux grosses cylindr\u00e9es et six motocross saisis par la police lors d\u2019un rod\u00e9o article de TRIBUNAL-NATURE","breadcrumb":{"@id":"https:\/\/www.tribunal-nature.org\/blog\/convocation-police-agglo-de-la-rochelle-deux-grosses-cylindrees-et-six-motocross-saisis-par-la-police-lors-dun-rodeo\/#breadcrumb"},"inLanguage":"fr-FR","potentialAction":[{"@type":"ReadAction","target":["https:\/\/www.tribunal-nature.org\/blog\/convocation-police-agglo-de-la-rochelle-deux-grosses-cylindrees-et-six-motocross-saisis-par-la-police-lors-dun-rodeo\/"]}]},{"@type":"BreadcrumbList","@id":"https:\/\/www.tribunal-nature.org\/blog\/convocation-police-agglo-de-la-rochelle-deux-grosses-cylindrees-et-six-motocross-saisis-par-la-police-lors-dun-rodeo\/#breadcrumb","itemListElement":[{"@type":"ListItem","position":1,"name":"Accueil","item":"https:\/\/www.tribunal-nature.org\/blog\/"},{"@type":"ListItem","position":2,"name":"Convocation Police; Agglo de La Rochelle : deux grosses cylindr\u00e9es et six motocross saisis par la police lors d\u2019un rod\u00e9o"}]},{"@type":"WebSite","@id":"https:\/\/www.tribunal-nature.org\/blog\/#website","url":"https:\/\/www.tribunal-nature.org\/blog\/","name":"TRIBUNAL-NATURE","description":"Droit De L&#039;Environnement.","publisher":{"@id":"https:\/\/www.tribunal-nature.org\/blog\/#organization"},"potentialAction":[{"@type":"SearchAction","target":{"@type":"EntryPoint","urlTemplate":"https:\/\/www.tribunal-nature.org\/blog\/?s={search_term_string}"},"query-input":{"@type":"PropertyValueSpecification","valueRequired":true,"valueName":"search_term_string"}}],"inLanguage":"fr-FR"},{"@type":"Organization","@id":"https:\/\/www.tribunal-nature.org\/blog\/#organization","name":"tribunal-nature","url":"https:\/\/www.tribunal-nature.org\/blog\/","logo":{"@type":"ImageObject","inLanguage":"fr-FR","@id":"https:\/\/www.tribunal-nature.org\/blog\/#\/schema\/logo\/image\/","url":"https:\/\/www.tribunal-nature.org\/blog\/wp-content\/uploads\/2022\/05\/logo-2.png","contentUrl":"https:\/\/www.tribunal-nature.org\/blog\/wp-content\/uploads\/2022\/05\/logo-2.png","width":180,"height":180,"caption":"tribunal-nature"},"image":{"@id":"https:\/\/www.tribunal-nature.org\/blog\/#\/schema\/logo\/image\/"}},{"@type":"Person","@id":"https:\/\/www.tribunal-nature.org\/blog\/#\/schema\/person\/55761caf7544da6b05b60523f2a0855f","name":"Isabelle LOUBEAU","image":{"@type":"ImageObject","inLanguage":"fr-FR","@id":"https:\/\/secure.gravatar.com\/avatar\/b6912620aca78633bf5d50400888815d3b38a1118e82b94050843f411f3f5972?s=96&d=mm&r=g","url":"https:\/\/secure.gravatar.com\/avatar\/b6912620aca78633bf5d50400888815d3b38a1118e82b94050843f411f3f5972?s=96&d=mm&r=g","contentUrl":"https:\/\/secure.gravatar.com\/avatar\/b6912620aca78633bf5d50400888815d3b38a1118e82b94050843f411f3f5972?s=96&d=mm&r=g","caption":"Isabelle LOUBEAU"},"url":"https:\/\/www.tribunal-nature.org\/blog\/author\/ureisabelle\/"}]}},"_links":{"self":[{"href":"https:\/\/www.tribunal-nature.org\/blog\/wp-json\/wp\/v2\/posts\/1395","targetHints":{"allow":["GET"]}}],"collection":[{"href":"https:\/\/www.tribunal-nature.org\/blog\/wp-json\/wp\/v2\/posts"}],"about":[{"href":"https:\/\/www.tribunal-nature.org\/blog\/wp-json\/wp\/v2\/types\/post"}],"author":[{"embeddable":true,"href":"https:\/\/www.tribunal-nature.org\/blog\/wp-json\/wp\/v2\/users\/3"}],"replies":[{"embeddable":true,"href":"https:\/\/www.tribunal-nature.org\/blog\/wp-json\/wp\/v2\/comments?post=1395"}],"version-history":[{"count":0,"href":"https:\/\/www.tribunal-nature.org\/blog\/wp-json\/wp\/v2\/posts\/1395\/revisions"}],"wp:attachment":[{"href":"https:\/\/www.tribunal-nature.org\/blog\/wp-json\/wp\/v2\/media?parent=1395"}],"wp:term":[{"taxonomy":"category","embeddable":true,"href":"https:\/\/www.tribunal-nature.org\/blog\/wp-json\/wp\/v2\/categories?post=1395"},{"taxonomy":"post_tag","embeddable":true,"href":"https:\/\/www.tribunal-nature.org\/blog\/wp-json\/wp\/v2\/tags?post=1395"}],"curies":[{"name":"wp","href":"https:\/\/api.w.org\/{rel}","templated":true}]}}