{"id":1373,"date":"2025-10-01T21:00:56","date_gmt":"2025-10-01T19:00:56","guid":{"rendered":"https:\/\/www.tribunal-nature.org\/blog\/avocat-athenes-paralysee-par-une-greve-generale-contre-la-nouvelle-legislation-du-travail\/"},"modified":"2025-10-01T21:00:56","modified_gmt":"2025-10-01T19:00:56","slug":"avocat-athenes-paralysee-par-une-greve-generale-contre-la-nouvelle-legislation-du-travail","status":"publish","type":"post","link":"https:\/\/www.tribunal-nature.org\/blog\/avocat-athenes-paralysee-par-une-greve-generale-contre-la-nouvelle-legislation-du-travail\/","title":{"rendered":"Avocat; Ath\u00e8nes paralys\u00e9e par une gr\u00e8ve g\u00e9n\u00e9rale contre la nouvelle l\u00e9gislation du travail"},"content":{"rendered":"<div>\n<p>\nUn article r\u00e9cemment publi\u00e9 porte le titre \u00ab\u00a0Ath\u00e8nes paralys\u00e9e par une gr\u00e8ve g\u00e9n\u00e9rale contre la nouvelle l\u00e9gislation du travail\u00a0\u00bb. <\/p>\n<p>Ath\u00e8nes a \u00e9t\u00e9 paralys\u00e9e par une gr\u00e8ve g\u00e9n\u00e9rale, des milliers de personnes protestant contre la nouvelle l\u00e9gislation du travail. Les transports publics, les \u00e9coles, les tribunaux et les h\u00f4pitaux ont \u00e9t \u2026<\/p>\n<h2>Interrogations fr\u00e9quentes pour ceux qui souhaitent engager un avocat en droit du travail<\/h2>\n<h3>Avantages de la consultation d\u2019un avocat en droit du travail en ligne<\/h3>\n<p>Se tourner vers un avocat en droit du travail en ligne permet d\u2019acc\u00e9der \u00e0 des conseils juridiques rapidement, sans n\u00e9cessiter de d\u00e9placement. Ceci est d\u2019une grande aide pour les personnes ayant des horaires charg\u00e9s ou habitant dans des zones \u00e9loign\u00e9es. Les consultations en ligne offrent la possibilit\u00e9 de poser des questions cibl\u00e9es et d\u2019obtenir des r\u00e9ponses qui s\u2019adaptent \u00e0 votre situation.<\/p>\n<p><strong>Livres sur un th\u00e8me concordant:<\/strong><\/p>\n<p>Appel \u00e0 la justice de l\u2019\u00c9tat\/Sixi\u00e8me lettre \u00e0 milord Sidney,<a target=\"_blank\" rel=\"nofollow\" href=\"https:\/\/www.tribunal-nature.org\/blog\/goto\/https:\/\/fr.wikisource.org\/wiki\/Appel_%C3%A0_la_justice_de_l%E2%80%99%C3%89tat\/Sixi%C3%A8me_lettre_%C3%A0_milord_Sidney\"  rel=\"noopener noreferrer nofollow\" target=\"_blank\">Le livre <\/a><span><\/span>. Ouvrage de r\u00e9f\u00e9rence.Japonais\/Vocabulaire,<a target=\"_blank\" rel=\"nofollow\" href=\"https:\/\/www.tribunal-nature.org\/blog\/goto\/https:\/\/fr.wikibooks.org\/wiki\/Japonais\/Vocabulaire\"  rel=\"noopener noreferrer nofollow\" target=\"_blank\">Le livre <\/a><span><\/span>.Syst\u00e8mes juridiques communautaires\/L\u2019\u00e9laboration du droit primaire,<a target=\"_blank\" rel=\"nofollow\" href=\"https:\/\/www.tribunal-nature.org\/blog\/goto\/https:\/\/fr.wikibooks.org\/wiki\/Syst%C3%A8mes_juridiques_communautaires\/L%27%C3%A9laboration_du_droit_primaire\"  rel=\"noopener noreferrer nofollow\" target=\"_blank\">Ouvrage <\/a><span><\/span>. A emprunter en biblioth\u00e8que.<\/p>\n<\/p>\n<h3>Quels \u00e9l\u00e9ments doivent \u00eatre pris en compte pour juger un avocat en droit du travail ?<\/h3>\n<p>Un avocat sp\u00e9cialis\u00e9 en droit du travail est impliqu\u00e9 dans plusieurs secteurs :<\/p>\n<ul>\n<li>Conseil sur les droits des travailleurs en mati\u00e8re de sant\u00e9 et s\u00e9curit\u00e9 au travail ;\n<\/li>\n<li>Conseil sur les obligations de l\u2019employeur en mati\u00e8re de formation professionnelle ;\n<\/li>\n<li>Assistance dans les affaires de licenciement \u00e9conomique ;\n<\/li>\n<li>Assistance dans les proc\u00e9dures de contestation de la validit\u00e9 d\u2019un licenciement ;\n<\/li>\n<li>Assistance dans les affaires de conflits collectifs au sein de l\u2019entreprise.<\/li>\n<\/ul>\n<p>Il n\u2019est jamais garanti qu\u2019un avocat r\u00e9pondra \u00e0 vos attentes, mais voici les \u00e9l\u00e9ments cl\u00e9s \u00e0 v\u00e9rifier pour r\u00e9duire les risques. Tout d\u2019abord, examinez les qualifications de l\u2019avocat en vous assurant qu\u2019il poss\u00e8de une exp\u00e9rience significative dans le domaine de le droit du travail et qu\u2019il fait partie d\u2019un cabinet respect\u00e9, ce qui prouve sa comp\u00e9tence. Ensuite, examinez les retours d\u2019exp\u00e9rience en cherchant des t\u00e9moignages de clients ant\u00e9rieurs pour juger de la qualit\u00e9 du service et du niveau de satisfaction. Il est recommand\u00e9 de rencontrer plusieurs avocats en planifiant des consultations pour parler de votre projet, ce qui vous aidera \u00e0 \u00e9valuer la compr\u00e9hension et l\u2019approche de chacun. Enfin, veillez \u00e0 aborder la question des honoraires en vous renseignant sur les tarifs et les modalit\u00e9s de paiement, car certains avocats peuvent offrir des consultations gratuites pour analyser votre situation, ce qui peut \u00eatre un bon d\u00e9but.<\/p>\n<\/p>\n<p><strong>\u00c9tude des avocats en ligne :<\/strong><\/p>\n<table border=\"2\" cellpadding=\"6\" cellspacing=\"2\">\n<thead>\n<tr>\n<th>Offre de service\n<\/th>\n<th>M\u00e9canisme de fonctionnement\n<\/th>\n<th>Estimation des prix\n<\/th>\n<th>Points forts\n<\/th>\n<th>Inconv\u00e9nients\n<\/th>\n<\/tr>\n<\/thead>\n<tbody>\n<tr>\n<td>CASTJ\n<\/td>\n<td>Service \u00e0 titre gracieux \u2014 combinaison d\u2019expertise humaine et IA pour une premi\u00e8re orientation juridique\n<\/td>\n<td>Z\u00e9ro euro\n<\/td>\n<td>Orientation imm\u00e9diate, association IA + juriste\n<\/td>\n<td>Service en plein essor proposant un soutien \u00e9largi dans les d\u00e9marches judiciaires\n<\/td>\n<\/tr>\n<tr>\n<td>Juri-Legal\n<\/td>\n<td>Entretien juridique avec avocat (t\u00e9l\u00e9phone, chat, visio) \u2014 prix \u00e0 la minute\n<\/td>\n<td>Tarif fluctuant selon l\u2019avocat (co\u00fbt \u00e0 la minute)\n<\/td>\n<td>Souplesse : possibilit\u00e9 de choisir l\u2019avocat, co\u00fbt calcul\u00e9 sur le temps effectivement utilis\u00e9\n<\/td>\n<td>Site en perte d\u2019attractivit\u00e9 : peu d\u2019avocats en ligne, fonctionnalit\u00e9s restantes surtout \u00e0 titre d\u2019exemple\n<\/td>\n<\/tr>\n<tr>\n<td>Juste un Renseignement\n<\/td>\n<td>Avocat ind\u00e9pendant \u2014 consultation rapide via internet\n<\/td>\n<td>Offre d\u00e9couverte \u00e0 30 \u20ac ; puis 20 \u20ac pour 15 minutes ou 120 \u20ac par heure selon le service requis\n<\/td>\n<td>Parfait pour une assistance rapide et \u00e0 port\u00e9e de main\n<\/td>\n<td>Orientation minimale pour les dossiers compliqu\u00e9s\n<\/td>\n<\/tr>\n<tr>\n<td>VotreJuriste\n<\/td>\n<td>Plateforme de prospection commerciale \u2014 prise de rendez-vous en ligne avec assistance back office\n<\/td>\n<td>75 \u20ac TTC (consultation t\u00e9l\u00e9phonique annonc\u00e9e \u00e0 l\u2019avance)\n<\/td>\n<td>Montant visible, r\u00e9servation via le site\n<\/td>\n<td>Structure difficile \u00e0 cerner : back office unique, adresse et organisation peu explicites\n<\/td>\n<\/tr>\n<tr>\n<td>Avocats-en-ligne\n<\/td>\n<td>Prise de rendez-vous avec un avocat (pas de r\u00e9ponse rapide en ligne)\n<\/td>\n<td>Tarif promotionnel : 39 \u20ac TTC pour une consultation d\u2019environ 20 minutes\n<\/td>\n<td>Co\u00fbt d\u2019appel net, couverture \u00e9tendue de plusieurs domaines\n<\/td>\n<td>Pas de r\u00e9ponse imm\u00e9diate sur le site \u2014 n\u00e9cessit\u00e9 de fixer un rendez-vous\n<\/td>\n<\/tr>\n<tr>\n<td>Juriclic.net\n<\/td>\n<td>Prise de rendez-vous avec avocats\/juristes, plusieurs alternatives disponibles\n<\/td>\n<td>Tarifs : 25 \u20ac, 30 \u20ac ou 45 \u20ac selon le type de prestation\n<\/td>\n<td>Prix mod\u00e9r\u00e9s et formules vari\u00e9es\n<\/td>\n<td>R\u00e9ponse en ligne non instantan\u00e9e \u2014 service sur rendez-vous<\/td>\n<\/tr>\n<\/tbody>\n<\/table>\n<h3>Que faire si je ne comprends pas les cons\u00e9quences juridiques de ma situation ?<\/h3>\n<p>Il est naturel de se sentir d\u00e9sempar\u00e9 lorsqu\u2019on est confront\u00e9 \u00e0 des interrogations juridiques complexes. N\u2019h\u00e9sitez pas \u00e0 soulever des interrogations pendant votre entretien. Un avocat qualifi\u00e9 prendra le temps de vous expliquer les implications de votre situation de mani\u00e8re claire et concise.<\/p>\n<h3>Comment s\u00e9lectionner un avocat sp\u00e9cialis\u00e9 en droit du travail ?<\/h3>\n<p>Dans le processus de s\u00e9lection d\u2019un avocat en droit du travail, il est crucial de tenir compte de plusieurs \u00e9l\u00e9ments importants. Pour commencer, il est important de v\u00e9rifier les comp\u00e9tences de l\u2019avocat, en vous assurant qu\u2019il a des sp\u00e9cialisations et une exp\u00e9rience significative en droit du travail. Cela vous permettra de vous assurer qu\u2019il est bien au fait des lois et r\u00e8glements actuels. Ensuite, informez-vous sur les honoraires en examinant les tarifs et les modalit\u00e9s de paiement, car certains avocats offrent des consultations gratuites, ce qui peut constituer un avantage. Pour finir, examinez les retours des clients afin d\u2019\u00e9valuer la qualit\u00e9 du service, en tenant compte des t\u00e9moignages et des \u00e9valuations d\u2019anciens clients pour mieux cerner la r\u00e9putation de l\u2019avocat.<\/p>\n<h3>Quelles sont les possibilit\u00e9s de consultation gratuite ?<\/h3>\n<p>Plusieurs avocats offrent des consultations sans frais pour discuter de votre situation initiale. Cela vous permet de juger si l\u2019avocat est adapt\u00e9 \u00e0 votre situation sans avoir \u00e0 d\u00e9bourser d\u2019argent. Renseignez-vous sur les sites en ligne qui facilitent ces consultations.<\/p>\n<\/p>\n<h3>Quels sont les atouts d\u2019une consultation en ligne compar\u00e9e \u00e0 une consultation physique ?<\/h3>\n<p>La consultation en ligne comporte plusieurs points forts notables. Tout d\u2019abord, elle permet une accessibilit\u00e9 optimale, car il n\u2019est pas n\u00e9cessaire de se d\u00e9placer, ce qui est tr\u00e8s pratique pour les personnes ayant des horaires charg\u00e9s ou vivant \u00e0 distance des cabinets d\u2019avocats. Par la suite, la flexibilit\u00e9 est un atout majeur, vous permettant de choisir des horaires qui s\u2019ajustent mieux \u00e0 votre emploi du temps, rendant le processus plus conforme \u00e0 vos attentes. En somme, le confort est un aspect cl\u00e9, car il vous permet de parler de vos interrogations juridiques dans un cadre familier, ce qui peut r\u00e9duire le stress et encourager une communication fluide avec votre avocat.<\/p>\n<h3>De quelle mani\u00e8re puis-je poser des questions \u00e0 un avocat via Internet ?<\/h3>\n<p>Il est possible de poser des interrogations via des sites de consultation juridique en ligne, par e-mail, ou lors de votre rencontre. Prenez soin de formuler vos interrogations clairement pour garantir des r\u00e9ponses claires.<\/p>\n<\/p>\n<h3>Comment se tient une consultation en ligne avec un avocat ?<\/h3>\n<p>Une consultation en ligne est g\u00e9n\u00e9ralement con\u00e7ue de fa\u00e7on structur\u00e9e pour maximiser son efficacit\u00e9. Pour d\u00e9buter, vous commencez par prendre rendez-vous, en choisissant un cr\u00e9neau horaire qui vous arrange le plus. Lors de la consultation, vous vous connectez \u00e0 une plateforme de visioconf\u00e9rence ou par t\u00e9l\u00e9phone pour \u00e9changer sur votre situation avec l\u2019avocat. Lors de la s\u00e9ance de consultation, vous vous connectez \u00e0 une plateforme de visioconf\u00e9rence ou par t\u00e9l\u00e9phone pour aborder votre situation avec l\u2019avocat. Enfin, un suivi est r\u00e9alis\u00e9, durant lequel l\u2019avocat vous fournira des conseils et des recommandations sur les prochaines \u00e9tapes \u00e0 envisager, vous permettant ainsi d\u2019avancer dans votre d\u00e9marche avec assurance.<\/p>\n<h3>Comment opter pour un avocat sp\u00e9cialis\u00e9 en droit du travail ?<\/h3>\n<p>Afin de choisir un avocat comp\u00e9tent en droit du travail, il est important de respecter certaines \u00e9tapes cl\u00e9s. Pour commencer, assurez-vous des qualifications de l\u2019avocat en v\u00e9rifiant qu\u2019il poss\u00e8de une exp\u00e9rience significative en droit du travail et qu\u2019il est membre d\u2019un cabinet respect\u00e9, ce qui t\u00e9moigne de sa comp\u00e9tence. Apr\u00e8s cela, renseignez-vous sur les avis en cherchant des t\u00e9moignages de clients pass\u00e9s pour appr\u00e9cier la qualit\u00e9 du service et le degr\u00e9 de satisfaction. Il est judicieux de rencontrer divers avocats en organisant des consultations pour discuter de votre projet, ce qui vous permettra d\u2019\u00e9valuer la compr\u00e9hension et la m\u00e9thode de chaque avocat. Pour finir, n\u2019oubliez pas de parler des honoraires en vous renseignant sur les tarifs et les options de paiement, car certains avocats peuvent offrir des consultations gratuites pour \u00e9valuer votre situation, ce qui peut \u00eatre une excellente premi\u00e8re \u00e9tape.<\/p>\n<\/div>\n","protected":false},"excerpt":{"rendered":"<p>Un article r\u00e9cemment publi\u00e9 porte le titre \u00ab\u00a0Ath\u00e8nes paralys\u00e9e par une gr\u00e8ve g\u00e9n\u00e9rale contre la nouvelle l\u00e9gislation du travail\u00a0\u00bb. Ath\u00e8nes&#8230;<\/p>\n","protected":false},"author":3,"featured_media":0,"comment_status":"closed","ping_status":"closed","sticky":false,"template":"","format":"standard","meta":{"footnotes":""},"categories":[2],"tags":[],"class_list":["post-1373","post","type-post","status-publish","format-standard","hentry","category-droit-de-lenvironnement","wpcat-2-id"],"yoast_head":"<!-- This site is optimized with the Yoast SEO plugin v27.5 - https:\/\/yoast.com\/product\/yoast-seo-wordpress\/ -->\n<title>Avocat; Ath\u00e8nes paralys\u00e9e par une gr\u00e8ve g\u00e9n\u00e9rale contre la nouvelle l\u00e9gislation du travail - TRIBUNAL-NATURE<\/title>\n<meta name=\"description\" content=\"Avocat; Ath\u00e8nes paralys\u00e9e par une gr\u00e8ve g\u00e9n\u00e9rale contre la nouvelle l\u00e9gislation du travail article de TRIBUNAL-NATURE\" \/>\n<meta name=\"robots\" content=\"index, follow, max-snippet:-1, max-image-preview:large, max-video-preview:-1\" \/>\n<link rel=\"canonical\" href=\"https:\/\/www.tribunal-nature.org\/blog\/avocat-athenes-paralysee-par-une-greve-generale-contre-la-nouvelle-legislation-du-travail\/\" \/>\n<meta property=\"og:locale\" content=\"fr_FR\" \/>\n<meta property=\"og:type\" content=\"article\" \/>\n<meta property=\"og:title\" content=\"Avocat; Ath\u00e8nes paralys\u00e9e par une gr\u00e8ve g\u00e9n\u00e9rale contre la nouvelle l\u00e9gislation du travail - TRIBUNAL-NATURE\" \/>\n<meta property=\"og:description\" content=\"Avocat; Ath\u00e8nes paralys\u00e9e par une gr\u00e8ve g\u00e9n\u00e9rale contre la nouvelle l\u00e9gislation du travail article de TRIBUNAL-NATURE\" \/>\n<meta property=\"og:url\" content=\"https:\/\/www.tribunal-nature.org\/blog\/avocat-athenes-paralysee-par-une-greve-generale-contre-la-nouvelle-legislation-du-travail\/\" \/>\n<meta property=\"og:site_name\" content=\"TRIBUNAL-NATURE\" \/>\n<meta property=\"article:published_time\" content=\"2025-10-01T19:00:56+00:00\" \/>\n<meta name=\"author\" content=\"Isabelle LOUBEAU\" \/>\n<meta name=\"twitter:card\" content=\"summary_large_image\" \/>\n<meta name=\"twitter:label1\" content=\"\u00c9crit par\" \/>\n\t<meta name=\"twitter:data1\" content=\"Isabelle LOUBEAU\" \/>\n\t<meta name=\"twitter:label2\" content=\"Dur\u00e9e de lecture estim\u00e9e\" \/>\n\t<meta name=\"twitter:data2\" content=\"7 minutes\" \/>\n<script type=\"application\/ld+json\" class=\"yoast-schema-graph\">{\"@context\":\"https:\\\/\\\/schema.org\",\"@graph\":[{\"@type\":\"Article\",\"@id\":\"https:\\\/\\\/www.tribunal-nature.org\\\/blog\\\/avocat-athenes-paralysee-par-une-greve-generale-contre-la-nouvelle-legislation-du-travail\\\/#article\",\"isPartOf\":{\"@id\":\"https:\\\/\\\/www.tribunal-nature.org\\\/blog\\\/avocat-athenes-paralysee-par-une-greve-generale-contre-la-nouvelle-legislation-du-travail\\\/\"},\"author\":{\"name\":\"Isabelle LOUBEAU\",\"@id\":\"https:\\\/\\\/www.tribunal-nature.org\\\/blog\\\/#\\\/schema\\\/person\\\/55761caf7544da6b05b60523f2a0855f\"},\"headline\":\"Avocat; Ath\u00e8nes paralys\u00e9e par une gr\u00e8ve g\u00e9n\u00e9rale contre la nouvelle l\u00e9gislation du travail\",\"datePublished\":\"2025-10-01T19:00:56+00:00\",\"mainEntityOfPage\":{\"@id\":\"https:\\\/\\\/www.tribunal-nature.org\\\/blog\\\/avocat-athenes-paralysee-par-une-greve-generale-contre-la-nouvelle-legislation-du-travail\\\/\"},\"wordCount\":1492,\"publisher\":{\"@id\":\"https:\\\/\\\/www.tribunal-nature.org\\\/blog\\\/#organization\"},\"articleSection\":[\"Droit De L'Environnement:\"],\"inLanguage\":\"fr-FR\"},{\"@type\":\"WebPage\",\"@id\":\"https:\\\/\\\/www.tribunal-nature.org\\\/blog\\\/avocat-athenes-paralysee-par-une-greve-generale-contre-la-nouvelle-legislation-du-travail\\\/\",\"url\":\"https:\\\/\\\/www.tribunal-nature.org\\\/blog\\\/avocat-athenes-paralysee-par-une-greve-generale-contre-la-nouvelle-legislation-du-travail\\\/\",\"name\":\"Avocat; Ath\u00e8nes paralys\u00e9e par une gr\u00e8ve g\u00e9n\u00e9rale contre la nouvelle l\u00e9gislation du travail - TRIBUNAL-NATURE\",\"isPartOf\":{\"@id\":\"https:\\\/\\\/www.tribunal-nature.org\\\/blog\\\/#website\"},\"datePublished\":\"2025-10-01T19:00:56+00:00\",\"description\":\"Avocat; Ath\u00e8nes paralys\u00e9e par une gr\u00e8ve g\u00e9n\u00e9rale contre la nouvelle l\u00e9gislation du travail article de TRIBUNAL-NATURE\",\"breadcrumb\":{\"@id\":\"https:\\\/\\\/www.tribunal-nature.org\\\/blog\\\/avocat-athenes-paralysee-par-une-greve-generale-contre-la-nouvelle-legislation-du-travail\\\/#breadcrumb\"},\"inLanguage\":\"fr-FR\",\"potentialAction\":[{\"@type\":\"ReadAction\",\"target\":[\"https:\\\/\\\/www.tribunal-nature.org\\\/blog\\\/avocat-athenes-paralysee-par-une-greve-generale-contre-la-nouvelle-legislation-du-travail\\\/\"]}]},{\"@type\":\"BreadcrumbList\",\"@id\":\"https:\\\/\\\/www.tribunal-nature.org\\\/blog\\\/avocat-athenes-paralysee-par-une-greve-generale-contre-la-nouvelle-legislation-du-travail\\\/#breadcrumb\",\"itemListElement\":[{\"@type\":\"ListItem\",\"position\":1,\"name\":\"Accueil\",\"item\":\"https:\\\/\\\/www.tribunal-nature.org\\\/blog\\\/\"},{\"@type\":\"ListItem\",\"position\":2,\"name\":\"Avocat; Ath\u00e8nes paralys\u00e9e par une gr\u00e8ve g\u00e9n\u00e9rale contre la nouvelle l\u00e9gislation du travail\"}]},{\"@type\":\"WebSite\",\"@id\":\"https:\\\/\\\/www.tribunal-nature.org\\\/blog\\\/#website\",\"url\":\"https:\\\/\\\/www.tribunal-nature.org\\\/blog\\\/\",\"name\":\"TRIBUNAL-NATURE\",\"description\":\"Droit De L&#039;Environnement.\",\"publisher\":{\"@id\":\"https:\\\/\\\/www.tribunal-nature.org\\\/blog\\\/#organization\"},\"potentialAction\":[{\"@type\":\"SearchAction\",\"target\":{\"@type\":\"EntryPoint\",\"urlTemplate\":\"https:\\\/\\\/www.tribunal-nature.org\\\/blog\\\/?s={search_term_string}\"},\"query-input\":{\"@type\":\"PropertyValueSpecification\",\"valueRequired\":true,\"valueName\":\"search_term_string\"}}],\"inLanguage\":\"fr-FR\"},{\"@type\":\"Organization\",\"@id\":\"https:\\\/\\\/www.tribunal-nature.org\\\/blog\\\/#organization\",\"name\":\"tribunal-nature\",\"url\":\"https:\\\/\\\/www.tribunal-nature.org\\\/blog\\\/\",\"logo\":{\"@type\":\"ImageObject\",\"inLanguage\":\"fr-FR\",\"@id\":\"https:\\\/\\\/www.tribunal-nature.org\\\/blog\\\/#\\\/schema\\\/logo\\\/image\\\/\",\"url\":\"https:\\\/\\\/www.tribunal-nature.org\\\/blog\\\/wp-content\\\/uploads\\\/2022\\\/05\\\/logo-2.png\",\"contentUrl\":\"https:\\\/\\\/www.tribunal-nature.org\\\/blog\\\/wp-content\\\/uploads\\\/2022\\\/05\\\/logo-2.png\",\"width\":180,\"height\":180,\"caption\":\"tribunal-nature\"},\"image\":{\"@id\":\"https:\\\/\\\/www.tribunal-nature.org\\\/blog\\\/#\\\/schema\\\/logo\\\/image\\\/\"}},{\"@type\":\"Person\",\"@id\":\"https:\\\/\\\/www.tribunal-nature.org\\\/blog\\\/#\\\/schema\\\/person\\\/55761caf7544da6b05b60523f2a0855f\",\"name\":\"Isabelle LOUBEAU\",\"image\":{\"@type\":\"ImageObject\",\"inLanguage\":\"fr-FR\",\"@id\":\"https:\\\/\\\/secure.gravatar.com\\\/avatar\\\/b6912620aca78633bf5d50400888815d3b38a1118e82b94050843f411f3f5972?s=96&d=mm&r=g\",\"url\":\"https:\\\/\\\/secure.gravatar.com\\\/avatar\\\/b6912620aca78633bf5d50400888815d3b38a1118e82b94050843f411f3f5972?s=96&d=mm&r=g\",\"contentUrl\":\"https:\\\/\\\/secure.gravatar.com\\\/avatar\\\/b6912620aca78633bf5d50400888815d3b38a1118e82b94050843f411f3f5972?s=96&d=mm&r=g\",\"caption\":\"Isabelle LOUBEAU\"},\"url\":\"https:\\\/\\\/www.tribunal-nature.org\\\/blog\\\/author\\\/ureisabelle\\\/\"}]}<\/script>\n<!-- \/ Yoast SEO plugin. -->","yoast_head_json":{"title":"Avocat; Ath\u00e8nes paralys\u00e9e par une gr\u00e8ve g\u00e9n\u00e9rale contre la nouvelle l\u00e9gislation du travail - TRIBUNAL-NATURE","description":"Avocat; Ath\u00e8nes paralys\u00e9e par une gr\u00e8ve g\u00e9n\u00e9rale contre la nouvelle l\u00e9gislation du travail article de TRIBUNAL-NATURE","robots":{"index":"index","follow":"follow","max-snippet":"max-snippet:-1","max-image-preview":"max-image-preview:large","max-video-preview":"max-video-preview:-1"},"canonical":"https:\/\/www.tribunal-nature.org\/blog\/avocat-athenes-paralysee-par-une-greve-generale-contre-la-nouvelle-legislation-du-travail\/","og_locale":"fr_FR","og_type":"article","og_title":"Avocat; Ath\u00e8nes paralys\u00e9e par une gr\u00e8ve g\u00e9n\u00e9rale contre la nouvelle l\u00e9gislation du travail - TRIBUNAL-NATURE","og_description":"Avocat; Ath\u00e8nes paralys\u00e9e par une gr\u00e8ve g\u00e9n\u00e9rale contre la nouvelle l\u00e9gislation du travail article de TRIBUNAL-NATURE","og_url":"https:\/\/www.tribunal-nature.org\/blog\/avocat-athenes-paralysee-par-une-greve-generale-contre-la-nouvelle-legislation-du-travail\/","og_site_name":"TRIBUNAL-NATURE","article_published_time":"2025-10-01T19:00:56+00:00","author":"Isabelle LOUBEAU","twitter_card":"summary_large_image","twitter_misc":{"\u00c9crit par":"Isabelle LOUBEAU","Dur\u00e9e de lecture estim\u00e9e":"7 minutes"},"schema":{"@context":"https:\/\/schema.org","@graph":[{"@type":"Article","@id":"https:\/\/www.tribunal-nature.org\/blog\/avocat-athenes-paralysee-par-une-greve-generale-contre-la-nouvelle-legislation-du-travail\/#article","isPartOf":{"@id":"https:\/\/www.tribunal-nature.org\/blog\/avocat-athenes-paralysee-par-une-greve-generale-contre-la-nouvelle-legislation-du-travail\/"},"author":{"name":"Isabelle LOUBEAU","@id":"https:\/\/www.tribunal-nature.org\/blog\/#\/schema\/person\/55761caf7544da6b05b60523f2a0855f"},"headline":"Avocat; Ath\u00e8nes paralys\u00e9e par une gr\u00e8ve g\u00e9n\u00e9rale contre la nouvelle l\u00e9gislation du travail","datePublished":"2025-10-01T19:00:56+00:00","mainEntityOfPage":{"@id":"https:\/\/www.tribunal-nature.org\/blog\/avocat-athenes-paralysee-par-une-greve-generale-contre-la-nouvelle-legislation-du-travail\/"},"wordCount":1492,"publisher":{"@id":"https:\/\/www.tribunal-nature.org\/blog\/#organization"},"articleSection":["Droit De L'Environnement:"],"inLanguage":"fr-FR"},{"@type":"WebPage","@id":"https:\/\/www.tribunal-nature.org\/blog\/avocat-athenes-paralysee-par-une-greve-generale-contre-la-nouvelle-legislation-du-travail\/","url":"https:\/\/www.tribunal-nature.org\/blog\/avocat-athenes-paralysee-par-une-greve-generale-contre-la-nouvelle-legislation-du-travail\/","name":"Avocat; Ath\u00e8nes paralys\u00e9e par une gr\u00e8ve g\u00e9n\u00e9rale contre la nouvelle l\u00e9gislation du travail - TRIBUNAL-NATURE","isPartOf":{"@id":"https:\/\/www.tribunal-nature.org\/blog\/#website"},"datePublished":"2025-10-01T19:00:56+00:00","description":"Avocat; Ath\u00e8nes paralys\u00e9e par une gr\u00e8ve g\u00e9n\u00e9rale contre la nouvelle l\u00e9gislation du travail article de TRIBUNAL-NATURE","breadcrumb":{"@id":"https:\/\/www.tribunal-nature.org\/blog\/avocat-athenes-paralysee-par-une-greve-generale-contre-la-nouvelle-legislation-du-travail\/#breadcrumb"},"inLanguage":"fr-FR","potentialAction":[{"@type":"ReadAction","target":["https:\/\/www.tribunal-nature.org\/blog\/avocat-athenes-paralysee-par-une-greve-generale-contre-la-nouvelle-legislation-du-travail\/"]}]},{"@type":"BreadcrumbList","@id":"https:\/\/www.tribunal-nature.org\/blog\/avocat-athenes-paralysee-par-une-greve-generale-contre-la-nouvelle-legislation-du-travail\/#breadcrumb","itemListElement":[{"@type":"ListItem","position":1,"name":"Accueil","item":"https:\/\/www.tribunal-nature.org\/blog\/"},{"@type":"ListItem","position":2,"name":"Avocat; Ath\u00e8nes paralys\u00e9e par une gr\u00e8ve g\u00e9n\u00e9rale contre la nouvelle l\u00e9gislation du travail"}]},{"@type":"WebSite","@id":"https:\/\/www.tribunal-nature.org\/blog\/#website","url":"https:\/\/www.tribunal-nature.org\/blog\/","name":"TRIBUNAL-NATURE","description":"Droit De L&#039;Environnement.","publisher":{"@id":"https:\/\/www.tribunal-nature.org\/blog\/#organization"},"potentialAction":[{"@type":"SearchAction","target":{"@type":"EntryPoint","urlTemplate":"https:\/\/www.tribunal-nature.org\/blog\/?s={search_term_string}"},"query-input":{"@type":"PropertyValueSpecification","valueRequired":true,"valueName":"search_term_string"}}],"inLanguage":"fr-FR"},{"@type":"Organization","@id":"https:\/\/www.tribunal-nature.org\/blog\/#organization","name":"tribunal-nature","url":"https:\/\/www.tribunal-nature.org\/blog\/","logo":{"@type":"ImageObject","inLanguage":"fr-FR","@id":"https:\/\/www.tribunal-nature.org\/blog\/#\/schema\/logo\/image\/","url":"https:\/\/www.tribunal-nature.org\/blog\/wp-content\/uploads\/2022\/05\/logo-2.png","contentUrl":"https:\/\/www.tribunal-nature.org\/blog\/wp-content\/uploads\/2022\/05\/logo-2.png","width":180,"height":180,"caption":"tribunal-nature"},"image":{"@id":"https:\/\/www.tribunal-nature.org\/blog\/#\/schema\/logo\/image\/"}},{"@type":"Person","@id":"https:\/\/www.tribunal-nature.org\/blog\/#\/schema\/person\/55761caf7544da6b05b60523f2a0855f","name":"Isabelle LOUBEAU","image":{"@type":"ImageObject","inLanguage":"fr-FR","@id":"https:\/\/secure.gravatar.com\/avatar\/b6912620aca78633bf5d50400888815d3b38a1118e82b94050843f411f3f5972?s=96&d=mm&r=g","url":"https:\/\/secure.gravatar.com\/avatar\/b6912620aca78633bf5d50400888815d3b38a1118e82b94050843f411f3f5972?s=96&d=mm&r=g","contentUrl":"https:\/\/secure.gravatar.com\/avatar\/b6912620aca78633bf5d50400888815d3b38a1118e82b94050843f411f3f5972?s=96&d=mm&r=g","caption":"Isabelle LOUBEAU"},"url":"https:\/\/www.tribunal-nature.org\/blog\/author\/ureisabelle\/"}]}},"_links":{"self":[{"href":"https:\/\/www.tribunal-nature.org\/blog\/wp-json\/wp\/v2\/posts\/1373","targetHints":{"allow":["GET"]}}],"collection":[{"href":"https:\/\/www.tribunal-nature.org\/blog\/wp-json\/wp\/v2\/posts"}],"about":[{"href":"https:\/\/www.tribunal-nature.org\/blog\/wp-json\/wp\/v2\/types\/post"}],"author":[{"embeddable":true,"href":"https:\/\/www.tribunal-nature.org\/blog\/wp-json\/wp\/v2\/users\/3"}],"replies":[{"embeddable":true,"href":"https:\/\/www.tribunal-nature.org\/blog\/wp-json\/wp\/v2\/comments?post=1373"}],"version-history":[{"count":0,"href":"https:\/\/www.tribunal-nature.org\/blog\/wp-json\/wp\/v2\/posts\/1373\/revisions"}],"wp:attachment":[{"href":"https:\/\/www.tribunal-nature.org\/blog\/wp-json\/wp\/v2\/media?parent=1373"}],"wp:term":[{"taxonomy":"category","embeddable":true,"href":"https:\/\/www.tribunal-nature.org\/blog\/wp-json\/wp\/v2\/categories?post=1373"},{"taxonomy":"post_tag","embeddable":true,"href":"https:\/\/www.tribunal-nature.org\/blog\/wp-json\/wp\/v2\/tags?post=1373"}],"curies":[{"name":"wp","href":"https:\/\/api.w.org\/{rel}","templated":true}]}}