{"id":1183,"date":"2025-03-07T15:10:14","date_gmt":"2025-03-07T14:10:14","guid":{"rendered":"https:\/\/www.tribunal-nature.org\/blog\/conseil-europeen-conclusions-ue-pour-accroitre-le-financement-et-les-depenses-pour-favoriser-la-preparation-a-la-defense-europeenne\/"},"modified":"2025-03-07T15:10:14","modified_gmt":"2025-03-07T14:10:14","slug":"conseil-europeen-conclusions-ue-pour-accroitre-le-financement-et-les-depenses-pour-favoriser-la-preparation-a-la-defense-europeenne","status":"publish","type":"post","link":"https:\/\/www.tribunal-nature.org\/blog\/conseil-europeen-conclusions-ue-pour-accroitre-le-financement-et-les-depenses-pour-favoriser-la-preparation-a-la-defense-europeenne\/","title":{"rendered":"Conseil europ\u00e9en Conclusions: UE pour accro\u00eetre le financement et les d\u00e9penses pour favoriser la pr\u00e9paration \u00e0 la d\u00e9fense europ\u00e9enne"},"content":{"rendered":"<div>\n<div><meta charset=\"utf-8\"><meta http-equiv=\"x-ua-compatible\" content=\"ie=edge\"><meta name=\"viewport\" content=\"width=device-width, initial-scale=1\"><link href=\"https:\/\/eulawlive.com\/app\/images\/favicon.png\" rel=\"icon\"><meta property=\"twitter:image\" content=\"https:\/\/eulawlive.com\/app\/images\/linkedin-eulawlive-new-2024.png\"><meta property=\"og:image\" name=\"og:image\" content=\"https:\/\/eulawlive.com\/app\/images\/linkedin-eulawlive-new-2024.png\"><meta name=\"twitter:image\" content=\"https:\/\/eulawlive.com\/app\/images\/linkedin-eulawlive-new-2024.png\"><meta name=\"og:image\" content=\"https:\/\/eulawlive.com\/app\/images\/linkedin-eulawlive-new-2024.png\"><link type=\"text\/css\" media=\"all\" href=\"https:\/\/eulawlive.com\/app\/cache\/autoptimize\/css\/autoptimize_95b35c48fecb7a8de52650dc21a7cd4b.css\" rel=\"stylesheet\"><title>Conseil europ\u00e9en Conclusions: UE pour augmenter le financement et les d\u00e9penses pour favoriser la pr\u00e9paration de la d\u00e9fense europ\u00e9enne \u2013 le droit de l&rsquo;UE en direct<\/title><meta name=\"robots\" content=\"max-snippet:-1, max-image-preview:large, max-video-preview:-1\"><link rel=\"canonical\" href=\"https:\/\/eulawlive.com\/european-council-conclusions-eu-to-increase-financing-and-expenditure-to-foster-readiness-of-european-defense\/\"><meta property=\"og:locale\" content=\"en_GB\"><meta property=\"og:type\" content=\"article\"><meta property=\"og:title\" content=\"European Council conclusions: EU to increase financing and expenditure to foster readiness of European defense - EU Law Live\"><meta property=\"og:description\" content=\"Yesterday, the European Council, recognising Russia\u2019s war against Ukraine as a critical threat to European and global security, adopted its conclusions on European defence. The European Council emphasises the \u2026\"><meta property=\"og:url\" content=\"https:\/\/eulawlive.com\/european-council-conclusions-eu-to-increase-financing-and-expenditure-to-foster-readiness-of-european-defense\/\"><meta property=\"og:site_name\" content=\"EU Law Live\"><meta property=\"article:tag\" content=\"News\"><meta property=\"article:section\" content=\"General Development\"><meta property=\"article:published_time\" content=\"2025-03-07T11:00:41+00:00\"><meta property=\"article:modified_time\" content=\"2025-03-07T10:14:04+00:00\"><meta property=\"og:updated_time\" content=\"2025-03-07T10:14:04+00:00\"><meta property=\"og:image\" content=\"https:\/\/eulawlive.com\/app\/uploads\/linkedin_new.png\"><meta property=\"og:image:secure_url\" content=\"https:\/\/eulawlive.com\/app\/uploads\/linkedin_new.png\"><meta property=\"og:image:width\" content=\"450\"><meta property=\"og:image:height\" content=\"265\"><link rel=\"dns-prefetch\" href=\"https:\/\/code.jquery.com\"><meta property=\"og:image\" content=\"https:\/\/eulawlive.com\/logo-final.jpg\"><meta property=\"twitter:image\" content=\"https:\/\/eulawlive.com\/app\/images\/linkedin-eulawlive-new-2024.png\"><meta property=\"og:image\" name=\"og:image\" content=\"https:\/\/eulawlive.com\/app\/images\/linkedin-eulawlive-new-2024.png\"><meta name=\"twitter:image\" content=\"https:\/\/eulawlive.com\/app\/images\/linkedin-eulawlive-new-2024.png\"><meta name=\"og:image\" content=\"https:\/\/eulawlive.com\/app\/images\/linkedin-eulawlive-new-2024.png\">  <noscript><iframe src=\"https:\/\/www.googletagmanager.com\/ns.html?id=GTM-MGMJW89\" height=\"0\" width=\"0\" style=\"display:none;visibility:hidden\"><\/iframe><\/noscript>  <\/p>\n<nav id=\"sidenav\" class=\"pos-f t-0 r-0 ovy-s bg-cream-light transition-all py-30 px-30 zi-100 no-scrollbar\"><\/nav>\n<div class=\"wrap\" role=\"document\">\n<div class=\"content\"> <main class=\"main\" id=\"printableArea\"> <\/p>\n<div class=\"box mx-a contenidos-editor-posts mt-25 mt-lg-75\">\n<div class=\"d-f fxw-w\">\n<div class=\"col-print col-12 col-md-11 col-lg-10 col-xl-9 col-xxl-8 col-xxxl-7 mx-a mt-30 mb-25 px-15\">\n<div class=\"\">\n<p>    Relations externes et commerce \u2013 D\u00e9veloppement g\u00e9n\u00e9ral \u2013 Droit institutionnel <\/p>\n<p> <time class=\"updated ff-opensauce tt-u fz-11 fw-500 d-ib mb-20\" datetime=\"2025-03-07T11:00:41+00:00\">    Mars <span> 7, <span> 2025 <\/span><\/span><\/time> <\/p>\n<div class=\"contenidos ta-j\">\n<div class=\"ff-titilliumweb text-justify pos-r no-content\">\n<div class=\"no-pointer mb-45\">\n<p>Yesteract, le Conseil europ\u00e9en, reconnaissant la guerre de la Russie contre l&rsquo;Ukraine comme une menace critique pour la s\u00e9curit\u00e9 europ\u00e9enne et mondiale, a adopt\u00e9 ses conclusions sur la d\u00e9fense europ\u00e9enne.<\/p>\n<p>Le Conseil europ\u00e9en met l&rsquo;accent sur la n\u00e9cessit\u00e9 pour l&rsquo;Europe de devenir plus soteign et responsable de sa propre d\u00e9fense, d&rsquo;\u00eatre mieux \u00e9quip\u00e9e pour relever les d\u00e9fis actuels et futurs. \u00c0 cet \u00e9gard, l&rsquo;UE acc\u00e9l\u00e9rera la mobilisation des ressources et le financement pour renforcer la pr\u00e9paration \u00e0 la d\u00e9fense, r\u00e9duire les d\u00e9pendances, combler les lacunes des capacit\u00e9s et renforcer la base industrielle de la d\u00e9fense.<\/p>\n<p>Le Conseil europ\u00e9en ainsi appel\u00e9 \u00e0 une augmentation des d\u00e9penses de d\u00e9fense aux niveaux national et de l&rsquo;UE, exhortant la Commission \u00e0 proposer des sources de financement suppl\u00e9mentaires, y compris la LOA<\/p>\n<\/div>\n<\/div>\n<\/div>\n<\/div>\n<\/div>\n<\/div>\n<\/div>\n<p><\/main> <\/div>\n<\/div>\n<div id=\"cookies-hidden\" class=\"pos-f bg-cream-light py-5 px-12 ovx-h cur-p bdrs-4 open-modal\" style=\"right: 3px; bottom:3px;border: 1px solid #bb7f72;\" data-toggle=\"modal\" data-modal=\"configCookies\"> <img decoding=\"async\" class=\"d-inline-block\" src=\"https:\/\/www.tribunal-nature.org\/blog\/wp-content\/uploads\/2025\/03\/La-Commission-envoie-une-communication-des-griefs-a-Apple-sur-1.png\" style=\"max-width: 16px;vertical-align: -3px;\"> <span class=\"text-primary fz-14 pl-5 c-brown\">Cookies<\/span> <\/div>\n<\/p>\n<\/div>\n<\/div>\n","protected":false},"excerpt":{"rendered":"<p>Conseil europ\u00e9en Conclusions: UE pour augmenter le financement et les d\u00e9penses pour favoriser la pr\u00e9paration de la d\u00e9fense europ\u00e9enne \u2013&#8230;<\/p>\n","protected":false},"author":3,"featured_media":1184,"comment_status":"closed","ping_status":"closed","sticky":false,"template":"","format":"standard","meta":{"footnotes":""},"categories":[2],"tags":[],"class_list":["post-1183","post","type-post","status-publish","format-standard","has-post-thumbnail","hentry","category-droit-de-lenvironnement","wpcat-2-id"],"yoast_head":"<!-- This site is optimized with the Yoast SEO plugin v27.5 - https:\/\/yoast.com\/product\/yoast-seo-wordpress\/ -->\n<title>Conseil europ\u00e9en Conclusions: UE pour accro\u00eetre le financement et les d\u00e9penses pour favoriser la pr\u00e9paration \u00e0 la d\u00e9fense europ\u00e9enne - TRIBUNAL-NATURE<\/title>\n<meta name=\"description\" content=\"Conseil europ\u00e9en Conclusions: UE pour accro\u00eetre le financement et les d\u00e9penses pour favoriser la pr\u00e9paration \u00e0 la d\u00e9fense europ\u00e9enne article de TRIBUNAL-NATURE\" \/>\n<meta name=\"robots\" content=\"index, follow, max-snippet:-1, max-image-preview:large, max-video-preview:-1\" \/>\n<link rel=\"canonical\" href=\"https:\/\/www.tribunal-nature.org\/blog\/conseil-europeen-conclusions-ue-pour-accroitre-le-financement-et-les-depenses-pour-favoriser-la-preparation-a-la-defense-europeenne\/\" \/>\n<meta property=\"og:locale\" content=\"fr_FR\" \/>\n<meta property=\"og:type\" content=\"article\" \/>\n<meta property=\"og:title\" content=\"Conseil europ\u00e9en Conclusions: UE pour accro\u00eetre le financement et les d\u00e9penses pour favoriser la pr\u00e9paration \u00e0 la d\u00e9fense europ\u00e9enne - TRIBUNAL-NATURE\" \/>\n<meta property=\"og:description\" content=\"Conseil europ\u00e9en Conclusions: UE pour accro\u00eetre le financement et les d\u00e9penses pour favoriser la pr\u00e9paration \u00e0 la d\u00e9fense europ\u00e9enne article de TRIBUNAL-NATURE\" \/>\n<meta property=\"og:url\" content=\"https:\/\/www.tribunal-nature.org\/blog\/conseil-europeen-conclusions-ue-pour-accroitre-le-financement-et-les-depenses-pour-favoriser-la-preparation-a-la-defense-europeenne\/\" \/>\n<meta property=\"og:site_name\" content=\"TRIBUNAL-NATURE\" \/>\n<meta property=\"article:published_time\" content=\"2025-03-07T14:10:14+00:00\" \/>\n<meta property=\"og:image\" content=\"https:\/\/www.tribunal-nature.org\/blog\/wp-content\/uploads\/2025\/03\/La-Commission-envoie-une-communication-des-griefs-a-Apple-sur-1.png\" \/>\n<meta name=\"author\" content=\"Isabelle LOUBEAU\" \/>\n<meta name=\"twitter:card\" content=\"summary_large_image\" \/>\n<meta name=\"twitter:label1\" content=\"\u00c9crit par\" \/>\n\t<meta name=\"twitter:data1\" content=\"Isabelle LOUBEAU\" \/>\n\t<meta name=\"twitter:label2\" content=\"Dur\u00e9e de lecture estim\u00e9e\" \/>\n\t<meta name=\"twitter:data2\" content=\"1 minute\" \/>\n<script type=\"application\/ld+json\" class=\"yoast-schema-graph\">{\"@context\":\"https:\\\/\\\/schema.org\",\"@graph\":[{\"@type\":\"Article\",\"@id\":\"https:\\\/\\\/www.tribunal-nature.org\\\/blog\\\/conseil-europeen-conclusions-ue-pour-accroitre-le-financement-et-les-depenses-pour-favoriser-la-preparation-a-la-defense-europeenne\\\/#article\",\"isPartOf\":{\"@id\":\"https:\\\/\\\/www.tribunal-nature.org\\\/blog\\\/conseil-europeen-conclusions-ue-pour-accroitre-le-financement-et-les-depenses-pour-favoriser-la-preparation-a-la-defense-europeenne\\\/\"},\"author\":{\"name\":\"Isabelle LOUBEAU\",\"@id\":\"https:\\\/\\\/www.tribunal-nature.org\\\/blog\\\/#\\\/schema\\\/person\\\/55761caf7544da6b05b60523f2a0855f\"},\"headline\":\"Conseil europ\u00e9en Conclusions: UE pour accro\u00eetre le financement et les d\u00e9penses pour favoriser la pr\u00e9paration \u00e0 la d\u00e9fense europ\u00e9enne\",\"datePublished\":\"2025-03-07T14:10:14+00:00\",\"mainEntityOfPage\":{\"@id\":\"https:\\\/\\\/www.tribunal-nature.org\\\/blog\\\/conseil-europeen-conclusions-ue-pour-accroitre-le-financement-et-les-depenses-pour-favoriser-la-preparation-a-la-defense-europeenne\\\/\"},\"wordCount\":219,\"publisher\":{\"@id\":\"https:\\\/\\\/www.tribunal-nature.org\\\/blog\\\/#organization\"},\"image\":{\"@id\":\"https:\\\/\\\/www.tribunal-nature.org\\\/blog\\\/conseil-europeen-conclusions-ue-pour-accroitre-le-financement-et-les-depenses-pour-favoriser-la-preparation-a-la-defense-europeenne\\\/#primaryimage\"},\"thumbnailUrl\":\"https:\\\/\\\/www.tribunal-nature.org\\\/blog\\\/wp-content\\\/uploads\\\/2025\\\/03\\\/La-Commission-envoie-une-communication-des-griefs-a-Apple-sur-1.png\",\"articleSection\":[\"Droit De L'Environnement:\"],\"inLanguage\":\"fr-FR\"},{\"@type\":\"WebPage\",\"@id\":\"https:\\\/\\\/www.tribunal-nature.org\\\/blog\\\/conseil-europeen-conclusions-ue-pour-accroitre-le-financement-et-les-depenses-pour-favoriser-la-preparation-a-la-defense-europeenne\\\/\",\"url\":\"https:\\\/\\\/www.tribunal-nature.org\\\/blog\\\/conseil-europeen-conclusions-ue-pour-accroitre-le-financement-et-les-depenses-pour-favoriser-la-preparation-a-la-defense-europeenne\\\/\",\"name\":\"Conseil europ\u00e9en Conclusions: UE pour accro\u00eetre le financement et les d\u00e9penses pour favoriser la pr\u00e9paration \u00e0 la d\u00e9fense europ\u00e9enne - TRIBUNAL-NATURE\",\"isPartOf\":{\"@id\":\"https:\\\/\\\/www.tribunal-nature.org\\\/blog\\\/#website\"},\"primaryImageOfPage\":{\"@id\":\"https:\\\/\\\/www.tribunal-nature.org\\\/blog\\\/conseil-europeen-conclusions-ue-pour-accroitre-le-financement-et-les-depenses-pour-favoriser-la-preparation-a-la-defense-europeenne\\\/#primaryimage\"},\"image\":{\"@id\":\"https:\\\/\\\/www.tribunal-nature.org\\\/blog\\\/conseil-europeen-conclusions-ue-pour-accroitre-le-financement-et-les-depenses-pour-favoriser-la-preparation-a-la-defense-europeenne\\\/#primaryimage\"},\"thumbnailUrl\":\"https:\\\/\\\/www.tribunal-nature.org\\\/blog\\\/wp-content\\\/uploads\\\/2025\\\/03\\\/La-Commission-envoie-une-communication-des-griefs-a-Apple-sur-1.png\",\"datePublished\":\"2025-03-07T14:10:14+00:00\",\"description\":\"Conseil europ\u00e9en Conclusions: UE pour accro\u00eetre le financement et les d\u00e9penses pour favoriser la pr\u00e9paration \u00e0 la d\u00e9fense europ\u00e9enne article de TRIBUNAL-NATURE\",\"breadcrumb\":{\"@id\":\"https:\\\/\\\/www.tribunal-nature.org\\\/blog\\\/conseil-europeen-conclusions-ue-pour-accroitre-le-financement-et-les-depenses-pour-favoriser-la-preparation-a-la-defense-europeenne\\\/#breadcrumb\"},\"inLanguage\":\"fr-FR\",\"potentialAction\":[{\"@type\":\"ReadAction\",\"target\":[\"https:\\\/\\\/www.tribunal-nature.org\\\/blog\\\/conseil-europeen-conclusions-ue-pour-accroitre-le-financement-et-les-depenses-pour-favoriser-la-preparation-a-la-defense-europeenne\\\/\"]}]},{\"@type\":\"ImageObject\",\"inLanguage\":\"fr-FR\",\"@id\":\"https:\\\/\\\/www.tribunal-nature.org\\\/blog\\\/conseil-europeen-conclusions-ue-pour-accroitre-le-financement-et-les-depenses-pour-favoriser-la-preparation-a-la-defense-europeenne\\\/#primaryimage\",\"url\":\"https:\\\/\\\/www.tribunal-nature.org\\\/blog\\\/wp-content\\\/uploads\\\/2025\\\/03\\\/La-Commission-envoie-une-communication-des-griefs-a-Apple-sur-1.png\",\"contentUrl\":\"https:\\\/\\\/www.tribunal-nature.org\\\/blog\\\/wp-content\\\/uploads\\\/2025\\\/03\\\/La-Commission-envoie-une-communication-des-griefs-a-Apple-sur-1.png\",\"width\":32,\"height\":32,\"caption\":\"La Commission envoie une communication des griefs a Apple sur 1\"},{\"@type\":\"BreadcrumbList\",\"@id\":\"https:\\\/\\\/www.tribunal-nature.org\\\/blog\\\/conseil-europeen-conclusions-ue-pour-accroitre-le-financement-et-les-depenses-pour-favoriser-la-preparation-a-la-defense-europeenne\\\/#breadcrumb\",\"itemListElement\":[{\"@type\":\"ListItem\",\"position\":1,\"name\":\"Accueil\",\"item\":\"https:\\\/\\\/www.tribunal-nature.org\\\/blog\\\/\"},{\"@type\":\"ListItem\",\"position\":2,\"name\":\"Conseil europ\u00e9en Conclusions: UE pour accro\u00eetre le financement et les d\u00e9penses pour favoriser la pr\u00e9paration \u00e0 la d\u00e9fense europ\u00e9enne\"}]},{\"@type\":\"WebSite\",\"@id\":\"https:\\\/\\\/www.tribunal-nature.org\\\/blog\\\/#website\",\"url\":\"https:\\\/\\\/www.tribunal-nature.org\\\/blog\\\/\",\"name\":\"TRIBUNAL-NATURE\",\"description\":\"Droit De L&#039;Environnement.\",\"publisher\":{\"@id\":\"https:\\\/\\\/www.tribunal-nature.org\\\/blog\\\/#organization\"},\"potentialAction\":[{\"@type\":\"SearchAction\",\"target\":{\"@type\":\"EntryPoint\",\"urlTemplate\":\"https:\\\/\\\/www.tribunal-nature.org\\\/blog\\\/?s={search_term_string}\"},\"query-input\":{\"@type\":\"PropertyValueSpecification\",\"valueRequired\":true,\"valueName\":\"search_term_string\"}}],\"inLanguage\":\"fr-FR\"},{\"@type\":\"Organization\",\"@id\":\"https:\\\/\\\/www.tribunal-nature.org\\\/blog\\\/#organization\",\"name\":\"tribunal-nature\",\"url\":\"https:\\\/\\\/www.tribunal-nature.org\\\/blog\\\/\",\"logo\":{\"@type\":\"ImageObject\",\"inLanguage\":\"fr-FR\",\"@id\":\"https:\\\/\\\/www.tribunal-nature.org\\\/blog\\\/#\\\/schema\\\/logo\\\/image\\\/\",\"url\":\"https:\\\/\\\/www.tribunal-nature.org\\\/blog\\\/wp-content\\\/uploads\\\/2022\\\/05\\\/logo-2.png\",\"contentUrl\":\"https:\\\/\\\/www.tribunal-nature.org\\\/blog\\\/wp-content\\\/uploads\\\/2022\\\/05\\\/logo-2.png\",\"width\":180,\"height\":180,\"caption\":\"tribunal-nature\"},\"image\":{\"@id\":\"https:\\\/\\\/www.tribunal-nature.org\\\/blog\\\/#\\\/schema\\\/logo\\\/image\\\/\"}},{\"@type\":\"Person\",\"@id\":\"https:\\\/\\\/www.tribunal-nature.org\\\/blog\\\/#\\\/schema\\\/person\\\/55761caf7544da6b05b60523f2a0855f\",\"name\":\"Isabelle LOUBEAU\",\"image\":{\"@type\":\"ImageObject\",\"inLanguage\":\"fr-FR\",\"@id\":\"https:\\\/\\\/secure.gravatar.com\\\/avatar\\\/b6912620aca78633bf5d50400888815d3b38a1118e82b94050843f411f3f5972?s=96&d=mm&r=g\",\"url\":\"https:\\\/\\\/secure.gravatar.com\\\/avatar\\\/b6912620aca78633bf5d50400888815d3b38a1118e82b94050843f411f3f5972?s=96&d=mm&r=g\",\"contentUrl\":\"https:\\\/\\\/secure.gravatar.com\\\/avatar\\\/b6912620aca78633bf5d50400888815d3b38a1118e82b94050843f411f3f5972?s=96&d=mm&r=g\",\"caption\":\"Isabelle LOUBEAU\"},\"url\":\"https:\\\/\\\/www.tribunal-nature.org\\\/blog\\\/author\\\/ureisabelle\\\/\"}]}<\/script>\n<!-- \/ Yoast SEO plugin. -->","yoast_head_json":{"title":"Conseil europ\u00e9en Conclusions: UE pour accro\u00eetre le financement et les d\u00e9penses pour favoriser la pr\u00e9paration \u00e0 la d\u00e9fense europ\u00e9enne - TRIBUNAL-NATURE","description":"Conseil europ\u00e9en Conclusions: UE pour accro\u00eetre le financement et les d\u00e9penses pour favoriser la pr\u00e9paration \u00e0 la d\u00e9fense europ\u00e9enne article de TRIBUNAL-NATURE","robots":{"index":"index","follow":"follow","max-snippet":"max-snippet:-1","max-image-preview":"max-image-preview:large","max-video-preview":"max-video-preview:-1"},"canonical":"https:\/\/www.tribunal-nature.org\/blog\/conseil-europeen-conclusions-ue-pour-accroitre-le-financement-et-les-depenses-pour-favoriser-la-preparation-a-la-defense-europeenne\/","og_locale":"fr_FR","og_type":"article","og_title":"Conseil europ\u00e9en Conclusions: UE pour accro\u00eetre le financement et les d\u00e9penses pour favoriser la pr\u00e9paration \u00e0 la d\u00e9fense europ\u00e9enne - TRIBUNAL-NATURE","og_description":"Conseil europ\u00e9en Conclusions: UE pour accro\u00eetre le financement et les d\u00e9penses pour favoriser la pr\u00e9paration \u00e0 la d\u00e9fense europ\u00e9enne article de TRIBUNAL-NATURE","og_url":"https:\/\/www.tribunal-nature.org\/blog\/conseil-europeen-conclusions-ue-pour-accroitre-le-financement-et-les-depenses-pour-favoriser-la-preparation-a-la-defense-europeenne\/","og_site_name":"TRIBUNAL-NATURE","article_published_time":"2025-03-07T14:10:14+00:00","og_image":[{"url":"https:\/\/www.tribunal-nature.org\/blog\/wp-content\/uploads\/2025\/03\/La-Commission-envoie-une-communication-des-griefs-a-Apple-sur-1.png","type":"","width":"","height":""}],"author":"Isabelle LOUBEAU","twitter_card":"summary_large_image","twitter_misc":{"\u00c9crit par":"Isabelle LOUBEAU","Dur\u00e9e de lecture estim\u00e9e":"1 minute"},"schema":{"@context":"https:\/\/schema.org","@graph":[{"@type":"Article","@id":"https:\/\/www.tribunal-nature.org\/blog\/conseil-europeen-conclusions-ue-pour-accroitre-le-financement-et-les-depenses-pour-favoriser-la-preparation-a-la-defense-europeenne\/#article","isPartOf":{"@id":"https:\/\/www.tribunal-nature.org\/blog\/conseil-europeen-conclusions-ue-pour-accroitre-le-financement-et-les-depenses-pour-favoriser-la-preparation-a-la-defense-europeenne\/"},"author":{"name":"Isabelle LOUBEAU","@id":"https:\/\/www.tribunal-nature.org\/blog\/#\/schema\/person\/55761caf7544da6b05b60523f2a0855f"},"headline":"Conseil europ\u00e9en Conclusions: UE pour accro\u00eetre le financement et les d\u00e9penses pour favoriser la pr\u00e9paration \u00e0 la d\u00e9fense europ\u00e9enne","datePublished":"2025-03-07T14:10:14+00:00","mainEntityOfPage":{"@id":"https:\/\/www.tribunal-nature.org\/blog\/conseil-europeen-conclusions-ue-pour-accroitre-le-financement-et-les-depenses-pour-favoriser-la-preparation-a-la-defense-europeenne\/"},"wordCount":219,"publisher":{"@id":"https:\/\/www.tribunal-nature.org\/blog\/#organization"},"image":{"@id":"https:\/\/www.tribunal-nature.org\/blog\/conseil-europeen-conclusions-ue-pour-accroitre-le-financement-et-les-depenses-pour-favoriser-la-preparation-a-la-defense-europeenne\/#primaryimage"},"thumbnailUrl":"https:\/\/www.tribunal-nature.org\/blog\/wp-content\/uploads\/2025\/03\/La-Commission-envoie-une-communication-des-griefs-a-Apple-sur-1.png","articleSection":["Droit De L'Environnement:"],"inLanguage":"fr-FR"},{"@type":"WebPage","@id":"https:\/\/www.tribunal-nature.org\/blog\/conseil-europeen-conclusions-ue-pour-accroitre-le-financement-et-les-depenses-pour-favoriser-la-preparation-a-la-defense-europeenne\/","url":"https:\/\/www.tribunal-nature.org\/blog\/conseil-europeen-conclusions-ue-pour-accroitre-le-financement-et-les-depenses-pour-favoriser-la-preparation-a-la-defense-europeenne\/","name":"Conseil europ\u00e9en Conclusions: UE pour accro\u00eetre le financement et les d\u00e9penses pour favoriser la pr\u00e9paration \u00e0 la d\u00e9fense europ\u00e9enne - TRIBUNAL-NATURE","isPartOf":{"@id":"https:\/\/www.tribunal-nature.org\/blog\/#website"},"primaryImageOfPage":{"@id":"https:\/\/www.tribunal-nature.org\/blog\/conseil-europeen-conclusions-ue-pour-accroitre-le-financement-et-les-depenses-pour-favoriser-la-preparation-a-la-defense-europeenne\/#primaryimage"},"image":{"@id":"https:\/\/www.tribunal-nature.org\/blog\/conseil-europeen-conclusions-ue-pour-accroitre-le-financement-et-les-depenses-pour-favoriser-la-preparation-a-la-defense-europeenne\/#primaryimage"},"thumbnailUrl":"https:\/\/www.tribunal-nature.org\/blog\/wp-content\/uploads\/2025\/03\/La-Commission-envoie-une-communication-des-griefs-a-Apple-sur-1.png","datePublished":"2025-03-07T14:10:14+00:00","description":"Conseil europ\u00e9en Conclusions: UE pour accro\u00eetre le financement et les d\u00e9penses pour favoriser la pr\u00e9paration \u00e0 la d\u00e9fense europ\u00e9enne article de TRIBUNAL-NATURE","breadcrumb":{"@id":"https:\/\/www.tribunal-nature.org\/blog\/conseil-europeen-conclusions-ue-pour-accroitre-le-financement-et-les-depenses-pour-favoriser-la-preparation-a-la-defense-europeenne\/#breadcrumb"},"inLanguage":"fr-FR","potentialAction":[{"@type":"ReadAction","target":["https:\/\/www.tribunal-nature.org\/blog\/conseil-europeen-conclusions-ue-pour-accroitre-le-financement-et-les-depenses-pour-favoriser-la-preparation-a-la-defense-europeenne\/"]}]},{"@type":"ImageObject","inLanguage":"fr-FR","@id":"https:\/\/www.tribunal-nature.org\/blog\/conseil-europeen-conclusions-ue-pour-accroitre-le-financement-et-les-depenses-pour-favoriser-la-preparation-a-la-defense-europeenne\/#primaryimage","url":"https:\/\/www.tribunal-nature.org\/blog\/wp-content\/uploads\/2025\/03\/La-Commission-envoie-une-communication-des-griefs-a-Apple-sur-1.png","contentUrl":"https:\/\/www.tribunal-nature.org\/blog\/wp-content\/uploads\/2025\/03\/La-Commission-envoie-une-communication-des-griefs-a-Apple-sur-1.png","width":32,"height":32,"caption":"La Commission envoie une communication des griefs a Apple sur 1"},{"@type":"BreadcrumbList","@id":"https:\/\/www.tribunal-nature.org\/blog\/conseil-europeen-conclusions-ue-pour-accroitre-le-financement-et-les-depenses-pour-favoriser-la-preparation-a-la-defense-europeenne\/#breadcrumb","itemListElement":[{"@type":"ListItem","position":1,"name":"Accueil","item":"https:\/\/www.tribunal-nature.org\/blog\/"},{"@type":"ListItem","position":2,"name":"Conseil europ\u00e9en Conclusions: UE pour accro\u00eetre le financement et les d\u00e9penses pour favoriser la pr\u00e9paration \u00e0 la d\u00e9fense europ\u00e9enne"}]},{"@type":"WebSite","@id":"https:\/\/www.tribunal-nature.org\/blog\/#website","url":"https:\/\/www.tribunal-nature.org\/blog\/","name":"TRIBUNAL-NATURE","description":"Droit De L&#039;Environnement.","publisher":{"@id":"https:\/\/www.tribunal-nature.org\/blog\/#organization"},"potentialAction":[{"@type":"SearchAction","target":{"@type":"EntryPoint","urlTemplate":"https:\/\/www.tribunal-nature.org\/blog\/?s={search_term_string}"},"query-input":{"@type":"PropertyValueSpecification","valueRequired":true,"valueName":"search_term_string"}}],"inLanguage":"fr-FR"},{"@type":"Organization","@id":"https:\/\/www.tribunal-nature.org\/blog\/#organization","name":"tribunal-nature","url":"https:\/\/www.tribunal-nature.org\/blog\/","logo":{"@type":"ImageObject","inLanguage":"fr-FR","@id":"https:\/\/www.tribunal-nature.org\/blog\/#\/schema\/logo\/image\/","url":"https:\/\/www.tribunal-nature.org\/blog\/wp-content\/uploads\/2022\/05\/logo-2.png","contentUrl":"https:\/\/www.tribunal-nature.org\/blog\/wp-content\/uploads\/2022\/05\/logo-2.png","width":180,"height":180,"caption":"tribunal-nature"},"image":{"@id":"https:\/\/www.tribunal-nature.org\/blog\/#\/schema\/logo\/image\/"}},{"@type":"Person","@id":"https:\/\/www.tribunal-nature.org\/blog\/#\/schema\/person\/55761caf7544da6b05b60523f2a0855f","name":"Isabelle LOUBEAU","image":{"@type":"ImageObject","inLanguage":"fr-FR","@id":"https:\/\/secure.gravatar.com\/avatar\/b6912620aca78633bf5d50400888815d3b38a1118e82b94050843f411f3f5972?s=96&d=mm&r=g","url":"https:\/\/secure.gravatar.com\/avatar\/b6912620aca78633bf5d50400888815d3b38a1118e82b94050843f411f3f5972?s=96&d=mm&r=g","contentUrl":"https:\/\/secure.gravatar.com\/avatar\/b6912620aca78633bf5d50400888815d3b38a1118e82b94050843f411f3f5972?s=96&d=mm&r=g","caption":"Isabelle LOUBEAU"},"url":"https:\/\/www.tribunal-nature.org\/blog\/author\/ureisabelle\/"}]}},"_links":{"self":[{"href":"https:\/\/www.tribunal-nature.org\/blog\/wp-json\/wp\/v2\/posts\/1183","targetHints":{"allow":["GET"]}}],"collection":[{"href":"https:\/\/www.tribunal-nature.org\/blog\/wp-json\/wp\/v2\/posts"}],"about":[{"href":"https:\/\/www.tribunal-nature.org\/blog\/wp-json\/wp\/v2\/types\/post"}],"author":[{"embeddable":true,"href":"https:\/\/www.tribunal-nature.org\/blog\/wp-json\/wp\/v2\/users\/3"}],"replies":[{"embeddable":true,"href":"https:\/\/www.tribunal-nature.org\/blog\/wp-json\/wp\/v2\/comments?post=1183"}],"version-history":[{"count":0,"href":"https:\/\/www.tribunal-nature.org\/blog\/wp-json\/wp\/v2\/posts\/1183\/revisions"}],"wp:featuredmedia":[{"embeddable":true,"href":"https:\/\/www.tribunal-nature.org\/blog\/wp-json\/wp\/v2\/media\/1184"}],"wp:attachment":[{"href":"https:\/\/www.tribunal-nature.org\/blog\/wp-json\/wp\/v2\/media?parent=1183"}],"wp:term":[{"taxonomy":"category","embeddable":true,"href":"https:\/\/www.tribunal-nature.org\/blog\/wp-json\/wp\/v2\/categories?post=1183"},{"taxonomy":"post_tag","embeddable":true,"href":"https:\/\/www.tribunal-nature.org\/blog\/wp-json\/wp\/v2\/tags?post=1183"}],"curies":[{"name":"wp","href":"https:\/\/api.w.org\/{rel}","templated":true}]}}