{"id":1176,"date":"2025-02-19T03:06:10","date_gmt":"2025-02-19T02:06:10","guid":{"rendered":"https:\/\/www.tribunal-nature.org\/blog\/laction-de-la-nemea-bank-contre-la-bce-demandant-une-indemnite-de-dommages-interets-resultant-du-retrait-de-son-autorisation-publie-dans-oj\/"},"modified":"2025-02-19T03:06:10","modified_gmt":"2025-02-19T02:06:10","slug":"laction-de-la-nemea-bank-contre-la-bce-demandant-une-indemnite-de-dommages-interets-resultant-du-retrait-de-son-autorisation-publie-dans-oj","status":"publish","type":"post","link":"https:\/\/www.tribunal-nature.org\/blog\/laction-de-la-nemea-bank-contre-la-bce-demandant-une-indemnite-de-dommages-interets-resultant-du-retrait-de-son-autorisation-publie-dans-oj\/","title":{"rendered":"L&rsquo;action de la N\u00e9mea Bank contre la BCE demandant une indemnit\u00e9 de dommages-int\u00e9r\u00eats r\u00e9sultant du retrait de son autorisation, publi\u00e9 dans OJ"},"content":{"rendered":"<div>\n<div><meta charset=\"utf-8\"><meta http-equiv=\"x-ua-compatible\" content=\"ie=edge\"><meta name=\"viewport\" content=\"width=device-width, initial-scale=1\"><link href=\"https:\/\/eulawlive.com\/app\/images\/favicon.png\" rel=\"icon\"><meta property=\"twitter:image\" content=\"https:\/\/eulawlive.com\/app\/images\/linkedin-eulawlive-new-2024.png\"><meta property=\"og:image\" name=\"og:image\" content=\"https:\/\/eulawlive.com\/app\/images\/linkedin-eulawlive-new-2024.png\"><meta name=\"twitter:image\" content=\"https:\/\/eulawlive.com\/app\/images\/linkedin-eulawlive-new-2024.png\"><meta name=\"og:image\" content=\"https:\/\/eulawlive.com\/app\/images\/linkedin-eulawlive-new-2024.png\"><link type=\"text\/css\" media=\"all\" href=\"https:\/\/eulawlive.com\/app\/cache\/autoptimize\/css\/autoptimize_95b35c48fecb7a8de52650dc21a7cd4b.css\" rel=\"stylesheet\"><title>L&rsquo;action de la N\u00e9mea Bank contre la BCE demandant une indemnit\u00e9 de dommages-int\u00e9r\u00eats r\u00e9sultant du retrait de son autorisation, publi\u00e9 dans OJ \u2013 UE Law Live<\/title><meta name=\"robots\" content=\"max-snippet:-1, max-image-preview:large, max-video-preview:-1\"><link rel=\"canonical\" href=\"https:\/\/eulawlive.com\/nemea-banks-action-against-the-ecb-seeking-compensation-for-damages-arising-from-withdrawal-of-its-authorisation-published-in-oj\/\"><meta property=\"og:locale\" content=\"en_GB\"><meta property=\"og:type\" content=\"article\"><meta property=\"og:title\" content=\"Nemea Bank\u2019s action against the ECB seeking compensation for damages arising from withdrawal of its authorisation, published in OJ - EU Law Live\"><meta property=\"og:description\" content=\"The General Court will hear a case concerning an action brought, on 6 December 2024, by Nemea Bank\u00a0 against the European Central Bank (ECB): Case T-633\/24. By its action, \u2026\"><meta property=\"og:url\" content=\"https:\/\/eulawlive.com\/nemea-banks-action-against-the-ecb-seeking-compensation-for-damages-arising-from-withdrawal-of-its-authorisation-published-in-oj\/\"><meta property=\"og:site_name\" content=\"EU Law Live\"><meta property=\"article:tag\" content=\"News\"><meta property=\"article:section\" content=\"Banking &amp; Finance\"><meta property=\"article:published_time\" content=\"2025-02-18T10:30:56+00:00\"><meta property=\"article:modified_time\" content=\"2025-02-18T10:21:43+00:00\"><meta property=\"og:updated_time\" content=\"2025-02-18T10:21:43+00:00\"><meta property=\"og:image\" content=\"https:\/\/eulawlive.com\/app\/uploads\/linkedin_new.png\"><meta property=\"og:image:secure_url\" content=\"https:\/\/eulawlive.com\/app\/uploads\/linkedin_new.png\"><meta property=\"og:image:width\" content=\"450\"><meta property=\"og:image:height\" content=\"265\"><link rel=\"dns-prefetch\" href=\"https:\/\/code.jquery.com\"><meta property=\"og:image\" content=\"https:\/\/eulawlive.com\/logo-final.jpg\"><meta property=\"twitter:image\" content=\"https:\/\/eulawlive.com\/app\/images\/linkedin-eulawlive-new-2024.png\"><meta property=\"og:image\" name=\"og:image\" content=\"https:\/\/eulawlive.com\/app\/images\/linkedin-eulawlive-new-2024.png\"><meta name=\"twitter:image\" content=\"https:\/\/eulawlive.com\/app\/images\/linkedin-eulawlive-new-2024.png\"><meta name=\"og:image\" content=\"https:\/\/eulawlive.com\/app\/images\/linkedin-eulawlive-new-2024.png\">  <noscript><iframe src=\"https:\/\/www.googletagmanager.com\/ns.html?id=GTM-MGMJW89\" height=\"0\" width=\"0\" style=\"display:none;visibility:hidden\"><\/iframe><\/noscript>  <\/p>\n<nav id=\"sidenav\" class=\"pos-f t-0 r-0 ovy-s bg-cream-light transition-all py-30 px-30 zi-100 no-scrollbar\">\n<div class=\"pos-r sidenav ov-h\">\n<div class=\"pos-a bg-cream-light b-0 l-0 r-0 b-0 pt-25\">\n<div class=\"d-f fxw-w ai-fe\">\n<div class=\"col-8\">\n<p>Mardi 18 f\u00e9vrier 2025<\/p>\n<\/div>\n<\/div>\n<\/div>\n<\/div>\n<\/nav>\n<div class=\"wrap\" role=\"document\">\n<div class=\"content\"> <main class=\"main\" id=\"printableArea\"> <\/p>\n<div class=\"box mx-a contenidos-editor-posts mt-25 mt-lg-75\">\n<div class=\"d-f fxw-w\">\n<div class=\"col-print col-12 col-md-11 col-lg-10 col-xl-9 col-xxl-8 col-xxxl-7 mx-a mt-30 mb-25 px-15\">\n<div class=\"\">\n<p>    Banque et finance \u2013 Justice et litige <\/p>\n<p> <time class=\"updated ff-opensauce tt-u fz-11 fw-500 d-ib mb-20\" datetime=\"2025-02-18T10:30:56+00:00\">    F\u00e9vrier <span> 18, 18 <span> 2025 <\/span><\/span><\/time> <\/p>\n<div class=\"contenidos ta-j\">\n<div class=\"ff-titilliumweb text-justify pos-r no-content\">\n<div class=\"no-pointer mb-45\">\n<p>Le tribunal g\u00e9n\u00e9ral entendra une affaire concernant l&rsquo;action intent\u00e9e, le 6 d\u00e9cembre 2024, par la Banque NEMEA contre la Banque centrale europ\u00e9enne (BCE): affaire T-633\/24.<\/p>\n<p>Par son action, la Banque Nemea, bas\u00e9e \u00e0 Malte, affirme que la BCE est \u00e0 des dommages-int\u00e9r\u00eats r\u00e9sultant de l&rsquo;imm\u00e9diat avec le dessin de son autorisation, suite \u00e0 la conduite dans la \u00abloi pr\u00e9paratoire\u00bb, provoquant l&rsquo;arr\u00eat forc\u00e9 de ses activit\u00e9s et la perte de la perte de Sa valeur.<\/p>\n<p>En cons\u00e9quence, le demandeur affirme que l&rsquo;ordonnance du tribunal g\u00e9n\u00e9ral de la BCE \u00e0 offrir une indemnit\u00e9 pour les dommages-int\u00e9r\u00eats pr\u00e9sum\u00e9s, sp\u00e9cifiant des montants diff\u00e9rents allant de l&rsquo;AT LEA<\/p>\n<p>Ce faisant, nemea s<\/p>\n<\/div>\n<\/div>\n<\/div>\n<\/div>\n<\/div>\n<\/div>\n<\/div>\n<p><\/main> <\/div>\n<\/div>\n<div id=\"cookies-hidden\" class=\"pos-f bg-cream-light py-5 px-12 ovx-h cur-p bdrs-4 open-modal\" style=\"right: 3px; bottom:3px;border: 1px solid #bb7f72;\" data-toggle=\"modal\" data-modal=\"configCookies\"> <img decoding=\"async\" class=\"d-inline-block\" src=\"https:\/\/www.tribunal-nature.org\/blog\/wp-content\/uploads\/2025\/02\/La-Commission-envoie-une-communication-des-griefs-a-Apple-sur-2.png\" style=\"max-width: 16px;vertical-align: -3px;\"> <span class=\"text-primary fz-14 pl-5 c-brown\">Cookies<\/span> <\/div>\n<\/p>\n<\/div>\n<\/div>\n","protected":false},"excerpt":{"rendered":"<p>L&rsquo;action de la N\u00e9mea Bank contre la BCE demandant une indemnit\u00e9 de dommages-int\u00e9r\u00eats r\u00e9sultant du retrait de son autorisation, publi\u00e9&#8230;<\/p>\n","protected":false},"author":3,"featured_media":1177,"comment_status":"closed","ping_status":"closed","sticky":false,"template":"","format":"standard","meta":{"footnotes":""},"categories":[2],"tags":[],"class_list":["post-1176","post","type-post","status-publish","format-standard","has-post-thumbnail","hentry","category-droit-de-lenvironnement","wpcat-2-id"],"yoast_head":"<!-- This site is optimized with the Yoast SEO plugin v27.5 - https:\/\/yoast.com\/product\/yoast-seo-wordpress\/ -->\n<title>L&#039;action de la N\u00e9mea Bank contre la BCE demandant une indemnit\u00e9 de dommages-int\u00e9r\u00eats r\u00e9sultant du retrait de son autorisation, publi\u00e9 dans OJ - TRIBUNAL-NATURE<\/title>\n<meta name=\"description\" content=\"L&#039;action de la N\u00e9mea Bank contre la BCE demandant une indemnit\u00e9 de dommages-int\u00e9r\u00eats r\u00e9sultant du retrait de son autorisation, publi\u00e9 dans OJ article de TRIBUNAL-NATURE\" \/>\n<meta name=\"robots\" content=\"index, follow, max-snippet:-1, max-image-preview:large, max-video-preview:-1\" \/>\n<link rel=\"canonical\" href=\"https:\/\/www.tribunal-nature.org\/blog\/laction-de-la-nemea-bank-contre-la-bce-demandant-une-indemnite-de-dommages-interets-resultant-du-retrait-de-son-autorisation-publie-dans-oj\/\" \/>\n<meta property=\"og:locale\" content=\"fr_FR\" \/>\n<meta property=\"og:type\" content=\"article\" \/>\n<meta property=\"og:title\" content=\"L&#039;action de la N\u00e9mea Bank contre la BCE demandant une indemnit\u00e9 de dommages-int\u00e9r\u00eats r\u00e9sultant du retrait de son autorisation, publi\u00e9 dans OJ - TRIBUNAL-NATURE\" \/>\n<meta property=\"og:description\" content=\"L&#039;action de la N\u00e9mea Bank contre la BCE demandant une indemnit\u00e9 de dommages-int\u00e9r\u00eats r\u00e9sultant du retrait de son autorisation, publi\u00e9 dans OJ article de TRIBUNAL-NATURE\" \/>\n<meta property=\"og:url\" content=\"https:\/\/www.tribunal-nature.org\/blog\/laction-de-la-nemea-bank-contre-la-bce-demandant-une-indemnite-de-dommages-interets-resultant-du-retrait-de-son-autorisation-publie-dans-oj\/\" \/>\n<meta property=\"og:site_name\" content=\"TRIBUNAL-NATURE\" \/>\n<meta property=\"article:published_time\" content=\"2025-02-19T02:06:10+00:00\" \/>\n<meta property=\"og:image\" content=\"https:\/\/www.tribunal-nature.org\/blog\/wp-content\/uploads\/2025\/02\/La-Commission-envoie-une-communication-des-griefs-a-Apple-sur-2.png\" \/>\n<meta name=\"author\" content=\"Isabelle LOUBEAU\" \/>\n<meta name=\"twitter:card\" content=\"summary_large_image\" \/>\n<meta name=\"twitter:label1\" content=\"\u00c9crit par\" \/>\n\t<meta name=\"twitter:data1\" content=\"Isabelle LOUBEAU\" \/>\n\t<meta name=\"twitter:label2\" content=\"Dur\u00e9e de lecture estim\u00e9e\" \/>\n\t<meta name=\"twitter:data2\" content=\"1 minute\" \/>\n<script type=\"application\/ld+json\" class=\"yoast-schema-graph\">{\"@context\":\"https:\\\/\\\/schema.org\",\"@graph\":[{\"@type\":\"Article\",\"@id\":\"https:\\\/\\\/www.tribunal-nature.org\\\/blog\\\/laction-de-la-nemea-bank-contre-la-bce-demandant-une-indemnite-de-dommages-interets-resultant-du-retrait-de-son-autorisation-publie-dans-oj\\\/#article\",\"isPartOf\":{\"@id\":\"https:\\\/\\\/www.tribunal-nature.org\\\/blog\\\/laction-de-la-nemea-bank-contre-la-bce-demandant-une-indemnite-de-dommages-interets-resultant-du-retrait-de-son-autorisation-publie-dans-oj\\\/\"},\"author\":{\"name\":\"Isabelle LOUBEAU\",\"@id\":\"https:\\\/\\\/www.tribunal-nature.org\\\/blog\\\/#\\\/schema\\\/person\\\/55761caf7544da6b05b60523f2a0855f\"},\"headline\":\"L&rsquo;action de la N\u00e9mea Bank contre la BCE demandant une indemnit\u00e9 de dommages-int\u00e9r\u00eats r\u00e9sultant du retrait de son autorisation, publi\u00e9 dans OJ\",\"datePublished\":\"2025-02-19T02:06:10+00:00\",\"mainEntityOfPage\":{\"@id\":\"https:\\\/\\\/www.tribunal-nature.org\\\/blog\\\/laction-de-la-nemea-bank-contre-la-bce-demandant-une-indemnite-de-dommages-interets-resultant-du-retrait-de-son-autorisation-publie-dans-oj\\\/\"},\"wordCount\":197,\"publisher\":{\"@id\":\"https:\\\/\\\/www.tribunal-nature.org\\\/blog\\\/#organization\"},\"image\":{\"@id\":\"https:\\\/\\\/www.tribunal-nature.org\\\/blog\\\/laction-de-la-nemea-bank-contre-la-bce-demandant-une-indemnite-de-dommages-interets-resultant-du-retrait-de-son-autorisation-publie-dans-oj\\\/#primaryimage\"},\"thumbnailUrl\":\"https:\\\/\\\/www.tribunal-nature.org\\\/blog\\\/wp-content\\\/uploads\\\/2025\\\/02\\\/La-Commission-envoie-une-communication-des-griefs-a-Apple-sur-2.png\",\"articleSection\":[\"Droit De L'Environnement:\"],\"inLanguage\":\"fr-FR\"},{\"@type\":\"WebPage\",\"@id\":\"https:\\\/\\\/www.tribunal-nature.org\\\/blog\\\/laction-de-la-nemea-bank-contre-la-bce-demandant-une-indemnite-de-dommages-interets-resultant-du-retrait-de-son-autorisation-publie-dans-oj\\\/\",\"url\":\"https:\\\/\\\/www.tribunal-nature.org\\\/blog\\\/laction-de-la-nemea-bank-contre-la-bce-demandant-une-indemnite-de-dommages-interets-resultant-du-retrait-de-son-autorisation-publie-dans-oj\\\/\",\"name\":\"L'action de la N\u00e9mea Bank contre la BCE demandant une indemnit\u00e9 de dommages-int\u00e9r\u00eats r\u00e9sultant du retrait de son autorisation, publi\u00e9 dans OJ - TRIBUNAL-NATURE\",\"isPartOf\":{\"@id\":\"https:\\\/\\\/www.tribunal-nature.org\\\/blog\\\/#website\"},\"primaryImageOfPage\":{\"@id\":\"https:\\\/\\\/www.tribunal-nature.org\\\/blog\\\/laction-de-la-nemea-bank-contre-la-bce-demandant-une-indemnite-de-dommages-interets-resultant-du-retrait-de-son-autorisation-publie-dans-oj\\\/#primaryimage\"},\"image\":{\"@id\":\"https:\\\/\\\/www.tribunal-nature.org\\\/blog\\\/laction-de-la-nemea-bank-contre-la-bce-demandant-une-indemnite-de-dommages-interets-resultant-du-retrait-de-son-autorisation-publie-dans-oj\\\/#primaryimage\"},\"thumbnailUrl\":\"https:\\\/\\\/www.tribunal-nature.org\\\/blog\\\/wp-content\\\/uploads\\\/2025\\\/02\\\/La-Commission-envoie-une-communication-des-griefs-a-Apple-sur-2.png\",\"datePublished\":\"2025-02-19T02:06:10+00:00\",\"description\":\"L'action de la N\u00e9mea Bank contre la BCE demandant une indemnit\u00e9 de dommages-int\u00e9r\u00eats r\u00e9sultant du retrait de son autorisation, publi\u00e9 dans OJ article de TRIBUNAL-NATURE\",\"breadcrumb\":{\"@id\":\"https:\\\/\\\/www.tribunal-nature.org\\\/blog\\\/laction-de-la-nemea-bank-contre-la-bce-demandant-une-indemnite-de-dommages-interets-resultant-du-retrait-de-son-autorisation-publie-dans-oj\\\/#breadcrumb\"},\"inLanguage\":\"fr-FR\",\"potentialAction\":[{\"@type\":\"ReadAction\",\"target\":[\"https:\\\/\\\/www.tribunal-nature.org\\\/blog\\\/laction-de-la-nemea-bank-contre-la-bce-demandant-une-indemnite-de-dommages-interets-resultant-du-retrait-de-son-autorisation-publie-dans-oj\\\/\"]}]},{\"@type\":\"ImageObject\",\"inLanguage\":\"fr-FR\",\"@id\":\"https:\\\/\\\/www.tribunal-nature.org\\\/blog\\\/laction-de-la-nemea-bank-contre-la-bce-demandant-une-indemnite-de-dommages-interets-resultant-du-retrait-de-son-autorisation-publie-dans-oj\\\/#primaryimage\",\"url\":\"https:\\\/\\\/www.tribunal-nature.org\\\/blog\\\/wp-content\\\/uploads\\\/2025\\\/02\\\/La-Commission-envoie-une-communication-des-griefs-a-Apple-sur-2.png\",\"contentUrl\":\"https:\\\/\\\/www.tribunal-nature.org\\\/blog\\\/wp-content\\\/uploads\\\/2025\\\/02\\\/La-Commission-envoie-une-communication-des-griefs-a-Apple-sur-2.png\",\"width\":32,\"height\":32,\"caption\":\"La Commission envoie une communication des griefs a Apple sur 2\"},{\"@type\":\"BreadcrumbList\",\"@id\":\"https:\\\/\\\/www.tribunal-nature.org\\\/blog\\\/laction-de-la-nemea-bank-contre-la-bce-demandant-une-indemnite-de-dommages-interets-resultant-du-retrait-de-son-autorisation-publie-dans-oj\\\/#breadcrumb\",\"itemListElement\":[{\"@type\":\"ListItem\",\"position\":1,\"name\":\"Accueil\",\"item\":\"https:\\\/\\\/www.tribunal-nature.org\\\/blog\\\/\"},{\"@type\":\"ListItem\",\"position\":2,\"name\":\"L&rsquo;action de la N\u00e9mea Bank contre la BCE demandant une indemnit\u00e9 de dommages-int\u00e9r\u00eats r\u00e9sultant du retrait de son autorisation, publi\u00e9 dans OJ\"}]},{\"@type\":\"WebSite\",\"@id\":\"https:\\\/\\\/www.tribunal-nature.org\\\/blog\\\/#website\",\"url\":\"https:\\\/\\\/www.tribunal-nature.org\\\/blog\\\/\",\"name\":\"TRIBUNAL-NATURE\",\"description\":\"Droit De L&#039;Environnement.\",\"publisher\":{\"@id\":\"https:\\\/\\\/www.tribunal-nature.org\\\/blog\\\/#organization\"},\"potentialAction\":[{\"@type\":\"SearchAction\",\"target\":{\"@type\":\"EntryPoint\",\"urlTemplate\":\"https:\\\/\\\/www.tribunal-nature.org\\\/blog\\\/?s={search_term_string}\"},\"query-input\":{\"@type\":\"PropertyValueSpecification\",\"valueRequired\":true,\"valueName\":\"search_term_string\"}}],\"inLanguage\":\"fr-FR\"},{\"@type\":\"Organization\",\"@id\":\"https:\\\/\\\/www.tribunal-nature.org\\\/blog\\\/#organization\",\"name\":\"tribunal-nature\",\"url\":\"https:\\\/\\\/www.tribunal-nature.org\\\/blog\\\/\",\"logo\":{\"@type\":\"ImageObject\",\"inLanguage\":\"fr-FR\",\"@id\":\"https:\\\/\\\/www.tribunal-nature.org\\\/blog\\\/#\\\/schema\\\/logo\\\/image\\\/\",\"url\":\"https:\\\/\\\/www.tribunal-nature.org\\\/blog\\\/wp-content\\\/uploads\\\/2022\\\/05\\\/logo-2.png\",\"contentUrl\":\"https:\\\/\\\/www.tribunal-nature.org\\\/blog\\\/wp-content\\\/uploads\\\/2022\\\/05\\\/logo-2.png\",\"width\":180,\"height\":180,\"caption\":\"tribunal-nature\"},\"image\":{\"@id\":\"https:\\\/\\\/www.tribunal-nature.org\\\/blog\\\/#\\\/schema\\\/logo\\\/image\\\/\"}},{\"@type\":\"Person\",\"@id\":\"https:\\\/\\\/www.tribunal-nature.org\\\/blog\\\/#\\\/schema\\\/person\\\/55761caf7544da6b05b60523f2a0855f\",\"name\":\"Isabelle LOUBEAU\",\"image\":{\"@type\":\"ImageObject\",\"inLanguage\":\"fr-FR\",\"@id\":\"https:\\\/\\\/secure.gravatar.com\\\/avatar\\\/b6912620aca78633bf5d50400888815d3b38a1118e82b94050843f411f3f5972?s=96&d=mm&r=g\",\"url\":\"https:\\\/\\\/secure.gravatar.com\\\/avatar\\\/b6912620aca78633bf5d50400888815d3b38a1118e82b94050843f411f3f5972?s=96&d=mm&r=g\",\"contentUrl\":\"https:\\\/\\\/secure.gravatar.com\\\/avatar\\\/b6912620aca78633bf5d50400888815d3b38a1118e82b94050843f411f3f5972?s=96&d=mm&r=g\",\"caption\":\"Isabelle LOUBEAU\"},\"url\":\"https:\\\/\\\/www.tribunal-nature.org\\\/blog\\\/author\\\/ureisabelle\\\/\"}]}<\/script>\n<!-- \/ Yoast SEO plugin. -->","yoast_head_json":{"title":"L'action de la N\u00e9mea Bank contre la BCE demandant une indemnit\u00e9 de dommages-int\u00e9r\u00eats r\u00e9sultant du retrait de son autorisation, publi\u00e9 dans OJ - TRIBUNAL-NATURE","description":"L'action de la N\u00e9mea Bank contre la BCE demandant une indemnit\u00e9 de dommages-int\u00e9r\u00eats r\u00e9sultant du retrait de son autorisation, publi\u00e9 dans OJ article de TRIBUNAL-NATURE","robots":{"index":"index","follow":"follow","max-snippet":"max-snippet:-1","max-image-preview":"max-image-preview:large","max-video-preview":"max-video-preview:-1"},"canonical":"https:\/\/www.tribunal-nature.org\/blog\/laction-de-la-nemea-bank-contre-la-bce-demandant-une-indemnite-de-dommages-interets-resultant-du-retrait-de-son-autorisation-publie-dans-oj\/","og_locale":"fr_FR","og_type":"article","og_title":"L'action de la N\u00e9mea Bank contre la BCE demandant une indemnit\u00e9 de dommages-int\u00e9r\u00eats r\u00e9sultant du retrait de son autorisation, publi\u00e9 dans OJ - TRIBUNAL-NATURE","og_description":"L'action de la N\u00e9mea Bank contre la BCE demandant une indemnit\u00e9 de dommages-int\u00e9r\u00eats r\u00e9sultant du retrait de son autorisation, publi\u00e9 dans OJ article de TRIBUNAL-NATURE","og_url":"https:\/\/www.tribunal-nature.org\/blog\/laction-de-la-nemea-bank-contre-la-bce-demandant-une-indemnite-de-dommages-interets-resultant-du-retrait-de-son-autorisation-publie-dans-oj\/","og_site_name":"TRIBUNAL-NATURE","article_published_time":"2025-02-19T02:06:10+00:00","og_image":[{"url":"https:\/\/www.tribunal-nature.org\/blog\/wp-content\/uploads\/2025\/02\/La-Commission-envoie-une-communication-des-griefs-a-Apple-sur-2.png","type":"","width":"","height":""}],"author":"Isabelle LOUBEAU","twitter_card":"summary_large_image","twitter_misc":{"\u00c9crit par":"Isabelle LOUBEAU","Dur\u00e9e de lecture estim\u00e9e":"1 minute"},"schema":{"@context":"https:\/\/schema.org","@graph":[{"@type":"Article","@id":"https:\/\/www.tribunal-nature.org\/blog\/laction-de-la-nemea-bank-contre-la-bce-demandant-une-indemnite-de-dommages-interets-resultant-du-retrait-de-son-autorisation-publie-dans-oj\/#article","isPartOf":{"@id":"https:\/\/www.tribunal-nature.org\/blog\/laction-de-la-nemea-bank-contre-la-bce-demandant-une-indemnite-de-dommages-interets-resultant-du-retrait-de-son-autorisation-publie-dans-oj\/"},"author":{"name":"Isabelle LOUBEAU","@id":"https:\/\/www.tribunal-nature.org\/blog\/#\/schema\/person\/55761caf7544da6b05b60523f2a0855f"},"headline":"L&rsquo;action de la N\u00e9mea Bank contre la BCE demandant une indemnit\u00e9 de dommages-int\u00e9r\u00eats r\u00e9sultant du retrait de son autorisation, publi\u00e9 dans OJ","datePublished":"2025-02-19T02:06:10+00:00","mainEntityOfPage":{"@id":"https:\/\/www.tribunal-nature.org\/blog\/laction-de-la-nemea-bank-contre-la-bce-demandant-une-indemnite-de-dommages-interets-resultant-du-retrait-de-son-autorisation-publie-dans-oj\/"},"wordCount":197,"publisher":{"@id":"https:\/\/www.tribunal-nature.org\/blog\/#organization"},"image":{"@id":"https:\/\/www.tribunal-nature.org\/blog\/laction-de-la-nemea-bank-contre-la-bce-demandant-une-indemnite-de-dommages-interets-resultant-du-retrait-de-son-autorisation-publie-dans-oj\/#primaryimage"},"thumbnailUrl":"https:\/\/www.tribunal-nature.org\/blog\/wp-content\/uploads\/2025\/02\/La-Commission-envoie-une-communication-des-griefs-a-Apple-sur-2.png","articleSection":["Droit De L'Environnement:"],"inLanguage":"fr-FR"},{"@type":"WebPage","@id":"https:\/\/www.tribunal-nature.org\/blog\/laction-de-la-nemea-bank-contre-la-bce-demandant-une-indemnite-de-dommages-interets-resultant-du-retrait-de-son-autorisation-publie-dans-oj\/","url":"https:\/\/www.tribunal-nature.org\/blog\/laction-de-la-nemea-bank-contre-la-bce-demandant-une-indemnite-de-dommages-interets-resultant-du-retrait-de-son-autorisation-publie-dans-oj\/","name":"L'action de la N\u00e9mea Bank contre la BCE demandant une indemnit\u00e9 de dommages-int\u00e9r\u00eats r\u00e9sultant du retrait de son autorisation, publi\u00e9 dans OJ - TRIBUNAL-NATURE","isPartOf":{"@id":"https:\/\/www.tribunal-nature.org\/blog\/#website"},"primaryImageOfPage":{"@id":"https:\/\/www.tribunal-nature.org\/blog\/laction-de-la-nemea-bank-contre-la-bce-demandant-une-indemnite-de-dommages-interets-resultant-du-retrait-de-son-autorisation-publie-dans-oj\/#primaryimage"},"image":{"@id":"https:\/\/www.tribunal-nature.org\/blog\/laction-de-la-nemea-bank-contre-la-bce-demandant-une-indemnite-de-dommages-interets-resultant-du-retrait-de-son-autorisation-publie-dans-oj\/#primaryimage"},"thumbnailUrl":"https:\/\/www.tribunal-nature.org\/blog\/wp-content\/uploads\/2025\/02\/La-Commission-envoie-une-communication-des-griefs-a-Apple-sur-2.png","datePublished":"2025-02-19T02:06:10+00:00","description":"L'action de la N\u00e9mea Bank contre la BCE demandant une indemnit\u00e9 de dommages-int\u00e9r\u00eats r\u00e9sultant du retrait de son autorisation, publi\u00e9 dans OJ article de TRIBUNAL-NATURE","breadcrumb":{"@id":"https:\/\/www.tribunal-nature.org\/blog\/laction-de-la-nemea-bank-contre-la-bce-demandant-une-indemnite-de-dommages-interets-resultant-du-retrait-de-son-autorisation-publie-dans-oj\/#breadcrumb"},"inLanguage":"fr-FR","potentialAction":[{"@type":"ReadAction","target":["https:\/\/www.tribunal-nature.org\/blog\/laction-de-la-nemea-bank-contre-la-bce-demandant-une-indemnite-de-dommages-interets-resultant-du-retrait-de-son-autorisation-publie-dans-oj\/"]}]},{"@type":"ImageObject","inLanguage":"fr-FR","@id":"https:\/\/www.tribunal-nature.org\/blog\/laction-de-la-nemea-bank-contre-la-bce-demandant-une-indemnite-de-dommages-interets-resultant-du-retrait-de-son-autorisation-publie-dans-oj\/#primaryimage","url":"https:\/\/www.tribunal-nature.org\/blog\/wp-content\/uploads\/2025\/02\/La-Commission-envoie-une-communication-des-griefs-a-Apple-sur-2.png","contentUrl":"https:\/\/www.tribunal-nature.org\/blog\/wp-content\/uploads\/2025\/02\/La-Commission-envoie-une-communication-des-griefs-a-Apple-sur-2.png","width":32,"height":32,"caption":"La Commission envoie une communication des griefs a Apple sur 2"},{"@type":"BreadcrumbList","@id":"https:\/\/www.tribunal-nature.org\/blog\/laction-de-la-nemea-bank-contre-la-bce-demandant-une-indemnite-de-dommages-interets-resultant-du-retrait-de-son-autorisation-publie-dans-oj\/#breadcrumb","itemListElement":[{"@type":"ListItem","position":1,"name":"Accueil","item":"https:\/\/www.tribunal-nature.org\/blog\/"},{"@type":"ListItem","position":2,"name":"L&rsquo;action de la N\u00e9mea Bank contre la BCE demandant une indemnit\u00e9 de dommages-int\u00e9r\u00eats r\u00e9sultant du retrait de son autorisation, publi\u00e9 dans OJ"}]},{"@type":"WebSite","@id":"https:\/\/www.tribunal-nature.org\/blog\/#website","url":"https:\/\/www.tribunal-nature.org\/blog\/","name":"TRIBUNAL-NATURE","description":"Droit De L&#039;Environnement.","publisher":{"@id":"https:\/\/www.tribunal-nature.org\/blog\/#organization"},"potentialAction":[{"@type":"SearchAction","target":{"@type":"EntryPoint","urlTemplate":"https:\/\/www.tribunal-nature.org\/blog\/?s={search_term_string}"},"query-input":{"@type":"PropertyValueSpecification","valueRequired":true,"valueName":"search_term_string"}}],"inLanguage":"fr-FR"},{"@type":"Organization","@id":"https:\/\/www.tribunal-nature.org\/blog\/#organization","name":"tribunal-nature","url":"https:\/\/www.tribunal-nature.org\/blog\/","logo":{"@type":"ImageObject","inLanguage":"fr-FR","@id":"https:\/\/www.tribunal-nature.org\/blog\/#\/schema\/logo\/image\/","url":"https:\/\/www.tribunal-nature.org\/blog\/wp-content\/uploads\/2022\/05\/logo-2.png","contentUrl":"https:\/\/www.tribunal-nature.org\/blog\/wp-content\/uploads\/2022\/05\/logo-2.png","width":180,"height":180,"caption":"tribunal-nature"},"image":{"@id":"https:\/\/www.tribunal-nature.org\/blog\/#\/schema\/logo\/image\/"}},{"@type":"Person","@id":"https:\/\/www.tribunal-nature.org\/blog\/#\/schema\/person\/55761caf7544da6b05b60523f2a0855f","name":"Isabelle LOUBEAU","image":{"@type":"ImageObject","inLanguage":"fr-FR","@id":"https:\/\/secure.gravatar.com\/avatar\/b6912620aca78633bf5d50400888815d3b38a1118e82b94050843f411f3f5972?s=96&d=mm&r=g","url":"https:\/\/secure.gravatar.com\/avatar\/b6912620aca78633bf5d50400888815d3b38a1118e82b94050843f411f3f5972?s=96&d=mm&r=g","contentUrl":"https:\/\/secure.gravatar.com\/avatar\/b6912620aca78633bf5d50400888815d3b38a1118e82b94050843f411f3f5972?s=96&d=mm&r=g","caption":"Isabelle LOUBEAU"},"url":"https:\/\/www.tribunal-nature.org\/blog\/author\/ureisabelle\/"}]}},"_links":{"self":[{"href":"https:\/\/www.tribunal-nature.org\/blog\/wp-json\/wp\/v2\/posts\/1176","targetHints":{"allow":["GET"]}}],"collection":[{"href":"https:\/\/www.tribunal-nature.org\/blog\/wp-json\/wp\/v2\/posts"}],"about":[{"href":"https:\/\/www.tribunal-nature.org\/blog\/wp-json\/wp\/v2\/types\/post"}],"author":[{"embeddable":true,"href":"https:\/\/www.tribunal-nature.org\/blog\/wp-json\/wp\/v2\/users\/3"}],"replies":[{"embeddable":true,"href":"https:\/\/www.tribunal-nature.org\/blog\/wp-json\/wp\/v2\/comments?post=1176"}],"version-history":[{"count":0,"href":"https:\/\/www.tribunal-nature.org\/blog\/wp-json\/wp\/v2\/posts\/1176\/revisions"}],"wp:featuredmedia":[{"embeddable":true,"href":"https:\/\/www.tribunal-nature.org\/blog\/wp-json\/wp\/v2\/media\/1177"}],"wp:attachment":[{"href":"https:\/\/www.tribunal-nature.org\/blog\/wp-json\/wp\/v2\/media?parent=1176"}],"wp:term":[{"taxonomy":"category","embeddable":true,"href":"https:\/\/www.tribunal-nature.org\/blog\/wp-json\/wp\/v2\/categories?post=1176"},{"taxonomy":"post_tag","embeddable":true,"href":"https:\/\/www.tribunal-nature.org\/blog\/wp-json\/wp\/v2\/tags?post=1176"}],"curies":[{"name":"wp","href":"https:\/\/api.w.org\/{rel}","templated":true}]}}