{"id":1120,"date":"2024-12-05T19:09:55","date_gmt":"2024-12-05T18:09:55","guid":{"rendered":"https:\/\/www.tribunal-nature.org\/blog\/larticle-114-du-reglement-952-2013-autorise-les-pratiques-administratives-nationales-qui-imposent-par-reference-au-droit-national-une-penalite-de-retard-en-plus-des-interets-de-retard-imposes-par-l\/"},"modified":"2024-12-05T19:09:55","modified_gmt":"2024-12-05T18:09:55","slug":"larticle-114-du-reglement-952-2013-autorise-les-pratiques-administratives-nationales-qui-imposent-par-reference-au-droit-national-une-penalite-de-retard-en-plus-des-interets-de-retard-imposes-par-l","status":"publish","type":"post","link":"https:\/\/www.tribunal-nature.org\/blog\/larticle-114-du-reglement-952-2013-autorise-les-pratiques-administratives-nationales-qui-imposent-par-reference-au-droit-national-une-penalite-de-retard-en-plus-des-interets-de-retard-imposes-par-l\/","title":{"rendered":"L&rsquo;article 114 du r\u00e8glement 952\/2013 autorise les pratiques administratives nationales qui imposent, par r\u00e9f\u00e9rence au droit national, une p\u00e9nalit\u00e9 de retard en plus des int\u00e9r\u00eats de retard impos\u00e9s par le droit de l&rsquo;UE."},"content":{"rendered":"<div>\n<div><meta charset=\"utf-8\"><meta http-equiv=\"x-ua-compatible\" content=\"ie=edge\"><meta name=\"viewport\" content=\"width=device-width, initial-scale=1\"><link href=\"https:\/\/eulawlive.com\/app\/images\/favicon.png\" rel=\"icon\"><meta property=\"twitter:image\" content=\"https:\/\/eulawlive.com\/app\/images\/linkedin-eulawlive-new-2024.png\"><meta property=\"og:image\" name=\"og:image\" content=\"https:\/\/eulawlive.com\/app\/images\/linkedin-eulawlive-new-2024.png\"><meta name=\"twitter:image\" content=\"https:\/\/eulawlive.com\/app\/images\/linkedin-eulawlive-new-2024.png\"><meta name=\"og:image\" content=\"https:\/\/eulawlive.com\/app\/images\/linkedin-eulawlive-new-2024.png\"><link type=\"text\/css\" media=\"all\" href=\"https:\/\/eulawlive.com\/app\/cache\/autoptimize\/css\/autoptimize_95b35c48fecb7a8de52650dc21a7cd4b.css\" rel=\"stylesheet\"><title>L&rsquo;article 114 du r\u00e8glement 952\/2013 autorise les pratiques administratives nationales qui imposent, par r\u00e9f\u00e9rence au droit national, une p\u00e9nalit\u00e9 de retard en plus des int\u00e9r\u00eats de retard impos\u00e9s par le droit de l&rsquo;UE \u2013 EU Law Live<\/title><meta name=\"robots\" content=\"max-snippet:-1, max-image-preview:large, max-video-preview:-1\"><link rel=\"canonical\" href=\"https:\/\/eulawlive.com\/article-114-of-regulation-952-2013-allows-national-administrative-practices-which-impose-by-reference-to-national-law-a-penalty-for-late-payment-in-addition-to-the-interest-for-late-payment-imposed\/\"><meta property=\"og:locale\" content=\"en_GB\"><meta property=\"og:type\" content=\"article\"><meta property=\"og:title\" content=\"Article 114 of Regulation 952\/2013 allows national administrative practices which impose, by reference to national law, a penalty for late payment in addition to the interest for late payment imposed by EU law - EU Law Live\"><meta property=\"og:description\" content=\"On 5th December, the Court of Justice handed down judgment in Network One Distribution (C-506\/23), a request for a preliminary reference from the Court of Appeal, Bucarest (Romania), concerning \u2026\"><meta property=\"og:url\" content=\"https:\/\/eulawlive.com\/article-114-of-regulation-952-2013-allows-national-administrative-practices-which-impose-by-reference-to-national-law-a-penalty-for-late-payment-in-addition-to-the-interest-for-late-payment-imposed\/\"><meta property=\"og:site_name\" content=\"EU Law Live\"><meta property=\"article:tag\" content=\"News\"><meta property=\"article:section\" content=\"External Relations &amp; Trade\"><meta property=\"article:published_time\" content=\"2024-12-05T11:02:26+00:00\"><meta property=\"og:image\" content=\"https:\/\/eulawlive.com\/app\/uploads\/linkedin_new.png\"><meta property=\"og:image:secure_url\" content=\"https:\/\/eulawlive.com\/app\/uploads\/linkedin_new.png\"><meta property=\"og:image:width\" content=\"450\"><meta property=\"og:image:height\" content=\"265\"><link rel=\"dns-prefetch\" href=\"https:\/\/code.jquery.com\"><meta property=\"og:image\" content=\"https:\/\/eulawlive.com\/logo-final.jpg\"><meta property=\"twitter:image\" content=\"https:\/\/eulawlive.com\/app\/images\/linkedin-eulawlive-new-2024.png\"><meta property=\"og:image\" name=\"og:image\" content=\"https:\/\/eulawlive.com\/app\/images\/linkedin-eulawlive-new-2024.png\"><meta name=\"twitter:image\" content=\"https:\/\/eulawlive.com\/app\/images\/linkedin-eulawlive-new-2024.png\"><meta name=\"og:image\" content=\"https:\/\/eulawlive.com\/app\/images\/linkedin-eulawlive-new-2024.png\">  <noscript><iframe src=\"https:\/\/www.googletagmanager.com\/ns.html?id=GTM-MGMJW89\" height=\"0\" width=\"0\" style=\"display:none;visibility:hidden\"><\/iframe><\/noscript>  <\/p>\n<nav id=\"sidenav\" class=\"pos-f t-0 r-0 ovy-s bg-cream-light transition-all py-30 px-30 zi-100 no-scrollbar\">\n<div class=\"pos-r sidenav ov-h\">\n<div class=\"pos-a bg-cream-light b-0 l-0 r-0 b-0 pt-25\">\n<div class=\"d-f fxw-w ai-fe\">\n<div class=\"col-8\">\n<p>Jeudi 5 d\u00e9cembre 2024<\/p>\n<\/div>\n<\/div>\n<\/div>\n<\/div>\n<\/nav>\n<div class=\"wrap\" role=\"document\">\n<div class=\"content\"> <main class=\"main\" id=\"printableArea\"> <\/p>\n<div class=\"box mx-a contenidos-editor-posts mt-25 mt-lg-75\">\n<div class=\"d-f fxw-w\">\n<div class=\"col-print col-12 col-md-11 col-lg-10 col-xl-9 col-xxl-8 col-xxxl-7 mx-a mt-30 mb-25 px-15\">\n<div class=\"\">\n<p>    Relations Ext\u00e9rieures &amp; Commerce \u2013 Fiscalit\u00e9 <\/p>\n<p> <time class=\"updated ff-opensauce tt-u fz-11 fw-500 d-ib mb-20\" datetime=\"2024-12-05T11:02:26+00:00\">    D\u00e9cembre <span> 5, <span> 2024 <\/span><\/span><\/time> <\/p>\n<div class=\"contenidos ta-j\">\n<div class=\"ff-titilliumweb text-justify pos-r no-content\">\n<div class=\"no-pointer mb-45\">\n<p>Le 5 d\u00e9cembre, la Cour de Justice a rendu l&rsquo;arr\u00eat Network One Distribution (C-506\/23), une demande de renvoi pr\u00e9judiciel de la Cour d&rsquo;appel de Bucarest (Roumanie), concernant l&rsquo;interpr\u00e9tation de l&rsquo;article 114 du R\u00e8glement 952\/ 2013 \u00e9tablissant le Code des douanes de l\u2019Union.<\/p>\n<p>Entre les ann\u00e9es 2016 et 2017, Network One Distribution (ci-apr\u00e8s la \u00ab requ\u00e9rante \u00bb) a import\u00e9 des v\u00e9los en Roumanie. Dans sa d\u00e9claration aux autorit\u00e9s roumaines, la requ\u00e9rante a indiqu\u00e9 la Tha\u00eflande comme pays d&rsquo;origine des marchandises import\u00e9es. \u00c0 la suite de leur propre contr\u00f4le douanier, les autorit\u00e9s roumaines ont conclu que ces marchandises provenaient de Chine et non de Tha\u00eflande. Suite \u00e0 un rapport d&rsquo;inspection et \u00e0 une d\u00e9cision de r\u00e9gularisation, les autorit\u00e9s roumaines i<\/p>\n<\/div>\n<\/div>\n<\/div>\n<\/div>\n<\/div>\n<\/div>\n<\/div>\n<p><\/main> <\/div>\n<\/div>\n<div id=\"cookies-hidden\" class=\"pos-f bg-cream-light py-5 px-12 ovx-h cur-p bdrs-4 open-modal\" style=\"right: 3px; bottom:3px;border: 1px solid #bb7f72;\" data-toggle=\"modal\" data-modal=\"configCookies\"> <img decoding=\"async\" class=\"d-inline-block\" src=\"https:\/\/www.tribunal-nature.org\/blog\/wp-content\/uploads\/2024\/12\/La-Commission-envoie-une-communication-des-griefs-a-Apple-sur-2.png\" style=\"max-width: 16px;vertical-align: -3px;\"> <span class=\"text-primary fz-14 pl-5 c-brown\">Cookies<\/span> <\/div>\n<\/p>\n<\/div>\n<\/div>\n","protected":false},"excerpt":{"rendered":"<p>L&rsquo;article 114 du r\u00e8glement 952\/2013 autorise les pratiques administratives nationales qui imposent, par r\u00e9f\u00e9rence au droit national, une p\u00e9nalit\u00e9 de&#8230;<\/p>\n","protected":false},"author":3,"featured_media":1121,"comment_status":"closed","ping_status":"closed","sticky":false,"template":"","format":"standard","meta":{"footnotes":""},"categories":[2],"tags":[],"class_list":["post-1120","post","type-post","status-publish","format-standard","has-post-thumbnail","hentry","category-droit-de-lenvironnement","wpcat-2-id"],"yoast_head":"<!-- This site is optimized with the Yoast SEO plugin v27.5 - https:\/\/yoast.com\/product\/yoast-seo-wordpress\/ -->\n<title>L&#039;article 114 du r\u00e8glement 952\/2013 autorise les pratiques administratives nationales qui imposent, par r\u00e9f\u00e9rence au droit national, une p\u00e9nalit\u00e9 de retard en plus des int\u00e9r\u00eats de retard impos\u00e9s par le droit de l&#039;UE. - TRIBUNAL-NATURE<\/title>\n<meta name=\"description\" content=\"L&#039;article 114 du r\u00e8glement 952\/2013 autorise les pratiques administratives nationales qui imposent, par r\u00e9f\u00e9rence au droit national, une p\u00e9nalit\u00e9 de retard en plus des int\u00e9r\u00eats de retard impos\u00e9s par le droit de l&#039;UE. article de TRIBUNAL-NATURE\" \/>\n<meta name=\"robots\" content=\"index, follow, max-snippet:-1, max-image-preview:large, max-video-preview:-1\" \/>\n<link rel=\"canonical\" href=\"https:\/\/www.tribunal-nature.org\/blog\/larticle-114-du-reglement-952-2013-autorise-les-pratiques-administratives-nationales-qui-imposent-par-reference-au-droit-national-une-penalite-de-retard-en-plus-des-interets-de-retard-imposes-par-l\/\" \/>\n<meta property=\"og:locale\" content=\"fr_FR\" \/>\n<meta property=\"og:type\" content=\"article\" \/>\n<meta property=\"og:title\" content=\"L&#039;article 114 du r\u00e8glement 952\/2013 autorise les pratiques administratives nationales qui imposent, par r\u00e9f\u00e9rence au droit national, une p\u00e9nalit\u00e9 de retard en plus des int\u00e9r\u00eats de retard impos\u00e9s par le droit de l&#039;UE. - TRIBUNAL-NATURE\" \/>\n<meta property=\"og:description\" content=\"L&#039;article 114 du r\u00e8glement 952\/2013 autorise les pratiques administratives nationales qui imposent, par r\u00e9f\u00e9rence au droit national, une p\u00e9nalit\u00e9 de retard en plus des int\u00e9r\u00eats de retard impos\u00e9s par le droit de l&#039;UE. article de TRIBUNAL-NATURE\" \/>\n<meta property=\"og:url\" content=\"https:\/\/www.tribunal-nature.org\/blog\/larticle-114-du-reglement-952-2013-autorise-les-pratiques-administratives-nationales-qui-imposent-par-reference-au-droit-national-une-penalite-de-retard-en-plus-des-interets-de-retard-imposes-par-l\/\" \/>\n<meta property=\"og:site_name\" content=\"TRIBUNAL-NATURE\" \/>\n<meta property=\"article:published_time\" content=\"2024-12-05T18:09:55+00:00\" \/>\n<meta property=\"og:image\" content=\"https:\/\/www.tribunal-nature.org\/blog\/wp-content\/uploads\/2024\/12\/La-Commission-envoie-une-communication-des-griefs-a-Apple-sur-2.png\" \/>\n<meta name=\"author\" content=\"Isabelle LOUBEAU\" \/>\n<meta name=\"twitter:card\" content=\"summary_large_image\" \/>\n<meta name=\"twitter:label1\" content=\"\u00c9crit par\" \/>\n\t<meta name=\"twitter:data1\" content=\"Isabelle LOUBEAU\" \/>\n\t<meta name=\"twitter:label2\" content=\"Dur\u00e9e de lecture estim\u00e9e\" \/>\n\t<meta name=\"twitter:data2\" content=\"1 minute\" \/>\n<script type=\"application\/ld+json\" class=\"yoast-schema-graph\">{\"@context\":\"https:\\\/\\\/schema.org\",\"@graph\":[{\"@type\":\"Article\",\"@id\":\"https:\\\/\\\/www.tribunal-nature.org\\\/blog\\\/larticle-114-du-reglement-952-2013-autorise-les-pratiques-administratives-nationales-qui-imposent-par-reference-au-droit-national-une-penalite-de-retard-en-plus-des-interets-de-retard-imposes-par-l\\\/#article\",\"isPartOf\":{\"@id\":\"https:\\\/\\\/www.tribunal-nature.org\\\/blog\\\/larticle-114-du-reglement-952-2013-autorise-les-pratiques-administratives-nationales-qui-imposent-par-reference-au-droit-national-une-penalite-de-retard-en-plus-des-interets-de-retard-imposes-par-l\\\/\"},\"author\":{\"name\":\"Isabelle LOUBEAU\",\"@id\":\"https:\\\/\\\/www.tribunal-nature.org\\\/blog\\\/#\\\/schema\\\/person\\\/55761caf7544da6b05b60523f2a0855f\"},\"headline\":\"L&rsquo;article 114 du r\u00e8glement 952\\\/2013 autorise les pratiques administratives nationales qui imposent, par r\u00e9f\u00e9rence au droit national, une p\u00e9nalit\u00e9 de retard en plus des int\u00e9r\u00eats de retard impos\u00e9s par le droit de l&rsquo;UE.\",\"datePublished\":\"2024-12-05T18:09:55+00:00\",\"mainEntityOfPage\":{\"@id\":\"https:\\\/\\\/www.tribunal-nature.org\\\/blog\\\/larticle-114-du-reglement-952-2013-autorise-les-pratiques-administratives-nationales-qui-imposent-par-reference-au-droit-national-une-penalite-de-retard-en-plus-des-interets-de-retard-imposes-par-l\\\/\"},\"wordCount\":229,\"publisher\":{\"@id\":\"https:\\\/\\\/www.tribunal-nature.org\\\/blog\\\/#organization\"},\"image\":{\"@id\":\"https:\\\/\\\/www.tribunal-nature.org\\\/blog\\\/larticle-114-du-reglement-952-2013-autorise-les-pratiques-administratives-nationales-qui-imposent-par-reference-au-droit-national-une-penalite-de-retard-en-plus-des-interets-de-retard-imposes-par-l\\\/#primaryimage\"},\"thumbnailUrl\":\"https:\\\/\\\/www.tribunal-nature.org\\\/blog\\\/wp-content\\\/uploads\\\/2024\\\/12\\\/La-Commission-envoie-une-communication-des-griefs-a-Apple-sur-2.png\",\"articleSection\":[\"Droit De L'Environnement:\"],\"inLanguage\":\"fr-FR\"},{\"@type\":\"WebPage\",\"@id\":\"https:\\\/\\\/www.tribunal-nature.org\\\/blog\\\/larticle-114-du-reglement-952-2013-autorise-les-pratiques-administratives-nationales-qui-imposent-par-reference-au-droit-national-une-penalite-de-retard-en-plus-des-interets-de-retard-imposes-par-l\\\/\",\"url\":\"https:\\\/\\\/www.tribunal-nature.org\\\/blog\\\/larticle-114-du-reglement-952-2013-autorise-les-pratiques-administratives-nationales-qui-imposent-par-reference-au-droit-national-une-penalite-de-retard-en-plus-des-interets-de-retard-imposes-par-l\\\/\",\"name\":\"L'article 114 du r\u00e8glement 952\\\/2013 autorise les pratiques administratives nationales qui imposent, par r\u00e9f\u00e9rence au droit national, une p\u00e9nalit\u00e9 de retard en plus des int\u00e9r\u00eats de retard impos\u00e9s par le droit de l'UE. - TRIBUNAL-NATURE\",\"isPartOf\":{\"@id\":\"https:\\\/\\\/www.tribunal-nature.org\\\/blog\\\/#website\"},\"primaryImageOfPage\":{\"@id\":\"https:\\\/\\\/www.tribunal-nature.org\\\/blog\\\/larticle-114-du-reglement-952-2013-autorise-les-pratiques-administratives-nationales-qui-imposent-par-reference-au-droit-national-une-penalite-de-retard-en-plus-des-interets-de-retard-imposes-par-l\\\/#primaryimage\"},\"image\":{\"@id\":\"https:\\\/\\\/www.tribunal-nature.org\\\/blog\\\/larticle-114-du-reglement-952-2013-autorise-les-pratiques-administratives-nationales-qui-imposent-par-reference-au-droit-national-une-penalite-de-retard-en-plus-des-interets-de-retard-imposes-par-l\\\/#primaryimage\"},\"thumbnailUrl\":\"https:\\\/\\\/www.tribunal-nature.org\\\/blog\\\/wp-content\\\/uploads\\\/2024\\\/12\\\/La-Commission-envoie-une-communication-des-griefs-a-Apple-sur-2.png\",\"datePublished\":\"2024-12-05T18:09:55+00:00\",\"description\":\"L'article 114 du r\u00e8glement 952\\\/2013 autorise les pratiques administratives nationales qui imposent, par r\u00e9f\u00e9rence au droit national, une p\u00e9nalit\u00e9 de retard en plus des int\u00e9r\u00eats de retard impos\u00e9s par le droit de l'UE. article de TRIBUNAL-NATURE\",\"breadcrumb\":{\"@id\":\"https:\\\/\\\/www.tribunal-nature.org\\\/blog\\\/larticle-114-du-reglement-952-2013-autorise-les-pratiques-administratives-nationales-qui-imposent-par-reference-au-droit-national-une-penalite-de-retard-en-plus-des-interets-de-retard-imposes-par-l\\\/#breadcrumb\"},\"inLanguage\":\"fr-FR\",\"potentialAction\":[{\"@type\":\"ReadAction\",\"target\":[\"https:\\\/\\\/www.tribunal-nature.org\\\/blog\\\/larticle-114-du-reglement-952-2013-autorise-les-pratiques-administratives-nationales-qui-imposent-par-reference-au-droit-national-une-penalite-de-retard-en-plus-des-interets-de-retard-imposes-par-l\\\/\"]}]},{\"@type\":\"ImageObject\",\"inLanguage\":\"fr-FR\",\"@id\":\"https:\\\/\\\/www.tribunal-nature.org\\\/blog\\\/larticle-114-du-reglement-952-2013-autorise-les-pratiques-administratives-nationales-qui-imposent-par-reference-au-droit-national-une-penalite-de-retard-en-plus-des-interets-de-retard-imposes-par-l\\\/#primaryimage\",\"url\":\"https:\\\/\\\/www.tribunal-nature.org\\\/blog\\\/wp-content\\\/uploads\\\/2024\\\/12\\\/La-Commission-envoie-une-communication-des-griefs-a-Apple-sur-2.png\",\"contentUrl\":\"https:\\\/\\\/www.tribunal-nature.org\\\/blog\\\/wp-content\\\/uploads\\\/2024\\\/12\\\/La-Commission-envoie-une-communication-des-griefs-a-Apple-sur-2.png\",\"width\":32,\"height\":32,\"caption\":\"La Commission envoie une communication des griefs a Apple sur 2\"},{\"@type\":\"BreadcrumbList\",\"@id\":\"https:\\\/\\\/www.tribunal-nature.org\\\/blog\\\/larticle-114-du-reglement-952-2013-autorise-les-pratiques-administratives-nationales-qui-imposent-par-reference-au-droit-national-une-penalite-de-retard-en-plus-des-interets-de-retard-imposes-par-l\\\/#breadcrumb\",\"itemListElement\":[{\"@type\":\"ListItem\",\"position\":1,\"name\":\"Accueil\",\"item\":\"https:\\\/\\\/www.tribunal-nature.org\\\/blog\\\/\"},{\"@type\":\"ListItem\",\"position\":2,\"name\":\"L&rsquo;article 114 du r\u00e8glement 952\\\/2013 autorise les pratiques administratives nationales qui imposent, par r\u00e9f\u00e9rence au droit national, une p\u00e9nalit\u00e9 de retard en plus des int\u00e9r\u00eats de retard impos\u00e9s par le droit de l&rsquo;UE.\"}]},{\"@type\":\"WebSite\",\"@id\":\"https:\\\/\\\/www.tribunal-nature.org\\\/blog\\\/#website\",\"url\":\"https:\\\/\\\/www.tribunal-nature.org\\\/blog\\\/\",\"name\":\"TRIBUNAL-NATURE\",\"description\":\"Droit De L&#039;Environnement.\",\"publisher\":{\"@id\":\"https:\\\/\\\/www.tribunal-nature.org\\\/blog\\\/#organization\"},\"potentialAction\":[{\"@type\":\"SearchAction\",\"target\":{\"@type\":\"EntryPoint\",\"urlTemplate\":\"https:\\\/\\\/www.tribunal-nature.org\\\/blog\\\/?s={search_term_string}\"},\"query-input\":{\"@type\":\"PropertyValueSpecification\",\"valueRequired\":true,\"valueName\":\"search_term_string\"}}],\"inLanguage\":\"fr-FR\"},{\"@type\":\"Organization\",\"@id\":\"https:\\\/\\\/www.tribunal-nature.org\\\/blog\\\/#organization\",\"name\":\"tribunal-nature\",\"url\":\"https:\\\/\\\/www.tribunal-nature.org\\\/blog\\\/\",\"logo\":{\"@type\":\"ImageObject\",\"inLanguage\":\"fr-FR\",\"@id\":\"https:\\\/\\\/www.tribunal-nature.org\\\/blog\\\/#\\\/schema\\\/logo\\\/image\\\/\",\"url\":\"https:\\\/\\\/www.tribunal-nature.org\\\/blog\\\/wp-content\\\/uploads\\\/2022\\\/05\\\/logo-2.png\",\"contentUrl\":\"https:\\\/\\\/www.tribunal-nature.org\\\/blog\\\/wp-content\\\/uploads\\\/2022\\\/05\\\/logo-2.png\",\"width\":180,\"height\":180,\"caption\":\"tribunal-nature\"},\"image\":{\"@id\":\"https:\\\/\\\/www.tribunal-nature.org\\\/blog\\\/#\\\/schema\\\/logo\\\/image\\\/\"}},{\"@type\":\"Person\",\"@id\":\"https:\\\/\\\/www.tribunal-nature.org\\\/blog\\\/#\\\/schema\\\/person\\\/55761caf7544da6b05b60523f2a0855f\",\"name\":\"Isabelle LOUBEAU\",\"image\":{\"@type\":\"ImageObject\",\"inLanguage\":\"fr-FR\",\"@id\":\"https:\\\/\\\/secure.gravatar.com\\\/avatar\\\/b6912620aca78633bf5d50400888815d3b38a1118e82b94050843f411f3f5972?s=96&d=mm&r=g\",\"url\":\"https:\\\/\\\/secure.gravatar.com\\\/avatar\\\/b6912620aca78633bf5d50400888815d3b38a1118e82b94050843f411f3f5972?s=96&d=mm&r=g\",\"contentUrl\":\"https:\\\/\\\/secure.gravatar.com\\\/avatar\\\/b6912620aca78633bf5d50400888815d3b38a1118e82b94050843f411f3f5972?s=96&d=mm&r=g\",\"caption\":\"Isabelle LOUBEAU\"},\"url\":\"https:\\\/\\\/www.tribunal-nature.org\\\/blog\\\/author\\\/ureisabelle\\\/\"}]}<\/script>\n<!-- \/ Yoast SEO plugin. -->","yoast_head_json":{"title":"L'article 114 du r\u00e8glement 952\/2013 autorise les pratiques administratives nationales qui imposent, par r\u00e9f\u00e9rence au droit national, une p\u00e9nalit\u00e9 de retard en plus des int\u00e9r\u00eats de retard impos\u00e9s par le droit de l'UE. - TRIBUNAL-NATURE","description":"L'article 114 du r\u00e8glement 952\/2013 autorise les pratiques administratives nationales qui imposent, par r\u00e9f\u00e9rence au droit national, une p\u00e9nalit\u00e9 de retard en plus des int\u00e9r\u00eats de retard impos\u00e9s par le droit de l'UE. article de TRIBUNAL-NATURE","robots":{"index":"index","follow":"follow","max-snippet":"max-snippet:-1","max-image-preview":"max-image-preview:large","max-video-preview":"max-video-preview:-1"},"canonical":"https:\/\/www.tribunal-nature.org\/blog\/larticle-114-du-reglement-952-2013-autorise-les-pratiques-administratives-nationales-qui-imposent-par-reference-au-droit-national-une-penalite-de-retard-en-plus-des-interets-de-retard-imposes-par-l\/","og_locale":"fr_FR","og_type":"article","og_title":"L'article 114 du r\u00e8glement 952\/2013 autorise les pratiques administratives nationales qui imposent, par r\u00e9f\u00e9rence au droit national, une p\u00e9nalit\u00e9 de retard en plus des int\u00e9r\u00eats de retard impos\u00e9s par le droit de l'UE. - TRIBUNAL-NATURE","og_description":"L'article 114 du r\u00e8glement 952\/2013 autorise les pratiques administratives nationales qui imposent, par r\u00e9f\u00e9rence au droit national, une p\u00e9nalit\u00e9 de retard en plus des int\u00e9r\u00eats de retard impos\u00e9s par le droit de l'UE. article de TRIBUNAL-NATURE","og_url":"https:\/\/www.tribunal-nature.org\/blog\/larticle-114-du-reglement-952-2013-autorise-les-pratiques-administratives-nationales-qui-imposent-par-reference-au-droit-national-une-penalite-de-retard-en-plus-des-interets-de-retard-imposes-par-l\/","og_site_name":"TRIBUNAL-NATURE","article_published_time":"2024-12-05T18:09:55+00:00","og_image":[{"url":"https:\/\/www.tribunal-nature.org\/blog\/wp-content\/uploads\/2024\/12\/La-Commission-envoie-une-communication-des-griefs-a-Apple-sur-2.png","type":"","width":"","height":""}],"author":"Isabelle LOUBEAU","twitter_card":"summary_large_image","twitter_misc":{"\u00c9crit par":"Isabelle LOUBEAU","Dur\u00e9e de lecture estim\u00e9e":"1 minute"},"schema":{"@context":"https:\/\/schema.org","@graph":[{"@type":"Article","@id":"https:\/\/www.tribunal-nature.org\/blog\/larticle-114-du-reglement-952-2013-autorise-les-pratiques-administratives-nationales-qui-imposent-par-reference-au-droit-national-une-penalite-de-retard-en-plus-des-interets-de-retard-imposes-par-l\/#article","isPartOf":{"@id":"https:\/\/www.tribunal-nature.org\/blog\/larticle-114-du-reglement-952-2013-autorise-les-pratiques-administratives-nationales-qui-imposent-par-reference-au-droit-national-une-penalite-de-retard-en-plus-des-interets-de-retard-imposes-par-l\/"},"author":{"name":"Isabelle LOUBEAU","@id":"https:\/\/www.tribunal-nature.org\/blog\/#\/schema\/person\/55761caf7544da6b05b60523f2a0855f"},"headline":"L&rsquo;article 114 du r\u00e8glement 952\/2013 autorise les pratiques administratives nationales qui imposent, par r\u00e9f\u00e9rence au droit national, une p\u00e9nalit\u00e9 de retard en plus des int\u00e9r\u00eats de retard impos\u00e9s par le droit de l&rsquo;UE.","datePublished":"2024-12-05T18:09:55+00:00","mainEntityOfPage":{"@id":"https:\/\/www.tribunal-nature.org\/blog\/larticle-114-du-reglement-952-2013-autorise-les-pratiques-administratives-nationales-qui-imposent-par-reference-au-droit-national-une-penalite-de-retard-en-plus-des-interets-de-retard-imposes-par-l\/"},"wordCount":229,"publisher":{"@id":"https:\/\/www.tribunal-nature.org\/blog\/#organization"},"image":{"@id":"https:\/\/www.tribunal-nature.org\/blog\/larticle-114-du-reglement-952-2013-autorise-les-pratiques-administratives-nationales-qui-imposent-par-reference-au-droit-national-une-penalite-de-retard-en-plus-des-interets-de-retard-imposes-par-l\/#primaryimage"},"thumbnailUrl":"https:\/\/www.tribunal-nature.org\/blog\/wp-content\/uploads\/2024\/12\/La-Commission-envoie-une-communication-des-griefs-a-Apple-sur-2.png","articleSection":["Droit De L'Environnement:"],"inLanguage":"fr-FR"},{"@type":"WebPage","@id":"https:\/\/www.tribunal-nature.org\/blog\/larticle-114-du-reglement-952-2013-autorise-les-pratiques-administratives-nationales-qui-imposent-par-reference-au-droit-national-une-penalite-de-retard-en-plus-des-interets-de-retard-imposes-par-l\/","url":"https:\/\/www.tribunal-nature.org\/blog\/larticle-114-du-reglement-952-2013-autorise-les-pratiques-administratives-nationales-qui-imposent-par-reference-au-droit-national-une-penalite-de-retard-en-plus-des-interets-de-retard-imposes-par-l\/","name":"L'article 114 du r\u00e8glement 952\/2013 autorise les pratiques administratives nationales qui imposent, par r\u00e9f\u00e9rence au droit national, une p\u00e9nalit\u00e9 de retard en plus des int\u00e9r\u00eats de retard impos\u00e9s par le droit de l'UE. - TRIBUNAL-NATURE","isPartOf":{"@id":"https:\/\/www.tribunal-nature.org\/blog\/#website"},"primaryImageOfPage":{"@id":"https:\/\/www.tribunal-nature.org\/blog\/larticle-114-du-reglement-952-2013-autorise-les-pratiques-administratives-nationales-qui-imposent-par-reference-au-droit-national-une-penalite-de-retard-en-plus-des-interets-de-retard-imposes-par-l\/#primaryimage"},"image":{"@id":"https:\/\/www.tribunal-nature.org\/blog\/larticle-114-du-reglement-952-2013-autorise-les-pratiques-administratives-nationales-qui-imposent-par-reference-au-droit-national-une-penalite-de-retard-en-plus-des-interets-de-retard-imposes-par-l\/#primaryimage"},"thumbnailUrl":"https:\/\/www.tribunal-nature.org\/blog\/wp-content\/uploads\/2024\/12\/La-Commission-envoie-une-communication-des-griefs-a-Apple-sur-2.png","datePublished":"2024-12-05T18:09:55+00:00","description":"L'article 114 du r\u00e8glement 952\/2013 autorise les pratiques administratives nationales qui imposent, par r\u00e9f\u00e9rence au droit national, une p\u00e9nalit\u00e9 de retard en plus des int\u00e9r\u00eats de retard impos\u00e9s par le droit de l'UE. article de TRIBUNAL-NATURE","breadcrumb":{"@id":"https:\/\/www.tribunal-nature.org\/blog\/larticle-114-du-reglement-952-2013-autorise-les-pratiques-administratives-nationales-qui-imposent-par-reference-au-droit-national-une-penalite-de-retard-en-plus-des-interets-de-retard-imposes-par-l\/#breadcrumb"},"inLanguage":"fr-FR","potentialAction":[{"@type":"ReadAction","target":["https:\/\/www.tribunal-nature.org\/blog\/larticle-114-du-reglement-952-2013-autorise-les-pratiques-administratives-nationales-qui-imposent-par-reference-au-droit-national-une-penalite-de-retard-en-plus-des-interets-de-retard-imposes-par-l\/"]}]},{"@type":"ImageObject","inLanguage":"fr-FR","@id":"https:\/\/www.tribunal-nature.org\/blog\/larticle-114-du-reglement-952-2013-autorise-les-pratiques-administratives-nationales-qui-imposent-par-reference-au-droit-national-une-penalite-de-retard-en-plus-des-interets-de-retard-imposes-par-l\/#primaryimage","url":"https:\/\/www.tribunal-nature.org\/blog\/wp-content\/uploads\/2024\/12\/La-Commission-envoie-une-communication-des-griefs-a-Apple-sur-2.png","contentUrl":"https:\/\/www.tribunal-nature.org\/blog\/wp-content\/uploads\/2024\/12\/La-Commission-envoie-une-communication-des-griefs-a-Apple-sur-2.png","width":32,"height":32,"caption":"La Commission envoie une communication des griefs a Apple sur 2"},{"@type":"BreadcrumbList","@id":"https:\/\/www.tribunal-nature.org\/blog\/larticle-114-du-reglement-952-2013-autorise-les-pratiques-administratives-nationales-qui-imposent-par-reference-au-droit-national-une-penalite-de-retard-en-plus-des-interets-de-retard-imposes-par-l\/#breadcrumb","itemListElement":[{"@type":"ListItem","position":1,"name":"Accueil","item":"https:\/\/www.tribunal-nature.org\/blog\/"},{"@type":"ListItem","position":2,"name":"L&rsquo;article 114 du r\u00e8glement 952\/2013 autorise les pratiques administratives nationales qui imposent, par r\u00e9f\u00e9rence au droit national, une p\u00e9nalit\u00e9 de retard en plus des int\u00e9r\u00eats de retard impos\u00e9s par le droit de l&rsquo;UE."}]},{"@type":"WebSite","@id":"https:\/\/www.tribunal-nature.org\/blog\/#website","url":"https:\/\/www.tribunal-nature.org\/blog\/","name":"TRIBUNAL-NATURE","description":"Droit De L&#039;Environnement.","publisher":{"@id":"https:\/\/www.tribunal-nature.org\/blog\/#organization"},"potentialAction":[{"@type":"SearchAction","target":{"@type":"EntryPoint","urlTemplate":"https:\/\/www.tribunal-nature.org\/blog\/?s={search_term_string}"},"query-input":{"@type":"PropertyValueSpecification","valueRequired":true,"valueName":"search_term_string"}}],"inLanguage":"fr-FR"},{"@type":"Organization","@id":"https:\/\/www.tribunal-nature.org\/blog\/#organization","name":"tribunal-nature","url":"https:\/\/www.tribunal-nature.org\/blog\/","logo":{"@type":"ImageObject","inLanguage":"fr-FR","@id":"https:\/\/www.tribunal-nature.org\/blog\/#\/schema\/logo\/image\/","url":"https:\/\/www.tribunal-nature.org\/blog\/wp-content\/uploads\/2022\/05\/logo-2.png","contentUrl":"https:\/\/www.tribunal-nature.org\/blog\/wp-content\/uploads\/2022\/05\/logo-2.png","width":180,"height":180,"caption":"tribunal-nature"},"image":{"@id":"https:\/\/www.tribunal-nature.org\/blog\/#\/schema\/logo\/image\/"}},{"@type":"Person","@id":"https:\/\/www.tribunal-nature.org\/blog\/#\/schema\/person\/55761caf7544da6b05b60523f2a0855f","name":"Isabelle LOUBEAU","image":{"@type":"ImageObject","inLanguage":"fr-FR","@id":"https:\/\/secure.gravatar.com\/avatar\/b6912620aca78633bf5d50400888815d3b38a1118e82b94050843f411f3f5972?s=96&d=mm&r=g","url":"https:\/\/secure.gravatar.com\/avatar\/b6912620aca78633bf5d50400888815d3b38a1118e82b94050843f411f3f5972?s=96&d=mm&r=g","contentUrl":"https:\/\/secure.gravatar.com\/avatar\/b6912620aca78633bf5d50400888815d3b38a1118e82b94050843f411f3f5972?s=96&d=mm&r=g","caption":"Isabelle LOUBEAU"},"url":"https:\/\/www.tribunal-nature.org\/blog\/author\/ureisabelle\/"}]}},"_links":{"self":[{"href":"https:\/\/www.tribunal-nature.org\/blog\/wp-json\/wp\/v2\/posts\/1120","targetHints":{"allow":["GET"]}}],"collection":[{"href":"https:\/\/www.tribunal-nature.org\/blog\/wp-json\/wp\/v2\/posts"}],"about":[{"href":"https:\/\/www.tribunal-nature.org\/blog\/wp-json\/wp\/v2\/types\/post"}],"author":[{"embeddable":true,"href":"https:\/\/www.tribunal-nature.org\/blog\/wp-json\/wp\/v2\/users\/3"}],"replies":[{"embeddable":true,"href":"https:\/\/www.tribunal-nature.org\/blog\/wp-json\/wp\/v2\/comments?post=1120"}],"version-history":[{"count":0,"href":"https:\/\/www.tribunal-nature.org\/blog\/wp-json\/wp\/v2\/posts\/1120\/revisions"}],"wp:featuredmedia":[{"embeddable":true,"href":"https:\/\/www.tribunal-nature.org\/blog\/wp-json\/wp\/v2\/media\/1121"}],"wp:attachment":[{"href":"https:\/\/www.tribunal-nature.org\/blog\/wp-json\/wp\/v2\/media?parent=1120"}],"wp:term":[{"taxonomy":"category","embeddable":true,"href":"https:\/\/www.tribunal-nature.org\/blog\/wp-json\/wp\/v2\/categories?post=1120"},{"taxonomy":"post_tag","embeddable":true,"href":"https:\/\/www.tribunal-nature.org\/blog\/wp-json\/wp\/v2\/tags?post=1120"}],"curies":[{"name":"wp","href":"https:\/\/api.w.org\/{rel}","templated":true}]}}