{"id":1052,"date":"2024-10-01T10:43:17","date_gmt":"2024-10-01T08:43:17","guid":{"rendered":"https:\/\/www.tribunal-nature.org\/blog\/derniere-actu-toute-fraiche-rym-renom-remontee-contre-marwa-et-son-attitude-lors-de-lanniversaire-de-sa-fille-mon-avocat-prendra\/"},"modified":"2024-10-01T10:43:17","modified_gmt":"2024-10-01T08:43:17","slug":"derniere-actu-toute-fraiche-rym-renom-remontee-contre-marwa-et-son-attitude-lors-de-lanniversaire-de-sa-fille-mon-avocat-prendra","status":"publish","type":"post","link":"https:\/\/www.tribunal-nature.org\/blog\/derniere-actu-toute-fraiche-rym-renom-remontee-contre-marwa-et-son-attitude-lors-de-lanniversaire-de-sa-fille-mon-avocat-prendra\/","title":{"rendered":"Derni\u00e8re actu toute fraiche : Rym Renom remont\u00e9e contre Marwa et son attitude lors de l\u2019anniversaire de sa fille : \u00ab\u00a0Mon avocat prendra\u2026"},"content":{"rendered":"<div>\n<p>Sur cette publication, un nouvel article qui va s\u2019additionner \u00e0 notre revue de presse sur \u00ab\u00a0la justice\u00a0\u00bb.<\/p>\n<p>Le titre  (Rym Renom remont\u00e9e contre Marwa et son attitude lors de l\u2019anniversaire de sa fille : \u00ab\u00a0Mon avocat prendra\u2026) est sans ambigu\u00eft\u00e9.<\/p>\n<p> Annonc\u00e9 sous la signature \u00abd\u2019anonymat<br \/>\n\u00bb, l\u2019\u00e9ditorialiste est connu et fiable.<\/p>\n<p>La confiance est de ce fait forte concernant ce papier.<\/p>\n<div id=\"top_intro_article\">\n<p><span class=\"author_recette edisound-exclude\"><br \/>\nPar Aur\u00e9lie H <\/span><br \/>\n<span class=\"date_recette edisound-exclude\"><br \/>\n<time datetime=\"2024-09-30 21:30:06.854+0200\">\u2013 Publi\u00e9 le 30 Sep 2024 \u00e0 21:30<\/time><time datetime=\"2024-10-01 00:01:38.959+0200\">, modifi\u00e9 le 01 Oct 2024 \u00e0 00:01<\/time> <\/span><\/p>\n<p>Rien ne va plus entre Rym Renom et Marwa ! Les deux jeunes femmes se sont lanc\u00e9es des piques sur les r\u00e9seaux sociaux.<\/p>\n<\/div>\n<div>\n<p>Entre Vincent Queijo et Rym Renom, \u00e7a a \u00e9t\u00e9 un coup de foudre lors de la cinqui\u00e8me saison de<em> La Villa des coeurs bris\u00e9s.<\/em> De cette relation est n\u00e9e deux petites filles et un mariage. Quelque temps apr\u00e8s s\u2019\u00eatre mari\u00e9s, Vincent Queijo et Rym Renom se sont install\u00e9s \u00e0 Bali. Une nouvelle vie \u00e0 quatre qui n\u2019aura dur\u00e9 qu\u2019un temps\u2026 Les deux jeunes parents ont d\u00e9cid\u00e9 de se s\u00e9parer apr\u00e8s plusieurs ann\u00e9es de relation et quelques mois de mariage.<\/p>\n<h2>Vincent Queijo au plus mal apr\u00e8s son divorce avec Rym Renom<\/h2>\n<p>Suite \u00e0 ce divorce douloureux, Vincent Queijo a avou\u00e9 \u00eatre tomb\u00e9 en d\u00e9pression. <em>\u00ab\u00a0C\u2019est important d\u2019en parler, je pense qu\u2019il y a beaucoup d\u2019hommes qui sont dans ma situation, qui ont \u00e9t\u00e9 dans ma situation tout simplement \u2013 ou des femmes \u2013 et qui ont du mal \u00e0 se reconstruire. Qui ont du mal \u00e0 relever la t\u00eate. Chose qui est possible. <strong>On a d\u00e9cid\u00e9 en \u00e9tant heureux chacun de notre c\u00f4t\u00e9 plut\u00f4t que d\u2019\u00eatre malheureux ensemble.<\/strong>\u00ab\u00a0<\/em><\/p>\n<p>Dans la foul\u00e9e, il a r\u00e9v\u00e9l\u00e9 : <em>\u00ab\u00a0<strong>Je n\u2019avais plus confiance en moi, je ne me plaisais plus, je n\u2019avais plus l\u2019impression de plaire.<\/strong> M\u00eame si je viens de la t\u00e9l\u00e9-r\u00e9alit\u00e9, m\u00eame si je suis sur les r\u00e9seaux sociaux, que j\u2019ai une vie relativement cool, \u00e7a ne pas dire qu\u2019on ne peut pas vivre des moments o\u00f9 <strong>on est juste en d\u00e9pression<\/strong>. Moi, personne ne savait. Si tu ne vivais pas avec moi, tu ne pouvais pas savoir que j\u2019\u00e9tais en d\u00e9pression.\u00a0\u00bb<\/em><\/p>\n<h2>Vincent Queijo amoureux de Marwa<\/h2>\n<p>Une fois remis sur pieds, Vincent Queijo a d\u00e9cid\u00e9 de participer \u00e0\u00a0 la nouvelle saison de<em> La Villa des coeurs bris\u00e9s<\/em>. D\u00e8s le premier \u00e9pisode, il a retrouv\u00e9 Rym Renom pour une ultime confrontation. Cette derni\u00e8re a tenu \u00e0 lui pr\u00e9senter ses excuses si jamais il \u00e9tait l\u00e0 par sa faute. Mais elle a tenu \u00e0 lui pr\u00e9ciser que c\u2019\u00e9tait son choix de participer \u00e0 l\u2019\u00e9mission et qu\u2019elle ne l\u2019a pas pouss\u00e9 \u00e0 le faire.<\/p>\n<p><strong>En participant \u00e0 <em>La Villa 9<\/em>, Vincent Queijo ne s\u2019attendait pas \u00e0 retrouver l\u2019amour.<\/strong> Tr\u00e8s vite entre lui et Marwa, un jeu de s\u00e9duction s\u2019est install\u00e9. Tr\u00e8s proches et ultra fusionnels, ils ont voulu prendre leur temps et ne pas se pr\u00e9cipiter. Ils sont donc mis quelques jours avant d\u2019\u00e9changer leur premier bisou. Depuis, c\u2019est l\u2019amour fou, malgr\u00e9 le fait qu\u2019ils habitent \u00e0 des milliers de kilom\u00e8tres l\u2019un de l\u2019autre.<\/p>\n<h2 class=\"marfeel_last_h2\">Clash entre Marwa et Rym Renom<\/h2>\n<p>Si Rym Renom veut le bonheur de Vincent Queijo, ce n\u2019est pas les grands amours avec Marwa. Ce week-end, cette derni\u00e8re a fait de la publicit\u00e9 pour les prestataires pr\u00e9sents \u00e0 l\u2019anniversaire de la fille de Vincent et Rym. Ce que la jeune maman n\u2019a pas du tout aim\u00e9. <strong><em>\u00ab\u00a0Je trouve inappropri\u00e9 de faire de la publicit\u00e9 pour l\u2019anniversaire de ma fille dans le but d\u2019obtenir des prestations gratuites, car cela rel\u00e8ve de notre r\u00f4le \u00e0 nous, les parents. Je vais rester calme et faire les choses correctement car mon avocat prendra le relais.\u00a0\u00bb<\/em><\/strong><\/p>\n<p>De son c\u00f4t\u00e9, Marwa a d\u00e9clar\u00e9 :<em> \u00ab\u00a0<strong>Aujourd\u2019hui, j\u2019ai eu le mauvais r\u00f4le simplement parce que j\u2019ai partag\u00e9 des prestataires pour l\u2019anniversaire de la fille de Vincent.<\/strong> Les vid\u00e9os qui ont \u00e9t\u00e9 partag\u00e9es ne montrent personne : ni enfants, ni parents, ni famille, etc. C\u2019\u00e9tait uniquement des prestataires pour la d\u00e9coration. En aucun cas, je ne me serais permise de mettre des gens dans les vid\u00e9os et de les poster. Les messages de remerciement \u00e0 sa propre communaut\u00e9 qui pousse aux harc\u00e8lements, c\u2019est tr\u00e8s grave (\u2026) N\u2019oubliez pas que je ne suis qu\u2019un dommage collat\u00e9ral (\u2026)<strong> Je refuse qu\u2019on continue de me faire passer pour celle que je ne suis pas.<\/strong>\u00ab\u00a0<\/em><\/p>\n<\/div>\n<p>Ouvrages sur un propos comparable:<\/p>\n<p>{{\u00a0\u00bb Je ne parlerai qu\u2019\u00e0 ma juge \u00ab\u00a0. Voyage au coeur de la justice des enfants,<a target=\"_blank\" rel=\"nofollow\" href=\"https:\/\/www.tribunal-nature.org\/blog\/goto\/https:\/\/www.kobo.com\/fr\/fr\/ebook\/je-ne-parlerai-qu-a-ma-juge-voyage-au-coeur-de-la-justice-des-enfants-2\"  target=\"_blank\" rel=\"noopener noreferrer nofollow\">Le livre <\/a><span><\/span>.}<br \/>\n|{(In) justice,<a target=\"_blank\" rel=\"nofollow\" href=\"https:\/\/www.tribunal-nature.org\/blog\/goto\/https:\/\/www.kobo.com\/fr\/fr\/ebook\/in-justice-4\"  target=\"_blank\" rel=\"noopener noreferrer nofollow\">Clicker Ici <\/a><span><\/span>.}<br \/>\n|{3 minutes pour comprendre l\u2019organisation et les codes de la justice fran\u00e7aise,<a target=\"_blank\" rel=\"nofollow\" href=\"https:\/\/www.tribunal-nature.org\/blog\/goto\/https:\/\/booknode.com\/3_minutes_pour_comprendre_lorganisation_et_les_codes_de_la_justice_francaise_02832074\"  target=\"_blank\" rel=\"noopener noreferrer nofollow\">A voir et \u00e0 lire. <\/a><span><\/span>.}<br \/>\n|{3 minutes pour comprendre l\u2019organisation et les r\u00e8gles de la justice fran\u00e7aise,<a target=\"_blank\" rel=\"nofollow\" href=\"https:\/\/www.tribunal-nature.org\/blog\/goto\/https:\/\/www.kobo.com\/fr\/fr\/ebook\/3-minutes-pour-comprendre-l-organisation-et-les-regles-de-la-justice-francaise\"  target=\"_blank\" rel=\"noopener noreferrer nofollow\">Ouvrage <\/a><span><\/span>. A emprunter en biblioth\u00e8que.}<br \/>\n|{\u00c0 la d\u00e9couverte de la justice p\u00e9nale,<a target=\"_blank\" rel=\"nofollow\" href=\"https:\/\/www.tribunal-nature.org\/blog\/goto\/https:\/\/www.kobo.com\/fr\/fr\/ebook\/a-la-decouverte-de-la-justice-penale\"  target=\"_blank\" rel=\"noopener noreferrer nofollow\">Le livre <\/a><span><\/span>.}<br \/>\n|{Action socialiste\/L\u2019Id\u00e9al de Justice,<a target=\"_blank\" rel=\"nofollow\" href=\"https:\/\/www.tribunal-nature.org\/blog\/goto\/https:\/\/fr.wikisource.org\/wiki\/Action_socialiste\/L%E2%80%99Id%C3%A9al_de_Justice\"  target=\"_blank\" rel=\"noopener noreferrer nofollow\">(la couverture) <\/a><span><\/span>. Disponible \u00e0 l\u2019achat sur les plateformes Amazon, Fnac, Cultura \u2026.}<br \/>\n|{Affaire Priore\/La commission de 1969,<a target=\"_blank\" rel=\"nofollow\" href=\"https:\/\/www.tribunal-nature.org\/blog\/goto\/https:\/\/fr.wikibooks.org\/wiki\/Affaire_Priore\/La_commission_de_1969\"  target=\"_blank\" rel=\"noopener noreferrer nofollow\">Le livre <\/a><span><\/span>. Disponible dans toutes les bonnes librairies.}<br \/>\n|{Amour et justice,<a target=\"_blank\" rel=\"nofollow\" href=\"https:\/\/www.tribunal-nature.org\/blog\/goto\/https:\/\/www.kobo.com\/fr\/fr\/ebook\/amour-et-justice-2\"  target=\"_blank\" rel=\"noopener noreferrer nofollow\">Clicker Ici <\/a><span><\/span>.}<br \/>\n|{Angel est innocente,<a target=\"_blank\" rel=\"nofollow\" href=\"https:\/\/www.tribunal-nature.org\/blog\/goto\/https:\/\/booknode.com\/angel_est_innocente_015633\"  target=\"_blank\" rel=\"noopener noreferrer nofollow\">A voir et \u00e0 lire. <\/a><span><\/span>.}<br \/>\n|{Appel \u00e0 la justice de l\u2019\u00c9tat,<a target=\"_blank\" rel=\"nofollow\" href=\"https:\/\/www.tribunal-nature.org\/blog\/goto\/https:\/\/fr.wikisource.org\/wiki\/Appel_%C3%A0_la_justice_de_l%E2%80%99%C3%89tat\"  target=\"_blank\" rel=\"noopener noreferrer nofollow\">Ouvrage <\/a><span><\/span>.}<br \/>\n|{Appel \u00e0 la justice de l\u2019\u00c9tat\/Avertissement,<a target=\"_blank\" rel=\"nofollow\" href=\"https:\/\/www.tribunal-nature.org\/blog\/goto\/https:\/\/fr.wikisource.org\/wiki\/Appel_%C3%A0_la_justice_de_l%E2%80%99%C3%89tat\/Avertissement\"  target=\"_blank\" rel=\"noopener noreferrer nofollow\">Le livre <\/a><span><\/span>.}<br \/>\n|{Appel \u00e0 la justice de l\u2019\u00c9tat\/\u00c9pitre au g\u00e9n\u00e9ral Haldimand,<a target=\"_blank\" rel=\"nofollow\" href=\"https:\/\/www.tribunal-nature.org\/blog\/goto\/https:\/\/fr.wikisource.org\/wiki\/Appel_%C3%A0_la_justice_de_l%E2%80%99%C3%89tat\/%C3%89pitre_au_g%C3%A9n%C3%A9ral_Haldimand\"  target=\"_blank\" rel=\"noopener noreferrer nofollow\">(la couverture) <\/a><span><\/span>.}<br \/>\n|{Appel \u00e0 la justice de l\u2019\u00c9tat\/Introduction,<a target=\"_blank\" rel=\"nofollow\" href=\"https:\/\/www.tribunal-nature.org\/blog\/goto\/https:\/\/fr.wikisource.org\/wiki\/Appel_%C3%A0_la_justice_de_l%E2%80%99%C3%89tat\/Introduction\"  target=\"_blank\" rel=\"noopener noreferrer nofollow\">Le livre <\/a><span><\/span>.}<br \/>\n|{Appel \u00e0 la justice de l\u2019\u00c9tat\/Lettre au prince de Galles,<a target=\"_blank\" rel=\"nofollow\" href=\"https:\/\/www.tribunal-nature.org\/blog\/goto\/https:\/\/fr.wikisource.org\/wiki\/Appel_%C3%A0_la_justice_de_l%E2%80%99%C3%89tat\/Lettre_au_prince_de_Galles\"  target=\"_blank\" rel=\"noopener noreferrer nofollow\">Clicker Ici <\/a><span><\/span>.}<br \/>\n|{Appel \u00e0 la justice de l\u2019\u00c9tat\/Lettre au roi,<a target=\"_blank\" rel=\"nofollow\" href=\"https:\/\/www.tribunal-nature.org\/blog\/goto\/https:\/\/fr.wikisource.org\/wiki\/Appel_%C3%A0_la_justice_de_l%E2%80%99%C3%89tat\/Lettre_au_roi\"  target=\"_blank\" rel=\"noopener noreferrer nofollow\">A voir et \u00e0 lire. <\/a><span><\/span>. Disponible sur internet.}<br \/>\n|{Appel \u00e0 la justice de l\u2019\u00c9tat\/Lettre aux Canadiens,<a target=\"_blank\" rel=\"nofollow\" href=\"https:\/\/www.tribunal-nature.org\/blog\/goto\/https:\/\/fr.wikisource.org\/wiki\/Appel_%C3%A0_la_justice_de_l%E2%80%99%C3%89tat\/Lettre_aux_Canadiens\"  target=\"_blank\" rel=\"noopener noreferrer nofollow\">Ouvrage <\/a><span><\/span>.}<br \/>\n|{Appel \u00e0 la justice de l\u2019\u00c9tat\/Lettre circulaire,<a target=\"_blank\" rel=\"nofollow\" href=\"https:\/\/www.tribunal-nature.org\/blog\/goto\/https:\/\/fr.wikisource.org\/wiki\/Appel_%C3%A0_la_justice_de_l%E2%80%99%C3%89tat\/Lettre_circulaire\"  target=\"_blank\" rel=\"noopener noreferrer nofollow\">Le livre <\/a><span><\/span>.}<br \/>\n|{Appel \u00e0 la justice de l\u2019\u00c9tat\/Pr\u00e9face,<a target=\"_blank\" rel=\"nofollow\" href=\"https:\/\/www.tribunal-nature.org\/blog\/goto\/https:\/\/fr.wikisource.org\/wiki\/Appel_%C3%A0_la_justice_de_l%E2%80%99%C3%89tat\/Pr%C3%A9face\"  target=\"_blank\" rel=\"noopener noreferrer nofollow\">(la couverture) <\/a><span><\/span>.}<br \/>\n|{Appel \u00e0 la justice de l\u2019\u00c9tat\/Premi\u00e8re lettre \u00e0 milord Sidney,<a target=\"_blank\" rel=\"nofollow\" href=\"https:\/\/www.tribunal-nature.org\/blog\/goto\/https:\/\/fr.wikisource.org\/wiki\/Appel_%C3%A0_la_justice_de_l%E2%80%99%C3%89tat\/Premi%C3%A8re_lettre_%C3%A0_milord_Sidney\"  target=\"_blank\" rel=\"noopener noreferrer nofollow\">Le livre <\/a><span><\/span>.}<br \/>\n|{Appel \u00e0 la justice de l\u2019\u00c9tat\/Quatri\u00e8me lettre \u00e0 milord Sidney,<a target=\"_blank\" rel=\"nofollow\" href=\"https:\/\/www.tribunal-nature.org\/blog\/goto\/https:\/\/fr.wikisource.org\/wiki\/Appel_%C3%A0_la_justice_de_l%E2%80%99%C3%89tat\/Quatri%C3%A8me_lettre_%C3%A0_milord_Sidney\"  target=\"_blank\" rel=\"noopener noreferrer nofollow\">Clicker Ici <\/a><span><\/span>.}<br \/>\n|{Appel \u00e0 la justice de l\u2019\u00c9tat\/Questions du baron Mas\u00e8res,<a target=\"_blank\" rel=\"nofollow\" href=\"https:\/\/www.tribunal-nature.org\/blog\/goto\/https:\/\/fr.wikisource.org\/wiki\/Appel_%C3%A0_la_justice_de_l%E2%80%99%C3%89tat\/Questions_du_baron_Mas%C3%A8res\"  target=\"_blank\" rel=\"noopener noreferrer nofollow\">A voir et \u00e0 lire. <\/a><span><\/span>. Disponible sur internet.}<br \/>\n|{Appel \u00e0 la justice de l\u2019\u00c9tat\/Seconde lettre \u00e0 milord Sidney,<a target=\"_blank\" rel=\"nofollow\" href=\"https:\/\/www.tribunal-nature.org\/blog\/goto\/https:\/\/fr.wikisource.org\/wiki\/Appel_%C3%A0_la_justice_de_l%E2%80%99%C3%89tat\/Seconde_lettre_%C3%A0_milord_Sidney\"  target=\"_blank\" rel=\"noopener noreferrer nofollow\">Ouvrage <\/a><span><\/span>.}<br \/>\n|{Appel \u00e0 la justice de l\u2019\u00c9tat\/Sixi\u00e8me lettre \u00e0 milord Sidney,<a target=\"_blank\" rel=\"nofollow\" href=\"https:\/\/www.tribunal-nature.org\/blog\/goto\/https:\/\/fr.wikisource.org\/wiki\/Appel_%C3%A0_la_justice_de_l%E2%80%99%C3%89tat\/Sixi%C3%A8me_lettre_%C3%A0_milord_Sidney\"  target=\"_blank\" rel=\"noopener noreferrer nofollow\">Le livre <\/a><span><\/span>.}<br \/>\n|{Appel \u00e0 la justice de l\u2019\u00c9tat\/Troisi\u00e8me lettre \u00e0 milord Sidney,<a target=\"_blank\" rel=\"nofollow\" href=\"https:\/\/www.tribunal-nature.org\/blog\/goto\/https:\/\/fr.wikisource.org\/wiki\/Appel_%C3%A0_la_justice_de_l%E2%80%99%C3%89tat\/Troisi%C3%A8me_lettre_%C3%A0_milord_Sidney\"  target=\"_blank\" rel=\"noopener noreferrer nofollow\">(la couverture) <\/a><span><\/span>.}<br \/>\n|{Arnaques : le manuel anti-fraude,<a target=\"_blank\" rel=\"nofollow\" href=\"https:\/\/www.tribunal-nature.org\/blog\/goto\/https:\/\/booknode.com\/arnaques_le_manuel_anti_fraude_028248\"  target=\"_blank\" rel=\"noopener noreferrer nofollow\">Le livre <\/a><span><\/span>.}<br \/>\n|{Ast\u00e9rix\/Assurancetourix, le barde,<a target=\"_blank\" rel=\"nofollow\" href=\"https:\/\/www.tribunal-nature.org\/blog\/goto\/https:\/\/fr.wikibooks.org\/wiki\/Ast%C3%A9rix\/Assurancetourix,_le_barde\"  target=\"_blank\" rel=\"noopener noreferrer nofollow\">Clicker Ici <\/a><span><\/span>. Disponible dans toutes les bonnes biblioth\u00e8ques de votre d\u00e9partement.}<br \/>\n|{Au cr\u00e9puscule de la justice p\u00e9nale,<a target=\"_blank\" rel=\"nofollow\" href=\"https:\/\/www.tribunal-nature.org\/blog\/goto\/https:\/\/www.kobo.com\/fr\/fr\/ebook\/au-crepuscule-de-la-justice-penale-1\"  target=\"_blank\" rel=\"noopener noreferrer nofollow\">A voir et \u00e0 lire. <\/a><span><\/span>.}<br \/>\n|{Au guet-apens,<a target=\"_blank\" rel=\"nofollow\" href=\"https:\/\/www.tribunal-nature.org\/blog\/goto\/https:\/\/booknode.com\/au_guet_apens_0144512\"  target=\"_blank\" rel=\"noopener noreferrer nofollow\">Ouvrage <\/a><span><\/span>.}<br \/>\n|{B\u00e9b\u00e9 Bleu,<a target=\"_blank\" rel=\"nofollow\" href=\"https:\/\/www.tribunal-nature.org\/blog\/goto\/https:\/\/booknode.com\/bebe_bleu_0159512\"  target=\"_blank\" rel=\"noopener noreferrer nofollow\">Le livre <\/a><span><\/span>. Ouvrage de r\u00e9f\u00e9rence.}<br \/>\n|{B\u00e9b\u00e9 Bleu,<a target=\"_blank\" rel=\"nofollow\" href=\"https:\/\/www.tribunal-nature.org\/blog\/goto\/https:\/\/booknode.com\/bebe_bleu_0159512\"  target=\"_blank\" rel=\"noopener noreferrer nofollow\">(la couverture) <\/a><span><\/span>. Disponible \u00e0 l\u2019achat sur les plateformes Amazon, Fnac, Cultura \u2026.}<br \/>\n|{B\u00eate noire,<a target=\"_blank\" rel=\"nofollow\" href=\"https:\/\/www.tribunal-nature.org\/blog\/goto\/https:\/\/booknode.com\/bete_noire_0553142\"  target=\"_blank\" rel=\"noopener noreferrer nofollow\">Le livre <\/a><span><\/span>. Disponible dans toutes les bonnes librairies.}<br \/>\n|{Bo\u00eete \u00e0 jeux\/Bridge cinquante ans apr\u00e8s,<a target=\"_blank\" rel=\"nofollow\" href=\"https:\/\/www.tribunal-nature.org\/blog\/goto\/https:\/\/fr.wikibooks.org\/wiki\/Bo%C3%AEte_%C3%A0_jeux\/Bridge_cinquante_ans_apr%C3%A8s\"  target=\"_blank\" rel=\"noopener noreferrer nofollow\">Clicker Ici <\/a><span><\/span>.}<br \/>\n|{Boulevard du crime: vie quotidienne et secr\u00e8te du Palais de justice de Paris,<a target=\"_blank\" rel=\"nofollow\" href=\"https:\/\/www.tribunal-nature.org\/blog\/goto\/https:\/\/booknode.com\/boulevard_du_crime_vie_quotidienne_et_secrete_du_palais_de_justice_de_paris_0122065\"  target=\"_blank\" rel=\"noopener noreferrer nofollow\">A voir et \u00e0 lire. <\/a><span><\/span>.}<br \/>\n|{Care, justice et d\u00e9pendance,<a target=\"_blank\" rel=\"nofollow\" href=\"https:\/\/www.tribunal-nature.org\/blog\/goto\/https:\/\/www.kobo.com\/fr\/fr\/ebook\/care-justice-et-dependance\"  target=\"_blank\" rel=\"noopener noreferrer nofollow\">Ouvrage <\/a><span><\/span>. A emprunter en biblioth\u00e8que.}<br \/>\n|{Ces magistrats qui tuent la justice,<a target=\"_blank\" rel=\"nofollow\" href=\"https:\/\/www.tribunal-nature.org\/blog\/goto\/https:\/\/www.kobo.com\/fr\/fr\/ebook\/ces-magistrats-qui-tuent-la-justice-1\"  target=\"_blank\" rel=\"noopener noreferrer nofollow\">Le livre <\/a><span><\/span>. Ouvrage de r\u00e9f\u00e9rence.}<br \/>\n|{C\u2019est un secret entre nous,<a target=\"_blank\" rel=\"nofollow\" href=\"https:\/\/www.tribunal-nature.org\/blog\/goto\/https:\/\/booknode.com\/cest_un_secret_entre_nous_0884713\"  target=\"_blank\" rel=\"noopener noreferrer nofollow\">(la couverture) <\/a><span><\/span>. Disponible \u00e0 l\u2019achat sur les plateformes Amazon, Fnac, Cultura \u2026.}<br \/>\n|{Changer la justice,<a target=\"_blank\" rel=\"nofollow\" href=\"https:\/\/www.tribunal-nature.org\/blog\/goto\/https:\/\/www.kobo.com\/fr\/fr\/ebook\/changer-la-justice\"  target=\"_blank\" rel=\"noopener noreferrer nofollow\">Le livre <\/a><span><\/span>.}<br \/>\n|{Chansons choisies d\u2019Eug\u00e8ne Imbert\/Laissez passer la justice de Dieu,<a target=\"_blank\" rel=\"nofollow\" href=\"https:\/\/www.tribunal-nature.org\/blog\/goto\/https:\/\/fr.wikisource.org\/wiki\/Chansons_choisies_d%E2%80%99Eug%C3%A8ne_Imbert\/Laissez_passer_la_justice_de_Dieu\"  target=\"_blank\" rel=\"noopener noreferrer nofollow\">Clicker Ici <\/a><span><\/span>. Disponible dans toutes les bonnes biblioth\u00e8ques de votre d\u00e9partement.}<br \/>\n|{Chronique d\u2019une jeune avocate,<a target=\"_blank\" rel=\"nofollow\" href=\"https:\/\/www.tribunal-nature.org\/blog\/goto\/https:\/\/booknode.com\/chronique_dune_jeune_avocate_03359365\"  target=\"_blank\" rel=\"noopener noreferrer nofollow\">A voir et \u00e0 lire. <\/a><span><\/span>. Disponible sur internet.}<br \/>\n|{Climat et \u00e9cocitoyens\/La FEVE et l\u2019objectif z\u00e9ro-d\u00e9chet,<a target=\"_blank\" rel=\"nofollow\" href=\"https:\/\/www.tribunal-nature.org\/blog\/goto\/https:\/\/fr.wikibooks.org\/wiki\/Climat_et_%C3%A9cocitoyens\/La_FEVE_et_l%27objectif_z%C3%A9ro-d%C3%A9chet\"  target=\"_blank\" rel=\"noopener noreferrer nofollow\">Ouvrage <\/a><span><\/span>.}<br \/>\n|{Code de la route\/Introduction historique,<a target=\"_blank\" rel=\"nofollow\" href=\"https:\/\/www.tribunal-nature.org\/blog\/goto\/https:\/\/fr.wikibooks.org\/wiki\/Code_de_la_route\/Introduction_historique\"  target=\"_blank\" rel=\"noopener noreferrer nofollow\">Le livre <\/a><span><\/span>.}<br \/>\n|{Comparutions imm\u00e9diates : quelle justice ?,<a target=\"_blank\" rel=\"nofollow\" href=\"https:\/\/www.tribunal-nature.org\/blog\/goto\/https:\/\/www.kobo.com\/fr\/fr\/ebook\/comparutions-immediates-quelle-justice\"  target=\"_blank\" rel=\"noopener noreferrer nofollow\">(la couverture) <\/a><span><\/span>.}<br \/>\n|{Condamn\u00e9s \u00e0 vivre : justice, meurtriers et victimes,<a target=\"_blank\" rel=\"nofollow\" href=\"https:\/\/www.tribunal-nature.org\/blog\/goto\/https:\/\/www.kobo.com\/fr\/fr\/ebook\/condamnes-a-vivre-justice-meurtriers-et-victimes\"  target=\"_blank\" rel=\"noopener noreferrer nofollow\">Le livre <\/a><span><\/span>. Disponible dans toutes les bonnes librairies.}<br \/>\n|{Confidences d\u2019un maton,<a target=\"_blank\" rel=\"nofollow\" href=\"https:\/\/www.tribunal-nature.org\/blog\/goto\/https:\/\/booknode.com\/confidences_dun_maton_01696844\"  target=\"_blank\" rel=\"noopener noreferrer nofollow\">Clicker Ici <\/a><span><\/span>.}<br \/>\n|{Construire sa maison\/Faire construire,<a target=\"_blank\" rel=\"nofollow\" href=\"https:\/\/www.tribunal-nature.org\/blog\/goto\/https:\/\/fr.wikibooks.org\/wiki\/Construire_sa_maison\/Faire_construire\"  target=\"_blank\" rel=\"noopener noreferrer nofollow\">A voir et \u00e0 lire. <\/a><span><\/span>.}<br \/>\n|{Contes d\u2019Italie\/Justice populaire,<a target=\"_blank\" rel=\"nofollow\" href=\"https:\/\/www.tribunal-nature.org\/blog\/goto\/https:\/\/fr.wikisource.org\/wiki\/Contes_d%E2%80%99Italie\/Justice_populaire\"  target=\"_blank\" rel=\"noopener noreferrer nofollow\">Ouvrage <\/a><span><\/span>. A emprunter en biblioth\u00e8que.}<br \/>\n|{Contribution \u00e0 l\u2019\u00e9tude de la p\u00e9nalisation,<a target=\"_blank\" rel=\"nofollow\" href=\"https:\/\/www.tribunal-nature.org\/blog\/goto\/https:\/\/booknode.com\/contribution_a_letude_de_la_penalisation_039263\"  target=\"_blank\" rel=\"noopener noreferrer nofollow\">Le livre <\/a><span><\/span>.}<br \/>\n|{Coups de barre \u2013 Justice et injustices en France,<a target=\"_blank\" rel=\"nofollow\" href=\"https:\/\/www.tribunal-nature.org\/blog\/goto\/https:\/\/www.kobo.com\/fr\/fr\/ebook\/coups-de-barre-justice-et-injustices-en-france-1\"  target=\"_blank\" rel=\"noopener noreferrer nofollow\">(la couverture) <\/a><span><\/span>. Disponible \u00e0 l\u2019achat sur les plateformes Amazon, Fnac, Cultura \u2026.}<br \/>\n|{Crime, justice et lieux communs,<a target=\"_blank\" rel=\"nofollow\" href=\"https:\/\/www.tribunal-nature.org\/blog\/goto\/https:\/\/booknode.com\/crime_justice_et_lieux_communs_02256013\"  target=\"_blank\" rel=\"noopener noreferrer nofollow\">Le livre <\/a><span><\/span>.}<br \/>\n|{Criminologie,<a target=\"_blank\" rel=\"nofollow\" href=\"https:\/\/www.tribunal-nature.org\/blog\/goto\/https:\/\/booknode.com\/criminologie_046789\"  target=\"_blank\" rel=\"noopener noreferrer nofollow\">Clicker Ici <\/a><span><\/span>.}<br \/>\n|{Criminologie et science p\u00e9nitentiaire,<a target=\"_blank\" rel=\"nofollow\" href=\"https:\/\/www.tribunal-nature.org\/blog\/goto\/https:\/\/booknode.com\/criminologie_et_science_penitentiaire_023238\"  target=\"_blank\" rel=\"noopener noreferrer nofollow\">A voir et \u00e0 lire. <\/a><span><\/span>.}<br \/>\n|{Cybercriminalit\u00e9 : les mafias s\u2019emparent du Web,<a target=\"_blank\" rel=\"nofollow\" href=\"https:\/\/www.tribunal-nature.org\/blog\/goto\/https:\/\/booknode.com\/cybercriminalite_les_mafias_semparent_du_web_052810\"  target=\"_blank\" rel=\"noopener noreferrer nofollow\">Ouvrage <\/a><span><\/span>.}<br \/>\n|{Dangereuses intentions,<a target=\"_blank\" rel=\"nofollow\" href=\"https:\/\/www.tribunal-nature.org\/blog\/goto\/https:\/\/www.kobo.com\/fr\/fr\/ebook\/dangereuses-intentions\"  target=\"_blank\" rel=\"noopener noreferrer nofollow\">Le livre <\/a><span><\/span>.}<br \/>\n|{Daredevil (2016) T05,<a target=\"_blank\" rel=\"nofollow\" href=\"https:\/\/www.tribunal-nature.org\/blog\/goto\/https:\/\/www.kobo.com\/fr\/fr\/ebook\/daredevil-2016-t05\"  target=\"_blank\" rel=\"noopener noreferrer nofollow\">(la couverture) <\/a><span><\/span>. Disponible \u00e0 l\u2019achat sur les plateformes Amazon, Fnac, Cultura \u2026.}<br \/>\n|{De la justice dans la R\u00e9volution et dans l\u2019\u00c9glise,<a target=\"_blank\" rel=\"nofollow\" href=\"https:\/\/www.tribunal-nature.org\/blog\/goto\/https:\/\/fr.wikisource.org\/wiki\/De_la_justice_dans_la_R%C3%A9volution_et_dans_l%E2%80%99%C3%89glise\"  target=\"_blank\" rel=\"noopener noreferrer nofollow\">Le livre <\/a><span><\/span>.}<br \/>\n|{De la justice dans la R\u00e9volution et dans l\u2019\u00c9glise\/Cinqui\u00e8me \u00c9tude,<a target=\"_blank\" rel=\"nofollow\" href=\"https:\/\/www.tribunal-nature.org\/blog\/goto\/https:\/\/fr.wikisource.org\/wiki\/De_la_justice_dans_la_R%C3%A9volution_et_dans_l%E2%80%99%C3%89glise\/Cinqui%C3%A8me_%C3%89tude\"  target=\"_blank\" rel=\"noopener noreferrer nofollow\">Clicker Ici <\/a><span><\/span>. Disponible dans toutes les bonnes biblioth\u00e8ques de votre d\u00e9partement.}<br \/>\n|{De la justice dans la R\u00e9volution et dans l\u2019\u00c9glise\/Deuxi\u00e8me \u00c9tude,<a target=\"_blank\" rel=\"nofollow\" href=\"https:\/\/www.tribunal-nature.org\/blog\/goto\/https:\/\/fr.wikisource.org\/wiki\/De_la_justice_dans_la_R%C3%A9volution_et_dans_l%E2%80%99%C3%89glise\/Deuxi%C3%A8me_%C3%89tude\"  target=\"_blank\" rel=\"noopener noreferrer nofollow\">A voir et \u00e0 lire. <\/a><span><\/span>.}<br \/>\n|{De la justice dans la R\u00e9volution et dans l\u2019\u00c9glise\/Dixi\u00e8me \u00c9tude,<a target=\"_blank\" rel=\"nofollow\" href=\"https:\/\/www.tribunal-nature.org\/blog\/goto\/https:\/\/fr.wikisource.org\/wiki\/De_la_justice_dans_la_R%C3%A9volution_et_dans_l%E2%80%99%C3%89glise\/Dixi%C3%A8me_%C3%89tude\"  target=\"_blank\" rel=\"noopener noreferrer nofollow\">Ouvrage <\/a><span><\/span>. A emprunter en biblioth\u00e8que.}<br \/>\n|{De la justice dans la R\u00e9volution et dans l\u2019\u00c9glise\/Douzi\u00e8me \u00c9tude,<a target=\"_blank\" rel=\"nofollow\" href=\"https:\/\/www.tribunal-nature.org\/blog\/goto\/https:\/\/fr.wikisource.org\/wiki\/De_la_justice_dans_la_R%C3%A9volution_et_dans_l%E2%80%99%C3%89glise\/Douzi%C3%A8me_%C3%89tude\"  target=\"_blank\" rel=\"noopener noreferrer nofollow\">Le livre <\/a><span><\/span>. Ouvrage de r\u00e9f\u00e9rence.}<br \/>\n|{De la justice dans la R\u00e9volution et dans l\u2019\u00c9glise\/Huiti\u00e8me \u00c9tude,<a target=\"_blank\" rel=\"nofollow\" href=\"https:\/\/www.tribunal-nature.org\/blog\/goto\/https:\/\/fr.wikisource.org\/wiki\/De_la_justice_dans_la_R%C3%A9volution_et_dans_l%E2%80%99%C3%89glise\/Huiti%C3%A8me_%C3%89tude\"  target=\"_blank\" rel=\"noopener noreferrer nofollow\">(la couverture) <\/a><span><\/span>.}<br \/>\n|{De la justice dans la R\u00e9volution et dans l\u2019\u00c9glise\/Neuvi\u00e8me \u00c9tude,<a target=\"_blank\" rel=\"nofollow\" href=\"https:\/\/www.tribunal-nature.org\/blog\/goto\/https:\/\/fr.wikisource.org\/wiki\/De_la_justice_dans_la_R%C3%A9volution_et_dans_l%E2%80%99%C3%89glise\/Neuvi%C3%A8me_%C3%89tude\"  target=\"_blank\" rel=\"noopener noreferrer nofollow\">Le livre <\/a><span><\/span>. Disponible dans toutes les bonnes librairies.}<br \/>\n|{De la justice dans la R\u00e9volution et dans l\u2019\u00c9glise\/Onzi\u00e8me \u00c9tude,<a target=\"_blank\" rel=\"nofollow\" href=\"https:\/\/www.tribunal-nature.org\/blog\/goto\/https:\/\/fr.wikisource.org\/wiki\/De_la_justice_dans_la_R%C3%A9volution_et_dans_l%E2%80%99%C3%89glise\/Onzi%C3%A8me_%C3%89tude\"  target=\"_blank\" rel=\"noopener noreferrer nofollow\">Clicker Ici <\/a><span><\/span>.}<br \/>\n|{De la justice dans la R\u00e9volution et dans l\u2019\u00c9glise\/Premi\u00e8re \u00c9tude,<a target=\"_blank\" rel=\"nofollow\" href=\"https:\/\/www.tribunal-nature.org\/blog\/goto\/https:\/\/fr.wikisource.org\/wiki\/De_la_justice_dans_la_R%C3%A9volution_et_dans_l%E2%80%99%C3%89glise\/Premi%C3%A8re_%C3%89tude\"  target=\"_blank\" rel=\"noopener noreferrer nofollow\">A voir et \u00e0 lire. <\/a><span><\/span>.}<br \/>\n|{De la justice dans la R\u00e9volution et dans l\u2019\u00c9glise\/Prologue,<a target=\"_blank\" rel=\"nofollow\" href=\"https:\/\/www.tribunal-nature.org\/blog\/goto\/https:\/\/fr.wikisource.org\/wiki\/De_la_justice_dans_la_R%C3%A9volution_et_dans_l%E2%80%99%C3%89glise\/Prologue\"  target=\"_blank\" rel=\"noopener noreferrer nofollow\">Ouvrage <\/a><span><\/span>.}<br \/>\n|{De la justice dans la R\u00e9volution et dans l\u2019\u00c9glise\/Quatri\u00e8me \u00c9tude,<a target=\"_blank\" rel=\"nofollow\" href=\"https:\/\/www.tribunal-nature.org\/blog\/goto\/https:\/\/fr.wikisource.org\/wiki\/De_la_justice_dans_la_R%C3%A9volution_et_dans_l%E2%80%99%C3%89glise\/Quatri%C3%A8me_%C3%89tude\"  target=\"_blank\" rel=\"noopener noreferrer nofollow\">Le livre <\/a><span><\/span>.}<br \/>\n|{De la justice dans la R\u00e9volution et dans l\u2019\u00c9glise\/Septi\u00e8me \u00c9tude,<a target=\"_blank\" rel=\"nofollow\" href=\"https:\/\/www.tribunal-nature.org\/blog\/goto\/https:\/\/fr.wikisource.org\/wiki\/De_la_justice_dans_la_R%C3%A9volution_et_dans_l%E2%80%99%C3%89glise\/Septi%C3%A8me_%C3%89tude\"  target=\"_blank\" rel=\"noopener noreferrer nofollow\">(la couverture) <\/a><span><\/span>.}<br \/>\n|{De la justice dans la R\u00e9volution et dans l\u2019\u00c9glise\/Sixi\u00e8me \u00c9tude,<a target=\"_blank\" rel=\"nofollow\" href=\"https:\/\/www.tribunal-nature.org\/blog\/goto\/https:\/\/fr.wikisource.org\/wiki\/De_la_justice_dans_la_R%C3%A9volution_et_dans_l%E2%80%99%C3%89glise\/Sixi%C3%A8me_%C3%89tude\"  target=\"_blank\" rel=\"noopener noreferrer nofollow\">Le livre <\/a><span><\/span>. Disponible dans toutes les bonnes librairies.}<br \/>\n|{De la justice dans la R\u00e9volution et dans l\u2019\u00c9glise\/Table analytique,<a target=\"_blank\" rel=\"nofollow\" href=\"https:\/\/www.tribunal-nature.org\/blog\/goto\/https:\/\/fr.wikisource.org\/wiki\/De_la_justice_dans_la_R%C3%A9volution_et_dans_l%E2%80%99%C3%89glise\/Table_analytique\"  target=\"_blank\" rel=\"noopener noreferrer nofollow\">Clicker Ici <\/a><span><\/span>. Disponible dans toutes les bonnes biblioth\u00e8ques de votre d\u00e9partement.}<br \/>\n|{De la justice dans la R\u00e9volution et dans l\u2019\u00c9glise\/Texte entier,<a target=\"_blank\" rel=\"nofollow\" href=\"https:\/\/www.tribunal-nature.org\/blog\/goto\/https:\/\/fr.wikisource.org\/wiki\/De_la_justice_dans_la_R%C3%A9volution_et_dans_l%E2%80%99%C3%89glise\/Texte_entier\"  target=\"_blank\" rel=\"noopener noreferrer nofollow\">A voir et \u00e0 lire. <\/a><span><\/span>.}<br \/>\n|{De la justice dans la R\u00e9volution et dans l\u2019\u00c9glise\/Troisi\u00e8me \u00c9tude,<a target=\"_blank\" rel=\"nofollow\" href=\"https:\/\/www.tribunal-nature.org\/blog\/goto\/https:\/\/fr.wikisource.org\/wiki\/De_la_justice_dans_la_R%C3%A9volution_et_dans_l%E2%80%99%C3%89glise\/Troisi%C3%A8me_%C3%89tude\"  target=\"_blank\" rel=\"noopener noreferrer nofollow\">Ouvrage <\/a><span><\/span>.}<br \/>\n|{D\u00e9fendre : pour une d\u00e9fense p\u00e9nale critique,<a target=\"_blank\" rel=\"nofollow\" href=\"https:\/\/www.tribunal-nature.org\/blog\/goto\/https:\/\/booknode.com\/defendre_pour_une_defense_penale_critique_025549\"  target=\"_blank\" rel=\"noopener noreferrer nofollow\">Le livre <\/a><span><\/span>. Ouvrage de r\u00e9f\u00e9rence.}<br \/>\n|{Derrida,<a target=\"_blank\" rel=\"nofollow\" href=\"https:\/\/www.tribunal-nature.org\/blog\/goto\/https:\/\/www.kobo.com\/fr\/fr\/ebook\/derrida-10\"  target=\"_blank\" rel=\"noopener noreferrer nofollow\">(la couverture) <\/a><span><\/span>.}<br \/>\n|{Des citoyens face au crime,<a target=\"_blank\" rel=\"nofollow\" href=\"https:\/\/www.tribunal-nature.org\/blog\/goto\/https:\/\/www.kobo.com\/fr\/fr\/ebook\/des-citoyens-face-au-crime\"  target=\"_blank\" rel=\"noopener noreferrer nofollow\">Le livre <\/a><span><\/span>.}<br \/>\n|{Des Conspirations et de la Justice Politique,<a target=\"_blank\" rel=\"nofollow\" href=\"https:\/\/www.tribunal-nature.org\/blog\/goto\/https:\/\/www.kobo.com\/fr\/fr\/ebook\/des-conspirations-et-de-la-justice-politique\"  target=\"_blank\" rel=\"noopener noreferrer nofollow\">Clicker Ici <\/a><span><\/span>.}<br \/>\n|{Des conspirations et de la justice politique,<a target=\"_blank\" rel=\"nofollow\" href=\"https:\/\/www.tribunal-nature.org\/blog\/goto\/https:\/\/fr.wikisource.org\/wiki\/Des_conspirations_et_de_la_justice_politique\"  target=\"_blank\" rel=\"noopener noreferrer nofollow\">A voir et \u00e0 lire. <\/a><span><\/span>.}<br \/>\n|{Des conspirations et de la justice politique\/I,<a target=\"_blank\" rel=\"nofollow\" href=\"https:\/\/www.tribunal-nature.org\/blog\/goto\/https:\/\/fr.wikisource.org\/wiki\/Des_conspirations_et_de_la_justice_politique\/I\"  target=\"_blank\" rel=\"noopener noreferrer nofollow\">Ouvrage <\/a><span><\/span>.}<br \/>\n|{Des conspirations et de la justice politique\/II,<a target=\"_blank\" rel=\"nofollow\" href=\"https:\/\/www.tribunal-nature.org\/blog\/goto\/https:\/\/fr.wikisource.org\/wiki\/Des_conspirations_et_de_la_justice_politique\/II\"  target=\"_blank\" rel=\"noopener noreferrer nofollow\">Le livre <\/a><span><\/span>. Ouvrage de r\u00e9f\u00e9rence.}<br \/>\n|{Des conspirations et de la justice politique\/III,<a target=\"_blank\" rel=\"nofollow\" href=\"https:\/\/www.tribunal-nature.org\/blog\/goto\/https:\/\/fr.wikisource.org\/wiki\/Des_conspirations_et_de_la_justice_politique\/III\"  target=\"_blank\" rel=\"noopener noreferrer nofollow\">(la couverture) <\/a><span><\/span>. Disponible \u00e0 l\u2019achat sur les plateformes Amazon, Fnac, Cultura \u2026.}<br \/>\n|{Des conspirations et de la justice politique\/IV,<a target=\"_blank\" rel=\"nofollow\" href=\"https:\/\/www.tribunal-nature.org\/blog\/goto\/https:\/\/fr.wikisource.org\/wiki\/Des_conspirations_et_de_la_justice_politique\/IV\"  target=\"_blank\" rel=\"noopener noreferrer nofollow\">Le livre <\/a><span><\/span>.}<br \/>\n|{Des conspirations et de la justice politique\/IX,<a target=\"_blank\" rel=\"nofollow\" href=\"https:\/\/www.tribunal-nature.org\/blog\/goto\/https:\/\/fr.wikisource.org\/wiki\/Des_conspirations_et_de_la_justice_politique\/IX\"  target=\"_blank\" rel=\"noopener noreferrer nofollow\">Clicker Ici <\/a><span><\/span>.}<br \/>\n|{Des conspirations et de la justice politique\/Pr\u00e9face,<a target=\"_blank\" rel=\"nofollow\" href=\"https:\/\/www.tribunal-nature.org\/blog\/goto\/https:\/\/fr.wikisource.org\/wiki\/Des_conspirations_et_de_la_justice_politique\/Pr%C3%A9face\"  target=\"_blank\" rel=\"noopener noreferrer nofollow\">A voir et \u00e0 lire. <\/a><span><\/span>.}<br \/>\n|{Des conspirations et de la justice politique\/VII,<a target=\"_blank\" rel=\"nofollow\" href=\"https:\/\/www.tribunal-nature.org\/blog\/goto\/https:\/\/fr.wikisource.org\/wiki\/Des_conspirations_et_de_la_justice_politique\/VII\"  target=\"_blank\" rel=\"noopener noreferrer nofollow\">Ouvrage <\/a><span><\/span>. A emprunter en biblioth\u00e8que.}<br \/>\n|{Des d\u00e9lits et des peines,<a target=\"_blank\" rel=\"nofollow\" href=\"https:\/\/www.tribunal-nature.org\/blog\/goto\/https:\/\/booknode.com\/des_delits_et_des_peines_0272872\"  target=\"_blank\" rel=\"noopener noreferrer nofollow\">Le livre <\/a><span><\/span>. Ouvrage de r\u00e9f\u00e9rence.}<br \/>\n|{Dictionnaire administratif et historique des rues de Paris et de ses monuments\/Justice (place du Palais-de-),<a target=\"_blank\" rel=\"nofollow\" href=\"https:\/\/www.tribunal-nature.org\/blog\/goto\/https:\/\/fr.wikisource.org\/wiki\/Dictionnaire_administratif_et_historique_des_rues_de_Paris_et_de_ses_monuments\/Justice_(place_du_Palais-de-)\"  target=\"_blank\" rel=\"noopener noreferrer nofollow\">(la couverture) <\/a><span><\/span>.}<br \/>\n|{Dictionnaire amoureux de la justice,<a target=\"_blank\" rel=\"nofollow\" href=\"https:\/\/www.tribunal-nature.org\/blog\/goto\/https:\/\/booknode.com\/dictionnaire_amoureux_de_la_justice_030632\"  target=\"_blank\" rel=\"noopener noreferrer nofollow\">Le livre <\/a><span><\/span>. Disponible dans toutes les bonnes librairies.}<br \/>\n|{Dictionnaire amoureux de la justice,<a target=\"_blank\" rel=\"nofollow\" href=\"https:\/\/www.tribunal-nature.org\/blog\/goto\/https:\/\/www.kobo.com\/fr\/fr\/ebook\/dictionnaire-amoureux-de-la-justice\"  target=\"_blank\" rel=\"noopener noreferrer nofollow\">Clicker Ici <\/a><span><\/span>. Disponible dans toutes les bonnes biblioth\u00e8ques de votre d\u00e9partement.}<br \/>\n|{Dictionnaire de la Justice,<a target=\"_blank\" rel=\"nofollow\" href=\"https:\/\/www.tribunal-nature.org\/blog\/goto\/https:\/\/booknode.com\/dictionnaire_de_la_justice_02166015\"  target=\"_blank\" rel=\"noopener noreferrer nofollow\">A voir et \u00e0 lire. <\/a><span><\/span>. Disponible sur internet.}<br \/>\n|{Dictionnaire de th\u00e9ologie catholique\/JUSTICE (Vertu de) I. Notion et nature de la justice,<a target=\"_blank\" rel=\"nofollow\" href=\"https:\/\/www.tribunal-nature.org\/blog\/goto\/https:\/\/fr.wikisource.org\/wiki\/Dictionnaire_de_th%C3%A9ologie_catholique\/JUSTICE_(Vertu_de)_I._Notion_et_nature_de_la_justice\"  target=\"_blank\" rel=\"noopener noreferrer nofollow\">Ouvrage <\/a><span><\/span>.}<br \/>\n|{Dictionnaire des proverbes (Quitard)\/justice,<a target=\"_blank\" rel=\"nofollow\" href=\"https:\/\/www.tribunal-nature.org\/blog\/goto\/https:\/\/fr.wikisource.org\/wiki\/Dictionnaire_des_proverbes_(Quitard)\/justice\"  target=\"_blank\" rel=\"noopener noreferrer nofollow\">Le livre <\/a><span><\/span>.}<br \/>\n|{Dictionnaire philosophique\/Garnier (1878)\/Justice,<a target=\"_blank\" rel=\"nofollow\" href=\"https:\/\/www.tribunal-nature.org\/blog\/goto\/https:\/\/fr.wikisource.org\/wiki\/Dictionnaire_philosophique\/Garnier_(1878)\/Justice\"  target=\"_blank\" rel=\"noopener noreferrer nofollow\">(la couverture) <\/a><span><\/span>.}<br \/>\n|{Dieudonn\u00e9, la parole est \u00e0 la d\u00e9fense !,<a target=\"_blank\" rel=\"nofollow\" href=\"https:\/\/www.tribunal-nature.org\/blog\/goto\/https:\/\/booknode.com\/dieudonne_la_parole_est_a_la_defense_01917775\"  target=\"_blank\" rel=\"noopener noreferrer nofollow\">Le livre <\/a><span><\/span>.}<br \/>\n|{Dommages de masse et responsabilit\u00e9 civile,<a target=\"_blank\" rel=\"nofollow\" href=\"https:\/\/www.tribunal-nature.org\/blog\/goto\/https:\/\/booknode.com\/dommages_de_masse_et_responsabilite_civile_053228\"  target=\"_blank\" rel=\"noopener noreferrer nofollow\">Clicker Ici <\/a><span><\/span>.}<br \/>\n|{Droit administratif. 2e \u00e9dition,<a target=\"_blank\" rel=\"nofollow\" href=\"https:\/\/www.tribunal-nature.org\/blog\/goto\/https:\/\/booknode.com\/droit_administratif_2e_edition_0629363\"  target=\"_blank\" rel=\"noopener noreferrer nofollow\">A voir et \u00e0 lire. <\/a><span><\/span>. Disponible sur internet.}<br \/>\n|{Droit administratif\/La jurisprudence\/Comment r\u00e9diger une fiche d\u2019arr\u00eat,<a target=\"_blank\" rel=\"nofollow\" href=\"https:\/\/www.tribunal-nature.org\/blog\/goto\/https:\/\/fr.wikibooks.org\/wiki\/Droit_administratif\/La_jurisprudence\/Comment_r%C3%A9diger_une_fiche_d%27arr%C3%AAt\"  target=\"_blank\" rel=\"noopener noreferrer nofollow\">Ouvrage <\/a><span><\/span>.}<br \/>\n|{Droit commercial\/L\u2019entreprise commerciale individuelle\/Le commer\u00e7ant,<a target=\"_blank\" rel=\"nofollow\" href=\"https:\/\/www.tribunal-nature.org\/blog\/goto\/https:\/\/fr.wikibooks.org\/wiki\/Droit_commercial\/L%27entreprise_commerciale_individuelle\/Le_commer%C3%A7ant\"  target=\"_blank\" rel=\"noopener noreferrer nofollow\">Le livre <\/a><span><\/span>.}<br \/>\n|{Droit constitutionnel,<a target=\"_blank\" rel=\"nofollow\" href=\"https:\/\/www.tribunal-nature.org\/blog\/goto\/https:\/\/fr.wikibooks.org\/wiki\/Droit_constitutionnel\"  target=\"_blank\" rel=\"noopener noreferrer nofollow\">(la couverture) <\/a><span><\/span>.}<br \/>\n|{Droit de la concurrence,<a target=\"_blank\" rel=\"nofollow\" href=\"https:\/\/www.tribunal-nature.org\/blog\/goto\/https:\/\/booknode.com\/droit_de_la_concurrence_021231\"  target=\"_blank\" rel=\"noopener noreferrer nofollow\">Le livre <\/a><span><\/span>.}<br \/>\n|{Droit de l\u2019administration publique\/\u00c9volution de la responsabilit\u00e9 administrative,<a target=\"_blank\" rel=\"nofollow\" href=\"https:\/\/www.tribunal-nature.org\/blog\/goto\/https:\/\/fr.wikibooks.org\/wiki\/Droit_de_l%27administration_publique\/%C3%89volution_de_la_responsabilit%C3%A9_administrative\"  target=\"_blank\" rel=\"noopener noreferrer nofollow\">Clicker Ici <\/a><span><\/span>.}<br \/>\n|{Droit de l\u2019administration publique\/La notion de responsabilit\u00e9 administrative,<a target=\"_blank\" rel=\"nofollow\" href=\"https:\/\/www.tribunal-nature.org\/blog\/goto\/https:\/\/fr.wikibooks.org\/wiki\/Droit_de_l%27administration_publique\/La_notion_de_responsabilit%C3%A9_administrative\"  target=\"_blank\" rel=\"noopener noreferrer nofollow\">A voir et \u00e0 lire. <\/a><span><\/span>.}<br \/>\n|{Droit de l\u2019ex\u00e9cution des peines 2007-2008,<a target=\"_blank\" rel=\"nofollow\" href=\"https:\/\/www.tribunal-nature.org\/blog\/goto\/https:\/\/booknode.com\/droit_de_lexecution_des_peines_2007_2008_048238\"  target=\"_blank\" rel=\"noopener noreferrer nofollow\">Ouvrage <\/a><span><\/span>.}<br \/>\n|{Droit des soci\u00e9t\u00e9s\/La disparition par voie de dissolution,<a target=\"_blank\" rel=\"nofollow\" href=\"https:\/\/www.tribunal-nature.org\/blog\/goto\/https:\/\/fr.wikibooks.org\/wiki\/Droit_des_soci%C3%A9t%C3%A9s\/La_disparition_par_voie_de_dissolution\"  target=\"_blank\" rel=\"noopener noreferrer nofollow\">Le livre <\/a><span><\/span>.}<br \/>\n|{Droit des soci\u00e9t\u00e9s\/La SARL unipersonnelle,<a target=\"_blank\" rel=\"nofollow\" href=\"https:\/\/www.tribunal-nature.org\/blog\/goto\/https:\/\/fr.wikibooks.org\/wiki\/Droit_des_soci%C3%A9t%C3%A9s\/La_SARL_unipersonnelle\"  target=\"_blank\" rel=\"noopener noreferrer nofollow\">(la couverture) <\/a><span><\/span>.}<br \/>\n|{Droit des soci\u00e9t\u00e9s\/Les difficult\u00e9s de fonctionnement,<a target=\"_blank\" rel=\"nofollow\" href=\"https:\/\/www.tribunal-nature.org\/blog\/goto\/https:\/\/fr.wikibooks.org\/wiki\/Droit_des_soci%C3%A9t%C3%A9s\/Les_difficult%C3%A9s_de_fonctionnement\"  target=\"_blank\" rel=\"noopener noreferrer nofollow\">Le livre <\/a><span><\/span>. Disponible dans toutes les bonnes librairies.}<br \/>\n|{Droit des soci\u00e9t\u00e9s\/Les sanctions de violation des r\u00e8gles de constitution,<a target=\"_blank\" rel=\"nofollow\" href=\"https:\/\/www.tribunal-nature.org\/blog\/goto\/https:\/\/fr.wikibooks.org\/wiki\/Droit_des_soci%C3%A9t%C3%A9s\/Les_sanctions_de_violation_des_r%C3%A8gles_de_constitution\"  target=\"_blank\" rel=\"noopener noreferrer nofollow\">Clicker Ici <\/a><span><\/span>. Disponible dans toutes les bonnes biblioth\u00e8ques de votre d\u00e9partement.}<br \/>\n|{Droit des soci\u00e9t\u00e9s\/Les soci\u00e9t\u00e9s commerciales non immatricul\u00e9es,<a target=\"_blank\" rel=\"nofollow\" href=\"https:\/\/www.tribunal-nature.org\/blog\/goto\/https:\/\/fr.wikibooks.org\/wiki\/Droit_des_soci%C3%A9t%C3%A9s\/Les_soci%C3%A9t%C3%A9s_commerciales_non_immatricul%C3%A9es\"  target=\"_blank\" rel=\"noopener noreferrer nofollow\">A voir et \u00e0 lire. <\/a><span><\/span>.}<br \/>\n|{Droit du travail\/La repr\u00e9sentation collective des salari\u00e9s,<a target=\"_blank\" rel=\"nofollow\" href=\"https:\/\/www.tribunal-nature.org\/blog\/goto\/https:\/\/fr.wikibooks.org\/wiki\/Droit_du_travail\/La_repr%C3%A9sentation_collective_des_salari%C3%A9s\"  target=\"_blank\" rel=\"noopener noreferrer nofollow\">Ouvrage <\/a><span><\/span>.}<br \/>\n|{Droit et d\u00e9ontologie de la profession d\u2019avocat,<a target=\"_blank\" rel=\"nofollow\" href=\"https:\/\/www.tribunal-nature.org\/blog\/goto\/https:\/\/booknode.com\/droit_et_deontologie_de_la_profession_davocat_046086\"  target=\"_blank\" rel=\"noopener noreferrer nofollow\">Le livre <\/a><span><\/span>.}<br \/>\n|{Droit et pratique de l\u2019instruction pr\u00e9paratoire : juge d\u2019instruction, chambre d\u2019instruction : 2007-2008,<a target=\"_blank\" rel=\"nofollow\" href=\"https:\/\/www.tribunal-nature.org\/blog\/goto\/https:\/\/booknode.com\/droit_et_pratique_de_linstruction_preparatoire_juge_dinstruction_chambre_dinstruction_2007_2008_051459\"  target=\"_blank\" rel=\"noopener noreferrer nofollow\">(la couverture) <\/a><span><\/span>.}<br \/>\n|{Droit fiscal\/Le r\u00e9gime communautaire des soci\u00e9t\u00e9s m\u00e8res,<a target=\"_blank\" rel=\"nofollow\" href=\"https:\/\/www.tribunal-nature.org\/blog\/goto\/https:\/\/fr.wikibooks.org\/wiki\/Droit_fiscal\/Le_r%C3%A9gime_communautaire_des_soci%C3%A9t%C3%A9s_m%C3%A8res\"  target=\"_blank\" rel=\"noopener noreferrer nofollow\">Le livre <\/a><span><\/span>. Disponible dans toutes les bonnes librairies.}<br \/>\n|{Droit international public\/Les actes juridiques conventionnels,<a target=\"_blank\" rel=\"nofollow\" href=\"https:\/\/www.tribunal-nature.org\/blog\/goto\/https:\/\/fr.wikibooks.org\/wiki\/Droit_international_public\/Les_actes_juridiques_conventionnels\"  target=\"_blank\" rel=\"noopener noreferrer nofollow\">Clicker Ici <\/a><span><\/span>. Disponible dans toutes les bonnes biblioth\u00e8ques de votre d\u00e9partement.}<br \/>\n|{Droit international public\/Les actes juridiques non conventionnels,<a target=\"_blank\" rel=\"nofollow\" href=\"https:\/\/www.tribunal-nature.org\/blog\/goto\/https:\/\/fr.wikibooks.org\/wiki\/Droit_international_public\/Les_actes_juridiques_non_conventionnels\"  target=\"_blank\" rel=\"noopener noreferrer nofollow\">A voir et \u00e0 lire. <\/a><span><\/span>.}<br \/>\n|{Droit international public\/Les organisations internationales,<a target=\"_blank\" rel=\"nofollow\" href=\"https:\/\/www.tribunal-nature.org\/blog\/goto\/https:\/\/fr.wikibooks.org\/wiki\/Droit_international_public\/Les_organisations_internationales\"  target=\"_blank\" rel=\"noopener noreferrer nofollow\">Ouvrage <\/a><span><\/span>.}<br \/>\n|{Droit international public\/Les sp\u00e9cificit\u00e9s de l\u2019ordre juridique international,<a target=\"_blank\" rel=\"nofollow\" href=\"https:\/\/www.tribunal-nature.org\/blog\/goto\/https:\/\/fr.wikibooks.org\/wiki\/Droit_international_public\/Les_sp%C3%A9cificit%C3%A9s_de_l%27ordre_juridique_international\"  target=\"_blank\" rel=\"noopener noreferrer nofollow\">Le livre <\/a><span><\/span>.}<br \/>\n|{Droit international public\/L\u2019\u00c9tat,<a target=\"_blank\" rel=\"nofollow\" href=\"https:\/\/www.tribunal-nature.org\/blog\/goto\/https:\/\/fr.wikibooks.org\/wiki\/Droit_international_public\/L%27%C3%89tat\"  target=\"_blank\" rel=\"noopener noreferrer nofollow\">(la couverture) <\/a><span><\/span>.}<br \/>\n|{Droit p\u00e9nal compar\u00e9,<a target=\"_blank\" rel=\"nofollow\" href=\"https:\/\/www.tribunal-nature.org\/blog\/goto\/https:\/\/booknode.com\/droit_penal_compare_038466\"  target=\"_blank\" rel=\"noopener noreferrer nofollow\">Le livre <\/a><span><\/span>.}<br \/>\n|{Droit p\u00e9nal et proc\u00e9dure p\u00e9nale,<a target=\"_blank\" rel=\"nofollow\" href=\"https:\/\/www.tribunal-nature.org\/blog\/goto\/https:\/\/booknode.com\/droit_penal_et_procedure_penale_040135\"  target=\"_blank\" rel=\"noopener noreferrer nofollow\">Clicker Ici <\/a><span><\/span>.}<br \/>\n|{Droit p\u00e9nal g\u00e9n\u00e9ral (5\u00e8me \u00e9dition),<a target=\"_blank\" rel=\"nofollow\" href=\"https:\/\/www.tribunal-nature.org\/blog\/goto\/https:\/\/booknode.com\/droit_penal_general_5eme_edition_03369236\"  target=\"_blank\" rel=\"noopener noreferrer nofollow\">A voir et \u00e0 lire. <\/a><span><\/span>. Disponible sur internet.}<br \/>\n|{Droit p\u00e9nal g\u00e9n\u00e9ral : 2009-2010,<a target=\"_blank\" rel=\"nofollow\" href=\"https:\/\/www.tribunal-nature.org\/blog\/goto\/https:\/\/booknode.com\/droit_penal_general_2009_2010_031786\"  target=\"_blank\" rel=\"noopener noreferrer nofollow\">Ouvrage <\/a><span><\/span>. A emprunter en biblioth\u00e8que.}<br \/>\n|{Droit p\u00e9nal g\u00e9n\u00e9ral et proc\u00e9dure p\u00e9nale,<a target=\"_blank\" rel=\"nofollow\" href=\"https:\/\/www.tribunal-nature.org\/blog\/goto\/https:\/\/booknode.com\/droit_penal_general_et_procedure_penale_020776\"  target=\"_blank\" rel=\"noopener noreferrer nofollow\">Le livre <\/a><span><\/span>. Ouvrage de r\u00e9f\u00e9rence.}<br \/>\n|{Droit p\u00e9nal international,<a target=\"_blank\" rel=\"nofollow\" href=\"https:\/\/www.tribunal-nature.org\/blog\/goto\/https:\/\/booknode.com\/droit_penal_international_022657\"  target=\"_blank\" rel=\"noopener noreferrer nofollow\">(la couverture) <\/a><span><\/span>.}<br \/>\n|{Droit p\u00e9nal sp\u00e9cial : infractions des et contre les particuliers,<a target=\"_blank\" rel=\"nofollow\" href=\"https:\/\/www.tribunal-nature.org\/blog\/goto\/https:\/\/booknode.com\/droit_penal_special_infractions_des_et_contre_les_particuliers_020444\"  target=\"_blank\" rel=\"noopener noreferrer nofollow\">Le livre <\/a><span><\/span>.}<br \/>\n|{Droit processuel : une science de la reconstruction des liens de droit,<a target=\"_blank\" rel=\"nofollow\" href=\"https:\/\/www.tribunal-nature.org\/blog\/goto\/https:\/\/booknode.com\/droit_processuel_une_science_de_la_reconstruction_des_liens_de_droit_051753\"  target=\"_blank\" rel=\"noopener noreferrer nofollow\">Clicker Ici <\/a><span><\/span>.}<br \/>\n|{Du mauvais c\u00f4t\u00e9 de la loi,<a target=\"_blank\" rel=\"nofollow\" href=\"https:\/\/www.tribunal-nature.org\/blog\/goto\/https:\/\/booknode.com\/du_mauvais_cote_de_la_loi_02681163\"  target=\"_blank\" rel=\"noopener noreferrer nofollow\">A voir et \u00e0 lire. <\/a><span><\/span>. Disponible sur internet.}<br \/>\n|{ECRITS SUR LES NOIRS Tome 1 : 1789-1808,<a target=\"_blank\" rel=\"nofollow\" href=\"https:\/\/www.tribunal-nature.org\/blog\/goto\/https:\/\/booknode.com\/ecrits_sur_les_noirs_tome_1_1789_1808_03375177\"  target=\"_blank\" rel=\"noopener noreferrer nofollow\">Ouvrage <\/a><span><\/span>. A emprunter en biblioth\u00e8que.}<br \/>\n|{Efficacit\u00e9 de l\u2019ex\u00e9cution des d\u00e9cisions de justice dans le monde,<a target=\"_blank\" rel=\"nofollow\" href=\"https:\/\/www.tribunal-nature.org\/blog\/goto\/https:\/\/www.kobo.com\/fr\/fr\/ebook\/efficacite-de-l-execution-des-decisions-de-justice-dans-le-monde\"  target=\"_blank\" rel=\"noopener noreferrer nofollow\">Le livre <\/a><span><\/span>.}<br \/>\n|{\u00c9loge de la barbarie judiciaire,<a target=\"_blank\" rel=\"nofollow\" href=\"https:\/\/www.tribunal-nature.org\/blog\/goto\/https:\/\/booknode.com\/eloge_de_la_barbarie_judiciaire_02772594\"  target=\"_blank\" rel=\"noopener noreferrer nofollow\">(la couverture) <\/a><span><\/span>. Disponible \u00e0 l\u2019achat sur les plateformes Amazon, Fnac, Cultura \u2026.}<br \/>\n|{Encyclop\u00e9die anarchiste\/Juridiction \u2013 Justice,<a target=\"_blank\" rel=\"nofollow\" href=\"https:\/\/www.tribunal-nature.org\/blog\/goto\/https:\/\/fr.wikisource.org\/wiki\/Encyclop%C3%A9die_anarchiste\/Juridiction_-_Justice\"  target=\"_blank\" rel=\"noopener noreferrer nofollow\">Le livre <\/a><span><\/span>.}<br \/>\n|{En-qu\u00eate de justice,<a target=\"_blank\" rel=\"nofollow\" href=\"https:\/\/www.tribunal-nature.org\/blog\/goto\/https:\/\/www.kobo.com\/fr\/fr\/ebook\/en-quete-de-justice\"  target=\"_blank\" rel=\"noopener noreferrer nofollow\">Clicker Ici <\/a><span><\/span>. Disponible dans toutes les bonnes biblioth\u00e8ques de votre d\u00e9partement.}<br \/>\n|{Enseignement de l\u2019allemand\/Vocabulaire allemand,<a target=\"_blank\" rel=\"nofollow\" href=\"https:\/\/www.tribunal-nature.org\/blog\/goto\/https:\/\/fr.wikibooks.org\/wiki\/Enseignement_de_l%27allemand\/Vocabulaire_allemand\"  target=\"_blank\" rel=\"noopener noreferrer nofollow\">A voir et \u00e0 lire. <\/a><span><\/span>.}<br \/>\n|{Enseignement de l\u2019allemand\/Vocabulaire allemand\/La justice,<a target=\"_blank\" rel=\"nofollow\" href=\"https:\/\/www.tribunal-nature.org\/blog\/goto\/https:\/\/fr.wikibooks.org\/wiki\/Enseignement_de_l%27allemand\/Vocabulaire_allemand\/La_justice\"  target=\"_blank\" rel=\"noopener noreferrer nofollow\">Ouvrage <\/a><span><\/span>.}<br \/>\n|{Enseignement de l\u2019allemand\/Vocabulaire allemand\/L\u2019\u00c9tat,<a target=\"_blank\" rel=\"nofollow\" href=\"https:\/\/www.tribunal-nature.org\/blog\/goto\/https:\/\/fr.wikibooks.org\/wiki\/Enseignement_de_l%27allemand\/Vocabulaire_allemand\/L%27%C3%89tat\"  target=\"_blank\" rel=\"noopener noreferrer nofollow\">Le livre <\/a><span><\/span>.}<br \/>\n|{Entre Bible et Coran\/Attributs et noms du Dieu unique,<a target=\"_blank\" rel=\"nofollow\" href=\"https:\/\/www.tribunal-nature.org\/blog\/goto\/https:\/\/fr.wikibooks.org\/wiki\/Entre_Bible_et_Coran\/Attributs_et_noms_du_Dieu_unique\"  target=\"_blank\" rel=\"noopener noreferrer nofollow\">(la couverture) <\/a><span><\/span>.}<br \/>\n|{Entre Bible et Coran\/Entre Dieu et l\u2019Homme,<a target=\"_blank\" rel=\"nofollow\" href=\"https:\/\/www.tribunal-nature.org\/blog\/goto\/https:\/\/fr.wikibooks.org\/wiki\/Entre_Bible_et_Coran\/Entre_Dieu_et_l%27Homme\"  target=\"_blank\" rel=\"noopener noreferrer nofollow\">Le livre <\/a><span><\/span>. Disponible dans toutes les bonnes librairies.}<br \/>\n|{Et ce sera justice,<a target=\"_blank\" rel=\"nofollow\" href=\"https:\/\/www.tribunal-nature.org\/blog\/goto\/https:\/\/www.kobo.com\/fr\/fr\/ebook\/et-ce-sera-justice-2\"  target=\"_blank\" rel=\"noopener noreferrer nofollow\">Clicker Ici <\/a><span><\/span>.}<br \/>\n|{Et ce sera justice\u2026,<a target=\"_blank\" rel=\"nofollow\" href=\"https:\/\/www.tribunal-nature.org\/blog\/goto\/https:\/\/www.kobo.com\/fr\/fr\/ebook\/et-ce-sera-justice-1\"  target=\"_blank\" rel=\"noopener noreferrer nofollow\">A voir et \u00e0 lire. <\/a><span><\/span>.}<br \/>\n|{\u00c9tats g\u00e9n\u00e9raux du multilinguisme dans les outre-mer\/Pr\u00e9sentation\/\u00c9ditos\/\u00c9ditorial de M. Fr\u00e9d\u00e9ric MITTERRAND, ministre de la Culture et de la Communication,<a target=\"_blank\" rel=\"nofollow\" href=\"https:\/\/www.tribunal-nature.org\/blog\/goto\/https:\/\/fr.wikibooks.org\/wiki\/%C3%89tats_g%C3%A9n%C3%A9raux_du_multilinguisme_dans_les_outre-mer\/Pr%C3%A9sentation\/%C3%89ditos\/%C3%89ditorial_de_M._Fr%C3%A9d%C3%A9ric_MITTERRAND,_ministre_de_la_Culture_et_de_la_Communication\"  target=\"_blank\" rel=\"noopener noreferrer nofollow\">Ouvrage <\/a><span><\/span>. A emprunter en biblioth\u00e8que.}<br \/>\n|{\u00c9tude historique sur l\u2019organisation de la justice dans l\u2019antiquit\u00e9 et les temps modernes,<a target=\"_blank\" rel=\"nofollow\" href=\"https:\/\/www.tribunal-nature.org\/blog\/goto\/https:\/\/fr.wikisource.org\/wiki\/%C3%89tude_historique_sur_l%E2%80%99organisation_de_la_justice_dans_l%E2%80%99antiquit%C3%A9_et_les_temps_modernes\"  target=\"_blank\" rel=\"noopener noreferrer nofollow\">Le livre <\/a><span><\/span>.}<br \/>\n|{\u00c9tude historique sur l\u2019organisation de la justice dans l\u2019antiquit\u00e9 et les temps modernes\/01,<a target=\"_blank\" rel=\"nofollow\" href=\"https:\/\/www.tribunal-nature.org\/blog\/goto\/https:\/\/fr.wikisource.org\/wiki\/%C3%89tude_historique_sur_l%E2%80%99organisation_de_la_justice_dans_l%E2%80%99antiquit%C3%A9_et_les_temps_modernes\/01\"  target=\"_blank\" rel=\"noopener noreferrer nofollow\">(la couverture) <\/a><span><\/span>.}<br \/>\n|{\u00c9tude historique sur l\u2019organisation de la justice dans l\u2019antiquit\u00e9 et les temps modernes\/02,<a target=\"_blank\" rel=\"nofollow\" href=\"https:\/\/www.tribunal-nature.org\/blog\/goto\/https:\/\/fr.wikisource.org\/wiki\/%C3%89tude_historique_sur_l%E2%80%99organisation_de_la_justice_dans_l%E2%80%99antiquit%C3%A9_et_les_temps_modernes\/02\"  target=\"_blank\" rel=\"noopener noreferrer nofollow\">Le livre <\/a><span><\/span>.}<br \/>\n|{\u00c9tude historique sur l\u2019organisation de la justice dans l\u2019antiquit\u00e9 et les temps modernes\/04,<a target=\"_blank\" rel=\"nofollow\" href=\"https:\/\/www.tribunal-nature.org\/blog\/goto\/https:\/\/fr.wikisource.org\/wiki\/%C3%89tude_historique_sur_l%E2%80%99organisation_de_la_justice_dans_l%E2%80%99antiquit%C3%A9_et_les_temps_modernes\/04\"  target=\"_blank\" rel=\"noopener noreferrer nofollow\">Clicker Ici <\/a><span><\/span>.}<br \/>\n|{\u00c9valuer la justice,<a target=\"_blank\" rel=\"nofollow\" href=\"https:\/\/www.tribunal-nature.org\/blog\/goto\/https:\/\/www.kobo.com\/fr\/fr\/ebook\/evaluer-la-justice\"  target=\"_blank\" rel=\"noopener noreferrer nofollow\">A voir et \u00e0 lire. <\/a><span><\/span>. Disponible sur internet.}<br \/>\n|{Faut-il durcir la justice ?,<a target=\"_blank\" rel=\"nofollow\" href=\"https:\/\/www.tribunal-nature.org\/blog\/goto\/https:\/\/www.kobo.com\/fr\/fr\/ebook\/faut-il-durcir-la-justice\"  target=\"_blank\" rel=\"noopener noreferrer nofollow\">Ouvrage <\/a><span><\/span>. A emprunter en biblioth\u00e8que.}<br \/>\n|{Femmes et justice p\u00e9nale,<a target=\"_blank\" rel=\"nofollow\" href=\"https:\/\/www.tribunal-nature.org\/blog\/goto\/https:\/\/www.kobo.com\/fr\/fr\/ebook\/femmes-et-justice-penale-1\"  target=\"_blank\" rel=\"noopener noreferrer nofollow\">Le livre <\/a><span><\/span>.}<br \/>\n|{Festin de haines,<a target=\"_blank\" rel=\"nofollow\" href=\"https:\/\/www.tribunal-nature.org\/blog\/goto\/https:\/\/booknode.com\/festin_de_haines_0974683\"  target=\"_blank\" rel=\"noopener noreferrer nofollow\">(la couverture) <\/a><span><\/span>.}<br \/>\n|{Finances locales\/Les proc\u00e9dures se rapportant \u00e0 l\u2019ex\u00e9cution des budgets locaux,<a target=\"_blank\" rel=\"nofollow\" href=\"https:\/\/www.tribunal-nature.org\/blog\/goto\/https:\/\/fr.wikibooks.org\/wiki\/Finances_locales\/Les_proc%C3%A9dures_se_rapportant_%C3%A0_l%27ex%C3%A9cution_des_budgets_locaux\"  target=\"_blank\" rel=\"noopener noreferrer nofollow\">Le livre <\/a><span><\/span>. Disponible dans toutes les bonnes librairies.}<br \/>\n|{Fondements de la justice,<a target=\"_blank\" rel=\"nofollow\" href=\"https:\/\/www.tribunal-nature.org\/blog\/goto\/https:\/\/www.kobo.com\/fr\/fr\/ebook\/fondements-de-la-justice\"  target=\"_blank\" rel=\"noopener noreferrer nofollow\">Clicker Ici <\/a><span><\/span>.}<br \/>\n|{Fragment sur la justice\/\u00c9dition Garnier,<a target=\"_blank\" rel=\"nofollow\" href=\"https:\/\/www.tribunal-nature.org\/blog\/goto\/https:\/\/fr.wikisource.org\/wiki\/Fragment_sur_la_justice\/%C3%89dition_Garnier\"  target=\"_blank\" rel=\"noopener noreferrer nofollow\">A voir et \u00e0 lire. <\/a><span><\/span>.}<br \/>\n|{Genre, patrimoine et droit civil : Les femmes mari\u00e9es de la bourgeoisie qu\u00e9b\u00e9coise en proc\u00e8s, 1900-1930,<a target=\"_blank\" rel=\"nofollow\" href=\"https:\/\/www.tribunal-nature.org\/blog\/goto\/https:\/\/booknode.com\/genre_patrimoine_et_droit_civil_les_femmes_mariees_de_la_bourgeoisie_quebecoise_en_proces_1900_1930_03415570\"  target=\"_blank\" rel=\"noopener noreferrer nofollow\">Ouvrage <\/a><span><\/span>.}<br \/>\n|{Grec ancien\/Dieux\/Dic\u00e9,<a target=\"_blank\" rel=\"nofollow\" href=\"https:\/\/www.tribunal-nature.org\/blog\/goto\/https:\/\/fr.wikibooks.org\/wiki\/Grec_ancien\/Dieux\/Dic%C3%A9\"  target=\"_blank\" rel=\"noopener noreferrer nofollow\">Le livre <\/a><span><\/span>. Ouvrage de r\u00e9f\u00e9rence.}<br \/>\n|{Grec ancien\/Dieux\/Th\u00e9mis,<a target=\"_blank\" rel=\"nofollow\" href=\"https:\/\/www.tribunal-nature.org\/blog\/goto\/https:\/\/fr.wikibooks.org\/wiki\/Grec_ancien\/Dieux\/Th%C3%A9mis\"  target=\"_blank\" rel=\"noopener noreferrer nofollow\">(la couverture) <\/a><span><\/span>.}<br \/>\n}<\/p>\n<p>{{GREGORY,<a target=\"_blank\" rel=\"nofollow\" href=\"https:\/\/www.tribunal-nature.org\/blog\/goto\/https:\/\/www.kobo.com\/fr\/fr\/ebook\/gregory-7\"  target=\"_blank\" rel=\"noopener noreferrer nofollow\">Le livre <\/a><span><\/span>.}<br \/>\n|{Histoire de France\/Affermissement du pouvoir royal,<a target=\"_blank\" rel=\"nofollow\" href=\"https:\/\/www.tribunal-nature.org\/blog\/goto\/https:\/\/fr.wikibooks.org\/wiki\/Histoire_de_France\/Affermissement_du_pouvoir_royal\"  target=\"_blank\" rel=\"noopener noreferrer nofollow\">Clicker Ici <\/a><span><\/span>.}<br \/>\n|{Histoire de France\/Guerre de Cent ans,<a target=\"_blank\" rel=\"nofollow\" href=\"https:\/\/www.tribunal-nature.org\/blog\/goto\/https:\/\/fr.wikibooks.org\/wiki\/Histoire_de_France\/Guerre_de_Cent_ans\"  target=\"_blank\" rel=\"noopener noreferrer nofollow\">A voir et \u00e0 lire. <\/a><span><\/span>. Disponible sur internet.}<br \/>\n|{Histoire de France\/Guerres de religion,<a target=\"_blank\" rel=\"nofollow\" href=\"https:\/\/www.tribunal-nature.org\/blog\/goto\/https:\/\/fr.wikibooks.org\/wiki\/Histoire_de_France\/Guerres_de_religion\"  target=\"_blank\" rel=\"noopener noreferrer nofollow\">Ouvrage <\/a><span><\/span>. A emprunter en biblioth\u00e8que.}<br \/>\n|{Histoire de France\/La R\u00e9volution,<a target=\"_blank\" rel=\"nofollow\" href=\"https:\/\/www.tribunal-nature.org\/blog\/goto\/https:\/\/fr.wikibooks.org\/wiki\/Histoire_de_France\/La_R%C3%A9volution\"  target=\"_blank\" rel=\"noopener noreferrer nofollow\">Le livre <\/a><span><\/span>. Ouvrage de r\u00e9f\u00e9rence.}<br \/>\n|{Histoire de France\/Les Cap\u00e9tiens directs,<a target=\"_blank\" rel=\"nofollow\" href=\"https:\/\/www.tribunal-nature.org\/blog\/goto\/https:\/\/fr.wikibooks.org\/wiki\/Histoire_de_France\/Les_Cap%C3%A9tiens_directs\"  target=\"_blank\" rel=\"noopener noreferrer nofollow\">(la couverture) <\/a><span><\/span>.}<br \/>\n|{Histoire de France\/Les Carolingiens,<a target=\"_blank\" rel=\"nofollow\" href=\"https:\/\/www.tribunal-nature.org\/blog\/goto\/https:\/\/fr.wikibooks.org\/wiki\/Histoire_de_France\/Les_Carolingiens\"  target=\"_blank\" rel=\"noopener noreferrer nofollow\">Le livre <\/a><span><\/span>.}<br \/>\n|{Histoire de France\/Les M\u00e9rovingiens,<a target=\"_blank\" rel=\"nofollow\" href=\"https:\/\/www.tribunal-nature.org\/blog\/goto\/https:\/\/fr.wikibooks.org\/wiki\/Histoire_de_France\/Les_M%C3%A9rovingiens\"  target=\"_blank\" rel=\"noopener noreferrer nofollow\">Clicker Ici <\/a><span><\/span>. Disponible dans toutes les bonnes biblioth\u00e8ques de votre d\u00e9partement.}<br \/>\n|{Histoire de la France m\u00e9di\u00e9vale\/La seigneurie,<a target=\"_blank\" rel=\"nofollow\" href=\"https:\/\/www.tribunal-nature.org\/blog\/goto\/https:\/\/fr.wikibooks.org\/wiki\/Histoire_de_la_France_m%C3%A9di%C3%A9vale\/La_seigneurie\"  target=\"_blank\" rel=\"noopener noreferrer nofollow\">A voir et \u00e0 lire. <\/a><span><\/span>.}<br \/>\n|{Histoire de la France m\u00e9di\u00e9vale\/Les ch\u00e2teaux forts,<a target=\"_blank\" rel=\"nofollow\" href=\"https:\/\/www.tribunal-nature.org\/blog\/goto\/https:\/\/fr.wikibooks.org\/wiki\/Histoire_de_la_France_m%C3%A9di%C3%A9vale\/Les_ch%C3%A2teaux_forts\"  target=\"_blank\" rel=\"noopener noreferrer nofollow\">Ouvrage <\/a><span><\/span>.}<br \/>\n|{Histoire de la justice,<a target=\"_blank\" rel=\"nofollow\" href=\"https:\/\/www.tribunal-nature.org\/blog\/goto\/https:\/\/www.kobo.com\/fr\/fr\/ebook\/histoire-de-la-justice\"  target=\"_blank\" rel=\"noopener noreferrer nofollow\">Le livre <\/a><span><\/span>.}<br \/>\n|{Histoire de l\u2019Europe\/Les Carolingiens,<a target=\"_blank\" rel=\"nofollow\" href=\"https:\/\/www.tribunal-nature.org\/blog\/goto\/https:\/\/fr.wikibooks.org\/wiki\/Histoire_de_l%27Europe\/Les_Carolingiens\"  target=\"_blank\" rel=\"noopener noreferrer nofollow\">(la couverture) <\/a><span><\/span>.}<br \/>\n|{Histoire du droit p\u00e9nal en Europe,<a target=\"_blank\" rel=\"nofollow\" href=\"https:\/\/www.tribunal-nature.org\/blog\/goto\/https:\/\/booknode.com\/histoire_du_droit_penal_en_europe_035024\"  target=\"_blank\" rel=\"noopener noreferrer nofollow\">Le livre <\/a><span><\/span>.}<br \/>\n|{Histoire du droit p\u00e9nal en Europe,<a target=\"_blank\" rel=\"nofollow\" href=\"https:\/\/www.tribunal-nature.org\/blog\/goto\/https:\/\/booknode.com\/histoire_du_droit_penal_en_europe_035024\"  target=\"_blank\" rel=\"noopener noreferrer nofollow\">Clicker Ici <\/a><span><\/span>. Disponible dans toutes les bonnes biblioth\u00e8ques de votre d\u00e9partement.}<br \/>\n|{Histoire du droit priv\u00e9 allemand\/La renaissance des droits savants,<a target=\"_blank\" rel=\"nofollow\" href=\"https:\/\/www.tribunal-nature.org\/blog\/goto\/https:\/\/fr.wikibooks.org\/wiki\/Histoire_du_droit_priv%C3%A9_allemand\/La_renaissance_des_droits_savants\"  target=\"_blank\" rel=\"noopener noreferrer nofollow\">A voir et \u00e0 lire. <\/a><span><\/span>. Disponible sur internet.}<br \/>\n|{Histoire du droit priv\u00e9 allemand\/L\u2019\u00e9cole historique et la marche vers l\u2019unit\u00e9,<a target=\"_blank\" rel=\"nofollow\" href=\"https:\/\/www.tribunal-nature.org\/blog\/goto\/https:\/\/fr.wikibooks.org\/wiki\/Histoire_du_droit_priv%C3%A9_allemand\/L%27%C3%A9cole_historique_et_la_marche_vers_l%27unit%C3%A9\"  target=\"_blank\" rel=\"noopener noreferrer nofollow\">Ouvrage <\/a><span><\/span>.}<br \/>\n|{Histoire du droit priv\u00e9 allemand\/Les droits anciens germaniques,<a target=\"_blank\" rel=\"nofollow\" href=\"https:\/\/www.tribunal-nature.org\/blog\/goto\/https:\/\/fr.wikibooks.org\/wiki\/Histoire_du_droit_priv%C3%A9_allemand\/Les_droits_anciens_germaniques\"  target=\"_blank\" rel=\"noopener noreferrer nofollow\">Le livre <\/a><span><\/span>.}<br \/>\n|{iJudge, vers une justice pr\u00e9dictive,<a target=\"_blank\" rel=\"nofollow\" href=\"https:\/\/www.tribunal-nature.org\/blog\/goto\/https:\/\/www.kobo.com\/fr\/fr\/ebook\/ijudge-vers-une-justice-predictive\"  target=\"_blank\" rel=\"noopener noreferrer nofollow\">(la couverture) <\/a><span><\/span>.}<br \/>\n|{Images de la justice: Essai sur l\u2019iconographie judiciaire du Moyen \u00e2ge \u00e0 l\u2019\u00e2ge classique,<a target=\"_blank\" rel=\"nofollow\" href=\"https:\/\/www.tribunal-nature.org\/blog\/goto\/https:\/\/booknode.com\/images_de_la_justice_essai_sur_liconographie_judiciaire_du_moyen_age_a_lage_classique_01395885\"  target=\"_blank\" rel=\"noopener noreferrer nofollow\">Le livre <\/a><span><\/span>. Disponible dans toutes les bonnes librairies.}<br \/>\n|{Institutions juridictionnelles,<a target=\"_blank\" rel=\"nofollow\" href=\"https:\/\/www.tribunal-nature.org\/blog\/goto\/https:\/\/booknode.com\/institutions_juridictionnelles_02439363\"  target=\"_blank\" rel=\"noopener noreferrer nofollow\">Clicker Ici <\/a><span><\/span>.}<br \/>\n|{Institutions juridictionnelles et proc\u00e8s,<a target=\"_blank\" rel=\"nofollow\" href=\"https:\/\/www.tribunal-nature.org\/blog\/goto\/https:\/\/booknode.com\/institutions_juridictionnelles_et_proces_047800\"  target=\"_blank\" rel=\"noopener noreferrer nofollow\">A voir et \u00e0 lire. <\/a><span><\/span>.}<br \/>\n|{Introduction au Droit,<a target=\"_blank\" rel=\"nofollow\" href=\"https:\/\/www.tribunal-nature.org\/blog\/goto\/https:\/\/booknode.com\/introduction_au_droit_01677424\"  target=\"_blank\" rel=\"noopener noreferrer nofollow\">Ouvrage <\/a><span><\/span>.}<br \/>\n|{Introduction g\u00e9n\u00e9rale au droit,<a target=\"_blank\" rel=\"nofollow\" href=\"https:\/\/www.tribunal-nature.org\/blog\/goto\/https:\/\/booknode.com\/introduction_generale_au_droit_01773795\"  target=\"_blank\" rel=\"noopener noreferrer nofollow\">Le livre <\/a><span><\/span>.}<br \/>\n|{Japonais\/Liste des articles,<a target=\"_blank\" rel=\"nofollow\" href=\"https:\/\/www.tribunal-nature.org\/blog\/goto\/https:\/\/fr.wikibooks.org\/wiki\/Japonais\/Liste_des_articles\"  target=\"_blank\" rel=\"noopener noreferrer nofollow\">(la couverture) <\/a><span><\/span>.}<br \/>\n|{Japonais\/Vocabulaire,<a target=\"_blank\" rel=\"nofollow\" href=\"https:\/\/www.tribunal-nature.org\/blog\/goto\/https:\/\/fr.wikibooks.org\/wiki\/Japonais\/Vocabulaire\"  target=\"_blank\" rel=\"noopener noreferrer nofollow\">Le livre <\/a><span><\/span>.}<br \/>\n|{Japonais\/Vocabulaire\/Justice,<a target=\"_blank\" rel=\"nofollow\" href=\"https:\/\/www.tribunal-nature.org\/blog\/goto\/https:\/\/fr.wikibooks.org\/wiki\/Japonais\/Vocabulaire\/Justice\"  target=\"_blank\" rel=\"noopener noreferrer nofollow\">Clicker Ici <\/a><span><\/span>.}<br \/>\n|{Je voulais juste rentrer chez moi,<a target=\"_blank\" rel=\"nofollow\" href=\"https:\/\/www.tribunal-nature.org\/blog\/goto\/https:\/\/booknode.com\/je_voulais_juste_rentrer_chez_moi_02705\"  target=\"_blank\" rel=\"noopener noreferrer nofollow\">A voir et \u00e0 lire. <\/a><span><\/span>.}<br \/>\n|{J\u2019\u00e9tais \u00e0 sa merci,<a target=\"_blank\" rel=\"nofollow\" href=\"https:\/\/www.tribunal-nature.org\/blog\/goto\/https:\/\/booknode.com\/jetais_a_sa_merci_01363123\"  target=\"_blank\" rel=\"noopener noreferrer nofollow\">Ouvrage <\/a><span><\/span>.}<br \/>\n|{Jeux dangereux,<a target=\"_blank\" rel=\"nofollow\" href=\"https:\/\/www.tribunal-nature.org\/blog\/goto\/https:\/\/www.kobo.com\/fr\/fr\/ebook\/jeux-dangereux-4\"  target=\"_blank\" rel=\"noopener noreferrer nofollow\">Le livre <\/a><span><\/span>.}<br \/>\n|{Juger sous Vichy, juger Vichy,<a target=\"_blank\" rel=\"nofollow\" href=\"https:\/\/www.tribunal-nature.org\/blog\/goto\/https:\/\/www.kobo.com\/fr\/fr\/ebook\/juger-sous-vichy-juger-vichy\"  target=\"_blank\" rel=\"noopener noreferrer nofollow\">(la couverture) <\/a><span><\/span>.}<br \/>\n|{Juger, \u00eatre jug\u00e9,<a target=\"_blank\" rel=\"nofollow\" href=\"https:\/\/www.tribunal-nature.org\/blog\/goto\/https:\/\/booknode.com\/juger_etre_juge_03437661\"  target=\"_blank\" rel=\"noopener noreferrer nofollow\">Le livre <\/a><span><\/span>. Disponible dans toutes les bonnes librairies.}<br \/>\n|{Justice,<a target=\"_blank\" rel=\"nofollow\" href=\"https:\/\/www.tribunal-nature.org\/blog\/goto\/https:\/\/www.kobo.com\/fr\/fr\/ebook\/justice-74\"  target=\"_blank\" rel=\"noopener noreferrer nofollow\">Clicker Ici <\/a><span><\/span>.}<br \/>\n|{Justice,<a target=\"_blank\" rel=\"nofollow\" href=\"https:\/\/www.tribunal-nature.org\/blog\/goto\/https:\/\/www.kobo.com\/fr\/fr\/ebook\/justice-133\"  target=\"_blank\" rel=\"noopener noreferrer nofollow\">A voir et \u00e0 lire. <\/a><span><\/span>. Disponible sur internet.}<br \/>\n|{Justice,<a target=\"_blank\" rel=\"nofollow\" href=\"https:\/\/www.tribunal-nature.org\/blog\/goto\/https:\/\/www.kobo.com\/fr\/fr\/ebook\/justice-174\"  target=\"_blank\" rel=\"noopener noreferrer nofollow\">Ouvrage <\/a><span><\/span>.}<br \/>\n|{Justice,<a target=\"_blank\" rel=\"nofollow\" href=\"https:\/\/www.tribunal-nature.org\/blog\/goto\/https:\/\/www.kobo.com\/fr\/fr\/ebook\/justice-93\"  target=\"_blank\" rel=\"noopener noreferrer nofollow\">Le livre <\/a><span><\/span>. Ouvrage de r\u00e9f\u00e9rence.}<br \/>\n|{Justice,<a target=\"_blank\" rel=\"nofollow\" href=\"https:\/\/www.tribunal-nature.org\/blog\/goto\/https:\/\/www.kobo.com\/fr\/fr\/ebook\/justice-168\"  target=\"_blank\" rel=\"noopener noreferrer nofollow\">(la couverture) <\/a><span><\/span>.}<br \/>\n|{Justice,<a target=\"_blank\" rel=\"nofollow\" href=\"https:\/\/www.tribunal-nature.org\/blog\/goto\/https:\/\/www.kobo.com\/fr\/fr\/ebook\/justice-105\"  target=\"_blank\" rel=\"noopener noreferrer nofollow\">Le livre <\/a><span><\/span>.}<br \/>\n|{Justice : un magistrat d\u00e9pose\u2026,<a target=\"_blank\" rel=\"nofollow\" href=\"https:\/\/www.tribunal-nature.org\/blog\/goto\/https:\/\/www.kobo.com\/fr\/fr\/ebook\/justice-un-magistrat-depose-1\"  target=\"_blank\" rel=\"noopener noreferrer nofollow\">Clicker Ici <\/a><span><\/span>.}<br \/>\n|{Justice aux Canadiens-Fran\u00e7ais !,<a target=\"_blank\" rel=\"nofollow\" href=\"https:\/\/www.tribunal-nature.org\/blog\/goto\/https:\/\/fr.wikisource.org\/wiki\/Justice_aux_Canadiens-Fran%C3%A7ais_!\"  target=\"_blank\" rel=\"noopener noreferrer nofollow\">A voir et \u00e0 lire. <\/a><span><\/span>.}<br \/>\n|{Justice aux Canadiens-Fran\u00e7ais !\/Adresse,<a target=\"_blank\" rel=\"nofollow\" href=\"https:\/\/www.tribunal-nature.org\/blog\/goto\/https:\/\/fr.wikisource.org\/wiki\/Justice_aux_Canadiens-Fran%C3%A7ais_!\/Adresse\"  target=\"_blank\" rel=\"noopener noreferrer nofollow\">Ouvrage <\/a><span><\/span>.}<br \/>\n|{Justice aux Canadiens-Fran\u00e7ais !\/Chapitre III,<a target=\"_blank\" rel=\"nofollow\" href=\"https:\/\/www.tribunal-nature.org\/blog\/goto\/https:\/\/fr.wikisource.org\/wiki\/Justice_aux_Canadiens-Fran%C3%A7ais_!\/Chapitre_III\"  target=\"_blank\" rel=\"noopener noreferrer nofollow\">Le livre <\/a><span><\/span>.}<br \/>\n|{Justice aux Canadiens-Fran\u00e7ais !\/Chapitre IX,<a target=\"_blank\" rel=\"nofollow\" href=\"https:\/\/www.tribunal-nature.org\/blog\/goto\/https:\/\/fr.wikisource.org\/wiki\/Justice_aux_Canadiens-Fran%C3%A7ais_!\/Chapitre_IX\"  target=\"_blank\" rel=\"noopener noreferrer nofollow\">(la couverture) <\/a><span><\/span>. Disponible \u00e0 l\u2019achat sur les plateformes Amazon, Fnac, Cultura \u2026.}<br \/>\n|{Justice aux Canadiens-Fran\u00e7ais !\/Chapitre V,<a target=\"_blank\" rel=\"nofollow\" href=\"https:\/\/www.tribunal-nature.org\/blog\/goto\/https:\/\/fr.wikisource.org\/wiki\/Justice_aux_Canadiens-Fran%C3%A7ais_!\/Chapitre_V\"  target=\"_blank\" rel=\"noopener noreferrer nofollow\">Le livre <\/a><span><\/span>.}<br \/>\n|{Justice aux Canadiens-Fran\u00e7ais !\/Chapitre X,<a target=\"_blank\" rel=\"nofollow\" href=\"https:\/\/www.tribunal-nature.org\/blog\/goto\/https:\/\/fr.wikisource.org\/wiki\/Justice_aux_Canadiens-Fran%C3%A7ais_!\/Chapitre_X\"  target=\"_blank\" rel=\"noopener noreferrer nofollow\">Clicker Ici <\/a><span><\/span>.}<br \/>\n|{Justice aux Canadiens-Fran\u00e7ais !\/Chapitre XI,<a target=\"_blank\" rel=\"nofollow\" href=\"https:\/\/www.tribunal-nature.org\/blog\/goto\/https:\/\/fr.wikisource.org\/wiki\/Justice_aux_Canadiens-Fran%C3%A7ais_!\/Chapitre_XI\"  target=\"_blank\" rel=\"noopener noreferrer nofollow\">A voir et \u00e0 lire. <\/a><span><\/span>. Disponible sur internet.}<br \/>\n|{Justice aux Canadiens-Fran\u00e7ais !\/Chapitre XVI,<a target=\"_blank\" rel=\"nofollow\" href=\"https:\/\/www.tribunal-nature.org\/blog\/goto\/https:\/\/fr.wikisource.org\/wiki\/Justice_aux_Canadiens-Fran%C3%A7ais_!\/Chapitre_XVI\"  target=\"_blank\" rel=\"noopener noreferrer nofollow\">Ouvrage <\/a><span><\/span>.}<br \/>\n|{Justice aux Canadiens-Fran\u00e7ais !\/Introduction,<a target=\"_blank\" rel=\"nofollow\" href=\"https:\/\/www.tribunal-nature.org\/blog\/goto\/https:\/\/fr.wikisource.org\/wiki\/Justice_aux_Canadiens-Fran%C3%A7ais_!\/Introduction\"  target=\"_blank\" rel=\"noopener noreferrer nofollow\">Le livre <\/a><span><\/span>. Ouvrage de r\u00e9f\u00e9rence.}<br \/>\n|{Justice aux \u00c9tats-Unis,<a target=\"_blank\" rel=\"nofollow\" href=\"https:\/\/www.tribunal-nature.org\/blog\/goto\/https:\/\/www.kobo.com\/fr\/fr\/ebook\/justice-aux-etats-unis\"  target=\"_blank\" rel=\"noopener noreferrer nofollow\">(la couverture) <\/a><span><\/span>.}<br \/>\n|{Justice boiteuse,<a target=\"_blank\" rel=\"nofollow\" href=\"https:\/\/www.tribunal-nature.org\/blog\/goto\/https:\/\/fr.wikisource.org\/wiki\/Justice_boiteuse\"  target=\"_blank\" rel=\"noopener noreferrer nofollow\">Le livre <\/a><span><\/span>.}<br \/>\n|{Justice digitale,<a target=\"_blank\" rel=\"nofollow\" href=\"https:\/\/www.tribunal-nature.org\/blog\/goto\/https:\/\/www.kobo.com\/fr\/fr\/ebook\/justice-digitale\"  target=\"_blank\" rel=\"noopener noreferrer nofollow\">Clicker Ici <\/a><span><\/span>.}<br \/>\n|{Justice divine,<a target=\"_blank\" rel=\"nofollow\" href=\"https:\/\/www.tribunal-nature.org\/blog\/goto\/https:\/\/www.kobo.com\/fr\/fr\/ebook\/justice-divine\"  target=\"_blank\" rel=\"noopener noreferrer nofollow\">A voir et \u00e0 lire. <\/a><span><\/span>. Disponible sur internet.}<br \/>\n|{Justice et charit\u00e9,<a target=\"_blank\" rel=\"nofollow\" href=\"https:\/\/www.tribunal-nature.org\/blog\/goto\/https:\/\/www.kobo.com\/fr\/fr\/ebook\/justice-et-charite-3\"  target=\"_blank\" rel=\"noopener noreferrer nofollow\">Ouvrage <\/a><span><\/span>. A emprunter en biblioth\u00e8que.}<br \/>\n|{Justice et d\u00e9viance \u00e0 l\u2019\u00e9poque contemporaine,<a target=\"_blank\" rel=\"nofollow\" href=\"https:\/\/www.tribunal-nature.org\/blog\/goto\/https:\/\/www.kobo.com\/fr\/fr\/ebook\/justice-et-deviance-a-l-epoque-contemporaine\"  target=\"_blank\" rel=\"noopener noreferrer nofollow\">Le livre <\/a><span><\/span>.}<br \/>\n|{Justice et fraternit\u00e9,<a target=\"_blank\" rel=\"nofollow\" href=\"https:\/\/www.tribunal-nature.org\/blog\/goto\/https:\/\/fr.wikisource.org\/wiki\/Justice_et_fraternit%C3%A9\"  target=\"_blank\" rel=\"noopener noreferrer nofollow\">(la couverture) <\/a><span><\/span>.}<br \/>\n|{Justice et Internet, Une Philosophie du Droit pour le Monde Virtuel,<a target=\"_blank\" rel=\"nofollow\" href=\"https:\/\/www.tribunal-nature.org\/blog\/goto\/https:\/\/www.kobo.com\/fr\/fr\/ebook\/justice-et-internet-une-philosophie-du-droit-pour-le-monde-virtuel-1\"  target=\"_blank\" rel=\"noopener noreferrer nofollow\">Le livre <\/a><span><\/span>. Disponible dans toutes les bonnes librairies.}<br \/>\n|{Justice et politique : le couple infernal,<a target=\"_blank\" rel=\"nofollow\" href=\"https:\/\/www.tribunal-nature.org\/blog\/goto\/https:\/\/www.kobo.com\/fr\/fr\/ebook\/justice-et-politique-le-couple-infernal\"  target=\"_blank\" rel=\"noopener noreferrer nofollow\">Clicker Ici <\/a><span><\/span>. Disponible dans toutes les bonnes biblioth\u00e8ques de votre d\u00e9partement.}<br \/>\n|{Justice fran\u00e7aise, la Grande Escroquerie,<a target=\"_blank\" rel=\"nofollow\" href=\"https:\/\/www.tribunal-nature.org\/blog\/goto\/https:\/\/www.kobo.com\/fr\/fr\/ebook\/justice-francaise-la-grande-escroquerie\"  target=\"_blank\" rel=\"noopener noreferrer nofollow\">A voir et \u00e0 lire. <\/a><span><\/span>.}<br \/>\n|{Justice impossible,<a target=\"_blank\" rel=\"nofollow\" href=\"https:\/\/www.tribunal-nature.org\/blog\/goto\/https:\/\/www.kobo.com\/fr\/fr\/ebook\/justice-impossible\"  target=\"_blank\" rel=\"noopener noreferrer nofollow\">Ouvrage <\/a><span><\/span>. A emprunter en biblioth\u00e8que.}<br \/>\n|{Justice internationale,<a target=\"_blank\" rel=\"nofollow\" href=\"https:\/\/www.tribunal-nature.org\/blog\/goto\/https:\/\/www.kobo.com\/fr\/fr\/ebook\/justice-internationale\"  target=\"_blank\" rel=\"noopener noreferrer nofollow\">Le livre <\/a><span><\/span>.}<br \/>\n|{Justice League \u2013 Tome 2 \u2013 L\u2019odyss\u00e9e du mal,<a target=\"_blank\" rel=\"nofollow\" href=\"https:\/\/www.tribunal-nature.org\/blog\/goto\/https:\/\/www.kobo.com\/fr\/fr\/ebook\/justice-league-tome-2-l-odyssee-du-mal\"  target=\"_blank\" rel=\"noopener noreferrer nofollow\">(la couverture) <\/a><span><\/span>. Disponible \u00e0 l\u2019achat sur les plateformes Amazon, Fnac, Cultura \u2026.}<br \/>\n|{Justice League \u2013 Tome 5 \u2013 La guerre des ligues,<a target=\"_blank\" rel=\"nofollow\" href=\"https:\/\/www.tribunal-nature.org\/blog\/goto\/https:\/\/www.kobo.com\/fr\/fr\/ebook\/justice-league-tome-5-la-guerre-des-ligues\"  target=\"_blank\" rel=\"noopener noreferrer nofollow\">Le livre <\/a><span><\/span>.}<br \/>\n|{Justice League \u2013 Tome 8 \u2013 La Ligue d\u2019Injustice,<a target=\"_blank\" rel=\"nofollow\" href=\"https:\/\/www.tribunal-nature.org\/blog\/goto\/https:\/\/www.kobo.com\/fr\/fr\/ebook\/justice-league-tome-8-la-ligue-d-injustice\"  target=\"_blank\" rel=\"noopener noreferrer nofollow\">Clicker Ici <\/a><span><\/span>.}<br \/>\n|{Justice p\u00e9nale internationale Les nouveaux enjeux de Nuremberg \u00e0 La Haye,<a target=\"_blank\" rel=\"nofollow\" href=\"https:\/\/www.tribunal-nature.org\/blog\/goto\/https:\/\/booknode.com\/justice_penale_internationale_les_nouveaux_enjeux_de_nuremberg_a_la_haye_02072913\"  target=\"_blank\" rel=\"noopener noreferrer nofollow\">A voir et \u00e0 lire. <\/a><span><\/span>.}<br \/>\n|{Justice populaire,<a target=\"_blank\" rel=\"nofollow\" href=\"https:\/\/www.tribunal-nature.org\/blog\/goto\/https:\/\/fr.wikisource.org\/wiki\/Justice_populaire\"  target=\"_blank\" rel=\"noopener noreferrer nofollow\">Ouvrage <\/a><span><\/span>.}<br \/>\n|{Justice populaire (Magon),<a target=\"_blank\" rel=\"nofollow\" href=\"https:\/\/www.tribunal-nature.org\/blog\/goto\/https:\/\/fr.wikisource.org\/wiki\/Justice_populaire_(Magon)\"  target=\"_blank\" rel=\"noopener noreferrer nofollow\">Le livre <\/a><span><\/span>. Ouvrage de r\u00e9f\u00e9rence.}<br \/>\n|{Justice pour Cross,<a target=\"_blank\" rel=\"nofollow\" href=\"https:\/\/www.tribunal-nature.org\/blog\/goto\/https:\/\/www.kobo.com\/fr\/fr\/ebook\/justice-pour-cross\"  target=\"_blank\" rel=\"noopener noreferrer nofollow\">(la couverture) <\/a><span><\/span>.}<br \/>\n|{Justice pour la R\u00e9publique,<a target=\"_blank\" rel=\"nofollow\" href=\"https:\/\/www.tribunal-nature.org\/blog\/goto\/https:\/\/www.kobo.com\/fr\/fr\/ebook\/justice-pour-la-republique-2\"  target=\"_blank\" rel=\"noopener noreferrer nofollow\">Le livre <\/a><span><\/span>.}<br \/>\n|{Justice restaurative,<a target=\"_blank\" rel=\"nofollow\" href=\"https:\/\/www.tribunal-nature.org\/blog\/goto\/https:\/\/www.kobo.com\/fr\/fr\/ebook\/justice-restaurative-principes-et-promesses-2e-edition\"  target=\"_blank\" rel=\"noopener noreferrer nofollow\">Clicker Ici <\/a><span><\/span>.}<br \/>\n|{L\u2019administration d\u00e9concentr\u00e9e,<a target=\"_blank\" rel=\"nofollow\" href=\"https:\/\/www.tribunal-nature.org\/blog\/goto\/https:\/\/fr.wikibooks.org\/wiki\/L%E2%80%99administration_d%C3%A9concentr%C3%A9e\"  target=\"_blank\" rel=\"noopener noreferrer nofollow\">A voir et \u00e0 lire. <\/a><span><\/span>. Disponible sur internet.}<br \/>\n|{L\u2019\u00c9conomie politique et la justice,<a target=\"_blank\" rel=\"nofollow\" href=\"https:\/\/www.tribunal-nature.org\/blog\/goto\/https:\/\/fr.wikisource.org\/wiki\/L%E2%80%99%C3%89conomie_politique_et_la_justice\"  target=\"_blank\" rel=\"noopener noreferrer nofollow\">Ouvrage <\/a><span><\/span>.}<br \/>\n|{L\u2019\u00c9conomie politique et la justice\/1,<a target=\"_blank\" rel=\"nofollow\" href=\"https:\/\/www.tribunal-nature.org\/blog\/goto\/https:\/\/fr.wikisource.org\/wiki\/L%E2%80%99%C3%89conomie_politique_et_la_justice\/1\"  target=\"_blank\" rel=\"noopener noreferrer nofollow\">Le livre <\/a><span><\/span>. Ouvrage de r\u00e9f\u00e9rence.}<br \/>\n|{L\u2019\u00c9conomie politique et la justice\/3,<a target=\"_blank\" rel=\"nofollow\" href=\"https:\/\/www.tribunal-nature.org\/blog\/goto\/https:\/\/fr.wikisource.org\/wiki\/L%E2%80%99%C3%89conomie_politique_et_la_justice\/3\"  target=\"_blank\" rel=\"noopener noreferrer nofollow\">(la couverture) <\/a><span><\/span>.}<br \/>\n|{L\u2019Encyclop\u00e9die\/1re \u00e9dition\/BASSE-JUSTICE,<a target=\"_blank\" rel=\"nofollow\" href=\"https:\/\/www.tribunal-nature.org\/blog\/goto\/https:\/\/fr.wikisource.org\/wiki\/L%E2%80%99Encyclop%C3%A9die\/1re_%C3%A9dition\/BASSE-JUSTICE\"  target=\"_blank\" rel=\"noopener noreferrer nofollow\">Le livre <\/a><span><\/span>.}<br \/>\n|{L\u2019Encyclop\u00e9die\/1re \u00e9dition\/EX\u00c9CUTEUR DE LA HAUTE JUSTICE,<a target=\"_blank\" rel=\"nofollow\" href=\"https:\/\/www.tribunal-nature.org\/blog\/goto\/https:\/\/fr.wikisource.org\/wiki\/L%E2%80%99Encyclop%C3%A9die\/1re_%C3%A9dition\/EX%C3%89CUTEUR_DE_LA_HAUTE_JUSTICE\"  target=\"_blank\" rel=\"noopener noreferrer nofollow\">Clicker Ici <\/a><span><\/span>.}<br \/>\n|{L\u2019Encyclop\u00e9die\/1re \u00e9dition\/HAUTE-JUSTICE,<a target=\"_blank\" rel=\"nofollow\" href=\"https:\/\/www.tribunal-nature.org\/blog\/goto\/https:\/\/fr.wikisource.org\/wiki\/L%E2%80%99Encyclop%C3%A9die\/1re_%C3%A9dition\/HAUTE-JUSTICE\"  target=\"_blank\" rel=\"noopener noreferrer nofollow\">A voir et \u00e0 lire. <\/a><span><\/span>.}<br \/>\n|{L\u2019Encyclop\u00e9die\/1re \u00e9dition\/JUSTICE,<a target=\"_blank\" rel=\"nofollow\" href=\"https:\/\/www.tribunal-nature.org\/blog\/goto\/https:\/\/fr.wikisource.org\/wiki\/L%E2%80%99Encyclop%C3%A9die\/1re_%C3%A9dition\/JUSTICE\"  target=\"_blank\" rel=\"noopener noreferrer nofollow\">Ouvrage <\/a><span><\/span>.}<br \/>\n|{L\u2019Organisation de la Vindicte appel\u00e9e Justice,<a target=\"_blank\" rel=\"nofollow\" href=\"https:\/\/www.tribunal-nature.org\/blog\/goto\/https:\/\/fr.wikisource.org\/wiki\/L%E2%80%99Organisation_de_la_Vindicte_appel%C3%A9e_Justice\"  target=\"_blank\" rel=\"noopener noreferrer nofollow\">Le livre <\/a><span><\/span>.}<br \/>\n|{La balance, le glaive et les fourmis,<a target=\"_blank\" rel=\"nofollow\" href=\"https:\/\/www.tribunal-nature.org\/blog\/goto\/https:\/\/booknode.com\/la_balance_le_glaive_et_les_fourmis_03394458\"  target=\"_blank\" rel=\"noopener noreferrer nofollow\">(la couverture) <\/a><span><\/span>. Disponible \u00e0 l\u2019achat sur les plateformes Amazon, Fnac, Cultura \u2026.}<br \/>\n|{La cassation en mati\u00e8re civile,<a target=\"_blank\" rel=\"nofollow\" href=\"https:\/\/www.tribunal-nature.org\/blog\/goto\/https:\/\/booknode.com\/la_cassation_en_matiere_civile_039463\"  target=\"_blank\" rel=\"noopener noreferrer nofollow\">Le livre <\/a><span><\/span>.}<br \/>\n|{La causalit\u00e9 en droit p\u00e9nal,<a target=\"_blank\" rel=\"nofollow\" href=\"https:\/\/www.tribunal-nature.org\/blog\/goto\/https:\/\/booknode.com\/la_causalite_en_droit_penal_052614\"  target=\"_blank\" rel=\"noopener noreferrer nofollow\">Clicker Ici <\/a><span><\/span>.}<br \/>\n|{La Couleur de la justice,<a target=\"_blank\" rel=\"nofollow\" href=\"https:\/\/www.tribunal-nature.org\/blog\/goto\/https:\/\/www.kobo.com\/fr\/fr\/ebook\/la-couleur-de-la-justice-1\"  target=\"_blank\" rel=\"noopener noreferrer nofollow\">A voir et \u00e0 lire. <\/a><span><\/span>.}<br \/>\n|{La Cour d\u2019assises,<a target=\"_blank\" rel=\"nofollow\" href=\"https:\/\/www.tribunal-nature.org\/blog\/goto\/https:\/\/www.kobo.com\/fr\/fr\/ebook\/la-cour-d-assises-2\"  target=\"_blank\" rel=\"noopener noreferrer nofollow\">Ouvrage <\/a><span><\/span>.}<br \/>\n|{La Cour de cassation et le code p\u00e9nal de 1810 : le principe de l\u00e9galit\u00e9 \u00e0 l\u2019\u00e9preuve de la jurisprudence (1811-1863),<a target=\"_blank\" rel=\"nofollow\" href=\"https:\/\/www.tribunal-nature.org\/blog\/goto\/https:\/\/booknode.com\/la_cour_de_cassation_et_le_code_penal_de_1810_le_principe_de_legalite_a_lepreuve_de_la_jurisprudence_1811_1863_022358\"  target=\"_blank\" rel=\"noopener noreferrer nofollow\">Le livre <\/a><span><\/span>.}<br \/>\n|{La d\u00e9fense dans la peau,<a target=\"_blank\" rel=\"nofollow\" href=\"https:\/\/www.tribunal-nature.org\/blog\/goto\/https:\/\/booknode.com\/la_defense_dans_la_peau_0807063\"  target=\"_blank\" rel=\"noopener noreferrer nofollow\">(la couverture) <\/a><span><\/span>. Disponible \u00e0 l\u2019achat sur les plateformes Amazon, Fnac, Cultura \u2026.}<br \/>\n|{La d\u00e9ontologie de l\u2019avocat,<a target=\"_blank\" rel=\"nofollow\" href=\"https:\/\/www.tribunal-nature.org\/blog\/goto\/https:\/\/booknode.com\/la_deontologie_de_lavocat_047082\"  target=\"_blank\" rel=\"noopener noreferrer nofollow\">Le livre <\/a><span><\/span>.}<br \/>\n|{La d\u00e9ontologie des magistrats,<a target=\"_blank\" rel=\"nofollow\" href=\"https:\/\/www.tribunal-nature.org\/blog\/goto\/https:\/\/booknode.com\/la_deontologie_des_magistrats_028051\"  target=\"_blank\" rel=\"noopener noreferrer nofollow\">Clicker Ici <\/a><span><\/span>. Disponible dans toutes les bonnes biblioth\u00e8ques de votre d\u00e9partement.}<br \/>\n|{La D\u00e9position,<a target=\"_blank\" rel=\"nofollow\" href=\"https:\/\/www.tribunal-nature.org\/blog\/goto\/https:\/\/booknode.com\/la_deposition_01906715\"  target=\"_blank\" rel=\"noopener noreferrer nofollow\">A voir et \u00e0 lire. <\/a><span><\/span>. Disponible sur internet.}<br \/>\n|{La documentation\/Dur\u00e9es de conservation,<a target=\"_blank\" rel=\"nofollow\" href=\"https:\/\/www.tribunal-nature.org\/blog\/goto\/https:\/\/fr.wikibooks.org\/wiki\/La_documentation\/Dur%C3%A9es_de_conservation\"  target=\"_blank\" rel=\"noopener noreferrer nofollow\">Ouvrage <\/a><span><\/span>. A emprunter en biblioth\u00e8que.}<br \/>\n|{La fabrique des jugements,<a target=\"_blank\" rel=\"nofollow\" href=\"https:\/\/www.tribunal-nature.org\/blog\/goto\/https:\/\/booknode.com\/la_fabrique_des_jugements_03432675\"  target=\"_blank\" rel=\"noopener noreferrer nofollow\">Le livre <\/a><span><\/span>.}<br \/>\n|{La fabrique du monstre,<a target=\"_blank\" rel=\"nofollow\" href=\"https:\/\/www.tribunal-nature.org\/blog\/goto\/https:\/\/booknode.com\/la_fabrique_du_monstre_01904115\"  target=\"_blank\" rel=\"noopener noreferrer nofollow\">(la couverture) <\/a><span><\/span>.}<br \/>\n|{La Fille Derri\u00e8re le Rideau de Douche,<a target=\"_blank\" rel=\"nofollow\" href=\"https:\/\/www.tribunal-nature.org\/blog\/goto\/https:\/\/booknode.com\/la_fille_derriere_le_rideau_de_douche_01166162\"  target=\"_blank\" rel=\"noopener noreferrer nofollow\">Le livre <\/a><span><\/span>.}<br \/>\n|{La fonction r\u00e9paratrice de la r\u00e9pression p\u00e9nale,<a target=\"_blank\" rel=\"nofollow\" href=\"https:\/\/www.tribunal-nature.org\/blog\/goto\/https:\/\/booknode.com\/la_fonction_reparatrice_de_la_repression_penale_049150\"  target=\"_blank\" rel=\"noopener noreferrer nofollow\">Clicker Ici <\/a><span><\/span>.}<br \/>\n|{La Grande Chasse aux sorci\u00e8res, du Moyen \u00c2ge aux Temps modernes,<a target=\"_blank\" rel=\"nofollow\" href=\"https:\/\/www.tribunal-nature.org\/blog\/goto\/https:\/\/fr.wikibooks.org\/wiki\/La_Grande_Chasse_aux_sorci%C3%A8res,_du_Moyen_%C3%82ge_aux_Temps_modernes\"  target=\"_blank\" rel=\"noopener noreferrer nofollow\">A voir et \u00e0 lire. <\/a><span><\/span>.}<br \/>\n|{La Grande Chasse aux sorci\u00e8res, du Moyen \u00c2ge aux Temps modernes\/L\u2019emprise des la\u00efcs sur les proc\u00e8s de sorcellerie,<a target=\"_blank\" rel=\"nofollow\" href=\"https:\/\/www.tribunal-nature.org\/blog\/goto\/https:\/\/fr.wikibooks.org\/wiki\/La_Grande_Chasse_aux_sorci%C3%A8res,_du_Moyen_%C3%82ge_aux_Temps_modernes\/L%E2%80%99emprise_des_la%C3%AFcs_sur_les_proc%C3%A8s_de_sorcellerie\"  target=\"_blank\" rel=\"noopener noreferrer nofollow\">Ouvrage <\/a><span><\/span>. A emprunter en biblioth\u00e8que.}<br \/>\n|{La Grande Chasse aux sorci\u00e8res, du Moyen \u00c2ge aux Temps modernes\/La fin des b\u00fbchers,<a target=\"_blank\" rel=\"nofollow\" href=\"https:\/\/www.tribunal-nature.org\/blog\/goto\/https:\/\/fr.wikibooks.org\/wiki\/La_Grande_Chasse_aux_sorci%C3%A8res,_du_Moyen_%C3%82ge_aux_Temps_modernes\/La_fin_des_b%C3%BBchers\"  target=\"_blank\" rel=\"noopener noreferrer nofollow\">Le livre <\/a><span><\/span>.}<br \/>\n|{La josacine empoisonn\u00e9e,<a target=\"_blank\" rel=\"nofollow\" href=\"https:\/\/www.tribunal-nature.org\/blog\/goto\/https:\/\/booknode.com\/la_josacine_empoisonnee_02273535\"  target=\"_blank\" rel=\"noopener noreferrer nofollow\">(la couverture) <\/a><span><\/span>.}<br \/>\n|{La juge de trente ans,<a target=\"_blank\" rel=\"nofollow\" href=\"https:\/\/www.tribunal-nature.org\/blog\/goto\/https:\/\/booknode.com\/la_juge_de_trente_ans_02227435\"  target=\"_blank\" rel=\"noopener noreferrer nofollow\">Le livre <\/a><span><\/span>.}<br \/>\n|{La Justice,<a target=\"_blank\" rel=\"nofollow\" href=\"https:\/\/www.tribunal-nature.org\/blog\/goto\/https:\/\/www.kobo.com\/fr\/fr\/ebook\/la-justice-6\"  target=\"_blank\" rel=\"noopener noreferrer nofollow\">Clicker Ici <\/a><span><\/span>.}<br \/>\n|{La justice,<a target=\"_blank\" rel=\"nofollow\" href=\"https:\/\/www.tribunal-nature.org\/blog\/goto\/https:\/\/www.kobo.com\/fr\/fr\/ebook\/la-justice-3\"  target=\"_blank\" rel=\"noopener noreferrer nofollow\">A voir et \u00e0 lire. <\/a><span><\/span>.}<br \/>\n|{La Justice,<a target=\"_blank\" rel=\"nofollow\" href=\"https:\/\/www.tribunal-nature.org\/blog\/goto\/https:\/\/fr.wikisource.org\/wiki\/La_Justice\"  target=\"_blank\" rel=\"noopener noreferrer nofollow\">Ouvrage <\/a><span><\/span>.}<br \/>\n|{La justice dans la France m\u00e9di\u00e9vale,<a target=\"_blank\" rel=\"nofollow\" href=\"https:\/\/www.tribunal-nature.org\/blog\/goto\/https:\/\/www.kobo.com\/fr\/fr\/ebook\/la-justice-dans-la-france-medievale\"  target=\"_blank\" rel=\"noopener noreferrer nofollow\">Le livre <\/a><span><\/span>.}<br \/>\n|{La Justice de Dieu qui passe,<a target=\"_blank\" rel=\"nofollow\" href=\"https:\/\/www.tribunal-nature.org\/blog\/goto\/https:\/\/fr.wikisource.org\/wiki\/La_Justice_de_Dieu_qui_passe\"  target=\"_blank\" rel=\"noopener noreferrer nofollow\">(la couverture) <\/a><span><\/span>.}<br \/>\n|{La justice des vainqueurs : de Nuremberg \u00e0 Bagdad,<a target=\"_blank\" rel=\"nofollow\" href=\"https:\/\/www.tribunal-nature.org\/blog\/goto\/https:\/\/booknode.com\/la_justice_des_vainqueurs_de_nuremberg_a_bagdad_03367374\"  target=\"_blank\" rel=\"noopener noreferrer nofollow\">Le livre <\/a><span><\/span>.}<br \/>\n|{La justice d\u00e9shonor\u00e9e 1940-1944,<a target=\"_blank\" rel=\"nofollow\" href=\"https:\/\/www.tribunal-nature.org\/blog\/goto\/https:\/\/www.kobo.com\/fr\/fr\/ebook\/la-justice-deshonoree-1940-1944-3\"  target=\"_blank\" rel=\"noopener noreferrer nofollow\">Clicker Ici <\/a><span><\/span>.}<br \/>\n|{La Justice en France,<a target=\"_blank\" rel=\"nofollow\" href=\"https:\/\/www.tribunal-nature.org\/blog\/goto\/https:\/\/www.kobo.com\/fr\/fr\/ebook\/la-justice-en-france\"  target=\"_blank\" rel=\"noopener noreferrer nofollow\">A voir et \u00e0 lire. <\/a><span><\/span>.}<br \/>\n|{La Justice en Question? Experience d\u2019une Mediatrice,<a target=\"_blank\" rel=\"nofollow\" href=\"https:\/\/www.tribunal-nature.org\/blog\/goto\/https:\/\/www.kobo.com\/fr\/fr\/ebook\/la-justice-en-question-experience-d-une-mediatrice-1\"  target=\"_blank\" rel=\"noopener noreferrer nofollow\">Ouvrage <\/a><span><\/span>.}<br \/>\n|{La justice en trente dissertations corrig\u00e9es,<a target=\"_blank\" rel=\"nofollow\" href=\"https:\/\/www.tribunal-nature.org\/blog\/goto\/https:\/\/www.kobo.com\/fr\/fr\/ebook\/la-justice-en-trente-dissertations-corrigees\"  target=\"_blank\" rel=\"noopener noreferrer nofollow\">Le livre <\/a><span><\/span>.}<br \/>\n|{La justice et le droit (Fiche notion),<a target=\"_blank\" rel=\"nofollow\" href=\"https:\/\/www.tribunal-nature.org\/blog\/goto\/https:\/\/www.kobo.com\/fr\/fr\/ebook\/la-justice-et-le-droit-fiche-notion-1\"  target=\"_blank\" rel=\"noopener noreferrer nofollow\">(la couverture) <\/a><span><\/span>.}<br \/>\n|{La Justice et le Droit (Leconte de Lisle),<a target=\"_blank\" rel=\"nofollow\" href=\"https:\/\/www.tribunal-nature.org\/blog\/goto\/https:\/\/fr.wikisource.org\/wiki\/La_Justice_et_le_Droit_(Leconte_de_Lisle)\"  target=\"_blank\" rel=\"noopener noreferrer nofollow\">Le livre <\/a><span><\/span>.}<br \/>\n|{La Justice et le Mal,<a target=\"_blank\" rel=\"nofollow\" href=\"https:\/\/www.tribunal-nature.org\/blog\/goto\/https:\/\/www.kobo.com\/fr\/fr\/ebook\/la-justice-et-le-mal\"  target=\"_blank\" rel=\"noopener noreferrer nofollow\">Clicker Ici <\/a><span><\/span>.}<br \/>\n|{La Justice et les Enfants,<a target=\"_blank\" rel=\"nofollow\" href=\"https:\/\/www.tribunal-nature.org\/blog\/goto\/https:\/\/booknode.com\/la_justice_et_les_enfants_02154745\"  target=\"_blank\" rel=\"noopener noreferrer nofollow\">A voir et \u00e0 lire. <\/a><span><\/span>.}<br \/>\n|{La justice et les institutions juridictionnelles,<a target=\"_blank\" rel=\"nofollow\" href=\"https:\/\/www.tribunal-nature.org\/blog\/goto\/https:\/\/booknode.com\/la_justice_et_les_institutions_juridictionnelles_040881\"  target=\"_blank\" rel=\"noopener noreferrer nofollow\">Ouvrage <\/a><span><\/span>. A emprunter en biblioth\u00e8que.}<br \/>\n|{La justice et les institutions juridictionnelles,<a target=\"_blank\" rel=\"nofollow\" href=\"https:\/\/www.tribunal-nature.org\/blog\/goto\/https:\/\/www.kobo.com\/fr\/fr\/ebook\/la-justice-et-les-institutions-juridictionnelles\"  target=\"_blank\" rel=\"noopener noreferrer nofollow\">Le livre <\/a><span><\/span>.}<br \/>\n|{La justice et son public,<a target=\"_blank\" rel=\"nofollow\" href=\"https:\/\/www.tribunal-nature.org\/blog\/goto\/https:\/\/www.kobo.com\/fr\/fr\/ebook\/la-justice-et-son-public\"  target=\"_blank\" rel=\"noopener noreferrer nofollow\">(la couverture) <\/a><span><\/span>.}<br \/>\n|{La Justice expliqu\u00e9e \u00e0 ma petite-fille,<a target=\"_blank\" rel=\"nofollow\" href=\"https:\/\/www.tribunal-nature.org\/blog\/goto\/https:\/\/www.kobo.com\/fr\/fr\/ebook\/la-justice-expliquee-a-ma-petite-fille-2\"  target=\"_blank\" rel=\"noopener noreferrer nofollow\">Le livre <\/a><span><\/span>.}<br \/>\n|{La justice fran\u00e7aise : acteurs, fonctionnement et m\u00e9dias,<a target=\"_blank\" rel=\"nofollow\" href=\"https:\/\/www.tribunal-nature.org\/blog\/goto\/https:\/\/www.kobo.com\/fr\/fr\/ebook\/la-justice-francaise-acteurs-fonctionnement-et-medias\"  target=\"_blank\" rel=\"noopener noreferrer nofollow\">Clicker Ici <\/a><span><\/span>. Disponible dans toutes les bonnes biblioth\u00e8ques de votre d\u00e9partement.}<br \/>\n|{La Justice fran\u00e7aise pendant le si\u00e8ge,<a target=\"_blank\" rel=\"nofollow\" href=\"https:\/\/www.tribunal-nature.org\/blog\/goto\/https:\/\/fr.wikisource.org\/wiki\/La_Justice_fran%C3%A7aise_pendant_le_si%C3%A8ge\"  target=\"_blank\" rel=\"noopener noreferrer nofollow\">A voir et \u00e0 lire. <\/a><span><\/span>.}<br \/>\n|{La Justice p\u00e9nale internationale,<a target=\"_blank\" rel=\"nofollow\" href=\"https:\/\/www.tribunal-nature.org\/blog\/goto\/https:\/\/booknode.com\/la_justice_penale_internationale_03355547\"  target=\"_blank\" rel=\"noopener noreferrer nofollow\">Ouvrage <\/a><span><\/span>. A emprunter en biblioth\u00e8que.}<br \/>\n|{La Justice politique en Espagne sous Philippe II,<a target=\"_blank\" rel=\"nofollow\" href=\"https:\/\/www.tribunal-nature.org\/blog\/goto\/https:\/\/fr.wikisource.org\/wiki\/La_Justice_politique_en_Espagne_sous_Philippe_II\"  target=\"_blank\" rel=\"noopener noreferrer nofollow\">Le livre <\/a><span><\/span>.}<br \/>\n|{La Justice pour les Nuls, 3e,<a target=\"_blank\" rel=\"nofollow\" href=\"https:\/\/www.tribunal-nature.org\/blog\/goto\/https:\/\/www.kobo.com\/fr\/fr\/ebook\/la-justice-pour-les-nuls-3e\"  target=\"_blank\" rel=\"noopener noreferrer nofollow\">(la couverture) <\/a><span><\/span>. Disponible \u00e0 l\u2019achat sur les plateformes Amazon, Fnac, Cultura \u2026.}<br \/>\n|{La justice r\u00e9paratrice,<a target=\"_blank\" rel=\"nofollow\" href=\"https:\/\/www.tribunal-nature.org\/blog\/goto\/https:\/\/www.kobo.com\/fr\/fr\/ebook\/la-justice-reparatrice\"  target=\"_blank\" rel=\"noopener noreferrer nofollow\">Le livre <\/a><span><\/span>.}<br \/>\n|{La justice restaurative une utopie qui marche ?,<a target=\"_blank\" rel=\"nofollow\" href=\"https:\/\/www.tribunal-nature.org\/blog\/goto\/https:\/\/www.kobo.com\/fr\/fr\/ebook\/la-justice-restaurative-une-utopie-qui-marche\"  target=\"_blank\" rel=\"noopener noreferrer nofollow\">Clicker Ici <\/a><span><\/span>. Disponible dans toutes les bonnes biblioth\u00e8ques de votre d\u00e9partement.}<br \/>\n|{La Justice\u2026 demain, ailleurs, autrement,<a target=\"_blank\" rel=\"nofollow\" href=\"https:\/\/www.tribunal-nature.org\/blog\/goto\/https:\/\/www.kobo.com\/fr\/fr\/ebook\/la-justice-demain-ailleurs-autrement\"  target=\"_blank\" rel=\"noopener noreferrer nofollow\">A voir et \u00e0 lire. <\/a><span><\/span>. Disponible sur internet.}<br \/>\n|{La Justice\/D\u00e9dicace,<a target=\"_blank\" rel=\"nofollow\" href=\"https:\/\/www.tribunal-nature.org\/blog\/goto\/https:\/\/fr.wikisource.org\/wiki\/La_Justice\/D%C3%A9dicace\"  target=\"_blank\" rel=\"noopener noreferrer nofollow\">Ouvrage <\/a><span><\/span>.}<br \/>\n|{La Justice\/\u00c9pilogue,<a target=\"_blank\" rel=\"nofollow\" href=\"https:\/\/www.tribunal-nature.org\/blog\/goto\/https:\/\/fr.wikisource.org\/wiki\/La_Justice\/%C3%89pilogue\"  target=\"_blank\" rel=\"noopener noreferrer nofollow\">Le livre <\/a><span><\/span>. Ouvrage de r\u00e9f\u00e9rence.}<br \/>\n|{La Justice\/Premiere partie,<a target=\"_blank\" rel=\"nofollow\" href=\"https:\/\/www.tribunal-nature.org\/blog\/goto\/https:\/\/fr.wikisource.org\/wiki\/La_Justice\/Premiere_partie\"  target=\"_blank\" rel=\"noopener noreferrer nofollow\">(la couverture) <\/a><span><\/span>.}<br \/>\n|{La Justice\/Prologue,<a target=\"_blank\" rel=\"nofollow\" href=\"https:\/\/www.tribunal-nature.org\/blog\/goto\/https:\/\/fr.wikisource.org\/wiki\/La_Justice\/Prologue\"  target=\"_blank\" rel=\"noopener noreferrer nofollow\">Le livre <\/a><span><\/span>.}<br \/>\n|{La Justice\/Seconde partie,<a target=\"_blank\" rel=\"nofollow\" href=\"https:\/\/www.tribunal-nature.org\/blog\/goto\/https:\/\/fr.wikisource.org\/wiki\/La_Justice\/Seconde_partie\"  target=\"_blank\" rel=\"noopener noreferrer nofollow\">Clicker Ici <\/a><span><\/span>.}<br \/>\n|{La Justice\/Veille I,<a target=\"_blank\" rel=\"nofollow\" href=\"https:\/\/www.tribunal-nature.org\/blog\/goto\/https:\/\/fr.wikisource.org\/wiki\/La_Justice\/Veille_I\"  target=\"_blank\" rel=\"noopener noreferrer nofollow\">A voir et \u00e0 lire. <\/a><span><\/span>.}<br \/>\n|{La Justice\/Veille III,<a target=\"_blank\" rel=\"nofollow\" href=\"https:\/\/www.tribunal-nature.org\/blog\/goto\/https:\/\/fr.wikisource.org\/wiki\/La_Justice\/Veille_III\"  target=\"_blank\" rel=\"noopener noreferrer nofollow\">Ouvrage <\/a><span><\/span>. A emprunter en biblioth\u00e8que.}<br \/>\n|{La Justice\/Veille IV,<a target=\"_blank\" rel=\"nofollow\" href=\"https:\/\/www.tribunal-nature.org\/blog\/goto\/https:\/\/fr.wikisource.org\/wiki\/La_Justice\/Veille_IV\"  target=\"_blank\" rel=\"noopener noreferrer nofollow\">Le livre <\/a><span><\/span>. Ouvrage de r\u00e9f\u00e9rence.}<br \/>\n|{La Justice\/Veille IX,<a target=\"_blank\" rel=\"nofollow\" href=\"https:\/\/www.tribunal-nature.org\/blog\/goto\/https:\/\/fr.wikisource.org\/wiki\/La_Justice\/Veille_IX\"  target=\"_blank\" rel=\"noopener noreferrer nofollow\">(la couverture) <\/a><span><\/span>.}<br \/>\n|{La Justice\/Veille V,<a target=\"_blank\" rel=\"nofollow\" href=\"https:\/\/www.tribunal-nature.org\/blog\/goto\/https:\/\/fr.wikisource.org\/wiki\/La_Justice\/Veille_V\"  target=\"_blank\" rel=\"noopener noreferrer nofollow\">Le livre <\/a><span><\/span>. Disponible dans toutes les bonnes librairies.}<br \/>\n|{La Justice\/Veille VI,<a target=\"_blank\" rel=\"nofollow\" href=\"https:\/\/www.tribunal-nature.org\/blog\/goto\/https:\/\/fr.wikisource.org\/wiki\/La_Justice\/Veille_VI\"  target=\"_blank\" rel=\"noopener noreferrer nofollow\">Clicker Ici <\/a><span><\/span>.}<br \/>\n|{La Justice\/Veille VII,<a target=\"_blank\" rel=\"nofollow\" href=\"https:\/\/www.tribunal-nature.org\/blog\/goto\/https:\/\/fr.wikisource.org\/wiki\/La_Justice\/Veille_VII\"  target=\"_blank\" rel=\"noopener noreferrer nofollow\">A voir et \u00e0 lire. <\/a><span><\/span>.}<br \/>\n|{La Justice\/Veille VIII,<a target=\"_blank\" rel=\"nofollow\" href=\"https:\/\/www.tribunal-nature.org\/blog\/goto\/https:\/\/fr.wikisource.org\/wiki\/La_Justice\/Veille_VIII\"  target=\"_blank\" rel=\"noopener noreferrer nofollow\">Ouvrage <\/a><span><\/span>.}<br \/>\n|{La Justice\/Veille X,<a target=\"_blank\" rel=\"nofollow\" href=\"https:\/\/www.tribunal-nature.org\/blog\/goto\/https:\/\/fr.wikisource.org\/wiki\/La_Justice\/Veille_X\"  target=\"_blank\" rel=\"noopener noreferrer nofollow\">Le livre <\/a><span><\/span>. Ouvrage de r\u00e9f\u00e9rence.}<br \/>\n|{La Justice\/Veille XI,<a target=\"_blank\" rel=\"nofollow\" href=\"https:\/\/www.tribunal-nature.org\/blog\/goto\/https:\/\/fr.wikisource.org\/wiki\/La_Justice\/Veille_XI\"  target=\"_blank\" rel=\"noopener noreferrer nofollow\">(la couverture) <\/a><span><\/span>. Disponible \u00e0 l\u2019achat sur les plateformes Amazon, Fnac, Cultura \u2026.}<br \/>\n|{La Menteuse et la Ville,<a target=\"_blank\" rel=\"nofollow\" href=\"https:\/\/www.tribunal-nature.org\/blog\/goto\/https:\/\/booknode.com\/la_menteuse_et_la_ville_02953463\"  target=\"_blank\" rel=\"noopener noreferrer nofollow\">Le livre <\/a><span><\/span>.}<br \/>\n|{La parole contraire,<a target=\"_blank\" rel=\"nofollow\" href=\"https:\/\/www.tribunal-nature.org\/blog\/goto\/https:\/\/booknode.com\/la_parole_contraire_01501614\"  target=\"_blank\" rel=\"noopener noreferrer nofollow\">Clicker Ici <\/a><span><\/span>.}<br \/>\n|{La parole et l\u2019action : Itin\u00e9raire d\u2019un avocat militant,<a target=\"_blank\" rel=\"nofollow\" href=\"https:\/\/www.tribunal-nature.org\/blog\/goto\/https:\/\/booknode.com\/la_parole_et_laction_itineraire_dun_avocat_militant_02442523\"  target=\"_blank\" rel=\"noopener noreferrer nofollow\">A voir et \u00e0 lire. <\/a><span><\/span>.}<br \/>\n|{La pratique judiciaire interne de la Cour europ\u00e9enne des droits de l\u2019homme,<a target=\"_blank\" rel=\"nofollow\" href=\"https:\/\/www.tribunal-nature.org\/blog\/goto\/https:\/\/booknode.com\/la_pratique_judiciaire_interne_de_la_cour_europeenne_des_droits_de_lhomme_021810\"  target=\"_blank\" rel=\"noopener noreferrer nofollow\">Ouvrage <\/a><span><\/span>.}<br \/>\n|{La prise en charge p\u00e9nitentiaire des auteurs d\u2019agressions sexuelles : \u00e9tat des lieux et analyse de nouvelles pratiques,<a target=\"_blank\" rel=\"nofollow\" href=\"https:\/\/www.tribunal-nature.org\/blog\/goto\/https:\/\/booknode.com\/la_prise_en_charge_penitentiaire_des_auteurs_dagressions_sexuelles_etat_des_lieux_et_analyse_de_nouvelles_pratiques_049278\"  target=\"_blank\" rel=\"noopener noreferrer nofollow\">Le livre <\/a><span><\/span>. Ouvrage de r\u00e9f\u00e9rence.}<br \/>\n|{La proc\u00e9dure p\u00e9nale,<a target=\"_blank\" rel=\"nofollow\" href=\"https:\/\/www.tribunal-nature.org\/blog\/goto\/https:\/\/booknode.com\/la_procedure_penale_048895\"  target=\"_blank\" rel=\"noopener noreferrer nofollow\">(la couverture) <\/a><span><\/span>. Disponible \u00e0 l\u2019achat sur les plateformes Amazon, Fnac, Cultura \u2026.}<br \/>\n|{La proc\u00e9dure p\u00e9nale,<a target=\"_blank\" rel=\"nofollow\" href=\"https:\/\/www.tribunal-nature.org\/blog\/goto\/https:\/\/booknode.com\/la_procedure_penale_048895\"  target=\"_blank\" rel=\"noopener noreferrer nofollow\">Le livre <\/a><span><\/span>.}<br \/>\n|{La protection des d\u00e9cideurs publics face au p\u00e9nal,<a target=\"_blank\" rel=\"nofollow\" href=\"https:\/\/www.tribunal-nature.org\/blog\/goto\/https:\/\/booknode.com\/la_protection_des_decideurs_publics_face_au_penal_041111\"  target=\"_blank\" rel=\"noopener noreferrer nofollow\">Clicker Ici <\/a><span><\/span>.}<br \/>\n|{La question de la justice chez Jacques Derrida,<a target=\"_blank\" rel=\"nofollow\" href=\"https:\/\/www.tribunal-nature.org\/blog\/goto\/https:\/\/www.kobo.com\/fr\/fr\/ebook\/la-question-de-la-justice-chez-jacques-derrida\"  target=\"_blank\" rel=\"noopener noreferrer nofollow\">A voir et \u00e0 lire. <\/a><span><\/span>. Disponible sur internet.}<br \/>\n|{La r\u00e9pression p\u00e9nale des crimes internationaux : justice p\u00e9nale internationale,<a target=\"_blank\" rel=\"nofollow\" href=\"https:\/\/www.tribunal-nature.org\/blog\/goto\/https:\/\/booknode.com\/la_repression_penale_des_crimes_internationaux_justice_penale_internationale_051197\"  target=\"_blank\" rel=\"noopener noreferrer nofollow\">Ouvrage <\/a><span><\/span>. A emprunter en biblioth\u00e8que.}<br \/>\n|{La technique de cassation : pourvois et arr\u00eats en mati\u00e8re civile,<a target=\"_blank\" rel=\"nofollow\" href=\"https:\/\/www.tribunal-nature.org\/blog\/goto\/https:\/\/booknode.com\/la_technique_de_cassation_pourvois_et_arrets_en_matiere_civile_053295\"  target=\"_blank\" rel=\"noopener noreferrer nofollow\">Le livre <\/a><span><\/span>.}<br \/>\n|{La terreur judiciaire,<a target=\"_blank\" rel=\"nofollow\" href=\"https:\/\/www.tribunal-nature.org\/blog\/goto\/https:\/\/booknode.com\/la_terreur_judiciaire_01491234\"  target=\"_blank\" rel=\"noopener noreferrer nofollow\">(la couverture) <\/a><span><\/span>.}<br \/>\n|{La Vall\u00e9e des belles rencontres, Tome 2 : Chez Harold,<a target=\"_blank\" rel=\"nofollow\" href=\"https:\/\/www.tribunal-nature.org\/blog\/goto\/https:\/\/booknode.com\/la_vallee_des_belles_rencontres_tome_2_chez_harold_03392549\"  target=\"_blank\" rel=\"noopener noreferrer nofollow\">Le livre <\/a><span><\/span>.}<br \/>\n|{La volont\u00e9 de punir : essai sur le populisme p\u00e9nal,<a target=\"_blank\" rel=\"nofollow\" href=\"https:\/\/www.tribunal-nature.org\/blog\/goto\/https:\/\/booknode.com\/la_volonte_de_punir_essai_sur_le_populisme_penal_045739\"  target=\"_blank\" rel=\"noopener noreferrer nofollow\">Clicker Ici <\/a><span><\/span>.}<br \/>\n|{L\u2019Acc\u00e8s \u00e0 la justice,<a target=\"_blank\" rel=\"nofollow\" href=\"https:\/\/www.tribunal-nature.org\/blog\/goto\/https:\/\/www.kobo.com\/fr\/fr\/ebook\/l-acces-a-la-justice\"  target=\"_blank\" rel=\"noopener noreferrer nofollow\">A voir et \u00e0 lire. <\/a><span><\/span>. Disponible sur internet.}<br \/>\n|{L\u2019accus\u00e9e,<a target=\"_blank\" rel=\"nofollow\" href=\"https:\/\/www.tribunal-nature.org\/blog\/goto\/https:\/\/www.kobo.com\/fr\/fr\/ebook\/l-accusee-3\"  target=\"_blank\" rel=\"noopener noreferrer nofollow\">Ouvrage <\/a><span><\/span>. A emprunter en biblioth\u00e8que.}<br \/>\n|{L\u2019administration de la justice en France,<a target=\"_blank\" rel=\"nofollow\" href=\"https:\/\/www.tribunal-nature.org\/blog\/goto\/https:\/\/www.kobo.com\/fr\/fr\/ebook\/l-administration-de-la-justice-en-france-1\"  target=\"_blank\" rel=\"noopener noreferrer nofollow\">Le livre <\/a><span><\/span>. Ouvrage de r\u00e9f\u00e9rence.}<br \/>\n|{Langue des signes fran\u00e7aise\/Justice,<a target=\"_blank\" rel=\"nofollow\" href=\"https:\/\/www.tribunal-nature.org\/blog\/goto\/https:\/\/fr.wikibooks.org\/wiki\/Langue_des_signes_fran%C3%A7aise\/Justice\"  target=\"_blank\" rel=\"noopener noreferrer nofollow\">(la couverture) <\/a><span><\/span>. Disponible \u00e0 l\u2019achat sur les plateformes Amazon, Fnac, Cultura \u2026.}<br \/>\n|{Langue des signes fran\u00e7aise\/Vocabulaire,<a target=\"_blank\" rel=\"nofollow\" href=\"https:\/\/www.tribunal-nature.org\/blog\/goto\/https:\/\/fr.wikibooks.org\/wiki\/Langue_des_signes_fran%C3%A7aise\/Vocabulaire\"  target=\"_blank\" rel=\"noopener noreferrer nofollow\">Le livre <\/a><span><\/span>.}<br \/>\n|{L\u2019arbitrage,<a target=\"_blank\" rel=\"nofollow\" href=\"https:\/\/www.tribunal-nature.org\/blog\/goto\/https:\/\/booknode.com\/larbitrage_045728\"  target=\"_blank\" rel=\"noopener noreferrer nofollow\">Clicker Ici <\/a><span><\/span>.}<br \/>\n|{L\u2019Art de l\u2019enqu\u00eate criminelle : \u00c0 la recherche de la v\u00e9rit\u00e9, de la s\u00e9curit\u00e9 et de la justice,<a target=\"_blank\" rel=\"nofollow\" href=\"https:\/\/www.tribunal-nature.org\/blog\/goto\/https:\/\/booknode.com\/lart_de_lenquete_criminelle_a_la_recherche_de_la_verite_de_la_securite_et_de_la_justice_03091574\"  target=\"_blank\" rel=\"noopener noreferrer nofollow\">A voir et \u00e0 lire. <\/a><span><\/span>.}<br \/>\n|{Le banquier de Lucifer,<a target=\"_blank\" rel=\"nofollow\" href=\"https:\/\/www.tribunal-nature.org\/blog\/goto\/https:\/\/booknode.com\/le_banquier_de_lucifer_02876824\"  target=\"_blank\" rel=\"noopener noreferrer nofollow\">Ouvrage <\/a><span><\/span>.}<br \/>\n|{Le crime international et la justice,<a target=\"_blank\" rel=\"nofollow\" href=\"https:\/\/www.tribunal-nature.org\/blog\/goto\/https:\/\/www.kobo.com\/fr\/fr\/ebook\/le-crime-international-et-la-justice-1\"  target=\"_blank\" rel=\"noopener noreferrer nofollow\">Le livre <\/a><span><\/span>.}<br \/>\n|{Le d\u00e9ni de justice en droit international priv\u00e9,<a target=\"_blank\" rel=\"nofollow\" href=\"https:\/\/www.tribunal-nature.org\/blog\/goto\/https:\/\/www.kobo.com\/fr\/fr\/ebook\/le-deni-de-justice-en-droit-international-prive\"  target=\"_blank\" rel=\"noopener noreferrer nofollow\">(la couverture) <\/a><span><\/span>.}<br \/>\n|{Le droit de la filiation,<a target=\"_blank\" rel=\"nofollow\" href=\"https:\/\/www.tribunal-nature.org\/blog\/goto\/https:\/\/www.kobo.com\/fr\/fr\/ebook\/le-droit-de-la-filiation\"  target=\"_blank\" rel=\"noopener noreferrer nofollow\">Le livre <\/a><span><\/span>.}<br \/>\n|{Le Droit international,<a target=\"_blank\" rel=\"nofollow\" href=\"https:\/\/www.tribunal-nature.org\/blog\/goto\/https:\/\/booknode.com\/le_droit_international_032985\"  target=\"_blank\" rel=\"noopener noreferrer nofollow\">Clicker Ici <\/a><span><\/span>.}<br \/>\n|{Le droit p\u00e9nal,<a target=\"_blank\" rel=\"nofollow\" href=\"https:\/\/www.tribunal-nature.org\/blog\/goto\/https:\/\/booknode.com\/le_droit_penal_022037\"  target=\"_blank\" rel=\"noopener noreferrer nofollow\">A voir et \u00e0 lire. <\/a><span><\/span>. Disponible sur internet.}<br \/>\n|{Le guide des expertises judiciaires,<a target=\"_blank\" rel=\"nofollow\" href=\"https:\/\/www.tribunal-nature.org\/blog\/goto\/https:\/\/booknode.com\/le_guide_des_expertises_judiciaires_038684\"  target=\"_blank\" rel=\"noopener noreferrer nofollow\">Ouvrage <\/a><span><\/span>.}<br \/>\n|{Le guide des infractions 2009 : crimes, d\u00e9lits, contraventions, enqu\u00eate judiciaire, police technique, poursuites p\u00e9nales, proc\u00e8s et sanction, droit des victimes,<a target=\"_blank\" rel=\"nofollow\" href=\"https:\/\/www.tribunal-nature.org\/blog\/goto\/https:\/\/booknode.com\/le_guide_des_infractions_2009_crimes_delits_contraventions_enquete_judiciaire_police_technique_poursuites_penales_proces_et_sanction_droit_des_victimes_037124\"  target=\"_blank\" rel=\"noopener noreferrer nofollow\">Le livre <\/a><span><\/span>. Ouvrage de r\u00e9f\u00e9rence.}<br \/>\n|{Le guide des peines 2008 : personnes physiques et morales, prononc\u00e9-ex\u00e9cution, application-extinction,<a target=\"_blank\" rel=\"nofollow\" href=\"https:\/\/www.tribunal-nature.org\/blog\/goto\/https:\/\/booknode.com\/le_guide_des_peines_2008_personnes_physiques_et_morales_prononce_execution_application_extinction_046231\"  target=\"_blank\" rel=\"noopener noreferrer nofollow\">(la couverture) <\/a><span><\/span>. Disponible \u00e0 l\u2019achat sur les plateformes Amazon, Fnac, Cultura \u2026.}<br \/>\n|{Le juge et l\u2019avocat,<a target=\"_blank\" rel=\"nofollow\" href=\"https:\/\/www.tribunal-nature.org\/blog\/goto\/https:\/\/www.kobo.com\/fr\/fr\/ebook\/le-juge-et-l-avocat\"  target=\"_blank\" rel=\"noopener noreferrer nofollow\">Le livre <\/a><span><\/span>.}<br \/>\n|{Le Livre des ballades\/Que justice est des sainctz cieux proced\u00e9e,<a target=\"_blank\" rel=\"nofollow\" href=\"https:\/\/www.tribunal-nature.org\/blog\/goto\/https:\/\/fr.wikisource.org\/wiki\/Le_Livre_des_ballades\/Que_justice_est_des_sainctz_cieux_proced%C3%A9e\"  target=\"_blank\" rel=\"noopener noreferrer nofollow\">Clicker Ici <\/a><span><\/span>.}<br \/>\n|{Le livre noir des violences sexuelles,<a target=\"_blank\" rel=\"nofollow\" href=\"https:\/\/www.tribunal-nature.org\/blog\/goto\/https:\/\/booknode.com\/le_livre_noir_des_violences_sexuelles_01747883\"  target=\"_blank\" rel=\"noopener noreferrer nofollow\">A voir et \u00e0 lire. <\/a><span><\/span>.}<br \/>\n|{Le petit juge,<a target=\"_blank\" rel=\"nofollow\" href=\"https:\/\/www.tribunal-nature.org\/blog\/goto\/https:\/\/booknode.com\/le_petit_juge_0417332\"  target=\"_blank\" rel=\"noopener noreferrer nofollow\">Ouvrage <\/a><span><\/span>.}<br \/>\n|{Le petit livre de la justice,<a target=\"_blank\" rel=\"nofollow\" href=\"https:\/\/www.tribunal-nature.org\/blog\/goto\/https:\/\/booknode.com\/le_petit_livre_de_la_justice_01817743\"  target=\"_blank\" rel=\"noopener noreferrer nofollow\">Le livre <\/a><span><\/span>.}<br \/>\n|{Le proc\u00e8s civil,<a target=\"_blank\" rel=\"nofollow\" href=\"https:\/\/www.tribunal-nature.org\/blog\/goto\/https:\/\/booknode.com\/le_proces_civil_026415\"  target=\"_blank\" rel=\"noopener noreferrer nofollow\">(la couverture) <\/a><span><\/span>.}<br \/>\n|{Le r\u00e9gime juridique des march\u00e9s publics : droits et obligations des signataires des march\u00e9s de travaux,<a target=\"_blank\" rel=\"nofollow\" href=\"https:\/\/www.tribunal-nature.org\/blog\/goto\/https:\/\/booknode.com\/le_regime_juridique_des_marches_publics_droits_et_obligations_des_signataires_des_marches_de_travaux_049213\"  target=\"_blank\" rel=\"noopener noreferrer nofollow\">Le livre <\/a><span><\/span>.}<br \/>\n|{Le secret professionnel,<a target=\"_blank\" rel=\"nofollow\" href=\"https:\/\/www.tribunal-nature.org\/blog\/goto\/https:\/\/www.kobo.com\/fr\/fr\/ebook\/le-secret-professionnel\"  target=\"_blank\" rel=\"noopener noreferrer nofollow\">Clicker Ici <\/a><span><\/span>.}<br \/>\n|{Le Service public de la justice,<a target=\"_blank\" rel=\"nofollow\" href=\"https:\/\/www.tribunal-nature.org\/blog\/goto\/https:\/\/www.kobo.com\/fr\/fr\/ebook\/le-service-public-de-la-justice\"  target=\"_blank\" rel=\"noopener noreferrer nofollow\">A voir et \u00e0 lire. <\/a><span><\/span>.}<br \/>\n|{Le sexe et la loi,<a target=\"_blank\" rel=\"nofollow\" href=\"https:\/\/www.tribunal-nature.org\/blog\/goto\/https:\/\/booknode.com\/le_sexe_et_la_loi_03361328\"  target=\"_blank\" rel=\"noopener noreferrer nofollow\">Ouvrage <\/a><span><\/span>. A emprunter en biblioth\u00e8que.}<br \/>\n|{L\u2019efficience en droit p\u00e9nal \u00e9conomique : \u00e9tude de droit positif \u00e0 la lumi\u00e8re de l\u2019analyse \u00e9conomique du droit,<a target=\"_blank\" rel=\"nofollow\" href=\"https:\/\/www.tribunal-nature.org\/blog\/goto\/https:\/\/booknode.com\/lefficience_en_droit_penal_economique_etude_de_droit_positif_a_la_lumiere_de_lanalyse_economique_du_droit_049474\"  target=\"_blank\" rel=\"noopener noreferrer nofollow\">Le livre <\/a><span><\/span>. Ouvrage de r\u00e9f\u00e9rence.}<br \/>\n|{L\u2019\u00e9galit\u00e9 en mati\u00e8re p\u00e9nale,<a target=\"_blank\" rel=\"nofollow\" href=\"https:\/\/www.tribunal-nature.org\/blog\/goto\/https:\/\/booknode.com\/legalite_en_matiere_penale_036970\"  target=\"_blank\" rel=\"noopener noreferrer nofollow\">(la couverture) <\/a><span><\/span>.}<br \/>\n|{L\u00e9gende de la famille Forseti tome 2,<a target=\"_blank\" rel=\"nofollow\" href=\"https:\/\/www.tribunal-nature.org\/blog\/goto\/https:\/\/www.kobo.com\/fr\/fr\/ebook\/legende-de-la-famille-forseti-tome-2\"  target=\"_blank\" rel=\"noopener noreferrer nofollow\">Le livre <\/a><span><\/span>. Disponible dans toutes les bonnes librairies.}<br \/>\n|{L\u2019enfant et son juge : la justice des mineurs au quotidien,<a target=\"_blank\" rel=\"nofollow\" href=\"https:\/\/www.tribunal-nature.org\/blog\/goto\/https:\/\/booknode.com\/lenfant_et_son_juge_la_justice_des_mineurs_au_quotidien_042701\"  target=\"_blank\" rel=\"noopener noreferrer nofollow\">Clicker Ici <\/a><span><\/span>.}<br \/>\n|{Les aveux d\u2019un juge d\u2019instruction,<a target=\"_blank\" rel=\"nofollow\" href=\"https:\/\/www.tribunal-nature.org\/blog\/goto\/https:\/\/booknode.com\/les_aveux_dun_juge_dinstruction_01727505\"  target=\"_blank\" rel=\"noopener noreferrer nofollow\">A voir et \u00e0 lire. <\/a><span><\/span>.}<br \/>\n|{Les chroniques du Radch (Tome 1) \u2013 La justice de l\u2019ancillaire,<a target=\"_blank\" rel=\"nofollow\" href=\"https:\/\/www.tribunal-nature.org\/blog\/goto\/https:\/\/www.kobo.com\/fr\/fr\/ebook\/les-chroniques-du-radch-tome-1-la-justice-de-l-ancillaire\"  target=\"_blank\" rel=\"noopener noreferrer nofollow\">Ouvrage <\/a><span><\/span>.}<br \/>\n|{Les \u00c9crivains\/La litt\u00e9rature en justice,<a target=\"_blank\" rel=\"nofollow\" href=\"https:\/\/www.tribunal-nature.org\/blog\/goto\/https:\/\/fr.wikisource.org\/wiki\/Les_%C3%89crivains\/La_litt%C3%A9rature_en_justice\"  target=\"_blank\" rel=\"noopener noreferrer nofollow\">Le livre <\/a><span><\/span>.}<br \/>\n|{Les enfants de la transition \u2013 Une g\u00e9n\u00e9ration en danger ?,<a target=\"_blank\" rel=\"nofollow\" href=\"https:\/\/www.tribunal-nature.org\/blog\/goto\/https:\/\/booknode.com\/les_enfants_de_la_transition_une_generation_en_danger_0121003\"  target=\"_blank\" rel=\"noopener noreferrer nofollow\">(la couverture) <\/a><span><\/span>. Disponible \u00e0 l\u2019achat sur les plateformes Amazon, Fnac, Cultura \u2026.}<br \/>\n|{Les erreurs judiciaires,<a target=\"_blank\" rel=\"nofollow\" href=\"https:\/\/www.tribunal-nature.org\/blog\/goto\/https:\/\/booknode.com\/les_erreurs_judiciaires_030519\"  target=\"_blank\" rel=\"noopener noreferrer nofollow\">Le livre <\/a><span><\/span>.}<br \/>\n|{Les Gaiet\u00e9s\/Plainte port\u00e9e \u00e0 la Cour de Justice, contre un Homme sans honneur, par une Femme d\u00e9licate et passionn\u00e9e,<a target=\"_blank\" rel=\"nofollow\" href=\"https:\/\/www.tribunal-nature.org\/blog\/goto\/https:\/\/fr.wikisource.org\/wiki\/Les_Gaiet%C3%A9s\/Plainte_port%C3%A9e_%C3%A0_la_Cour_de_Justice,_contre_un_Homme_sans_honneur,_par_une_Femme_d%C3%A9licate_et_passionn%C3%A9e\"  target=\"_blank\" rel=\"noopener noreferrer nofollow\">Clicker Ici <\/a><span><\/span>. Disponible dans toutes les bonnes biblioth\u00e8ques de votre d\u00e9partement.}<br \/>\n|{Les grandes d\u00e9cisions de la cour commune de justice et d\u2019arbitrage de l\u2019OHADA,<a target=\"_blank\" rel=\"nofollow\" href=\"https:\/\/www.tribunal-nature.org\/blog\/goto\/https:\/\/www.kobo.com\/fr\/fr\/ebook\/les-grandes-decisions-de-la-cour-commune-de-justice-et-d-arbitrage-de-l-ohada\"  target=\"_blank\" rel=\"noopener noreferrer nofollow\">A voir et \u00e0 lire. <\/a><span><\/span>.}<br \/>\n|{Les grandes \u00e9nigmes de la justice,<a target=\"_blank\" rel=\"nofollow\" href=\"https:\/\/www.tribunal-nature.org\/blog\/goto\/https:\/\/www.kobo.com\/fr\/fr\/ebook\/les-grandes-enigmes-de-la-justice\"  target=\"_blank\" rel=\"noopener noreferrer nofollow\">Ouvrage <\/a><span><\/span>.}<br \/>\n|{Les grands arr\u00eats du droit p\u00e9nal g\u00e9n\u00e9ral,<a target=\"_blank\" rel=\"nofollow\" href=\"https:\/\/www.tribunal-nature.org\/blog\/goto\/https:\/\/booknode.com\/les_grands_arrets_du_droit_penal_general_048508\"  target=\"_blank\" rel=\"noopener noreferrer nofollow\">Le livre <\/a><span><\/span>. Ouvrage de r\u00e9f\u00e9rence.}<br \/>\n|{Les juridictions et juges de proximit\u00e9: Leur r\u00f4le concret en mati\u00e8re d\u2019acc\u00e8s \u00e0 la justice des petits litiges civils,<a target=\"_blank\" rel=\"nofollow\" href=\"https:\/\/www.tribunal-nature.org\/blog\/goto\/https:\/\/www.kobo.com\/fr\/fr\/ebook\/les-juridictions-et-juges-de-proximite-leur-role-concret-en-matiere-d-acces-a-la-justice-des-petits-litiges-civils\"  target=\"_blank\" rel=\"noopener noreferrer nofollow\">(la couverture) <\/a><span><\/span>. Disponible \u00e0 l\u2019achat sur les plateformes Amazon, Fnac, Cultura \u2026.}<br \/>\n|{Les juridictions p\u00e9nales internationalis\u00e9es : un nouveau mod\u00e8le de justice hybride ?,<a target=\"_blank\" rel=\"nofollow\" href=\"https:\/\/www.tribunal-nature.org\/blog\/goto\/https:\/\/booknode.com\/les_juridictions_penales_internationalisees_un_nouveau_modele_de_justice_hybride_049687\"  target=\"_blank\" rel=\"noopener noreferrer nofollow\">Le livre <\/a><span><\/span>.}<br \/>\n|{Les magistrats sur le divan,<a target=\"_blank\" rel=\"nofollow\" href=\"https:\/\/www.tribunal-nature.org\/blog\/goto\/https:\/\/booknode.com\/les_magistrats_sur_le_divan_02198923\"  target=\"_blank\" rel=\"noopener noreferrer nofollow\">Clicker Ici <\/a><span><\/span>. Disponible dans toutes les bonnes biblioth\u00e8ques de votre d\u00e9partement.}<br \/>\n|{Les proc\u00e9dures alternatives aux poursuites : une autre justice p\u00e9nale,<a target=\"_blank\" rel=\"nofollow\" href=\"https:\/\/www.tribunal-nature.org\/blog\/goto\/https:\/\/www.kobo.com\/fr\/fr\/ebook\/les-procedures-alternatives-aux-poursuites-une-autre-justice-penale\"  target=\"_blank\" rel=\"noopener noreferrer nofollow\">A voir et \u00e0 lire. <\/a><span><\/span>.}<br \/>\n|{Les Responsabilit\u00e9s des juridictions,<a target=\"_blank\" rel=\"nofollow\" href=\"https:\/\/www.tribunal-nature.org\/blog\/goto\/https:\/\/www.kobo.com\/fr\/fr\/ebook\/les-responsabilites-des-juridictions-1\"  target=\"_blank\" rel=\"noopener noreferrer nofollow\">Ouvrage <\/a><span><\/span>.}<br \/>\n|{Les r\u00e9surrections: Justice p\u00e9nale et erreurs judiciaires en Chine,<a target=\"_blank\" rel=\"nofollow\" href=\"https:\/\/www.tribunal-nature.org\/blog\/goto\/https:\/\/booknode.com\/les_resurrections_justice_penale_et_erreurs_judiciaires_en_chine_02646665\"  target=\"_blank\" rel=\"noopener noreferrer nofollow\">Le livre <\/a><span><\/span>. Ouvrage de r\u00e9f\u00e9rence.}<br \/>\n|{Les Sto\u00efciens : \u00c9pict\u00e8te Le poignard \u00e0 la main,<a target=\"_blank\" rel=\"nofollow\" href=\"https:\/\/www.tribunal-nature.org\/blog\/goto\/https:\/\/fr.wikibooks.org\/wiki\/Les_Sto%C3%AFciens_:_%C3%89pict%C3%A8te_Le_poignard_%C3%A0_la_main\"  target=\"_blank\" rel=\"noopener noreferrer nofollow\">(la couverture) <\/a><span><\/span>.}<br \/>\n|{Les t\u00e9moins devant la justice,<a target=\"_blank\" rel=\"nofollow\" href=\"https:\/\/www.tribunal-nature.org\/blog\/goto\/https:\/\/www.kobo.com\/fr\/fr\/ebook\/les-temoins-devant-la-justice-1\"  target=\"_blank\" rel=\"noopener noreferrer nofollow\">Le livre <\/a><span><\/span>.}<br \/>\n|{Les transformations de la justice p\u00e9nale. Une comparaison franco-anglaise,<a target=\"_blank\" rel=\"nofollow\" href=\"https:\/\/www.tribunal-nature.org\/blog\/goto\/https:\/\/www.kobo.com\/fr\/fr\/ebook\/les-transformations-de-la-justice-penale-une-comparaison-franco-anglaise\"  target=\"_blank\" rel=\"noopener noreferrer nofollow\">Clicker Ici <\/a><span><\/span>. Disponible dans toutes les bonnes biblioth\u00e8ques de votre d\u00e9partement.}<br \/>\n|{Les Tribunaux fran\u00e7ais face \u00e0 la justice europ\u00e9enne,<a target=\"_blank\" rel=\"nofollow\" href=\"https:\/\/www.tribunal-nature.org\/blog\/goto\/https:\/\/www.kobo.com\/fr\/fr\/ebook\/les-tribunaux-francais-face-a-la-justice-europeenne\"  target=\"_blank\" rel=\"noopener noreferrer nofollow\">A voir et \u00e0 lire. <\/a><span><\/span>.}<br \/>\n|{Lettres de ma chaumi\u00e8re\/La Justice de paix,<a target=\"_blank\" rel=\"nofollow\" href=\"https:\/\/www.tribunal-nature.org\/blog\/goto\/https:\/\/fr.wikisource.org\/wiki\/Lettres_de_ma_chaumi%C3%A8re\/La_Justice_de_paix\"  target=\"_blank\" rel=\"noopener noreferrer nofollow\">Ouvrage <\/a><span><\/span>.}<br \/>\n|{L\u00e9vinas,<a target=\"_blank\" rel=\"nofollow\" href=\"https:\/\/www.tribunal-nature.org\/blog\/goto\/https:\/\/www.kobo.com\/fr\/fr\/ebook\/levinas-5\"  target=\"_blank\" rel=\"noopener noreferrer nofollow\">Le livre <\/a><span><\/span>.}<br \/>\n|{L\u2019homosexualit\u00e9, condamnation, tol\u00e9rance et \u00e9galit\u00e9,<a target=\"_blank\" rel=\"nofollow\" href=\"https:\/\/www.tribunal-nature.org\/blog\/goto\/https:\/\/booknode.com\/lhomosexualite_condamnation_tolerance_et_egalite_0737323\"  target=\"_blank\" rel=\"noopener noreferrer nofollow\">(la couverture) <\/a><span><\/span>.}<br \/>\n|{Libert\u00e9s et s\u00fbret\u00e9 dans un monde dangereux,<a target=\"_blank\" rel=\"nofollow\" href=\"https:\/\/www.tribunal-nature.org\/blog\/goto\/https:\/\/booknode.com\/libertes_et_surete_dans_un_monde_dangereux_03066545\"  target=\"_blank\" rel=\"noopener noreferrer nofollow\">Le livre <\/a><span><\/span>.}<br \/>\n|{L\u2019id\u00e9e de justice,<a target=\"_blank\" rel=\"nofollow\" href=\"https:\/\/www.tribunal-nature.org\/blog\/goto\/https:\/\/www.kobo.com\/fr\/fr\/ebook\/l-idee-de-justice\"  target=\"_blank\" rel=\"noopener noreferrer nofollow\">Clicker Ici <\/a><span><\/span>.}<br \/>\n|{Liens dangereux,<a target=\"_blank\" rel=\"nofollow\" href=\"https:\/\/www.tribunal-nature.org\/blog\/goto\/https:\/\/www.kobo.com\/fr\/fr\/ebook\/liens-dangereux\"  target=\"_blank\" rel=\"noopener noreferrer nofollow\">A voir et \u00e0 lire. <\/a><span><\/span>.}<br \/>\n|{L\u2019ind\u00e9pendance de la justice,<a target=\"_blank\" rel=\"nofollow\" href=\"https:\/\/www.tribunal-nature.org\/blog\/goto\/https:\/\/www.kobo.com\/fr\/fr\/ebook\/l-independance-de-la-justice\"  target=\"_blank\" rel=\"noopener noreferrer nofollow\">Ouvrage <\/a><span><\/span>.}<br \/>\n|{Malheur Aux Pauvres,<a target=\"_blank\" rel=\"nofollow\" href=\"https:\/\/www.tribunal-nature.org\/blog\/goto\/https:\/\/booknode.com\/malheur_aux_pauvres_0873773\"  target=\"_blank\" rel=\"noopener noreferrer nofollow\">Le livre <\/a><span><\/span>.}<br \/>\n|{Manuel de droit p\u00e9nal g\u00e9n\u00e9ral,<a target=\"_blank\" rel=\"nofollow\" href=\"https:\/\/www.tribunal-nature.org\/blog\/goto\/https:\/\/booknode.com\/manuel_de_droit_penal_general_040144\"  target=\"_blank\" rel=\"noopener noreferrer nofollow\">(la couverture) <\/a><span><\/span>.}<br \/>\n}<\/p>\n<p>{{Manuel de proc\u00e9dure p\u00e9nale,<a target=\"_blank\" rel=\"nofollow\" href=\"https:\/\/www.tribunal-nature.org\/blog\/goto\/https:\/\/booknode.com\/manuel_de_procedure_penale_040141\"  target=\"_blank\" rel=\"noopener noreferrer nofollow\">Le livre <\/a><span><\/span>. Disponible dans toutes les bonnes librairies.}<br \/>\n|{Martin Luther King,<a target=\"_blank\" rel=\"nofollow\" href=\"https:\/\/www.tribunal-nature.org\/blog\/goto\/https:\/\/booknode.com\/martin_luther_king_01689635\"  target=\"_blank\" rel=\"noopener noreferrer nofollow\">Clicker Ici <\/a><span><\/span>. Disponible dans toutes les bonnes biblioth\u00e8ques de votre d\u00e9partement.}<br \/>\n|{M\u00e9diateurs et Avocats : Ennemis ? Alli\u00e9s ?,<a target=\"_blank\" rel=\"nofollow\" href=\"https:\/\/www.tribunal-nature.org\/blog\/goto\/https:\/\/booknode.com\/mediateurs_et_avocats_ennemis_allies_01289363\"  target=\"_blank\" rel=\"noopener noreferrer nofollow\">A voir et \u00e0 lire. <\/a><span><\/span>.}<br \/>\n|{M\u00eame les monstres,<a target=\"_blank\" rel=\"nofollow\" href=\"https:\/\/www.tribunal-nature.org\/blog\/goto\/https:\/\/booknode.com\/meme_les_monstres_02786075\"  target=\"_blank\" rel=\"noopener noreferrer nofollow\">Ouvrage <\/a><span><\/span>.}<br \/>\n|{N\u00e9erlandais\/Pour traducteurs\/La ville (utilisateurs avanc\u00e9s),<a target=\"_blank\" rel=\"nofollow\" href=\"https:\/\/www.tribunal-nature.org\/blog\/goto\/https:\/\/fr.wikibooks.org\/wiki\/N%C3%A9erlandais\/Pour_traducteurs\/La_ville_(utilisateurs_avanc%C3%A9s)\"  target=\"_blank\" rel=\"noopener noreferrer nofollow\">Le livre <\/a><span><\/span>.}<br \/>\n|{Notes d\u2019audience ou Les M\u00e9moires d\u2019une \u00ab tribunaliste \u00bb,<a target=\"_blank\" rel=\"nofollow\" href=\"https:\/\/www.tribunal-nature.org\/blog\/goto\/https:\/\/booknode.com\/notes_daudience_ou_les_memoires_dune_tribunaliste_02641933\"  target=\"_blank\" rel=\"noopener noreferrer nofollow\">(la couverture) <\/a><span><\/span>.}<br \/>\n|{Notion de bien et de besoin,<a target=\"_blank\" rel=\"nofollow\" href=\"https:\/\/www.tribunal-nature.org\/blog\/goto\/https:\/\/fr.wikibooks.org\/wiki\/Notion_de_bien_et_de_besoin\"  target=\"_blank\" rel=\"noopener noreferrer nofollow\">Le livre <\/a><span><\/span>.}<br \/>\n|{Nuits dangereuses,<a target=\"_blank\" rel=\"nofollow\" href=\"https:\/\/www.tribunal-nature.org\/blog\/goto\/https:\/\/www.kobo.com\/fr\/fr\/ebook\/nuits-dangereuses\"  target=\"_blank\" rel=\"noopener noreferrer nofollow\">Clicker Ici <\/a><span><\/span>.}<br \/>\n|{Objectif Justice,<a target=\"_blank\" rel=\"nofollow\" href=\"https:\/\/www.tribunal-nature.org\/blog\/goto\/https:\/\/booknode.com\/objectif_justice_01311113\"  target=\"_blank\" rel=\"noopener noreferrer nofollow\">A voir et \u00e0 lire. <\/a><span><\/span>. Disponible sur internet.}<br \/>\n|{Omar m\u2019a tuer,<a target=\"_blank\" rel=\"nofollow\" href=\"https:\/\/www.tribunal-nature.org\/blog\/goto\/https:\/\/booknode.com\/omar_ma_tuer_0879922\"  target=\"_blank\" rel=\"noopener noreferrer nofollow\">Ouvrage <\/a><span><\/span>. A emprunter en biblioth\u00e8que.}<br \/>\n|{Opinions sociales\/La Justice civile et militaire,<a target=\"_blank\" rel=\"nofollow\" href=\"https:\/\/www.tribunal-nature.org\/blog\/goto\/https:\/\/fr.wikisource.org\/wiki\/Opinions_sociales\/La_Justice_civile_et_militaire\"  target=\"_blank\" rel=\"noopener noreferrer nofollow\">Le livre <\/a><span><\/span>.}<br \/>\n|{PAPA A FAIT MAL,<a target=\"_blank\" rel=\"nofollow\" href=\"https:\/\/www.tribunal-nature.org\/blog\/goto\/https:\/\/booknode.com\/papa_a_fait_mal_0661512\"  target=\"_blank\" rel=\"noopener noreferrer nofollow\">(la couverture) <\/a><span><\/span>. Disponible \u00e0 l\u2019achat sur les plateformes Amazon, Fnac, Cultura \u2026.}<br \/>\n|{Paris en l\u2019an 2000\/Justice,<a target=\"_blank\" rel=\"nofollow\" href=\"https:\/\/www.tribunal-nature.org\/blog\/goto\/https:\/\/fr.wikisource.org\/wiki\/Paris_en_l%E2%80%99an_2000\/Justice\"  target=\"_blank\" rel=\"noopener noreferrer nofollow\">Le livre <\/a><span><\/span>.}<br \/>\n|{Parlons justice en 30 questions,<a target=\"_blank\" rel=\"nofollow\" href=\"https:\/\/www.tribunal-nature.org\/blog\/goto\/https:\/\/www.kobo.com\/fr\/fr\/ebook\/parlons-justice-en-30-questions-1\"  target=\"_blank\" rel=\"noopener noreferrer nofollow\">Clicker Ici <\/a><span><\/span>.}<br \/>\n|{Paroles de palais de justice,<a target=\"_blank\" rel=\"nofollow\" href=\"https:\/\/www.tribunal-nature.org\/blog\/goto\/https:\/\/booknode.com\/paroles_de_palais_de_justice_03318502\"  target=\"_blank\" rel=\"noopener noreferrer nofollow\">A voir et \u00e0 lire. <\/a><span><\/span>.}<br \/>\n|{Paroles de palais de justice,<a target=\"_blank\" rel=\"nofollow\" href=\"https:\/\/www.tribunal-nature.org\/blog\/goto\/https:\/\/www.kobo.com\/fr\/fr\/ebook\/paroles-de-palais-de-justice\"  target=\"_blank\" rel=\"noopener noreferrer nofollow\">Ouvrage <\/a><span><\/span>.}<br \/>\n|{Paroles d\u2019enfants paroles de juges,<a target=\"_blank\" rel=\"nofollow\" href=\"https:\/\/www.tribunal-nature.org\/blog\/goto\/https:\/\/www.kobo.com\/fr\/fr\/ebook\/paroles-d-enfants-paroles-de-juges-essai-d-une-methode-d-approche-des-revelations-d-abus-sexuels\"  target=\"_blank\" rel=\"noopener noreferrer nofollow\">Le livre <\/a><span><\/span>. Ouvrage de r\u00e9f\u00e9rence.}<br \/>\n|{Paroles d\u2019enfants paroles de juges,<a target=\"_blank\" rel=\"nofollow\" href=\"https:\/\/www.tribunal-nature.org\/blog\/goto\/https:\/\/www.kobo.com\/fr\/fr\/ebook\/paroles-d-enfants-paroles-de-juges-essai-d-une-methode-d-approche-des-revelations-d-abus-sexuels\"  target=\"_blank\" rel=\"noopener noreferrer nofollow\">(la couverture) <\/a><span><\/span>. Disponible \u00e0 l\u2019achat sur les plateformes Amazon, Fnac, Cultura \u2026.}<br \/>\n|{Pas de quartier ?,<a target=\"_blank\" rel=\"nofollow\" href=\"https:\/\/www.tribunal-nature.org\/blog\/goto\/https:\/\/www.kobo.com\/fr\/fr\/ebook\/pas-de-quartier\"  target=\"_blank\" rel=\"noopener noreferrer nofollow\">Le livre <\/a><span><\/span>.}<br \/>\n|{Paysages et paysans\/En justice de paix,<a target=\"_blank\" rel=\"nofollow\" href=\"https:\/\/www.tribunal-nature.org\/blog\/goto\/https:\/\/fr.wikisource.org\/wiki\/Paysages_et_paysans\/En_justice_de_paix\"  target=\"_blank\" rel=\"noopener noreferrer nofollow\">Clicker Ici <\/a><span><\/span>.}<br \/>\n|{P\u00e9nologie : ex\u00e9cution des sanctions adultes et mineurs,<a target=\"_blank\" rel=\"nofollow\" href=\"https:\/\/www.tribunal-nature.org\/blog\/goto\/https:\/\/booknode.com\/penologie_execution_des_sanctions_adultes_et_mineurs_023859\"  target=\"_blank\" rel=\"noopener noreferrer nofollow\">A voir et \u00e0 lire. <\/a><span><\/span>.}<br \/>\n|{Penser la justice,<a target=\"_blank\" rel=\"nofollow\" href=\"https:\/\/www.tribunal-nature.org\/blog\/goto\/https:\/\/www.kobo.com\/fr\/fr\/ebook\/penser-la-justice\"  target=\"_blank\" rel=\"noopener noreferrer nofollow\">Ouvrage <\/a><span><\/span>.}<br \/>\n|{Petit trait\u00e9 d\u2019argumentation judiciaire : 2009-2010,<a target=\"_blank\" rel=\"nofollow\" href=\"https:\/\/www.tribunal-nature.org\/blog\/goto\/https:\/\/booknode.com\/petit_traite_dargumentation_judiciaire_2009_2010_038463\"  target=\"_blank\" rel=\"noopener noreferrer nofollow\">Le livre <\/a><span><\/span>.}<br \/>\n|{Petit trait\u00e9 de l\u2019\u00e9crit judiciaire 2008-2009,<a target=\"_blank\" rel=\"nofollow\" href=\"https:\/\/www.tribunal-nature.org\/blog\/goto\/https:\/\/booknode.com\/petit_traite_de_lecrit_judiciaire_2008_2009_039730\"  target=\"_blank\" rel=\"noopener noreferrer nofollow\">(la couverture) <\/a><span><\/span>.}<br \/>\n|{Philosophie\/Absolu\/relatif,<a target=\"_blank\" rel=\"nofollow\" href=\"https:\/\/www.tribunal-nature.org\/blog\/goto\/https:\/\/fr.wikibooks.org\/wiki\/Philosophie\/Absolu\/relatif\"  target=\"_blank\" rel=\"noopener noreferrer nofollow\">Le livre <\/a><span><\/span>.}<br \/>\n|{Philosophie\/Autrui,<a target=\"_blank\" rel=\"nofollow\" href=\"https:\/\/www.tribunal-nature.org\/blog\/goto\/https:\/\/fr.wikibooks.org\/wiki\/Philosophie\/Autrui\"  target=\"_blank\" rel=\"noopener noreferrer nofollow\">Clicker Ici <\/a><span><\/span>.}<br \/>\n|{Philosophie\/Langage,<a target=\"_blank\" rel=\"nofollow\" href=\"https:\/\/www.tribunal-nature.org\/blog\/goto\/https:\/\/fr.wikibooks.org\/wiki\/Philosophie\/Langage\"  target=\"_blank\" rel=\"noopener noreferrer nofollow\">A voir et \u00e0 lire. <\/a><span><\/span>. Disponible sur internet.}<br \/>\n|{Philosophie\/Manuel de terminale,<a target=\"_blank\" rel=\"nofollow\" href=\"https:\/\/www.tribunal-nature.org\/blog\/goto\/https:\/\/fr.wikibooks.org\/wiki\/Philosophie\/Manuel_de_terminale\"  target=\"_blank\" rel=\"noopener noreferrer nofollow\">Ouvrage <\/a><span><\/span>.}<br \/>\n|{Philosophie\/Morale,<a target=\"_blank\" rel=\"nofollow\" href=\"https:\/\/www.tribunal-nature.org\/blog\/goto\/https:\/\/fr.wikibooks.org\/wiki\/Philosophie\/Morale\"  target=\"_blank\" rel=\"noopener noreferrer nofollow\">Le livre <\/a><span><\/span>.}<br \/>\n|{Philosophie\/Nietzsche\/La moralit\u00e9 des m\u0153urs,<a target=\"_blank\" rel=\"nofollow\" href=\"https:\/\/www.tribunal-nature.org\/blog\/goto\/https:\/\/fr.wikibooks.org\/wiki\/Philosophie\/Nietzsche\/La_moralit%C3%A9_des_m%C5%93urs\"  target=\"_blank\" rel=\"noopener noreferrer nofollow\">(la couverture) <\/a><span><\/span>.}<br \/>\n|{Philosophie\/Une br\u00e8ve introduction\/Bilan,<a target=\"_blank\" rel=\"nofollow\" href=\"https:\/\/www.tribunal-nature.org\/blog\/goto\/https:\/\/fr.wikibooks.org\/wiki\/Philosophie\/Une_br%C3%A8ve_introduction\/Bilan\"  target=\"_blank\" rel=\"noopener noreferrer nofollow\">Le livre <\/a><span><\/span>.}<br \/>\n|{Photographie\/Personnalit\u00e9s\/A\/Ernest Charles Eug\u00e8ne Appert,<a target=\"_blank\" rel=\"nofollow\" href=\"https:\/\/www.tribunal-nature.org\/blog\/goto\/https:\/\/fr.wikibooks.org\/wiki\/Photographie\/Personnalit%C3%A9s\/A\/Ernest_Charles_Eug%C3%A8ne_Appert\"  target=\"_blank\" rel=\"noopener noreferrer nofollow\">Clicker Ici <\/a><span><\/span>. Disponible dans toutes les bonnes biblioth\u00e8ques de votre d\u00e9partement.}<br \/>\n|{Photographie\/Personnalit\u00e9s\/A\/Jean Ag\u00e9lou,<a target=\"_blank\" rel=\"nofollow\" href=\"https:\/\/www.tribunal-nature.org\/blog\/goto\/https:\/\/fr.wikibooks.org\/wiki\/Photographie\/Personnalit%C3%A9s\/A\/Jean_Ag%C3%A9lou\"  target=\"_blank\" rel=\"noopener noreferrer nofollow\">A voir et \u00e0 lire. <\/a><span><\/span>.}<br \/>\n|{Photographie\/Personnalit\u00e9s\/B\/Bruno Braquehais,<a target=\"_blank\" rel=\"nofollow\" href=\"https:\/\/www.tribunal-nature.org\/blog\/goto\/https:\/\/fr.wikibooks.org\/wiki\/Photographie\/Personnalit%C3%A9s\/B\/Bruno_Braquehais\"  target=\"_blank\" rel=\"noopener noreferrer nofollow\">Ouvrage <\/a><span><\/span>.}<br \/>\n|{Photographie\/Personnalit\u00e9s\/C\/Hippolyte-Auguste Collard,<a target=\"_blank\" rel=\"nofollow\" href=\"https:\/\/www.tribunal-nature.org\/blog\/goto\/https:\/\/fr.wikibooks.org\/wiki\/Photographie\/Personnalit%C3%A9s\/C\/Hippolyte-Auguste_Collard\"  target=\"_blank\" rel=\"noopener noreferrer nofollow\">Le livre <\/a><span><\/span>.}<br \/>\n|{Photographie\/Personnalit\u00e9s\/H\/Pieter Hugo,<a target=\"_blank\" rel=\"nofollow\" href=\"https:\/\/www.tribunal-nature.org\/blog\/goto\/https:\/\/fr.wikibooks.org\/wiki\/Photographie\/Personnalit%C3%A9s\/H\/Pieter_Hugo\"  target=\"_blank\" rel=\"noopener noreferrer nofollow\">(la couverture) <\/a><span><\/span>. Disponible \u00e0 l\u2019achat sur les plateformes Amazon, Fnac, Cultura \u2026.}<br \/>\n|{Photographie\/Personnalit\u00e9s\/K\/Alberto Korda,<a target=\"_blank\" rel=\"nofollow\" href=\"https:\/\/www.tribunal-nature.org\/blog\/goto\/https:\/\/fr.wikibooks.org\/wiki\/Photographie\/Personnalit%C3%A9s\/K\/Alberto_Korda\"  target=\"_blank\" rel=\"noopener noreferrer nofollow\">Le livre <\/a><span><\/span>.}<br \/>\n|{Photographie\/Personnalit\u00e9s\/M\/Charles Marville,<a target=\"_blank\" rel=\"nofollow\" href=\"https:\/\/www.tribunal-nature.org\/blog\/goto\/https:\/\/fr.wikibooks.org\/wiki\/Photographie\/Personnalit%C3%A9s\/M\/Charles_Marville\"  target=\"_blank\" rel=\"noopener noreferrer nofollow\">Clicker Ici <\/a><span><\/span>.}<br \/>\n|{Photographie\/Personnalit\u00e9s\/M\/F\u00e9lix-Jacques Antoine Moulin,<a target=\"_blank\" rel=\"nofollow\" href=\"https:\/\/www.tribunal-nature.org\/blog\/goto\/https:\/\/fr.wikibooks.org\/wiki\/Photographie\/Personnalit%C3%A9s\/M\/F%C3%A9lix-Jacques_Antoine_Moulin\"  target=\"_blank\" rel=\"noopener noreferrer nofollow\">A voir et \u00e0 lire. <\/a><span><\/span>.}<br \/>\n|{Photographie\/Personnalit\u00e9s\/M\/Rufus Porter Moody,<a target=\"_blank\" rel=\"nofollow\" href=\"https:\/\/www.tribunal-nature.org\/blog\/goto\/https:\/\/fr.wikibooks.org\/wiki\/Photographie\/Personnalit%C3%A9s\/M\/Rufus_Porter_Moody\"  target=\"_blank\" rel=\"noopener noreferrer nofollow\">Ouvrage <\/a><span><\/span>.}<br \/>\n|{Photographie\/Personnalit\u00e9s\/V\/Michel Vanden Eeckhoudt,<a target=\"_blank\" rel=\"nofollow\" href=\"https:\/\/www.tribunal-nature.org\/blog\/goto\/https:\/\/fr.wikibooks.org\/wiki\/Photographie\/Personnalit%C3%A9s\/V\/Michel_Vanden_Eeckhoudt\"  target=\"_blank\" rel=\"noopener noreferrer nofollow\">Le livre <\/a><span><\/span>. Ouvrage de r\u00e9f\u00e9rence.}<br \/>\n|{Photographie\/Physique-chimie\/Chaleur, temp\u00e9rature, z\u00e9ro absolu,<a target=\"_blank\" rel=\"nofollow\" href=\"https:\/\/www.tribunal-nature.org\/blog\/goto\/https:\/\/fr.wikibooks.org\/wiki\/Photographie\/Physique-chimie\/Chaleur,_temp%C3%A9rature,_z%C3%A9ro_absolu\"  target=\"_blank\" rel=\"noopener noreferrer nofollow\">(la couverture) <\/a><span><\/span>. Disponible \u00e0 l\u2019achat sur les plateformes Amazon, Fnac, Cultura \u2026.}<br \/>\n|{Photographie\/Soci\u00e9t\u00e9s et Organisations\/\u00c9diteurs de cartes postales\/A. Papeghin,<a target=\"_blank\" rel=\"nofollow\" href=\"https:\/\/www.tribunal-nature.org\/blog\/goto\/https:\/\/fr.wikibooks.org\/wiki\/Photographie\/Soci%C3%A9t%C3%A9s_et_Organisations\/%C3%89diteurs_de_cartes_postales\/A._Papeghin\"  target=\"_blank\" rel=\"noopener noreferrer nofollow\">Le livre <\/a><span><\/span>.}<br \/>\n|{Photographie\/Soci\u00e9t\u00e9s et Organisations\/\u00c9diteurs de cartes postales\/Andr\u00e9 Boucher,<a target=\"_blank\" rel=\"nofollow\" href=\"https:\/\/www.tribunal-nature.org\/blog\/goto\/https:\/\/fr.wikibooks.org\/wiki\/Photographie\/Soci%C3%A9t%C3%A9s_et_Organisations\/%C3%89diteurs_de_cartes_postales\/Andr%C3%A9_Boucher\"  target=\"_blank\" rel=\"noopener noreferrer nofollow\">Clicker Ici <\/a><span><\/span>.}<br \/>\n|{Photographie\/Soci\u00e9t\u00e9s et Organisations\/\u00c9diteurs de cartes postales\/Aqua Photo (L\u00e9opold Verger &amp; Cie ),<a target=\"_blank\" rel=\"nofollow\" href=\"https:\/\/www.tribunal-nature.org\/blog\/goto\/https:\/\/fr.wikibooks.org\/wiki\/Photographie\/Soci%C3%A9t%C3%A9s_et_Organisations\/%C3%89diteurs_de_cartes_postales\/Aqua_Photo_(L%C3%A9opold_Verger_%26_Cie_)\"  target=\"_blank\" rel=\"noopener noreferrer nofollow\">A voir et \u00e0 lire. <\/a><span><\/span>. Disponible sur internet.}<br \/>\n|{Photographie\/Soci\u00e9t\u00e9s et Organisations\/\u00c9diteurs de cartes postales\/H.L.M.,<a target=\"_blank\" rel=\"nofollow\" href=\"https:\/\/www.tribunal-nature.org\/blog\/goto\/https:\/\/fr.wikibooks.org\/wiki\/Photographie\/Soci%C3%A9t%C3%A9s_et_Organisations\/%C3%89diteurs_de_cartes_postales\/H.L.M.\"  target=\"_blank\" rel=\"noopener noreferrer nofollow\">Ouvrage <\/a><span><\/span>. A emprunter en biblioth\u00e8que.}<br \/>\n|{Photographie\/Soci\u00e9t\u00e9s et Organisations\/\u00c9diteurs de cartes postales\/L. Dulac,<a target=\"_blank\" rel=\"nofollow\" href=\"https:\/\/www.tribunal-nature.org\/blog\/goto\/https:\/\/fr.wikibooks.org\/wiki\/Photographie\/Soci%C3%A9t%C3%A9s_et_Organisations\/%C3%89diteurs_de_cartes_postales\/L._Dulac\"  target=\"_blank\" rel=\"noopener noreferrer nofollow\">Le livre <\/a><span><\/span>.}<br \/>\n|{Platon, l\u2019art de la justice,<a target=\"_blank\" rel=\"nofollow\" href=\"https:\/\/www.tribunal-nature.org\/blog\/goto\/https:\/\/www.kobo.com\/fr\/fr\/ebook\/platon-l-art-de-la-justice\"  target=\"_blank\" rel=\"noopener noreferrer nofollow\">(la couverture) <\/a><span><\/span>.}<br \/>\n|{Pour l\u2019honneur de la justice,<a target=\"_blank\" rel=\"nofollow\" href=\"https:\/\/www.tribunal-nature.org\/blog\/goto\/https:\/\/www.kobo.com\/fr\/fr\/ebook\/pour-l-honneur-de-la-justice\"  target=\"_blank\" rel=\"noopener noreferrer nofollow\">Le livre <\/a><span><\/span>.}<br \/>\n|{Pour lire Platon,<a target=\"_blank\" rel=\"nofollow\" href=\"https:\/\/www.tribunal-nature.org\/blog\/goto\/https:\/\/fr.wikibooks.org\/wiki\/Pour_lire_Platon\"  target=\"_blank\" rel=\"noopener noreferrer nofollow\">Clicker Ici <\/a><span><\/span>.}<br \/>\n|{Pour lire Platon\/\u00c9tudes de quelques passages des dialogues,<a target=\"_blank\" rel=\"nofollow\" href=\"https:\/\/www.tribunal-nature.org\/blog\/goto\/https:\/\/fr.wikibooks.org\/wiki\/Pour_lire_Platon\/%C3%89tudes_de_quelques_passages_des_dialogues\"  target=\"_blank\" rel=\"noopener noreferrer nofollow\">A voir et \u00e0 lire. <\/a><span><\/span>.}<br \/>\n|{Pour lire Platon\/Faut-il contr\u00f4ler l\u2019art ?,<a target=\"_blank\" rel=\"nofollow\" href=\"https:\/\/www.tribunal-nature.org\/blog\/goto\/https:\/\/fr.wikibooks.org\/wiki\/Pour_lire_Platon\/Faut-il_contr%C3%B4ler_l%27art_%3F\"  target=\"_blank\" rel=\"noopener noreferrer nofollow\">Ouvrage <\/a><span><\/span>.}<br \/>\n|{Pour lire Platon\/Introduction par les mythes,<a target=\"_blank\" rel=\"nofollow\" href=\"https:\/\/www.tribunal-nature.org\/blog\/goto\/https:\/\/fr.wikibooks.org\/wiki\/Pour_lire_Platon\/Introduction_par_les_mythes\"  target=\"_blank\" rel=\"noopener noreferrer nofollow\">Le livre <\/a><span><\/span>.}<br \/>\n|{Pour lire Platon\/Platon et les mythes,<a target=\"_blank\" rel=\"nofollow\" href=\"https:\/\/www.tribunal-nature.org\/blog\/goto\/https:\/\/fr.wikibooks.org\/wiki\/Pour_lire_Platon\/Platon_et_les_mythes\"  target=\"_blank\" rel=\"noopener noreferrer nofollow\">(la couverture) <\/a><span><\/span>.}<br \/>\n|{Pour lire Platon\/Version imprimable,<a target=\"_blank\" rel=\"nofollow\" href=\"https:\/\/www.tribunal-nature.org\/blog\/goto\/https:\/\/fr.wikibooks.org\/wiki\/Pour_lire_Platon\/Version_imprimable\"  target=\"_blank\" rel=\"noopener noreferrer nofollow\">Le livre <\/a><span><\/span>.}<br \/>\n|{Pour lire Platon\/Vocabulaire,<a target=\"_blank\" rel=\"nofollow\" href=\"https:\/\/www.tribunal-nature.org\/blog\/goto\/https:\/\/fr.wikibooks.org\/wiki\/Pour_lire_Platon\/Vocabulaire\"  target=\"_blank\" rel=\"noopener noreferrer nofollow\">Clicker Ici <\/a><span><\/span>. Disponible dans toutes les bonnes biblioth\u00e8ques de votre d\u00e9partement.}<br \/>\n|{Pourquoi je suis devenu\u2026 juge pour enfants,<a target=\"_blank\" rel=\"nofollow\" href=\"https:\/\/www.tribunal-nature.org\/blog\/goto\/https:\/\/booknode.com\/pourquoi_je_suis_devenu_juge_pour_enfants_020019\"  target=\"_blank\" rel=\"noopener noreferrer nofollow\">A voir et \u00e0 lire. <\/a><span><\/span>.}<br \/>\n|{Pratique de la saisie immobili\u00e8re : proc\u00e9dure, formules types,<a target=\"_blank\" rel=\"nofollow\" href=\"https:\/\/www.tribunal-nature.org\/blog\/goto\/https:\/\/booknode.com\/pratique_de_la_saisie_immobiliere_procedure_formules_types_049540\"  target=\"_blank\" rel=\"noopener noreferrer nofollow\">Ouvrage <\/a><span><\/span>.}<br \/>\n|{Pr\u00e9cis de droit p\u00e9nal et de proc\u00e9dure p\u00e9nale,<a target=\"_blank\" rel=\"nofollow\" href=\"https:\/\/www.tribunal-nature.org\/blog\/goto\/https:\/\/booknode.com\/precis_de_droit_penal_et_de_procedure_penale_019419\"  target=\"_blank\" rel=\"noopener noreferrer nofollow\">Le livre <\/a><span><\/span>. Ouvrage de r\u00e9f\u00e9rence.}<br \/>\n|{Pr\u00e9cis d\u2019\u00e9pist\u00e9mologie\/Applications,<a target=\"_blank\" rel=\"nofollow\" href=\"https:\/\/www.tribunal-nature.org\/blog\/goto\/https:\/\/fr.wikibooks.org\/wiki\/Pr%C3%A9cis_d%27%C3%A9pist%C3%A9mologie\/Applications\"  target=\"_blank\" rel=\"noopener noreferrer nofollow\">(la couverture) <\/a><span><\/span>. Disponible \u00e0 l\u2019achat sur les plateformes Amazon, Fnac, Cultura \u2026.}<br \/>\n|{Pr\u00e9cis d\u2019\u00e9pist\u00e9mologie\/R\u00e9f\u00e9rences,<a target=\"_blank\" rel=\"nofollow\" href=\"https:\/\/www.tribunal-nature.org\/blog\/goto\/https:\/\/fr.wikibooks.org\/wiki\/Pr%C3%A9cis_d%27%C3%A9pist%C3%A9mologie\/R%C3%A9f%C3%A9rences\"  target=\"_blank\" rel=\"noopener noreferrer nofollow\">Le livre <\/a><span><\/span>. Disponible dans toutes les bonnes librairies.}<br \/>\n|{Presse-justice : liaisons dangereuses,<a target=\"_blank\" rel=\"nofollow\" href=\"https:\/\/www.tribunal-nature.org\/blog\/goto\/https:\/\/www.kobo.com\/fr\/fr\/ebook\/presse-justice-liaisons-dangereuses\"  target=\"_blank\" rel=\"noopener noreferrer nofollow\">Clicker Ici <\/a><span><\/span>. Disponible dans toutes les bonnes biblioth\u00e8ques de votre d\u00e9partement.}<br \/>\n|{Prison et r\u00e9cidive : des peines de plus en plus longues, la soci\u00e9t\u00e9 est-elle vraiment mieux prot\u00e9g\u00e9e ?,<a target=\"_blank\" rel=\"nofollow\" href=\"https:\/\/www.tribunal-nature.org\/blog\/goto\/https:\/\/booknode.com\/prison_et_recidive_des_peines_de_plus_en_plus_longues_la_societe_est_elle_vraiment_mieux_protegee_049220\"  target=\"_blank\" rel=\"noopener noreferrer nofollow\">A voir et \u00e0 lire. <\/a><span><\/span>.}<br \/>\n|{Proc\u00e9dure civile,<a target=\"_blank\" rel=\"nofollow\" href=\"https:\/\/www.tribunal-nature.org\/blog\/goto\/https:\/\/booknode.com\/procedure_civile_039157\"  target=\"_blank\" rel=\"noopener noreferrer nofollow\">Ouvrage <\/a><span><\/span>.}<br \/>\n|{Proc\u00e9dure civile : droit interne et droit communautaire,<a target=\"_blank\" rel=\"nofollow\" href=\"https:\/\/www.tribunal-nature.org\/blog\/goto\/https:\/\/booknode.com\/procedure_civile_droit_interne_et_droit_communautaire_039482\"  target=\"_blank\" rel=\"noopener noreferrer nofollow\">Le livre <\/a><span><\/span>. Ouvrage de r\u00e9f\u00e9rence.}<br \/>\n|{Proc\u00e9dure civile : droit judiciaire priv\u00e9,<a target=\"_blank\" rel=\"nofollow\" href=\"https:\/\/www.tribunal-nature.org\/blog\/goto\/https:\/\/booknode.com\/procedure_civile_droit_judiciaire_prive_022572\"  target=\"_blank\" rel=\"noopener noreferrer nofollow\">(la couverture) <\/a><span><\/span>.}<br \/>\n|{Proc\u00e9dure p\u00e9nale,<a target=\"_blank\" rel=\"nofollow\" href=\"https:\/\/www.tribunal-nature.org\/blog\/goto\/https:\/\/booknode.com\/procedure_penale_02434344\"  target=\"_blank\" rel=\"noopener noreferrer nofollow\">Le livre <\/a><span><\/span>. Disponible dans toutes les bonnes librairies.}<br \/>\n|{Proc\u00e9dure p\u00e9nale,<a target=\"_blank\" rel=\"nofollow\" href=\"https:\/\/www.tribunal-nature.org\/blog\/goto\/https:\/\/booknode.com\/procedure_penale_019203\"  target=\"_blank\" rel=\"noopener noreferrer nofollow\">Clicker Ici <\/a><span><\/span>.}<br \/>\n|{Punir et r\u00e9parer en justice, du XVe au XXIe si\u00e8cle,<a target=\"_blank\" rel=\"nofollow\" href=\"https:\/\/www.tribunal-nature.org\/blog\/goto\/https:\/\/www.kobo.com\/fr\/fr\/ebook\/punir-et-reparer-en-justice-du-xve-au-xxie-siecle\"  target=\"_blank\" rel=\"noopener noreferrer nofollow\">A voir et \u00e0 lire. <\/a><span><\/span>.}<br \/>\n|{Quand la justice cr\u00e9e l\u2019ins\u00e9curit\u00e9,<a target=\"_blank\" rel=\"nofollow\" href=\"https:\/\/www.tribunal-nature.org\/blog\/goto\/https:\/\/www.kobo.com\/fr\/fr\/ebook\/quand-la-justice-cree-l-insecurite\"  target=\"_blank\" rel=\"noopener noreferrer nofollow\">Ouvrage <\/a><span><\/span>.}<br \/>\n|{Quand les anges tombent,<a target=\"_blank\" rel=\"nofollow\" href=\"https:\/\/www.tribunal-nature.org\/blog\/goto\/https:\/\/booknode.com\/quand_les_anges_tombent_01688854\"  target=\"_blank\" rel=\"noopener noreferrer nofollow\">Le livre <\/a><span><\/span>.}<br \/>\n|{Quelle justice pour la France ?,<a target=\"_blank\" rel=\"nofollow\" href=\"https:\/\/www.tribunal-nature.org\/blog\/goto\/https:\/\/www.kobo.com\/fr\/fr\/ebook\/quelle-justice-pour-la-france\"  target=\"_blank\" rel=\"noopener noreferrer nofollow\">(la couverture) <\/a><span><\/span>.}<br \/>\n|{Quelle justice pour les mineurs ?,<a target=\"_blank\" rel=\"nofollow\" href=\"https:\/\/www.tribunal-nature.org\/blog\/goto\/https:\/\/www.kobo.com\/fr\/fr\/ebook\/quelle-justice-pour-les-mineurs\"  target=\"_blank\" rel=\"noopener noreferrer nofollow\">Le livre <\/a><span><\/span>. Disponible dans toutes les bonnes librairies.}<br \/>\n|{Radioscopie de la justice p\u00e9nale internationale,<a target=\"_blank\" rel=\"nofollow\" href=\"https:\/\/www.tribunal-nature.org\/blog\/goto\/https:\/\/www.kobo.com\/fr\/fr\/ebook\/radioscopie-de-la-justice-penale-internationale\"  target=\"_blank\" rel=\"noopener noreferrer nofollow\">Clicker Ici <\/a><span><\/span>.}<br \/>\n|{R\u00e9former le droit des mineurs d\u00e9linquants,<a target=\"_blank\" rel=\"nofollow\" href=\"https:\/\/www.tribunal-nature.org\/blog\/goto\/https:\/\/www.kobo.com\/fr\/fr\/ebook\/reformer-le-droit-des-mineurs-delinquants\"  target=\"_blank\" rel=\"noopener noreferrer nofollow\">A voir et \u00e0 lire. <\/a><span><\/span>. Disponible sur internet.}<br \/>\n|{R\u00e8gles de la profession d\u2019avocat : 2008-2009,<a target=\"_blank\" rel=\"nofollow\" href=\"https:\/\/www.tribunal-nature.org\/blog\/goto\/https:\/\/booknode.com\/regles_de_la_profession_davocat_2008_2009_038475\"  target=\"_blank\" rel=\"noopener noreferrer nofollow\">Ouvrage <\/a><span><\/span>.}<br \/>\n|{Rendre (la) justice,<a target=\"_blank\" rel=\"nofollow\" href=\"https:\/\/www.tribunal-nature.org\/blog\/goto\/https:\/\/www.kobo.com\/fr\/fr\/ebook\/rendre-la-justice\"  target=\"_blank\" rel=\"noopener noreferrer nofollow\">Le livre <\/a><span><\/span>. Ouvrage de r\u00e9f\u00e9rence.}<br \/>\n|{Rendre justice aux enfants,<a target=\"_blank\" rel=\"nofollow\" href=\"https:\/\/www.tribunal-nature.org\/blog\/goto\/https:\/\/booknode.com\/rendre_justice_aux_enfants_03359363\"  target=\"_blank\" rel=\"noopener noreferrer nofollow\">(la couverture) <\/a><span><\/span>. Disponible \u00e0 l\u2019achat sur les plateformes Amazon, Fnac, Cultura \u2026.}<br \/>\n|{Responsabilit\u00e9 des avocats : civile, disciplinaire, p\u00e9nale,<a target=\"_blank\" rel=\"nofollow\" href=\"https:\/\/www.tribunal-nature.org\/blog\/goto\/https:\/\/booknode.com\/responsabilite_des_avocats_civile_disciplinaire_penale_041870\"  target=\"_blank\" rel=\"noopener noreferrer nofollow\">Le livre <\/a><span><\/span>.}<br \/>\n|{Responsabilit\u00e9 p\u00e9nale et fonction politique,<a target=\"_blank\" rel=\"nofollow\" href=\"https:\/\/www.tribunal-nature.org\/blog\/goto\/https:\/\/booknode.com\/responsabilite_penale_et_fonction_politique_053277\"  target=\"_blank\" rel=\"noopener noreferrer nofollow\">Clicker Ici <\/a><span><\/span>. Disponible dans toutes les bonnes biblioth\u00e8ques de votre d\u00e9partement.}<br \/>\n|{Reste la justice,<a target=\"_blank\" rel=\"nofollow\" href=\"https:\/\/www.tribunal-nature.org\/blog\/goto\/https:\/\/booknode.com\/reste_la_justice_03037443\"  target=\"_blank\" rel=\"noopener noreferrer nofollow\">A voir et \u00e0 lire. <\/a><span><\/span>.}<br \/>\n|{Reste la justice\u2026,<a target=\"_blank\" rel=\"nofollow\" href=\"https:\/\/www.tribunal-nature.org\/blog\/goto\/https:\/\/www.kobo.com\/fr\/fr\/ebook\/reste-la-justice\"  target=\"_blank\" rel=\"noopener noreferrer nofollow\">Ouvrage <\/a><span><\/span>.}<br \/>\n|{Robert Badinter, l\u2019\u00e9preuve de la justice,<a target=\"_blank\" rel=\"nofollow\" href=\"https:\/\/www.tribunal-nature.org\/blog\/goto\/https:\/\/www.kobo.com\/fr\/fr\/ebook\/robert-badinter-l-epreuve-de-la-justice\"  target=\"_blank\" rel=\"noopener noreferrer nofollow\">Le livre <\/a><span><\/span>. Ouvrage de r\u00e9f\u00e9rence.}<br \/>\n|{Saint Louis,<a target=\"_blank\" rel=\"nofollow\" href=\"https:\/\/www.tribunal-nature.org\/blog\/goto\/https:\/\/www.kobo.com\/fr\/fr\/ebook\/saint-louis-un-roi-chretien-a-la-base-de-la-justice-moderne\"  target=\"_blank\" rel=\"noopener noreferrer nofollow\">(la couverture) <\/a><span><\/span>.}<br \/>\n|{S\u00e9curit\u00e9 des syst\u00e8mes informatiques\/S\u00e9curit\u00e9 informatique\/Environnement,<a target=\"_blank\" rel=\"nofollow\" href=\"https:\/\/www.tribunal-nature.org\/blog\/goto\/https:\/\/fr.wikibooks.org\/wiki\/S%C3%A9curit%C3%A9_des_syst%C3%A8mes_informatiques\/S%C3%A9curit%C3%A9_informatique\/Environnement\"  target=\"_blank\" rel=\"noopener noreferrer nofollow\">Le livre <\/a><span><\/span>. Disponible dans toutes les bonnes librairies.}<br \/>\n|{S\u00e9ries t\u00e9l\u00e9 : visions de la justice,<a target=\"_blank\" rel=\"nofollow\" href=\"https:\/\/www.tribunal-nature.org\/blog\/goto\/https:\/\/www.kobo.com\/fr\/fr\/ebook\/series-tele-visions-de-la-justice\"  target=\"_blank\" rel=\"noopener noreferrer nofollow\">Clicker Ici <\/a><span><\/span>. Disponible dans toutes les bonnes biblioth\u00e8ques de votre d\u00e9partement.}<br \/>\n|{S\u2019\u00e9vader, une autre histoire de la justice,<a target=\"_blank\" rel=\"nofollow\" href=\"https:\/\/www.tribunal-nature.org\/blog\/goto\/https:\/\/www.kobo.com\/fr\/fr\/ebook\/s-evader-une-autre-histoire-de-la-justice\"  target=\"_blank\" rel=\"noopener noreferrer nofollow\">A voir et \u00e0 lire. <\/a><span><\/span>. Disponible sur internet.}<br \/>\n|{Sociologie de la d\u00e9linquance et de la justice p\u00e9nale \u2013 Nouvelle \u00e9dition actualis\u00e9e,<a target=\"_blank\" rel=\"nofollow\" href=\"https:\/\/www.tribunal-nature.org\/blog\/goto\/https:\/\/www.kobo.com\/fr\/fr\/ebook\/sociologie-de-la-delinquance-et-de-la-justice-penale-nouvelle-edition-actualisee-3\"  target=\"_blank\" rel=\"noopener noreferrer nofollow\">Ouvrage <\/a><span><\/span>.}<br \/>\n|{Sociologie des institutions\/Les institutions administratives\/La sociologie du conseil d\u2019\u00e9tat,<a target=\"_blank\" rel=\"nofollow\" href=\"https:\/\/www.tribunal-nature.org\/blog\/goto\/https:\/\/fr.wikibooks.org\/wiki\/Sociologie_des_institutions\/Les_institutions_administratives\/La_sociologie_du_conseil_d%27%C3%A9tat\"  target=\"_blank\" rel=\"noopener noreferrer nofollow\">Le livre <\/a><span><\/span>.}<br \/>\n|{Sociologie des institutions\/Les institutions europ\u00e9ennes,<a target=\"_blank\" rel=\"nofollow\" href=\"https:\/\/www.tribunal-nature.org\/blog\/goto\/https:\/\/fr.wikibooks.org\/wiki\/Sociologie_des_institutions\/Les_institutions_europ%C3%A9ennes\"  target=\"_blank\" rel=\"noopener noreferrer nofollow\">(la couverture) <\/a><span><\/span>.}<br \/>\n|{Soit je gagne, soit j\u2019apprends,<a target=\"_blank\" rel=\"nofollow\" href=\"https:\/\/www.tribunal-nature.org\/blog\/goto\/https:\/\/booknode.com\/soit_je_gagne_soit_japprends_03374794\"  target=\"_blank\" rel=\"noopener noreferrer nofollow\">Le livre <\/a><span><\/span>.}<br \/>\n|{Sous le Houx,<a target=\"_blank\" rel=\"nofollow\" href=\"https:\/\/www.tribunal-nature.org\/blog\/goto\/https:\/\/www.kobo.com\/fr\/fr\/ebook\/sous-le-houx\"  target=\"_blank\" rel=\"noopener noreferrer nofollow\">Clicker Ici <\/a><span><\/span>. Disponible dans toutes les bonnes biblioth\u00e8ques de votre d\u00e9partement.}<br \/>\n|{Survivre \u00e0 l\u2019enfer,<a target=\"_blank\" rel=\"nofollow\" href=\"https:\/\/www.tribunal-nature.org\/blog\/goto\/https:\/\/booknode.com\/survivre_a_lenfer_01521165\"  target=\"_blank\" rel=\"noopener noreferrer nofollow\">A voir et \u00e0 lire. <\/a><span><\/span>. Disponible sur internet.}<br \/>\n|{Syst\u00e8mes juridiques communautaires\/L\u2019\u00e9laboration du droit primaire,<a target=\"_blank\" rel=\"nofollow\" href=\"https:\/\/www.tribunal-nature.org\/blog\/goto\/https:\/\/fr.wikibooks.org\/wiki\/Syst%C3%A8mes_juridiques_communautaires\/L%27%C3%A9laboration_du_droit_primaire\"  target=\"_blank\" rel=\"noopener noreferrer nofollow\">Ouvrage <\/a><span><\/span>. A emprunter en biblioth\u00e8que.}<br \/>\n|{Syst\u00e8mes juridiques communautaires\/Les actes de droit d\u00e9riv\u00e9 dans les autres piliers de l\u2019Union europ\u00e9enne,<a target=\"_blank\" rel=\"nofollow\" href=\"https:\/\/www.tribunal-nature.org\/blog\/goto\/https:\/\/fr.wikibooks.org\/wiki\/Syst%C3%A8mes_juridiques_communautaires\/Les_actes_de_droit_d%C3%A9riv%C3%A9_dans_les_autres_piliers_de_l%27Union_europ%C3%A9enne\"  target=\"_blank\" rel=\"noopener noreferrer nofollow\">Le livre <\/a><span><\/span>. Ouvrage de r\u00e9f\u00e9rence.}<br \/>\n|{The Green River Killer,<a target=\"_blank\" rel=\"nofollow\" href=\"https:\/\/www.tribunal-nature.org\/blog\/goto\/https:\/\/booknode.com\/the_green_river_killer_02940934\"  target=\"_blank\" rel=\"noopener noreferrer nofollow\">(la couverture) <\/a><span><\/span>.}<br \/>\n|{Th\u00e9orie de la justice de John Rawls,<a target=\"_blank\" rel=\"nofollow\" href=\"https:\/\/www.tribunal-nature.org\/blog\/goto\/https:\/\/www.kobo.com\/fr\/fr\/ebook\/theorie-de-la-justice-de-john-rawls\"  target=\"_blank\" rel=\"noopener noreferrer nofollow\">Le livre <\/a><span><\/span>.}<br \/>\n|{Trait\u00e9 d \u2018entomologie forensique-les insectes sur la sc\u00e8ne de crime,<a target=\"_blank\" rel=\"nofollow\" href=\"https:\/\/www.tribunal-nature.org\/blog\/goto\/https:\/\/booknode.com\/traite_d_entomologie_forensique_les_insectes_sur_la_scene_de_crime_01283613\"  target=\"_blank\" rel=\"noopener noreferrer nofollow\">Clicker Ici <\/a><span><\/span>.}<br \/>\n|{Ubuntu\/Messagerie,<a target=\"_blank\" rel=\"nofollow\" href=\"https:\/\/www.tribunal-nature.org\/blog\/goto\/https:\/\/fr.wikibooks.org\/wiki\/Ubuntu\/Messagerie\"  target=\"_blank\" rel=\"noopener noreferrer nofollow\">A voir et \u00e0 lire. <\/a><span><\/span>.}<br \/>\n|{Un combat pour la justice,<a target=\"_blank\" rel=\"nofollow\" href=\"https:\/\/www.tribunal-nature.org\/blog\/goto\/https:\/\/www.kobo.com\/fr\/fr\/ebook\/un-combat-pour-la-justice\"  target=\"_blank\" rel=\"noopener noreferrer nofollow\">Ouvrage <\/a><span><\/span>.}<br \/>\n|{Une contestation fran\u00e7aise \u2013 Pour une justice, une politique et une finance au service des citoyens,<a target=\"_blank\" rel=\"nofollow\" href=\"https:\/\/www.tribunal-nature.org\/blog\/goto\/https:\/\/www.kobo.com\/fr\/fr\/ebook\/une-contestation-francaise-pour-une-justice-une-politique-et-une-finance-au-service-des-citoyens-1\"  target=\"_blank\" rel=\"noopener noreferrer nofollow\">Le livre <\/a><span><\/span>.}<br \/>\n|{Une dr\u00f4le de justice,<a target=\"_blank\" rel=\"nofollow\" href=\"https:\/\/www.tribunal-nature.org\/blog\/goto\/https:\/\/www.kobo.com\/fr\/fr\/ebook\/une-drole-de-justice\"  target=\"_blank\" rel=\"noopener noreferrer nofollow\">(la couverture) <\/a><span><\/span>.}<br \/>\n|{Une farouche libert\u00e9,<a target=\"_blank\" rel=\"nofollow\" href=\"https:\/\/www.tribunal-nature.org\/blog\/goto\/https:\/\/booknode.com\/une_farouche_liberte_03362041\"  target=\"_blank\" rel=\"noopener noreferrer nofollow\">Le livre <\/a><span><\/span>.}<br \/>\n|{Une justice \u00e0 la d\u00e9rive,<a target=\"_blank\" rel=\"nofollow\" href=\"https:\/\/www.tribunal-nature.org\/blog\/goto\/https:\/\/www.kobo.com\/fr\/fr\/ebook\/une-justice-a-la-derive\"  target=\"_blank\" rel=\"noopener noreferrer nofollow\">Clicker Ici <\/a><span><\/span>. Disponible dans toutes les bonnes biblioth\u00e8ques de votre d\u00e9partement.}<br \/>\n|{Une justice p\u00e9nale internationale encore \u00e0 venir,<a target=\"_blank\" rel=\"nofollow\" href=\"https:\/\/www.tribunal-nature.org\/blog\/goto\/https:\/\/www.kobo.com\/fr\/fr\/ebook\/une-justice-penale-internationale-encore-a-venir\"  target=\"_blank\" rel=\"noopener noreferrer nofollow\">A voir et \u00e0 lire. <\/a><span><\/span>. Disponible sur internet.}<br \/>\n|{Une Justice politique,<a target=\"_blank\" rel=\"nofollow\" href=\"https:\/\/www.tribunal-nature.org\/blog\/goto\/https:\/\/www.kobo.com\/fr\/fr\/ebook\/une-justice-politique\"  target=\"_blank\" rel=\"noopener noreferrer nofollow\">Ouvrage <\/a><span><\/span>.}<br \/>\n|{Une justice toujours sp\u00e9cialis\u00e9e pour les mineurs ?,<a target=\"_blank\" rel=\"nofollow\" href=\"https:\/\/www.tribunal-nature.org\/blog\/goto\/https:\/\/www.kobo.com\/fr\/fr\/ebook\/une-justice-toujours-specialisee-pour-les-mineurs\"  target=\"_blank\" rel=\"noopener noreferrer nofollow\">Le livre <\/a><span><\/span>. Ouvrage de r\u00e9f\u00e9rence.}<br \/>\n|{Une question de justice,<a target=\"_blank\" rel=\"nofollow\" href=\"https:\/\/www.tribunal-nature.org\/blog\/goto\/https:\/\/www.kobo.com\/fr\/fr\/ebook\/une-question-de-justice\"  target=\"_blank\" rel=\"noopener noreferrer nofollow\">(la couverture) <\/a><span><\/span>.}<br \/>\n|{Une trag\u00e9die am\u00e9ricaine,<a target=\"_blank\" rel=\"nofollow\" href=\"https:\/\/www.tribunal-nature.org\/blog\/goto\/https:\/\/booknode.com\/une_tragedie_americaine_059419\"  target=\"_blank\" rel=\"noopener noreferrer nofollow\">Le livre <\/a><span><\/span>.}<br \/>\n|{Valeurs et justice,<a target=\"_blank\" rel=\"nofollow\" href=\"https:\/\/www.tribunal-nature.org\/blog\/goto\/https:\/\/www.kobo.com\/fr\/fr\/ebook\/valeurs-et-justice\"  target=\"_blank\" rel=\"noopener noreferrer nofollow\">Clicker Ici <\/a><span><\/span>. Disponible dans toutes les bonnes biblioth\u00e8ques de votre d\u00e9partement.}<br \/>\n|{Valeurs et justice,<a target=\"_blank\" rel=\"nofollow\" href=\"https:\/\/www.tribunal-nature.org\/blog\/goto\/https:\/\/www.kobo.com\/fr\/fr\/ebook\/valeurs-et-justice\"  target=\"_blank\" rel=\"noopener noreferrer nofollow\">A voir et \u00e0 lire. <\/a><span><\/span>.}<br \/>\n|{Violences conjugales : faire face et en sortir,<a target=\"_blank\" rel=\"nofollow\" href=\"https:\/\/www.tribunal-nature.org\/blog\/goto\/https:\/\/booknode.com\/violences_conjugales_faire_face_et_en_sortir_0275322\"  target=\"_blank\" rel=\"noopener noreferrer nofollow\">Ouvrage <\/a><span><\/span>.}<br \/>\n|{Vocabulaire anglais-fran\u00e7ais \u00e0 l\u2019intention des apprenants avanc\u00e9s\/J,<a target=\"_blank\" rel=\"nofollow\" href=\"https:\/\/www.tribunal-nature.org\/blog\/goto\/https:\/\/fr.wikibooks.org\/wiki\/Vocabulaire_anglais-fran%C3%A7ais_%C3%A0_l%27intention_des_apprenants_avanc%C3%A9s\/J\"  target=\"_blank\" rel=\"noopener noreferrer nofollow\">Le livre <\/a><span><\/span>.}<br \/>\n|{Vocabulaire anglais-fran\u00e7ais \u00e0 l\u2019intention des apprenants avanc\u00e9s\/K,<a target=\"_blank\" rel=\"nofollow\" href=\"https:\/\/www.tribunal-nature.org\/blog\/goto\/https:\/\/fr.wikibooks.org\/wiki\/Vocabulaire_anglais-fran%C3%A7ais_%C3%A0_l%27intention_des_apprenants_avanc%C3%A9s\/K\"  target=\"_blank\" rel=\"noopener noreferrer nofollow\">(la couverture) <\/a><span><\/span>.}<br \/>\n|{Voies d\u2019ex\u00e9cution,<a target=\"_blank\" rel=\"nofollow\" href=\"https:\/\/www.tribunal-nature.org\/blog\/goto\/https:\/\/booknode.com\/voies_dexecution_048056\"  target=\"_blank\" rel=\"noopener noreferrer nofollow\">Le livre <\/a><span><\/span>. Disponible dans toutes les bonnes librairies.}<br \/>\n|{Voies d\u2019ex\u00e9cution et proc\u00e9dures de distribution 2009,<a target=\"_blank\" rel=\"nofollow\" href=\"https:\/\/www.tribunal-nature.org\/blog\/goto\/https:\/\/booknode.com\/voies_dexecution_et_procedures_de_distribution_2009_045334\"  target=\"_blank\" rel=\"noopener noreferrer nofollow\">Clicker Ici <\/a><span><\/span>.}<br \/>\n|{Vol balistique et missiles balistiques\/R\u00e9flexion sur les armes nucl\u00e9aires,<a target=\"_blank\" rel=\"nofollow\" href=\"https:\/\/www.tribunal-nature.org\/blog\/goto\/https:\/\/fr.wikibooks.org\/wiki\/Vol_balistique_et_missiles_balistiques\/R%C3%A9flexion_sur_les_armes_nucl%C3%A9aires\"  target=\"_blank\" rel=\"noopener noreferrer nofollow\">A voir et \u00e0 lire. <\/a><span><\/span>.}<br \/>\n|{Vous perdez la t\u00eate Elisabeth !,<a target=\"_blank\" rel=\"nofollow\" href=\"https:\/\/www.tribunal-nature.org\/blog\/goto\/https:\/\/booknode.com\/vous_perdez_la_tete_elisabeth_03357711\"  target=\"_blank\" rel=\"noopener noreferrer nofollow\">Ouvrage <\/a><span><\/span>. A emprunter en biblioth\u00e8que.}<br \/>\n|{Wikip\u00e9dia\/D\u00e9couvrir Wikip\u00e9dia\/Principes fondateurs,<a target=\"_blank\" rel=\"nofollow\" href=\"https:\/\/www.tribunal-nature.org\/blog\/goto\/https:\/\/fr.wikibooks.org\/wiki\/Wikip%C3%A9dia\/D%C3%A9couvrir_Wikip%C3%A9dia\/Principes_fondateurs\"  target=\"_blank\" rel=\"noopener noreferrer nofollow\">Le livre <\/a><span><\/span>. Ouvrage de r\u00e9f\u00e9rence.}<br \/>\n|{Zoopolis,<a target=\"_blank\" rel=\"nofollow\" href=\"https:\/\/www.tribunal-nature.org\/blog\/goto\/https:\/\/booknode.com\/zoopolis_02147364\"  target=\"_blank\" rel=\"noopener noreferrer nofollow\">(la couverture) <\/a><span><\/span>. Disponible \u00e0 l\u2019achat sur les plateformes Amazon, Fnac, Cultura \u2026.}<br \/>\n}<\/p>\n<\/div>\n","protected":false},"excerpt":{"rendered":"<p>Sur cette publication, un nouvel article qui va s\u2019additionner \u00e0 notre revue de presse sur \u00ab\u00a0la justice\u00a0\u00bb. Le titre (Rym&#8230;<\/p>\n","protected":false},"author":3,"featured_media":0,"comment_status":"closed","ping_status":"closed","sticky":false,"template":"","format":"standard","meta":{"footnotes":""},"categories":[2],"tags":[],"class_list":["post-1052","post","type-post","status-publish","format-standard","hentry","category-droit-de-lenvironnement","wpcat-2-id"],"yoast_head":"<!-- This site is optimized with the Yoast SEO plugin v27.5 - https:\/\/yoast.com\/product\/yoast-seo-wordpress\/ -->\n<title>Derni\u00e8re actu toute fraiche : Rym Renom remont\u00e9e contre Marwa et son attitude lors de l\u2019anniversaire de sa fille : \u00ab\u00a0Mon avocat prendra\u2026 - TRIBUNAL-NATURE<\/title>\n<meta name=\"description\" content=\"Derni\u00e8re actu toute fraiche : Rym Renom remont\u00e9e contre Marwa et son attitude lors de l\u2019anniversaire de sa fille : \u00ab\u00a0Mon avocat prendra\u2026 article de TRIBUNAL-NATURE\" \/>\n<meta name=\"robots\" content=\"index, follow, max-snippet:-1, max-image-preview:large, max-video-preview:-1\" \/>\n<link rel=\"canonical\" href=\"https:\/\/www.tribunal-nature.org\/blog\/derniere-actu-toute-fraiche-rym-renom-remontee-contre-marwa-et-son-attitude-lors-de-lanniversaire-de-sa-fille-mon-avocat-prendra\/\" \/>\n<meta property=\"og:locale\" content=\"fr_FR\" \/>\n<meta property=\"og:type\" content=\"article\" \/>\n<meta property=\"og:title\" content=\"Derni\u00e8re actu toute fraiche : Rym Renom remont\u00e9e contre Marwa et son attitude lors de l\u2019anniversaire de sa fille : \u00ab\u00a0Mon avocat prendra\u2026 - TRIBUNAL-NATURE\" \/>\n<meta property=\"og:description\" content=\"Derni\u00e8re actu toute fraiche : Rym Renom remont\u00e9e contre Marwa et son attitude lors de l\u2019anniversaire de sa fille : \u00ab\u00a0Mon avocat prendra\u2026 article de TRIBUNAL-NATURE\" \/>\n<meta property=\"og:url\" content=\"https:\/\/www.tribunal-nature.org\/blog\/derniere-actu-toute-fraiche-rym-renom-remontee-contre-marwa-et-son-attitude-lors-de-lanniversaire-de-sa-fille-mon-avocat-prendra\/\" \/>\n<meta property=\"og:site_name\" content=\"TRIBUNAL-NATURE\" \/>\n<meta property=\"article:published_time\" content=\"2024-10-01T08:43:17+00:00\" \/>\n<meta name=\"author\" content=\"Isabelle LOUBEAU\" \/>\n<meta name=\"twitter:card\" content=\"summary_large_image\" \/>\n<meta name=\"twitter:label1\" content=\"\u00c9crit par\" \/>\n\t<meta name=\"twitter:data1\" content=\"Isabelle LOUBEAU\" \/>\n\t<meta name=\"twitter:label2\" content=\"Dur\u00e9e de lecture estim\u00e9e\" \/>\n\t<meta name=\"twitter:data2\" content=\"31 minutes\" \/>\n<script type=\"application\/ld+json\" class=\"yoast-schema-graph\">{\"@context\":\"https:\\\/\\\/schema.org\",\"@graph\":[{\"@type\":\"Article\",\"@id\":\"https:\\\/\\\/www.tribunal-nature.org\\\/blog\\\/derniere-actu-toute-fraiche-rym-renom-remontee-contre-marwa-et-son-attitude-lors-de-lanniversaire-de-sa-fille-mon-avocat-prendra\\\/#article\",\"isPartOf\":{\"@id\":\"https:\\\/\\\/www.tribunal-nature.org\\\/blog\\\/derniere-actu-toute-fraiche-rym-renom-remontee-contre-marwa-et-son-attitude-lors-de-lanniversaire-de-sa-fille-mon-avocat-prendra\\\/\"},\"author\":{\"name\":\"Isabelle LOUBEAU\",\"@id\":\"https:\\\/\\\/www.tribunal-nature.org\\\/blog\\\/#\\\/schema\\\/person\\\/55761caf7544da6b05b60523f2a0855f\"},\"headline\":\"Derni\u00e8re actu toute fraiche : Rym Renom remont\u00e9e contre Marwa et son attitude lors de l\u2019anniversaire de sa fille : \u00ab\u00a0Mon avocat prendra\u2026\",\"datePublished\":\"2024-10-01T08:43:17+00:00\",\"mainEntityOfPage\":{\"@id\":\"https:\\\/\\\/www.tribunal-nature.org\\\/blog\\\/derniere-actu-toute-fraiche-rym-renom-remontee-contre-marwa-et-son-attitude-lors-de-lanniversaire-de-sa-fille-mon-avocat-prendra\\\/\"},\"wordCount\":6275,\"publisher\":{\"@id\":\"https:\\\/\\\/www.tribunal-nature.org\\\/blog\\\/#organization\"},\"articleSection\":[\"Droit De L'Environnement:\"],\"inLanguage\":\"fr-FR\"},{\"@type\":\"WebPage\",\"@id\":\"https:\\\/\\\/www.tribunal-nature.org\\\/blog\\\/derniere-actu-toute-fraiche-rym-renom-remontee-contre-marwa-et-son-attitude-lors-de-lanniversaire-de-sa-fille-mon-avocat-prendra\\\/\",\"url\":\"https:\\\/\\\/www.tribunal-nature.org\\\/blog\\\/derniere-actu-toute-fraiche-rym-renom-remontee-contre-marwa-et-son-attitude-lors-de-lanniversaire-de-sa-fille-mon-avocat-prendra\\\/\",\"name\":\"Derni\u00e8re actu toute fraiche : Rym Renom remont\u00e9e contre Marwa et son attitude lors de l\u2019anniversaire de sa fille : \u00ab\u00a0Mon avocat prendra\u2026 - TRIBUNAL-NATURE\",\"isPartOf\":{\"@id\":\"https:\\\/\\\/www.tribunal-nature.org\\\/blog\\\/#website\"},\"datePublished\":\"2024-10-01T08:43:17+00:00\",\"description\":\"Derni\u00e8re actu toute fraiche : Rym Renom remont\u00e9e contre Marwa et son attitude lors de l\u2019anniversaire de sa fille : \u00ab\u00a0Mon avocat prendra\u2026 article de TRIBUNAL-NATURE\",\"breadcrumb\":{\"@id\":\"https:\\\/\\\/www.tribunal-nature.org\\\/blog\\\/derniere-actu-toute-fraiche-rym-renom-remontee-contre-marwa-et-son-attitude-lors-de-lanniversaire-de-sa-fille-mon-avocat-prendra\\\/#breadcrumb\"},\"inLanguage\":\"fr-FR\",\"potentialAction\":[{\"@type\":\"ReadAction\",\"target\":[\"https:\\\/\\\/www.tribunal-nature.org\\\/blog\\\/derniere-actu-toute-fraiche-rym-renom-remontee-contre-marwa-et-son-attitude-lors-de-lanniversaire-de-sa-fille-mon-avocat-prendra\\\/\"]}]},{\"@type\":\"BreadcrumbList\",\"@id\":\"https:\\\/\\\/www.tribunal-nature.org\\\/blog\\\/derniere-actu-toute-fraiche-rym-renom-remontee-contre-marwa-et-son-attitude-lors-de-lanniversaire-de-sa-fille-mon-avocat-prendra\\\/#breadcrumb\",\"itemListElement\":[{\"@type\":\"ListItem\",\"position\":1,\"name\":\"Accueil\",\"item\":\"https:\\\/\\\/www.tribunal-nature.org\\\/blog\\\/\"},{\"@type\":\"ListItem\",\"position\":2,\"name\":\"Derni\u00e8re actu toute fraiche : Rym Renom remont\u00e9e contre Marwa et son attitude lors de l\u2019anniversaire de sa fille : \u00ab\u00a0Mon avocat prendra\u2026\"}]},{\"@type\":\"WebSite\",\"@id\":\"https:\\\/\\\/www.tribunal-nature.org\\\/blog\\\/#website\",\"url\":\"https:\\\/\\\/www.tribunal-nature.org\\\/blog\\\/\",\"name\":\"TRIBUNAL-NATURE\",\"description\":\"Droit De L&#039;Environnement.\",\"publisher\":{\"@id\":\"https:\\\/\\\/www.tribunal-nature.org\\\/blog\\\/#organization\"},\"potentialAction\":[{\"@type\":\"SearchAction\",\"target\":{\"@type\":\"EntryPoint\",\"urlTemplate\":\"https:\\\/\\\/www.tribunal-nature.org\\\/blog\\\/?s={search_term_string}\"},\"query-input\":{\"@type\":\"PropertyValueSpecification\",\"valueRequired\":true,\"valueName\":\"search_term_string\"}}],\"inLanguage\":\"fr-FR\"},{\"@type\":\"Organization\",\"@id\":\"https:\\\/\\\/www.tribunal-nature.org\\\/blog\\\/#organization\",\"name\":\"tribunal-nature\",\"url\":\"https:\\\/\\\/www.tribunal-nature.org\\\/blog\\\/\",\"logo\":{\"@type\":\"ImageObject\",\"inLanguage\":\"fr-FR\",\"@id\":\"https:\\\/\\\/www.tribunal-nature.org\\\/blog\\\/#\\\/schema\\\/logo\\\/image\\\/\",\"url\":\"https:\\\/\\\/www.tribunal-nature.org\\\/blog\\\/wp-content\\\/uploads\\\/2022\\\/05\\\/logo-2.png\",\"contentUrl\":\"https:\\\/\\\/www.tribunal-nature.org\\\/blog\\\/wp-content\\\/uploads\\\/2022\\\/05\\\/logo-2.png\",\"width\":180,\"height\":180,\"caption\":\"tribunal-nature\"},\"image\":{\"@id\":\"https:\\\/\\\/www.tribunal-nature.org\\\/blog\\\/#\\\/schema\\\/logo\\\/image\\\/\"}},{\"@type\":\"Person\",\"@id\":\"https:\\\/\\\/www.tribunal-nature.org\\\/blog\\\/#\\\/schema\\\/person\\\/55761caf7544da6b05b60523f2a0855f\",\"name\":\"Isabelle LOUBEAU\",\"image\":{\"@type\":\"ImageObject\",\"inLanguage\":\"fr-FR\",\"@id\":\"https:\\\/\\\/secure.gravatar.com\\\/avatar\\\/b6912620aca78633bf5d50400888815d3b38a1118e82b94050843f411f3f5972?s=96&d=mm&r=g\",\"url\":\"https:\\\/\\\/secure.gravatar.com\\\/avatar\\\/b6912620aca78633bf5d50400888815d3b38a1118e82b94050843f411f3f5972?s=96&d=mm&r=g\",\"contentUrl\":\"https:\\\/\\\/secure.gravatar.com\\\/avatar\\\/b6912620aca78633bf5d50400888815d3b38a1118e82b94050843f411f3f5972?s=96&d=mm&r=g\",\"caption\":\"Isabelle LOUBEAU\"},\"url\":\"https:\\\/\\\/www.tribunal-nature.org\\\/blog\\\/author\\\/ureisabelle\\\/\"}]}<\/script>\n<!-- \/ Yoast SEO plugin. -->","yoast_head_json":{"title":"Derni\u00e8re actu toute fraiche : Rym Renom remont\u00e9e contre Marwa et son attitude lors de l\u2019anniversaire de sa fille : \u00ab\u00a0Mon avocat prendra\u2026 - TRIBUNAL-NATURE","description":"Derni\u00e8re actu toute fraiche : Rym Renom remont\u00e9e contre Marwa et son attitude lors de l\u2019anniversaire de sa fille : \u00ab\u00a0Mon avocat prendra\u2026 article de TRIBUNAL-NATURE","robots":{"index":"index","follow":"follow","max-snippet":"max-snippet:-1","max-image-preview":"max-image-preview:large","max-video-preview":"max-video-preview:-1"},"canonical":"https:\/\/www.tribunal-nature.org\/blog\/derniere-actu-toute-fraiche-rym-renom-remontee-contre-marwa-et-son-attitude-lors-de-lanniversaire-de-sa-fille-mon-avocat-prendra\/","og_locale":"fr_FR","og_type":"article","og_title":"Derni\u00e8re actu toute fraiche : Rym Renom remont\u00e9e contre Marwa et son attitude lors de l\u2019anniversaire de sa fille : \u00ab\u00a0Mon avocat prendra\u2026 - TRIBUNAL-NATURE","og_description":"Derni\u00e8re actu toute fraiche : Rym Renom remont\u00e9e contre Marwa et son attitude lors de l\u2019anniversaire de sa fille : \u00ab\u00a0Mon avocat prendra\u2026 article de TRIBUNAL-NATURE","og_url":"https:\/\/www.tribunal-nature.org\/blog\/derniere-actu-toute-fraiche-rym-renom-remontee-contre-marwa-et-son-attitude-lors-de-lanniversaire-de-sa-fille-mon-avocat-prendra\/","og_site_name":"TRIBUNAL-NATURE","article_published_time":"2024-10-01T08:43:17+00:00","author":"Isabelle LOUBEAU","twitter_card":"summary_large_image","twitter_misc":{"\u00c9crit par":"Isabelle LOUBEAU","Dur\u00e9e de lecture estim\u00e9e":"31 minutes"},"schema":{"@context":"https:\/\/schema.org","@graph":[{"@type":"Article","@id":"https:\/\/www.tribunal-nature.org\/blog\/derniere-actu-toute-fraiche-rym-renom-remontee-contre-marwa-et-son-attitude-lors-de-lanniversaire-de-sa-fille-mon-avocat-prendra\/#article","isPartOf":{"@id":"https:\/\/www.tribunal-nature.org\/blog\/derniere-actu-toute-fraiche-rym-renom-remontee-contre-marwa-et-son-attitude-lors-de-lanniversaire-de-sa-fille-mon-avocat-prendra\/"},"author":{"name":"Isabelle LOUBEAU","@id":"https:\/\/www.tribunal-nature.org\/blog\/#\/schema\/person\/55761caf7544da6b05b60523f2a0855f"},"headline":"Derni\u00e8re actu toute fraiche : Rym Renom remont\u00e9e contre Marwa et son attitude lors de l\u2019anniversaire de sa fille : \u00ab\u00a0Mon avocat prendra\u2026","datePublished":"2024-10-01T08:43:17+00:00","mainEntityOfPage":{"@id":"https:\/\/www.tribunal-nature.org\/blog\/derniere-actu-toute-fraiche-rym-renom-remontee-contre-marwa-et-son-attitude-lors-de-lanniversaire-de-sa-fille-mon-avocat-prendra\/"},"wordCount":6275,"publisher":{"@id":"https:\/\/www.tribunal-nature.org\/blog\/#organization"},"articleSection":["Droit De L'Environnement:"],"inLanguage":"fr-FR"},{"@type":"WebPage","@id":"https:\/\/www.tribunal-nature.org\/blog\/derniere-actu-toute-fraiche-rym-renom-remontee-contre-marwa-et-son-attitude-lors-de-lanniversaire-de-sa-fille-mon-avocat-prendra\/","url":"https:\/\/www.tribunal-nature.org\/blog\/derniere-actu-toute-fraiche-rym-renom-remontee-contre-marwa-et-son-attitude-lors-de-lanniversaire-de-sa-fille-mon-avocat-prendra\/","name":"Derni\u00e8re actu toute fraiche : Rym Renom remont\u00e9e contre Marwa et son attitude lors de l\u2019anniversaire de sa fille : \u00ab\u00a0Mon avocat prendra\u2026 - TRIBUNAL-NATURE","isPartOf":{"@id":"https:\/\/www.tribunal-nature.org\/blog\/#website"},"datePublished":"2024-10-01T08:43:17+00:00","description":"Derni\u00e8re actu toute fraiche : Rym Renom remont\u00e9e contre Marwa et son attitude lors de l\u2019anniversaire de sa fille : \u00ab\u00a0Mon avocat prendra\u2026 article de TRIBUNAL-NATURE","breadcrumb":{"@id":"https:\/\/www.tribunal-nature.org\/blog\/derniere-actu-toute-fraiche-rym-renom-remontee-contre-marwa-et-son-attitude-lors-de-lanniversaire-de-sa-fille-mon-avocat-prendra\/#breadcrumb"},"inLanguage":"fr-FR","potentialAction":[{"@type":"ReadAction","target":["https:\/\/www.tribunal-nature.org\/blog\/derniere-actu-toute-fraiche-rym-renom-remontee-contre-marwa-et-son-attitude-lors-de-lanniversaire-de-sa-fille-mon-avocat-prendra\/"]}]},{"@type":"BreadcrumbList","@id":"https:\/\/www.tribunal-nature.org\/blog\/derniere-actu-toute-fraiche-rym-renom-remontee-contre-marwa-et-son-attitude-lors-de-lanniversaire-de-sa-fille-mon-avocat-prendra\/#breadcrumb","itemListElement":[{"@type":"ListItem","position":1,"name":"Accueil","item":"https:\/\/www.tribunal-nature.org\/blog\/"},{"@type":"ListItem","position":2,"name":"Derni\u00e8re actu toute fraiche : Rym Renom remont\u00e9e contre Marwa et son attitude lors de l\u2019anniversaire de sa fille : \u00ab\u00a0Mon avocat prendra\u2026"}]},{"@type":"WebSite","@id":"https:\/\/www.tribunal-nature.org\/blog\/#website","url":"https:\/\/www.tribunal-nature.org\/blog\/","name":"TRIBUNAL-NATURE","description":"Droit De L&#039;Environnement.","publisher":{"@id":"https:\/\/www.tribunal-nature.org\/blog\/#organization"},"potentialAction":[{"@type":"SearchAction","target":{"@type":"EntryPoint","urlTemplate":"https:\/\/www.tribunal-nature.org\/blog\/?s={search_term_string}"},"query-input":{"@type":"PropertyValueSpecification","valueRequired":true,"valueName":"search_term_string"}}],"inLanguage":"fr-FR"},{"@type":"Organization","@id":"https:\/\/www.tribunal-nature.org\/blog\/#organization","name":"tribunal-nature","url":"https:\/\/www.tribunal-nature.org\/blog\/","logo":{"@type":"ImageObject","inLanguage":"fr-FR","@id":"https:\/\/www.tribunal-nature.org\/blog\/#\/schema\/logo\/image\/","url":"https:\/\/www.tribunal-nature.org\/blog\/wp-content\/uploads\/2022\/05\/logo-2.png","contentUrl":"https:\/\/www.tribunal-nature.org\/blog\/wp-content\/uploads\/2022\/05\/logo-2.png","width":180,"height":180,"caption":"tribunal-nature"},"image":{"@id":"https:\/\/www.tribunal-nature.org\/blog\/#\/schema\/logo\/image\/"}},{"@type":"Person","@id":"https:\/\/www.tribunal-nature.org\/blog\/#\/schema\/person\/55761caf7544da6b05b60523f2a0855f","name":"Isabelle LOUBEAU","image":{"@type":"ImageObject","inLanguage":"fr-FR","@id":"https:\/\/secure.gravatar.com\/avatar\/b6912620aca78633bf5d50400888815d3b38a1118e82b94050843f411f3f5972?s=96&d=mm&r=g","url":"https:\/\/secure.gravatar.com\/avatar\/b6912620aca78633bf5d50400888815d3b38a1118e82b94050843f411f3f5972?s=96&d=mm&r=g","contentUrl":"https:\/\/secure.gravatar.com\/avatar\/b6912620aca78633bf5d50400888815d3b38a1118e82b94050843f411f3f5972?s=96&d=mm&r=g","caption":"Isabelle LOUBEAU"},"url":"https:\/\/www.tribunal-nature.org\/blog\/author\/ureisabelle\/"}]}},"_links":{"self":[{"href":"https:\/\/www.tribunal-nature.org\/blog\/wp-json\/wp\/v2\/posts\/1052","targetHints":{"allow":["GET"]}}],"collection":[{"href":"https:\/\/www.tribunal-nature.org\/blog\/wp-json\/wp\/v2\/posts"}],"about":[{"href":"https:\/\/www.tribunal-nature.org\/blog\/wp-json\/wp\/v2\/types\/post"}],"author":[{"embeddable":true,"href":"https:\/\/www.tribunal-nature.org\/blog\/wp-json\/wp\/v2\/users\/3"}],"replies":[{"embeddable":true,"href":"https:\/\/www.tribunal-nature.org\/blog\/wp-json\/wp\/v2\/comments?post=1052"}],"version-history":[{"count":0,"href":"https:\/\/www.tribunal-nature.org\/blog\/wp-json\/wp\/v2\/posts\/1052\/revisions"}],"wp:attachment":[{"href":"https:\/\/www.tribunal-nature.org\/blog\/wp-json\/wp\/v2\/media?parent=1052"}],"wp:term":[{"taxonomy":"category","embeddable":true,"href":"https:\/\/www.tribunal-nature.org\/blog\/wp-json\/wp\/v2\/categories?post=1052"},{"taxonomy":"post_tag","embeddable":true,"href":"https:\/\/www.tribunal-nature.org\/blog\/wp-json\/wp\/v2\/tags?post=1052"}],"curies":[{"name":"wp","href":"https:\/\/api.w.org\/{rel}","templated":true}]}}